{"id":720,"date":"2021-04-07T16:16:00","date_gmt":"2021-04-07T14:16:00","guid":{"rendered":"https:\/\/www.ringier.com\/?p=720"},"modified":"2024-11-14T14:14:27","modified_gmt":"2024-11-14T13:14:27","slug":"blick-romandie-startet-auf-social-media-und-praesentiert-das-komplette-team","status":"publish","type":"post","link":"https:\/\/www.ringier.com\/de\/blick-romandie-startet-auf-social-media-und-praesentiert-das-komplette-team\/","title":{"rendered":"Blick Romandie startet auf Social Media und pr\u00e4sentiert das komplette Team"},"content":{"rendered":"\n<p>Die franz\u00f6sischsprachige Ausgabe von Blick.ch ist ab sofort auf Youtube, Twitter, Instagram und Facebook pr\u00e4sent und setzt dort prim\u00e4r auf Videos sowie weitere Inhalte, die speziell f\u00fcr die sozialen Netzwerke erstellt werden. Die Westschweizer Redaktion ver\u00f6ffentlicht regelm\u00e4ssig diverse Video-Serien, die von den Video-Spezialistinnen und -Spezialisten des \u00abCreative Lab\u00bb produziert werden. Sie wird zudem direkt in Kontakt mit ihren Abonnentinnen und Abonnenten treten und insbesondere \u00fcber Twitter und Instagram den Austausch mit den Journalistinnen und Journalisten f\u00f6rdern. Ziel ist, bis zum Start des neuen Online-Angebots am 1. Juni eine Community aufzubauen und mit ihr zu interagieren.<\/p>\n\n\n\n<p>\u00abDer Social Launch bietet uns die Gelegenheit, eine erste Verbindung mit unseren Nutzerinnen und Nutzern herzustellen und damit die Basis f\u00fcr die franz\u00f6sischsprachige Gemeinschaft von Blick in der Romandie zu legen\u00bb, sagt Thomas Del\u00e9chat, Product Owner von Blick.ch in der Westschweiz und Leiter des \u00abCreative Lab\u00bb. \u00abDamit wir Inhalte anbieten k\u00f6nnen, die eigens auf die sozialen Kan\u00e4le zugeschnitten sind, arbeiten unsere Journalistinnen eng mit unseren Digital-Experten zusammen. Mit der Lancierung unseres w\u00f6chentlichen Newsletters \u2039Off Pol\u2019\u203a machen wir zudem den ersten Schritt in Richtung thematisches Newsletter-Angebot, das von unserer Digital &amp; Audience Managerin C\u00e9line P\u00e9tremand vorangetrieben wird.\u00bb<\/p>\n\n\n\n<p>Der erste, kostenlose Newsletter \u00abOff Pol\u2019\u00bb beleuchtet ab dem 13. April jeden Dienstag politische Themen aus der Romandie, angereichert mit News aus dem nationalen politischen Geschehen. Geleitet wird \u00abOff Pol\u2019\u00bb von Redaktor Adrien Schnarrenberger. <\/p>\n\n\n\n<p>Bis zum offiziellen Start der neuen News-Plattform in der Westschweiz am 1. Juni vereint&nbsp;eine eigens f\u00fcr den Countdown aufgesetzte Seite&nbsp;die sozialen Kan\u00e4le und das Newsletter-Angebot. Erstmals wird dort&nbsp;das komplette, 20-k\u00f6pfige Team vorgestellt, das sich am Standort Lausanne in die drei Bereiche \u00abInvestigative Lab\u00bb, \u00abEditing Lab\u00bb und \u00abCreative Lab\u00bb gliedert. \u00abWir haben ein starkes Team aufgebaut und es freut uns ganz besonders, dass wir genauso viele Frauen wie M\u00e4nner f\u00fcr uns begeistern konnten\u00bb, so Michel Jeanneret, Chefredaktor von Blick.ch in der Romandie. \u00abGemeinsam werden wir Blick zu einer starken Stimme in der Suisse Romande machen.\u00bb<\/p>\n\n\n\n<p>Werbeauftraggeber und Agenturen finden auf der Countdown-Seite auch die Ansprechpersonen von Ringier Advertising, die f\u00fcr die Vermarktung von Blick in der Westschweiz verantwortlich zeichnet.<\/p>\n\n\n\n<p>Ringier AG, Corporate Communications<\/p>\n","protected":false},"excerpt":{"rendered":"<p>Das Westschweizer Pendant von Blick.ch ist ab heute Mittwoch, 7. April, auf Youtube, Twitter, Instagram und Facebook aktiv. Die Nutzerinnen und Nutzer haben zudem die M\u00f6glichkeit, sich f\u00fcr einen ersten w\u00f6chentlichen Newsletter mit Fokus auf Politik anzumelden. Bis zur Lancierung der neuen News-Plattform in der Romandie am 1. Juni sind die sozialen Kan\u00e4le und das Newsletter-Angebot mit einer eigens f\u00fcr den Countdown aufgesetzten Webseite verkn\u00fcpft, die das 20-k\u00f6pfige Team am Standort Lausanne vorstellt.<\/p>\n","protected":false},"author":7,"featured_media":721,"comment_status":"closed","ping_status":"open","sticky":false,"template":"","format":"standard","meta":{"inline_featured_image":false,"footnotes":""},"categories":[371,361],"tags":[],"class_list":["post-720","post","type-post","status-publish","format-standard","has-post-thumbnail","hentry","category-media-de","category-ringier-medien-schweiz"],"yoast_head":"<!-- This site is optimized with the Yoast SEO Premium plugin v27.0 (Yoast SEO v27.0) - https:\/\/yoast.com\/product\/yoast-seo-premium-wordpress\/ -->\n<title>Blick Romandie startet auf Social Media und pr\u00e4sentiert das komplette Team - Ringier<\/title>\n<meta name=\"robots\" content=\"index, follow, max-snippet:-1, max-image-preview:large, max-video-preview:-1\" \/>\n<link rel=\"canonical\" href=\"https:\/\/www.ringier.com\/de\/blick-romandie-startet-auf-social-media-und-praesentiert-das-komplette-team\/\" \/>\n<meta property=\"og:locale\" content=\"de_DE\" \/>\n<meta property=\"og:type\" content=\"article\" \/>\n<meta property=\"og:title\" content=\"Blick Romandie startet auf Social Media und pr\u00e4sentiert das komplette Team\" \/>\n<meta property=\"og:description\" content=\"Das Westschweizer Pendant von Blick.ch ist ab heute Mittwoch, 7. April, auf Youtube, Twitter, Instagram und Facebook aktiv. Die Nutzerinnen und Nutzer haben zudem die M\u00f6glichkeit, sich f\u00fcr einen ersten w\u00f6chentlichen Newsletter mit Fokus auf Politik anzumelden. Bis zur Lancierung der neuen News-Plattform in der Romandie am 1. Juni sind die sozialen Kan\u00e4le und das Newsletter-Angebot mit einer eigens f\u00fcr den Countdown aufgesetzten Webseite verkn\u00fcpft, die das 20-k\u00f6pfige Team am Standort Lausanne vorstellt.\" \/>\n<meta property=\"og:url\" content=\"https:\/\/www.ringier.com\/de\/blick-romandie-startet-auf-social-media-und-praesentiert-das-komplette-team\/\" \/>\n<meta property=\"og:site_name\" content=\"Ringier\" \/>\n<meta property=\"article:publisher\" content=\"https:\/\/www.facebook.com\/ringierag\/\" \/>\n<meta property=\"article:published_time\" content=\"2021-04-07T14:16:00+00:00\" \/>\n<meta property=\"article:modified_time\" content=\"2024-11-14T13:14:27+00:00\" \/>\n<meta property=\"og:image\" content=\"https:\/\/www.ringier.com\/wp-content\/uploads\/2021\/08\/Team-Blick-Romandie.jpeg\" \/>\n\t<meta property=\"og:image:width\" content=\"1940\" \/>\n\t<meta property=\"og:image:height\" content=\"1300\" \/>\n\t<meta property=\"og:image:type\" content=\"image\/jpeg\" \/>\n<meta name=\"author\" content=\"Marc Liniger\" \/>\n<meta name=\"twitter:card\" content=\"summary_large_image\" \/>\n<meta name=\"twitter:creator\" content=\"@ringier_ag\" \/>\n<meta name=\"twitter:site\" content=\"@ringier_ag\" \/>\n<meta name=\"twitter:label1\" content=\"Verfasst von\" \/>\n\t<meta name=\"twitter:data1\" content=\"Marc Liniger\" \/>\n\t<meta name=\"twitter:label2\" content=\"Gesch\u00e4tzte Lesezeit\" \/>\n\t<meta name=\"twitter:data2\" content=\"3 Minuten\" \/>\n<script type=\"application\/ld+json\" class=\"yoast-schema-graph\">{\"@context\":\"https:\/\/schema.org\",\"@graph\":[{\"@type\":\"Article\",\"@id\":\"https:\/\/www.ringier.com\/de\/blick-romandie-startet-auf-social-media-und-praesentiert-das-komplette-team\/#article\",\"isPartOf\":{\"@id\":\"https:\/\/www.ringier.com\/de\/blick-romandie-startet-auf-social-media-und-praesentiert-das-komplette-team\/\"},\"author\":{\"name\":\"Marc Liniger\",\"@id\":\"https:\/\/www.ringier.com\/de\/#\/schema\/person\/1e03be3d98efb061d1ca29fef411db66\"},\"headline\":\"Blick Romandie startet auf Social Media und pr\u00e4sentiert das komplette Team\",\"datePublished\":\"2021-04-07T14:16:00+00:00\",\"dateModified\":\"2024-11-14T13:14:27+00:00\",\"mainEntityOfPage\":{\"@id\":\"https:\/\/www.ringier.com\/de\/blick-romandie-startet-auf-social-media-und-praesentiert-das-komplette-team\/\"},\"wordCount\":386,\"publisher\":{\"@id\":\"https:\/\/www.ringier.com\/de\/#organization\"},\"image\":{\"@id\":\"https:\/\/www.ringier.com\/de\/blick-romandie-startet-auf-social-media-und-praesentiert-das-komplette-team\/#primaryimage\"},\"thumbnailUrl\":\"https:\/\/www.ringier.com\/wp-content\/uploads\/2021\/08\/Team-Blick-Romandie.jpeg\",\"articleSection\":[\"Media\",\"Ringier Medien Schweiz\"],\"inLanguage\":\"de-DE\"},{\"@type\":\"WebPage\",\"@id\":\"https:\/\/www.ringier.com\/de\/blick-romandie-startet-auf-social-media-und-praesentiert-das-komplette-team\/\",\"url\":\"https:\/\/www.ringier.com\/de\/blick-romandie-startet-auf-social-media-und-praesentiert-das-komplette-team\/\",\"name\":\"Blick Romandie startet auf Social Media und pr\u00e4sentiert das komplette Team - Ringier\",\"isPartOf\":{\"@id\":\"https:\/\/www.ringier.com\/de\/#website\"},\"primaryImageOfPage\":{\"@id\":\"https:\/\/www.ringier.com\/de\/blick-romandie-startet-auf-social-media-und-praesentiert-das-komplette-team\/#primaryimage\"},\"image\":{\"@id\":\"https:\/\/www.ringier.com\/de\/blick-romandie-startet-auf-social-media-und-praesentiert-das-komplette-team\/#primaryimage\"},\"thumbnailUrl\":\"https:\/\/www.ringier.com\/wp-content\/uploads\/2021\/08\/Team-Blick-Romandie.jpeg\",\"datePublished\":\"2021-04-07T14:16:00+00:00\",\"dateModified\":\"2024-11-14T13:14:27+00:00\",\"breadcrumb\":{\"@id\":\"https:\/\/www.ringier.com\/de\/blick-romandie-startet-auf-social-media-und-praesentiert-das-komplette-team\/#breadcrumb\"},\"inLanguage\":\"de-DE\",\"potentialAction\":[{\"@type\":\"ReadAction\",\"target\":[\"https:\/\/www.ringier.com\/de\/blick-romandie-startet-auf-social-media-und-praesentiert-das-komplette-team\/\"]}]},{\"@type\":\"ImageObject\",\"inLanguage\":\"de-DE\",\"@id\":\"https:\/\/www.ringier.com\/de\/blick-romandie-startet-auf-social-media-und-praesentiert-das-komplette-team\/#primaryimage\",\"url\":\"https:\/\/www.ringier.com\/wp-content\/uploads\/2021\/08\/Team-Blick-Romandie.jpeg\",\"contentUrl\":\"https:\/\/www.ringier.com\/wp-content\/uploads\/2021\/08\/Team-Blick-Romandie.jpeg\",\"width\":1940,\"height\":1300},{\"@type\":\"BreadcrumbList\",\"@id\":\"https:\/\/www.ringier.com\/de\/blick-romandie-startet-auf-social-media-und-praesentiert-das-komplette-team\/#breadcrumb\",\"itemListElement\":[{\"@type\":\"ListItem\",\"position\":1,\"name\":\"Home\",\"item\":\"https:\/\/www.ringier.com\/de\/\"},{\"@type\":\"ListItem\",\"position\":2,\"name\":\"Blick Romandie startet auf Social Media und pr\u00e4sentiert das komplette Team\"}]},{\"@type\":\"WebSite\",\"@id\":\"https:\/\/www.ringier.com\/de\/#website\",\"url\":\"https:\/\/www.ringier.com\/de\/\",\"name\":\"Ringier\",\"description\":\"We inform. We entertain. We connect\",\"publisher\":{\"@id\":\"https:\/\/www.ringier.com\/de\/#organization\"},\"potentialAction\":[{\"@type\":\"SearchAction\",\"target\":{\"@type\":\"EntryPoint\",\"urlTemplate\":\"https:\/\/www.ringier.com\/de\/?s={search_term_string}\"},\"query-input\":{\"@type\":\"PropertyValueSpecification\",\"valueRequired\":true,\"valueName\":\"search_term_string\"}}],\"inLanguage\":\"de-DE\"},{\"@type\":\"Organization\",\"@id\":\"https:\/\/www.ringier.com\/de\/#organization\",\"name\":\"Ringier\",\"url\":\"https:\/\/www.ringier.com\/de\/\",\"logo\":{\"@type\":\"ImageObject\",\"inLanguage\":\"de-DE\",\"@id\":\"https:\/\/www.ringier.com\/de\/#\/schema\/logo\/image\/\",\"url\":\"https:\/\/www.ringier.com\/wp-content\/uploads\/2021\/10\/ringier_logo_2.jpg\",\"contentUrl\":\"https:\/\/www.ringier.com\/wp-content\/uploads\/2021\/10\/ringier_logo_2.jpg\",\"width\":750,\"height\":550,\"caption\":\"Ringier\"},\"image\":{\"@id\":\"https:\/\/www.ringier.com\/de\/#\/schema\/logo\/image\/\"},\"sameAs\":[\"https:\/\/www.facebook.com\/ringierag\/\",\"https:\/\/x.com\/ringier_ag\",\"https:\/\/www.instagram.com\/ringier_ag\/\",\"https:\/\/www.linkedin.com\/company\/ringier\/\",\"https:\/\/www.youtube.com\/user\/RingierComm\",\"https:\/\/en.wikipedia.org\/wiki\/Ringier\",\"https:\/\/de.wikipedia.org\/wiki\/Ringier\",\"https:\/\/fr.wikipedia.org\/wiki\/Ringier\",\"https:\/\/www.crunchbase.com\/organization\/ringier-ag\"]},{\"@type\":\"Person\",\"@id\":\"https:\/\/www.ringier.com\/de\/#\/schema\/person\/1e03be3d98efb061d1ca29fef411db66\",\"name\":\"Marc Liniger\",\"image\":{\"@type\":\"ImageObject\",\"inLanguage\":\"de-DE\",\"@id\":\"https:\/\/www.ringier.com\/de\/#\/schema\/person\/image\/\",\"url\":\"https:\/\/secure.gravatar.com\/avatar\/8d184da6aa7bdcc4d1a251ecaf713aa707e2a4c24b859c6360b2b31b83c1020e?s=96&d=mm&r=g\",\"contentUrl\":\"https:\/\/secure.gravatar.com\/avatar\/8d184da6aa7bdcc4d1a251ecaf713aa707e2a4c24b859c6360b2b31b83c1020e?s=96&d=mm&r=g\",\"caption\":\"Marc Liniger\"},\"sameAs\":[\"https:\/\/www.ringier.com\"]}]}<\/script>\n<!-- \/ Yoast SEO Premium plugin. -->","yoast_head_json":{"title":"Blick Romandie startet auf Social Media und pr\u00e4sentiert das komplette Team - Ringier","robots":{"index":"index","follow":"follow","max-snippet":"max-snippet:-1","max-image-preview":"max-image-preview:large","max-video-preview":"max-video-preview:-1"},"canonical":"https:\/\/www.ringier.com\/de\/blick-romandie-startet-auf-social-media-und-praesentiert-das-komplette-team\/","og_locale":"de_DE","og_type":"article","og_title":"Blick Romandie startet auf Social Media und pr\u00e4sentiert das komplette Team","og_description":"Das Westschweizer Pendant von Blick.ch ist ab heute Mittwoch, 7. April, auf Youtube, Twitter, Instagram und Facebook aktiv. Die Nutzerinnen und Nutzer haben zudem die M\u00f6glichkeit, sich f\u00fcr einen ersten w\u00f6chentlichen Newsletter mit Fokus auf Politik anzumelden. Bis zur Lancierung der neuen News-Plattform in der Romandie am 1. Juni sind die sozialen Kan\u00e4le und das Newsletter-Angebot mit einer eigens f\u00fcr den Countdown aufgesetzten Webseite verkn\u00fcpft, die das 20-k\u00f6pfige Team am Standort Lausanne vorstellt.","og_url":"https:\/\/www.ringier.com\/de\/blick-romandie-startet-auf-social-media-und-praesentiert-das-komplette-team\/","og_site_name":"Ringier","article_publisher":"https:\/\/www.facebook.com\/ringierag\/","article_published_time":"2021-04-07T14:16:00+00:00","article_modified_time":"2024-11-14T13:14:27+00:00","og_image":[{"width":1940,"height":1300,"url":"https:\/\/www.ringier.com\/wp-content\/uploads\/2021\/08\/Team-Blick-Romandie.jpeg","type":"image\/jpeg"}],"author":"Marc Liniger","twitter_card":"summary_large_image","twitter_creator":"@ringier_ag","twitter_site":"@ringier_ag","twitter_misc":{"Verfasst von":"Marc Liniger","Gesch\u00e4tzte Lesezeit":"3 Minuten"},"schema":{"@context":"https:\/\/schema.org","@graph":[{"@type":"Article","@id":"https:\/\/www.ringier.com\/de\/blick-romandie-startet-auf-social-media-und-praesentiert-das-komplette-team\/#article","isPartOf":{"@id":"https:\/\/www.ringier.com\/de\/blick-romandie-startet-auf-social-media-und-praesentiert-das-komplette-team\/"},"author":{"name":"Marc Liniger","@id":"https:\/\/www.ringier.com\/de\/#\/schema\/person\/1e03be3d98efb061d1ca29fef411db66"},"headline":"Blick Romandie startet auf Social Media und pr\u00e4sentiert das komplette Team","datePublished":"2021-04-07T14:16:00+00:00","dateModified":"2024-11-14T13:14:27+00:00","mainEntityOfPage":{"@id":"https:\/\/www.ringier.com\/de\/blick-romandie-startet-auf-social-media-und-praesentiert-das-komplette-team\/"},"wordCount":386,"publisher":{"@id":"https:\/\/www.ringier.com\/de\/#organization"},"image":{"@id":"https:\/\/www.ringier.com\/de\/blick-romandie-startet-auf-social-media-und-praesentiert-das-komplette-team\/#primaryimage"},"thumbnailUrl":"https:\/\/www.ringier.com\/wp-content\/uploads\/2021\/08\/Team-Blick-Romandie.jpeg","articleSection":["Media","Ringier Medien Schweiz"],"inLanguage":"de-DE"},{"@type":"WebPage","@id":"https:\/\/www.ringier.com\/de\/blick-romandie-startet-auf-social-media-und-praesentiert-das-komplette-team\/","url":"https:\/\/www.ringier.com\/de\/blick-romandie-startet-auf-social-media-und-praesentiert-das-komplette-team\/","name":"Blick Romandie startet auf Social Media und pr\u00e4sentiert das komplette Team - Ringier","isPartOf":{"@id":"https:\/\/www.ringier.com\/de\/#website"},"primaryImageOfPage":{"@id":"https:\/\/www.ringier.com\/de\/blick-romandie-startet-auf-social-media-und-praesentiert-das-komplette-team\/#primaryimage"},"image":{"@id":"https:\/\/www.ringier.com\/de\/blick-romandie-startet-auf-social-media-und-praesentiert-das-komplette-team\/#primaryimage"},"thumbnailUrl":"https:\/\/www.ringier.com\/wp-content\/uploads\/2021\/08\/Team-Blick-Romandie.jpeg","datePublished":"2021-04-07T14:16:00+00:00","dateModified":"2024-11-14T13:14:27+00:00","breadcrumb":{"@id":"https:\/\/www.ringier.com\/de\/blick-romandie-startet-auf-social-media-und-praesentiert-das-komplette-team\/#breadcrumb"},"inLanguage":"de-DE","potentialAction":[{"@type":"ReadAction","target":["https:\/\/www.ringier.com\/de\/blick-romandie-startet-auf-social-media-und-praesentiert-das-komplette-team\/"]}]},{"@type":"ImageObject","inLanguage":"de-DE","@id":"https:\/\/www.ringier.com\/de\/blick-romandie-startet-auf-social-media-und-praesentiert-das-komplette-team\/#primaryimage","url":"https:\/\/www.ringier.com\/wp-content\/uploads\/2021\/08\/Team-Blick-Romandie.jpeg","contentUrl":"https:\/\/www.ringier.com\/wp-content\/uploads\/2021\/08\/Team-Blick-Romandie.jpeg","width":1940,"height":1300},{"@type":"BreadcrumbList","@id":"https:\/\/www.ringier.com\/de\/blick-romandie-startet-auf-social-media-und-praesentiert-das-komplette-team\/#breadcrumb","itemListElement":[{"@type":"ListItem","position":1,"name":"Home","item":"https:\/\/www.ringier.com\/de\/"},{"@type":"ListItem","position":2,"name":"Blick Romandie startet auf Social Media und pr\u00e4sentiert das komplette Team"}]},{"@type":"WebSite","@id":"https:\/\/www.ringier.com\/de\/#website","url":"https:\/\/www.ringier.com\/de\/","name":"Ringier","description":"We inform. We entertain. We connect","publisher":{"@id":"https:\/\/www.ringier.com\/de\/#organization"},"potentialAction":[{"@type":"SearchAction","target":{"@type":"EntryPoint","urlTemplate":"https:\/\/www.ringier.com\/de\/?s={search_term_string}"},"query-input":{"@type":"PropertyValueSpecification","valueRequired":true,"valueName":"search_term_string"}}],"inLanguage":"de-DE"},{"@type":"Organization","@id":"https:\/\/www.ringier.com\/de\/#organization","name":"Ringier","url":"https:\/\/www.ringier.com\/de\/","logo":{"@type":"ImageObject","inLanguage":"de-DE","@id":"https:\/\/www.ringier.com\/de\/#\/schema\/logo\/image\/","url":"https:\/\/www.ringier.com\/wp-content\/uploads\/2021\/10\/ringier_logo_2.jpg","contentUrl":"https:\/\/www.ringier.com\/wp-content\/uploads\/2021\/10\/ringier_logo_2.jpg","width":750,"height":550,"caption":"Ringier"},"image":{"@id":"https:\/\/www.ringier.com\/de\/#\/schema\/logo\/image\/"},"sameAs":["https:\/\/www.facebook.com\/ringierag\/","https:\/\/x.com\/ringier_ag","https:\/\/www.instagram.com\/ringier_ag\/","https:\/\/www.linkedin.com\/company\/ringier\/","https:\/\/www.youtube.com\/user\/RingierComm","https:\/\/en.wikipedia.org\/wiki\/Ringier","https:\/\/de.wikipedia.org\/wiki\/Ringier","https:\/\/fr.wikipedia.org\/wiki\/Ringier","https:\/\/www.crunchbase.com\/organization\/ringier-ag"]},{"@type":"Person","@id":"https:\/\/www.ringier.com\/de\/#\/schema\/person\/1e03be3d98efb061d1ca29fef411db66","name":"Marc Liniger","image":{"@type":"ImageObject","inLanguage":"de-DE","@id":"https:\/\/www.ringier.com\/de\/#\/schema\/person\/image\/","url":"https:\/\/secure.gravatar.com\/avatar\/8d184da6aa7bdcc4d1a251ecaf713aa707e2a4c24b859c6360b2b31b83c1020e?s=96&d=mm&r=g","contentUrl":"https:\/\/secure.gravatar.com\/avatar\/8d184da6aa7bdcc4d1a251ecaf713aa707e2a4c24b859c6360b2b31b83c1020e?s=96&d=mm&r=g","caption":"Marc Liniger"},"sameAs":["https:\/\/www.ringier.com"]}]}},"_links":{"self":[{"href":"https:\/\/www.ringier.com\/de\/wp-json\/wp\/v2\/posts\/720","targetHints":{"allow":["GET"]}}],"collection":[{"href":"https:\/\/www.ringier.com\/de\/wp-json\/wp\/v2\/posts"}],"about":[{"href":"https:\/\/www.ringier.com\/de\/wp-json\/wp\/v2\/types\/post"}],"author":[{"embeddable":true,"href":"https:\/\/www.ringier.com\/de\/wp-json\/wp\/v2\/users\/7"}],"replies":[{"embeddable":true,"href":"https:\/\/www.ringier.com\/de\/wp-json\/wp\/v2\/comments?post=720"}],"version-history":[{"count":0,"href":"https:\/\/www.ringier.com\/de\/wp-json\/wp\/v2\/posts\/720\/revisions"}],"wp:featuredmedia":[{"embeddable":true,"href":"https:\/\/www.ringier.com\/de\/wp-json\/wp\/v2\/media\/721"}],"wp:attachment":[{"href":"https:\/\/www.ringier.com\/de\/wp-json\/wp\/v2\/media?parent=720"}],"wp:term":[{"taxonomy":"category","embeddable":true,"href":"https:\/\/www.ringier.com\/de\/wp-json\/wp\/v2\/categories?post=720"},{"taxonomy":"post_tag","embeddable":true,"href":"https:\/\/www.ringier.com\/de\/wp-json\/wp\/v2\/tags?post=720"}],"curies":[{"name":"wp","href":"https:\/\/api.w.org\/{rel}","templated":true}]}}