{"id":7160,"date":"2010-12-20T19:30:00","date_gmt":"2010-12-20T18:30:00","guid":{"rendered":"https:\/\/www.ringier.com\/?p=7160"},"modified":"2021-09-22T19:37:05","modified_gmt":"2021-09-22T17:37:05","slug":"neue-redaktionsleiterin-fuer-das-magazin-des-sonntagsblick","status":"publish","type":"post","link":"https:\/\/www.ringier.com\/de\/neue-redaktionsleiterin-fuer-das-magazin-des-sonntagsblick\/","title":{"rendered":"Neue Redaktionsleiterin f\u00fcr das Magazin des SonntagsBlick"},"content":{"rendered":"\n<p>Janine Urech begann ihre journalistische Karriere im Hause Ringier, absolvierte die Ringier-Journalistenschule und war von 1996 bis 2003 als Reporterin, Stellvertretende Ressortleiterin und zuletzt als Leiterin des Ressorts Unterhaltung beim Blick t\u00e4tig. Danach wechselte sie zur Annabelle als Lifestyle-Chefin und wirkte dort zuletzt als Stellvertretende Chefredaktorin und Lifestyle-Chefin.\u00a0\u00a0<\/p>\n\n\n\n<p>Per Fr\u00fchjahr 2011 \u00fcbernimmt sie neu die Leitung des Magazins des SonntagsBlicks und wird damit Nachfolgerin von Marcel Maerz, der das Magazin seit Mai 2005 leitete. Marcel Maerz wechselt nach Berlin zu Ringier Deutschland, wo er den Bereich Corporate Publishing aufbauen wird.\u00a0\u00a0<\/p>\n\n\n\n<p>Gleichzeitig \u00fcbernimmt Janine Urech im Doppelmandat neu auch die Leitung des Ressorts Lifestyle im Newsroom der Blick-Gruppe. Zwischen Magazin und Lifestyle-Ressort gab es schon bislang eine lockere Zusammenarbeit. Caroline Thoma, Gesch\u00e4ftsf\u00fchrerin der Blick-Gruppe, will mit diesem Schritt das Magazin noch st\u00e4rker in den Newsroom integrieren. Thoma dazu: \u00abWir wollen die Synergien zwischen den beiden Teams so besser nutzen und das journalistische Potential optimal zum Tragen bringen. Janine Urech ist eine versierte Vollblut-Lifestyle-Journalistin, sie kennt das Haus bestens und ist somit die ideale Besetzung f\u00fcr diese wichtige F\u00fchrungsfunktion.\u00bb\u00a0\u00a0<\/p>\n\n\n\n<p>Roland Gr\u00fcter, seit Start des Newsrooms im Fr\u00fchjahr 2010 Leiter des Ressorts Lifestyle, wird im Fr\u00fchling 2011 Leiter Publishing Service der Blick-Gruppe.\u00a0\u00a0<\/p>\n\n\n\n<p>Das Magazin ist eine w\u00f6chentliche Beilage des SonntagsBlick und weist aktuell 496&#8217;000 Leserinnen und Leser aus.\u00a0\u00a0<\/p>\n\n\n\n<p>Kommunikation Ringier Schweiz<\/p>\n","protected":false},"excerpt":{"rendered":"<p>Z\u00fcrich: <\/p>\n<p>Das Magazin des SonntagsBlick bekommt eine neue Redaktionsleiterin: Janine Urech \u00fcbernimmt im Fr\u00fchjahr 2011 die Leitung des Magazins &#8211; und wird gleichzeitig auch neue Leiterin des Ressorts Lifestyle im Newsroom der Blick-Gruppe.<\/p>\n","protected":false},"author":23,"featured_media":5763,"comment_status":"closed","ping_status":"open","sticky":false,"template":"","format":"standard","meta":{"inline_featured_image":false,"footnotes":""},"categories":[3],"tags":[],"class_list":["post-7160","post","type-post","status-publish","format-standard","has-post-thumbnail","hentry","category-unkategorisiert"],"yoast_head":"<!-- This site is optimized with the Yoast SEO Premium plugin v27.0 (Yoast SEO v27.0) - https:\/\/yoast.com\/product\/yoast-seo-premium-wordpress\/ -->\n<title>Neue Redaktionsleiterin f\u00fcr das Magazin des SonntagsBlick - Ringier<\/title>\n<meta name=\"robots\" content=\"index, follow, max-snippet:-1, max-image-preview:large, max-video-preview:-1\" \/>\n<link rel=\"canonical\" href=\"https:\/\/www.ringier.com\/de\/neue-redaktionsleiterin-fuer-das-magazin-des-sonntagsblick\/\" \/>\n<meta property=\"og:locale\" content=\"de_DE\" \/>\n<meta property=\"og:type\" content=\"article\" \/>\n<meta property=\"og:title\" content=\"Neue Redaktionsleiterin f\u00fcr das Magazin des SonntagsBlick\" \/>\n<meta property=\"og:description\" content=\"Z\u00fcrich:  Das Magazin des SonntagsBlick bekommt eine neue Redaktionsleiterin: Janine Urech \u00fcbernimmt im Fr\u00fchjahr 2011 die Leitung des Magazins - und wird gleichzeitig auch neue Leiterin des Ressorts Lifestyle im Newsroom der Blick-Gruppe.\" \/>\n<meta property=\"og:url\" content=\"https:\/\/www.ringier.com\/de\/neue-redaktionsleiterin-fuer-das-magazin-des-sonntagsblick\/\" \/>\n<meta property=\"og:site_name\" content=\"Ringier\" \/>\n<meta property=\"article:publisher\" content=\"https:\/\/www.facebook.com\/ringierag\/\" \/>\n<meta property=\"article:published_time\" content=\"2010-12-20T18:30:00+00:00\" \/>\n<meta property=\"article:modified_time\" content=\"2021-09-22T17:37:05+00:00\" \/>\n<meta property=\"og:image\" content=\"https:\/\/www.ringier.com\/wp-content\/uploads\/2013\/03\/Press-Release-Default-1024x538.png\" \/>\n\t<meta property=\"og:image:width\" content=\"1024\" \/>\n\t<meta property=\"og:image:height\" content=\"538\" \/>\n\t<meta property=\"og:image:type\" content=\"image\/png\" \/>\n<meta name=\"author\" content=\"Ringier Corporate Communications\" \/>\n<meta name=\"twitter:card\" content=\"summary_large_image\" \/>\n<meta name=\"twitter:creator\" content=\"@ringier_ag\" \/>\n<meta name=\"twitter:site\" content=\"@ringier_ag\" \/>\n<meta name=\"twitter:label1\" content=\"Verfasst von\" \/>\n\t<meta name=\"twitter:data1\" content=\"Ringier Corporate Communications\" \/>\n\t<meta name=\"twitter:label2\" content=\"Gesch\u00e4tzte Lesezeit\" \/>\n\t<meta name=\"twitter:data2\" content=\"1 Minute\" \/>\n<script type=\"application\/ld+json\" class=\"yoast-schema-graph\">{\"@context\":\"https:\/\/schema.org\",\"@graph\":[{\"@type\":\"Article\",\"@id\":\"https:\/\/www.ringier.com\/de\/neue-redaktionsleiterin-fuer-das-magazin-des-sonntagsblick\/#article\",\"isPartOf\":{\"@id\":\"https:\/\/www.ringier.com\/de\/neue-redaktionsleiterin-fuer-das-magazin-des-sonntagsblick\/\"},\"author\":{\"name\":\"Ringier Corporate Communications\",\"@id\":\"https:\/\/www.ringier.com\/de\/#\/schema\/person\/4cf76a308dc4b2bb5121bd1e7b752e52\"},\"headline\":\"Neue Redaktionsleiterin f\u00fcr das Magazin des SonntagsBlick\",\"datePublished\":\"2010-12-20T18:30:00+00:00\",\"dateModified\":\"2021-09-22T17:37:05+00:00\",\"mainEntityOfPage\":{\"@id\":\"https:\/\/www.ringier.com\/de\/neue-redaktionsleiterin-fuer-das-magazin-des-sonntagsblick\/\"},\"wordCount\":230,\"publisher\":{\"@id\":\"https:\/\/www.ringier.com\/de\/#organization\"},\"image\":{\"@id\":\"https:\/\/www.ringier.com\/de\/neue-redaktionsleiterin-fuer-das-magazin-des-sonntagsblick\/#primaryimage\"},\"thumbnailUrl\":\"https:\/\/www.ringier.com\/wp-content\/uploads\/2013\/03\/Press-Release-Default.png\",\"articleSection\":[\"Unkategorisiert\"],\"inLanguage\":\"de-DE\"},{\"@type\":\"WebPage\",\"@id\":\"https:\/\/www.ringier.com\/de\/neue-redaktionsleiterin-fuer-das-magazin-des-sonntagsblick\/\",\"url\":\"https:\/\/www.ringier.com\/de\/neue-redaktionsleiterin-fuer-das-magazin-des-sonntagsblick\/\",\"name\":\"Neue Redaktionsleiterin f\u00fcr das Magazin des SonntagsBlick - Ringier\",\"isPartOf\":{\"@id\":\"https:\/\/www.ringier.com\/de\/#website\"},\"primaryImageOfPage\":{\"@id\":\"https:\/\/www.ringier.com\/de\/neue-redaktionsleiterin-fuer-das-magazin-des-sonntagsblick\/#primaryimage\"},\"image\":{\"@id\":\"https:\/\/www.ringier.com\/de\/neue-redaktionsleiterin-fuer-das-magazin-des-sonntagsblick\/#primaryimage\"},\"thumbnailUrl\":\"https:\/\/www.ringier.com\/wp-content\/uploads\/2013\/03\/Press-Release-Default.png\",\"datePublished\":\"2010-12-20T18:30:00+00:00\",\"dateModified\":\"2021-09-22T17:37:05+00:00\",\"breadcrumb\":{\"@id\":\"https:\/\/www.ringier.com\/de\/neue-redaktionsleiterin-fuer-das-magazin-des-sonntagsblick\/#breadcrumb\"},\"inLanguage\":\"de-DE\",\"potentialAction\":[{\"@type\":\"ReadAction\",\"target\":[\"https:\/\/www.ringier.com\/de\/neue-redaktionsleiterin-fuer-das-magazin-des-sonntagsblick\/\"]}]},{\"@type\":\"ImageObject\",\"inLanguage\":\"de-DE\",\"@id\":\"https:\/\/www.ringier.com\/de\/neue-redaktionsleiterin-fuer-das-magazin-des-sonntagsblick\/#primaryimage\",\"url\":\"https:\/\/www.ringier.com\/wp-content\/uploads\/2013\/03\/Press-Release-Default.png\",\"contentUrl\":\"https:\/\/www.ringier.com\/wp-content\/uploads\/2013\/03\/Press-Release-Default.png\",\"width\":8001,\"height\":4201},{\"@type\":\"BreadcrumbList\",\"@id\":\"https:\/\/www.ringier.com\/de\/neue-redaktionsleiterin-fuer-das-magazin-des-sonntagsblick\/#breadcrumb\",\"itemListElement\":[{\"@type\":\"ListItem\",\"position\":1,\"name\":\"Home\",\"item\":\"https:\/\/www.ringier.com\/de\/\"},{\"@type\":\"ListItem\",\"position\":2,\"name\":\"Neue Redaktionsleiterin f\u00fcr das Magazin des SonntagsBlick\"}]},{\"@type\":\"WebSite\",\"@id\":\"https:\/\/www.ringier.com\/de\/#website\",\"url\":\"https:\/\/www.ringier.com\/de\/\",\"name\":\"Ringier\",\"description\":\"We inform. We entertain. We connect\",\"publisher\":{\"@id\":\"https:\/\/www.ringier.com\/de\/#organization\"},\"potentialAction\":[{\"@type\":\"SearchAction\",\"target\":{\"@type\":\"EntryPoint\",\"urlTemplate\":\"https:\/\/www.ringier.com\/de\/?s={search_term_string}\"},\"query-input\":{\"@type\":\"PropertyValueSpecification\",\"valueRequired\":true,\"valueName\":\"search_term_string\"}}],\"inLanguage\":\"de-DE\"},{\"@type\":\"Organization\",\"@id\":\"https:\/\/www.ringier.com\/de\/#organization\",\"name\":\"Ringier\",\"url\":\"https:\/\/www.ringier.com\/de\/\",\"logo\":{\"@type\":\"ImageObject\",\"inLanguage\":\"de-DE\",\"@id\":\"https:\/\/www.ringier.com\/de\/#\/schema\/logo\/image\/\",\"url\":\"https:\/\/www.ringier.com\/wp-content\/uploads\/2021\/10\/ringier_logo_2.jpg\",\"contentUrl\":\"https:\/\/www.ringier.com\/wp-content\/uploads\/2021\/10\/ringier_logo_2.jpg\",\"width\":750,\"height\":550,\"caption\":\"Ringier\"},\"image\":{\"@id\":\"https:\/\/www.ringier.com\/de\/#\/schema\/logo\/image\/\"},\"sameAs\":[\"https:\/\/www.facebook.com\/ringierag\/\",\"https:\/\/x.com\/ringier_ag\",\"https:\/\/www.instagram.com\/ringier_ag\/\",\"https:\/\/www.linkedin.com\/company\/ringier\/\",\"https:\/\/www.youtube.com\/user\/RingierComm\",\"https:\/\/en.wikipedia.org\/wiki\/Ringier\",\"https:\/\/de.wikipedia.org\/wiki\/Ringier\",\"https:\/\/fr.wikipedia.org\/wiki\/Ringier\",\"https:\/\/www.crunchbase.com\/organization\/ringier-ag\"]},{\"@type\":\"Person\",\"@id\":\"https:\/\/www.ringier.com\/de\/#\/schema\/person\/4cf76a308dc4b2bb5121bd1e7b752e52\",\"name\":\"Ringier Corporate Communications\",\"image\":{\"@type\":\"ImageObject\",\"inLanguage\":\"de-DE\",\"@id\":\"https:\/\/www.ringier.com\/de\/#\/schema\/person\/image\/\",\"url\":\"https:\/\/secure.gravatar.com\/avatar\/9391e20481368d5df4fe3e1e476c13b27786347489822ec1ed07e532bb41f587?s=96&d=mm&r=g\",\"contentUrl\":\"https:\/\/secure.gravatar.com\/avatar\/9391e20481368d5df4fe3e1e476c13b27786347489822ec1ed07e532bb41f587?s=96&d=mm&r=g\",\"caption\":\"Ringier Corporate Communications\"},\"sameAs\":[\"https:\/\/www.ringier.com\"]}]}<\/script>\n<!-- \/ Yoast SEO Premium plugin. -->","yoast_head_json":{"title":"Neue Redaktionsleiterin f\u00fcr das Magazin des SonntagsBlick - Ringier","robots":{"index":"index","follow":"follow","max-snippet":"max-snippet:-1","max-image-preview":"max-image-preview:large","max-video-preview":"max-video-preview:-1"},"canonical":"https:\/\/www.ringier.com\/de\/neue-redaktionsleiterin-fuer-das-magazin-des-sonntagsblick\/","og_locale":"de_DE","og_type":"article","og_title":"Neue Redaktionsleiterin f\u00fcr das Magazin des SonntagsBlick","og_description":"Z\u00fcrich:  Das Magazin des SonntagsBlick bekommt eine neue Redaktionsleiterin: Janine Urech \u00fcbernimmt im Fr\u00fchjahr 2011 die Leitung des Magazins - und wird gleichzeitig auch neue Leiterin des Ressorts Lifestyle im Newsroom der Blick-Gruppe.","og_url":"https:\/\/www.ringier.com\/de\/neue-redaktionsleiterin-fuer-das-magazin-des-sonntagsblick\/","og_site_name":"Ringier","article_publisher":"https:\/\/www.facebook.com\/ringierag\/","article_published_time":"2010-12-20T18:30:00+00:00","article_modified_time":"2021-09-22T17:37:05+00:00","og_image":[{"width":1024,"height":538,"url":"https:\/\/www.ringier.com\/wp-content\/uploads\/2013\/03\/Press-Release-Default-1024x538.png","type":"image\/png"}],"author":"Ringier Corporate Communications","twitter_card":"summary_large_image","twitter_creator":"@ringier_ag","twitter_site":"@ringier_ag","twitter_misc":{"Verfasst von":"Ringier Corporate Communications","Gesch\u00e4tzte Lesezeit":"1 Minute"},"schema":{"@context":"https:\/\/schema.org","@graph":[{"@type":"Article","@id":"https:\/\/www.ringier.com\/de\/neue-redaktionsleiterin-fuer-das-magazin-des-sonntagsblick\/#article","isPartOf":{"@id":"https:\/\/www.ringier.com\/de\/neue-redaktionsleiterin-fuer-das-magazin-des-sonntagsblick\/"},"author":{"name":"Ringier Corporate Communications","@id":"https:\/\/www.ringier.com\/de\/#\/schema\/person\/4cf76a308dc4b2bb5121bd1e7b752e52"},"headline":"Neue Redaktionsleiterin f\u00fcr das Magazin des SonntagsBlick","datePublished":"2010-12-20T18:30:00+00:00","dateModified":"2021-09-22T17:37:05+00:00","mainEntityOfPage":{"@id":"https:\/\/www.ringier.com\/de\/neue-redaktionsleiterin-fuer-das-magazin-des-sonntagsblick\/"},"wordCount":230,"publisher":{"@id":"https:\/\/www.ringier.com\/de\/#organization"},"image":{"@id":"https:\/\/www.ringier.com\/de\/neue-redaktionsleiterin-fuer-das-magazin-des-sonntagsblick\/#primaryimage"},"thumbnailUrl":"https:\/\/www.ringier.com\/wp-content\/uploads\/2013\/03\/Press-Release-Default.png","articleSection":["Unkategorisiert"],"inLanguage":"de-DE"},{"@type":"WebPage","@id":"https:\/\/www.ringier.com\/de\/neue-redaktionsleiterin-fuer-das-magazin-des-sonntagsblick\/","url":"https:\/\/www.ringier.com\/de\/neue-redaktionsleiterin-fuer-das-magazin-des-sonntagsblick\/","name":"Neue Redaktionsleiterin f\u00fcr das Magazin des SonntagsBlick - Ringier","isPartOf":{"@id":"https:\/\/www.ringier.com\/de\/#website"},"primaryImageOfPage":{"@id":"https:\/\/www.ringier.com\/de\/neue-redaktionsleiterin-fuer-das-magazin-des-sonntagsblick\/#primaryimage"},"image":{"@id":"https:\/\/www.ringier.com\/de\/neue-redaktionsleiterin-fuer-das-magazin-des-sonntagsblick\/#primaryimage"},"thumbnailUrl":"https:\/\/www.ringier.com\/wp-content\/uploads\/2013\/03\/Press-Release-Default.png","datePublished":"2010-12-20T18:30:00+00:00","dateModified":"2021-09-22T17:37:05+00:00","breadcrumb":{"@id":"https:\/\/www.ringier.com\/de\/neue-redaktionsleiterin-fuer-das-magazin-des-sonntagsblick\/#breadcrumb"},"inLanguage":"de-DE","potentialAction":[{"@type":"ReadAction","target":["https:\/\/www.ringier.com\/de\/neue-redaktionsleiterin-fuer-das-magazin-des-sonntagsblick\/"]}]},{"@type":"ImageObject","inLanguage":"de-DE","@id":"https:\/\/www.ringier.com\/de\/neue-redaktionsleiterin-fuer-das-magazin-des-sonntagsblick\/#primaryimage","url":"https:\/\/www.ringier.com\/wp-content\/uploads\/2013\/03\/Press-Release-Default.png","contentUrl":"https:\/\/www.ringier.com\/wp-content\/uploads\/2013\/03\/Press-Release-Default.png","width":8001,"height":4201},{"@type":"BreadcrumbList","@id":"https:\/\/www.ringier.com\/de\/neue-redaktionsleiterin-fuer-das-magazin-des-sonntagsblick\/#breadcrumb","itemListElement":[{"@type":"ListItem","position":1,"name":"Home","item":"https:\/\/www.ringier.com\/de\/"},{"@type":"ListItem","position":2,"name":"Neue Redaktionsleiterin f\u00fcr das Magazin des SonntagsBlick"}]},{"@type":"WebSite","@id":"https:\/\/www.ringier.com\/de\/#website","url":"https:\/\/www.ringier.com\/de\/","name":"Ringier","description":"We inform. We entertain. We connect","publisher":{"@id":"https:\/\/www.ringier.com\/de\/#organization"},"potentialAction":[{"@type":"SearchAction","target":{"@type":"EntryPoint","urlTemplate":"https:\/\/www.ringier.com\/de\/?s={search_term_string}"},"query-input":{"@type":"PropertyValueSpecification","valueRequired":true,"valueName":"search_term_string"}}],"inLanguage":"de-DE"},{"@type":"Organization","@id":"https:\/\/www.ringier.com\/de\/#organization","name":"Ringier","url":"https:\/\/www.ringier.com\/de\/","logo":{"@type":"ImageObject","inLanguage":"de-DE","@id":"https:\/\/www.ringier.com\/de\/#\/schema\/logo\/image\/","url":"https:\/\/www.ringier.com\/wp-content\/uploads\/2021\/10\/ringier_logo_2.jpg","contentUrl":"https:\/\/www.ringier.com\/wp-content\/uploads\/2021\/10\/ringier_logo_2.jpg","width":750,"height":550,"caption":"Ringier"},"image":{"@id":"https:\/\/www.ringier.com\/de\/#\/schema\/logo\/image\/"},"sameAs":["https:\/\/www.facebook.com\/ringierag\/","https:\/\/x.com\/ringier_ag","https:\/\/www.instagram.com\/ringier_ag\/","https:\/\/www.linkedin.com\/company\/ringier\/","https:\/\/www.youtube.com\/user\/RingierComm","https:\/\/en.wikipedia.org\/wiki\/Ringier","https:\/\/de.wikipedia.org\/wiki\/Ringier","https:\/\/fr.wikipedia.org\/wiki\/Ringier","https:\/\/www.crunchbase.com\/organization\/ringier-ag"]},{"@type":"Person","@id":"https:\/\/www.ringier.com\/de\/#\/schema\/person\/4cf76a308dc4b2bb5121bd1e7b752e52","name":"Ringier Corporate Communications","image":{"@type":"ImageObject","inLanguage":"de-DE","@id":"https:\/\/www.ringier.com\/de\/#\/schema\/person\/image\/","url":"https:\/\/secure.gravatar.com\/avatar\/9391e20481368d5df4fe3e1e476c13b27786347489822ec1ed07e532bb41f587?s=96&d=mm&r=g","contentUrl":"https:\/\/secure.gravatar.com\/avatar\/9391e20481368d5df4fe3e1e476c13b27786347489822ec1ed07e532bb41f587?s=96&d=mm&r=g","caption":"Ringier Corporate Communications"},"sameAs":["https:\/\/www.ringier.com"]}]}},"_links":{"self":[{"href":"https:\/\/www.ringier.com\/de\/wp-json\/wp\/v2\/posts\/7160","targetHints":{"allow":["GET"]}}],"collection":[{"href":"https:\/\/www.ringier.com\/de\/wp-json\/wp\/v2\/posts"}],"about":[{"href":"https:\/\/www.ringier.com\/de\/wp-json\/wp\/v2\/types\/post"}],"author":[{"embeddable":true,"href":"https:\/\/www.ringier.com\/de\/wp-json\/wp\/v2\/users\/23"}],"replies":[{"embeddable":true,"href":"https:\/\/www.ringier.com\/de\/wp-json\/wp\/v2\/comments?post=7160"}],"version-history":[{"count":0,"href":"https:\/\/www.ringier.com\/de\/wp-json\/wp\/v2\/posts\/7160\/revisions"}],"wp:featuredmedia":[{"embeddable":true,"href":"https:\/\/www.ringier.com\/de\/wp-json\/wp\/v2\/media\/5763"}],"wp:attachment":[{"href":"https:\/\/www.ringier.com\/de\/wp-json\/wp\/v2\/media?parent=7160"}],"wp:term":[{"taxonomy":"category","embeddable":true,"href":"https:\/\/www.ringier.com\/de\/wp-json\/wp\/v2\/categories?post=7160"},{"taxonomy":"post_tag","embeddable":true,"href":"https:\/\/www.ringier.com\/de\/wp-json\/wp\/v2\/tags?post=7160"}],"curies":[{"name":"wp","href":"https:\/\/api.w.org\/{rel}","templated":true}]}}