{"id":7118,"date":"2011-01-26T18:53:00","date_gmt":"2011-01-26T17:53:00","guid":{"rendered":"https:\/\/www.ringier.com\/?p=7118"},"modified":"2021-09-22T18:56:47","modified_gmt":"2021-09-22T16:56:47","slug":"michael-perricone-wird-neuer-polit-chef-der-blick-gruppe","status":"publish","type":"post","link":"https:\/\/www.ringier.com\/de\/michael-perricone-wird-neuer-polit-chef-der-blick-gruppe\/","title":{"rendered":"Michael Perricone wird neuer Polit-Chef der Blick-Gruppe"},"content":{"rendered":"\n<p>Michael Perricone begann 1991 seine journalistische Laufbahn als Co-Leiter der Z\u00fcrcher Jugendzeitung Toaster und wechselte 1995 ins Gr\u00fcndungsteam der Jugendbeilage Ernst des Tages-Anzeiger. Als VJ und Produzent arbeitete er ab 1997 drei Jahre bei TeleZ\u00fcri\/Tele24 und ein Jahr als Ausgabeleiter der Newsgef\u00e4sse beider Sender. Ab 2002 arbeitete er f\u00fcr zwei Jahre beim Kassensturz und war danach w\u00e4hrend sechs Jahren Reporter bei 10vor10. Seit dem 1.12.2009 ist Perricone Stellvertretender Chefredaktor des Blick am Abend. Er wird seine neue Funktion sp\u00e4testens anfangs M\u00e4rz 2011 \u00fcbernehmen.\u00a0<\/p>\n\n\n\n<p>Mit Michael Perricone hat die Blick-Gruppe einen versierten und in verschiedenen Medien-Gattungen erfahrenen Journalisten als neuen Polit-Chef verpflichten k\u00f6nnen.\u00a0<\/p>\n\n\n\n<p>J\u00fcrg Lehmann (62) war bei Ringier in mehreren leitenden Funktionen t\u00e4tig, unter anderem ab 1999 w\u00e4hrend vier Jahren auch als Chefredaktor des Blick. Am 1. Juni 2009 \u00fcbernahm er die Leitung der Journalistenschule der Hans Ringier Stiftung und war f\u00fcr die fachliche Ausbildung des journalistischen Nachwuchses von Ringier Schweiz zust\u00e4ndig. Lehmann initiierte zudem die fachliche Ausbildung der Journalisten im Newsroom und arbeitete als Autor, bevor er am 1. Oktober 2010 die Leitung des Polit-Ressorts \u00fcbernahm.\u00a0<\/p>\n\n\n\n<p>Kommunikation Ringier Schweiz<\/p>\n","protected":false},"excerpt":{"rendered":"<p>Z\u00fcrich: <\/p>\n<p>Die Blick-Gruppe (Blick, Blick am Abend, SonntagsBlick, Blick.ch) bekommt einen neuen Polit-Chef: Michael Perricone (43) wird neu die Leitung des Ressorts Politik \u00fcbernehmen und damit die Nachfolge von J\u00fcrg Lehmann (62) antreten. Lehmann hat per Ende Januar gek\u00fcndigt und verl\u00e4sst das Unternehmen aus eigenem Antrieb. Er m\u00f6chte sich einer neuen Herausforderung zuwenden.<\/p>\n","protected":false},"author":23,"featured_media":7122,"comment_status":"closed","ping_status":"open","sticky":false,"template":"","format":"standard","meta":{"inline_featured_image":false,"footnotes":""},"categories":[3],"tags":[],"class_list":["post-7118","post","type-post","status-publish","format-standard","has-post-thumbnail","hentry","category-unkategorisiert"],"yoast_head":"<!-- This site is optimized with the Yoast SEO Premium plugin v27.0 (Yoast SEO v27.0) - https:\/\/yoast.com\/product\/yoast-seo-premium-wordpress\/ -->\n<title>Michael Perricone wird neuer Polit-Chef der Blick-Gruppe - Ringier<\/title>\n<meta name=\"robots\" content=\"index, follow, max-snippet:-1, max-image-preview:large, max-video-preview:-1\" \/>\n<link rel=\"canonical\" href=\"https:\/\/www.ringier.com\/de\/michael-perricone-wird-neuer-polit-chef-der-blick-gruppe\/\" \/>\n<meta property=\"og:locale\" content=\"de_DE\" \/>\n<meta property=\"og:type\" content=\"article\" \/>\n<meta property=\"og:title\" content=\"Michael Perricone wird neuer Polit-Chef der Blick-Gruppe\" \/>\n<meta property=\"og:description\" content=\"Z\u00fcrich:  Die Blick-Gruppe (Blick, Blick am Abend, SonntagsBlick, Blick.ch) bekommt einen neuen Polit-Chef: Michael Perricone (43) wird neu die Leitung des Ressorts Politik \u00fcbernehmen und damit die Nachfolge von J\u00fcrg Lehmann (62) antreten. Lehmann hat per Ende Januar gek\u00fcndigt und verl\u00e4sst das Unternehmen aus eigenem Antrieb. Er m\u00f6chte sich einer neuen Herausforderung zuwenden.\" \/>\n<meta property=\"og:url\" content=\"https:\/\/www.ringier.com\/de\/michael-perricone-wird-neuer-polit-chef-der-blick-gruppe\/\" \/>\n<meta property=\"og:site_name\" content=\"Ringier\" \/>\n<meta property=\"article:publisher\" content=\"https:\/\/www.facebook.com\/ringierag\/\" \/>\n<meta property=\"article:published_time\" content=\"2011-01-26T17:53:00+00:00\" \/>\n<meta property=\"article:modified_time\" content=\"2021-09-22T16:56:47+00:00\" \/>\n<meta property=\"og:image\" content=\"https:\/\/www.ringier.com\/wp-content\/uploads\/2021\/09\/michael_perricone_January-2011-1021x1024.jpg\" \/>\n\t<meta property=\"og:image:width\" content=\"1021\" \/>\n\t<meta property=\"og:image:height\" content=\"1024\" \/>\n\t<meta property=\"og:image:type\" content=\"image\/jpeg\" \/>\n<meta name=\"author\" content=\"Ringier Corporate Communications\" \/>\n<meta name=\"twitter:card\" content=\"summary_large_image\" \/>\n<meta name=\"twitter:creator\" content=\"@ringier_ag\" \/>\n<meta name=\"twitter:site\" content=\"@ringier_ag\" \/>\n<meta name=\"twitter:label1\" content=\"Verfasst von\" \/>\n\t<meta name=\"twitter:data1\" content=\"Ringier Corporate Communications\" \/>\n\t<meta name=\"twitter:label2\" content=\"Gesch\u00e4tzte Lesezeit\" \/>\n\t<meta name=\"twitter:data2\" content=\"1 Minute\" \/>\n<script type=\"application\/ld+json\" class=\"yoast-schema-graph\">{\"@context\":\"https:\/\/schema.org\",\"@graph\":[{\"@type\":\"Article\",\"@id\":\"https:\/\/www.ringier.com\/de\/michael-perricone-wird-neuer-polit-chef-der-blick-gruppe\/#article\",\"isPartOf\":{\"@id\":\"https:\/\/www.ringier.com\/de\/michael-perricone-wird-neuer-polit-chef-der-blick-gruppe\/\"},\"author\":{\"name\":\"Ringier Corporate Communications\",\"@id\":\"https:\/\/www.ringier.com\/de\/#\/schema\/person\/4cf76a308dc4b2bb5121bd1e7b752e52\"},\"headline\":\"Michael Perricone wird neuer Polit-Chef der Blick-Gruppe\",\"datePublished\":\"2011-01-26T17:53:00+00:00\",\"dateModified\":\"2021-09-22T16:56:47+00:00\",\"mainEntityOfPage\":{\"@id\":\"https:\/\/www.ringier.com\/de\/michael-perricone-wird-neuer-polit-chef-der-blick-gruppe\/\"},\"wordCount\":190,\"publisher\":{\"@id\":\"https:\/\/www.ringier.com\/de\/#organization\"},\"image\":{\"@id\":\"https:\/\/www.ringier.com\/de\/michael-perricone-wird-neuer-polit-chef-der-blick-gruppe\/#primaryimage\"},\"thumbnailUrl\":\"https:\/\/www.ringier.com\/wp-content\/uploads\/2021\/09\/michael_perricone_January-2011.jpg\",\"articleSection\":[\"Unkategorisiert\"],\"inLanguage\":\"de-DE\"},{\"@type\":\"WebPage\",\"@id\":\"https:\/\/www.ringier.com\/de\/michael-perricone-wird-neuer-polit-chef-der-blick-gruppe\/\",\"url\":\"https:\/\/www.ringier.com\/de\/michael-perricone-wird-neuer-polit-chef-der-blick-gruppe\/\",\"name\":\"Michael Perricone wird neuer Polit-Chef der Blick-Gruppe - Ringier\",\"isPartOf\":{\"@id\":\"https:\/\/www.ringier.com\/de\/#website\"},\"primaryImageOfPage\":{\"@id\":\"https:\/\/www.ringier.com\/de\/michael-perricone-wird-neuer-polit-chef-der-blick-gruppe\/#primaryimage\"},\"image\":{\"@id\":\"https:\/\/www.ringier.com\/de\/michael-perricone-wird-neuer-polit-chef-der-blick-gruppe\/#primaryimage\"},\"thumbnailUrl\":\"https:\/\/www.ringier.com\/wp-content\/uploads\/2021\/09\/michael_perricone_January-2011.jpg\",\"datePublished\":\"2011-01-26T17:53:00+00:00\",\"dateModified\":\"2021-09-22T16:56:47+00:00\",\"breadcrumb\":{\"@id\":\"https:\/\/www.ringier.com\/de\/michael-perricone-wird-neuer-polit-chef-der-blick-gruppe\/#breadcrumb\"},\"inLanguage\":\"de-DE\",\"potentialAction\":[{\"@type\":\"ReadAction\",\"target\":[\"https:\/\/www.ringier.com\/de\/michael-perricone-wird-neuer-polit-chef-der-blick-gruppe\/\"]}]},{\"@type\":\"ImageObject\",\"inLanguage\":\"de-DE\",\"@id\":\"https:\/\/www.ringier.com\/de\/michael-perricone-wird-neuer-polit-chef-der-blick-gruppe\/#primaryimage\",\"url\":\"https:\/\/www.ringier.com\/wp-content\/uploads\/2021\/09\/michael_perricone_January-2011.jpg\",\"contentUrl\":\"https:\/\/www.ringier.com\/wp-content\/uploads\/2021\/09\/michael_perricone_January-2011.jpg\",\"width\":2292,\"height\":2298},{\"@type\":\"BreadcrumbList\",\"@id\":\"https:\/\/www.ringier.com\/de\/michael-perricone-wird-neuer-polit-chef-der-blick-gruppe\/#breadcrumb\",\"itemListElement\":[{\"@type\":\"ListItem\",\"position\":1,\"name\":\"Home\",\"item\":\"https:\/\/www.ringier.com\/de\/\"},{\"@type\":\"ListItem\",\"position\":2,\"name\":\"Michael Perricone wird neuer Polit-Chef der Blick-Gruppe\"}]},{\"@type\":\"WebSite\",\"@id\":\"https:\/\/www.ringier.com\/de\/#website\",\"url\":\"https:\/\/www.ringier.com\/de\/\",\"name\":\"Ringier\",\"description\":\"We inform. We entertain. We connect\",\"publisher\":{\"@id\":\"https:\/\/www.ringier.com\/de\/#organization\"},\"potentialAction\":[{\"@type\":\"SearchAction\",\"target\":{\"@type\":\"EntryPoint\",\"urlTemplate\":\"https:\/\/www.ringier.com\/de\/?s={search_term_string}\"},\"query-input\":{\"@type\":\"PropertyValueSpecification\",\"valueRequired\":true,\"valueName\":\"search_term_string\"}}],\"inLanguage\":\"de-DE\"},{\"@type\":\"Organization\",\"@id\":\"https:\/\/www.ringier.com\/de\/#organization\",\"name\":\"Ringier\",\"url\":\"https:\/\/www.ringier.com\/de\/\",\"logo\":{\"@type\":\"ImageObject\",\"inLanguage\":\"de-DE\",\"@id\":\"https:\/\/www.ringier.com\/de\/#\/schema\/logo\/image\/\",\"url\":\"https:\/\/www.ringier.com\/wp-content\/uploads\/2021\/10\/ringier_logo_2.jpg\",\"contentUrl\":\"https:\/\/www.ringier.com\/wp-content\/uploads\/2021\/10\/ringier_logo_2.jpg\",\"width\":750,\"height\":550,\"caption\":\"Ringier\"},\"image\":{\"@id\":\"https:\/\/www.ringier.com\/de\/#\/schema\/logo\/image\/\"},\"sameAs\":[\"https:\/\/www.facebook.com\/ringierag\/\",\"https:\/\/x.com\/ringier_ag\",\"https:\/\/www.instagram.com\/ringier_ag\/\",\"https:\/\/www.linkedin.com\/company\/ringier\/\",\"https:\/\/www.youtube.com\/user\/RingierComm\",\"https:\/\/en.wikipedia.org\/wiki\/Ringier\",\"https:\/\/de.wikipedia.org\/wiki\/Ringier\",\"https:\/\/fr.wikipedia.org\/wiki\/Ringier\",\"https:\/\/www.crunchbase.com\/organization\/ringier-ag\"]},{\"@type\":\"Person\",\"@id\":\"https:\/\/www.ringier.com\/de\/#\/schema\/person\/4cf76a308dc4b2bb5121bd1e7b752e52\",\"name\":\"Ringier Corporate Communications\",\"image\":{\"@type\":\"ImageObject\",\"inLanguage\":\"de-DE\",\"@id\":\"https:\/\/www.ringier.com\/de\/#\/schema\/person\/image\/\",\"url\":\"https:\/\/secure.gravatar.com\/avatar\/9391e20481368d5df4fe3e1e476c13b27786347489822ec1ed07e532bb41f587?s=96&d=mm&r=g\",\"contentUrl\":\"https:\/\/secure.gravatar.com\/avatar\/9391e20481368d5df4fe3e1e476c13b27786347489822ec1ed07e532bb41f587?s=96&d=mm&r=g\",\"caption\":\"Ringier Corporate Communications\"},\"sameAs\":[\"https:\/\/www.ringier.com\"]}]}<\/script>\n<!-- \/ Yoast SEO Premium plugin. -->","yoast_head_json":{"title":"Michael Perricone wird neuer Polit-Chef der Blick-Gruppe - Ringier","robots":{"index":"index","follow":"follow","max-snippet":"max-snippet:-1","max-image-preview":"max-image-preview:large","max-video-preview":"max-video-preview:-1"},"canonical":"https:\/\/www.ringier.com\/de\/michael-perricone-wird-neuer-polit-chef-der-blick-gruppe\/","og_locale":"de_DE","og_type":"article","og_title":"Michael Perricone wird neuer Polit-Chef der Blick-Gruppe","og_description":"Z\u00fcrich:  Die Blick-Gruppe (Blick, Blick am Abend, SonntagsBlick, Blick.ch) bekommt einen neuen Polit-Chef: Michael Perricone (43) wird neu die Leitung des Ressorts Politik \u00fcbernehmen und damit die Nachfolge von J\u00fcrg Lehmann (62) antreten. Lehmann hat per Ende Januar gek\u00fcndigt und verl\u00e4sst das Unternehmen aus eigenem Antrieb. Er m\u00f6chte sich einer neuen Herausforderung zuwenden.","og_url":"https:\/\/www.ringier.com\/de\/michael-perricone-wird-neuer-polit-chef-der-blick-gruppe\/","og_site_name":"Ringier","article_publisher":"https:\/\/www.facebook.com\/ringierag\/","article_published_time":"2011-01-26T17:53:00+00:00","article_modified_time":"2021-09-22T16:56:47+00:00","og_image":[{"width":1021,"height":1024,"url":"https:\/\/www.ringier.com\/wp-content\/uploads\/2021\/09\/michael_perricone_January-2011-1021x1024.jpg","type":"image\/jpeg"}],"author":"Ringier Corporate Communications","twitter_card":"summary_large_image","twitter_creator":"@ringier_ag","twitter_site":"@ringier_ag","twitter_misc":{"Verfasst von":"Ringier Corporate Communications","Gesch\u00e4tzte Lesezeit":"1 Minute"},"schema":{"@context":"https:\/\/schema.org","@graph":[{"@type":"Article","@id":"https:\/\/www.ringier.com\/de\/michael-perricone-wird-neuer-polit-chef-der-blick-gruppe\/#article","isPartOf":{"@id":"https:\/\/www.ringier.com\/de\/michael-perricone-wird-neuer-polit-chef-der-blick-gruppe\/"},"author":{"name":"Ringier Corporate Communications","@id":"https:\/\/www.ringier.com\/de\/#\/schema\/person\/4cf76a308dc4b2bb5121bd1e7b752e52"},"headline":"Michael Perricone wird neuer Polit-Chef der Blick-Gruppe","datePublished":"2011-01-26T17:53:00+00:00","dateModified":"2021-09-22T16:56:47+00:00","mainEntityOfPage":{"@id":"https:\/\/www.ringier.com\/de\/michael-perricone-wird-neuer-polit-chef-der-blick-gruppe\/"},"wordCount":190,"publisher":{"@id":"https:\/\/www.ringier.com\/de\/#organization"},"image":{"@id":"https:\/\/www.ringier.com\/de\/michael-perricone-wird-neuer-polit-chef-der-blick-gruppe\/#primaryimage"},"thumbnailUrl":"https:\/\/www.ringier.com\/wp-content\/uploads\/2021\/09\/michael_perricone_January-2011.jpg","articleSection":["Unkategorisiert"],"inLanguage":"de-DE"},{"@type":"WebPage","@id":"https:\/\/www.ringier.com\/de\/michael-perricone-wird-neuer-polit-chef-der-blick-gruppe\/","url":"https:\/\/www.ringier.com\/de\/michael-perricone-wird-neuer-polit-chef-der-blick-gruppe\/","name":"Michael Perricone wird neuer Polit-Chef der Blick-Gruppe - Ringier","isPartOf":{"@id":"https:\/\/www.ringier.com\/de\/#website"},"primaryImageOfPage":{"@id":"https:\/\/www.ringier.com\/de\/michael-perricone-wird-neuer-polit-chef-der-blick-gruppe\/#primaryimage"},"image":{"@id":"https:\/\/www.ringier.com\/de\/michael-perricone-wird-neuer-polit-chef-der-blick-gruppe\/#primaryimage"},"thumbnailUrl":"https:\/\/www.ringier.com\/wp-content\/uploads\/2021\/09\/michael_perricone_January-2011.jpg","datePublished":"2011-01-26T17:53:00+00:00","dateModified":"2021-09-22T16:56:47+00:00","breadcrumb":{"@id":"https:\/\/www.ringier.com\/de\/michael-perricone-wird-neuer-polit-chef-der-blick-gruppe\/#breadcrumb"},"inLanguage":"de-DE","potentialAction":[{"@type":"ReadAction","target":["https:\/\/www.ringier.com\/de\/michael-perricone-wird-neuer-polit-chef-der-blick-gruppe\/"]}]},{"@type":"ImageObject","inLanguage":"de-DE","@id":"https:\/\/www.ringier.com\/de\/michael-perricone-wird-neuer-polit-chef-der-blick-gruppe\/#primaryimage","url":"https:\/\/www.ringier.com\/wp-content\/uploads\/2021\/09\/michael_perricone_January-2011.jpg","contentUrl":"https:\/\/www.ringier.com\/wp-content\/uploads\/2021\/09\/michael_perricone_January-2011.jpg","width":2292,"height":2298},{"@type":"BreadcrumbList","@id":"https:\/\/www.ringier.com\/de\/michael-perricone-wird-neuer-polit-chef-der-blick-gruppe\/#breadcrumb","itemListElement":[{"@type":"ListItem","position":1,"name":"Home","item":"https:\/\/www.ringier.com\/de\/"},{"@type":"ListItem","position":2,"name":"Michael Perricone wird neuer Polit-Chef der Blick-Gruppe"}]},{"@type":"WebSite","@id":"https:\/\/www.ringier.com\/de\/#website","url":"https:\/\/www.ringier.com\/de\/","name":"Ringier","description":"We inform. We entertain. We connect","publisher":{"@id":"https:\/\/www.ringier.com\/de\/#organization"},"potentialAction":[{"@type":"SearchAction","target":{"@type":"EntryPoint","urlTemplate":"https:\/\/www.ringier.com\/de\/?s={search_term_string}"},"query-input":{"@type":"PropertyValueSpecification","valueRequired":true,"valueName":"search_term_string"}}],"inLanguage":"de-DE"},{"@type":"Organization","@id":"https:\/\/www.ringier.com\/de\/#organization","name":"Ringier","url":"https:\/\/www.ringier.com\/de\/","logo":{"@type":"ImageObject","inLanguage":"de-DE","@id":"https:\/\/www.ringier.com\/de\/#\/schema\/logo\/image\/","url":"https:\/\/www.ringier.com\/wp-content\/uploads\/2021\/10\/ringier_logo_2.jpg","contentUrl":"https:\/\/www.ringier.com\/wp-content\/uploads\/2021\/10\/ringier_logo_2.jpg","width":750,"height":550,"caption":"Ringier"},"image":{"@id":"https:\/\/www.ringier.com\/de\/#\/schema\/logo\/image\/"},"sameAs":["https:\/\/www.facebook.com\/ringierag\/","https:\/\/x.com\/ringier_ag","https:\/\/www.instagram.com\/ringier_ag\/","https:\/\/www.linkedin.com\/company\/ringier\/","https:\/\/www.youtube.com\/user\/RingierComm","https:\/\/en.wikipedia.org\/wiki\/Ringier","https:\/\/de.wikipedia.org\/wiki\/Ringier","https:\/\/fr.wikipedia.org\/wiki\/Ringier","https:\/\/www.crunchbase.com\/organization\/ringier-ag"]},{"@type":"Person","@id":"https:\/\/www.ringier.com\/de\/#\/schema\/person\/4cf76a308dc4b2bb5121bd1e7b752e52","name":"Ringier Corporate Communications","image":{"@type":"ImageObject","inLanguage":"de-DE","@id":"https:\/\/www.ringier.com\/de\/#\/schema\/person\/image\/","url":"https:\/\/secure.gravatar.com\/avatar\/9391e20481368d5df4fe3e1e476c13b27786347489822ec1ed07e532bb41f587?s=96&d=mm&r=g","contentUrl":"https:\/\/secure.gravatar.com\/avatar\/9391e20481368d5df4fe3e1e476c13b27786347489822ec1ed07e532bb41f587?s=96&d=mm&r=g","caption":"Ringier Corporate Communications"},"sameAs":["https:\/\/www.ringier.com"]}]}},"_links":{"self":[{"href":"https:\/\/www.ringier.com\/de\/wp-json\/wp\/v2\/posts\/7118","targetHints":{"allow":["GET"]}}],"collection":[{"href":"https:\/\/www.ringier.com\/de\/wp-json\/wp\/v2\/posts"}],"about":[{"href":"https:\/\/www.ringier.com\/de\/wp-json\/wp\/v2\/types\/post"}],"author":[{"embeddable":true,"href":"https:\/\/www.ringier.com\/de\/wp-json\/wp\/v2\/users\/23"}],"replies":[{"embeddable":true,"href":"https:\/\/www.ringier.com\/de\/wp-json\/wp\/v2\/comments?post=7118"}],"version-history":[{"count":0,"href":"https:\/\/www.ringier.com\/de\/wp-json\/wp\/v2\/posts\/7118\/revisions"}],"wp:featuredmedia":[{"embeddable":true,"href":"https:\/\/www.ringier.com\/de\/wp-json\/wp\/v2\/media\/7122"}],"wp:attachment":[{"href":"https:\/\/www.ringier.com\/de\/wp-json\/wp\/v2\/media?parent=7118"}],"wp:term":[{"taxonomy":"category","embeddable":true,"href":"https:\/\/www.ringier.com\/de\/wp-json\/wp\/v2\/categories?post=7118"},{"taxonomy":"post_tag","embeddable":true,"href":"https:\/\/www.ringier.com\/de\/wp-json\/wp\/v2\/tags?post=7118"}],"curies":[{"name":"wp","href":"https:\/\/api.w.org\/{rel}","templated":true}]}}