{"id":7023,"date":"2016-08-31T16:12:00","date_gmt":"2016-08-31T14:12:00","guid":{"rendered":"https:\/\/www.ringier.com\/le-plus-beau-village-de-suisse-voici-les-finalistes\/"},"modified":"2024-01-29T12:00:59","modified_gmt":"2024-01-29T11:00:59","slug":"das-schoenste-dorf-der-schweiz-das-sind-die-finalisten","status":"publish","type":"post","link":"https:\/\/www.ringier.com\/de\/das-schoenste-dorf-der-schweiz-das-sind-die-finalisten\/","title":{"rendered":"\u00abDas sch\u00f6nste Dorf der Schweiz\u00bb: Das sind die Finalisten"},"content":{"rendered":"\n<p>Im Juli hatten die&nbsp;<em>Schweizer Illustrierte<\/em>,&nbsp;<em>L&#8217;illustr\u00e9<\/em>&nbsp;und&nbsp;<em>Il Caff\u00e8<\/em>&nbsp;die Schweizer Bev\u00f6lkerung dazu aufgerufen, das \u00absch\u00f6nste Dorf der Schweiz 2016\u00bb zu nominieren. Eine Jury w\u00e4hlte aus den \u00fcber 100 Vorschl\u00e4gen die zw\u00f6lf sch\u00f6nsten D\u00f6rfer aus \u2013 je drei aus der Deutschschweiz, der r\u00e4toromanischen Schweiz, der Romandie und dem Tessin. Die zw\u00f6lf D\u00f6rfer wurden in den letzten Wochen in kurzen Portr\u00e4ts in der&nbsp;<em>Schweizer Illustrierten<\/em>,&nbsp;<em>L&#8217;illustr\u00e9<\/em>&nbsp;und&nbsp;<em>Il Caff\u00e8<\/em>&nbsp;sowie von den Fernsehsendern SRF, RTS, RSI und RTR vorgestellt. Per Voting haben die Schweizerinnen und Schweizer entschieden, welche vier \u2013 pro Sprachregion ein Dorf \u2013 ins Finale einziehen im Rennen um den Titel \u00abSch\u00f6nstes Dorf der Schweiz 2016\u00bb. Die vier Finalisten sind: Ardez (GR), Binn (VS), Morcote (TI) und Saint-Ursanne (JU).&nbsp;Sie erreichten unter den in ihrer Sprachregion nominierten D\u00f6rfern mit grossem Abstand den ersten Platz.<\/p>\n\n\n\n<p>Stefan Regez, Co-Chefredaktor Schweizer Illustrierte: \u00abDas Voting-Ergebnis war eindeutig. Die Schweizerinnen und Schweizer scheinen eine Vorliebe f\u00fcr touristisch attraktive Orte zu haben. Alle vier Finalisten-D\u00f6rfer zeichnen sich aus durch gut erhaltene historische Bauten und eine besonders pittoreske Architektur und sind dadurch bei in- und ausl\u00e4ndischen Touristen beliebte Fotosujets. Auch mein pers\u00f6nlicher Favorit hat es in die Finalrunde geschafft. Ich bin gespannt, aus welcher Sprachregion das Gewinnerdorf dieses Jahr kommt. Verdient h\u00e4tten es alle vier.\u00bb<\/p>\n\n\n\n<p>Noch bis zum 28. September kann auf&nbsp;<a href=\"http:\/\/www.dasschoenstedorf.ch\/\"><em>Dasschoenstedorf.ch<\/em><\/a>&nbsp;abgestimmt werden, welches der vier Finalisten-D\u00f6rfer das sch\u00f6nste ist. F\u00fcr das Siegerdorf wird ein Fest ausgerichtet. Und auch f\u00fcr die Voting-Teilnehmer lohnt sich das Mitmachen: Unter allen Teilnehmern werden attraktive Preise der Wettbewerbspartner&nbsp;<em>Volg, McOptik, Kneipp&nbsp;<\/em>und<em>&nbsp;Riposa&nbsp;<\/em>verlost.<br><br>Welches Dorf die Schweizerinnen und Schweizer am meisten begeistert und den Wettbewerb gewonnen hat, wird am 7. Oktober bekannt gegeben.<br><br>Ringier Axel Springer Schweiz AG<br>Corporate Communications<\/p>\n\n\n\n<figure class=\"wp-block-gallery columns-3 is-cropped wp-block-gallery-1 is-layout-flex wp-block-gallery-is-layout-flex\"><ul class=\"blocks-gallery-grid\"><li class=\"blocks-gallery-item\"><figure><img loading=\"lazy\" decoding=\"async\" width=\"1005\" height=\"670\" src=\"https:\/\/www.ringier.com\/wp-content\/uploads\/2021\/09\/ardez_gr_2_kopie-1.png\" alt=\"\" data-id=\"7008\" data-link=\"https:\/\/www.ringier.com\/de\/?attachment_id=7008\" class=\"wp-image-7010\" srcset=\"https:\/\/www.ringier.com\/wp-content\/uploads\/2021\/09\/ardez_gr_2_kopie-1.png 1005w, https:\/\/www.ringier.com\/wp-content\/uploads\/2021\/09\/ardez_gr_2_kopie-1-300x200.png 300w, https:\/\/www.ringier.com\/wp-content\/uploads\/2021\/09\/ardez_gr_2_kopie-1-768x512.png 768w\" sizes=\"auto, (max-width: 1005px) 100vw, 1005px\" \/><figcaption class=\"blocks-gallery-item__caption\">Ardez (GR)<\/figcaption><\/figure><\/li><li class=\"blocks-gallery-item\"><figure><img loading=\"lazy\" decoding=\"async\" width=\"1005\" height=\"670\" src=\"https:\/\/www.ringier.com\/wp-content\/uploads\/2021\/09\/binn_vs_2_kopie-1.png\" alt=\"\" data-id=\"7011\" data-link=\"https:\/\/www.ringier.com\/de\/?attachment_id=7011\" class=\"wp-image-7013\" srcset=\"https:\/\/www.ringier.com\/wp-content\/uploads\/2021\/09\/binn_vs_2_kopie-1.png 1005w, https:\/\/www.ringier.com\/wp-content\/uploads\/2021\/09\/binn_vs_2_kopie-1-300x200.png 300w, https:\/\/www.ringier.com\/wp-content\/uploads\/2021\/09\/binn_vs_2_kopie-1-768x512.png 768w\" sizes=\"auto, (max-width: 1005px) 100vw, 1005px\" \/><figcaption class=\"blocks-gallery-item__caption\">Binn (VS)<\/figcaption><\/figure><\/li><li class=\"blocks-gallery-item\"><figure><img loading=\"lazy\" decoding=\"async\" width=\"1005\" height=\"670\" src=\"https:\/\/www.ringier.com\/wp-content\/uploads\/2021\/09\/st-ursanne_ju_kopie-1.png\" alt=\"\" data-id=\"7014\" data-link=\"https:\/\/www.ringier.com\/de\/?attachment_id=7014\" class=\"wp-image-7016\" srcset=\"https:\/\/www.ringier.com\/wp-content\/uploads\/2021\/09\/st-ursanne_ju_kopie-1.png 1005w, https:\/\/www.ringier.com\/wp-content\/uploads\/2021\/09\/st-ursanne_ju_kopie-1-300x200.png 300w, https:\/\/www.ringier.com\/wp-content\/uploads\/2021\/09\/st-ursanne_ju_kopie-1-768x512.png 768w\" sizes=\"auto, (max-width: 1005px) 100vw, 1005px\" \/><figcaption class=\"blocks-gallery-item__caption\">Saint-Ursanne (JU)<\/figcaption><\/figure><\/li><li class=\"blocks-gallery-item\"><figure><img loading=\"lazy\" decoding=\"async\" width=\"1005\" height=\"670\" src=\"https:\/\/www.ringier.com\/wp-content\/uploads\/2021\/09\/morcote_ti_kopie-1.png\" alt=\"\" data-id=\"7020\" data-full-url=\"https:\/\/www.ringier.com\/wp-content\/uploads\/2021\/09\/morcote_ti_kopie-1.png\" data-link=\"https:\/\/www.ringier.com\/de\/?attachment_id=7020\" class=\"wp-image-7022\" srcset=\"https:\/\/www.ringier.com\/wp-content\/uploads\/2021\/09\/morcote_ti_kopie-1.png 1005w, https:\/\/www.ringier.com\/wp-content\/uploads\/2021\/09\/morcote_ti_kopie-1-300x200.png 300w, https:\/\/www.ringier.com\/wp-content\/uploads\/2021\/09\/morcote_ti_kopie-1-768x512.png 768w\" sizes=\"auto, (max-width: 1005px) 100vw, 1005px\" \/><figcaption class=\"blocks-gallery-item__caption\">Morcote (TI)<\/figcaption><\/figure><\/li><\/ul><\/figure>\n","protected":false},"excerpt":{"rendered":"<p>Da waren\u2019s nur noch vier. Zw\u00f6lf D\u00f6rfer hatten sich der Wahl zum \u00absch\u00f6nsten Dorf der Schweiz\u00bb gestellt \u2013 eine Aktion der Schweizer Illustrierten, L&#8217;illustr\u00e9 und Il Caff\u00e8 in Zusammenarbeit mit SRF, RTS, RSI und RTR. Die Schweizerinnen und Schweizer haben aus den nominierten D\u00f6rfern das sch\u00f6nste aus jeder Sprachregion ausgew\u00e4hlt und damit auf direktem Weg in die Finalrunde katapultiert. Die Finalisten sind: Ardez (GR), Binn (VS), Morcote (TI) und Saint-Ursanne (JU). Welches der vier Finalisten-D\u00f6rfer das \u00absch\u00f6nste Dorf der Schweiz 2016\u00bb wird, kann noch bis zum 28. September mitbestimmt werden.<\/p>\n","protected":false},"author":23,"featured_media":7010,"comment_status":"closed","ping_status":"open","sticky":false,"template":"","format":"standard","meta":{"inline_featured_image":false,"footnotes":""},"categories":[371,361],"tags":[],"class_list":["post-7023","post","type-post","status-publish","format-standard","has-post-thumbnail","hentry","category-media-de","category-ringier-medien-schweiz"],"yoast_head":"<!-- This site is optimized with the Yoast SEO Premium plugin v27.0 (Yoast SEO v27.0) - https:\/\/yoast.com\/product\/yoast-seo-premium-wordpress\/ -->\n<title>\u00abDas sch\u00f6nste Dorf der Schweiz\u00bb: Das sind die Finalisten - Ringier<\/title>\n<meta name=\"robots\" content=\"index, follow, max-snippet:-1, max-image-preview:large, max-video-preview:-1\" \/>\n<link rel=\"canonical\" href=\"https:\/\/www.ringier.com\/de\/das-schoenste-dorf-der-schweiz-das-sind-die-finalisten\/\" \/>\n<meta property=\"og:locale\" content=\"de_DE\" \/>\n<meta property=\"og:type\" content=\"article\" \/>\n<meta property=\"og:title\" content=\"\u00abDas sch\u00f6nste Dorf der Schweiz\u00bb: Das sind die Finalisten\" \/>\n<meta property=\"og:description\" content=\"Da waren\u2019s nur noch vier. Zw\u00f6lf D\u00f6rfer hatten sich der Wahl zum \u00absch\u00f6nsten Dorf der Schweiz\u00bb gestellt \u2013 eine Aktion der Schweizer Illustrierten, L&#039;illustr\u00e9 und Il Caff\u00e8 in Zusammenarbeit mit SRF, RTS, RSI und RTR. Die Schweizerinnen und Schweizer haben aus den nominierten D\u00f6rfern das sch\u00f6nste aus jeder Sprachregion ausgew\u00e4hlt und damit auf direktem Weg in die Finalrunde katapultiert. Die Finalisten sind: Ardez (GR), Binn (VS), Morcote (TI) und Saint-Ursanne (JU). Welches der vier Finalisten-D\u00f6rfer das \u00absch\u00f6nste Dorf der Schweiz 2016\u00bb wird, kann noch bis zum 28. September mitbestimmt werden.\" \/>\n<meta property=\"og:url\" content=\"https:\/\/www.ringier.com\/de\/das-schoenste-dorf-der-schweiz-das-sind-die-finalisten\/\" \/>\n<meta property=\"og:site_name\" content=\"Ringier\" \/>\n<meta property=\"article:publisher\" content=\"https:\/\/www.facebook.com\/ringierag\/\" \/>\n<meta property=\"article:published_time\" content=\"2016-08-31T14:12:00+00:00\" \/>\n<meta property=\"article:modified_time\" content=\"2024-01-29T11:00:59+00:00\" \/>\n<meta property=\"og:image\" content=\"https:\/\/www.ringier.com\/wp-content\/uploads\/2021\/09\/ardez_gr_2_kopie-1.png\" \/>\n\t<meta property=\"og:image:width\" content=\"1005\" \/>\n\t<meta property=\"og:image:height\" content=\"670\" \/>\n\t<meta property=\"og:image:type\" content=\"image\/png\" \/>\n<meta name=\"author\" content=\"Ringier Corporate Communications\" \/>\n<meta name=\"twitter:card\" content=\"summary_large_image\" \/>\n<meta name=\"twitter:creator\" content=\"@ringier_ag\" \/>\n<meta name=\"twitter:site\" content=\"@ringier_ag\" \/>\n<meta name=\"twitter:label1\" content=\"Verfasst von\" \/>\n\t<meta name=\"twitter:data1\" content=\"Ringier Corporate Communications\" \/>\n\t<meta name=\"twitter:label2\" content=\"Gesch\u00e4tzte Lesezeit\" \/>\n\t<meta name=\"twitter:data2\" content=\"3 Minuten\" \/>\n<script type=\"application\/ld+json\" class=\"yoast-schema-graph\">{\"@context\":\"https:\/\/schema.org\",\"@graph\":[{\"@type\":\"Article\",\"@id\":\"https:\/\/www.ringier.com\/de\/das-schoenste-dorf-der-schweiz-das-sind-die-finalisten\/#article\",\"isPartOf\":{\"@id\":\"https:\/\/www.ringier.com\/de\/das-schoenste-dorf-der-schweiz-das-sind-die-finalisten\/\"},\"author\":{\"name\":\"Ringier Corporate Communications\",\"@id\":\"https:\/\/www.ringier.com\/de\/#\/schema\/person\/4cf76a308dc4b2bb5121bd1e7b752e52\"},\"headline\":\"\u00abDas sch\u00f6nste Dorf der Schweiz\u00bb: Das sind die Finalisten\",\"datePublished\":\"2016-08-31T14:12:00+00:00\",\"dateModified\":\"2024-01-29T11:00:59+00:00\",\"mainEntityOfPage\":{\"@id\":\"https:\/\/www.ringier.com\/de\/das-schoenste-dorf-der-schweiz-das-sind-die-finalisten\/\"},\"wordCount\":335,\"publisher\":{\"@id\":\"https:\/\/www.ringier.com\/de\/#organization\"},\"image\":{\"@id\":\"https:\/\/www.ringier.com\/de\/das-schoenste-dorf-der-schweiz-das-sind-die-finalisten\/#primaryimage\"},\"thumbnailUrl\":\"https:\/\/www.ringier.com\/wp-content\/uploads\/2021\/09\/ardez_gr_2_kopie-1.png\",\"articleSection\":[\"Media\",\"Ringier Medien Schweiz\"],\"inLanguage\":\"de-DE\"},{\"@type\":\"WebPage\",\"@id\":\"https:\/\/www.ringier.com\/de\/das-schoenste-dorf-der-schweiz-das-sind-die-finalisten\/\",\"url\":\"https:\/\/www.ringier.com\/de\/das-schoenste-dorf-der-schweiz-das-sind-die-finalisten\/\",\"name\":\"\u00abDas sch\u00f6nste Dorf der Schweiz\u00bb: Das sind die Finalisten - Ringier\",\"isPartOf\":{\"@id\":\"https:\/\/www.ringier.com\/de\/#website\"},\"primaryImageOfPage\":{\"@id\":\"https:\/\/www.ringier.com\/de\/das-schoenste-dorf-der-schweiz-das-sind-die-finalisten\/#primaryimage\"},\"image\":{\"@id\":\"https:\/\/www.ringier.com\/de\/das-schoenste-dorf-der-schweiz-das-sind-die-finalisten\/#primaryimage\"},\"thumbnailUrl\":\"https:\/\/www.ringier.com\/wp-content\/uploads\/2021\/09\/ardez_gr_2_kopie-1.png\",\"datePublished\":\"2016-08-31T14:12:00+00:00\",\"dateModified\":\"2024-01-29T11:00:59+00:00\",\"breadcrumb\":{\"@id\":\"https:\/\/www.ringier.com\/de\/das-schoenste-dorf-der-schweiz-das-sind-die-finalisten\/#breadcrumb\"},\"inLanguage\":\"de-DE\",\"potentialAction\":[{\"@type\":\"ReadAction\",\"target\":[\"https:\/\/www.ringier.com\/de\/das-schoenste-dorf-der-schweiz-das-sind-die-finalisten\/\"]}]},{\"@type\":\"ImageObject\",\"inLanguage\":\"de-DE\",\"@id\":\"https:\/\/www.ringier.com\/de\/das-schoenste-dorf-der-schweiz-das-sind-die-finalisten\/#primaryimage\",\"url\":\"https:\/\/www.ringier.com\/wp-content\/uploads\/2021\/09\/ardez_gr_2_kopie-1.png\",\"contentUrl\":\"https:\/\/www.ringier.com\/wp-content\/uploads\/2021\/09\/ardez_gr_2_kopie-1.png\",\"width\":1005,\"height\":670},{\"@type\":\"BreadcrumbList\",\"@id\":\"https:\/\/www.ringier.com\/de\/das-schoenste-dorf-der-schweiz-das-sind-die-finalisten\/#breadcrumb\",\"itemListElement\":[{\"@type\":\"ListItem\",\"position\":1,\"name\":\"Home\",\"item\":\"https:\/\/www.ringier.com\/de\/\"},{\"@type\":\"ListItem\",\"position\":2,\"name\":\"\u00abDas sch\u00f6nste Dorf der Schweiz\u00bb: Das sind die Finalisten\"}]},{\"@type\":\"WebSite\",\"@id\":\"https:\/\/www.ringier.com\/de\/#website\",\"url\":\"https:\/\/www.ringier.com\/de\/\",\"name\":\"Ringier\",\"description\":\"We inform. We entertain. We connect\",\"publisher\":{\"@id\":\"https:\/\/www.ringier.com\/de\/#organization\"},\"potentialAction\":[{\"@type\":\"SearchAction\",\"target\":{\"@type\":\"EntryPoint\",\"urlTemplate\":\"https:\/\/www.ringier.com\/de\/?s={search_term_string}\"},\"query-input\":{\"@type\":\"PropertyValueSpecification\",\"valueRequired\":true,\"valueName\":\"search_term_string\"}}],\"inLanguage\":\"de-DE\"},{\"@type\":\"Organization\",\"@id\":\"https:\/\/www.ringier.com\/de\/#organization\",\"name\":\"Ringier\",\"url\":\"https:\/\/www.ringier.com\/de\/\",\"logo\":{\"@type\":\"ImageObject\",\"inLanguage\":\"de-DE\",\"@id\":\"https:\/\/www.ringier.com\/de\/#\/schema\/logo\/image\/\",\"url\":\"https:\/\/www.ringier.com\/wp-content\/uploads\/2021\/10\/ringier_logo_2.jpg\",\"contentUrl\":\"https:\/\/www.ringier.com\/wp-content\/uploads\/2021\/10\/ringier_logo_2.jpg\",\"width\":750,\"height\":550,\"caption\":\"Ringier\"},\"image\":{\"@id\":\"https:\/\/www.ringier.com\/de\/#\/schema\/logo\/image\/\"},\"sameAs\":[\"https:\/\/www.facebook.com\/ringierag\/\",\"https:\/\/x.com\/ringier_ag\",\"https:\/\/www.instagram.com\/ringier_ag\/\",\"https:\/\/www.linkedin.com\/company\/ringier\/\",\"https:\/\/www.youtube.com\/user\/RingierComm\",\"https:\/\/en.wikipedia.org\/wiki\/Ringier\",\"https:\/\/de.wikipedia.org\/wiki\/Ringier\",\"https:\/\/fr.wikipedia.org\/wiki\/Ringier\",\"https:\/\/www.crunchbase.com\/organization\/ringier-ag\"]},{\"@type\":\"Person\",\"@id\":\"https:\/\/www.ringier.com\/de\/#\/schema\/person\/4cf76a308dc4b2bb5121bd1e7b752e52\",\"name\":\"Ringier Corporate Communications\",\"image\":{\"@type\":\"ImageObject\",\"inLanguage\":\"de-DE\",\"@id\":\"https:\/\/www.ringier.com\/de\/#\/schema\/person\/image\/\",\"url\":\"https:\/\/secure.gravatar.com\/avatar\/9391e20481368d5df4fe3e1e476c13b27786347489822ec1ed07e532bb41f587?s=96&d=mm&r=g\",\"contentUrl\":\"https:\/\/secure.gravatar.com\/avatar\/9391e20481368d5df4fe3e1e476c13b27786347489822ec1ed07e532bb41f587?s=96&d=mm&r=g\",\"caption\":\"Ringier Corporate Communications\"},\"sameAs\":[\"https:\/\/www.ringier.com\"]}]}<\/script>\n<!-- \/ Yoast SEO Premium plugin. -->","yoast_head_json":{"title":"\u00abDas sch\u00f6nste Dorf der Schweiz\u00bb: Das sind die Finalisten - Ringier","robots":{"index":"index","follow":"follow","max-snippet":"max-snippet:-1","max-image-preview":"max-image-preview:large","max-video-preview":"max-video-preview:-1"},"canonical":"https:\/\/www.ringier.com\/de\/das-schoenste-dorf-der-schweiz-das-sind-die-finalisten\/","og_locale":"de_DE","og_type":"article","og_title":"\u00abDas sch\u00f6nste Dorf der Schweiz\u00bb: Das sind die Finalisten","og_description":"Da waren\u2019s nur noch vier. Zw\u00f6lf D\u00f6rfer hatten sich der Wahl zum \u00absch\u00f6nsten Dorf der Schweiz\u00bb gestellt \u2013 eine Aktion der Schweizer Illustrierten, L'illustr\u00e9 und Il Caff\u00e8 in Zusammenarbeit mit SRF, RTS, RSI und RTR. Die Schweizerinnen und Schweizer haben aus den nominierten D\u00f6rfern das sch\u00f6nste aus jeder Sprachregion ausgew\u00e4hlt und damit auf direktem Weg in die Finalrunde katapultiert. Die Finalisten sind: Ardez (GR), Binn (VS), Morcote (TI) und Saint-Ursanne (JU). Welches der vier Finalisten-D\u00f6rfer das \u00absch\u00f6nste Dorf der Schweiz 2016\u00bb wird, kann noch bis zum 28. September mitbestimmt werden.","og_url":"https:\/\/www.ringier.com\/de\/das-schoenste-dorf-der-schweiz-das-sind-die-finalisten\/","og_site_name":"Ringier","article_publisher":"https:\/\/www.facebook.com\/ringierag\/","article_published_time":"2016-08-31T14:12:00+00:00","article_modified_time":"2024-01-29T11:00:59+00:00","og_image":[{"width":1005,"height":670,"url":"https:\/\/www.ringier.com\/wp-content\/uploads\/2021\/09\/ardez_gr_2_kopie-1.png","type":"image\/png"}],"author":"Ringier Corporate Communications","twitter_card":"summary_large_image","twitter_creator":"@ringier_ag","twitter_site":"@ringier_ag","twitter_misc":{"Verfasst von":"Ringier Corporate Communications","Gesch\u00e4tzte Lesezeit":"3 Minuten"},"schema":{"@context":"https:\/\/schema.org","@graph":[{"@type":"Article","@id":"https:\/\/www.ringier.com\/de\/das-schoenste-dorf-der-schweiz-das-sind-die-finalisten\/#article","isPartOf":{"@id":"https:\/\/www.ringier.com\/de\/das-schoenste-dorf-der-schweiz-das-sind-die-finalisten\/"},"author":{"name":"Ringier Corporate Communications","@id":"https:\/\/www.ringier.com\/de\/#\/schema\/person\/4cf76a308dc4b2bb5121bd1e7b752e52"},"headline":"\u00abDas sch\u00f6nste Dorf der Schweiz\u00bb: Das sind die Finalisten","datePublished":"2016-08-31T14:12:00+00:00","dateModified":"2024-01-29T11:00:59+00:00","mainEntityOfPage":{"@id":"https:\/\/www.ringier.com\/de\/das-schoenste-dorf-der-schweiz-das-sind-die-finalisten\/"},"wordCount":335,"publisher":{"@id":"https:\/\/www.ringier.com\/de\/#organization"},"image":{"@id":"https:\/\/www.ringier.com\/de\/das-schoenste-dorf-der-schweiz-das-sind-die-finalisten\/#primaryimage"},"thumbnailUrl":"https:\/\/www.ringier.com\/wp-content\/uploads\/2021\/09\/ardez_gr_2_kopie-1.png","articleSection":["Media","Ringier Medien Schweiz"],"inLanguage":"de-DE"},{"@type":"WebPage","@id":"https:\/\/www.ringier.com\/de\/das-schoenste-dorf-der-schweiz-das-sind-die-finalisten\/","url":"https:\/\/www.ringier.com\/de\/das-schoenste-dorf-der-schweiz-das-sind-die-finalisten\/","name":"\u00abDas sch\u00f6nste Dorf der Schweiz\u00bb: Das sind die Finalisten - Ringier","isPartOf":{"@id":"https:\/\/www.ringier.com\/de\/#website"},"primaryImageOfPage":{"@id":"https:\/\/www.ringier.com\/de\/das-schoenste-dorf-der-schweiz-das-sind-die-finalisten\/#primaryimage"},"image":{"@id":"https:\/\/www.ringier.com\/de\/das-schoenste-dorf-der-schweiz-das-sind-die-finalisten\/#primaryimage"},"thumbnailUrl":"https:\/\/www.ringier.com\/wp-content\/uploads\/2021\/09\/ardez_gr_2_kopie-1.png","datePublished":"2016-08-31T14:12:00+00:00","dateModified":"2024-01-29T11:00:59+00:00","breadcrumb":{"@id":"https:\/\/www.ringier.com\/de\/das-schoenste-dorf-der-schweiz-das-sind-die-finalisten\/#breadcrumb"},"inLanguage":"de-DE","potentialAction":[{"@type":"ReadAction","target":["https:\/\/www.ringier.com\/de\/das-schoenste-dorf-der-schweiz-das-sind-die-finalisten\/"]}]},{"@type":"ImageObject","inLanguage":"de-DE","@id":"https:\/\/www.ringier.com\/de\/das-schoenste-dorf-der-schweiz-das-sind-die-finalisten\/#primaryimage","url":"https:\/\/www.ringier.com\/wp-content\/uploads\/2021\/09\/ardez_gr_2_kopie-1.png","contentUrl":"https:\/\/www.ringier.com\/wp-content\/uploads\/2021\/09\/ardez_gr_2_kopie-1.png","width":1005,"height":670},{"@type":"BreadcrumbList","@id":"https:\/\/www.ringier.com\/de\/das-schoenste-dorf-der-schweiz-das-sind-die-finalisten\/#breadcrumb","itemListElement":[{"@type":"ListItem","position":1,"name":"Home","item":"https:\/\/www.ringier.com\/de\/"},{"@type":"ListItem","position":2,"name":"\u00abDas sch\u00f6nste Dorf der Schweiz\u00bb: Das sind die Finalisten"}]},{"@type":"WebSite","@id":"https:\/\/www.ringier.com\/de\/#website","url":"https:\/\/www.ringier.com\/de\/","name":"Ringier","description":"We inform. We entertain. We connect","publisher":{"@id":"https:\/\/www.ringier.com\/de\/#organization"},"potentialAction":[{"@type":"SearchAction","target":{"@type":"EntryPoint","urlTemplate":"https:\/\/www.ringier.com\/de\/?s={search_term_string}"},"query-input":{"@type":"PropertyValueSpecification","valueRequired":true,"valueName":"search_term_string"}}],"inLanguage":"de-DE"},{"@type":"Organization","@id":"https:\/\/www.ringier.com\/de\/#organization","name":"Ringier","url":"https:\/\/www.ringier.com\/de\/","logo":{"@type":"ImageObject","inLanguage":"de-DE","@id":"https:\/\/www.ringier.com\/de\/#\/schema\/logo\/image\/","url":"https:\/\/www.ringier.com\/wp-content\/uploads\/2021\/10\/ringier_logo_2.jpg","contentUrl":"https:\/\/www.ringier.com\/wp-content\/uploads\/2021\/10\/ringier_logo_2.jpg","width":750,"height":550,"caption":"Ringier"},"image":{"@id":"https:\/\/www.ringier.com\/de\/#\/schema\/logo\/image\/"},"sameAs":["https:\/\/www.facebook.com\/ringierag\/","https:\/\/x.com\/ringier_ag","https:\/\/www.instagram.com\/ringier_ag\/","https:\/\/www.linkedin.com\/company\/ringier\/","https:\/\/www.youtube.com\/user\/RingierComm","https:\/\/en.wikipedia.org\/wiki\/Ringier","https:\/\/de.wikipedia.org\/wiki\/Ringier","https:\/\/fr.wikipedia.org\/wiki\/Ringier","https:\/\/www.crunchbase.com\/organization\/ringier-ag"]},{"@type":"Person","@id":"https:\/\/www.ringier.com\/de\/#\/schema\/person\/4cf76a308dc4b2bb5121bd1e7b752e52","name":"Ringier Corporate Communications","image":{"@type":"ImageObject","inLanguage":"de-DE","@id":"https:\/\/www.ringier.com\/de\/#\/schema\/person\/image\/","url":"https:\/\/secure.gravatar.com\/avatar\/9391e20481368d5df4fe3e1e476c13b27786347489822ec1ed07e532bb41f587?s=96&d=mm&r=g","contentUrl":"https:\/\/secure.gravatar.com\/avatar\/9391e20481368d5df4fe3e1e476c13b27786347489822ec1ed07e532bb41f587?s=96&d=mm&r=g","caption":"Ringier Corporate Communications"},"sameAs":["https:\/\/www.ringier.com"]}]}},"_links":{"self":[{"href":"https:\/\/www.ringier.com\/de\/wp-json\/wp\/v2\/posts\/7023","targetHints":{"allow":["GET"]}}],"collection":[{"href":"https:\/\/www.ringier.com\/de\/wp-json\/wp\/v2\/posts"}],"about":[{"href":"https:\/\/www.ringier.com\/de\/wp-json\/wp\/v2\/types\/post"}],"author":[{"embeddable":true,"href":"https:\/\/www.ringier.com\/de\/wp-json\/wp\/v2\/users\/23"}],"replies":[{"embeddable":true,"href":"https:\/\/www.ringier.com\/de\/wp-json\/wp\/v2\/comments?post=7023"}],"version-history":[{"count":0,"href":"https:\/\/www.ringier.com\/de\/wp-json\/wp\/v2\/posts\/7023\/revisions"}],"wp:featuredmedia":[{"embeddable":true,"href":"https:\/\/www.ringier.com\/de\/wp-json\/wp\/v2\/media\/7010"}],"wp:attachment":[{"href":"https:\/\/www.ringier.com\/de\/wp-json\/wp\/v2\/media?parent=7023"}],"wp:term":[{"taxonomy":"category","embeddable":true,"href":"https:\/\/www.ringier.com\/de\/wp-json\/wp\/v2\/categories?post=7023"},{"taxonomy":"post_tag","embeddable":true,"href":"https:\/\/www.ringier.com\/de\/wp-json\/wp\/v2\/tags?post=7023"}],"curies":[{"name":"wp","href":"https:\/\/api.w.org\/{rel}","templated":true}]}}