{"id":6987,"date":"2016-08-30T16:02:00","date_gmt":"2016-08-30T14:02:00","guid":{"rendered":"https:\/\/www.ringier.com\/?p=6987"},"modified":"2024-11-22T14:06:19","modified_gmt":"2024-11-22T13:06:19","slug":"alexander-theobald-uebernimmt-die-leitung-der-blick-gruppe","status":"publish","type":"post","link":"https:\/\/www.ringier.com\/de\/alexander-theobald-uebernimmt-die-leitung-der-blick-gruppe\/","title":{"rendered":"Alexander Theobald \u00fcbernimmt die Leitung der Blick-Gruppe"},"content":{"rendered":"\n<p>Anfang August wurde verk\u00fcndet, dass Wolfgang B\u00fcchner, Gesch\u00e4ftsf\u00fchrer der&nbsp;<em>Blick<\/em>-Gruppe, Ringier per Ende Oktober dieses Jahres verlassen wird. Per sofort \u00fcbernimmt nun Alexander Theobald (52), Chief Operating Officer Ringier Schweiz, die interimistische Leitung.<br><br>Alexander Theobald beh\u00e4lt seine heutige Funktion als COO mit dem Verantwortungsbereich Operations und Business Development bei Ringier Schweiz. Theobald ist seit 2014 in dieser Position t\u00e4tig und war zuvor von 2004 bis 2009 bereits Mitglied der Konzernleitung der Ringier AG, zust\u00e4ndig zuerst f\u00fcr das Schweizer Zeitschriftengesch\u00e4ft, dann f\u00fcr die L\u00e4ndergesellschaften in Ungarn und Rum\u00e4nien.<br><br>Per 1. September wird auch die F\u00fchrungsstruktur der&nbsp;<em>Blick<\/em>-Gruppe neu organisiert. Neu aufgebaut wird die Abteilung&nbsp;<em>Brand Studio<\/em>, welche sich auf die Weiterentwicklung von Werbeformaten wie Native Advertising und Produktionssponsoring spezialisiert. Geleitet wird das Team von Fabian Z\u00fcrcher, der sein Amt als stellvertretender Chefredaktor von&nbsp;<a href=\"http:\/\/www.blick.ch\/\"><em>Blick.ch<\/em><\/a><em>, Blick am Abend<\/em>&nbsp;sowie&nbsp;<a href=\"http:\/\/www.blickamabend.ch\/\"><em>Blickamabend.ch<\/em><\/a>&nbsp;zeitnah abgibt.<br><br>Die Leitung des Print-Bereiches der&nbsp;<em>Blick<\/em>-Gruppe wird von Nicolas Pernet, zus\u00e4tzlich zu seiner heutigen Funktion als Leiter Marketing der&nbsp;<em>Blick<\/em>-Gruppe verantwortet. Pernet \u00fcbernimmt damit die Verantwortung f\u00fcr die kommerzielle Weiterentwicklung der Print-Titel.<br><br>Juan Baron \u00fcbernimmt, zus\u00e4tzlich zu seiner Aufgabe als Chief Digital Officer Publishing, interimistisch die Leitung des Bereichs Digital. Sobald die endg\u00fcltige Leitung bestimmt ist, wird sich Baron k\u00fcnftig wieder st\u00e4rker auf strategische und gruppenweite Themen fokussieren.<br><br>Michael Ludewig, Managing Editor im Newsroom der&nbsp;<em>Blick<\/em>-Gruppe, beh\u00e4lt die Verantwortung f\u00fcr die Administrations- und Produktionsabteilungen. Ludewig wird sich insbesondere um die Etablierung der konvergenten Arbeitsprozesse im Newsroom k\u00fcmmern.<br><br>Die Chefredaktoren rapportieren in der neuen Struktur in publizistischen Belangen wieder direkt an Ringier CEO Marc Walder. Disziplinarisch bleiben sie auch weiterhin dem Gesch\u00e4ftsf\u00fchrer der&nbsp;<em>Blick<\/em>-Gruppe unterstellt.<br><br>Die&nbsp;<em>Blick<\/em>-Gruppe ist die st\u00e4rkste Medienmarke der Deutschschweiz und erreicht gem\u00e4ss neuesten Erhebungen der WEMF (Total Audience 2016-1) mit ihren Zeitungen und Online-Portalen 1\u2019932 Millionen Leser und User pro Tag.<br><br>Ringier AG, Corporate Communications<\/p>\n\n\n\n<figure class=\"wp-block-image\"><img decoding=\"async\" src=\"https:\/\/www.ringier.ch\/sites\/default\/files\/styles\/full-page\/public\/images\/alexander_theobald_1.jpg?itok=GIfnFedT\" alt=\"\"\/><\/figure>\n","protected":false},"excerpt":{"rendered":"<p>Alexander Theobald, Chief Operating Officer Ringier Schweiz, \u00fcbernimmt nach dem bereits angek\u00fcndigten Weggang von Wolfgang B\u00fcchner per sofort interimistisch die operative Leitung der Blick-Gruppe. Per 1. September wird die F\u00fchrungsstruktur der Blick-Gruppe zudem neu organisiert.<\/p>\n","protected":false},"author":23,"featured_media":6988,"comment_status":"closed","ping_status":"open","sticky":false,"template":"","format":"standard","meta":{"inline_featured_image":false,"footnotes":""},"categories":[44,371,361],"tags":[],"class_list":["post-6987","post","type-post","status-publish","format-standard","has-post-thumbnail","hentry","category-corporate-de","category-media-de","category-ringier-medien-schweiz"],"yoast_head":"<!-- This site is optimized with the Yoast SEO Premium plugin v27.0 (Yoast SEO v27.0) - https:\/\/yoast.com\/product\/yoast-seo-premium-wordpress\/ -->\n<title>Alexander Theobald \u00fcbernimmt die Leitung der Blick-Gruppe - Ringier<\/title>\n<meta name=\"robots\" content=\"index, follow, max-snippet:-1, max-image-preview:large, max-video-preview:-1\" \/>\n<link rel=\"canonical\" href=\"https:\/\/www.ringier.com\/de\/alexander-theobald-uebernimmt-die-leitung-der-blick-gruppe\/\" \/>\n<meta property=\"og:locale\" content=\"de_DE\" \/>\n<meta property=\"og:type\" content=\"article\" \/>\n<meta property=\"og:title\" content=\"Alexander Theobald \u00fcbernimmt die Leitung der Blick-Gruppe\" \/>\n<meta property=\"og:description\" content=\"Alexander Theobald, Chief Operating Officer Ringier Schweiz, \u00fcbernimmt nach dem bereits angek\u00fcndigten Weggang von Wolfgang B\u00fcchner per sofort interimistisch die operative Leitung der Blick-Gruppe. Per 1. September wird die F\u00fchrungsstruktur der Blick-Gruppe zudem neu organisiert.\" \/>\n<meta property=\"og:url\" content=\"https:\/\/www.ringier.com\/de\/alexander-theobald-uebernimmt-die-leitung-der-blick-gruppe\/\" \/>\n<meta property=\"og:site_name\" content=\"Ringier\" \/>\n<meta property=\"article:publisher\" content=\"https:\/\/www.facebook.com\/ringierag\/\" \/>\n<meta property=\"article:published_time\" content=\"2016-08-30T14:02:00+00:00\" \/>\n<meta property=\"article:modified_time\" content=\"2024-11-22T13:06:19+00:00\" \/>\n<meta property=\"og:image\" content=\"https:\/\/www.ringier.com\/wp-content\/uploads\/2021\/09\/alexander_theobald_1.jpg\" \/>\n\t<meta property=\"og:image:width\" content=\"600\" \/>\n\t<meta property=\"og:image:height\" content=\"400\" \/>\n\t<meta property=\"og:image:type\" content=\"image\/jpeg\" \/>\n<meta name=\"author\" content=\"Ringier Corporate Communications\" \/>\n<meta name=\"twitter:card\" content=\"summary_large_image\" \/>\n<meta name=\"twitter:creator\" content=\"@ringier_ag\" \/>\n<meta name=\"twitter:site\" content=\"@ringier_ag\" \/>\n<meta name=\"twitter:label1\" content=\"Verfasst von\" \/>\n\t<meta name=\"twitter:data1\" content=\"Ringier Corporate Communications\" \/>\n\t<meta name=\"twitter:label2\" content=\"Gesch\u00e4tzte Lesezeit\" \/>\n\t<meta name=\"twitter:data2\" content=\"3 Minuten\" \/>\n<script type=\"application\/ld+json\" class=\"yoast-schema-graph\">{\"@context\":\"https:\/\/schema.org\",\"@graph\":[{\"@type\":\"Article\",\"@id\":\"https:\/\/www.ringier.com\/de\/alexander-theobald-uebernimmt-die-leitung-der-blick-gruppe\/#article\",\"isPartOf\":{\"@id\":\"https:\/\/www.ringier.com\/de\/alexander-theobald-uebernimmt-die-leitung-der-blick-gruppe\/\"},\"author\":{\"name\":\"Ringier Corporate Communications\",\"@id\":\"https:\/\/www.ringier.com\/de\/#\/schema\/person\/4cf76a308dc4b2bb5121bd1e7b752e52\"},\"headline\":\"Alexander Theobald \u00fcbernimmt die Leitung der Blick-Gruppe\",\"datePublished\":\"2016-08-30T14:02:00+00:00\",\"dateModified\":\"2024-11-22T13:06:19+00:00\",\"mainEntityOfPage\":{\"@id\":\"https:\/\/www.ringier.com\/de\/alexander-theobald-uebernimmt-die-leitung-der-blick-gruppe\/\"},\"wordCount\":340,\"publisher\":{\"@id\":\"https:\/\/www.ringier.com\/de\/#organization\"},\"image\":{\"@id\":\"https:\/\/www.ringier.com\/de\/alexander-theobald-uebernimmt-die-leitung-der-blick-gruppe\/#primaryimage\"},\"thumbnailUrl\":\"https:\/\/www.ringier.com\/wp-content\/uploads\/2021\/09\/alexander_theobald_1.jpg\",\"articleSection\":[\"Corporate\",\"Media\",\"Ringier Medien Schweiz\"],\"inLanguage\":\"de-DE\"},{\"@type\":\"WebPage\",\"@id\":\"https:\/\/www.ringier.com\/de\/alexander-theobald-uebernimmt-die-leitung-der-blick-gruppe\/\",\"url\":\"https:\/\/www.ringier.com\/de\/alexander-theobald-uebernimmt-die-leitung-der-blick-gruppe\/\",\"name\":\"Alexander Theobald \u00fcbernimmt die Leitung der Blick-Gruppe - Ringier\",\"isPartOf\":{\"@id\":\"https:\/\/www.ringier.com\/de\/#website\"},\"primaryImageOfPage\":{\"@id\":\"https:\/\/www.ringier.com\/de\/alexander-theobald-uebernimmt-die-leitung-der-blick-gruppe\/#primaryimage\"},\"image\":{\"@id\":\"https:\/\/www.ringier.com\/de\/alexander-theobald-uebernimmt-die-leitung-der-blick-gruppe\/#primaryimage\"},\"thumbnailUrl\":\"https:\/\/www.ringier.com\/wp-content\/uploads\/2021\/09\/alexander_theobald_1.jpg\",\"datePublished\":\"2016-08-30T14:02:00+00:00\",\"dateModified\":\"2024-11-22T13:06:19+00:00\",\"breadcrumb\":{\"@id\":\"https:\/\/www.ringier.com\/de\/alexander-theobald-uebernimmt-die-leitung-der-blick-gruppe\/#breadcrumb\"},\"inLanguage\":\"de-DE\",\"potentialAction\":[{\"@type\":\"ReadAction\",\"target\":[\"https:\/\/www.ringier.com\/de\/alexander-theobald-uebernimmt-die-leitung-der-blick-gruppe\/\"]}]},{\"@type\":\"ImageObject\",\"inLanguage\":\"de-DE\",\"@id\":\"https:\/\/www.ringier.com\/de\/alexander-theobald-uebernimmt-die-leitung-der-blick-gruppe\/#primaryimage\",\"url\":\"https:\/\/www.ringier.com\/wp-content\/uploads\/2021\/09\/alexander_theobald_1.jpg\",\"contentUrl\":\"https:\/\/www.ringier.com\/wp-content\/uploads\/2021\/09\/alexander_theobald_1.jpg\",\"width\":600,\"height\":400},{\"@type\":\"BreadcrumbList\",\"@id\":\"https:\/\/www.ringier.com\/de\/alexander-theobald-uebernimmt-die-leitung-der-blick-gruppe\/#breadcrumb\",\"itemListElement\":[{\"@type\":\"ListItem\",\"position\":1,\"name\":\"Home\",\"item\":\"https:\/\/www.ringier.com\/de\/\"},{\"@type\":\"ListItem\",\"position\":2,\"name\":\"Alexander Theobald \u00fcbernimmt die Leitung der Blick-Gruppe\"}]},{\"@type\":\"WebSite\",\"@id\":\"https:\/\/www.ringier.com\/de\/#website\",\"url\":\"https:\/\/www.ringier.com\/de\/\",\"name\":\"Ringier\",\"description\":\"We inform. We entertain. We connect\",\"publisher\":{\"@id\":\"https:\/\/www.ringier.com\/de\/#organization\"},\"potentialAction\":[{\"@type\":\"SearchAction\",\"target\":{\"@type\":\"EntryPoint\",\"urlTemplate\":\"https:\/\/www.ringier.com\/de\/?s={search_term_string}\"},\"query-input\":{\"@type\":\"PropertyValueSpecification\",\"valueRequired\":true,\"valueName\":\"search_term_string\"}}],\"inLanguage\":\"de-DE\"},{\"@type\":\"Organization\",\"@id\":\"https:\/\/www.ringier.com\/de\/#organization\",\"name\":\"Ringier\",\"url\":\"https:\/\/www.ringier.com\/de\/\",\"logo\":{\"@type\":\"ImageObject\",\"inLanguage\":\"de-DE\",\"@id\":\"https:\/\/www.ringier.com\/de\/#\/schema\/logo\/image\/\",\"url\":\"https:\/\/www.ringier.com\/wp-content\/uploads\/2021\/10\/ringier_logo_2.jpg\",\"contentUrl\":\"https:\/\/www.ringier.com\/wp-content\/uploads\/2021\/10\/ringier_logo_2.jpg\",\"width\":750,\"height\":550,\"caption\":\"Ringier\"},\"image\":{\"@id\":\"https:\/\/www.ringier.com\/de\/#\/schema\/logo\/image\/\"},\"sameAs\":[\"https:\/\/www.facebook.com\/ringierag\/\",\"https:\/\/x.com\/ringier_ag\",\"https:\/\/www.instagram.com\/ringier_ag\/\",\"https:\/\/www.linkedin.com\/company\/ringier\/\",\"https:\/\/www.youtube.com\/user\/RingierComm\",\"https:\/\/en.wikipedia.org\/wiki\/Ringier\",\"https:\/\/de.wikipedia.org\/wiki\/Ringier\",\"https:\/\/fr.wikipedia.org\/wiki\/Ringier\",\"https:\/\/www.crunchbase.com\/organization\/ringier-ag\"]},{\"@type\":\"Person\",\"@id\":\"https:\/\/www.ringier.com\/de\/#\/schema\/person\/4cf76a308dc4b2bb5121bd1e7b752e52\",\"name\":\"Ringier Corporate Communications\",\"image\":{\"@type\":\"ImageObject\",\"inLanguage\":\"de-DE\",\"@id\":\"https:\/\/www.ringier.com\/de\/#\/schema\/person\/image\/\",\"url\":\"https:\/\/secure.gravatar.com\/avatar\/9391e20481368d5df4fe3e1e476c13b27786347489822ec1ed07e532bb41f587?s=96&d=mm&r=g\",\"contentUrl\":\"https:\/\/secure.gravatar.com\/avatar\/9391e20481368d5df4fe3e1e476c13b27786347489822ec1ed07e532bb41f587?s=96&d=mm&r=g\",\"caption\":\"Ringier Corporate Communications\"},\"sameAs\":[\"https:\/\/www.ringier.com\"]}]}<\/script>\n<!-- \/ Yoast SEO Premium plugin. -->","yoast_head_json":{"title":"Alexander Theobald \u00fcbernimmt die Leitung der Blick-Gruppe - Ringier","robots":{"index":"index","follow":"follow","max-snippet":"max-snippet:-1","max-image-preview":"max-image-preview:large","max-video-preview":"max-video-preview:-1"},"canonical":"https:\/\/www.ringier.com\/de\/alexander-theobald-uebernimmt-die-leitung-der-blick-gruppe\/","og_locale":"de_DE","og_type":"article","og_title":"Alexander Theobald \u00fcbernimmt die Leitung der Blick-Gruppe","og_description":"Alexander Theobald, Chief Operating Officer Ringier Schweiz, \u00fcbernimmt nach dem bereits angek\u00fcndigten Weggang von Wolfgang B\u00fcchner per sofort interimistisch die operative Leitung der Blick-Gruppe. Per 1. September wird die F\u00fchrungsstruktur der Blick-Gruppe zudem neu organisiert.","og_url":"https:\/\/www.ringier.com\/de\/alexander-theobald-uebernimmt-die-leitung-der-blick-gruppe\/","og_site_name":"Ringier","article_publisher":"https:\/\/www.facebook.com\/ringierag\/","article_published_time":"2016-08-30T14:02:00+00:00","article_modified_time":"2024-11-22T13:06:19+00:00","og_image":[{"width":600,"height":400,"url":"https:\/\/www.ringier.com\/wp-content\/uploads\/2021\/09\/alexander_theobald_1.jpg","type":"image\/jpeg"}],"author":"Ringier Corporate Communications","twitter_card":"summary_large_image","twitter_creator":"@ringier_ag","twitter_site":"@ringier_ag","twitter_misc":{"Verfasst von":"Ringier Corporate Communications","Gesch\u00e4tzte Lesezeit":"3 Minuten"},"schema":{"@context":"https:\/\/schema.org","@graph":[{"@type":"Article","@id":"https:\/\/www.ringier.com\/de\/alexander-theobald-uebernimmt-die-leitung-der-blick-gruppe\/#article","isPartOf":{"@id":"https:\/\/www.ringier.com\/de\/alexander-theobald-uebernimmt-die-leitung-der-blick-gruppe\/"},"author":{"name":"Ringier Corporate Communications","@id":"https:\/\/www.ringier.com\/de\/#\/schema\/person\/4cf76a308dc4b2bb5121bd1e7b752e52"},"headline":"Alexander Theobald \u00fcbernimmt die Leitung der Blick-Gruppe","datePublished":"2016-08-30T14:02:00+00:00","dateModified":"2024-11-22T13:06:19+00:00","mainEntityOfPage":{"@id":"https:\/\/www.ringier.com\/de\/alexander-theobald-uebernimmt-die-leitung-der-blick-gruppe\/"},"wordCount":340,"publisher":{"@id":"https:\/\/www.ringier.com\/de\/#organization"},"image":{"@id":"https:\/\/www.ringier.com\/de\/alexander-theobald-uebernimmt-die-leitung-der-blick-gruppe\/#primaryimage"},"thumbnailUrl":"https:\/\/www.ringier.com\/wp-content\/uploads\/2021\/09\/alexander_theobald_1.jpg","articleSection":["Corporate","Media","Ringier Medien Schweiz"],"inLanguage":"de-DE"},{"@type":"WebPage","@id":"https:\/\/www.ringier.com\/de\/alexander-theobald-uebernimmt-die-leitung-der-blick-gruppe\/","url":"https:\/\/www.ringier.com\/de\/alexander-theobald-uebernimmt-die-leitung-der-blick-gruppe\/","name":"Alexander Theobald \u00fcbernimmt die Leitung der Blick-Gruppe - Ringier","isPartOf":{"@id":"https:\/\/www.ringier.com\/de\/#website"},"primaryImageOfPage":{"@id":"https:\/\/www.ringier.com\/de\/alexander-theobald-uebernimmt-die-leitung-der-blick-gruppe\/#primaryimage"},"image":{"@id":"https:\/\/www.ringier.com\/de\/alexander-theobald-uebernimmt-die-leitung-der-blick-gruppe\/#primaryimage"},"thumbnailUrl":"https:\/\/www.ringier.com\/wp-content\/uploads\/2021\/09\/alexander_theobald_1.jpg","datePublished":"2016-08-30T14:02:00+00:00","dateModified":"2024-11-22T13:06:19+00:00","breadcrumb":{"@id":"https:\/\/www.ringier.com\/de\/alexander-theobald-uebernimmt-die-leitung-der-blick-gruppe\/#breadcrumb"},"inLanguage":"de-DE","potentialAction":[{"@type":"ReadAction","target":["https:\/\/www.ringier.com\/de\/alexander-theobald-uebernimmt-die-leitung-der-blick-gruppe\/"]}]},{"@type":"ImageObject","inLanguage":"de-DE","@id":"https:\/\/www.ringier.com\/de\/alexander-theobald-uebernimmt-die-leitung-der-blick-gruppe\/#primaryimage","url":"https:\/\/www.ringier.com\/wp-content\/uploads\/2021\/09\/alexander_theobald_1.jpg","contentUrl":"https:\/\/www.ringier.com\/wp-content\/uploads\/2021\/09\/alexander_theobald_1.jpg","width":600,"height":400},{"@type":"BreadcrumbList","@id":"https:\/\/www.ringier.com\/de\/alexander-theobald-uebernimmt-die-leitung-der-blick-gruppe\/#breadcrumb","itemListElement":[{"@type":"ListItem","position":1,"name":"Home","item":"https:\/\/www.ringier.com\/de\/"},{"@type":"ListItem","position":2,"name":"Alexander Theobald \u00fcbernimmt die Leitung der Blick-Gruppe"}]},{"@type":"WebSite","@id":"https:\/\/www.ringier.com\/de\/#website","url":"https:\/\/www.ringier.com\/de\/","name":"Ringier","description":"We inform. We entertain. We connect","publisher":{"@id":"https:\/\/www.ringier.com\/de\/#organization"},"potentialAction":[{"@type":"SearchAction","target":{"@type":"EntryPoint","urlTemplate":"https:\/\/www.ringier.com\/de\/?s={search_term_string}"},"query-input":{"@type":"PropertyValueSpecification","valueRequired":true,"valueName":"search_term_string"}}],"inLanguage":"de-DE"},{"@type":"Organization","@id":"https:\/\/www.ringier.com\/de\/#organization","name":"Ringier","url":"https:\/\/www.ringier.com\/de\/","logo":{"@type":"ImageObject","inLanguage":"de-DE","@id":"https:\/\/www.ringier.com\/de\/#\/schema\/logo\/image\/","url":"https:\/\/www.ringier.com\/wp-content\/uploads\/2021\/10\/ringier_logo_2.jpg","contentUrl":"https:\/\/www.ringier.com\/wp-content\/uploads\/2021\/10\/ringier_logo_2.jpg","width":750,"height":550,"caption":"Ringier"},"image":{"@id":"https:\/\/www.ringier.com\/de\/#\/schema\/logo\/image\/"},"sameAs":["https:\/\/www.facebook.com\/ringierag\/","https:\/\/x.com\/ringier_ag","https:\/\/www.instagram.com\/ringier_ag\/","https:\/\/www.linkedin.com\/company\/ringier\/","https:\/\/www.youtube.com\/user\/RingierComm","https:\/\/en.wikipedia.org\/wiki\/Ringier","https:\/\/de.wikipedia.org\/wiki\/Ringier","https:\/\/fr.wikipedia.org\/wiki\/Ringier","https:\/\/www.crunchbase.com\/organization\/ringier-ag"]},{"@type":"Person","@id":"https:\/\/www.ringier.com\/de\/#\/schema\/person\/4cf76a308dc4b2bb5121bd1e7b752e52","name":"Ringier Corporate Communications","image":{"@type":"ImageObject","inLanguage":"de-DE","@id":"https:\/\/www.ringier.com\/de\/#\/schema\/person\/image\/","url":"https:\/\/secure.gravatar.com\/avatar\/9391e20481368d5df4fe3e1e476c13b27786347489822ec1ed07e532bb41f587?s=96&d=mm&r=g","contentUrl":"https:\/\/secure.gravatar.com\/avatar\/9391e20481368d5df4fe3e1e476c13b27786347489822ec1ed07e532bb41f587?s=96&d=mm&r=g","caption":"Ringier Corporate Communications"},"sameAs":["https:\/\/www.ringier.com"]}]}},"_links":{"self":[{"href":"https:\/\/www.ringier.com\/de\/wp-json\/wp\/v2\/posts\/6987","targetHints":{"allow":["GET"]}}],"collection":[{"href":"https:\/\/www.ringier.com\/de\/wp-json\/wp\/v2\/posts"}],"about":[{"href":"https:\/\/www.ringier.com\/de\/wp-json\/wp\/v2\/types\/post"}],"author":[{"embeddable":true,"href":"https:\/\/www.ringier.com\/de\/wp-json\/wp\/v2\/users\/23"}],"replies":[{"embeddable":true,"href":"https:\/\/www.ringier.com\/de\/wp-json\/wp\/v2\/comments?post=6987"}],"version-history":[{"count":0,"href":"https:\/\/www.ringier.com\/de\/wp-json\/wp\/v2\/posts\/6987\/revisions"}],"wp:featuredmedia":[{"embeddable":true,"href":"https:\/\/www.ringier.com\/de\/wp-json\/wp\/v2\/media\/6988"}],"wp:attachment":[{"href":"https:\/\/www.ringier.com\/de\/wp-json\/wp\/v2\/media?parent=6987"}],"wp:term":[{"taxonomy":"category","embeddable":true,"href":"https:\/\/www.ringier.com\/de\/wp-json\/wp\/v2\/categories?post=6987"},{"taxonomy":"post_tag","embeddable":true,"href":"https:\/\/www.ringier.com\/de\/wp-json\/wp\/v2\/tags?post=6987"}],"curies":[{"name":"wp","href":"https:\/\/api.w.org\/{rel}","templated":true}]}}