{"id":6934,"date":"2016-09-14T15:24:00","date_gmt":"2016-09-14T13:24:00","guid":{"rendered":"https:\/\/www.ringier.com\/?p=6934"},"modified":"2024-11-22T14:04:11","modified_gmt":"2024-11-22T13:04:11","slug":"schweizer-branche-glaubt-an-elektroautos-private-sind-noch-zurueckhaltend","status":"publish","type":"post","link":"https:\/\/www.ringier.com\/de\/schweizer-branche-glaubt-an-elektroautos-private-sind-noch-zurueckhaltend\/","title":{"rendered":"Schweizer Branche glaubt an Elektroautos \u2013 Private sind (noch) zur\u00fcckhaltend"},"content":{"rendered":"\n<p>Elektroautos liegen im Trend. K\u00f6nnte man meinen. Doch vermeintlich fehlende Ladestationen (36 Prozent) und die hohen Anschaffungskosten (15 Prozent) sind f\u00fcr die befragten Privatinserenten die massgeblichen Gr\u00fcnde, vorderhand kein Elektroauto zu kaufen. Etwas mehr als jeder Zehnte findet, dass alternative Antriebsformen dem Autofahrer generell noch zu wenig Vorteile bieten. Zwei Drittel der Befragten w\u00fcrden sich deshalb kein Elektroauto anschaffen. Die Bef\u00fcrworter kommen immerhin auf 35 Prozent. F\u00fcr die Erhebung hat&nbsp;<a href=\"http:\/\/www.autoscout24.ch\/de\/auto\" target=\"_blank\" rel=\"noreferrer noopener\">AutoScout24<\/a>&nbsp;\u00fcber 1100 Privatinserenten gefragt, ob sie sich vorstellen k\u00f6nnten, ein Elektroauto zu kaufen.<\/p>\n\n\n\n<p>Elektroautos haben es geschafft, zum Thema zu werden. Doch wenn es um die effektiven Kauf geht, zeigen sich die Autofahrer noch zur\u00fcckhaltend. \u00abDer Markt f\u00fcr Elektroautos nimmt zwar stetig aber auf tiefem Niveau zu\u00bb, sagt Christoph Aebi, Director von&nbsp;<a href=\"http:\/\/www.autoscout24.ch\/de\/auto\" target=\"_blank\" rel=\"noreferrer noopener\">AutoScout24<\/a>. \u00abIm Vergleich zu Deutschland oder Frankreich gibt es in der Schweiz noch keine kantonal einheitliche Subventionierung. Und auch der Ausbau der Infrastruktur ist nicht national geregelt. Diese Faktoren wirken sich sicher hemmend aus auf den Glauben von Privatpersonen an die Zukunft solcher Fahrzeuge.\u00bb<\/p>\n\n\n\n<p><strong>Mehrheit der Garagisten glaubt an \u00d6ko-Autos<\/strong><\/p>\n\n\n\n<p>Anders beurteilt die Autobranche die Zukunftsaussichten von Fahrzeugen mit alternativen Antrieben. Zus\u00e4tzlich zu den Privatinserenten wollte AutoScout24 von professionellen Autoh\u00e4ndlern wissen, was sie von \u00d6ko-Autos halten. Das Resultat: Mehr als 70 Prozent der Garagisten sind \u00fcberzeugt, dass alternative Antriebsformen in Zukunft immer wichtiger werden. 28 Prozent stehen der Entwicklung kritisch gegen\u00fcber. Am meisten Potenzial schreibt das Bef\u00fcrworter-Lager hybriden Diesel-\/Elektroautos zu (48 Prozent). Ein Drittel der Befragten Unternehmer glaubt, dass reine Elektrofahrzeuge am zukunftstr\u00e4chtigsten sind. An der H\u00e4ndlerbefragung haben \u00fcber 300 Garagisten aus der ganzen Schweiz teilgenommen.<\/p>\n\n\n\n<p><strong>Weitere Informationen:<\/strong><\/p>\n\n\n\n<p>Scout24 Schweiz AG &nbsp;&nbsp;&nbsp;&nbsp;&nbsp;&nbsp;&nbsp;&nbsp;&nbsp;&nbsp;&nbsp;&nbsp;&nbsp;&nbsp;&nbsp;&nbsp;&nbsp;&nbsp;&nbsp;&nbsp;&nbsp;&nbsp;&nbsp;&nbsp;&nbsp;&nbsp;<\/p>\n\n\n\n<p>Christoph Aebi &nbsp;&nbsp;&nbsp;&nbsp;&nbsp;&nbsp;&nbsp;&nbsp;&nbsp;&nbsp;&nbsp;&nbsp;&nbsp;&nbsp;&nbsp;&nbsp;&nbsp;&nbsp;&nbsp;&nbsp;&nbsp;&nbsp;&nbsp;&nbsp;&nbsp;&nbsp;&nbsp;&nbsp;&nbsp;&nbsp;&nbsp;&nbsp;&nbsp;&nbsp;<\/p>\n\n\n\n<p><em>Director AutoScout24 &nbsp;&nbsp;&nbsp;&nbsp;&nbsp;&nbsp;&nbsp;&nbsp;&nbsp;&nbsp;&nbsp;&nbsp;&nbsp;&nbsp;&nbsp;&nbsp;&nbsp;&nbsp;&nbsp;&nbsp;&nbsp;&nbsp;&nbsp;&nbsp;&nbsp;&nbsp;<\/em><\/p>\n\n\n\n<p>Tel. +41 31 744 21 93 &nbsp;&nbsp;&nbsp;&nbsp;&nbsp;&nbsp;&nbsp;&nbsp;&nbsp;&nbsp;&nbsp;&nbsp;&nbsp;&nbsp;&nbsp;&nbsp;&nbsp;&nbsp;&nbsp;&nbsp;&nbsp;&nbsp;&nbsp;&nbsp;&nbsp;<\/p>\n\n\n\n<p><a href=\"mailto:christoph.aebi@scout24.ch\">christoph.aebi@scout24.ch<\/a>&nbsp;&nbsp;&nbsp;&nbsp;&nbsp;&nbsp;&nbsp;&nbsp;&nbsp;&nbsp;&nbsp;&nbsp;&nbsp;&nbsp;&nbsp;&nbsp;&nbsp;&nbsp;&nbsp;&nbsp;&nbsp;&nbsp;&nbsp;<\/p>\n\n\n\n<p>Scout24 Schweiz AG<\/p>\n\n\n\n<p>Cornelia Magnin<\/p>\n\n\n\n<p><em>Head of Corporate Communication &amp; Content<\/em><\/p>\n\n\n\n<p>Tel. +41 31 744 12 42<\/p>\n\n\n\n<p><a href=\"mailto:media@scout24.ch\">media@scout24.ch<\/a><\/p>\n","protected":false},"excerpt":{"rendered":"<p>\u00dcber 70 Prozent der Schweizer Autoh\u00e4ndler glauben, dass den Elektroautos die Zukunft geh\u00f6rt. Private Autobesitzer hingegen stehen den alternativen Antrieben noch mehrheitlich skeptisch gegen\u00fcber: 65 Prozent w\u00fcrden vorderhand noch kein Elektroauto kaufen. Dies zeigt eine Umfrage von AutoScout24, dem gr\u00f6ssten Onlinemarktplatz f\u00fcr Neu- und Gebrauchtwagen in der Schweiz.<\/p>\n","protected":false},"author":23,"featured_media":6936,"comment_status":"closed","ping_status":"open","sticky":false,"template":"","format":"standard","meta":{"inline_featured_image":false,"footnotes":""},"categories":[376],"tags":[],"class_list":["post-6934","post","type-post","status-publish","format-standard","has-post-thumbnail","hentry","category-marketplaces-de"],"yoast_head":"<!-- This site is optimized with the Yoast SEO Premium plugin v27.0 (Yoast SEO v27.0) - https:\/\/yoast.com\/product\/yoast-seo-premium-wordpress\/ -->\n<title>Schweizer Branche glaubt an Elektroautos \u2013 Private sind (noch) zur\u00fcckhaltend - Ringier<\/title>\n<meta name=\"robots\" content=\"index, follow, max-snippet:-1, max-image-preview:large, max-video-preview:-1\" \/>\n<link rel=\"canonical\" href=\"https:\/\/www.ringier.com\/de\/schweizer-branche-glaubt-an-elektroautos-private-sind-noch-zurueckhaltend\/\" \/>\n<meta property=\"og:locale\" content=\"de_DE\" \/>\n<meta property=\"og:type\" content=\"article\" \/>\n<meta property=\"og:title\" content=\"Schweizer Branche glaubt an Elektroautos \u2013 Private sind (noch) zur\u00fcckhaltend\" \/>\n<meta property=\"og:description\" content=\"\u00dcber 70 Prozent der Schweizer Autoh\u00e4ndler glauben, dass den Elektroautos die Zukunft geh\u00f6rt. Private Autobesitzer hingegen stehen den alternativen Antrieben noch mehrheitlich skeptisch gegen\u00fcber: 65 Prozent w\u00fcrden vorderhand noch kein Elektroauto kaufen. Dies zeigt eine Umfrage von AutoScout24, dem gr\u00f6ssten Onlinemarktplatz f\u00fcr Neu- und Gebrauchtwagen in der Schweiz.\" \/>\n<meta property=\"og:url\" content=\"https:\/\/www.ringier.com\/de\/schweizer-branche-glaubt-an-elektroautos-private-sind-noch-zurueckhaltend\/\" \/>\n<meta property=\"og:site_name\" content=\"Ringier\" \/>\n<meta property=\"article:publisher\" content=\"https:\/\/www.facebook.com\/ringierag\/\" \/>\n<meta property=\"article:published_time\" content=\"2016-09-14T13:24:00+00:00\" \/>\n<meta property=\"article:modified_time\" content=\"2024-11-22T13:04:11+00:00\" \/>\n<meta property=\"og:image\" content=\"https:\/\/www.ringier.com\/wp-content\/uploads\/2021\/09\/istock_elektroladestation_0.jpg\" \/>\n\t<meta property=\"og:image:width\" content=\"700\" \/>\n\t<meta property=\"og:image:height\" content=\"400\" \/>\n\t<meta property=\"og:image:type\" content=\"image\/jpeg\" \/>\n<meta name=\"author\" content=\"Ringier Corporate Communications\" \/>\n<meta name=\"twitter:card\" content=\"summary_large_image\" \/>\n<meta name=\"twitter:creator\" content=\"@ringier_ag\" \/>\n<meta name=\"twitter:site\" content=\"@ringier_ag\" \/>\n<meta name=\"twitter:label1\" content=\"Verfasst von\" \/>\n\t<meta name=\"twitter:data1\" content=\"Ringier Corporate Communications\" \/>\n\t<meta name=\"twitter:label2\" content=\"Gesch\u00e4tzte Lesezeit\" \/>\n\t<meta name=\"twitter:data2\" content=\"2 Minuten\" \/>\n<script type=\"application\/ld+json\" class=\"yoast-schema-graph\">{\"@context\":\"https:\/\/schema.org\",\"@graph\":[{\"@type\":\"Article\",\"@id\":\"https:\/\/www.ringier.com\/de\/schweizer-branche-glaubt-an-elektroautos-private-sind-noch-zurueckhaltend\/#article\",\"isPartOf\":{\"@id\":\"https:\/\/www.ringier.com\/de\/schweizer-branche-glaubt-an-elektroautos-private-sind-noch-zurueckhaltend\/\"},\"author\":{\"name\":\"Ringier Corporate Communications\",\"@id\":\"https:\/\/www.ringier.com\/de\/#\/schema\/person\/4cf76a308dc4b2bb5121bd1e7b752e52\"},\"headline\":\"Schweizer Branche glaubt an Elektroautos \u2013 Private sind (noch) zur\u00fcckhaltend\",\"datePublished\":\"2016-09-14T13:24:00+00:00\",\"dateModified\":\"2024-11-22T13:04:11+00:00\",\"mainEntityOfPage\":{\"@id\":\"https:\/\/www.ringier.com\/de\/schweizer-branche-glaubt-an-elektroautos-private-sind-noch-zurueckhaltend\/\"},\"wordCount\":443,\"publisher\":{\"@id\":\"https:\/\/www.ringier.com\/de\/#organization\"},\"image\":{\"@id\":\"https:\/\/www.ringier.com\/de\/schweizer-branche-glaubt-an-elektroautos-private-sind-noch-zurueckhaltend\/#primaryimage\"},\"thumbnailUrl\":\"https:\/\/www.ringier.com\/wp-content\/uploads\/2021\/09\/istock_elektroladestation_0.jpg\",\"articleSection\":[\"Marketplaces\"],\"inLanguage\":\"de-DE\"},{\"@type\":\"WebPage\",\"@id\":\"https:\/\/www.ringier.com\/de\/schweizer-branche-glaubt-an-elektroautos-private-sind-noch-zurueckhaltend\/\",\"url\":\"https:\/\/www.ringier.com\/de\/schweizer-branche-glaubt-an-elektroautos-private-sind-noch-zurueckhaltend\/\",\"name\":\"Schweizer Branche glaubt an Elektroautos \u2013 Private sind (noch) zur\u00fcckhaltend - Ringier\",\"isPartOf\":{\"@id\":\"https:\/\/www.ringier.com\/de\/#website\"},\"primaryImageOfPage\":{\"@id\":\"https:\/\/www.ringier.com\/de\/schweizer-branche-glaubt-an-elektroautos-private-sind-noch-zurueckhaltend\/#primaryimage\"},\"image\":{\"@id\":\"https:\/\/www.ringier.com\/de\/schweizer-branche-glaubt-an-elektroautos-private-sind-noch-zurueckhaltend\/#primaryimage\"},\"thumbnailUrl\":\"https:\/\/www.ringier.com\/wp-content\/uploads\/2021\/09\/istock_elektroladestation_0.jpg\",\"datePublished\":\"2016-09-14T13:24:00+00:00\",\"dateModified\":\"2024-11-22T13:04:11+00:00\",\"breadcrumb\":{\"@id\":\"https:\/\/www.ringier.com\/de\/schweizer-branche-glaubt-an-elektroautos-private-sind-noch-zurueckhaltend\/#breadcrumb\"},\"inLanguage\":\"de-DE\",\"potentialAction\":[{\"@type\":\"ReadAction\",\"target\":[\"https:\/\/www.ringier.com\/de\/schweizer-branche-glaubt-an-elektroautos-private-sind-noch-zurueckhaltend\/\"]}]},{\"@type\":\"ImageObject\",\"inLanguage\":\"de-DE\",\"@id\":\"https:\/\/www.ringier.com\/de\/schweizer-branche-glaubt-an-elektroautos-private-sind-noch-zurueckhaltend\/#primaryimage\",\"url\":\"https:\/\/www.ringier.com\/wp-content\/uploads\/2021\/09\/istock_elektroladestation_0.jpg\",\"contentUrl\":\"https:\/\/www.ringier.com\/wp-content\/uploads\/2021\/09\/istock_elektroladestation_0.jpg\",\"width\":700,\"height\":400},{\"@type\":\"BreadcrumbList\",\"@id\":\"https:\/\/www.ringier.com\/de\/schweizer-branche-glaubt-an-elektroautos-private-sind-noch-zurueckhaltend\/#breadcrumb\",\"itemListElement\":[{\"@type\":\"ListItem\",\"position\":1,\"name\":\"Home\",\"item\":\"https:\/\/www.ringier.com\/de\/\"},{\"@type\":\"ListItem\",\"position\":2,\"name\":\"Schweizer Branche glaubt an Elektroautos \u2013 Private sind (noch) zur\u00fcckhaltend\"}]},{\"@type\":\"WebSite\",\"@id\":\"https:\/\/www.ringier.com\/de\/#website\",\"url\":\"https:\/\/www.ringier.com\/de\/\",\"name\":\"Ringier\",\"description\":\"We inform. We entertain. We connect\",\"publisher\":{\"@id\":\"https:\/\/www.ringier.com\/de\/#organization\"},\"potentialAction\":[{\"@type\":\"SearchAction\",\"target\":{\"@type\":\"EntryPoint\",\"urlTemplate\":\"https:\/\/www.ringier.com\/de\/?s={search_term_string}\"},\"query-input\":{\"@type\":\"PropertyValueSpecification\",\"valueRequired\":true,\"valueName\":\"search_term_string\"}}],\"inLanguage\":\"de-DE\"},{\"@type\":\"Organization\",\"@id\":\"https:\/\/www.ringier.com\/de\/#organization\",\"name\":\"Ringier\",\"url\":\"https:\/\/www.ringier.com\/de\/\",\"logo\":{\"@type\":\"ImageObject\",\"inLanguage\":\"de-DE\",\"@id\":\"https:\/\/www.ringier.com\/de\/#\/schema\/logo\/image\/\",\"url\":\"https:\/\/www.ringier.com\/wp-content\/uploads\/2021\/10\/ringier_logo_2.jpg\",\"contentUrl\":\"https:\/\/www.ringier.com\/wp-content\/uploads\/2021\/10\/ringier_logo_2.jpg\",\"width\":750,\"height\":550,\"caption\":\"Ringier\"},\"image\":{\"@id\":\"https:\/\/www.ringier.com\/de\/#\/schema\/logo\/image\/\"},\"sameAs\":[\"https:\/\/www.facebook.com\/ringierag\/\",\"https:\/\/x.com\/ringier_ag\",\"https:\/\/www.instagram.com\/ringier_ag\/\",\"https:\/\/www.linkedin.com\/company\/ringier\/\",\"https:\/\/www.youtube.com\/user\/RingierComm\",\"https:\/\/en.wikipedia.org\/wiki\/Ringier\",\"https:\/\/de.wikipedia.org\/wiki\/Ringier\",\"https:\/\/fr.wikipedia.org\/wiki\/Ringier\",\"https:\/\/www.crunchbase.com\/organization\/ringier-ag\"]},{\"@type\":\"Person\",\"@id\":\"https:\/\/www.ringier.com\/de\/#\/schema\/person\/4cf76a308dc4b2bb5121bd1e7b752e52\",\"name\":\"Ringier Corporate Communications\",\"image\":{\"@type\":\"ImageObject\",\"inLanguage\":\"de-DE\",\"@id\":\"https:\/\/www.ringier.com\/de\/#\/schema\/person\/image\/\",\"url\":\"https:\/\/secure.gravatar.com\/avatar\/9391e20481368d5df4fe3e1e476c13b27786347489822ec1ed07e532bb41f587?s=96&d=mm&r=g\",\"contentUrl\":\"https:\/\/secure.gravatar.com\/avatar\/9391e20481368d5df4fe3e1e476c13b27786347489822ec1ed07e532bb41f587?s=96&d=mm&r=g\",\"caption\":\"Ringier Corporate Communications\"},\"sameAs\":[\"https:\/\/www.ringier.com\"]}]}<\/script>\n<!-- \/ Yoast SEO Premium plugin. -->","yoast_head_json":{"title":"Schweizer Branche glaubt an Elektroautos \u2013 Private sind (noch) zur\u00fcckhaltend - Ringier","robots":{"index":"index","follow":"follow","max-snippet":"max-snippet:-1","max-image-preview":"max-image-preview:large","max-video-preview":"max-video-preview:-1"},"canonical":"https:\/\/www.ringier.com\/de\/schweizer-branche-glaubt-an-elektroautos-private-sind-noch-zurueckhaltend\/","og_locale":"de_DE","og_type":"article","og_title":"Schweizer Branche glaubt an Elektroautos \u2013 Private sind (noch) zur\u00fcckhaltend","og_description":"\u00dcber 70 Prozent der Schweizer Autoh\u00e4ndler glauben, dass den Elektroautos die Zukunft geh\u00f6rt. Private Autobesitzer hingegen stehen den alternativen Antrieben noch mehrheitlich skeptisch gegen\u00fcber: 65 Prozent w\u00fcrden vorderhand noch kein Elektroauto kaufen. Dies zeigt eine Umfrage von AutoScout24, dem gr\u00f6ssten Onlinemarktplatz f\u00fcr Neu- und Gebrauchtwagen in der Schweiz.","og_url":"https:\/\/www.ringier.com\/de\/schweizer-branche-glaubt-an-elektroautos-private-sind-noch-zurueckhaltend\/","og_site_name":"Ringier","article_publisher":"https:\/\/www.facebook.com\/ringierag\/","article_published_time":"2016-09-14T13:24:00+00:00","article_modified_time":"2024-11-22T13:04:11+00:00","og_image":[{"width":700,"height":400,"url":"https:\/\/www.ringier.com\/wp-content\/uploads\/2021\/09\/istock_elektroladestation_0.jpg","type":"image\/jpeg"}],"author":"Ringier Corporate Communications","twitter_card":"summary_large_image","twitter_creator":"@ringier_ag","twitter_site":"@ringier_ag","twitter_misc":{"Verfasst von":"Ringier Corporate Communications","Gesch\u00e4tzte Lesezeit":"2 Minuten"},"schema":{"@context":"https:\/\/schema.org","@graph":[{"@type":"Article","@id":"https:\/\/www.ringier.com\/de\/schweizer-branche-glaubt-an-elektroautos-private-sind-noch-zurueckhaltend\/#article","isPartOf":{"@id":"https:\/\/www.ringier.com\/de\/schweizer-branche-glaubt-an-elektroautos-private-sind-noch-zurueckhaltend\/"},"author":{"name":"Ringier Corporate Communications","@id":"https:\/\/www.ringier.com\/de\/#\/schema\/person\/4cf76a308dc4b2bb5121bd1e7b752e52"},"headline":"Schweizer Branche glaubt an Elektroautos \u2013 Private sind (noch) zur\u00fcckhaltend","datePublished":"2016-09-14T13:24:00+00:00","dateModified":"2024-11-22T13:04:11+00:00","mainEntityOfPage":{"@id":"https:\/\/www.ringier.com\/de\/schweizer-branche-glaubt-an-elektroautos-private-sind-noch-zurueckhaltend\/"},"wordCount":443,"publisher":{"@id":"https:\/\/www.ringier.com\/de\/#organization"},"image":{"@id":"https:\/\/www.ringier.com\/de\/schweizer-branche-glaubt-an-elektroautos-private-sind-noch-zurueckhaltend\/#primaryimage"},"thumbnailUrl":"https:\/\/www.ringier.com\/wp-content\/uploads\/2021\/09\/istock_elektroladestation_0.jpg","articleSection":["Marketplaces"],"inLanguage":"de-DE"},{"@type":"WebPage","@id":"https:\/\/www.ringier.com\/de\/schweizer-branche-glaubt-an-elektroautos-private-sind-noch-zurueckhaltend\/","url":"https:\/\/www.ringier.com\/de\/schweizer-branche-glaubt-an-elektroautos-private-sind-noch-zurueckhaltend\/","name":"Schweizer Branche glaubt an Elektroautos \u2013 Private sind (noch) zur\u00fcckhaltend - Ringier","isPartOf":{"@id":"https:\/\/www.ringier.com\/de\/#website"},"primaryImageOfPage":{"@id":"https:\/\/www.ringier.com\/de\/schweizer-branche-glaubt-an-elektroautos-private-sind-noch-zurueckhaltend\/#primaryimage"},"image":{"@id":"https:\/\/www.ringier.com\/de\/schweizer-branche-glaubt-an-elektroautos-private-sind-noch-zurueckhaltend\/#primaryimage"},"thumbnailUrl":"https:\/\/www.ringier.com\/wp-content\/uploads\/2021\/09\/istock_elektroladestation_0.jpg","datePublished":"2016-09-14T13:24:00+00:00","dateModified":"2024-11-22T13:04:11+00:00","breadcrumb":{"@id":"https:\/\/www.ringier.com\/de\/schweizer-branche-glaubt-an-elektroautos-private-sind-noch-zurueckhaltend\/#breadcrumb"},"inLanguage":"de-DE","potentialAction":[{"@type":"ReadAction","target":["https:\/\/www.ringier.com\/de\/schweizer-branche-glaubt-an-elektroautos-private-sind-noch-zurueckhaltend\/"]}]},{"@type":"ImageObject","inLanguage":"de-DE","@id":"https:\/\/www.ringier.com\/de\/schweizer-branche-glaubt-an-elektroautos-private-sind-noch-zurueckhaltend\/#primaryimage","url":"https:\/\/www.ringier.com\/wp-content\/uploads\/2021\/09\/istock_elektroladestation_0.jpg","contentUrl":"https:\/\/www.ringier.com\/wp-content\/uploads\/2021\/09\/istock_elektroladestation_0.jpg","width":700,"height":400},{"@type":"BreadcrumbList","@id":"https:\/\/www.ringier.com\/de\/schweizer-branche-glaubt-an-elektroautos-private-sind-noch-zurueckhaltend\/#breadcrumb","itemListElement":[{"@type":"ListItem","position":1,"name":"Home","item":"https:\/\/www.ringier.com\/de\/"},{"@type":"ListItem","position":2,"name":"Schweizer Branche glaubt an Elektroautos \u2013 Private sind (noch) zur\u00fcckhaltend"}]},{"@type":"WebSite","@id":"https:\/\/www.ringier.com\/de\/#website","url":"https:\/\/www.ringier.com\/de\/","name":"Ringier","description":"We inform. We entertain. We connect","publisher":{"@id":"https:\/\/www.ringier.com\/de\/#organization"},"potentialAction":[{"@type":"SearchAction","target":{"@type":"EntryPoint","urlTemplate":"https:\/\/www.ringier.com\/de\/?s={search_term_string}"},"query-input":{"@type":"PropertyValueSpecification","valueRequired":true,"valueName":"search_term_string"}}],"inLanguage":"de-DE"},{"@type":"Organization","@id":"https:\/\/www.ringier.com\/de\/#organization","name":"Ringier","url":"https:\/\/www.ringier.com\/de\/","logo":{"@type":"ImageObject","inLanguage":"de-DE","@id":"https:\/\/www.ringier.com\/de\/#\/schema\/logo\/image\/","url":"https:\/\/www.ringier.com\/wp-content\/uploads\/2021\/10\/ringier_logo_2.jpg","contentUrl":"https:\/\/www.ringier.com\/wp-content\/uploads\/2021\/10\/ringier_logo_2.jpg","width":750,"height":550,"caption":"Ringier"},"image":{"@id":"https:\/\/www.ringier.com\/de\/#\/schema\/logo\/image\/"},"sameAs":["https:\/\/www.facebook.com\/ringierag\/","https:\/\/x.com\/ringier_ag","https:\/\/www.instagram.com\/ringier_ag\/","https:\/\/www.linkedin.com\/company\/ringier\/","https:\/\/www.youtube.com\/user\/RingierComm","https:\/\/en.wikipedia.org\/wiki\/Ringier","https:\/\/de.wikipedia.org\/wiki\/Ringier","https:\/\/fr.wikipedia.org\/wiki\/Ringier","https:\/\/www.crunchbase.com\/organization\/ringier-ag"]},{"@type":"Person","@id":"https:\/\/www.ringier.com\/de\/#\/schema\/person\/4cf76a308dc4b2bb5121bd1e7b752e52","name":"Ringier Corporate Communications","image":{"@type":"ImageObject","inLanguage":"de-DE","@id":"https:\/\/www.ringier.com\/de\/#\/schema\/person\/image\/","url":"https:\/\/secure.gravatar.com\/avatar\/9391e20481368d5df4fe3e1e476c13b27786347489822ec1ed07e532bb41f587?s=96&d=mm&r=g","contentUrl":"https:\/\/secure.gravatar.com\/avatar\/9391e20481368d5df4fe3e1e476c13b27786347489822ec1ed07e532bb41f587?s=96&d=mm&r=g","caption":"Ringier Corporate Communications"},"sameAs":["https:\/\/www.ringier.com"]}]}},"_links":{"self":[{"href":"https:\/\/www.ringier.com\/de\/wp-json\/wp\/v2\/posts\/6934","targetHints":{"allow":["GET"]}}],"collection":[{"href":"https:\/\/www.ringier.com\/de\/wp-json\/wp\/v2\/posts"}],"about":[{"href":"https:\/\/www.ringier.com\/de\/wp-json\/wp\/v2\/types\/post"}],"author":[{"embeddable":true,"href":"https:\/\/www.ringier.com\/de\/wp-json\/wp\/v2\/users\/23"}],"replies":[{"embeddable":true,"href":"https:\/\/www.ringier.com\/de\/wp-json\/wp\/v2\/comments?post=6934"}],"version-history":[{"count":0,"href":"https:\/\/www.ringier.com\/de\/wp-json\/wp\/v2\/posts\/6934\/revisions"}],"wp:featuredmedia":[{"embeddable":true,"href":"https:\/\/www.ringier.com\/de\/wp-json\/wp\/v2\/media\/6936"}],"wp:attachment":[{"href":"https:\/\/www.ringier.com\/de\/wp-json\/wp\/v2\/media?parent=6934"}],"wp:term":[{"taxonomy":"category","embeddable":true,"href":"https:\/\/www.ringier.com\/de\/wp-json\/wp\/v2\/categories?post=6934"},{"taxonomy":"post_tag","embeddable":true,"href":"https:\/\/www.ringier.com\/de\/wp-json\/wp\/v2\/tags?post=6934"}],"curies":[{"name":"wp","href":"https:\/\/api.w.org\/{rel}","templated":true}]}}