{"id":6909,"date":"2016-09-15T15:11:00","date_gmt":"2016-09-15T13:11:00","guid":{"rendered":"https:\/\/www.ringier.com\/webvideopreis-suisse-debut-de-la-phase-de-nomination\/"},"modified":"2021-09-22T15:17:11","modified_gmt":"2021-09-22T13:17:11","slug":"webvideopreis-schweiz-nominierungsphase-gestartet","status":"publish","type":"post","link":"https:\/\/www.ringier.com\/de\/webvideopreis-schweiz-nominierungsphase-gestartet\/","title":{"rendered":"Webvideopreis Schweiz: Nominierungsphase gestartet"},"content":{"rendered":"\n<p>Die&nbsp;<em>Admeira<\/em>-Partner Ringier, SRF und Swisscom lancieren gemeinsam den Webvideopreis Schweiz. Ab sofort und bis zum 30. September k\u00f6nnen talentierte Schweizer Videomacher ihr Projekt auf der neuen Webseite&nbsp;<a href=\"http:\/\/www.webvideopreis.ch\/\">webvideopreis.ch<\/a>&nbsp;einreichen. Der \u00abOscar der Generation Youtube\u00bb wird in acht Kategorien an Videos verliehen, die im Web f\u00fcr Furore gesorgt haben: Best Video of the Year, Person of the Year, 360-Grad-Video, Lifestyle, Comedy, Music, Sports und Gaming.<\/p>\n\n\n\n<p>Eine zehnk\u00f6pfige Schweizer Academy wertet danach die Videos aus und verk\u00fcndet am 25. Oktober die drei Nominierten pro Kategorie: Drehbuchautor und Regisseur&nbsp;<a href=\"http:\/\/karpi.squarespace.com\/\">Patrick \u00abKarpi\u00bb Karpiczenko<\/a>, die Youtuber \u00ab<a href=\"https:\/\/www.youtube.com\/user\/TyphoonCinema\">Typhoon Cinema<\/a>\u00bb,&nbsp;<a href=\"https:\/\/www.youtube.com\/user\/BeautyProofi\">\u00abBeautyproofi\u00bb<\/a>&nbsp;Nathalie C\u00e9line,&nbsp;<a href=\"https:\/\/www.youtube.com\/user\/HipsterGnogg\">\u00abHipsterGnogg\u00bb<\/a>,&nbsp;<a href=\"https:\/\/www.youtube.com\/user\/fashionpupa\">\u00abFashionpupa\u00bb<\/a>&nbsp;Nicole Mureddu,&nbsp;<a href=\"https:\/\/www.youtube.com\/user\/fabiandoerig\">Fabian D\u00f6rig<\/a>,&nbsp;<a href=\"https:\/\/www.youtube.com\/channel\/UC463BrnYqqrK_2yQdrWcvug\/featured\">Iris Reeves<\/a>,&nbsp;<a href=\"https:\/\/www.youtube.com\/channel\/UCndi9zHvIDYa1Tp6vXJqHxA\">\u00abAsk Switzerland\u00bb<\/a>,&nbsp;<a href=\"https:\/\/www.youtube.com\/channel\/UCqfHmt_zlqZCMZFL_fDO8vg\">\u00abDie Lifehackerin\u00bb<\/a>&nbsp;Nadia Holdener,&nbsp;<a href=\"https:\/\/www.youtube.com\/user\/augustschram\/feed\">August Schram<\/a>&nbsp;und Andreas Pepouni Fraefel von&nbsp;<a href=\"http:\/\/www.swissbeatbox.com\/\">\u00abSwiss Beatbox\u00bb<\/a>&nbsp;ver\u00f6ffentlichen regelm\u00e4ssig Videos auf Youtube oder anderen Portalen im Web.<\/p>\n\n\n\n<p>In der anschliessenden Votingphase sind die Nominierten auf die Unterst\u00fctzung der User angewiesen, bevor am 10. Dezember der erste Schweizer Webvideopreis im StageOne in Z\u00fcrich Oerlikon verliehen wird. Die Radio SRF 3-Moderatoren Rosanna Gr\u00fcter und Neuzugang Stefan \u00abB\u00fcssi\u00bb B\u00fcsser werden die Verleihungsparty begleiten. Auf den Online-Kan\u00e4len vom Schweizer Fernsehen, Ringier und Swisscom aber auch auf Youtube und Facebook wird die Verleihung live \u00fcbertragen.<\/p>\n\n\n\n<p>Pascal Schaub, Leiter Dachmarke vom Presenting Partner und Votingsponsor Migros: \u00abDie Migros ist bekannt f\u00fcr unterhaltsame und popul\u00e4re Filme, die man gerne anschaut und teilt. Darum unterst\u00fctzt die Migros den Webvideopreis der Schweiz und das Publikumsvoting. Gespannt auf die Einsendungen, freuen wir uns jetzt schon auf alle Views und Clicks.\u00bb<\/p>\n\n\n\n<p>Ringier AG, Corporate Communications<\/p>\n","protected":false},"excerpt":{"rendered":"<p>Bis zum 30. September k\u00f6nnen sich Videomacher erstmals f\u00fcr den Webvideopreis Schweiz anmelden. Auch User k\u00f6nnen ihre Lieblingsvideos aus dem Web einreichen und so ihre Favoriten unterst\u00fctzen. In acht Kategorien w\u00e4hlen Fans und eine Schweizer Fachjury die Sieger, welche an der grossen Verleihungsparty am 10. Dezember 2016 ausgezeichnet werden. Moderiert wird der erste Webvideopreis Schweiz von den beiden Radio SRF 3-Moderatoren Rosanna Gr\u00fcter und Stefan B\u00fcsser.<\/p>\n","protected":false},"author":23,"featured_media":6901,"comment_status":"closed","ping_status":"open","sticky":false,"template":"","format":"standard","meta":{"inline_featured_image":false,"footnotes":""},"categories":[44],"tags":[],"class_list":["post-6909","post","type-post","status-publish","format-standard","has-post-thumbnail","hentry","category-corporate-de"],"yoast_head":"<!-- This site is optimized with the Yoast SEO Premium plugin v27.0 (Yoast SEO v27.0) - https:\/\/yoast.com\/product\/yoast-seo-premium-wordpress\/ -->\n<title>Webvideopreis Schweiz: Nominierungsphase gestartet - Ringier<\/title>\n<meta name=\"robots\" content=\"index, follow, max-snippet:-1, max-image-preview:large, max-video-preview:-1\" \/>\n<link rel=\"canonical\" href=\"https:\/\/www.ringier.com\/de\/webvideopreis-schweiz-nominierungsphase-gestartet\/\" \/>\n<meta property=\"og:locale\" content=\"de_DE\" \/>\n<meta property=\"og:type\" content=\"article\" \/>\n<meta property=\"og:title\" content=\"Webvideopreis Schweiz: Nominierungsphase gestartet\" \/>\n<meta property=\"og:description\" content=\"Bis zum 30. September k\u00f6nnen sich Videomacher erstmals f\u00fcr den Webvideopreis Schweiz anmelden. Auch User k\u00f6nnen ihre Lieblingsvideos aus dem Web einreichen und so ihre Favoriten unterst\u00fctzen. In acht Kategorien w\u00e4hlen Fans und eine Schweizer Fachjury die Sieger, welche an der grossen Verleihungsparty am 10. Dezember 2016 ausgezeichnet werden. Moderiert wird der erste Webvideopreis Schweiz von den beiden Radio SRF 3-Moderatoren Rosanna Gr\u00fcter und Stefan B\u00fcsser.\" \/>\n<meta property=\"og:url\" content=\"https:\/\/www.ringier.com\/de\/webvideopreis-schweiz-nominierungsphase-gestartet\/\" \/>\n<meta property=\"og:site_name\" content=\"Ringier\" \/>\n<meta property=\"article:publisher\" content=\"https:\/\/www.facebook.com\/ringierag\/\" \/>\n<meta property=\"article:published_time\" content=\"2016-09-15T13:11:00+00:00\" \/>\n<meta property=\"article:modified_time\" content=\"2021-09-22T13:17:11+00:00\" \/>\n<meta property=\"og:image\" content=\"https:\/\/www.ringier.com\/wp-content\/uploads\/2021\/09\/wvp_gold_schweiz_72dpi_rgb.png\" \/>\n\t<meta property=\"og:image:width\" content=\"370\" \/>\n\t<meta property=\"og:image:height\" content=\"134\" \/>\n\t<meta property=\"og:image:type\" content=\"image\/png\" \/>\n<meta name=\"author\" content=\"Ringier Corporate Communications\" \/>\n<meta name=\"twitter:card\" content=\"summary_large_image\" \/>\n<meta name=\"twitter:creator\" content=\"@ringier_ag\" \/>\n<meta name=\"twitter:site\" content=\"@ringier_ag\" \/>\n<meta name=\"twitter:label1\" content=\"Verfasst von\" \/>\n\t<meta name=\"twitter:data1\" content=\"Ringier Corporate Communications\" \/>\n\t<meta name=\"twitter:label2\" content=\"Gesch\u00e4tzte Lesezeit\" \/>\n\t<meta name=\"twitter:data2\" content=\"2 Minuten\" \/>\n<script type=\"application\/ld+json\" class=\"yoast-schema-graph\">{\"@context\":\"https:\/\/schema.org\",\"@graph\":[{\"@type\":\"Article\",\"@id\":\"https:\/\/www.ringier.com\/de\/webvideopreis-schweiz-nominierungsphase-gestartet\/#article\",\"isPartOf\":{\"@id\":\"https:\/\/www.ringier.com\/de\/webvideopreis-schweiz-nominierungsphase-gestartet\/\"},\"author\":{\"name\":\"Ringier Corporate Communications\",\"@id\":\"https:\/\/www.ringier.com\/de\/#\/schema\/person\/4cf76a308dc4b2bb5121bd1e7b752e52\"},\"headline\":\"Webvideopreis Schweiz: Nominierungsphase gestartet\",\"datePublished\":\"2016-09-15T13:11:00+00:00\",\"dateModified\":\"2021-09-22T13:17:11+00:00\",\"mainEntityOfPage\":{\"@id\":\"https:\/\/www.ringier.com\/de\/webvideopreis-schweiz-nominierungsphase-gestartet\/\"},\"wordCount\":284,\"publisher\":{\"@id\":\"https:\/\/www.ringier.com\/de\/#organization\"},\"image\":{\"@id\":\"https:\/\/www.ringier.com\/de\/webvideopreis-schweiz-nominierungsphase-gestartet\/#primaryimage\"},\"thumbnailUrl\":\"https:\/\/www.ringier.com\/wp-content\/uploads\/2021\/09\/wvp_gold_schweiz_72dpi_rgb.png\",\"articleSection\":[\"Corporate\"],\"inLanguage\":\"de-DE\"},{\"@type\":\"WebPage\",\"@id\":\"https:\/\/www.ringier.com\/de\/webvideopreis-schweiz-nominierungsphase-gestartet\/\",\"url\":\"https:\/\/www.ringier.com\/de\/webvideopreis-schweiz-nominierungsphase-gestartet\/\",\"name\":\"Webvideopreis Schweiz: Nominierungsphase gestartet - Ringier\",\"isPartOf\":{\"@id\":\"https:\/\/www.ringier.com\/de\/#website\"},\"primaryImageOfPage\":{\"@id\":\"https:\/\/www.ringier.com\/de\/webvideopreis-schweiz-nominierungsphase-gestartet\/#primaryimage\"},\"image\":{\"@id\":\"https:\/\/www.ringier.com\/de\/webvideopreis-schweiz-nominierungsphase-gestartet\/#primaryimage\"},\"thumbnailUrl\":\"https:\/\/www.ringier.com\/wp-content\/uploads\/2021\/09\/wvp_gold_schweiz_72dpi_rgb.png\",\"datePublished\":\"2016-09-15T13:11:00+00:00\",\"dateModified\":\"2021-09-22T13:17:11+00:00\",\"breadcrumb\":{\"@id\":\"https:\/\/www.ringier.com\/de\/webvideopreis-schweiz-nominierungsphase-gestartet\/#breadcrumb\"},\"inLanguage\":\"de-DE\",\"potentialAction\":[{\"@type\":\"ReadAction\",\"target\":[\"https:\/\/www.ringier.com\/de\/webvideopreis-schweiz-nominierungsphase-gestartet\/\"]}]},{\"@type\":\"ImageObject\",\"inLanguage\":\"de-DE\",\"@id\":\"https:\/\/www.ringier.com\/de\/webvideopreis-schweiz-nominierungsphase-gestartet\/#primaryimage\",\"url\":\"https:\/\/www.ringier.com\/wp-content\/uploads\/2021\/09\/wvp_gold_schweiz_72dpi_rgb.png\",\"contentUrl\":\"https:\/\/www.ringier.com\/wp-content\/uploads\/2021\/09\/wvp_gold_schweiz_72dpi_rgb.png\",\"width\":370,\"height\":134},{\"@type\":\"BreadcrumbList\",\"@id\":\"https:\/\/www.ringier.com\/de\/webvideopreis-schweiz-nominierungsphase-gestartet\/#breadcrumb\",\"itemListElement\":[{\"@type\":\"ListItem\",\"position\":1,\"name\":\"Home\",\"item\":\"https:\/\/www.ringier.com\/de\/\"},{\"@type\":\"ListItem\",\"position\":2,\"name\":\"Webvideopreis Schweiz: Nominierungsphase gestartet\"}]},{\"@type\":\"WebSite\",\"@id\":\"https:\/\/www.ringier.com\/de\/#website\",\"url\":\"https:\/\/www.ringier.com\/de\/\",\"name\":\"Ringier\",\"description\":\"We inform. We entertain. We connect\",\"publisher\":{\"@id\":\"https:\/\/www.ringier.com\/de\/#organization\"},\"potentialAction\":[{\"@type\":\"SearchAction\",\"target\":{\"@type\":\"EntryPoint\",\"urlTemplate\":\"https:\/\/www.ringier.com\/de\/?s={search_term_string}\"},\"query-input\":{\"@type\":\"PropertyValueSpecification\",\"valueRequired\":true,\"valueName\":\"search_term_string\"}}],\"inLanguage\":\"de-DE\"},{\"@type\":\"Organization\",\"@id\":\"https:\/\/www.ringier.com\/de\/#organization\",\"name\":\"Ringier\",\"url\":\"https:\/\/www.ringier.com\/de\/\",\"logo\":{\"@type\":\"ImageObject\",\"inLanguage\":\"de-DE\",\"@id\":\"https:\/\/www.ringier.com\/de\/#\/schema\/logo\/image\/\",\"url\":\"https:\/\/www.ringier.com\/wp-content\/uploads\/2021\/10\/ringier_logo_2.jpg\",\"contentUrl\":\"https:\/\/www.ringier.com\/wp-content\/uploads\/2021\/10\/ringier_logo_2.jpg\",\"width\":750,\"height\":550,\"caption\":\"Ringier\"},\"image\":{\"@id\":\"https:\/\/www.ringier.com\/de\/#\/schema\/logo\/image\/\"},\"sameAs\":[\"https:\/\/www.facebook.com\/ringierag\/\",\"https:\/\/x.com\/ringier_ag\",\"https:\/\/www.instagram.com\/ringier_ag\/\",\"https:\/\/www.linkedin.com\/company\/ringier\/\",\"https:\/\/www.youtube.com\/user\/RingierComm\",\"https:\/\/en.wikipedia.org\/wiki\/Ringier\",\"https:\/\/de.wikipedia.org\/wiki\/Ringier\",\"https:\/\/fr.wikipedia.org\/wiki\/Ringier\",\"https:\/\/www.crunchbase.com\/organization\/ringier-ag\"]},{\"@type\":\"Person\",\"@id\":\"https:\/\/www.ringier.com\/de\/#\/schema\/person\/4cf76a308dc4b2bb5121bd1e7b752e52\",\"name\":\"Ringier Corporate Communications\",\"image\":{\"@type\":\"ImageObject\",\"inLanguage\":\"de-DE\",\"@id\":\"https:\/\/www.ringier.com\/de\/#\/schema\/person\/image\/\",\"url\":\"https:\/\/secure.gravatar.com\/avatar\/9391e20481368d5df4fe3e1e476c13b27786347489822ec1ed07e532bb41f587?s=96&d=mm&r=g\",\"contentUrl\":\"https:\/\/secure.gravatar.com\/avatar\/9391e20481368d5df4fe3e1e476c13b27786347489822ec1ed07e532bb41f587?s=96&d=mm&r=g\",\"caption\":\"Ringier Corporate Communications\"},\"sameAs\":[\"https:\/\/www.ringier.com\"]}]}<\/script>\n<!-- \/ Yoast SEO Premium plugin. -->","yoast_head_json":{"title":"Webvideopreis Schweiz: Nominierungsphase gestartet - Ringier","robots":{"index":"index","follow":"follow","max-snippet":"max-snippet:-1","max-image-preview":"max-image-preview:large","max-video-preview":"max-video-preview:-1"},"canonical":"https:\/\/www.ringier.com\/de\/webvideopreis-schweiz-nominierungsphase-gestartet\/","og_locale":"de_DE","og_type":"article","og_title":"Webvideopreis Schweiz: Nominierungsphase gestartet","og_description":"Bis zum 30. September k\u00f6nnen sich Videomacher erstmals f\u00fcr den Webvideopreis Schweiz anmelden. Auch User k\u00f6nnen ihre Lieblingsvideos aus dem Web einreichen und so ihre Favoriten unterst\u00fctzen. In acht Kategorien w\u00e4hlen Fans und eine Schweizer Fachjury die Sieger, welche an der grossen Verleihungsparty am 10. Dezember 2016 ausgezeichnet werden. Moderiert wird der erste Webvideopreis Schweiz von den beiden Radio SRF 3-Moderatoren Rosanna Gr\u00fcter und Stefan B\u00fcsser.","og_url":"https:\/\/www.ringier.com\/de\/webvideopreis-schweiz-nominierungsphase-gestartet\/","og_site_name":"Ringier","article_publisher":"https:\/\/www.facebook.com\/ringierag\/","article_published_time":"2016-09-15T13:11:00+00:00","article_modified_time":"2021-09-22T13:17:11+00:00","og_image":[{"width":370,"height":134,"url":"https:\/\/www.ringier.com\/wp-content\/uploads\/2021\/09\/wvp_gold_schweiz_72dpi_rgb.png","type":"image\/png"}],"author":"Ringier Corporate Communications","twitter_card":"summary_large_image","twitter_creator":"@ringier_ag","twitter_site":"@ringier_ag","twitter_misc":{"Verfasst von":"Ringier Corporate Communications","Gesch\u00e4tzte Lesezeit":"2 Minuten"},"schema":{"@context":"https:\/\/schema.org","@graph":[{"@type":"Article","@id":"https:\/\/www.ringier.com\/de\/webvideopreis-schweiz-nominierungsphase-gestartet\/#article","isPartOf":{"@id":"https:\/\/www.ringier.com\/de\/webvideopreis-schweiz-nominierungsphase-gestartet\/"},"author":{"name":"Ringier Corporate Communications","@id":"https:\/\/www.ringier.com\/de\/#\/schema\/person\/4cf76a308dc4b2bb5121bd1e7b752e52"},"headline":"Webvideopreis Schweiz: Nominierungsphase gestartet","datePublished":"2016-09-15T13:11:00+00:00","dateModified":"2021-09-22T13:17:11+00:00","mainEntityOfPage":{"@id":"https:\/\/www.ringier.com\/de\/webvideopreis-schweiz-nominierungsphase-gestartet\/"},"wordCount":284,"publisher":{"@id":"https:\/\/www.ringier.com\/de\/#organization"},"image":{"@id":"https:\/\/www.ringier.com\/de\/webvideopreis-schweiz-nominierungsphase-gestartet\/#primaryimage"},"thumbnailUrl":"https:\/\/www.ringier.com\/wp-content\/uploads\/2021\/09\/wvp_gold_schweiz_72dpi_rgb.png","articleSection":["Corporate"],"inLanguage":"de-DE"},{"@type":"WebPage","@id":"https:\/\/www.ringier.com\/de\/webvideopreis-schweiz-nominierungsphase-gestartet\/","url":"https:\/\/www.ringier.com\/de\/webvideopreis-schweiz-nominierungsphase-gestartet\/","name":"Webvideopreis Schweiz: Nominierungsphase gestartet - Ringier","isPartOf":{"@id":"https:\/\/www.ringier.com\/de\/#website"},"primaryImageOfPage":{"@id":"https:\/\/www.ringier.com\/de\/webvideopreis-schweiz-nominierungsphase-gestartet\/#primaryimage"},"image":{"@id":"https:\/\/www.ringier.com\/de\/webvideopreis-schweiz-nominierungsphase-gestartet\/#primaryimage"},"thumbnailUrl":"https:\/\/www.ringier.com\/wp-content\/uploads\/2021\/09\/wvp_gold_schweiz_72dpi_rgb.png","datePublished":"2016-09-15T13:11:00+00:00","dateModified":"2021-09-22T13:17:11+00:00","breadcrumb":{"@id":"https:\/\/www.ringier.com\/de\/webvideopreis-schweiz-nominierungsphase-gestartet\/#breadcrumb"},"inLanguage":"de-DE","potentialAction":[{"@type":"ReadAction","target":["https:\/\/www.ringier.com\/de\/webvideopreis-schweiz-nominierungsphase-gestartet\/"]}]},{"@type":"ImageObject","inLanguage":"de-DE","@id":"https:\/\/www.ringier.com\/de\/webvideopreis-schweiz-nominierungsphase-gestartet\/#primaryimage","url":"https:\/\/www.ringier.com\/wp-content\/uploads\/2021\/09\/wvp_gold_schweiz_72dpi_rgb.png","contentUrl":"https:\/\/www.ringier.com\/wp-content\/uploads\/2021\/09\/wvp_gold_schweiz_72dpi_rgb.png","width":370,"height":134},{"@type":"BreadcrumbList","@id":"https:\/\/www.ringier.com\/de\/webvideopreis-schweiz-nominierungsphase-gestartet\/#breadcrumb","itemListElement":[{"@type":"ListItem","position":1,"name":"Home","item":"https:\/\/www.ringier.com\/de\/"},{"@type":"ListItem","position":2,"name":"Webvideopreis Schweiz: Nominierungsphase gestartet"}]},{"@type":"WebSite","@id":"https:\/\/www.ringier.com\/de\/#website","url":"https:\/\/www.ringier.com\/de\/","name":"Ringier","description":"We inform. We entertain. We connect","publisher":{"@id":"https:\/\/www.ringier.com\/de\/#organization"},"potentialAction":[{"@type":"SearchAction","target":{"@type":"EntryPoint","urlTemplate":"https:\/\/www.ringier.com\/de\/?s={search_term_string}"},"query-input":{"@type":"PropertyValueSpecification","valueRequired":true,"valueName":"search_term_string"}}],"inLanguage":"de-DE"},{"@type":"Organization","@id":"https:\/\/www.ringier.com\/de\/#organization","name":"Ringier","url":"https:\/\/www.ringier.com\/de\/","logo":{"@type":"ImageObject","inLanguage":"de-DE","@id":"https:\/\/www.ringier.com\/de\/#\/schema\/logo\/image\/","url":"https:\/\/www.ringier.com\/wp-content\/uploads\/2021\/10\/ringier_logo_2.jpg","contentUrl":"https:\/\/www.ringier.com\/wp-content\/uploads\/2021\/10\/ringier_logo_2.jpg","width":750,"height":550,"caption":"Ringier"},"image":{"@id":"https:\/\/www.ringier.com\/de\/#\/schema\/logo\/image\/"},"sameAs":["https:\/\/www.facebook.com\/ringierag\/","https:\/\/x.com\/ringier_ag","https:\/\/www.instagram.com\/ringier_ag\/","https:\/\/www.linkedin.com\/company\/ringier\/","https:\/\/www.youtube.com\/user\/RingierComm","https:\/\/en.wikipedia.org\/wiki\/Ringier","https:\/\/de.wikipedia.org\/wiki\/Ringier","https:\/\/fr.wikipedia.org\/wiki\/Ringier","https:\/\/www.crunchbase.com\/organization\/ringier-ag"]},{"@type":"Person","@id":"https:\/\/www.ringier.com\/de\/#\/schema\/person\/4cf76a308dc4b2bb5121bd1e7b752e52","name":"Ringier Corporate Communications","image":{"@type":"ImageObject","inLanguage":"de-DE","@id":"https:\/\/www.ringier.com\/de\/#\/schema\/person\/image\/","url":"https:\/\/secure.gravatar.com\/avatar\/9391e20481368d5df4fe3e1e476c13b27786347489822ec1ed07e532bb41f587?s=96&d=mm&r=g","contentUrl":"https:\/\/secure.gravatar.com\/avatar\/9391e20481368d5df4fe3e1e476c13b27786347489822ec1ed07e532bb41f587?s=96&d=mm&r=g","caption":"Ringier Corporate Communications"},"sameAs":["https:\/\/www.ringier.com"]}]}},"_links":{"self":[{"href":"https:\/\/www.ringier.com\/de\/wp-json\/wp\/v2\/posts\/6909","targetHints":{"allow":["GET"]}}],"collection":[{"href":"https:\/\/www.ringier.com\/de\/wp-json\/wp\/v2\/posts"}],"about":[{"href":"https:\/\/www.ringier.com\/de\/wp-json\/wp\/v2\/types\/post"}],"author":[{"embeddable":true,"href":"https:\/\/www.ringier.com\/de\/wp-json\/wp\/v2\/users\/23"}],"replies":[{"embeddable":true,"href":"https:\/\/www.ringier.com\/de\/wp-json\/wp\/v2\/comments?post=6909"}],"version-history":[{"count":0,"href":"https:\/\/www.ringier.com\/de\/wp-json\/wp\/v2\/posts\/6909\/revisions"}],"wp:featuredmedia":[{"embeddable":true,"href":"https:\/\/www.ringier.com\/de\/wp-json\/wp\/v2\/media\/6901"}],"wp:attachment":[{"href":"https:\/\/www.ringier.com\/de\/wp-json\/wp\/v2\/media?parent=6909"}],"wp:term":[{"taxonomy":"category","embeddable":true,"href":"https:\/\/www.ringier.com\/de\/wp-json\/wp\/v2\/categories?post=6909"},{"taxonomy":"post_tag","embeddable":true,"href":"https:\/\/www.ringier.com\/de\/wp-json\/wp\/v2\/tags?post=6909"}],"curies":[{"name":"wp","href":"https:\/\/api.w.org\/{rel}","templated":true}]}}