{"id":6616,"date":"2011-10-28T16:47:00","date_gmt":"2011-10-28T14:47:00","guid":{"rendered":"https:\/\/www.ringier.com\/lhebdo-fete-ses-30-ans\/"},"modified":"2021-09-21T16:52:43","modified_gmt":"2021-09-21T14:52:43","slug":"lhebdo-feiert-seinen-30-geburtstag","status":"publish","type":"post","link":"https:\/\/www.ringier.com\/de\/lhebdo-feiert-seinen-30-geburtstag\/","title":{"rendered":"\u00abL&#8217;Hebdo\u00bb feiert seinen 30. Geburtstag"},"content":{"rendered":"\n<p>Zu Beginn gab Ringier das Magazin \u00abL&#8217;Hebdo\u00bb sogar auf franz\u00f6sisch und deutsch heraus. Das Deutschschweizer Pendant \u00abDie Woche\u00bb hielt sich jedoch nur zwei Jahre und wurde dann vom Verlag eingestellt. Die franz\u00f6sische Variante entwickelte sich unter der F\u00fchrung ihres ersten Chefredakteurs Jacques Pilet rasch zum beliebten Renner auf dem Westschweizer Medienmarkt.\u00a0\u00a0<\/p>\n\n\n\n<p>Zum dreissigj\u00e4hrigen Jubil\u00e4um gibt \u00abL&#8217;Hebdo\u00bb nun eine 238 Seiten starke Sonderausgabe zum Thema \u00ab30 zukunftsorientierte Orte\u00bb heraus. Diese pr\u00e4sentiert 30 aussergew\u00f6hnliche Reportagen, die von den Journalisten der Redaktion vom Kongo \u00fcber Singapur bis nach Rio, von den Hochebenen der Anden \u00fcber Tasmanien bis nach Saudi-Arabien umgesetzt wurden. Nat\u00fcrlich ist auch die Entstehungs- und Erfolgsgeschichte des Magazins ein Thema in der Sondernummer.\u00a0\u00a0<\/p>\n\n\n\n<p>Grundsteine des Erfolgs von \u00abL&#8217;Hebdo\u00bb sind einerseits die konsequente Durchsetzung eines innovativen redaktionellen Konzeptes, zum anderen aber auch die st\u00e4ndige Neuerfindung der Marke durch die Herausgabe zahlreicher Sonderausgaben sowie die fr\u00fchzeitige Entwicklung einer eigenen iPad Applikation.\u00a0\u00a0<\/p>\n\n\n\n<p>Die Sonderausgabe von \u00abL&#8217;Hebdo\u00bb ist ab Donnerstag, 29. September drei Wochen lang im Kiosk erh\u00e4ltlich.\u00a0<\/p>\n\n\n\n<p>Kommunikation Ringier Schweiz<\/p>\n","protected":false},"excerpt":{"rendered":"<p>Lausanne: <\/p>\n<p>Vor 30 Jahren, am 11. September 1981, feierte das Westschweizer Magazin seine Premiere. Heute ist \u00abL&#8217;Hebdo\u00bb das einzige Nachrichtenmagazin der Schweiz und erscheint mit einer Auflage von 45&#8217;784 Exemplaren, die rund 204&#8217;000 Leser und Leserinnen erreichen.<\/p>\n","protected":false},"author":23,"featured_media":6232,"comment_status":"closed","ping_status":"open","sticky":false,"template":"","format":"standard","meta":{"inline_featured_image":false,"footnotes":""},"categories":[371,361],"tags":[],"class_list":["post-6616","post","type-post","status-publish","format-standard","has-post-thumbnail","hentry","category-media-de","category-ringier-medien-schweiz"],"yoast_head":"<!-- This site is optimized with the Yoast SEO Premium plugin v27.0 (Yoast SEO v27.0) - https:\/\/yoast.com\/product\/yoast-seo-premium-wordpress\/ -->\n<title>\u00abL&#039;Hebdo\u00bb feiert seinen 30. Geburtstag - Ringier<\/title>\n<meta name=\"robots\" content=\"index, follow, max-snippet:-1, max-image-preview:large, max-video-preview:-1\" \/>\n<link rel=\"canonical\" href=\"https:\/\/www.ringier.com\/de\/lhebdo-feiert-seinen-30-geburtstag\/\" \/>\n<meta property=\"og:locale\" content=\"de_DE\" \/>\n<meta property=\"og:type\" content=\"article\" \/>\n<meta property=\"og:title\" content=\"\u00abL&#039;Hebdo\u00bb feiert seinen 30. Geburtstag\" \/>\n<meta property=\"og:description\" content=\"Lausanne:  Vor 30 Jahren, am 11. September 1981, feierte das Westschweizer Magazin seine Premiere. Heute ist \u00abL&#039;Hebdo\u00bb das einzige Nachrichtenmagazin der Schweiz und erscheint mit einer Auflage von 45&#039;784 Exemplaren, die rund 204&#039;000 Leser und Leserinnen erreichen.\" \/>\n<meta property=\"og:url\" content=\"https:\/\/www.ringier.com\/de\/lhebdo-feiert-seinen-30-geburtstag\/\" \/>\n<meta property=\"og:site_name\" content=\"Ringier\" \/>\n<meta property=\"article:publisher\" content=\"https:\/\/www.facebook.com\/ringierag\/\" \/>\n<meta property=\"article:published_time\" content=\"2011-10-28T14:47:00+00:00\" \/>\n<meta property=\"article:modified_time\" content=\"2021-09-21T14:52:43+00:00\" \/>\n<meta property=\"og:image\" content=\"https:\/\/www.ringier.com\/wp-content\/uploads\/2021\/09\/Press-Release-Default-1024x538.png\" \/>\n\t<meta property=\"og:image:width\" content=\"1024\" \/>\n\t<meta property=\"og:image:height\" content=\"538\" \/>\n\t<meta property=\"og:image:type\" content=\"image\/png\" \/>\n<meta name=\"author\" content=\"Ringier Corporate Communications\" \/>\n<meta name=\"twitter:card\" content=\"summary_large_image\" \/>\n<meta name=\"twitter:creator\" content=\"@ringier_ag\" \/>\n<meta name=\"twitter:site\" content=\"@ringier_ag\" \/>\n<meta name=\"twitter:label1\" content=\"Verfasst von\" \/>\n\t<meta name=\"twitter:data1\" content=\"Ringier Corporate Communications\" \/>\n\t<meta name=\"twitter:label2\" content=\"Gesch\u00e4tzte Lesezeit\" \/>\n\t<meta name=\"twitter:data2\" content=\"1 Minute\" \/>\n<script type=\"application\/ld+json\" class=\"yoast-schema-graph\">{\"@context\":\"https:\/\/schema.org\",\"@graph\":[{\"@type\":\"Article\",\"@id\":\"https:\/\/www.ringier.com\/de\/lhebdo-feiert-seinen-30-geburtstag\/#article\",\"isPartOf\":{\"@id\":\"https:\/\/www.ringier.com\/de\/lhebdo-feiert-seinen-30-geburtstag\/\"},\"author\":{\"name\":\"Ringier Corporate Communications\",\"@id\":\"https:\/\/www.ringier.com\/de\/#\/schema\/person\/4cf76a308dc4b2bb5121bd1e7b752e52\"},\"headline\":\"\u00abL&#8217;Hebdo\u00bb feiert seinen 30. Geburtstag\",\"datePublished\":\"2011-10-28T14:47:00+00:00\",\"dateModified\":\"2021-09-21T14:52:43+00:00\",\"mainEntityOfPage\":{\"@id\":\"https:\/\/www.ringier.com\/de\/lhebdo-feiert-seinen-30-geburtstag\/\"},\"wordCount\":182,\"publisher\":{\"@id\":\"https:\/\/www.ringier.com\/de\/#organization\"},\"image\":{\"@id\":\"https:\/\/www.ringier.com\/de\/lhebdo-feiert-seinen-30-geburtstag\/#primaryimage\"},\"thumbnailUrl\":\"https:\/\/www.ringier.com\/wp-content\/uploads\/2021\/09\/Press-Release-Default.png\",\"articleSection\":[\"Media\",\"Ringier Medien Schweiz\"],\"inLanguage\":\"de-DE\"},{\"@type\":\"WebPage\",\"@id\":\"https:\/\/www.ringier.com\/de\/lhebdo-feiert-seinen-30-geburtstag\/\",\"url\":\"https:\/\/www.ringier.com\/de\/lhebdo-feiert-seinen-30-geburtstag\/\",\"name\":\"\u00abL'Hebdo\u00bb feiert seinen 30. Geburtstag - Ringier\",\"isPartOf\":{\"@id\":\"https:\/\/www.ringier.com\/de\/#website\"},\"primaryImageOfPage\":{\"@id\":\"https:\/\/www.ringier.com\/de\/lhebdo-feiert-seinen-30-geburtstag\/#primaryimage\"},\"image\":{\"@id\":\"https:\/\/www.ringier.com\/de\/lhebdo-feiert-seinen-30-geburtstag\/#primaryimage\"},\"thumbnailUrl\":\"https:\/\/www.ringier.com\/wp-content\/uploads\/2021\/09\/Press-Release-Default.png\",\"datePublished\":\"2011-10-28T14:47:00+00:00\",\"dateModified\":\"2021-09-21T14:52:43+00:00\",\"breadcrumb\":{\"@id\":\"https:\/\/www.ringier.com\/de\/lhebdo-feiert-seinen-30-geburtstag\/#breadcrumb\"},\"inLanguage\":\"de-DE\",\"potentialAction\":[{\"@type\":\"ReadAction\",\"target\":[\"https:\/\/www.ringier.com\/de\/lhebdo-feiert-seinen-30-geburtstag\/\"]}]},{\"@type\":\"ImageObject\",\"inLanguage\":\"de-DE\",\"@id\":\"https:\/\/www.ringier.com\/de\/lhebdo-feiert-seinen-30-geburtstag\/#primaryimage\",\"url\":\"https:\/\/www.ringier.com\/wp-content\/uploads\/2021\/09\/Press-Release-Default.png\",\"contentUrl\":\"https:\/\/www.ringier.com\/wp-content\/uploads\/2021\/09\/Press-Release-Default.png\",\"width\":8001,\"height\":4201},{\"@type\":\"BreadcrumbList\",\"@id\":\"https:\/\/www.ringier.com\/de\/lhebdo-feiert-seinen-30-geburtstag\/#breadcrumb\",\"itemListElement\":[{\"@type\":\"ListItem\",\"position\":1,\"name\":\"Home\",\"item\":\"https:\/\/www.ringier.com\/de\/\"},{\"@type\":\"ListItem\",\"position\":2,\"name\":\"\u00abL&#8217;Hebdo\u00bb feiert seinen 30. Geburtstag\"}]},{\"@type\":\"WebSite\",\"@id\":\"https:\/\/www.ringier.com\/de\/#website\",\"url\":\"https:\/\/www.ringier.com\/de\/\",\"name\":\"Ringier\",\"description\":\"We inform. We entertain. We connect\",\"publisher\":{\"@id\":\"https:\/\/www.ringier.com\/de\/#organization\"},\"potentialAction\":[{\"@type\":\"SearchAction\",\"target\":{\"@type\":\"EntryPoint\",\"urlTemplate\":\"https:\/\/www.ringier.com\/de\/?s={search_term_string}\"},\"query-input\":{\"@type\":\"PropertyValueSpecification\",\"valueRequired\":true,\"valueName\":\"search_term_string\"}}],\"inLanguage\":\"de-DE\"},{\"@type\":\"Organization\",\"@id\":\"https:\/\/www.ringier.com\/de\/#organization\",\"name\":\"Ringier\",\"url\":\"https:\/\/www.ringier.com\/de\/\",\"logo\":{\"@type\":\"ImageObject\",\"inLanguage\":\"de-DE\",\"@id\":\"https:\/\/www.ringier.com\/de\/#\/schema\/logo\/image\/\",\"url\":\"https:\/\/www.ringier.com\/wp-content\/uploads\/2021\/10\/ringier_logo_2.jpg\",\"contentUrl\":\"https:\/\/www.ringier.com\/wp-content\/uploads\/2021\/10\/ringier_logo_2.jpg\",\"width\":750,\"height\":550,\"caption\":\"Ringier\"},\"image\":{\"@id\":\"https:\/\/www.ringier.com\/de\/#\/schema\/logo\/image\/\"},\"sameAs\":[\"https:\/\/www.facebook.com\/ringierag\/\",\"https:\/\/x.com\/ringier_ag\",\"https:\/\/www.instagram.com\/ringier_ag\/\",\"https:\/\/www.linkedin.com\/company\/ringier\/\",\"https:\/\/www.youtube.com\/user\/RingierComm\",\"https:\/\/en.wikipedia.org\/wiki\/Ringier\",\"https:\/\/de.wikipedia.org\/wiki\/Ringier\",\"https:\/\/fr.wikipedia.org\/wiki\/Ringier\",\"https:\/\/www.crunchbase.com\/organization\/ringier-ag\"]},{\"@type\":\"Person\",\"@id\":\"https:\/\/www.ringier.com\/de\/#\/schema\/person\/4cf76a308dc4b2bb5121bd1e7b752e52\",\"name\":\"Ringier Corporate Communications\",\"image\":{\"@type\":\"ImageObject\",\"inLanguage\":\"de-DE\",\"@id\":\"https:\/\/www.ringier.com\/de\/#\/schema\/person\/image\/\",\"url\":\"https:\/\/secure.gravatar.com\/avatar\/9391e20481368d5df4fe3e1e476c13b27786347489822ec1ed07e532bb41f587?s=96&d=mm&r=g\",\"contentUrl\":\"https:\/\/secure.gravatar.com\/avatar\/9391e20481368d5df4fe3e1e476c13b27786347489822ec1ed07e532bb41f587?s=96&d=mm&r=g\",\"caption\":\"Ringier Corporate Communications\"},\"sameAs\":[\"https:\/\/www.ringier.com\"]}]}<\/script>\n<!-- \/ Yoast SEO Premium plugin. -->","yoast_head_json":{"title":"\u00abL'Hebdo\u00bb feiert seinen 30. Geburtstag - Ringier","robots":{"index":"index","follow":"follow","max-snippet":"max-snippet:-1","max-image-preview":"max-image-preview:large","max-video-preview":"max-video-preview:-1"},"canonical":"https:\/\/www.ringier.com\/de\/lhebdo-feiert-seinen-30-geburtstag\/","og_locale":"de_DE","og_type":"article","og_title":"\u00abL'Hebdo\u00bb feiert seinen 30. Geburtstag","og_description":"Lausanne:  Vor 30 Jahren, am 11. September 1981, feierte das Westschweizer Magazin seine Premiere. Heute ist \u00abL'Hebdo\u00bb das einzige Nachrichtenmagazin der Schweiz und erscheint mit einer Auflage von 45'784 Exemplaren, die rund 204'000 Leser und Leserinnen erreichen.","og_url":"https:\/\/www.ringier.com\/de\/lhebdo-feiert-seinen-30-geburtstag\/","og_site_name":"Ringier","article_publisher":"https:\/\/www.facebook.com\/ringierag\/","article_published_time":"2011-10-28T14:47:00+00:00","article_modified_time":"2021-09-21T14:52:43+00:00","og_image":[{"width":1024,"height":538,"url":"https:\/\/www.ringier.com\/wp-content\/uploads\/2021\/09\/Press-Release-Default-1024x538.png","type":"image\/png"}],"author":"Ringier Corporate Communications","twitter_card":"summary_large_image","twitter_creator":"@ringier_ag","twitter_site":"@ringier_ag","twitter_misc":{"Verfasst von":"Ringier Corporate Communications","Gesch\u00e4tzte Lesezeit":"1 Minute"},"schema":{"@context":"https:\/\/schema.org","@graph":[{"@type":"Article","@id":"https:\/\/www.ringier.com\/de\/lhebdo-feiert-seinen-30-geburtstag\/#article","isPartOf":{"@id":"https:\/\/www.ringier.com\/de\/lhebdo-feiert-seinen-30-geburtstag\/"},"author":{"name":"Ringier Corporate Communications","@id":"https:\/\/www.ringier.com\/de\/#\/schema\/person\/4cf76a308dc4b2bb5121bd1e7b752e52"},"headline":"\u00abL&#8217;Hebdo\u00bb feiert seinen 30. Geburtstag","datePublished":"2011-10-28T14:47:00+00:00","dateModified":"2021-09-21T14:52:43+00:00","mainEntityOfPage":{"@id":"https:\/\/www.ringier.com\/de\/lhebdo-feiert-seinen-30-geburtstag\/"},"wordCount":182,"publisher":{"@id":"https:\/\/www.ringier.com\/de\/#organization"},"image":{"@id":"https:\/\/www.ringier.com\/de\/lhebdo-feiert-seinen-30-geburtstag\/#primaryimage"},"thumbnailUrl":"https:\/\/www.ringier.com\/wp-content\/uploads\/2021\/09\/Press-Release-Default.png","articleSection":["Media","Ringier Medien Schweiz"],"inLanguage":"de-DE"},{"@type":"WebPage","@id":"https:\/\/www.ringier.com\/de\/lhebdo-feiert-seinen-30-geburtstag\/","url":"https:\/\/www.ringier.com\/de\/lhebdo-feiert-seinen-30-geburtstag\/","name":"\u00abL'Hebdo\u00bb feiert seinen 30. Geburtstag - Ringier","isPartOf":{"@id":"https:\/\/www.ringier.com\/de\/#website"},"primaryImageOfPage":{"@id":"https:\/\/www.ringier.com\/de\/lhebdo-feiert-seinen-30-geburtstag\/#primaryimage"},"image":{"@id":"https:\/\/www.ringier.com\/de\/lhebdo-feiert-seinen-30-geburtstag\/#primaryimage"},"thumbnailUrl":"https:\/\/www.ringier.com\/wp-content\/uploads\/2021\/09\/Press-Release-Default.png","datePublished":"2011-10-28T14:47:00+00:00","dateModified":"2021-09-21T14:52:43+00:00","breadcrumb":{"@id":"https:\/\/www.ringier.com\/de\/lhebdo-feiert-seinen-30-geburtstag\/#breadcrumb"},"inLanguage":"de-DE","potentialAction":[{"@type":"ReadAction","target":["https:\/\/www.ringier.com\/de\/lhebdo-feiert-seinen-30-geburtstag\/"]}]},{"@type":"ImageObject","inLanguage":"de-DE","@id":"https:\/\/www.ringier.com\/de\/lhebdo-feiert-seinen-30-geburtstag\/#primaryimage","url":"https:\/\/www.ringier.com\/wp-content\/uploads\/2021\/09\/Press-Release-Default.png","contentUrl":"https:\/\/www.ringier.com\/wp-content\/uploads\/2021\/09\/Press-Release-Default.png","width":8001,"height":4201},{"@type":"BreadcrumbList","@id":"https:\/\/www.ringier.com\/de\/lhebdo-feiert-seinen-30-geburtstag\/#breadcrumb","itemListElement":[{"@type":"ListItem","position":1,"name":"Home","item":"https:\/\/www.ringier.com\/de\/"},{"@type":"ListItem","position":2,"name":"\u00abL&#8217;Hebdo\u00bb feiert seinen 30. Geburtstag"}]},{"@type":"WebSite","@id":"https:\/\/www.ringier.com\/de\/#website","url":"https:\/\/www.ringier.com\/de\/","name":"Ringier","description":"We inform. We entertain. We connect","publisher":{"@id":"https:\/\/www.ringier.com\/de\/#organization"},"potentialAction":[{"@type":"SearchAction","target":{"@type":"EntryPoint","urlTemplate":"https:\/\/www.ringier.com\/de\/?s={search_term_string}"},"query-input":{"@type":"PropertyValueSpecification","valueRequired":true,"valueName":"search_term_string"}}],"inLanguage":"de-DE"},{"@type":"Organization","@id":"https:\/\/www.ringier.com\/de\/#organization","name":"Ringier","url":"https:\/\/www.ringier.com\/de\/","logo":{"@type":"ImageObject","inLanguage":"de-DE","@id":"https:\/\/www.ringier.com\/de\/#\/schema\/logo\/image\/","url":"https:\/\/www.ringier.com\/wp-content\/uploads\/2021\/10\/ringier_logo_2.jpg","contentUrl":"https:\/\/www.ringier.com\/wp-content\/uploads\/2021\/10\/ringier_logo_2.jpg","width":750,"height":550,"caption":"Ringier"},"image":{"@id":"https:\/\/www.ringier.com\/de\/#\/schema\/logo\/image\/"},"sameAs":["https:\/\/www.facebook.com\/ringierag\/","https:\/\/x.com\/ringier_ag","https:\/\/www.instagram.com\/ringier_ag\/","https:\/\/www.linkedin.com\/company\/ringier\/","https:\/\/www.youtube.com\/user\/RingierComm","https:\/\/en.wikipedia.org\/wiki\/Ringier","https:\/\/de.wikipedia.org\/wiki\/Ringier","https:\/\/fr.wikipedia.org\/wiki\/Ringier","https:\/\/www.crunchbase.com\/organization\/ringier-ag"]},{"@type":"Person","@id":"https:\/\/www.ringier.com\/de\/#\/schema\/person\/4cf76a308dc4b2bb5121bd1e7b752e52","name":"Ringier Corporate Communications","image":{"@type":"ImageObject","inLanguage":"de-DE","@id":"https:\/\/www.ringier.com\/de\/#\/schema\/person\/image\/","url":"https:\/\/secure.gravatar.com\/avatar\/9391e20481368d5df4fe3e1e476c13b27786347489822ec1ed07e532bb41f587?s=96&d=mm&r=g","contentUrl":"https:\/\/secure.gravatar.com\/avatar\/9391e20481368d5df4fe3e1e476c13b27786347489822ec1ed07e532bb41f587?s=96&d=mm&r=g","caption":"Ringier Corporate Communications"},"sameAs":["https:\/\/www.ringier.com"]}]}},"_links":{"self":[{"href":"https:\/\/www.ringier.com\/de\/wp-json\/wp\/v2\/posts\/6616","targetHints":{"allow":["GET"]}}],"collection":[{"href":"https:\/\/www.ringier.com\/de\/wp-json\/wp\/v2\/posts"}],"about":[{"href":"https:\/\/www.ringier.com\/de\/wp-json\/wp\/v2\/types\/post"}],"author":[{"embeddable":true,"href":"https:\/\/www.ringier.com\/de\/wp-json\/wp\/v2\/users\/23"}],"replies":[{"embeddable":true,"href":"https:\/\/www.ringier.com\/de\/wp-json\/wp\/v2\/comments?post=6616"}],"version-history":[{"count":0,"href":"https:\/\/www.ringier.com\/de\/wp-json\/wp\/v2\/posts\/6616\/revisions"}],"wp:featuredmedia":[{"embeddable":true,"href":"https:\/\/www.ringier.com\/de\/wp-json\/wp\/v2\/media\/6232"}],"wp:attachment":[{"href":"https:\/\/www.ringier.com\/de\/wp-json\/wp\/v2\/media?parent=6616"}],"wp:term":[{"taxonomy":"category","embeddable":true,"href":"https:\/\/www.ringier.com\/de\/wp-json\/wp\/v2\/categories?post=6616"},{"taxonomy":"post_tag","embeddable":true,"href":"https:\/\/www.ringier.com\/de\/wp-json\/wp\/v2\/tags?post=6616"}],"curies":[{"name":"wp","href":"https:\/\/api.w.org\/{rel}","templated":true}]}}