{"id":6329,"date":"2011-04-18T12:07:00","date_gmt":"2011-04-18T10:07:00","guid":{"rendered":"https:\/\/www.ringier.com\/?p=6329"},"modified":"2024-11-29T16:38:31","modified_gmt":"2024-11-29T15:38:31","slug":"start-des-wettbewerbs-beim-rose-dor-festival","status":"publish","type":"post","link":"https:\/\/www.ringier.com\/de\/start-des-wettbewerbs-beim-rose-dor-festival\/","title":{"rendered":"Start des Wettbewerbs beim Rose d&#8217;Or Festival"},"content":{"rendered":"\n<p>Die aktuelle Ausschreibung des Wettbewerbs ist mit wichtigen Neuerungen verkn\u00fcpft. In 13 verschiedenen Kategorien k\u00f6nnen nun Programme eingereicht werden. Telenovela und Lifestyle sind neu als eigenst\u00e4ndige Kategorien mit dabei. Marco Castellaneta, Pr\u00e4sident des Festivals: \u00abDer Wettbewerb setzt den Fokus noch st\u00e4rker auf das Unterhaltungsfernsehen und schafft mit den neuen Definitionen der einzelnen Kategorien eine klarere Abgrenzung der Genres.\u00bb Der digitale Upload der Beitr\u00e4ge wird die Teilnahme beim Wettbewerb zudem nicht nur einfacher, sondern auch sicherer gestalten. Festivaldirektor Markus Helbling: \u00abWir wollen die besten Programme und Formate aus der Welt des Unterhaltungsfernsehens. Darum setzen wir alle Kr\u00e4fte daf\u00fcr ein, den Teilnehmern unseres Wettbewerbs eine perfekte Plattform zu bieten &#8211; inhaltlich und technisch.\u00bb Die Anmeldung beim 51. Rose d&#8217;Or-Wettbewerb ist bis am 31. Dezember 2011 m\u00f6glich.<\/p>\n\n\n\n<p><strong>Rose d&#8217;Or Festival im digitalen Zeitalter<br><\/strong>Mit dem Startschuss zum Wettbewerb 2012 unternimmt das Rose d&#8217;Or Festival weitere Schritte im digitalen Bereich. So findet nicht nur der vollst\u00e4ndige Anmeldeprozess elektronisch statt. Auch die Vorselektion der eingereichten Programme durch die internationale Rose d&#8217;Or Festival-Jury erfolgt neu online. Deren Mitglieder aus aller Welt k\u00f6nnen jederzeit direkt auf die eingereichten Beitr\u00e4ge zugreifen und ihre Wahl f\u00fcr die Nominationen im Februar 2012 treffen. Schliesslich d\u00fcrfen sich auch die Teilnehmer des Rose d&#8217;Or Festivals 2012 schon heute auf technische Neuerungen beim Video Kiosk in Luzern freuen.<\/p>\n\n\n\n<p><strong>Detaillierte Informationen zum Wettbewerb<\/strong><br>Die Website des Rose d&#8217;Or Festival www.rosedor.ch bietet eine umfassende \u00dcbersicht zum Wettbewerb und stellt jede einzelne Kategorie im Detail vor. Dazu geh\u00f6ren die exakten Definitionen der Kategorien, Interviews mit prominenten Vertretern aus dem Unterhaltungsfernsehen als Erkl\u00e4rst\u00fccke und repr\u00e4sentative Beispiel-Videos. Die Website bietet eine optimale Hilfestellung, damit die Teilnehmer beim Wettbewerb auf jeden Fall die richtige Wahl bei der Kategorie treffen. So scheint es durchaus m\u00f6glich, dass der Teilnehmerrekord aus dem letzten Jahr &#8211; mit 515 Programmen aus 40 L\u00e4ndern &#8211; beim Wettbewerb 2012 \u00fcberboten wird.<\/p>\n","protected":false},"excerpt":{"rendered":"<p>Mit dem Call for Entries lanciert das Rose d&#8217;Or Festival die 51. Austragung seines Wettbewerbs. Ab heute k\u00f6nnen in 13 Kategorien Programme aus dem Unterhaltungsfernsehen eingereicht werden und sich um eine der begehrten Goldenen Rosen bewerben.<\/p>\n","protected":false},"author":23,"featured_media":5763,"comment_status":"closed","ping_status":"open","sticky":false,"template":"","format":"standard","meta":{"inline_featured_image":false,"footnotes":""},"categories":[371],"tags":[],"class_list":["post-6329","post","type-post","status-publish","format-standard","has-post-thumbnail","hentry","category-media-de"],"yoast_head":"<!-- This site is optimized with the Yoast SEO Premium plugin v27.0 (Yoast SEO v27.0) - https:\/\/yoast.com\/product\/yoast-seo-premium-wordpress\/ -->\n<title>Start des Wettbewerbs beim Rose d&#039;Or Festival - Ringier<\/title>\n<meta name=\"robots\" content=\"index, follow, max-snippet:-1, max-image-preview:large, max-video-preview:-1\" \/>\n<link rel=\"canonical\" href=\"https:\/\/www.ringier.com\/de\/start-des-wettbewerbs-beim-rose-dor-festival\/\" \/>\n<meta property=\"og:locale\" content=\"de_DE\" \/>\n<meta property=\"og:type\" content=\"article\" \/>\n<meta property=\"og:title\" content=\"Start des Wettbewerbs beim Rose d&#039;Or Festival\" \/>\n<meta property=\"og:description\" content=\"Mit dem Call for Entries lanciert das Rose d&#039;Or Festival die 51. Austragung seines Wettbewerbs. Ab heute k\u00f6nnen in 13 Kategorien Programme aus dem Unterhaltungsfernsehen eingereicht werden und sich um eine der begehrten Goldenen Rosen bewerben.\" \/>\n<meta property=\"og:url\" content=\"https:\/\/www.ringier.com\/de\/start-des-wettbewerbs-beim-rose-dor-festival\/\" \/>\n<meta property=\"og:site_name\" content=\"Ringier\" \/>\n<meta property=\"article:publisher\" content=\"https:\/\/www.facebook.com\/ringierag\/\" \/>\n<meta property=\"article:published_time\" content=\"2011-04-18T10:07:00+00:00\" \/>\n<meta property=\"article:modified_time\" content=\"2024-11-29T15:38:31+00:00\" \/>\n<meta property=\"og:image\" content=\"https:\/\/www.ringier.com\/wp-content\/uploads\/2013\/03\/Press-Release-Default.png\" \/>\n\t<meta property=\"og:image:width\" content=\"8001\" \/>\n\t<meta property=\"og:image:height\" content=\"4201\" \/>\n\t<meta property=\"og:image:type\" content=\"image\/png\" \/>\n<meta name=\"author\" content=\"Ringier Corporate Communications\" \/>\n<meta name=\"twitter:card\" content=\"summary_large_image\" \/>\n<meta name=\"twitter:creator\" content=\"@ringier_ag\" \/>\n<meta name=\"twitter:site\" content=\"@ringier_ag\" \/>\n<meta name=\"twitter:label1\" content=\"Verfasst von\" \/>\n\t<meta name=\"twitter:data1\" content=\"Ringier Corporate Communications\" \/>\n\t<meta name=\"twitter:label2\" content=\"Gesch\u00e4tzte Lesezeit\" \/>\n\t<meta name=\"twitter:data2\" content=\"2 Minuten\" \/>\n<script type=\"application\/ld+json\" class=\"yoast-schema-graph\">{\"@context\":\"https:\/\/schema.org\",\"@graph\":[{\"@type\":\"Article\",\"@id\":\"https:\/\/www.ringier.com\/de\/start-des-wettbewerbs-beim-rose-dor-festival\/#article\",\"isPartOf\":{\"@id\":\"https:\/\/www.ringier.com\/de\/start-des-wettbewerbs-beim-rose-dor-festival\/\"},\"author\":{\"name\":\"Ringier Corporate Communications\",\"@id\":\"https:\/\/www.ringier.com\/de\/#\/schema\/person\/4cf76a308dc4b2bb5121bd1e7b752e52\"},\"headline\":\"Start des Wettbewerbs beim Rose d&#8217;Or Festival\",\"datePublished\":\"2011-04-18T10:07:00+00:00\",\"dateModified\":\"2024-11-29T15:38:31+00:00\",\"mainEntityOfPage\":{\"@id\":\"https:\/\/www.ringier.com\/de\/start-des-wettbewerbs-beim-rose-dor-festival\/\"},\"wordCount\":331,\"publisher\":{\"@id\":\"https:\/\/www.ringier.com\/de\/#organization\"},\"image\":{\"@id\":\"https:\/\/www.ringier.com\/de\/start-des-wettbewerbs-beim-rose-dor-festival\/#primaryimage\"},\"thumbnailUrl\":\"https:\/\/www.ringier.com\/wp-content\/uploads\/2013\/03\/Press-Release-Default.png\",\"articleSection\":[\"Media\"],\"inLanguage\":\"de-DE\"},{\"@type\":\"WebPage\",\"@id\":\"https:\/\/www.ringier.com\/de\/start-des-wettbewerbs-beim-rose-dor-festival\/\",\"url\":\"https:\/\/www.ringier.com\/de\/start-des-wettbewerbs-beim-rose-dor-festival\/\",\"name\":\"Start des Wettbewerbs beim Rose d'Or Festival - Ringier\",\"isPartOf\":{\"@id\":\"https:\/\/www.ringier.com\/de\/#website\"},\"primaryImageOfPage\":{\"@id\":\"https:\/\/www.ringier.com\/de\/start-des-wettbewerbs-beim-rose-dor-festival\/#primaryimage\"},\"image\":{\"@id\":\"https:\/\/www.ringier.com\/de\/start-des-wettbewerbs-beim-rose-dor-festival\/#primaryimage\"},\"thumbnailUrl\":\"https:\/\/www.ringier.com\/wp-content\/uploads\/2013\/03\/Press-Release-Default.png\",\"datePublished\":\"2011-04-18T10:07:00+00:00\",\"dateModified\":\"2024-11-29T15:38:31+00:00\",\"breadcrumb\":{\"@id\":\"https:\/\/www.ringier.com\/de\/start-des-wettbewerbs-beim-rose-dor-festival\/#breadcrumb\"},\"inLanguage\":\"de-DE\",\"potentialAction\":[{\"@type\":\"ReadAction\",\"target\":[\"https:\/\/www.ringier.com\/de\/start-des-wettbewerbs-beim-rose-dor-festival\/\"]}]},{\"@type\":\"ImageObject\",\"inLanguage\":\"de-DE\",\"@id\":\"https:\/\/www.ringier.com\/de\/start-des-wettbewerbs-beim-rose-dor-festival\/#primaryimage\",\"url\":\"https:\/\/www.ringier.com\/wp-content\/uploads\/2013\/03\/Press-Release-Default.png\",\"contentUrl\":\"https:\/\/www.ringier.com\/wp-content\/uploads\/2013\/03\/Press-Release-Default.png\",\"width\":8001,\"height\":4201},{\"@type\":\"BreadcrumbList\",\"@id\":\"https:\/\/www.ringier.com\/de\/start-des-wettbewerbs-beim-rose-dor-festival\/#breadcrumb\",\"itemListElement\":[{\"@type\":\"ListItem\",\"position\":1,\"name\":\"Home\",\"item\":\"https:\/\/www.ringier.com\/de\/\"},{\"@type\":\"ListItem\",\"position\":2,\"name\":\"Start des Wettbewerbs beim Rose d&#8217;Or Festival\"}]},{\"@type\":\"WebSite\",\"@id\":\"https:\/\/www.ringier.com\/de\/#website\",\"url\":\"https:\/\/www.ringier.com\/de\/\",\"name\":\"Ringier\",\"description\":\"We inform. We entertain. We connect\",\"publisher\":{\"@id\":\"https:\/\/www.ringier.com\/de\/#organization\"},\"potentialAction\":[{\"@type\":\"SearchAction\",\"target\":{\"@type\":\"EntryPoint\",\"urlTemplate\":\"https:\/\/www.ringier.com\/de\/?s={search_term_string}\"},\"query-input\":{\"@type\":\"PropertyValueSpecification\",\"valueRequired\":true,\"valueName\":\"search_term_string\"}}],\"inLanguage\":\"de-DE\"},{\"@type\":\"Organization\",\"@id\":\"https:\/\/www.ringier.com\/de\/#organization\",\"name\":\"Ringier\",\"url\":\"https:\/\/www.ringier.com\/de\/\",\"logo\":{\"@type\":\"ImageObject\",\"inLanguage\":\"de-DE\",\"@id\":\"https:\/\/www.ringier.com\/de\/#\/schema\/logo\/image\/\",\"url\":\"https:\/\/www.ringier.com\/wp-content\/uploads\/2021\/10\/ringier_logo_2.jpg\",\"contentUrl\":\"https:\/\/www.ringier.com\/wp-content\/uploads\/2021\/10\/ringier_logo_2.jpg\",\"width\":750,\"height\":550,\"caption\":\"Ringier\"},\"image\":{\"@id\":\"https:\/\/www.ringier.com\/de\/#\/schema\/logo\/image\/\"},\"sameAs\":[\"https:\/\/www.facebook.com\/ringierag\/\",\"https:\/\/x.com\/ringier_ag\",\"https:\/\/www.instagram.com\/ringier_ag\/\",\"https:\/\/www.linkedin.com\/company\/ringier\/\",\"https:\/\/www.youtube.com\/user\/RingierComm\",\"https:\/\/en.wikipedia.org\/wiki\/Ringier\",\"https:\/\/de.wikipedia.org\/wiki\/Ringier\",\"https:\/\/fr.wikipedia.org\/wiki\/Ringier\",\"https:\/\/www.crunchbase.com\/organization\/ringier-ag\"]},{\"@type\":\"Person\",\"@id\":\"https:\/\/www.ringier.com\/de\/#\/schema\/person\/4cf76a308dc4b2bb5121bd1e7b752e52\",\"name\":\"Ringier Corporate Communications\",\"image\":{\"@type\":\"ImageObject\",\"inLanguage\":\"de-DE\",\"@id\":\"https:\/\/www.ringier.com\/de\/#\/schema\/person\/image\/\",\"url\":\"https:\/\/secure.gravatar.com\/avatar\/9391e20481368d5df4fe3e1e476c13b27786347489822ec1ed07e532bb41f587?s=96&d=mm&r=g\",\"contentUrl\":\"https:\/\/secure.gravatar.com\/avatar\/9391e20481368d5df4fe3e1e476c13b27786347489822ec1ed07e532bb41f587?s=96&d=mm&r=g\",\"caption\":\"Ringier Corporate Communications\"},\"sameAs\":[\"https:\/\/www.ringier.com\"]}]}<\/script>\n<!-- \/ Yoast SEO Premium plugin. -->","yoast_head_json":{"title":"Start des Wettbewerbs beim Rose d'Or Festival - Ringier","robots":{"index":"index","follow":"follow","max-snippet":"max-snippet:-1","max-image-preview":"max-image-preview:large","max-video-preview":"max-video-preview:-1"},"canonical":"https:\/\/www.ringier.com\/de\/start-des-wettbewerbs-beim-rose-dor-festival\/","og_locale":"de_DE","og_type":"article","og_title":"Start des Wettbewerbs beim Rose d'Or Festival","og_description":"Mit dem Call for Entries lanciert das Rose d'Or Festival die 51. Austragung seines Wettbewerbs. Ab heute k\u00f6nnen in 13 Kategorien Programme aus dem Unterhaltungsfernsehen eingereicht werden und sich um eine der begehrten Goldenen Rosen bewerben.","og_url":"https:\/\/www.ringier.com\/de\/start-des-wettbewerbs-beim-rose-dor-festival\/","og_site_name":"Ringier","article_publisher":"https:\/\/www.facebook.com\/ringierag\/","article_published_time":"2011-04-18T10:07:00+00:00","article_modified_time":"2024-11-29T15:38:31+00:00","og_image":[{"width":8001,"height":4201,"url":"https:\/\/www.ringier.com\/wp-content\/uploads\/2013\/03\/Press-Release-Default.png","type":"image\/png"}],"author":"Ringier Corporate Communications","twitter_card":"summary_large_image","twitter_creator":"@ringier_ag","twitter_site":"@ringier_ag","twitter_misc":{"Verfasst von":"Ringier Corporate Communications","Gesch\u00e4tzte Lesezeit":"2 Minuten"},"schema":{"@context":"https:\/\/schema.org","@graph":[{"@type":"Article","@id":"https:\/\/www.ringier.com\/de\/start-des-wettbewerbs-beim-rose-dor-festival\/#article","isPartOf":{"@id":"https:\/\/www.ringier.com\/de\/start-des-wettbewerbs-beim-rose-dor-festival\/"},"author":{"name":"Ringier Corporate Communications","@id":"https:\/\/www.ringier.com\/de\/#\/schema\/person\/4cf76a308dc4b2bb5121bd1e7b752e52"},"headline":"Start des Wettbewerbs beim Rose d&#8217;Or Festival","datePublished":"2011-04-18T10:07:00+00:00","dateModified":"2024-11-29T15:38:31+00:00","mainEntityOfPage":{"@id":"https:\/\/www.ringier.com\/de\/start-des-wettbewerbs-beim-rose-dor-festival\/"},"wordCount":331,"publisher":{"@id":"https:\/\/www.ringier.com\/de\/#organization"},"image":{"@id":"https:\/\/www.ringier.com\/de\/start-des-wettbewerbs-beim-rose-dor-festival\/#primaryimage"},"thumbnailUrl":"https:\/\/www.ringier.com\/wp-content\/uploads\/2013\/03\/Press-Release-Default.png","articleSection":["Media"],"inLanguage":"de-DE"},{"@type":"WebPage","@id":"https:\/\/www.ringier.com\/de\/start-des-wettbewerbs-beim-rose-dor-festival\/","url":"https:\/\/www.ringier.com\/de\/start-des-wettbewerbs-beim-rose-dor-festival\/","name":"Start des Wettbewerbs beim Rose d'Or Festival - Ringier","isPartOf":{"@id":"https:\/\/www.ringier.com\/de\/#website"},"primaryImageOfPage":{"@id":"https:\/\/www.ringier.com\/de\/start-des-wettbewerbs-beim-rose-dor-festival\/#primaryimage"},"image":{"@id":"https:\/\/www.ringier.com\/de\/start-des-wettbewerbs-beim-rose-dor-festival\/#primaryimage"},"thumbnailUrl":"https:\/\/www.ringier.com\/wp-content\/uploads\/2013\/03\/Press-Release-Default.png","datePublished":"2011-04-18T10:07:00+00:00","dateModified":"2024-11-29T15:38:31+00:00","breadcrumb":{"@id":"https:\/\/www.ringier.com\/de\/start-des-wettbewerbs-beim-rose-dor-festival\/#breadcrumb"},"inLanguage":"de-DE","potentialAction":[{"@type":"ReadAction","target":["https:\/\/www.ringier.com\/de\/start-des-wettbewerbs-beim-rose-dor-festival\/"]}]},{"@type":"ImageObject","inLanguage":"de-DE","@id":"https:\/\/www.ringier.com\/de\/start-des-wettbewerbs-beim-rose-dor-festival\/#primaryimage","url":"https:\/\/www.ringier.com\/wp-content\/uploads\/2013\/03\/Press-Release-Default.png","contentUrl":"https:\/\/www.ringier.com\/wp-content\/uploads\/2013\/03\/Press-Release-Default.png","width":8001,"height":4201},{"@type":"BreadcrumbList","@id":"https:\/\/www.ringier.com\/de\/start-des-wettbewerbs-beim-rose-dor-festival\/#breadcrumb","itemListElement":[{"@type":"ListItem","position":1,"name":"Home","item":"https:\/\/www.ringier.com\/de\/"},{"@type":"ListItem","position":2,"name":"Start des Wettbewerbs beim Rose d&#8217;Or Festival"}]},{"@type":"WebSite","@id":"https:\/\/www.ringier.com\/de\/#website","url":"https:\/\/www.ringier.com\/de\/","name":"Ringier","description":"We inform. We entertain. We connect","publisher":{"@id":"https:\/\/www.ringier.com\/de\/#organization"},"potentialAction":[{"@type":"SearchAction","target":{"@type":"EntryPoint","urlTemplate":"https:\/\/www.ringier.com\/de\/?s={search_term_string}"},"query-input":{"@type":"PropertyValueSpecification","valueRequired":true,"valueName":"search_term_string"}}],"inLanguage":"de-DE"},{"@type":"Organization","@id":"https:\/\/www.ringier.com\/de\/#organization","name":"Ringier","url":"https:\/\/www.ringier.com\/de\/","logo":{"@type":"ImageObject","inLanguage":"de-DE","@id":"https:\/\/www.ringier.com\/de\/#\/schema\/logo\/image\/","url":"https:\/\/www.ringier.com\/wp-content\/uploads\/2021\/10\/ringier_logo_2.jpg","contentUrl":"https:\/\/www.ringier.com\/wp-content\/uploads\/2021\/10\/ringier_logo_2.jpg","width":750,"height":550,"caption":"Ringier"},"image":{"@id":"https:\/\/www.ringier.com\/de\/#\/schema\/logo\/image\/"},"sameAs":["https:\/\/www.facebook.com\/ringierag\/","https:\/\/x.com\/ringier_ag","https:\/\/www.instagram.com\/ringier_ag\/","https:\/\/www.linkedin.com\/company\/ringier\/","https:\/\/www.youtube.com\/user\/RingierComm","https:\/\/en.wikipedia.org\/wiki\/Ringier","https:\/\/de.wikipedia.org\/wiki\/Ringier","https:\/\/fr.wikipedia.org\/wiki\/Ringier","https:\/\/www.crunchbase.com\/organization\/ringier-ag"]},{"@type":"Person","@id":"https:\/\/www.ringier.com\/de\/#\/schema\/person\/4cf76a308dc4b2bb5121bd1e7b752e52","name":"Ringier Corporate Communications","image":{"@type":"ImageObject","inLanguage":"de-DE","@id":"https:\/\/www.ringier.com\/de\/#\/schema\/person\/image\/","url":"https:\/\/secure.gravatar.com\/avatar\/9391e20481368d5df4fe3e1e476c13b27786347489822ec1ed07e532bb41f587?s=96&d=mm&r=g","contentUrl":"https:\/\/secure.gravatar.com\/avatar\/9391e20481368d5df4fe3e1e476c13b27786347489822ec1ed07e532bb41f587?s=96&d=mm&r=g","caption":"Ringier Corporate Communications"},"sameAs":["https:\/\/www.ringier.com"]}]}},"_links":{"self":[{"href":"https:\/\/www.ringier.com\/de\/wp-json\/wp\/v2\/posts\/6329","targetHints":{"allow":["GET"]}}],"collection":[{"href":"https:\/\/www.ringier.com\/de\/wp-json\/wp\/v2\/posts"}],"about":[{"href":"https:\/\/www.ringier.com\/de\/wp-json\/wp\/v2\/types\/post"}],"author":[{"embeddable":true,"href":"https:\/\/www.ringier.com\/de\/wp-json\/wp\/v2\/users\/23"}],"replies":[{"embeddable":true,"href":"https:\/\/www.ringier.com\/de\/wp-json\/wp\/v2\/comments?post=6329"}],"version-history":[{"count":0,"href":"https:\/\/www.ringier.com\/de\/wp-json\/wp\/v2\/posts\/6329\/revisions"}],"wp:featuredmedia":[{"embeddable":true,"href":"https:\/\/www.ringier.com\/de\/wp-json\/wp\/v2\/media\/5763"}],"wp:attachment":[{"href":"https:\/\/www.ringier.com\/de\/wp-json\/wp\/v2\/media?parent=6329"}],"wp:term":[{"taxonomy":"category","embeddable":true,"href":"https:\/\/www.ringier.com\/de\/wp-json\/wp\/v2\/categories?post=6329"},{"taxonomy":"post_tag","embeddable":true,"href":"https:\/\/www.ringier.com\/de\/wp-json\/wp\/v2\/tags?post=6329"}],"curies":[{"name":"wp","href":"https:\/\/api.w.org\/{rel}","templated":true}]}}