{"id":6326,"date":"2011-04-19T11:55:00","date_gmt":"2011-04-19T09:55:00","guid":{"rendered":"https:\/\/www.ringier.com\/ringier-signs-publishing-pro-as-new-cfo\/"},"modified":"2025-07-28T14:18:44","modified_gmt":"2025-07-28T12:18:44","slug":"ringier-holt-verlagsprofi-als-neuen-cfo","status":"publish","type":"post","link":"https:\/\/www.ringier.com\/de\/ringier-holt-verlagsprofi-als-neuen-cfo\/","title":{"rendered":"Ringier holt Verlagsprofi als neuen CFO"},"content":{"rendered":"\n<p>Tobias Schulz-Isenbeck ist seit 2006 Gesch\u00e4ftsf\u00fchrer der Verlagsgruppe Handelsblatt und seit 2008 Sprecher der Gesch\u00e4ftsf\u00fchrung, verantwortlich f\u00fcr Publikumsmedien und als CFO. In dieser Funktion war Schulz-Isenbeck massgeblich am erfolgreichen Turnaround der Handelsblatt-Gruppe nach der Finanzkrise beteiligt. Davor war er w\u00e4hrend 10 Jahren in verschiedenen weiteren F\u00fchrungspositionen bei der Verlagsgruppe GvH t\u00e4tig. Ausserdem ist er seit 2004 ehrenamtliches Mitglied im Pr\u00e4sidium der Deutschen Welthungerhilfe e. V. und Vorstandsmitglied der Stiftung Deutsche Welthungerhilfe.<\/p>\n\n\n\n<p>Der promovierte Wirtschaftswissenschaftler wird seine Arbeit bei Ringier am 1. September 2011 aufnehmen und sein B\u00fcro am Konzernhauptsitz in Z\u00fcrich beziehen. Christian Unger, CEO Ringier: \u00abMit der Verpflichtung von Tobias Schulz-Isenbeck ist es uns gelungen, einen ausgewiesenen Kenner der Verlagsbranche mit internationaler Erfahrung zu Ringier zu holen. Schulz-Isenbeck ist damit die ideale Besetzung des CFO und wird uns massgeblich bei der weiteren Umsetzung der Konzernstrategie unterst\u00fctzen.\u00bb<\/p>\n\n\n\n<p>Wie bereits am 10. M\u00e4rz 2011 bekannt gegeben, wird der bisherige CFO Samuel H\u00fcgli nach vier Jahren T\u00e4tigkeit als Finanzchef der Ringier-Gruppe auf eigenen Wunsch per Ende August 2011 aus der Ringier Konzernleitung austreten, um sich neuen unternehmerischen Herausforderungen zu widmen. H\u00fcgli wird Ringier weiterhin als Berater zur Verf\u00fcgung stehen sowie verschiedene Verwaltungsrats-Mandate bei Ringier-Gesellschaften wahrnehmen.<\/p>\n\n\n\n<p>Ringier Corporate Communications<\/p>\n","protected":false},"excerpt":{"rendered":"<p>Das international operierende Schweizer Medienhaus Ringier erh\u00e4lt namhafte Unterst\u00fctzung im Top-Management: Dr. Tobias Schulz-Isenbeck (43) wird per 1. September 2011 als neuer Chief Financial Officer Einsitz in die Konzernleitung um CEO Christian Unger nehmen. Er folgt auf Samuel H\u00fcgli, der wie bereits kommuniziert auf eigenen Wunsch als CFO zur\u00fcck tritt.<\/p>\n","protected":false},"author":23,"featured_media":6323,"comment_status":"closed","ping_status":"open","sticky":false,"template":"","format":"standard","meta":{"inline_featured_image":false,"footnotes":""},"categories":[44,3],"tags":[],"class_list":["post-6326","post","type-post","status-publish","format-standard","has-post-thumbnail","hentry","category-corporate-de","category-unkategorisiert"],"yoast_head":"<!-- This site is optimized with the Yoast SEO Premium plugin v27.0 (Yoast SEO v27.0) - https:\/\/yoast.com\/product\/yoast-seo-premium-wordpress\/ -->\n<title>Ringier holt Verlagsprofi als neuen CFO - Ringier<\/title>\n<meta name=\"robots\" content=\"index, follow, max-snippet:-1, max-image-preview:large, max-video-preview:-1\" \/>\n<link rel=\"canonical\" href=\"https:\/\/www.ringier.com\/de\/ringier-holt-verlagsprofi-als-neuen-cfo\/\" \/>\n<meta property=\"og:locale\" content=\"de_DE\" \/>\n<meta property=\"og:type\" content=\"article\" \/>\n<meta property=\"og:title\" content=\"Ringier holt Verlagsprofi als neuen CFO\" \/>\n<meta property=\"og:description\" content=\"Das international operierende Schweizer Medienhaus Ringier erh\u00e4lt namhafte Unterst\u00fctzung im Top-Management: Dr. Tobias Schulz-Isenbeck (43) wird per 1. September 2011 als neuer Chief Financial Officer Einsitz in die Konzernleitung um CEO Christian Unger nehmen. Er folgt auf Samuel H\u00fcgli, der wie bereits kommuniziert auf eigenen Wunsch als CFO zur\u00fcck tritt.\" \/>\n<meta property=\"og:url\" content=\"https:\/\/www.ringier.com\/de\/ringier-holt-verlagsprofi-als-neuen-cfo\/\" \/>\n<meta property=\"og:site_name\" content=\"Ringier\" \/>\n<meta property=\"article:publisher\" content=\"https:\/\/www.facebook.com\/ringierag\/\" \/>\n<meta property=\"article:published_time\" content=\"2011-04-19T09:55:00+00:00\" \/>\n<meta property=\"article:modified_time\" content=\"2025-07-28T12:18:44+00:00\" \/>\n<meta property=\"og:image\" content=\"https:\/\/www.ringier.com\/wp-content\/uploads\/2021\/09\/cfo-tobias_schulz-isenbeck-scaled.jpg\" \/>\n\t<meta property=\"og:image:width\" content=\"2560\" \/>\n\t<meta property=\"og:image:height\" content=\"1707\" \/>\n\t<meta property=\"og:image:type\" content=\"image\/jpeg\" \/>\n<meta name=\"author\" content=\"Ringier Corporate Communications\" \/>\n<meta name=\"twitter:card\" content=\"summary_large_image\" \/>\n<meta name=\"twitter:creator\" content=\"@ringier_ag\" \/>\n<meta name=\"twitter:site\" content=\"@ringier_ag\" \/>\n<meta name=\"twitter:label1\" content=\"Verfasst von\" \/>\n\t<meta name=\"twitter:data1\" content=\"Ringier Corporate Communications\" \/>\n\t<meta name=\"twitter:label2\" content=\"Gesch\u00e4tzte Lesezeit\" \/>\n\t<meta name=\"twitter:data2\" content=\"2 Minuten\" \/>\n<script type=\"application\/ld+json\" class=\"yoast-schema-graph\">{\"@context\":\"https:\/\/schema.org\",\"@graph\":[{\"@type\":\"Article\",\"@id\":\"https:\/\/www.ringier.com\/de\/ringier-holt-verlagsprofi-als-neuen-cfo\/#article\",\"isPartOf\":{\"@id\":\"https:\/\/www.ringier.com\/de\/ringier-holt-verlagsprofi-als-neuen-cfo\/\"},\"author\":{\"name\":\"Ringier Corporate Communications\",\"@id\":\"https:\/\/www.ringier.com\/de\/#\/schema\/person\/4cf76a308dc4b2bb5121bd1e7b752e52\"},\"headline\":\"Ringier holt Verlagsprofi als neuen CFO\",\"datePublished\":\"2011-04-19T09:55:00+00:00\",\"dateModified\":\"2025-07-28T12:18:44+00:00\",\"mainEntityOfPage\":{\"@id\":\"https:\/\/www.ringier.com\/de\/ringier-holt-verlagsprofi-als-neuen-cfo\/\"},\"wordCount\":210,\"publisher\":{\"@id\":\"https:\/\/www.ringier.com\/de\/#organization\"},\"image\":{\"@id\":\"https:\/\/www.ringier.com\/de\/ringier-holt-verlagsprofi-als-neuen-cfo\/#primaryimage\"},\"thumbnailUrl\":\"https:\/\/www.ringier.com\/wp-content\/uploads\/2021\/09\/cfo-tobias_schulz-isenbeck-scaled.jpg\",\"articleSection\":[\"Corporate\",\"Unkategorisiert\"],\"inLanguage\":\"de-DE\"},{\"@type\":\"WebPage\",\"@id\":\"https:\/\/www.ringier.com\/de\/ringier-holt-verlagsprofi-als-neuen-cfo\/\",\"url\":\"https:\/\/www.ringier.com\/de\/ringier-holt-verlagsprofi-als-neuen-cfo\/\",\"name\":\"Ringier holt Verlagsprofi als neuen CFO - Ringier\",\"isPartOf\":{\"@id\":\"https:\/\/www.ringier.com\/de\/#website\"},\"primaryImageOfPage\":{\"@id\":\"https:\/\/www.ringier.com\/de\/ringier-holt-verlagsprofi-als-neuen-cfo\/#primaryimage\"},\"image\":{\"@id\":\"https:\/\/www.ringier.com\/de\/ringier-holt-verlagsprofi-als-neuen-cfo\/#primaryimage\"},\"thumbnailUrl\":\"https:\/\/www.ringier.com\/wp-content\/uploads\/2021\/09\/cfo-tobias_schulz-isenbeck-scaled.jpg\",\"datePublished\":\"2011-04-19T09:55:00+00:00\",\"dateModified\":\"2025-07-28T12:18:44+00:00\",\"breadcrumb\":{\"@id\":\"https:\/\/www.ringier.com\/de\/ringier-holt-verlagsprofi-als-neuen-cfo\/#breadcrumb\"},\"inLanguage\":\"de-DE\",\"potentialAction\":[{\"@type\":\"ReadAction\",\"target\":[\"https:\/\/www.ringier.com\/de\/ringier-holt-verlagsprofi-als-neuen-cfo\/\"]}]},{\"@type\":\"ImageObject\",\"inLanguage\":\"de-DE\",\"@id\":\"https:\/\/www.ringier.com\/de\/ringier-holt-verlagsprofi-als-neuen-cfo\/#primaryimage\",\"url\":\"https:\/\/www.ringier.com\/wp-content\/uploads\/2021\/09\/cfo-tobias_schulz-isenbeck-scaled.jpg\",\"contentUrl\":\"https:\/\/www.ringier.com\/wp-content\/uploads\/2021\/09\/cfo-tobias_schulz-isenbeck-scaled.jpg\",\"width\":2560,\"height\":1707,\"caption\":\"Tobias Schulz-Isenbeck\"},{\"@type\":\"BreadcrumbList\",\"@id\":\"https:\/\/www.ringier.com\/de\/ringier-holt-verlagsprofi-als-neuen-cfo\/#breadcrumb\",\"itemListElement\":[{\"@type\":\"ListItem\",\"position\":1,\"name\":\"Home\",\"item\":\"https:\/\/www.ringier.com\/de\/\"},{\"@type\":\"ListItem\",\"position\":2,\"name\":\"Ringier holt Verlagsprofi als neuen CFO\"}]},{\"@type\":\"WebSite\",\"@id\":\"https:\/\/www.ringier.com\/de\/#website\",\"url\":\"https:\/\/www.ringier.com\/de\/\",\"name\":\"Ringier\",\"description\":\"We inform. We entertain. We connect\",\"publisher\":{\"@id\":\"https:\/\/www.ringier.com\/de\/#organization\"},\"potentialAction\":[{\"@type\":\"SearchAction\",\"target\":{\"@type\":\"EntryPoint\",\"urlTemplate\":\"https:\/\/www.ringier.com\/de\/?s={search_term_string}\"},\"query-input\":{\"@type\":\"PropertyValueSpecification\",\"valueRequired\":true,\"valueName\":\"search_term_string\"}}],\"inLanguage\":\"de-DE\"},{\"@type\":\"Organization\",\"@id\":\"https:\/\/www.ringier.com\/de\/#organization\",\"name\":\"Ringier\",\"url\":\"https:\/\/www.ringier.com\/de\/\",\"logo\":{\"@type\":\"ImageObject\",\"inLanguage\":\"de-DE\",\"@id\":\"https:\/\/www.ringier.com\/de\/#\/schema\/logo\/image\/\",\"url\":\"https:\/\/www.ringier.com\/wp-content\/uploads\/2021\/10\/ringier_logo_2.jpg\",\"contentUrl\":\"https:\/\/www.ringier.com\/wp-content\/uploads\/2021\/10\/ringier_logo_2.jpg\",\"width\":750,\"height\":550,\"caption\":\"Ringier\"},\"image\":{\"@id\":\"https:\/\/www.ringier.com\/de\/#\/schema\/logo\/image\/\"},\"sameAs\":[\"https:\/\/www.facebook.com\/ringierag\/\",\"https:\/\/x.com\/ringier_ag\",\"https:\/\/www.instagram.com\/ringier_ag\/\",\"https:\/\/www.linkedin.com\/company\/ringier\/\",\"https:\/\/www.youtube.com\/user\/RingierComm\",\"https:\/\/en.wikipedia.org\/wiki\/Ringier\",\"https:\/\/de.wikipedia.org\/wiki\/Ringier\",\"https:\/\/fr.wikipedia.org\/wiki\/Ringier\",\"https:\/\/www.crunchbase.com\/organization\/ringier-ag\"]},{\"@type\":\"Person\",\"@id\":\"https:\/\/www.ringier.com\/de\/#\/schema\/person\/4cf76a308dc4b2bb5121bd1e7b752e52\",\"name\":\"Ringier Corporate Communications\",\"image\":{\"@type\":\"ImageObject\",\"inLanguage\":\"de-DE\",\"@id\":\"https:\/\/www.ringier.com\/de\/#\/schema\/person\/image\/\",\"url\":\"https:\/\/secure.gravatar.com\/avatar\/9391e20481368d5df4fe3e1e476c13b27786347489822ec1ed07e532bb41f587?s=96&d=mm&r=g\",\"contentUrl\":\"https:\/\/secure.gravatar.com\/avatar\/9391e20481368d5df4fe3e1e476c13b27786347489822ec1ed07e532bb41f587?s=96&d=mm&r=g\",\"caption\":\"Ringier Corporate Communications\"},\"sameAs\":[\"https:\/\/www.ringier.com\"]}]}<\/script>\n<!-- \/ Yoast SEO Premium plugin. -->","yoast_head_json":{"title":"Ringier holt Verlagsprofi als neuen CFO - Ringier","robots":{"index":"index","follow":"follow","max-snippet":"max-snippet:-1","max-image-preview":"max-image-preview:large","max-video-preview":"max-video-preview:-1"},"canonical":"https:\/\/www.ringier.com\/de\/ringier-holt-verlagsprofi-als-neuen-cfo\/","og_locale":"de_DE","og_type":"article","og_title":"Ringier holt Verlagsprofi als neuen CFO","og_description":"Das international operierende Schweizer Medienhaus Ringier erh\u00e4lt namhafte Unterst\u00fctzung im Top-Management: Dr. Tobias Schulz-Isenbeck (43) wird per 1. September 2011 als neuer Chief Financial Officer Einsitz in die Konzernleitung um CEO Christian Unger nehmen. Er folgt auf Samuel H\u00fcgli, der wie bereits kommuniziert auf eigenen Wunsch als CFO zur\u00fcck tritt.","og_url":"https:\/\/www.ringier.com\/de\/ringier-holt-verlagsprofi-als-neuen-cfo\/","og_site_name":"Ringier","article_publisher":"https:\/\/www.facebook.com\/ringierag\/","article_published_time":"2011-04-19T09:55:00+00:00","article_modified_time":"2025-07-28T12:18:44+00:00","og_image":[{"width":2560,"height":1707,"url":"https:\/\/www.ringier.com\/wp-content\/uploads\/2021\/09\/cfo-tobias_schulz-isenbeck-scaled.jpg","type":"image\/jpeg"}],"author":"Ringier Corporate Communications","twitter_card":"summary_large_image","twitter_creator":"@ringier_ag","twitter_site":"@ringier_ag","twitter_misc":{"Verfasst von":"Ringier Corporate Communications","Gesch\u00e4tzte Lesezeit":"2 Minuten"},"schema":{"@context":"https:\/\/schema.org","@graph":[{"@type":"Article","@id":"https:\/\/www.ringier.com\/de\/ringier-holt-verlagsprofi-als-neuen-cfo\/#article","isPartOf":{"@id":"https:\/\/www.ringier.com\/de\/ringier-holt-verlagsprofi-als-neuen-cfo\/"},"author":{"name":"Ringier Corporate Communications","@id":"https:\/\/www.ringier.com\/de\/#\/schema\/person\/4cf76a308dc4b2bb5121bd1e7b752e52"},"headline":"Ringier holt Verlagsprofi als neuen CFO","datePublished":"2011-04-19T09:55:00+00:00","dateModified":"2025-07-28T12:18:44+00:00","mainEntityOfPage":{"@id":"https:\/\/www.ringier.com\/de\/ringier-holt-verlagsprofi-als-neuen-cfo\/"},"wordCount":210,"publisher":{"@id":"https:\/\/www.ringier.com\/de\/#organization"},"image":{"@id":"https:\/\/www.ringier.com\/de\/ringier-holt-verlagsprofi-als-neuen-cfo\/#primaryimage"},"thumbnailUrl":"https:\/\/www.ringier.com\/wp-content\/uploads\/2021\/09\/cfo-tobias_schulz-isenbeck-scaled.jpg","articleSection":["Corporate","Unkategorisiert"],"inLanguage":"de-DE"},{"@type":"WebPage","@id":"https:\/\/www.ringier.com\/de\/ringier-holt-verlagsprofi-als-neuen-cfo\/","url":"https:\/\/www.ringier.com\/de\/ringier-holt-verlagsprofi-als-neuen-cfo\/","name":"Ringier holt Verlagsprofi als neuen CFO - Ringier","isPartOf":{"@id":"https:\/\/www.ringier.com\/de\/#website"},"primaryImageOfPage":{"@id":"https:\/\/www.ringier.com\/de\/ringier-holt-verlagsprofi-als-neuen-cfo\/#primaryimage"},"image":{"@id":"https:\/\/www.ringier.com\/de\/ringier-holt-verlagsprofi-als-neuen-cfo\/#primaryimage"},"thumbnailUrl":"https:\/\/www.ringier.com\/wp-content\/uploads\/2021\/09\/cfo-tobias_schulz-isenbeck-scaled.jpg","datePublished":"2011-04-19T09:55:00+00:00","dateModified":"2025-07-28T12:18:44+00:00","breadcrumb":{"@id":"https:\/\/www.ringier.com\/de\/ringier-holt-verlagsprofi-als-neuen-cfo\/#breadcrumb"},"inLanguage":"de-DE","potentialAction":[{"@type":"ReadAction","target":["https:\/\/www.ringier.com\/de\/ringier-holt-verlagsprofi-als-neuen-cfo\/"]}]},{"@type":"ImageObject","inLanguage":"de-DE","@id":"https:\/\/www.ringier.com\/de\/ringier-holt-verlagsprofi-als-neuen-cfo\/#primaryimage","url":"https:\/\/www.ringier.com\/wp-content\/uploads\/2021\/09\/cfo-tobias_schulz-isenbeck-scaled.jpg","contentUrl":"https:\/\/www.ringier.com\/wp-content\/uploads\/2021\/09\/cfo-tobias_schulz-isenbeck-scaled.jpg","width":2560,"height":1707,"caption":"Tobias Schulz-Isenbeck"},{"@type":"BreadcrumbList","@id":"https:\/\/www.ringier.com\/de\/ringier-holt-verlagsprofi-als-neuen-cfo\/#breadcrumb","itemListElement":[{"@type":"ListItem","position":1,"name":"Home","item":"https:\/\/www.ringier.com\/de\/"},{"@type":"ListItem","position":2,"name":"Ringier holt Verlagsprofi als neuen CFO"}]},{"@type":"WebSite","@id":"https:\/\/www.ringier.com\/de\/#website","url":"https:\/\/www.ringier.com\/de\/","name":"Ringier","description":"We inform. We entertain. We connect","publisher":{"@id":"https:\/\/www.ringier.com\/de\/#organization"},"potentialAction":[{"@type":"SearchAction","target":{"@type":"EntryPoint","urlTemplate":"https:\/\/www.ringier.com\/de\/?s={search_term_string}"},"query-input":{"@type":"PropertyValueSpecification","valueRequired":true,"valueName":"search_term_string"}}],"inLanguage":"de-DE"},{"@type":"Organization","@id":"https:\/\/www.ringier.com\/de\/#organization","name":"Ringier","url":"https:\/\/www.ringier.com\/de\/","logo":{"@type":"ImageObject","inLanguage":"de-DE","@id":"https:\/\/www.ringier.com\/de\/#\/schema\/logo\/image\/","url":"https:\/\/www.ringier.com\/wp-content\/uploads\/2021\/10\/ringier_logo_2.jpg","contentUrl":"https:\/\/www.ringier.com\/wp-content\/uploads\/2021\/10\/ringier_logo_2.jpg","width":750,"height":550,"caption":"Ringier"},"image":{"@id":"https:\/\/www.ringier.com\/de\/#\/schema\/logo\/image\/"},"sameAs":["https:\/\/www.facebook.com\/ringierag\/","https:\/\/x.com\/ringier_ag","https:\/\/www.instagram.com\/ringier_ag\/","https:\/\/www.linkedin.com\/company\/ringier\/","https:\/\/www.youtube.com\/user\/RingierComm","https:\/\/en.wikipedia.org\/wiki\/Ringier","https:\/\/de.wikipedia.org\/wiki\/Ringier","https:\/\/fr.wikipedia.org\/wiki\/Ringier","https:\/\/www.crunchbase.com\/organization\/ringier-ag"]},{"@type":"Person","@id":"https:\/\/www.ringier.com\/de\/#\/schema\/person\/4cf76a308dc4b2bb5121bd1e7b752e52","name":"Ringier Corporate Communications","image":{"@type":"ImageObject","inLanguage":"de-DE","@id":"https:\/\/www.ringier.com\/de\/#\/schema\/person\/image\/","url":"https:\/\/secure.gravatar.com\/avatar\/9391e20481368d5df4fe3e1e476c13b27786347489822ec1ed07e532bb41f587?s=96&d=mm&r=g","contentUrl":"https:\/\/secure.gravatar.com\/avatar\/9391e20481368d5df4fe3e1e476c13b27786347489822ec1ed07e532bb41f587?s=96&d=mm&r=g","caption":"Ringier Corporate Communications"},"sameAs":["https:\/\/www.ringier.com"]}]}},"_links":{"self":[{"href":"https:\/\/www.ringier.com\/de\/wp-json\/wp\/v2\/posts\/6326","targetHints":{"allow":["GET"]}}],"collection":[{"href":"https:\/\/www.ringier.com\/de\/wp-json\/wp\/v2\/posts"}],"about":[{"href":"https:\/\/www.ringier.com\/de\/wp-json\/wp\/v2\/types\/post"}],"author":[{"embeddable":true,"href":"https:\/\/www.ringier.com\/de\/wp-json\/wp\/v2\/users\/23"}],"replies":[{"embeddable":true,"href":"https:\/\/www.ringier.com\/de\/wp-json\/wp\/v2\/comments?post=6326"}],"version-history":[{"count":0,"href":"https:\/\/www.ringier.com\/de\/wp-json\/wp\/v2\/posts\/6326\/revisions"}],"wp:featuredmedia":[{"embeddable":true,"href":"https:\/\/www.ringier.com\/de\/wp-json\/wp\/v2\/media\/6323"}],"wp:attachment":[{"href":"https:\/\/www.ringier.com\/de\/wp-json\/wp\/v2\/media?parent=6326"}],"wp:term":[{"taxonomy":"category","embeddable":true,"href":"https:\/\/www.ringier.com\/de\/wp-json\/wp\/v2\/categories?post=6326"},{"taxonomy":"post_tag","embeddable":true,"href":"https:\/\/www.ringier.com\/de\/wp-json\/wp\/v2\/tags?post=6326"}],"curies":[{"name":"wp","href":"https:\/\/api.w.org\/{rel}","templated":true}]}}