{"id":6305,"date":"2010-01-04T11:11:00","date_gmt":"2010-01-04T10:11:00","guid":{"rendered":"https:\/\/www.ringier.com\/ringier-appelle-florian-fels-a-la-direction-du-groupe\/"},"modified":"2024-11-29T16:59:03","modified_gmt":"2024-11-29T15:59:03","slug":"ringier-beruft-florian-fels-in-die-konzernleitung","status":"publish","type":"post","link":"https:\/\/www.ringier.com\/de\/ringier-beruft-florian-fels-in-die-konzernleitung\/","title":{"rendered":"Ringier beruft Florian Fels in die Konzernleitung"},"content":{"rendered":"\n<p>Die Ringier AG beruft Florian Fels als CEO Central Europe in die Konzernleitung. Er wird den neu geschaffenen Konzernbereich Mittel- und Osteuropa leiten, in dem die Gesch\u00e4ftst\u00e4tigkeiten in Ungarn, Rum\u00e4nien, Tschechien, der Slowakei und Serbien zusammengefasst sind. Florian Fels war zuletzt CEO und Vorsitzender der Gesch\u00e4ftsf\u00fchrung der Axel Springer Polska Sp.z.o.o., die vier Tageszeitungen und elf Zeitschriften herausgibt, zahlreiche Internetportale betreibt und zu den f\u00fchrenden Verlagen in Polen geh\u00f6rt. Seit 1993 arbeitet er in verschiedenen Positionen bei Axel Springer und hat sich im Verlauf seiner Karriere profundes Wissen \u00fcber den europ\u00e4ischen Medienmarkt angeeignet. Seit seiner Ernennung zum CEO und Vorsitzenden der Gesch\u00e4ftsf\u00fchrung des Axel Springer Gesch\u00e4fts in Polen 2005 hat er nicht nur erfolgreich zahlreiche neue Zeitungen und Zeitschriften lanciert, sondern Axel Springer Polska auch unter den Top-20-Internetanbietern in Polen etabliert.<\/p>\n\n\n\n<p>Der neue Konzernbereich Ringier Central Europe wurde im Rahmen der Anpassung der Konzernleitung an die neue strategische Ausrichtung geschaffen. Demnach st\u00e4rkt Ringier konsequent seine Marken und baut sie zu digitalen multimedialen Plattformen aus. \u00abFlorian Fels wird dank seiner grossen Medienerfahrung im Print- und Onlinebereich unsere Aktivit\u00e4ten in Zentraleuropa gem\u00e4ss der neuen Konzernstrategie erfolgreich weiterentwickeln\u00bb, freut sich Christian Unger, CEO der Ringier AG, \u00fcber den Neuzugang.<\/p>\n\n\n\n<p>In der Konzernleitung der Ringier AG unter dem Vorsitz von Christian Unger, Group CEO, sind demnach Florian Fels, CEO Ringier Central Europe, Samuel H\u00fcgli, CFO, Thomas Tr\u00fcb, CEO Ringier Asia\/New Markets, Marc Walder, CEO Ringier Deutschland und Schweiz und Marco Castellaneta, CCO.<\/p>\n\n\n\n<p>Ringier Group Communications<\/p>\n","protected":false},"excerpt":{"rendered":"<p>Florian Fels wird Leiter des neuen Konzernbereichs Ringier Central Europe. Zuletzt war Fels als CEO und Vorsitzender der Gesch\u00e4ftsf\u00fchrung von Axel Springer Polska verantwortlich f\u00fcr das Polen-Gesch\u00e4ft des Axel Springer Verlags. Er tritt seine Stelle am 1. Februar 2010 an.<\/p>\n","protected":false},"author":23,"featured_media":6302,"comment_status":"closed","ping_status":"open","sticky":false,"template":"","format":"standard","meta":{"inline_featured_image":false,"footnotes":""},"categories":[44],"tags":[],"class_list":["post-6305","post","type-post","status-publish","format-standard","has-post-thumbnail","hentry","category-corporate-de"],"yoast_head":"<!-- This site is optimized with the Yoast SEO Premium plugin v27.0 (Yoast SEO v27.0) - https:\/\/yoast.com\/product\/yoast-seo-premium-wordpress\/ -->\n<title>Ringier beruft Florian Fels in die Konzernleitung - Ringier<\/title>\n<meta name=\"robots\" content=\"index, follow, max-snippet:-1, max-image-preview:large, max-video-preview:-1\" \/>\n<link rel=\"canonical\" href=\"https:\/\/www.ringier.com\/de\/ringier-beruft-florian-fels-in-die-konzernleitung\/\" \/>\n<meta property=\"og:locale\" content=\"de_DE\" \/>\n<meta property=\"og:type\" content=\"article\" \/>\n<meta property=\"og:title\" content=\"Ringier beruft Florian Fels in die Konzernleitung\" \/>\n<meta property=\"og:description\" content=\"Florian Fels wird Leiter des neuen Konzernbereichs Ringier Central Europe. Zuletzt war Fels als CEO und Vorsitzender der Gesch\u00e4ftsf\u00fchrung von Axel Springer Polska verantwortlich f\u00fcr das Polen-Gesch\u00e4ft des Axel Springer Verlags. Er tritt seine Stelle am 1. Februar 2010 an.\" \/>\n<meta property=\"og:url\" content=\"https:\/\/www.ringier.com\/de\/ringier-beruft-florian-fels-in-die-konzernleitung\/\" \/>\n<meta property=\"og:site_name\" content=\"Ringier\" \/>\n<meta property=\"article:publisher\" content=\"https:\/\/www.facebook.com\/ringierag\/\" \/>\n<meta property=\"article:published_time\" content=\"2010-01-04T10:11:00+00:00\" \/>\n<meta property=\"article:modified_time\" content=\"2024-11-29T15:59:03+00:00\" \/>\n<meta property=\"og:image\" content=\"https:\/\/www.ringier.com\/wp-content\/uploads\/2021\/09\/florian_fels_group_board_2010.jpg\" \/>\n\t<meta property=\"og:image:width\" content=\"800\" \/>\n\t<meta property=\"og:image:height\" content=\"533\" \/>\n\t<meta property=\"og:image:type\" content=\"image\/jpeg\" \/>\n<meta name=\"author\" content=\"Ringier Corporate Communications\" \/>\n<meta name=\"twitter:card\" content=\"summary_large_image\" \/>\n<meta name=\"twitter:creator\" content=\"@ringier_ag\" \/>\n<meta name=\"twitter:site\" content=\"@ringier_ag\" \/>\n<meta name=\"twitter:label1\" content=\"Verfasst von\" \/>\n\t<meta name=\"twitter:data1\" content=\"Ringier Corporate Communications\" \/>\n\t<meta name=\"twitter:label2\" content=\"Gesch\u00e4tzte Lesezeit\" \/>\n\t<meta name=\"twitter:data2\" content=\"2 Minuten\" \/>\n<script type=\"application\/ld+json\" class=\"yoast-schema-graph\">{\"@context\":\"https:\/\/schema.org\",\"@graph\":[{\"@type\":\"Article\",\"@id\":\"https:\/\/www.ringier.com\/de\/ringier-beruft-florian-fels-in-die-konzernleitung\/#article\",\"isPartOf\":{\"@id\":\"https:\/\/www.ringier.com\/de\/ringier-beruft-florian-fels-in-die-konzernleitung\/\"},\"author\":{\"name\":\"Ringier Corporate Communications\",\"@id\":\"https:\/\/www.ringier.com\/de\/#\/schema\/person\/4cf76a308dc4b2bb5121bd1e7b752e52\"},\"headline\":\"Ringier beruft Florian Fels in die Konzernleitung\",\"datePublished\":\"2010-01-04T10:11:00+00:00\",\"dateModified\":\"2024-11-29T15:59:03+00:00\",\"mainEntityOfPage\":{\"@id\":\"https:\/\/www.ringier.com\/de\/ringier-beruft-florian-fels-in-die-konzernleitung\/\"},\"wordCount\":267,\"publisher\":{\"@id\":\"https:\/\/www.ringier.com\/de\/#organization\"},\"image\":{\"@id\":\"https:\/\/www.ringier.com\/de\/ringier-beruft-florian-fels-in-die-konzernleitung\/#primaryimage\"},\"thumbnailUrl\":\"https:\/\/www.ringier.com\/wp-content\/uploads\/2021\/09\/florian_fels_group_board_2010.jpg\",\"articleSection\":[\"Corporate\"],\"inLanguage\":\"de-DE\"},{\"@type\":\"WebPage\",\"@id\":\"https:\/\/www.ringier.com\/de\/ringier-beruft-florian-fels-in-die-konzernleitung\/\",\"url\":\"https:\/\/www.ringier.com\/de\/ringier-beruft-florian-fels-in-die-konzernleitung\/\",\"name\":\"Ringier beruft Florian Fels in die Konzernleitung - Ringier\",\"isPartOf\":{\"@id\":\"https:\/\/www.ringier.com\/de\/#website\"},\"primaryImageOfPage\":{\"@id\":\"https:\/\/www.ringier.com\/de\/ringier-beruft-florian-fels-in-die-konzernleitung\/#primaryimage\"},\"image\":{\"@id\":\"https:\/\/www.ringier.com\/de\/ringier-beruft-florian-fels-in-die-konzernleitung\/#primaryimage\"},\"thumbnailUrl\":\"https:\/\/www.ringier.com\/wp-content\/uploads\/2021\/09\/florian_fels_group_board_2010.jpg\",\"datePublished\":\"2010-01-04T10:11:00+00:00\",\"dateModified\":\"2024-11-29T15:59:03+00:00\",\"breadcrumb\":{\"@id\":\"https:\/\/www.ringier.com\/de\/ringier-beruft-florian-fels-in-die-konzernleitung\/#breadcrumb\"},\"inLanguage\":\"de-DE\",\"potentialAction\":[{\"@type\":\"ReadAction\",\"target\":[\"https:\/\/www.ringier.com\/de\/ringier-beruft-florian-fels-in-die-konzernleitung\/\"]}]},{\"@type\":\"ImageObject\",\"inLanguage\":\"de-DE\",\"@id\":\"https:\/\/www.ringier.com\/de\/ringier-beruft-florian-fels-in-die-konzernleitung\/#primaryimage\",\"url\":\"https:\/\/www.ringier.com\/wp-content\/uploads\/2021\/09\/florian_fels_group_board_2010.jpg\",\"contentUrl\":\"https:\/\/www.ringier.com\/wp-content\/uploads\/2021\/09\/florian_fels_group_board_2010.jpg\",\"width\":800,\"height\":533},{\"@type\":\"BreadcrumbList\",\"@id\":\"https:\/\/www.ringier.com\/de\/ringier-beruft-florian-fels-in-die-konzernleitung\/#breadcrumb\",\"itemListElement\":[{\"@type\":\"ListItem\",\"position\":1,\"name\":\"Home\",\"item\":\"https:\/\/www.ringier.com\/de\/\"},{\"@type\":\"ListItem\",\"position\":2,\"name\":\"Ringier beruft Florian Fels in die Konzernleitung\"}]},{\"@type\":\"WebSite\",\"@id\":\"https:\/\/www.ringier.com\/de\/#website\",\"url\":\"https:\/\/www.ringier.com\/de\/\",\"name\":\"Ringier\",\"description\":\"We inform. We entertain. We connect\",\"publisher\":{\"@id\":\"https:\/\/www.ringier.com\/de\/#organization\"},\"potentialAction\":[{\"@type\":\"SearchAction\",\"target\":{\"@type\":\"EntryPoint\",\"urlTemplate\":\"https:\/\/www.ringier.com\/de\/?s={search_term_string}\"},\"query-input\":{\"@type\":\"PropertyValueSpecification\",\"valueRequired\":true,\"valueName\":\"search_term_string\"}}],\"inLanguage\":\"de-DE\"},{\"@type\":\"Organization\",\"@id\":\"https:\/\/www.ringier.com\/de\/#organization\",\"name\":\"Ringier\",\"url\":\"https:\/\/www.ringier.com\/de\/\",\"logo\":{\"@type\":\"ImageObject\",\"inLanguage\":\"de-DE\",\"@id\":\"https:\/\/www.ringier.com\/de\/#\/schema\/logo\/image\/\",\"url\":\"https:\/\/www.ringier.com\/wp-content\/uploads\/2021\/10\/ringier_logo_2.jpg\",\"contentUrl\":\"https:\/\/www.ringier.com\/wp-content\/uploads\/2021\/10\/ringier_logo_2.jpg\",\"width\":750,\"height\":550,\"caption\":\"Ringier\"},\"image\":{\"@id\":\"https:\/\/www.ringier.com\/de\/#\/schema\/logo\/image\/\"},\"sameAs\":[\"https:\/\/www.facebook.com\/ringierag\/\",\"https:\/\/x.com\/ringier_ag\",\"https:\/\/www.instagram.com\/ringier_ag\/\",\"https:\/\/www.linkedin.com\/company\/ringier\/\",\"https:\/\/www.youtube.com\/user\/RingierComm\",\"https:\/\/en.wikipedia.org\/wiki\/Ringier\",\"https:\/\/de.wikipedia.org\/wiki\/Ringier\",\"https:\/\/fr.wikipedia.org\/wiki\/Ringier\",\"https:\/\/www.crunchbase.com\/organization\/ringier-ag\"]},{\"@type\":\"Person\",\"@id\":\"https:\/\/www.ringier.com\/de\/#\/schema\/person\/4cf76a308dc4b2bb5121bd1e7b752e52\",\"name\":\"Ringier Corporate Communications\",\"image\":{\"@type\":\"ImageObject\",\"inLanguage\":\"de-DE\",\"@id\":\"https:\/\/www.ringier.com\/de\/#\/schema\/person\/image\/\",\"url\":\"https:\/\/secure.gravatar.com\/avatar\/9391e20481368d5df4fe3e1e476c13b27786347489822ec1ed07e532bb41f587?s=96&d=mm&r=g\",\"contentUrl\":\"https:\/\/secure.gravatar.com\/avatar\/9391e20481368d5df4fe3e1e476c13b27786347489822ec1ed07e532bb41f587?s=96&d=mm&r=g\",\"caption\":\"Ringier Corporate Communications\"},\"sameAs\":[\"https:\/\/www.ringier.com\"]}]}<\/script>\n<!-- \/ Yoast SEO Premium plugin. -->","yoast_head_json":{"title":"Ringier beruft Florian Fels in die Konzernleitung - Ringier","robots":{"index":"index","follow":"follow","max-snippet":"max-snippet:-1","max-image-preview":"max-image-preview:large","max-video-preview":"max-video-preview:-1"},"canonical":"https:\/\/www.ringier.com\/de\/ringier-beruft-florian-fels-in-die-konzernleitung\/","og_locale":"de_DE","og_type":"article","og_title":"Ringier beruft Florian Fels in die Konzernleitung","og_description":"Florian Fels wird Leiter des neuen Konzernbereichs Ringier Central Europe. Zuletzt war Fels als CEO und Vorsitzender der Gesch\u00e4ftsf\u00fchrung von Axel Springer Polska verantwortlich f\u00fcr das Polen-Gesch\u00e4ft des Axel Springer Verlags. Er tritt seine Stelle am 1. Februar 2010 an.","og_url":"https:\/\/www.ringier.com\/de\/ringier-beruft-florian-fels-in-die-konzernleitung\/","og_site_name":"Ringier","article_publisher":"https:\/\/www.facebook.com\/ringierag\/","article_published_time":"2010-01-04T10:11:00+00:00","article_modified_time":"2024-11-29T15:59:03+00:00","og_image":[{"width":800,"height":533,"url":"https:\/\/www.ringier.com\/wp-content\/uploads\/2021\/09\/florian_fels_group_board_2010.jpg","type":"image\/jpeg"}],"author":"Ringier Corporate Communications","twitter_card":"summary_large_image","twitter_creator":"@ringier_ag","twitter_site":"@ringier_ag","twitter_misc":{"Verfasst von":"Ringier Corporate Communications","Gesch\u00e4tzte Lesezeit":"2 Minuten"},"schema":{"@context":"https:\/\/schema.org","@graph":[{"@type":"Article","@id":"https:\/\/www.ringier.com\/de\/ringier-beruft-florian-fels-in-die-konzernleitung\/#article","isPartOf":{"@id":"https:\/\/www.ringier.com\/de\/ringier-beruft-florian-fels-in-die-konzernleitung\/"},"author":{"name":"Ringier Corporate Communications","@id":"https:\/\/www.ringier.com\/de\/#\/schema\/person\/4cf76a308dc4b2bb5121bd1e7b752e52"},"headline":"Ringier beruft Florian Fels in die Konzernleitung","datePublished":"2010-01-04T10:11:00+00:00","dateModified":"2024-11-29T15:59:03+00:00","mainEntityOfPage":{"@id":"https:\/\/www.ringier.com\/de\/ringier-beruft-florian-fels-in-die-konzernleitung\/"},"wordCount":267,"publisher":{"@id":"https:\/\/www.ringier.com\/de\/#organization"},"image":{"@id":"https:\/\/www.ringier.com\/de\/ringier-beruft-florian-fels-in-die-konzernleitung\/#primaryimage"},"thumbnailUrl":"https:\/\/www.ringier.com\/wp-content\/uploads\/2021\/09\/florian_fels_group_board_2010.jpg","articleSection":["Corporate"],"inLanguage":"de-DE"},{"@type":"WebPage","@id":"https:\/\/www.ringier.com\/de\/ringier-beruft-florian-fels-in-die-konzernleitung\/","url":"https:\/\/www.ringier.com\/de\/ringier-beruft-florian-fels-in-die-konzernleitung\/","name":"Ringier beruft Florian Fels in die Konzernleitung - Ringier","isPartOf":{"@id":"https:\/\/www.ringier.com\/de\/#website"},"primaryImageOfPage":{"@id":"https:\/\/www.ringier.com\/de\/ringier-beruft-florian-fels-in-die-konzernleitung\/#primaryimage"},"image":{"@id":"https:\/\/www.ringier.com\/de\/ringier-beruft-florian-fels-in-die-konzernleitung\/#primaryimage"},"thumbnailUrl":"https:\/\/www.ringier.com\/wp-content\/uploads\/2021\/09\/florian_fels_group_board_2010.jpg","datePublished":"2010-01-04T10:11:00+00:00","dateModified":"2024-11-29T15:59:03+00:00","breadcrumb":{"@id":"https:\/\/www.ringier.com\/de\/ringier-beruft-florian-fels-in-die-konzernleitung\/#breadcrumb"},"inLanguage":"de-DE","potentialAction":[{"@type":"ReadAction","target":["https:\/\/www.ringier.com\/de\/ringier-beruft-florian-fels-in-die-konzernleitung\/"]}]},{"@type":"ImageObject","inLanguage":"de-DE","@id":"https:\/\/www.ringier.com\/de\/ringier-beruft-florian-fels-in-die-konzernleitung\/#primaryimage","url":"https:\/\/www.ringier.com\/wp-content\/uploads\/2021\/09\/florian_fels_group_board_2010.jpg","contentUrl":"https:\/\/www.ringier.com\/wp-content\/uploads\/2021\/09\/florian_fels_group_board_2010.jpg","width":800,"height":533},{"@type":"BreadcrumbList","@id":"https:\/\/www.ringier.com\/de\/ringier-beruft-florian-fels-in-die-konzernleitung\/#breadcrumb","itemListElement":[{"@type":"ListItem","position":1,"name":"Home","item":"https:\/\/www.ringier.com\/de\/"},{"@type":"ListItem","position":2,"name":"Ringier beruft Florian Fels in die Konzernleitung"}]},{"@type":"WebSite","@id":"https:\/\/www.ringier.com\/de\/#website","url":"https:\/\/www.ringier.com\/de\/","name":"Ringier","description":"We inform. We entertain. We connect","publisher":{"@id":"https:\/\/www.ringier.com\/de\/#organization"},"potentialAction":[{"@type":"SearchAction","target":{"@type":"EntryPoint","urlTemplate":"https:\/\/www.ringier.com\/de\/?s={search_term_string}"},"query-input":{"@type":"PropertyValueSpecification","valueRequired":true,"valueName":"search_term_string"}}],"inLanguage":"de-DE"},{"@type":"Organization","@id":"https:\/\/www.ringier.com\/de\/#organization","name":"Ringier","url":"https:\/\/www.ringier.com\/de\/","logo":{"@type":"ImageObject","inLanguage":"de-DE","@id":"https:\/\/www.ringier.com\/de\/#\/schema\/logo\/image\/","url":"https:\/\/www.ringier.com\/wp-content\/uploads\/2021\/10\/ringier_logo_2.jpg","contentUrl":"https:\/\/www.ringier.com\/wp-content\/uploads\/2021\/10\/ringier_logo_2.jpg","width":750,"height":550,"caption":"Ringier"},"image":{"@id":"https:\/\/www.ringier.com\/de\/#\/schema\/logo\/image\/"},"sameAs":["https:\/\/www.facebook.com\/ringierag\/","https:\/\/x.com\/ringier_ag","https:\/\/www.instagram.com\/ringier_ag\/","https:\/\/www.linkedin.com\/company\/ringier\/","https:\/\/www.youtube.com\/user\/RingierComm","https:\/\/en.wikipedia.org\/wiki\/Ringier","https:\/\/de.wikipedia.org\/wiki\/Ringier","https:\/\/fr.wikipedia.org\/wiki\/Ringier","https:\/\/www.crunchbase.com\/organization\/ringier-ag"]},{"@type":"Person","@id":"https:\/\/www.ringier.com\/de\/#\/schema\/person\/4cf76a308dc4b2bb5121bd1e7b752e52","name":"Ringier Corporate Communications","image":{"@type":"ImageObject","inLanguage":"de-DE","@id":"https:\/\/www.ringier.com\/de\/#\/schema\/person\/image\/","url":"https:\/\/secure.gravatar.com\/avatar\/9391e20481368d5df4fe3e1e476c13b27786347489822ec1ed07e532bb41f587?s=96&d=mm&r=g","contentUrl":"https:\/\/secure.gravatar.com\/avatar\/9391e20481368d5df4fe3e1e476c13b27786347489822ec1ed07e532bb41f587?s=96&d=mm&r=g","caption":"Ringier Corporate Communications"},"sameAs":["https:\/\/www.ringier.com"]}]}},"_links":{"self":[{"href":"https:\/\/www.ringier.com\/de\/wp-json\/wp\/v2\/posts\/6305","targetHints":{"allow":["GET"]}}],"collection":[{"href":"https:\/\/www.ringier.com\/de\/wp-json\/wp\/v2\/posts"}],"about":[{"href":"https:\/\/www.ringier.com\/de\/wp-json\/wp\/v2\/types\/post"}],"author":[{"embeddable":true,"href":"https:\/\/www.ringier.com\/de\/wp-json\/wp\/v2\/users\/23"}],"replies":[{"embeddable":true,"href":"https:\/\/www.ringier.com\/de\/wp-json\/wp\/v2\/comments?post=6305"}],"version-history":[{"count":0,"href":"https:\/\/www.ringier.com\/de\/wp-json\/wp\/v2\/posts\/6305\/revisions"}],"wp:featuredmedia":[{"embeddable":true,"href":"https:\/\/www.ringier.com\/de\/wp-json\/wp\/v2\/media\/6302"}],"wp:attachment":[{"href":"https:\/\/www.ringier.com\/de\/wp-json\/wp\/v2\/media?parent=6305"}],"wp:term":[{"taxonomy":"category","embeddable":true,"href":"https:\/\/www.ringier.com\/de\/wp-json\/wp\/v2\/categories?post=6305"},{"taxonomy":"post_tag","embeddable":true,"href":"https:\/\/www.ringier.com\/de\/wp-json\/wp\/v2\/tags?post=6305"}],"curies":[{"name":"wp","href":"https:\/\/api.w.org\/{rel}","templated":true}]}}