{"id":6294,"date":"2011-05-06T11:14:00","date_gmt":"2011-05-06T09:14:00","guid":{"rendered":"https:\/\/www.ringier.com\/?p=6294"},"modified":"2024-11-29T16:36:36","modified_gmt":"2024-11-29T15:36:36","slug":"fruehzustellungsgebiet-fast-verdoppelt-blick-kommt-neu-frueher-in-ueber-90000-schweizer-briefkaesten","status":"publish","type":"post","link":"https:\/\/www.ringier.com\/de\/fruehzustellungsgebiet-fast-verdoppelt-blick-kommt-neu-frueher-in-ueber-90000-schweizer-briefkaesten\/","title":{"rendered":"Fr\u00fchzustellungsgebiet fast verdoppelt: Blick kommt neu fr\u00fcher in \u00fcber 90\u2018000 Schweizer Briefk\u00e4sten."},"content":{"rendered":"\n<p><em>Blick<\/em>, die f\u00fchrende Schweizer Tageszeitung, wird ab dem 7. Mai 2011 das Gebiet, in dem die Zustellung bis sp\u00e4testens um 06.30 Uhr erfolgt, deutlich erweitern. Um der grossen Nachfrage vieler Leserinnen und Leser nachzukommen, die den Blick gerne bereits beim Morgenkaffee lesen m\u00f6chten, wird die Fr\u00fchzustellung auf das gesamte fr\u00fchmorgendliche Verteilgebiet der Post und ihrer Partnerfirmen ausgeweitet. Neu hinzu kommen insbesondere Gebiete in der Ostschweiz und im Mittelland sowie in der Zentralschweiz und in Graub\u00fcnden. Damit wird der <em>Blick<\/em> erstmals in seiner Geschichte grossfl\u00e4chig \u00fcber eine separate Fr\u00fchzustellung vertrieben und so ist der <em>Blick<\/em> bei fast 90&#8217;000 Abonnenten fr\u00fcher im Briefkasten als bis anhin.<\/p>\n\n\n\n<p>Bereits im Oktober 2000 wurde die Region Bern in einem Pilotprojekt auf Fr\u00fchzustellung umgestellt, 2010 kamen dann weitere 45&#8217;000 Abonnenten in den Ballungszentren der Deutschschweiz hinzu. Mit dem neusten Schritt kommen nun auf einen Schlag fast doppelt so viele Abonnenten in den Genuss der Fr\u00fchzustellung wie bis anhin. Doch die Entwicklung ist noch nicht abgeschlossen. Caroline Thoma, Gesch\u00e4ftsf\u00fchrerin der <em>Blick<\/em> Gruppe: \u00abWir freuen uns \u00fcber diese deutliche Erweiterung des Gebiets, in dem der <em>Blick<\/em> bis 06.30 Uhr in den Briefk\u00e4sten liegt. Aber <em>Blick<\/em> ist sehr viel daran gelegen, die Fr\u00fchzustellung weiter auszubauen und zu verdichten, so dass in absehbarer Zeit noch mehr Abonnenten fr\u00fcher bedient werden k\u00f6nnen.\u00bb<\/p>\n\n\n\n<p>Fragen im Zusammenhang mit der <em>Blick<\/em> Fr\u00fchzustellung werden unter der <em>Blick<\/em>-Gratisnummer 0800 833 844 gerne entgegen genommen.<\/p>\n\n\n\n<p>Unter www.online-kiosk.ch\/Zeitungen\/BLI\/Fruhzustellung kann ausserdem gepr\u00fcft werden, welche Adressen in der Schweiz nun in den Genuss der Fr\u00fchzustellung kommen.<\/p>\n\n\n\n<p>Kommunikation Ringier Schweiz<\/p>\n","protected":false},"excerpt":{"rendered":"<p>Blick, die f\u00fchrende Schweizer Tageszeitung, wird ab dem 7. Mai 2011 das Gebiet, in dem die Zustellung bis sp\u00e4testens um 06.30 Uhr erfolgt, deutlich erweitern. Um der grossen Nachfrage vieler Leserinnen und Leser nachzukommen, die den Blick gerne bereits beim Morgenkaffee lesen m\u00f6chten, wird die Fr\u00fchzustellung auf das gesamte fr\u00fchmorgendliche Verteilgebiet der Post und ihrer [&hellip;]<\/p>\n","protected":false},"author":23,"featured_media":5763,"comment_status":"closed","ping_status":"open","sticky":false,"template":"","format":"standard","meta":{"inline_featured_image":false,"footnotes":""},"categories":[371,361],"tags":[],"class_list":["post-6294","post","type-post","status-publish","format-standard","has-post-thumbnail","hentry","category-media-de","category-ringier-medien-schweiz"],"yoast_head":"<!-- This site is optimized with the Yoast SEO Premium plugin v27.0 (Yoast SEO v27.0) - https:\/\/yoast.com\/product\/yoast-seo-premium-wordpress\/ -->\n<title>Fr\u00fchzustellungsgebiet fast verdoppelt: Blick kommt neu fr\u00fcher in \u00fcber 90\u2018000 Schweizer Briefk\u00e4sten. - Ringier<\/title>\n<meta name=\"robots\" content=\"index, follow, max-snippet:-1, max-image-preview:large, max-video-preview:-1\" \/>\n<link rel=\"canonical\" href=\"https:\/\/www.ringier.com\/de\/fruehzustellungsgebiet-fast-verdoppelt-blick-kommt-neu-frueher-in-ueber-90000-schweizer-briefkaesten\/\" \/>\n<meta property=\"og:locale\" content=\"de_DE\" \/>\n<meta property=\"og:type\" content=\"article\" \/>\n<meta property=\"og:title\" content=\"Fr\u00fchzustellungsgebiet fast verdoppelt: Blick kommt neu fr\u00fcher in \u00fcber 90\u2018000 Schweizer Briefk\u00e4sten.\" \/>\n<meta property=\"og:description\" content=\"Blick, die f\u00fchrende Schweizer Tageszeitung, wird ab dem 7. Mai 2011 das Gebiet, in dem die Zustellung bis sp\u00e4testens um 06.30 Uhr erfolgt, deutlich erweitern. Um der grossen Nachfrage vieler Leserinnen und Leser nachzukommen, die den Blick gerne bereits beim Morgenkaffee lesen m\u00f6chten, wird die Fr\u00fchzustellung auf das gesamte fr\u00fchmorgendliche Verteilgebiet der Post und ihrer [&hellip;]\" \/>\n<meta property=\"og:url\" content=\"https:\/\/www.ringier.com\/de\/fruehzustellungsgebiet-fast-verdoppelt-blick-kommt-neu-frueher-in-ueber-90000-schweizer-briefkaesten\/\" \/>\n<meta property=\"og:site_name\" content=\"Ringier\" \/>\n<meta property=\"article:publisher\" content=\"https:\/\/www.facebook.com\/ringierag\/\" \/>\n<meta property=\"article:published_time\" content=\"2011-05-06T09:14:00+00:00\" \/>\n<meta property=\"article:modified_time\" content=\"2024-11-29T15:36:36+00:00\" \/>\n<meta property=\"og:image\" content=\"https:\/\/www.ringier.com\/wp-content\/uploads\/2013\/03\/Press-Release-Default.png\" \/>\n\t<meta property=\"og:image:width\" content=\"8001\" \/>\n\t<meta property=\"og:image:height\" content=\"4201\" \/>\n\t<meta property=\"og:image:type\" content=\"image\/png\" \/>\n<meta name=\"author\" content=\"Ringier Corporate Communications\" \/>\n<meta name=\"twitter:card\" content=\"summary_large_image\" \/>\n<meta name=\"twitter:creator\" content=\"@ringier_ag\" \/>\n<meta name=\"twitter:site\" content=\"@ringier_ag\" \/>\n<meta name=\"twitter:label1\" content=\"Verfasst von\" \/>\n\t<meta name=\"twitter:data1\" content=\"Ringier Corporate Communications\" \/>\n\t<meta name=\"twitter:label2\" content=\"Gesch\u00e4tzte Lesezeit\" \/>\n\t<meta name=\"twitter:data2\" content=\"2 Minuten\" \/>\n<script type=\"application\/ld+json\" class=\"yoast-schema-graph\">{\"@context\":\"https:\/\/schema.org\",\"@graph\":[{\"@type\":\"Article\",\"@id\":\"https:\/\/www.ringier.com\/de\/fruehzustellungsgebiet-fast-verdoppelt-blick-kommt-neu-frueher-in-ueber-90000-schweizer-briefkaesten\/#article\",\"isPartOf\":{\"@id\":\"https:\/\/www.ringier.com\/de\/fruehzustellungsgebiet-fast-verdoppelt-blick-kommt-neu-frueher-in-ueber-90000-schweizer-briefkaesten\/\"},\"author\":{\"name\":\"Ringier Corporate Communications\",\"@id\":\"https:\/\/www.ringier.com\/de\/#\/schema\/person\/4cf76a308dc4b2bb5121bd1e7b752e52\"},\"headline\":\"Fr\u00fchzustellungsgebiet fast verdoppelt: Blick kommt neu fr\u00fcher in \u00fcber 90\u2018000 Schweizer Briefk\u00e4sten.\",\"datePublished\":\"2011-05-06T09:14:00+00:00\",\"dateModified\":\"2024-11-29T15:36:36+00:00\",\"mainEntityOfPage\":{\"@id\":\"https:\/\/www.ringier.com\/de\/fruehzustellungsgebiet-fast-verdoppelt-blick-kommt-neu-frueher-in-ueber-90000-schweizer-briefkaesten\/\"},\"wordCount\":277,\"publisher\":{\"@id\":\"https:\/\/www.ringier.com\/de\/#organization\"},\"image\":{\"@id\":\"https:\/\/www.ringier.com\/de\/fruehzustellungsgebiet-fast-verdoppelt-blick-kommt-neu-frueher-in-ueber-90000-schweizer-briefkaesten\/#primaryimage\"},\"thumbnailUrl\":\"https:\/\/www.ringier.com\/wp-content\/uploads\/2013\/03\/Press-Release-Default.png\",\"articleSection\":[\"Media\",\"Ringier Medien Schweiz\"],\"inLanguage\":\"de-DE\"},{\"@type\":\"WebPage\",\"@id\":\"https:\/\/www.ringier.com\/de\/fruehzustellungsgebiet-fast-verdoppelt-blick-kommt-neu-frueher-in-ueber-90000-schweizer-briefkaesten\/\",\"url\":\"https:\/\/www.ringier.com\/de\/fruehzustellungsgebiet-fast-verdoppelt-blick-kommt-neu-frueher-in-ueber-90000-schweizer-briefkaesten\/\",\"name\":\"Fr\u00fchzustellungsgebiet fast verdoppelt: Blick kommt neu fr\u00fcher in \u00fcber 90\u2018000 Schweizer Briefk\u00e4sten. - Ringier\",\"isPartOf\":{\"@id\":\"https:\/\/www.ringier.com\/de\/#website\"},\"primaryImageOfPage\":{\"@id\":\"https:\/\/www.ringier.com\/de\/fruehzustellungsgebiet-fast-verdoppelt-blick-kommt-neu-frueher-in-ueber-90000-schweizer-briefkaesten\/#primaryimage\"},\"image\":{\"@id\":\"https:\/\/www.ringier.com\/de\/fruehzustellungsgebiet-fast-verdoppelt-blick-kommt-neu-frueher-in-ueber-90000-schweizer-briefkaesten\/#primaryimage\"},\"thumbnailUrl\":\"https:\/\/www.ringier.com\/wp-content\/uploads\/2013\/03\/Press-Release-Default.png\",\"datePublished\":\"2011-05-06T09:14:00+00:00\",\"dateModified\":\"2024-11-29T15:36:36+00:00\",\"breadcrumb\":{\"@id\":\"https:\/\/www.ringier.com\/de\/fruehzustellungsgebiet-fast-verdoppelt-blick-kommt-neu-frueher-in-ueber-90000-schweizer-briefkaesten\/#breadcrumb\"},\"inLanguage\":\"de-DE\",\"potentialAction\":[{\"@type\":\"ReadAction\",\"target\":[\"https:\/\/www.ringier.com\/de\/fruehzustellungsgebiet-fast-verdoppelt-blick-kommt-neu-frueher-in-ueber-90000-schweizer-briefkaesten\/\"]}]},{\"@type\":\"ImageObject\",\"inLanguage\":\"de-DE\",\"@id\":\"https:\/\/www.ringier.com\/de\/fruehzustellungsgebiet-fast-verdoppelt-blick-kommt-neu-frueher-in-ueber-90000-schweizer-briefkaesten\/#primaryimage\",\"url\":\"https:\/\/www.ringier.com\/wp-content\/uploads\/2013\/03\/Press-Release-Default.png\",\"contentUrl\":\"https:\/\/www.ringier.com\/wp-content\/uploads\/2013\/03\/Press-Release-Default.png\",\"width\":8001,\"height\":4201},{\"@type\":\"BreadcrumbList\",\"@id\":\"https:\/\/www.ringier.com\/de\/fruehzustellungsgebiet-fast-verdoppelt-blick-kommt-neu-frueher-in-ueber-90000-schweizer-briefkaesten\/#breadcrumb\",\"itemListElement\":[{\"@type\":\"ListItem\",\"position\":1,\"name\":\"Home\",\"item\":\"https:\/\/www.ringier.com\/de\/\"},{\"@type\":\"ListItem\",\"position\":2,\"name\":\"Fr\u00fchzustellungsgebiet fast verdoppelt: Blick kommt neu fr\u00fcher in \u00fcber 90\u2018000 Schweizer Briefk\u00e4sten.\"}]},{\"@type\":\"WebSite\",\"@id\":\"https:\/\/www.ringier.com\/de\/#website\",\"url\":\"https:\/\/www.ringier.com\/de\/\",\"name\":\"Ringier\",\"description\":\"We inform. We entertain. We connect\",\"publisher\":{\"@id\":\"https:\/\/www.ringier.com\/de\/#organization\"},\"potentialAction\":[{\"@type\":\"SearchAction\",\"target\":{\"@type\":\"EntryPoint\",\"urlTemplate\":\"https:\/\/www.ringier.com\/de\/?s={search_term_string}\"},\"query-input\":{\"@type\":\"PropertyValueSpecification\",\"valueRequired\":true,\"valueName\":\"search_term_string\"}}],\"inLanguage\":\"de-DE\"},{\"@type\":\"Organization\",\"@id\":\"https:\/\/www.ringier.com\/de\/#organization\",\"name\":\"Ringier\",\"url\":\"https:\/\/www.ringier.com\/de\/\",\"logo\":{\"@type\":\"ImageObject\",\"inLanguage\":\"de-DE\",\"@id\":\"https:\/\/www.ringier.com\/de\/#\/schema\/logo\/image\/\",\"url\":\"https:\/\/www.ringier.com\/wp-content\/uploads\/2021\/10\/ringier_logo_2.jpg\",\"contentUrl\":\"https:\/\/www.ringier.com\/wp-content\/uploads\/2021\/10\/ringier_logo_2.jpg\",\"width\":750,\"height\":550,\"caption\":\"Ringier\"},\"image\":{\"@id\":\"https:\/\/www.ringier.com\/de\/#\/schema\/logo\/image\/\"},\"sameAs\":[\"https:\/\/www.facebook.com\/ringierag\/\",\"https:\/\/x.com\/ringier_ag\",\"https:\/\/www.instagram.com\/ringier_ag\/\",\"https:\/\/www.linkedin.com\/company\/ringier\/\",\"https:\/\/www.youtube.com\/user\/RingierComm\",\"https:\/\/en.wikipedia.org\/wiki\/Ringier\",\"https:\/\/de.wikipedia.org\/wiki\/Ringier\",\"https:\/\/fr.wikipedia.org\/wiki\/Ringier\",\"https:\/\/www.crunchbase.com\/organization\/ringier-ag\"]},{\"@type\":\"Person\",\"@id\":\"https:\/\/www.ringier.com\/de\/#\/schema\/person\/4cf76a308dc4b2bb5121bd1e7b752e52\",\"name\":\"Ringier Corporate Communications\",\"image\":{\"@type\":\"ImageObject\",\"inLanguage\":\"de-DE\",\"@id\":\"https:\/\/www.ringier.com\/de\/#\/schema\/person\/image\/\",\"url\":\"https:\/\/secure.gravatar.com\/avatar\/9391e20481368d5df4fe3e1e476c13b27786347489822ec1ed07e532bb41f587?s=96&d=mm&r=g\",\"contentUrl\":\"https:\/\/secure.gravatar.com\/avatar\/9391e20481368d5df4fe3e1e476c13b27786347489822ec1ed07e532bb41f587?s=96&d=mm&r=g\",\"caption\":\"Ringier Corporate Communications\"},\"sameAs\":[\"https:\/\/www.ringier.com\"]}]}<\/script>\n<!-- \/ Yoast SEO Premium plugin. -->","yoast_head_json":{"title":"Fr\u00fchzustellungsgebiet fast verdoppelt: Blick kommt neu fr\u00fcher in \u00fcber 90\u2018000 Schweizer Briefk\u00e4sten. - Ringier","robots":{"index":"index","follow":"follow","max-snippet":"max-snippet:-1","max-image-preview":"max-image-preview:large","max-video-preview":"max-video-preview:-1"},"canonical":"https:\/\/www.ringier.com\/de\/fruehzustellungsgebiet-fast-verdoppelt-blick-kommt-neu-frueher-in-ueber-90000-schweizer-briefkaesten\/","og_locale":"de_DE","og_type":"article","og_title":"Fr\u00fchzustellungsgebiet fast verdoppelt: Blick kommt neu fr\u00fcher in \u00fcber 90\u2018000 Schweizer Briefk\u00e4sten.","og_description":"Blick, die f\u00fchrende Schweizer Tageszeitung, wird ab dem 7. Mai 2011 das Gebiet, in dem die Zustellung bis sp\u00e4testens um 06.30 Uhr erfolgt, deutlich erweitern. Um der grossen Nachfrage vieler Leserinnen und Leser nachzukommen, die den Blick gerne bereits beim Morgenkaffee lesen m\u00f6chten, wird die Fr\u00fchzustellung auf das gesamte fr\u00fchmorgendliche Verteilgebiet der Post und ihrer [&hellip;]","og_url":"https:\/\/www.ringier.com\/de\/fruehzustellungsgebiet-fast-verdoppelt-blick-kommt-neu-frueher-in-ueber-90000-schweizer-briefkaesten\/","og_site_name":"Ringier","article_publisher":"https:\/\/www.facebook.com\/ringierag\/","article_published_time":"2011-05-06T09:14:00+00:00","article_modified_time":"2024-11-29T15:36:36+00:00","og_image":[{"width":8001,"height":4201,"url":"https:\/\/www.ringier.com\/wp-content\/uploads\/2013\/03\/Press-Release-Default.png","type":"image\/png"}],"author":"Ringier Corporate Communications","twitter_card":"summary_large_image","twitter_creator":"@ringier_ag","twitter_site":"@ringier_ag","twitter_misc":{"Verfasst von":"Ringier Corporate Communications","Gesch\u00e4tzte Lesezeit":"2 Minuten"},"schema":{"@context":"https:\/\/schema.org","@graph":[{"@type":"Article","@id":"https:\/\/www.ringier.com\/de\/fruehzustellungsgebiet-fast-verdoppelt-blick-kommt-neu-frueher-in-ueber-90000-schweizer-briefkaesten\/#article","isPartOf":{"@id":"https:\/\/www.ringier.com\/de\/fruehzustellungsgebiet-fast-verdoppelt-blick-kommt-neu-frueher-in-ueber-90000-schweizer-briefkaesten\/"},"author":{"name":"Ringier Corporate Communications","@id":"https:\/\/www.ringier.com\/de\/#\/schema\/person\/4cf76a308dc4b2bb5121bd1e7b752e52"},"headline":"Fr\u00fchzustellungsgebiet fast verdoppelt: Blick kommt neu fr\u00fcher in \u00fcber 90\u2018000 Schweizer Briefk\u00e4sten.","datePublished":"2011-05-06T09:14:00+00:00","dateModified":"2024-11-29T15:36:36+00:00","mainEntityOfPage":{"@id":"https:\/\/www.ringier.com\/de\/fruehzustellungsgebiet-fast-verdoppelt-blick-kommt-neu-frueher-in-ueber-90000-schweizer-briefkaesten\/"},"wordCount":277,"publisher":{"@id":"https:\/\/www.ringier.com\/de\/#organization"},"image":{"@id":"https:\/\/www.ringier.com\/de\/fruehzustellungsgebiet-fast-verdoppelt-blick-kommt-neu-frueher-in-ueber-90000-schweizer-briefkaesten\/#primaryimage"},"thumbnailUrl":"https:\/\/www.ringier.com\/wp-content\/uploads\/2013\/03\/Press-Release-Default.png","articleSection":["Media","Ringier Medien Schweiz"],"inLanguage":"de-DE"},{"@type":"WebPage","@id":"https:\/\/www.ringier.com\/de\/fruehzustellungsgebiet-fast-verdoppelt-blick-kommt-neu-frueher-in-ueber-90000-schweizer-briefkaesten\/","url":"https:\/\/www.ringier.com\/de\/fruehzustellungsgebiet-fast-verdoppelt-blick-kommt-neu-frueher-in-ueber-90000-schweizer-briefkaesten\/","name":"Fr\u00fchzustellungsgebiet fast verdoppelt: Blick kommt neu fr\u00fcher in \u00fcber 90\u2018000 Schweizer Briefk\u00e4sten. - Ringier","isPartOf":{"@id":"https:\/\/www.ringier.com\/de\/#website"},"primaryImageOfPage":{"@id":"https:\/\/www.ringier.com\/de\/fruehzustellungsgebiet-fast-verdoppelt-blick-kommt-neu-frueher-in-ueber-90000-schweizer-briefkaesten\/#primaryimage"},"image":{"@id":"https:\/\/www.ringier.com\/de\/fruehzustellungsgebiet-fast-verdoppelt-blick-kommt-neu-frueher-in-ueber-90000-schweizer-briefkaesten\/#primaryimage"},"thumbnailUrl":"https:\/\/www.ringier.com\/wp-content\/uploads\/2013\/03\/Press-Release-Default.png","datePublished":"2011-05-06T09:14:00+00:00","dateModified":"2024-11-29T15:36:36+00:00","breadcrumb":{"@id":"https:\/\/www.ringier.com\/de\/fruehzustellungsgebiet-fast-verdoppelt-blick-kommt-neu-frueher-in-ueber-90000-schweizer-briefkaesten\/#breadcrumb"},"inLanguage":"de-DE","potentialAction":[{"@type":"ReadAction","target":["https:\/\/www.ringier.com\/de\/fruehzustellungsgebiet-fast-verdoppelt-blick-kommt-neu-frueher-in-ueber-90000-schweizer-briefkaesten\/"]}]},{"@type":"ImageObject","inLanguage":"de-DE","@id":"https:\/\/www.ringier.com\/de\/fruehzustellungsgebiet-fast-verdoppelt-blick-kommt-neu-frueher-in-ueber-90000-schweizer-briefkaesten\/#primaryimage","url":"https:\/\/www.ringier.com\/wp-content\/uploads\/2013\/03\/Press-Release-Default.png","contentUrl":"https:\/\/www.ringier.com\/wp-content\/uploads\/2013\/03\/Press-Release-Default.png","width":8001,"height":4201},{"@type":"BreadcrumbList","@id":"https:\/\/www.ringier.com\/de\/fruehzustellungsgebiet-fast-verdoppelt-blick-kommt-neu-frueher-in-ueber-90000-schweizer-briefkaesten\/#breadcrumb","itemListElement":[{"@type":"ListItem","position":1,"name":"Home","item":"https:\/\/www.ringier.com\/de\/"},{"@type":"ListItem","position":2,"name":"Fr\u00fchzustellungsgebiet fast verdoppelt: Blick kommt neu fr\u00fcher in \u00fcber 90\u2018000 Schweizer Briefk\u00e4sten."}]},{"@type":"WebSite","@id":"https:\/\/www.ringier.com\/de\/#website","url":"https:\/\/www.ringier.com\/de\/","name":"Ringier","description":"We inform. We entertain. We connect","publisher":{"@id":"https:\/\/www.ringier.com\/de\/#organization"},"potentialAction":[{"@type":"SearchAction","target":{"@type":"EntryPoint","urlTemplate":"https:\/\/www.ringier.com\/de\/?s={search_term_string}"},"query-input":{"@type":"PropertyValueSpecification","valueRequired":true,"valueName":"search_term_string"}}],"inLanguage":"de-DE"},{"@type":"Organization","@id":"https:\/\/www.ringier.com\/de\/#organization","name":"Ringier","url":"https:\/\/www.ringier.com\/de\/","logo":{"@type":"ImageObject","inLanguage":"de-DE","@id":"https:\/\/www.ringier.com\/de\/#\/schema\/logo\/image\/","url":"https:\/\/www.ringier.com\/wp-content\/uploads\/2021\/10\/ringier_logo_2.jpg","contentUrl":"https:\/\/www.ringier.com\/wp-content\/uploads\/2021\/10\/ringier_logo_2.jpg","width":750,"height":550,"caption":"Ringier"},"image":{"@id":"https:\/\/www.ringier.com\/de\/#\/schema\/logo\/image\/"},"sameAs":["https:\/\/www.facebook.com\/ringierag\/","https:\/\/x.com\/ringier_ag","https:\/\/www.instagram.com\/ringier_ag\/","https:\/\/www.linkedin.com\/company\/ringier\/","https:\/\/www.youtube.com\/user\/RingierComm","https:\/\/en.wikipedia.org\/wiki\/Ringier","https:\/\/de.wikipedia.org\/wiki\/Ringier","https:\/\/fr.wikipedia.org\/wiki\/Ringier","https:\/\/www.crunchbase.com\/organization\/ringier-ag"]},{"@type":"Person","@id":"https:\/\/www.ringier.com\/de\/#\/schema\/person\/4cf76a308dc4b2bb5121bd1e7b752e52","name":"Ringier Corporate Communications","image":{"@type":"ImageObject","inLanguage":"de-DE","@id":"https:\/\/www.ringier.com\/de\/#\/schema\/person\/image\/","url":"https:\/\/secure.gravatar.com\/avatar\/9391e20481368d5df4fe3e1e476c13b27786347489822ec1ed07e532bb41f587?s=96&d=mm&r=g","contentUrl":"https:\/\/secure.gravatar.com\/avatar\/9391e20481368d5df4fe3e1e476c13b27786347489822ec1ed07e532bb41f587?s=96&d=mm&r=g","caption":"Ringier Corporate Communications"},"sameAs":["https:\/\/www.ringier.com"]}]}},"_links":{"self":[{"href":"https:\/\/www.ringier.com\/de\/wp-json\/wp\/v2\/posts\/6294","targetHints":{"allow":["GET"]}}],"collection":[{"href":"https:\/\/www.ringier.com\/de\/wp-json\/wp\/v2\/posts"}],"about":[{"href":"https:\/\/www.ringier.com\/de\/wp-json\/wp\/v2\/types\/post"}],"author":[{"embeddable":true,"href":"https:\/\/www.ringier.com\/de\/wp-json\/wp\/v2\/users\/23"}],"replies":[{"embeddable":true,"href":"https:\/\/www.ringier.com\/de\/wp-json\/wp\/v2\/comments?post=6294"}],"version-history":[{"count":0,"href":"https:\/\/www.ringier.com\/de\/wp-json\/wp\/v2\/posts\/6294\/revisions"}],"wp:featuredmedia":[{"embeddable":true,"href":"https:\/\/www.ringier.com\/de\/wp-json\/wp\/v2\/media\/5763"}],"wp:attachment":[{"href":"https:\/\/www.ringier.com\/de\/wp-json\/wp\/v2\/media?parent=6294"}],"wp:term":[{"taxonomy":"category","embeddable":true,"href":"https:\/\/www.ringier.com\/de\/wp-json\/wp\/v2\/categories?post=6294"},{"taxonomy":"post_tag","embeddable":true,"href":"https:\/\/www.ringier.com\/de\/wp-json\/wp\/v2\/tags?post=6294"}],"curies":[{"name":"wp","href":"https:\/\/api.w.org\/{rel}","templated":true}]}}