{"id":6279,"date":"2011-11-24T10:56:00","date_gmt":"2011-11-24T09:56:00","guid":{"rendered":"https:\/\/www.ringier.com\/?p=6279"},"modified":"2024-11-29T16:26:51","modified_gmt":"2024-11-29T15:26:51","slug":"opel-ampera-chevrolet-volt-gewinnen-die-auszeichnung-das-schweizer-auto-des-jahres-2012","status":"publish","type":"post","link":"https:\/\/www.ringier.com\/de\/opel-ampera-chevrolet-volt-gewinnen-die-auszeichnung-das-schweizer-auto-des-jahres-2012\/","title":{"rendered":"Opel Ampera \/ Chevrolet Volt gewinnen die Auszeichnung \u00abDas Schweizer Auto des Jahres 2012\u00bb"},"content":{"rendered":"\n<p>Bereits bei der ersten Austragung wird \u00abDas Schweizer Auto des Jahres\u00bb zur wichtigsten Autoauszeichnung der Schweiz. Zusammen mit den Partnern AutoScout24, BLICK, L&#8217;illustr\u00e9 und il caff\u00e8 organisierte die Schweizer Illustrierte die gr\u00f6sste schweizweite Wahl. An der von Rainer Maria Salz geber moderierten Auto-Gala in der Maag Halle Z\u00fcrich wurde der prestigetr\u00e4chtige Titel \u00abDas Schweizer Auto des Jahres 2012\u00bb an die technisch identischen GM-Modelle Opel Ampera \/ Chevrolet Volt verliehen. Eine hochkar\u00e4tige, elfk\u00f6pfi ge Fachjury mit Formel-1-Kommentator Marc Surer und IndyCar-Rennfahrerin Simona De Silvestro k\u00fcrte das erste Elektrofahrzeug mit Range-Extender Reichweitenverl\u00e4ngerer) zum \u00abSchweizer Auto des Jahres 2012\u00bb. Mit 67 von 110 m\u00f6glichen Punkten sicherte es sich den Titel klar vor Mazda CX-5 (53 Punkte) und Citro\u00ebn DS5 (36 Punkte).\u00a0<\/p>\n\n\n\n<p><strong>DIE GR\u00d6SSTE JURY DER SCHWEIZ<\/strong><\/p>\n\n\n\n<p>Nicht Experten, sondern 46 167 Leserinnen, Leser und User von Schweizer Illustrierte, BLICK, Auto-scout24, il caff\u00e8 und L&#8217;illustr\u00e9 besuchten die spezielle Microsite www.schweizer-auto-des-jahres.ch.Exakt 34 670 Stimmen aus allen Sprachregionen wurden f\u00fcr \u00abDas Lieblingsauto der Schweizer\u00bb, gleich viele f\u00fcr das \u00abDas Traumauto der Schweizer\u00bb abgegeben. Von Anfang an setzte sich der neue Audi A6 gegen seine 45 Konkurrenten durch. Die sechste Generation der grossen Audi-Baureihe holte sich mit 12,9 Prozent der Stimmen klar den Sieg. Mit 15,6 Prozent wurde der Mercedes-Benz SLS AMG Roadster ebenfalls deutlich zum \u00abTraumauto der Schweizer\u00bb gek\u00fcrt.\u00a0<\/p>\n\n\n\n<p><strong>EINE FRAGE DES STILS UND DES GEWISSENS<\/strong><\/p>\n\n\n\n<p>Eine zw\u00f6lfk\u00f6pfige Prominenten-Jury vergab den Titel \u00abDas stylischste Auto der Schweiz\u00bb. Mit dabei unter anderem Model und Rennfahrerin Christina Surer, Fussballtrainer Murat Yakin, Eiskunstl\u00e4uferin Sarah Meier und Jennifer Ann Gerber, Miss Schweiz 2001. Mit dem extravaganten Fisker Karma, einer 403 PS starken Elektro-Luxuslimousine, setzte sich der \u00d6ko-Sex-Appeal durch.\u00a0<\/p>\n\n\n\n<p>Die f\u00fcnfk\u00f6pfige Expertenjury mit Christian Bach, Abteilungsleiter Verbrennungsmotoren bei der Empa, Walter Schmid, Erfinder Kompogas \/ Gr\u00fcnder Umwelt Arena AG, und Motorenentwickler Mario Illien k\u00fcrten den Peugeot 3008 Hybrid4 zum \u00abGr\u00fcnsten Auto der Schweiz\u00bb. Der erste Serien-Hybrid, der einen Elektroantrieb mit einem sparsameren Diesel- statt einem Benzinaggregat verbindet, siegte knapp vor Opel Ampera \/ Chervolet Volt und VW Up!\u00a0<\/p>\n\n\n\n<p><strong>SIEGERTROPH\u00c4E VON ROLF KNIE<\/strong><\/p>\n\n\n\n<p>Exklusiv f\u00fcr die Titelgewinner \u00abDas Schweizer Auto des Jahres\u00bb und \u00abDas Lieblingsauto der Schweizer\u00bb hat K\u00fcnstler und Autofan Rolf Knie, 62, einen Award geschaffen. Rund hundert Autominiaturen in verschiedenen Gr\u00f6ssen hat er in eine Knetmasse gedr\u00fcckt. Dieser Fahrzeug-Block dient als Vorlage f\u00fcr eine Gussform, die mit Aluminium gef\u00fcllt wird. \u00abDer Award ist so einem Leichtbau-Motorblock sehr \u00e4hnlich\u00bb, erkl\u00e4rt Rolf Knie.\u00a0\u00a0<\/p>\n\n\n\n<p><strong>DIE SIEGER 2012 AUF EINEN BLICK<\/strong><\/p>\n\n\n\n<p>\u00abDas Schweizer Auto des Jahres\u00bb: Opel Ampera \/ Chevrolet Volt\u00abDas Lieblingsauto der Schweizer\u00bb: Audi A6\u00abDas stylischste Auto der Schweiz\u00bb: Fisker Karma\u00abDas gr\u00fcnste Auto der Schweiz\u00bb: Peugeot 3008 HYbrid4\u00abDas Traumauto der Schweizer\u00bb: Mercedes-Benz SLS AMG Roadster\u00a0\u00a0<\/p>\n\n\n\n<p><strong><em>Kontakt<\/em><\/strong><\/p>\n\n\n\n<p><em>Ringier AG, Schweizer Illustrierte<\/em><\/p>\n\n\n\n<p><em>Dufourstrasse 23, 8008 Z\u00fcrich<\/em><\/p>\n\n\n\n<p><em>Telefon: 044 259 63 63<\/em><\/p>\n\n\n\n<p><em>E-Mail: info@schweizer-illustrierte.ch<\/em><\/p>\n\n\n\n<p><em>www.schweizer-illustrierte.ch<\/em><\/p>\n\n\n\n<p><em>www.ringier.ch<\/em><\/p>\n","protected":false},"excerpt":{"rendered":"<p>Z\u00fcrich: <\/p>\n<p>Zum ersten Mal vergibt die Schweizer Illustrierte zusammen mit den Partnern AutoScout24, BLICK, L&#8217;illustr\u00e9 und il caff\u00e8 die Auszeichnung \u00abDas Schweizer Auto des Jahres\u00bb. Erfahrene Profi s k\u00fcrten die technisch identischen GM-Modelle Opel Ampera und Chevrolet Volt zum \u00abSchweizer Auto des Jahres 2012\u00bb, die riesige Publikumsjury w\u00e4hlte den Audi A6 zum \u00abLieblingsauto der Schweizer\u00bb. Exklusiv f\u00fcr die Hauptgewinner hat K\u00fcnstler und Autofan Rolf Knie, 62, einen Award aus Aluminiumguss geschaffen. Vergeben wurden zudem auch Titel in den drei Unterkategorien \u00abDas gr\u00fcnste Auto der Schweiz\u00bb, \u00abDas stylischste Auto der Schweiz\u00bb und \u00abDas Traumauto der Schweizer\u00bb.<\/p>\n","protected":false},"author":23,"featured_media":6282,"comment_status":"closed","ping_status":"open","sticky":false,"template":"","format":"standard","meta":{"inline_featured_image":false,"footnotes":""},"categories":[371,361],"tags":[],"class_list":["post-6279","post","type-post","status-publish","format-standard","has-post-thumbnail","hentry","category-media-de","category-ringier-medien-schweiz"],"yoast_head":"<!-- This site is optimized with the Yoast SEO Premium plugin v27.0 (Yoast SEO v27.0) - https:\/\/yoast.com\/product\/yoast-seo-premium-wordpress\/ -->\n<title>Opel Ampera \/ Chevrolet Volt gewinnen die Auszeichnung \u00abDas Schweizer Auto des Jahres 2012\u00bb - Ringier<\/title>\n<meta name=\"robots\" content=\"index, follow, max-snippet:-1, max-image-preview:large, max-video-preview:-1\" \/>\n<link rel=\"canonical\" href=\"https:\/\/www.ringier.com\/de\/opel-ampera-chevrolet-volt-gewinnen-die-auszeichnung-das-schweizer-auto-des-jahres-2012\/\" \/>\n<meta property=\"og:locale\" content=\"de_DE\" \/>\n<meta property=\"og:type\" content=\"article\" \/>\n<meta property=\"og:title\" content=\"Opel Ampera \/ Chevrolet Volt gewinnen die Auszeichnung \u00abDas Schweizer Auto des Jahres 2012\u00bb\" \/>\n<meta property=\"og:description\" content=\"Z\u00fcrich:  Zum ersten Mal vergibt die Schweizer Illustrierte zusammen mit den Partnern AutoScout24, BLICK, L&#039;illustr\u00e9 und il caff\u00e8 die Auszeichnung \u00abDas Schweizer Auto des Jahres\u00bb. Erfahrene Profi s k\u00fcrten die technisch identischen GM-Modelle Opel Ampera und Chevrolet Volt zum \u00abSchweizer Auto des Jahres 2012\u00bb, die riesige Publikumsjury w\u00e4hlte den Audi A6 zum \u00abLieblingsauto der Schweizer\u00bb. Exklusiv f\u00fcr die Hauptgewinner hat K\u00fcnstler und Autofan Rolf Knie, 62, einen Award aus Aluminiumguss geschaffen. Vergeben wurden zudem auch Titel in den drei Unterkategorien \u00abDas gr\u00fcnste Auto der Schweiz\u00bb, \u00abDas stylischste Auto der Schweiz\u00bb und \u00abDas Traumauto der Schweizer\u00bb.\" \/>\n<meta property=\"og:url\" content=\"https:\/\/www.ringier.com\/de\/opel-ampera-chevrolet-volt-gewinnen-die-auszeichnung-das-schweizer-auto-des-jahres-2012\/\" \/>\n<meta property=\"og:site_name\" content=\"Ringier\" \/>\n<meta property=\"article:publisher\" content=\"https:\/\/www.facebook.com\/ringierag\/\" \/>\n<meta property=\"article:published_time\" content=\"2011-11-24T09:56:00+00:00\" \/>\n<meta property=\"article:modified_time\" content=\"2024-11-29T15:26:51+00:00\" \/>\n<meta property=\"og:image\" content=\"https:\/\/www.ringier.com\/wp-content\/uploads\/2021\/09\/opel_ampera-2011-scaled.jpg\" \/>\n\t<meta property=\"og:image:width\" content=\"2560\" \/>\n\t<meta property=\"og:image:height\" content=\"1707\" \/>\n\t<meta property=\"og:image:type\" content=\"image\/jpeg\" \/>\n<meta name=\"author\" content=\"Ringier Corporate Communications\" \/>\n<meta name=\"twitter:card\" content=\"summary_large_image\" \/>\n<meta name=\"twitter:creator\" content=\"@ringier_ag\" \/>\n<meta name=\"twitter:site\" content=\"@ringier_ag\" \/>\n<meta name=\"twitter:label1\" content=\"Verfasst von\" \/>\n\t<meta name=\"twitter:data1\" content=\"Ringier Corporate Communications\" \/>\n\t<meta name=\"twitter:label2\" content=\"Gesch\u00e4tzte Lesezeit\" \/>\n\t<meta name=\"twitter:data2\" content=\"3 Minuten\" \/>\n<script type=\"application\/ld+json\" class=\"yoast-schema-graph\">{\"@context\":\"https:\/\/schema.org\",\"@graph\":[{\"@type\":\"Article\",\"@id\":\"https:\/\/www.ringier.com\/de\/opel-ampera-chevrolet-volt-gewinnen-die-auszeichnung-das-schweizer-auto-des-jahres-2012\/#article\",\"isPartOf\":{\"@id\":\"https:\/\/www.ringier.com\/de\/opel-ampera-chevrolet-volt-gewinnen-die-auszeichnung-das-schweizer-auto-des-jahres-2012\/\"},\"author\":{\"name\":\"Ringier Corporate Communications\",\"@id\":\"https:\/\/www.ringier.com\/de\/#\/schema\/person\/4cf76a308dc4b2bb5121bd1e7b752e52\"},\"headline\":\"Opel Ampera \/ Chevrolet Volt gewinnen die Auszeichnung \u00abDas Schweizer Auto des Jahres 2012\u00bb\",\"datePublished\":\"2011-11-24T09:56:00+00:00\",\"dateModified\":\"2024-11-29T15:26:51+00:00\",\"mainEntityOfPage\":{\"@id\":\"https:\/\/www.ringier.com\/de\/opel-ampera-chevrolet-volt-gewinnen-die-auszeichnung-das-schweizer-auto-des-jahres-2012\/\"},\"wordCount\":480,\"publisher\":{\"@id\":\"https:\/\/www.ringier.com\/de\/#organization\"},\"image\":{\"@id\":\"https:\/\/www.ringier.com\/de\/opel-ampera-chevrolet-volt-gewinnen-die-auszeichnung-das-schweizer-auto-des-jahres-2012\/#primaryimage\"},\"thumbnailUrl\":\"https:\/\/www.ringier.com\/wp-content\/uploads\/2021\/09\/opel_ampera-2011-scaled.jpg\",\"articleSection\":[\"Media\",\"Ringier Medien Schweiz\"],\"inLanguage\":\"de-DE\"},{\"@type\":\"WebPage\",\"@id\":\"https:\/\/www.ringier.com\/de\/opel-ampera-chevrolet-volt-gewinnen-die-auszeichnung-das-schweizer-auto-des-jahres-2012\/\",\"url\":\"https:\/\/www.ringier.com\/de\/opel-ampera-chevrolet-volt-gewinnen-die-auszeichnung-das-schweizer-auto-des-jahres-2012\/\",\"name\":\"Opel Ampera \/ Chevrolet Volt gewinnen die Auszeichnung \u00abDas Schweizer Auto des Jahres 2012\u00bb - Ringier\",\"isPartOf\":{\"@id\":\"https:\/\/www.ringier.com\/de\/#website\"},\"primaryImageOfPage\":{\"@id\":\"https:\/\/www.ringier.com\/de\/opel-ampera-chevrolet-volt-gewinnen-die-auszeichnung-das-schweizer-auto-des-jahres-2012\/#primaryimage\"},\"image\":{\"@id\":\"https:\/\/www.ringier.com\/de\/opel-ampera-chevrolet-volt-gewinnen-die-auszeichnung-das-schweizer-auto-des-jahres-2012\/#primaryimage\"},\"thumbnailUrl\":\"https:\/\/www.ringier.com\/wp-content\/uploads\/2021\/09\/opel_ampera-2011-scaled.jpg\",\"datePublished\":\"2011-11-24T09:56:00+00:00\",\"dateModified\":\"2024-11-29T15:26:51+00:00\",\"breadcrumb\":{\"@id\":\"https:\/\/www.ringier.com\/de\/opel-ampera-chevrolet-volt-gewinnen-die-auszeichnung-das-schweizer-auto-des-jahres-2012\/#breadcrumb\"},\"inLanguage\":\"de-DE\",\"potentialAction\":[{\"@type\":\"ReadAction\",\"target\":[\"https:\/\/www.ringier.com\/de\/opel-ampera-chevrolet-volt-gewinnen-die-auszeichnung-das-schweizer-auto-des-jahres-2012\/\"]}]},{\"@type\":\"ImageObject\",\"inLanguage\":\"de-DE\",\"@id\":\"https:\/\/www.ringier.com\/de\/opel-ampera-chevrolet-volt-gewinnen-die-auszeichnung-das-schweizer-auto-des-jahres-2012\/#primaryimage\",\"url\":\"https:\/\/www.ringier.com\/wp-content\/uploads\/2021\/09\/opel_ampera-2011-scaled.jpg\",\"contentUrl\":\"https:\/\/www.ringier.com\/wp-content\/uploads\/2021\/09\/opel_ampera-2011-scaled.jpg\",\"width\":2560,\"height\":1707},{\"@type\":\"BreadcrumbList\",\"@id\":\"https:\/\/www.ringier.com\/de\/opel-ampera-chevrolet-volt-gewinnen-die-auszeichnung-das-schweizer-auto-des-jahres-2012\/#breadcrumb\",\"itemListElement\":[{\"@type\":\"ListItem\",\"position\":1,\"name\":\"Home\",\"item\":\"https:\/\/www.ringier.com\/de\/\"},{\"@type\":\"ListItem\",\"position\":2,\"name\":\"Opel Ampera \/ Chevrolet Volt gewinnen die Auszeichnung \u00abDas Schweizer Auto des Jahres 2012\u00bb\"}]},{\"@type\":\"WebSite\",\"@id\":\"https:\/\/www.ringier.com\/de\/#website\",\"url\":\"https:\/\/www.ringier.com\/de\/\",\"name\":\"Ringier\",\"description\":\"We inform. We entertain. We connect\",\"publisher\":{\"@id\":\"https:\/\/www.ringier.com\/de\/#organization\"},\"potentialAction\":[{\"@type\":\"SearchAction\",\"target\":{\"@type\":\"EntryPoint\",\"urlTemplate\":\"https:\/\/www.ringier.com\/de\/?s={search_term_string}\"},\"query-input\":{\"@type\":\"PropertyValueSpecification\",\"valueRequired\":true,\"valueName\":\"search_term_string\"}}],\"inLanguage\":\"de-DE\"},{\"@type\":\"Organization\",\"@id\":\"https:\/\/www.ringier.com\/de\/#organization\",\"name\":\"Ringier\",\"url\":\"https:\/\/www.ringier.com\/de\/\",\"logo\":{\"@type\":\"ImageObject\",\"inLanguage\":\"de-DE\",\"@id\":\"https:\/\/www.ringier.com\/de\/#\/schema\/logo\/image\/\",\"url\":\"https:\/\/www.ringier.com\/wp-content\/uploads\/2021\/10\/ringier_logo_2.jpg\",\"contentUrl\":\"https:\/\/www.ringier.com\/wp-content\/uploads\/2021\/10\/ringier_logo_2.jpg\",\"width\":750,\"height\":550,\"caption\":\"Ringier\"},\"image\":{\"@id\":\"https:\/\/www.ringier.com\/de\/#\/schema\/logo\/image\/\"},\"sameAs\":[\"https:\/\/www.facebook.com\/ringierag\/\",\"https:\/\/x.com\/ringier_ag\",\"https:\/\/www.instagram.com\/ringier_ag\/\",\"https:\/\/www.linkedin.com\/company\/ringier\/\",\"https:\/\/www.youtube.com\/user\/RingierComm\",\"https:\/\/en.wikipedia.org\/wiki\/Ringier\",\"https:\/\/de.wikipedia.org\/wiki\/Ringier\",\"https:\/\/fr.wikipedia.org\/wiki\/Ringier\",\"https:\/\/www.crunchbase.com\/organization\/ringier-ag\"]},{\"@type\":\"Person\",\"@id\":\"https:\/\/www.ringier.com\/de\/#\/schema\/person\/4cf76a308dc4b2bb5121bd1e7b752e52\",\"name\":\"Ringier Corporate Communications\",\"image\":{\"@type\":\"ImageObject\",\"inLanguage\":\"de-DE\",\"@id\":\"https:\/\/www.ringier.com\/de\/#\/schema\/person\/image\/\",\"url\":\"https:\/\/secure.gravatar.com\/avatar\/9391e20481368d5df4fe3e1e476c13b27786347489822ec1ed07e532bb41f587?s=96&d=mm&r=g\",\"contentUrl\":\"https:\/\/secure.gravatar.com\/avatar\/9391e20481368d5df4fe3e1e476c13b27786347489822ec1ed07e532bb41f587?s=96&d=mm&r=g\",\"caption\":\"Ringier Corporate Communications\"},\"sameAs\":[\"https:\/\/www.ringier.com\"]}]}<\/script>\n<!-- \/ Yoast SEO Premium plugin. -->","yoast_head_json":{"title":"Opel Ampera \/ Chevrolet Volt gewinnen die Auszeichnung \u00abDas Schweizer Auto des Jahres 2012\u00bb - Ringier","robots":{"index":"index","follow":"follow","max-snippet":"max-snippet:-1","max-image-preview":"max-image-preview:large","max-video-preview":"max-video-preview:-1"},"canonical":"https:\/\/www.ringier.com\/de\/opel-ampera-chevrolet-volt-gewinnen-die-auszeichnung-das-schweizer-auto-des-jahres-2012\/","og_locale":"de_DE","og_type":"article","og_title":"Opel Ampera \/ Chevrolet Volt gewinnen die Auszeichnung \u00abDas Schweizer Auto des Jahres 2012\u00bb","og_description":"Z\u00fcrich:  Zum ersten Mal vergibt die Schweizer Illustrierte zusammen mit den Partnern AutoScout24, BLICK, L'illustr\u00e9 und il caff\u00e8 die Auszeichnung \u00abDas Schweizer Auto des Jahres\u00bb. Erfahrene Profi s k\u00fcrten die technisch identischen GM-Modelle Opel Ampera und Chevrolet Volt zum \u00abSchweizer Auto des Jahres 2012\u00bb, die riesige Publikumsjury w\u00e4hlte den Audi A6 zum \u00abLieblingsauto der Schweizer\u00bb. Exklusiv f\u00fcr die Hauptgewinner hat K\u00fcnstler und Autofan Rolf Knie, 62, einen Award aus Aluminiumguss geschaffen. Vergeben wurden zudem auch Titel in den drei Unterkategorien \u00abDas gr\u00fcnste Auto der Schweiz\u00bb, \u00abDas stylischste Auto der Schweiz\u00bb und \u00abDas Traumauto der Schweizer\u00bb.","og_url":"https:\/\/www.ringier.com\/de\/opel-ampera-chevrolet-volt-gewinnen-die-auszeichnung-das-schweizer-auto-des-jahres-2012\/","og_site_name":"Ringier","article_publisher":"https:\/\/www.facebook.com\/ringierag\/","article_published_time":"2011-11-24T09:56:00+00:00","article_modified_time":"2024-11-29T15:26:51+00:00","og_image":[{"width":2560,"height":1707,"url":"https:\/\/www.ringier.com\/wp-content\/uploads\/2021\/09\/opel_ampera-2011-scaled.jpg","type":"image\/jpeg"}],"author":"Ringier Corporate Communications","twitter_card":"summary_large_image","twitter_creator":"@ringier_ag","twitter_site":"@ringier_ag","twitter_misc":{"Verfasst von":"Ringier Corporate Communications","Gesch\u00e4tzte Lesezeit":"3 Minuten"},"schema":{"@context":"https:\/\/schema.org","@graph":[{"@type":"Article","@id":"https:\/\/www.ringier.com\/de\/opel-ampera-chevrolet-volt-gewinnen-die-auszeichnung-das-schweizer-auto-des-jahres-2012\/#article","isPartOf":{"@id":"https:\/\/www.ringier.com\/de\/opel-ampera-chevrolet-volt-gewinnen-die-auszeichnung-das-schweizer-auto-des-jahres-2012\/"},"author":{"name":"Ringier Corporate Communications","@id":"https:\/\/www.ringier.com\/de\/#\/schema\/person\/4cf76a308dc4b2bb5121bd1e7b752e52"},"headline":"Opel Ampera \/ Chevrolet Volt gewinnen die Auszeichnung \u00abDas Schweizer Auto des Jahres 2012\u00bb","datePublished":"2011-11-24T09:56:00+00:00","dateModified":"2024-11-29T15:26:51+00:00","mainEntityOfPage":{"@id":"https:\/\/www.ringier.com\/de\/opel-ampera-chevrolet-volt-gewinnen-die-auszeichnung-das-schweizer-auto-des-jahres-2012\/"},"wordCount":480,"publisher":{"@id":"https:\/\/www.ringier.com\/de\/#organization"},"image":{"@id":"https:\/\/www.ringier.com\/de\/opel-ampera-chevrolet-volt-gewinnen-die-auszeichnung-das-schweizer-auto-des-jahres-2012\/#primaryimage"},"thumbnailUrl":"https:\/\/www.ringier.com\/wp-content\/uploads\/2021\/09\/opel_ampera-2011-scaled.jpg","articleSection":["Media","Ringier Medien Schweiz"],"inLanguage":"de-DE"},{"@type":"WebPage","@id":"https:\/\/www.ringier.com\/de\/opel-ampera-chevrolet-volt-gewinnen-die-auszeichnung-das-schweizer-auto-des-jahres-2012\/","url":"https:\/\/www.ringier.com\/de\/opel-ampera-chevrolet-volt-gewinnen-die-auszeichnung-das-schweizer-auto-des-jahres-2012\/","name":"Opel Ampera \/ Chevrolet Volt gewinnen die Auszeichnung \u00abDas Schweizer Auto des Jahres 2012\u00bb - Ringier","isPartOf":{"@id":"https:\/\/www.ringier.com\/de\/#website"},"primaryImageOfPage":{"@id":"https:\/\/www.ringier.com\/de\/opel-ampera-chevrolet-volt-gewinnen-die-auszeichnung-das-schweizer-auto-des-jahres-2012\/#primaryimage"},"image":{"@id":"https:\/\/www.ringier.com\/de\/opel-ampera-chevrolet-volt-gewinnen-die-auszeichnung-das-schweizer-auto-des-jahres-2012\/#primaryimage"},"thumbnailUrl":"https:\/\/www.ringier.com\/wp-content\/uploads\/2021\/09\/opel_ampera-2011-scaled.jpg","datePublished":"2011-11-24T09:56:00+00:00","dateModified":"2024-11-29T15:26:51+00:00","breadcrumb":{"@id":"https:\/\/www.ringier.com\/de\/opel-ampera-chevrolet-volt-gewinnen-die-auszeichnung-das-schweizer-auto-des-jahres-2012\/#breadcrumb"},"inLanguage":"de-DE","potentialAction":[{"@type":"ReadAction","target":["https:\/\/www.ringier.com\/de\/opel-ampera-chevrolet-volt-gewinnen-die-auszeichnung-das-schweizer-auto-des-jahres-2012\/"]}]},{"@type":"ImageObject","inLanguage":"de-DE","@id":"https:\/\/www.ringier.com\/de\/opel-ampera-chevrolet-volt-gewinnen-die-auszeichnung-das-schweizer-auto-des-jahres-2012\/#primaryimage","url":"https:\/\/www.ringier.com\/wp-content\/uploads\/2021\/09\/opel_ampera-2011-scaled.jpg","contentUrl":"https:\/\/www.ringier.com\/wp-content\/uploads\/2021\/09\/opel_ampera-2011-scaled.jpg","width":2560,"height":1707},{"@type":"BreadcrumbList","@id":"https:\/\/www.ringier.com\/de\/opel-ampera-chevrolet-volt-gewinnen-die-auszeichnung-das-schweizer-auto-des-jahres-2012\/#breadcrumb","itemListElement":[{"@type":"ListItem","position":1,"name":"Home","item":"https:\/\/www.ringier.com\/de\/"},{"@type":"ListItem","position":2,"name":"Opel Ampera \/ Chevrolet Volt gewinnen die Auszeichnung \u00abDas Schweizer Auto des Jahres 2012\u00bb"}]},{"@type":"WebSite","@id":"https:\/\/www.ringier.com\/de\/#website","url":"https:\/\/www.ringier.com\/de\/","name":"Ringier","description":"We inform. We entertain. We connect","publisher":{"@id":"https:\/\/www.ringier.com\/de\/#organization"},"potentialAction":[{"@type":"SearchAction","target":{"@type":"EntryPoint","urlTemplate":"https:\/\/www.ringier.com\/de\/?s={search_term_string}"},"query-input":{"@type":"PropertyValueSpecification","valueRequired":true,"valueName":"search_term_string"}}],"inLanguage":"de-DE"},{"@type":"Organization","@id":"https:\/\/www.ringier.com\/de\/#organization","name":"Ringier","url":"https:\/\/www.ringier.com\/de\/","logo":{"@type":"ImageObject","inLanguage":"de-DE","@id":"https:\/\/www.ringier.com\/de\/#\/schema\/logo\/image\/","url":"https:\/\/www.ringier.com\/wp-content\/uploads\/2021\/10\/ringier_logo_2.jpg","contentUrl":"https:\/\/www.ringier.com\/wp-content\/uploads\/2021\/10\/ringier_logo_2.jpg","width":750,"height":550,"caption":"Ringier"},"image":{"@id":"https:\/\/www.ringier.com\/de\/#\/schema\/logo\/image\/"},"sameAs":["https:\/\/www.facebook.com\/ringierag\/","https:\/\/x.com\/ringier_ag","https:\/\/www.instagram.com\/ringier_ag\/","https:\/\/www.linkedin.com\/company\/ringier\/","https:\/\/www.youtube.com\/user\/RingierComm","https:\/\/en.wikipedia.org\/wiki\/Ringier","https:\/\/de.wikipedia.org\/wiki\/Ringier","https:\/\/fr.wikipedia.org\/wiki\/Ringier","https:\/\/www.crunchbase.com\/organization\/ringier-ag"]},{"@type":"Person","@id":"https:\/\/www.ringier.com\/de\/#\/schema\/person\/4cf76a308dc4b2bb5121bd1e7b752e52","name":"Ringier Corporate Communications","image":{"@type":"ImageObject","inLanguage":"de-DE","@id":"https:\/\/www.ringier.com\/de\/#\/schema\/person\/image\/","url":"https:\/\/secure.gravatar.com\/avatar\/9391e20481368d5df4fe3e1e476c13b27786347489822ec1ed07e532bb41f587?s=96&d=mm&r=g","contentUrl":"https:\/\/secure.gravatar.com\/avatar\/9391e20481368d5df4fe3e1e476c13b27786347489822ec1ed07e532bb41f587?s=96&d=mm&r=g","caption":"Ringier Corporate Communications"},"sameAs":["https:\/\/www.ringier.com"]}]}},"_links":{"self":[{"href":"https:\/\/www.ringier.com\/de\/wp-json\/wp\/v2\/posts\/6279","targetHints":{"allow":["GET"]}}],"collection":[{"href":"https:\/\/www.ringier.com\/de\/wp-json\/wp\/v2\/posts"}],"about":[{"href":"https:\/\/www.ringier.com\/de\/wp-json\/wp\/v2\/types\/post"}],"author":[{"embeddable":true,"href":"https:\/\/www.ringier.com\/de\/wp-json\/wp\/v2\/users\/23"}],"replies":[{"embeddable":true,"href":"https:\/\/www.ringier.com\/de\/wp-json\/wp\/v2\/comments?post=6279"}],"version-history":[{"count":0,"href":"https:\/\/www.ringier.com\/de\/wp-json\/wp\/v2\/posts\/6279\/revisions"}],"wp:featuredmedia":[{"embeddable":true,"href":"https:\/\/www.ringier.com\/de\/wp-json\/wp\/v2\/media\/6282"}],"wp:attachment":[{"href":"https:\/\/www.ringier.com\/de\/wp-json\/wp\/v2\/media?parent=6279"}],"wp:term":[{"taxonomy":"category","embeddable":true,"href":"https:\/\/www.ringier.com\/de\/wp-json\/wp\/v2\/categories?post=6279"},{"taxonomy":"post_tag","embeddable":true,"href":"https:\/\/www.ringier.com\/de\/wp-json\/wp\/v2\/tags?post=6279"}],"curies":[{"name":"wp","href":"https:\/\/api.w.org\/{rel}","templated":true}]}}