{"id":6251,"date":"2011-08-30T10:42:00","date_gmt":"2011-08-30T08:42:00","guid":{"rendered":"https:\/\/www.ringier.com\/?p=6251"},"modified":"2024-11-29T16:31:30","modified_gmt":"2024-11-29T15:31:30","slug":"blick-gruppe-frank-eimer-wird-stellvertretender-geschaeftsfuehrer","status":"publish","type":"post","link":"https:\/\/www.ringier.com\/de\/blick-gruppe-frank-eimer-wird-stellvertretender-geschaeftsfuehrer\/","title":{"rendered":"Blick-Gruppe: Frank Eimer wird stellvertretender Gesch\u00e4ftsf\u00fchrer"},"content":{"rendered":"\n<p>Frank Eimer (45) bringt langj\u00e4hrige Erfahrung in Online- und E-Commerce, Business Development sowie Verkauf und Marketing mit sich. Er arbeitete die letzten vier Jahre als Director Digital und International Project and Business Development Manager bei Edipresse in Genf. Zuvor war er als Senior Consultant bei der Beratungsfirma Solon Management Consulting GmbH und als Head of Marketing, Sales &amp; Business Development bei der Daimler-Chrysler-Firma StarMobility GmbH.<\/p>\n\n\n\n<p>Frank Eimers Verantwortungsbereich umfasst die F\u00fchrung des Verkaufs der Blick-Angebote in Print und Digital sowie dem Verkaufs-Innendienst.<br>Caroline Thoma, Gesch\u00e4ftsf\u00fchrerin der Blick-Gruppe: \u00abMit der Verst\u00e4rkung der F\u00fchrung wird es mir vermehrt m\u00f6glich sein, mich wichtigen strategischen Themen zu widmen. Ich freue mich, unsere F\u00fchrungscrew mit einem Kandidaten mit breitem, strategischem und operativem Erfahrungsschatz verst\u00e4rken zu k\u00f6nnen.\u00bb<\/p>\n\n\n\n<p>Die Blick-Gruppe hat sich in den letzten 24 Monaten rasant ver\u00e4ndert. Der Ausbau der Gruppe wurde stark vorangetrieben. Nebst der News-App konnten zahlreiche Sport-Apps sowie j\u00fcngst die innovative iPad-App eingef\u00fchrt werden. Heute verf\u00fcgt die Gruppe \u00fcber einen der modernsten Newsrooms in Europa. Die Verst\u00e4rkung der bew\u00e4hrten F\u00fchrungscrew soll die Total Audience Strategie und den weiteren Ausbau der Gruppe nun noch weiter vorantreiben.<\/p>\n\n\n\n<p>Kommunikation Ringier Schweiz<\/p>\n","protected":false},"excerpt":{"rendered":"<p>Frank Eimer wird per 1. Oktober 2011 stellvertretender Gesch\u00e4ftsf\u00fchrer der Blick-Gruppe. Er \u00fcbernimmt in dieser neu geschaffenen Position einzelne Bereiche und rapportiert direkt an Caroline Thoma, Gesch\u00e4ftsf\u00fchrerin der Blick-Gruppe.<\/p>\n","protected":false},"author":23,"featured_media":6252,"comment_status":"closed","ping_status":"open","sticky":false,"template":"","format":"standard","meta":{"inline_featured_image":false,"footnotes":""},"categories":[371,361],"tags":[],"class_list":["post-6251","post","type-post","status-publish","format-standard","has-post-thumbnail","hentry","category-media-de","category-ringier-medien-schweiz"],"yoast_head":"<!-- This site is optimized with the Yoast SEO Premium plugin v27.0 (Yoast SEO v27.0) - https:\/\/yoast.com\/product\/yoast-seo-premium-wordpress\/ -->\n<title>Blick-Gruppe: Frank Eimer wird stellvertretender Gesch\u00e4ftsf\u00fchrer - Ringier<\/title>\n<meta name=\"robots\" content=\"index, follow, max-snippet:-1, max-image-preview:large, max-video-preview:-1\" \/>\n<link rel=\"canonical\" href=\"https:\/\/www.ringier.com\/de\/blick-gruppe-frank-eimer-wird-stellvertretender-geschaeftsfuehrer\/\" \/>\n<meta property=\"og:locale\" content=\"de_DE\" \/>\n<meta property=\"og:type\" content=\"article\" \/>\n<meta property=\"og:title\" content=\"Blick-Gruppe: Frank Eimer wird stellvertretender Gesch\u00e4ftsf\u00fchrer\" \/>\n<meta property=\"og:description\" content=\"Frank Eimer wird per 1. Oktober 2011 stellvertretender Gesch\u00e4ftsf\u00fchrer der Blick-Gruppe. Er \u00fcbernimmt in dieser neu geschaffenen Position einzelne Bereiche und rapportiert direkt an Caroline Thoma, Gesch\u00e4ftsf\u00fchrerin der Blick-Gruppe.\" \/>\n<meta property=\"og:url\" content=\"https:\/\/www.ringier.com\/de\/blick-gruppe-frank-eimer-wird-stellvertretender-geschaeftsfuehrer\/\" \/>\n<meta property=\"og:site_name\" content=\"Ringier\" \/>\n<meta property=\"article:publisher\" content=\"https:\/\/www.facebook.com\/ringierag\/\" \/>\n<meta property=\"article:published_time\" content=\"2011-08-30T08:42:00+00:00\" \/>\n<meta property=\"article:modified_time\" content=\"2024-11-29T15:31:30+00:00\" \/>\n<meta property=\"og:image\" content=\"https:\/\/www.ringier.com\/wp-content\/uploads\/2021\/09\/frank_eimer_2011.jpg\" \/>\n\t<meta property=\"og:image:width\" content=\"800\" \/>\n\t<meta property=\"og:image:height\" content=\"1000\" \/>\n\t<meta property=\"og:image:type\" content=\"image\/jpeg\" \/>\n<meta name=\"author\" content=\"Ringier Corporate Communications\" \/>\n<meta name=\"twitter:card\" content=\"summary_large_image\" \/>\n<meta name=\"twitter:creator\" content=\"@ringier_ag\" \/>\n<meta name=\"twitter:site\" content=\"@ringier_ag\" \/>\n<meta name=\"twitter:label1\" content=\"Verfasst von\" \/>\n\t<meta name=\"twitter:data1\" content=\"Ringier Corporate Communications\" \/>\n\t<meta name=\"twitter:label2\" content=\"Gesch\u00e4tzte Lesezeit\" \/>\n\t<meta name=\"twitter:data2\" content=\"2 Minuten\" \/>\n<script type=\"application\/ld+json\" class=\"yoast-schema-graph\">{\"@context\":\"https:\/\/schema.org\",\"@graph\":[{\"@type\":\"Article\",\"@id\":\"https:\/\/www.ringier.com\/de\/blick-gruppe-frank-eimer-wird-stellvertretender-geschaeftsfuehrer\/#article\",\"isPartOf\":{\"@id\":\"https:\/\/www.ringier.com\/de\/blick-gruppe-frank-eimer-wird-stellvertretender-geschaeftsfuehrer\/\"},\"author\":{\"name\":\"Ringier Corporate Communications\",\"@id\":\"https:\/\/www.ringier.com\/de\/#\/schema\/person\/4cf76a308dc4b2bb5121bd1e7b752e52\"},\"headline\":\"Blick-Gruppe: Frank Eimer wird stellvertretender Gesch\u00e4ftsf\u00fchrer\",\"datePublished\":\"2011-08-30T08:42:00+00:00\",\"dateModified\":\"2024-11-29T15:31:30+00:00\",\"mainEntityOfPage\":{\"@id\":\"https:\/\/www.ringier.com\/de\/blick-gruppe-frank-eimer-wird-stellvertretender-geschaeftsfuehrer\/\"},\"wordCount\":209,\"publisher\":{\"@id\":\"https:\/\/www.ringier.com\/de\/#organization\"},\"image\":{\"@id\":\"https:\/\/www.ringier.com\/de\/blick-gruppe-frank-eimer-wird-stellvertretender-geschaeftsfuehrer\/#primaryimage\"},\"thumbnailUrl\":\"https:\/\/www.ringier.com\/wp-content\/uploads\/2021\/09\/frank_eimer_2011.jpg\",\"articleSection\":[\"Media\",\"Ringier Medien Schweiz\"],\"inLanguage\":\"de-DE\"},{\"@type\":\"WebPage\",\"@id\":\"https:\/\/www.ringier.com\/de\/blick-gruppe-frank-eimer-wird-stellvertretender-geschaeftsfuehrer\/\",\"url\":\"https:\/\/www.ringier.com\/de\/blick-gruppe-frank-eimer-wird-stellvertretender-geschaeftsfuehrer\/\",\"name\":\"Blick-Gruppe: Frank Eimer wird stellvertretender Gesch\u00e4ftsf\u00fchrer - Ringier\",\"isPartOf\":{\"@id\":\"https:\/\/www.ringier.com\/de\/#website\"},\"primaryImageOfPage\":{\"@id\":\"https:\/\/www.ringier.com\/de\/blick-gruppe-frank-eimer-wird-stellvertretender-geschaeftsfuehrer\/#primaryimage\"},\"image\":{\"@id\":\"https:\/\/www.ringier.com\/de\/blick-gruppe-frank-eimer-wird-stellvertretender-geschaeftsfuehrer\/#primaryimage\"},\"thumbnailUrl\":\"https:\/\/www.ringier.com\/wp-content\/uploads\/2021\/09\/frank_eimer_2011.jpg\",\"datePublished\":\"2011-08-30T08:42:00+00:00\",\"dateModified\":\"2024-11-29T15:31:30+00:00\",\"breadcrumb\":{\"@id\":\"https:\/\/www.ringier.com\/de\/blick-gruppe-frank-eimer-wird-stellvertretender-geschaeftsfuehrer\/#breadcrumb\"},\"inLanguage\":\"de-DE\",\"potentialAction\":[{\"@type\":\"ReadAction\",\"target\":[\"https:\/\/www.ringier.com\/de\/blick-gruppe-frank-eimer-wird-stellvertretender-geschaeftsfuehrer\/\"]}]},{\"@type\":\"ImageObject\",\"inLanguage\":\"de-DE\",\"@id\":\"https:\/\/www.ringier.com\/de\/blick-gruppe-frank-eimer-wird-stellvertretender-geschaeftsfuehrer\/#primaryimage\",\"url\":\"https:\/\/www.ringier.com\/wp-content\/uploads\/2021\/09\/frank_eimer_2011.jpg\",\"contentUrl\":\"https:\/\/www.ringier.com\/wp-content\/uploads\/2021\/09\/frank_eimer_2011.jpg\",\"width\":800,\"height\":1000},{\"@type\":\"BreadcrumbList\",\"@id\":\"https:\/\/www.ringier.com\/de\/blick-gruppe-frank-eimer-wird-stellvertretender-geschaeftsfuehrer\/#breadcrumb\",\"itemListElement\":[{\"@type\":\"ListItem\",\"position\":1,\"name\":\"Home\",\"item\":\"https:\/\/www.ringier.com\/de\/\"},{\"@type\":\"ListItem\",\"position\":2,\"name\":\"Blick-Gruppe: Frank Eimer wird stellvertretender Gesch\u00e4ftsf\u00fchrer\"}]},{\"@type\":\"WebSite\",\"@id\":\"https:\/\/www.ringier.com\/de\/#website\",\"url\":\"https:\/\/www.ringier.com\/de\/\",\"name\":\"Ringier\",\"description\":\"We inform. We entertain. We connect\",\"publisher\":{\"@id\":\"https:\/\/www.ringier.com\/de\/#organization\"},\"potentialAction\":[{\"@type\":\"SearchAction\",\"target\":{\"@type\":\"EntryPoint\",\"urlTemplate\":\"https:\/\/www.ringier.com\/de\/?s={search_term_string}\"},\"query-input\":{\"@type\":\"PropertyValueSpecification\",\"valueRequired\":true,\"valueName\":\"search_term_string\"}}],\"inLanguage\":\"de-DE\"},{\"@type\":\"Organization\",\"@id\":\"https:\/\/www.ringier.com\/de\/#organization\",\"name\":\"Ringier\",\"url\":\"https:\/\/www.ringier.com\/de\/\",\"logo\":{\"@type\":\"ImageObject\",\"inLanguage\":\"de-DE\",\"@id\":\"https:\/\/www.ringier.com\/de\/#\/schema\/logo\/image\/\",\"url\":\"https:\/\/www.ringier.com\/wp-content\/uploads\/2021\/10\/ringier_logo_2.jpg\",\"contentUrl\":\"https:\/\/www.ringier.com\/wp-content\/uploads\/2021\/10\/ringier_logo_2.jpg\",\"width\":750,\"height\":550,\"caption\":\"Ringier\"},\"image\":{\"@id\":\"https:\/\/www.ringier.com\/de\/#\/schema\/logo\/image\/\"},\"sameAs\":[\"https:\/\/www.facebook.com\/ringierag\/\",\"https:\/\/x.com\/ringier_ag\",\"https:\/\/www.instagram.com\/ringier_ag\/\",\"https:\/\/www.linkedin.com\/company\/ringier\/\",\"https:\/\/www.youtube.com\/user\/RingierComm\",\"https:\/\/en.wikipedia.org\/wiki\/Ringier\",\"https:\/\/de.wikipedia.org\/wiki\/Ringier\",\"https:\/\/fr.wikipedia.org\/wiki\/Ringier\",\"https:\/\/www.crunchbase.com\/organization\/ringier-ag\"]},{\"@type\":\"Person\",\"@id\":\"https:\/\/www.ringier.com\/de\/#\/schema\/person\/4cf76a308dc4b2bb5121bd1e7b752e52\",\"name\":\"Ringier Corporate Communications\",\"image\":{\"@type\":\"ImageObject\",\"inLanguage\":\"de-DE\",\"@id\":\"https:\/\/www.ringier.com\/de\/#\/schema\/person\/image\/\",\"url\":\"https:\/\/secure.gravatar.com\/avatar\/9391e20481368d5df4fe3e1e476c13b27786347489822ec1ed07e532bb41f587?s=96&d=mm&r=g\",\"contentUrl\":\"https:\/\/secure.gravatar.com\/avatar\/9391e20481368d5df4fe3e1e476c13b27786347489822ec1ed07e532bb41f587?s=96&d=mm&r=g\",\"caption\":\"Ringier Corporate Communications\"},\"sameAs\":[\"https:\/\/www.ringier.com\"]}]}<\/script>\n<!-- \/ Yoast SEO Premium plugin. -->","yoast_head_json":{"title":"Blick-Gruppe: Frank Eimer wird stellvertretender Gesch\u00e4ftsf\u00fchrer - Ringier","robots":{"index":"index","follow":"follow","max-snippet":"max-snippet:-1","max-image-preview":"max-image-preview:large","max-video-preview":"max-video-preview:-1"},"canonical":"https:\/\/www.ringier.com\/de\/blick-gruppe-frank-eimer-wird-stellvertretender-geschaeftsfuehrer\/","og_locale":"de_DE","og_type":"article","og_title":"Blick-Gruppe: Frank Eimer wird stellvertretender Gesch\u00e4ftsf\u00fchrer","og_description":"Frank Eimer wird per 1. Oktober 2011 stellvertretender Gesch\u00e4ftsf\u00fchrer der Blick-Gruppe. Er \u00fcbernimmt in dieser neu geschaffenen Position einzelne Bereiche und rapportiert direkt an Caroline Thoma, Gesch\u00e4ftsf\u00fchrerin der Blick-Gruppe.","og_url":"https:\/\/www.ringier.com\/de\/blick-gruppe-frank-eimer-wird-stellvertretender-geschaeftsfuehrer\/","og_site_name":"Ringier","article_publisher":"https:\/\/www.facebook.com\/ringierag\/","article_published_time":"2011-08-30T08:42:00+00:00","article_modified_time":"2024-11-29T15:31:30+00:00","og_image":[{"width":800,"height":1000,"url":"https:\/\/www.ringier.com\/wp-content\/uploads\/2021\/09\/frank_eimer_2011.jpg","type":"image\/jpeg"}],"author":"Ringier Corporate Communications","twitter_card":"summary_large_image","twitter_creator":"@ringier_ag","twitter_site":"@ringier_ag","twitter_misc":{"Verfasst von":"Ringier Corporate Communications","Gesch\u00e4tzte Lesezeit":"2 Minuten"},"schema":{"@context":"https:\/\/schema.org","@graph":[{"@type":"Article","@id":"https:\/\/www.ringier.com\/de\/blick-gruppe-frank-eimer-wird-stellvertretender-geschaeftsfuehrer\/#article","isPartOf":{"@id":"https:\/\/www.ringier.com\/de\/blick-gruppe-frank-eimer-wird-stellvertretender-geschaeftsfuehrer\/"},"author":{"name":"Ringier Corporate Communications","@id":"https:\/\/www.ringier.com\/de\/#\/schema\/person\/4cf76a308dc4b2bb5121bd1e7b752e52"},"headline":"Blick-Gruppe: Frank Eimer wird stellvertretender Gesch\u00e4ftsf\u00fchrer","datePublished":"2011-08-30T08:42:00+00:00","dateModified":"2024-11-29T15:31:30+00:00","mainEntityOfPage":{"@id":"https:\/\/www.ringier.com\/de\/blick-gruppe-frank-eimer-wird-stellvertretender-geschaeftsfuehrer\/"},"wordCount":209,"publisher":{"@id":"https:\/\/www.ringier.com\/de\/#organization"},"image":{"@id":"https:\/\/www.ringier.com\/de\/blick-gruppe-frank-eimer-wird-stellvertretender-geschaeftsfuehrer\/#primaryimage"},"thumbnailUrl":"https:\/\/www.ringier.com\/wp-content\/uploads\/2021\/09\/frank_eimer_2011.jpg","articleSection":["Media","Ringier Medien Schweiz"],"inLanguage":"de-DE"},{"@type":"WebPage","@id":"https:\/\/www.ringier.com\/de\/blick-gruppe-frank-eimer-wird-stellvertretender-geschaeftsfuehrer\/","url":"https:\/\/www.ringier.com\/de\/blick-gruppe-frank-eimer-wird-stellvertretender-geschaeftsfuehrer\/","name":"Blick-Gruppe: Frank Eimer wird stellvertretender Gesch\u00e4ftsf\u00fchrer - Ringier","isPartOf":{"@id":"https:\/\/www.ringier.com\/de\/#website"},"primaryImageOfPage":{"@id":"https:\/\/www.ringier.com\/de\/blick-gruppe-frank-eimer-wird-stellvertretender-geschaeftsfuehrer\/#primaryimage"},"image":{"@id":"https:\/\/www.ringier.com\/de\/blick-gruppe-frank-eimer-wird-stellvertretender-geschaeftsfuehrer\/#primaryimage"},"thumbnailUrl":"https:\/\/www.ringier.com\/wp-content\/uploads\/2021\/09\/frank_eimer_2011.jpg","datePublished":"2011-08-30T08:42:00+00:00","dateModified":"2024-11-29T15:31:30+00:00","breadcrumb":{"@id":"https:\/\/www.ringier.com\/de\/blick-gruppe-frank-eimer-wird-stellvertretender-geschaeftsfuehrer\/#breadcrumb"},"inLanguage":"de-DE","potentialAction":[{"@type":"ReadAction","target":["https:\/\/www.ringier.com\/de\/blick-gruppe-frank-eimer-wird-stellvertretender-geschaeftsfuehrer\/"]}]},{"@type":"ImageObject","inLanguage":"de-DE","@id":"https:\/\/www.ringier.com\/de\/blick-gruppe-frank-eimer-wird-stellvertretender-geschaeftsfuehrer\/#primaryimage","url":"https:\/\/www.ringier.com\/wp-content\/uploads\/2021\/09\/frank_eimer_2011.jpg","contentUrl":"https:\/\/www.ringier.com\/wp-content\/uploads\/2021\/09\/frank_eimer_2011.jpg","width":800,"height":1000},{"@type":"BreadcrumbList","@id":"https:\/\/www.ringier.com\/de\/blick-gruppe-frank-eimer-wird-stellvertretender-geschaeftsfuehrer\/#breadcrumb","itemListElement":[{"@type":"ListItem","position":1,"name":"Home","item":"https:\/\/www.ringier.com\/de\/"},{"@type":"ListItem","position":2,"name":"Blick-Gruppe: Frank Eimer wird stellvertretender Gesch\u00e4ftsf\u00fchrer"}]},{"@type":"WebSite","@id":"https:\/\/www.ringier.com\/de\/#website","url":"https:\/\/www.ringier.com\/de\/","name":"Ringier","description":"We inform. We entertain. We connect","publisher":{"@id":"https:\/\/www.ringier.com\/de\/#organization"},"potentialAction":[{"@type":"SearchAction","target":{"@type":"EntryPoint","urlTemplate":"https:\/\/www.ringier.com\/de\/?s={search_term_string}"},"query-input":{"@type":"PropertyValueSpecification","valueRequired":true,"valueName":"search_term_string"}}],"inLanguage":"de-DE"},{"@type":"Organization","@id":"https:\/\/www.ringier.com\/de\/#organization","name":"Ringier","url":"https:\/\/www.ringier.com\/de\/","logo":{"@type":"ImageObject","inLanguage":"de-DE","@id":"https:\/\/www.ringier.com\/de\/#\/schema\/logo\/image\/","url":"https:\/\/www.ringier.com\/wp-content\/uploads\/2021\/10\/ringier_logo_2.jpg","contentUrl":"https:\/\/www.ringier.com\/wp-content\/uploads\/2021\/10\/ringier_logo_2.jpg","width":750,"height":550,"caption":"Ringier"},"image":{"@id":"https:\/\/www.ringier.com\/de\/#\/schema\/logo\/image\/"},"sameAs":["https:\/\/www.facebook.com\/ringierag\/","https:\/\/x.com\/ringier_ag","https:\/\/www.instagram.com\/ringier_ag\/","https:\/\/www.linkedin.com\/company\/ringier\/","https:\/\/www.youtube.com\/user\/RingierComm","https:\/\/en.wikipedia.org\/wiki\/Ringier","https:\/\/de.wikipedia.org\/wiki\/Ringier","https:\/\/fr.wikipedia.org\/wiki\/Ringier","https:\/\/www.crunchbase.com\/organization\/ringier-ag"]},{"@type":"Person","@id":"https:\/\/www.ringier.com\/de\/#\/schema\/person\/4cf76a308dc4b2bb5121bd1e7b752e52","name":"Ringier Corporate Communications","image":{"@type":"ImageObject","inLanguage":"de-DE","@id":"https:\/\/www.ringier.com\/de\/#\/schema\/person\/image\/","url":"https:\/\/secure.gravatar.com\/avatar\/9391e20481368d5df4fe3e1e476c13b27786347489822ec1ed07e532bb41f587?s=96&d=mm&r=g","contentUrl":"https:\/\/secure.gravatar.com\/avatar\/9391e20481368d5df4fe3e1e476c13b27786347489822ec1ed07e532bb41f587?s=96&d=mm&r=g","caption":"Ringier Corporate Communications"},"sameAs":["https:\/\/www.ringier.com"]}]}},"_links":{"self":[{"href":"https:\/\/www.ringier.com\/de\/wp-json\/wp\/v2\/posts\/6251","targetHints":{"allow":["GET"]}}],"collection":[{"href":"https:\/\/www.ringier.com\/de\/wp-json\/wp\/v2\/posts"}],"about":[{"href":"https:\/\/www.ringier.com\/de\/wp-json\/wp\/v2\/types\/post"}],"author":[{"embeddable":true,"href":"https:\/\/www.ringier.com\/de\/wp-json\/wp\/v2\/users\/23"}],"replies":[{"embeddable":true,"href":"https:\/\/www.ringier.com\/de\/wp-json\/wp\/v2\/comments?post=6251"}],"version-history":[{"count":0,"href":"https:\/\/www.ringier.com\/de\/wp-json\/wp\/v2\/posts\/6251\/revisions"}],"wp:featuredmedia":[{"embeddable":true,"href":"https:\/\/www.ringier.com\/de\/wp-json\/wp\/v2\/media\/6252"}],"wp:attachment":[{"href":"https:\/\/www.ringier.com\/de\/wp-json\/wp\/v2\/media?parent=6251"}],"wp:term":[{"taxonomy":"category","embeddable":true,"href":"https:\/\/www.ringier.com\/de\/wp-json\/wp\/v2\/categories?post=6251"},{"taxonomy":"post_tag","embeddable":true,"href":"https:\/\/www.ringier.com\/de\/wp-json\/wp\/v2\/tags?post=6251"}],"curies":[{"name":"wp","href":"https:\/\/api.w.org\/{rel}","templated":true}]}}