{"id":6158,"date":"2011-08-25T09:01:00","date_gmt":"2011-08-25T07:01:00","guid":{"rendered":"https:\/\/www.ringier.com\/ringier-takes-over-edipresse-a-s-romania\/"},"modified":"2021-09-21T09:06:19","modified_gmt":"2021-09-21T07:06:19","slug":"ringier-uebernimmt-edipresse-s-a-rumaenien","status":"publish","type":"post","link":"https:\/\/www.ringier.com\/de\/ringier-uebernimmt-edipresse-s-a-rumaenien\/","title":{"rendered":"Ringier \u00fcbernimmt Edipresse S.A. Rum\u00e4nien"},"content":{"rendered":"\n<p>Ringier ist in Rum\u00e4nien seit 1992 mit aktiv und z\u00e4hlt heute mit seinen \u00fcber 400 Mitarbeitenden der Landesgesellschaft Ringier Romania S.R.L. zu den f\u00fchrenden internationalen Verlagsh\u00e4usern des Landes. Ringier Romania f\u00fchrt rund ein Dutzend Print- und Onlineprodukte, darunter die f\u00fchrende Boulevard-Zeitung \u00abLibertatea\u00bb. Die Aktivit\u00e4ten von Edipresse Romania werden in die Organisation von Ringier Romania integriert.<\/p>\n\n\n\n<p>Florian Fels, CEO Ringier Central Europe: \u00abDer Erwerb von Edipresse S.A. Romania ist ein wichtiger Schritt zur weiteren erfolgreichen Entwicklung unserer rum\u00e4nischen Landesgesellschaft. Das neu erworbene, gut entwickelte Portfolio passt hervorragend zu unserer bestehenden Magazin-Struktur und erg\u00e4nzt dieses mit starken Titeln.\u00bb<\/p>\n\n\n\n<p>Michel Preiswerk, CFO und COO Edipresse Group: \u00abDieser Wechsel der Besitzverh\u00e4ltnisse wird Edipresse S.A. Romania grossartige neue Entwicklungsm\u00f6glichkeiten bieten und erlaubt es Edipresse, sich auf seine anderen M\u00e4rkte und Aktivit\u00e4ten zu fokussieren.\u00bb<\/p>\n\n\n\n<p>Ralph B\u00fcchi, President Axel Springer International: \u00abMit dem Verkauf unserer Beteiligung konzentrieren wir uns k\u00fcnftig noch st\u00e4rker auf unsere europ\u00e4ischen Kernm\u00e4rkte sowie die digitalen Wachstumsaktivit\u00e4ten. Beim Management-Team sowie den Mitarbeitern von Edipresse A.S. Romania bedanken wir uns f\u00fcr die langj\u00e4hrige vertrauensvolle Zusammenarbeit.\u00bb<\/p>\n\n\n\n<p>Die \u00dcbernahme von Edipresse A.S. Romania durch Ringier Romania S.R.L. steht noch unter dem Vorbehalt der Zustimmung der rum\u00e4nischen Wettbewerbsbeh\u00f6rde.<\/p>\n\n\n\n<p>Ringier Corporate Communications<\/p>\n","protected":false},"excerpt":{"rendered":"<p>Z\u00fcrich, 25.8.2011 &#8211; Die Ringier AG, gr\u00f6sstes international operierendes Medienhaus der Schweiz, hat heute den vollst\u00e4ndigen Kauf von Edipresse A.S. Romania, einem Joint Venture der Schweizer Verlagsgruppe Edipresse und des Deutschen Medienunternehmens Axel Springer bekannt gegeben. Edipresse A.S. Romania ist einer der gr\u00f6ssten Zeitschriftenverlage in Rum\u00e4nien. Ringier f\u00fcgt damit zu seinen bisherigen Aktivit\u00e4ten in Rum\u00e4nien die Titel ELLE, AVANTAJE, LOOK!, PSYCHOLOGIES, \u00ceNT\u00c2MPLARI ADEVARATE, POVESTEA MEA, LUCRU DE M\u00c2NA, POVESTI DE VIATA und BABY, sowie die rum\u00e4nischen Lizenzausgaben von VIVA!, die Jugendzeitschrift POPCORN und die Custom Publishing Division hinzu.<\/p>\n","protected":false},"author":23,"featured_media":6157,"comment_status":"closed","ping_status":"open","sticky":false,"template":"","format":"standard","meta":{"inline_featured_image":false,"footnotes":""},"categories":[371],"tags":[],"class_list":["post-6158","post","type-post","status-publish","format-standard","has-post-thumbnail","hentry","category-media-de"],"yoast_head":"<!-- This site is optimized with the Yoast SEO Premium plugin v27.0 (Yoast SEO v27.0) - https:\/\/yoast.com\/product\/yoast-seo-premium-wordpress\/ -->\n<title>Ringier \u00fcbernimmt Edipresse S.A. Rum\u00e4nien - Ringier<\/title>\n<meta name=\"robots\" content=\"index, follow, max-snippet:-1, max-image-preview:large, max-video-preview:-1\" \/>\n<link rel=\"canonical\" href=\"https:\/\/www.ringier.com\/de\/ringier-uebernimmt-edipresse-s-a-rumaenien\/\" \/>\n<meta property=\"og:locale\" content=\"de_DE\" \/>\n<meta property=\"og:type\" content=\"article\" \/>\n<meta property=\"og:title\" content=\"Ringier \u00fcbernimmt Edipresse S.A. Rum\u00e4nien\" \/>\n<meta property=\"og:description\" content=\"Z\u00fcrich, 25.8.2011 - Die Ringier AG, gr\u00f6sstes international operierendes Medienhaus der Schweiz, hat heute den vollst\u00e4ndigen Kauf von Edipresse A.S. Romania, einem Joint Venture der Schweizer Verlagsgruppe Edipresse und des Deutschen Medienunternehmens Axel Springer bekannt gegeben. Edipresse A.S. Romania ist einer der gr\u00f6ssten Zeitschriftenverlage in Rum\u00e4nien. Ringier f\u00fcgt damit zu seinen bisherigen Aktivit\u00e4ten in Rum\u00e4nien die Titel ELLE, AVANTAJE, LOOK!, PSYCHOLOGIES, \u00ceNT\u00c2MPLARI ADEVARATE, POVESTEA MEA, LUCRU DE M\u00c2NA, POVESTI DE VIATA und BABY, sowie die rum\u00e4nischen Lizenzausgaben von VIVA!, die Jugendzeitschrift POPCORN und die Custom Publishing Division hinzu.\" \/>\n<meta property=\"og:url\" content=\"https:\/\/www.ringier.com\/de\/ringier-uebernimmt-edipresse-s-a-rumaenien\/\" \/>\n<meta property=\"og:site_name\" content=\"Ringier\" \/>\n<meta property=\"article:publisher\" content=\"https:\/\/www.facebook.com\/ringierag\/\" \/>\n<meta property=\"article:published_time\" content=\"2011-08-25T07:01:00+00:00\" \/>\n<meta property=\"article:modified_time\" content=\"2021-09-21T07:06:19+00:00\" \/>\n<meta property=\"og:image\" content=\"https:\/\/www.ringier.com\/wp-content\/uploads\/2021\/09\/osteuropa_2011.jpg\" \/>\n\t<meta property=\"og:image:width\" content=\"460\" \/>\n\t<meta property=\"og:image:height\" content=\"331\" \/>\n\t<meta property=\"og:image:type\" content=\"image\/jpeg\" \/>\n<meta name=\"author\" content=\"Ringier Corporate Communications\" \/>\n<meta name=\"twitter:card\" content=\"summary_large_image\" \/>\n<meta name=\"twitter:creator\" content=\"@ringier_ag\" \/>\n<meta name=\"twitter:site\" content=\"@ringier_ag\" \/>\n<meta name=\"twitter:label1\" content=\"Verfasst von\" \/>\n\t<meta name=\"twitter:data1\" content=\"Ringier Corporate Communications\" \/>\n\t<meta name=\"twitter:label2\" content=\"Gesch\u00e4tzte Lesezeit\" \/>\n\t<meta name=\"twitter:data2\" content=\"1 Minute\" \/>\n<script type=\"application\/ld+json\" class=\"yoast-schema-graph\">{\"@context\":\"https:\/\/schema.org\",\"@graph\":[{\"@type\":\"Article\",\"@id\":\"https:\/\/www.ringier.com\/de\/ringier-uebernimmt-edipresse-s-a-rumaenien\/#article\",\"isPartOf\":{\"@id\":\"https:\/\/www.ringier.com\/de\/ringier-uebernimmt-edipresse-s-a-rumaenien\/\"},\"author\":{\"name\":\"Ringier Corporate Communications\",\"@id\":\"https:\/\/www.ringier.com\/de\/#\/schema\/person\/4cf76a308dc4b2bb5121bd1e7b752e52\"},\"headline\":\"Ringier \u00fcbernimmt Edipresse S.A. Rum\u00e4nien\",\"datePublished\":\"2011-08-25T07:01:00+00:00\",\"dateModified\":\"2021-09-21T07:06:19+00:00\",\"mainEntityOfPage\":{\"@id\":\"https:\/\/www.ringier.com\/de\/ringier-uebernimmt-edipresse-s-a-rumaenien\/\"},\"wordCount\":229,\"publisher\":{\"@id\":\"https:\/\/www.ringier.com\/de\/#organization\"},\"image\":{\"@id\":\"https:\/\/www.ringier.com\/de\/ringier-uebernimmt-edipresse-s-a-rumaenien\/#primaryimage\"},\"thumbnailUrl\":\"https:\/\/www.ringier.com\/wp-content\/uploads\/2021\/09\/osteuropa_2011.jpg\",\"articleSection\":[\"Media\"],\"inLanguage\":\"de-DE\"},{\"@type\":\"WebPage\",\"@id\":\"https:\/\/www.ringier.com\/de\/ringier-uebernimmt-edipresse-s-a-rumaenien\/\",\"url\":\"https:\/\/www.ringier.com\/de\/ringier-uebernimmt-edipresse-s-a-rumaenien\/\",\"name\":\"Ringier \u00fcbernimmt Edipresse S.A. Rum\u00e4nien - Ringier\",\"isPartOf\":{\"@id\":\"https:\/\/www.ringier.com\/de\/#website\"},\"primaryImageOfPage\":{\"@id\":\"https:\/\/www.ringier.com\/de\/ringier-uebernimmt-edipresse-s-a-rumaenien\/#primaryimage\"},\"image\":{\"@id\":\"https:\/\/www.ringier.com\/de\/ringier-uebernimmt-edipresse-s-a-rumaenien\/#primaryimage\"},\"thumbnailUrl\":\"https:\/\/www.ringier.com\/wp-content\/uploads\/2021\/09\/osteuropa_2011.jpg\",\"datePublished\":\"2011-08-25T07:01:00+00:00\",\"dateModified\":\"2021-09-21T07:06:19+00:00\",\"breadcrumb\":{\"@id\":\"https:\/\/www.ringier.com\/de\/ringier-uebernimmt-edipresse-s-a-rumaenien\/#breadcrumb\"},\"inLanguage\":\"de-DE\",\"potentialAction\":[{\"@type\":\"ReadAction\",\"target\":[\"https:\/\/www.ringier.com\/de\/ringier-uebernimmt-edipresse-s-a-rumaenien\/\"]}]},{\"@type\":\"ImageObject\",\"inLanguage\":\"de-DE\",\"@id\":\"https:\/\/www.ringier.com\/de\/ringier-uebernimmt-edipresse-s-a-rumaenien\/#primaryimage\",\"url\":\"https:\/\/www.ringier.com\/wp-content\/uploads\/2021\/09\/osteuropa_2011.jpg\",\"contentUrl\":\"https:\/\/www.ringier.com\/wp-content\/uploads\/2021\/09\/osteuropa_2011.jpg\",\"width\":460,\"height\":331},{\"@type\":\"BreadcrumbList\",\"@id\":\"https:\/\/www.ringier.com\/de\/ringier-uebernimmt-edipresse-s-a-rumaenien\/#breadcrumb\",\"itemListElement\":[{\"@type\":\"ListItem\",\"position\":1,\"name\":\"Home\",\"item\":\"https:\/\/www.ringier.com\/de\/\"},{\"@type\":\"ListItem\",\"position\":2,\"name\":\"Ringier \u00fcbernimmt Edipresse S.A. Rum\u00e4nien\"}]},{\"@type\":\"WebSite\",\"@id\":\"https:\/\/www.ringier.com\/de\/#website\",\"url\":\"https:\/\/www.ringier.com\/de\/\",\"name\":\"Ringier\",\"description\":\"We inform. We entertain. We connect\",\"publisher\":{\"@id\":\"https:\/\/www.ringier.com\/de\/#organization\"},\"potentialAction\":[{\"@type\":\"SearchAction\",\"target\":{\"@type\":\"EntryPoint\",\"urlTemplate\":\"https:\/\/www.ringier.com\/de\/?s={search_term_string}\"},\"query-input\":{\"@type\":\"PropertyValueSpecification\",\"valueRequired\":true,\"valueName\":\"search_term_string\"}}],\"inLanguage\":\"de-DE\"},{\"@type\":\"Organization\",\"@id\":\"https:\/\/www.ringier.com\/de\/#organization\",\"name\":\"Ringier\",\"url\":\"https:\/\/www.ringier.com\/de\/\",\"logo\":{\"@type\":\"ImageObject\",\"inLanguage\":\"de-DE\",\"@id\":\"https:\/\/www.ringier.com\/de\/#\/schema\/logo\/image\/\",\"url\":\"https:\/\/www.ringier.com\/wp-content\/uploads\/2021\/10\/ringier_logo_2.jpg\",\"contentUrl\":\"https:\/\/www.ringier.com\/wp-content\/uploads\/2021\/10\/ringier_logo_2.jpg\",\"width\":750,\"height\":550,\"caption\":\"Ringier\"},\"image\":{\"@id\":\"https:\/\/www.ringier.com\/de\/#\/schema\/logo\/image\/\"},\"sameAs\":[\"https:\/\/www.facebook.com\/ringierag\/\",\"https:\/\/x.com\/ringier_ag\",\"https:\/\/www.instagram.com\/ringier_ag\/\",\"https:\/\/www.linkedin.com\/company\/ringier\/\",\"https:\/\/www.youtube.com\/user\/RingierComm\",\"https:\/\/en.wikipedia.org\/wiki\/Ringier\",\"https:\/\/de.wikipedia.org\/wiki\/Ringier\",\"https:\/\/fr.wikipedia.org\/wiki\/Ringier\",\"https:\/\/www.crunchbase.com\/organization\/ringier-ag\"]},{\"@type\":\"Person\",\"@id\":\"https:\/\/www.ringier.com\/de\/#\/schema\/person\/4cf76a308dc4b2bb5121bd1e7b752e52\",\"name\":\"Ringier Corporate Communications\",\"image\":{\"@type\":\"ImageObject\",\"inLanguage\":\"de-DE\",\"@id\":\"https:\/\/www.ringier.com\/de\/#\/schema\/person\/image\/\",\"url\":\"https:\/\/secure.gravatar.com\/avatar\/9391e20481368d5df4fe3e1e476c13b27786347489822ec1ed07e532bb41f587?s=96&d=mm&r=g\",\"contentUrl\":\"https:\/\/secure.gravatar.com\/avatar\/9391e20481368d5df4fe3e1e476c13b27786347489822ec1ed07e532bb41f587?s=96&d=mm&r=g\",\"caption\":\"Ringier Corporate Communications\"},\"sameAs\":[\"https:\/\/www.ringier.com\"]}]}<\/script>\n<!-- \/ Yoast SEO Premium plugin. -->","yoast_head_json":{"title":"Ringier \u00fcbernimmt Edipresse S.A. Rum\u00e4nien - Ringier","robots":{"index":"index","follow":"follow","max-snippet":"max-snippet:-1","max-image-preview":"max-image-preview:large","max-video-preview":"max-video-preview:-1"},"canonical":"https:\/\/www.ringier.com\/de\/ringier-uebernimmt-edipresse-s-a-rumaenien\/","og_locale":"de_DE","og_type":"article","og_title":"Ringier \u00fcbernimmt Edipresse S.A. Rum\u00e4nien","og_description":"Z\u00fcrich, 25.8.2011 - Die Ringier AG, gr\u00f6sstes international operierendes Medienhaus der Schweiz, hat heute den vollst\u00e4ndigen Kauf von Edipresse A.S. Romania, einem Joint Venture der Schweizer Verlagsgruppe Edipresse und des Deutschen Medienunternehmens Axel Springer bekannt gegeben. Edipresse A.S. Romania ist einer der gr\u00f6ssten Zeitschriftenverlage in Rum\u00e4nien. Ringier f\u00fcgt damit zu seinen bisherigen Aktivit\u00e4ten in Rum\u00e4nien die Titel ELLE, AVANTAJE, LOOK!, PSYCHOLOGIES, \u00ceNT\u00c2MPLARI ADEVARATE, POVESTEA MEA, LUCRU DE M\u00c2NA, POVESTI DE VIATA und BABY, sowie die rum\u00e4nischen Lizenzausgaben von VIVA!, die Jugendzeitschrift POPCORN und die Custom Publishing Division hinzu.","og_url":"https:\/\/www.ringier.com\/de\/ringier-uebernimmt-edipresse-s-a-rumaenien\/","og_site_name":"Ringier","article_publisher":"https:\/\/www.facebook.com\/ringierag\/","article_published_time":"2011-08-25T07:01:00+00:00","article_modified_time":"2021-09-21T07:06:19+00:00","og_image":[{"width":460,"height":331,"url":"https:\/\/www.ringier.com\/wp-content\/uploads\/2021\/09\/osteuropa_2011.jpg","type":"image\/jpeg"}],"author":"Ringier Corporate Communications","twitter_card":"summary_large_image","twitter_creator":"@ringier_ag","twitter_site":"@ringier_ag","twitter_misc":{"Verfasst von":"Ringier Corporate Communications","Gesch\u00e4tzte Lesezeit":"1 Minute"},"schema":{"@context":"https:\/\/schema.org","@graph":[{"@type":"Article","@id":"https:\/\/www.ringier.com\/de\/ringier-uebernimmt-edipresse-s-a-rumaenien\/#article","isPartOf":{"@id":"https:\/\/www.ringier.com\/de\/ringier-uebernimmt-edipresse-s-a-rumaenien\/"},"author":{"name":"Ringier Corporate Communications","@id":"https:\/\/www.ringier.com\/de\/#\/schema\/person\/4cf76a308dc4b2bb5121bd1e7b752e52"},"headline":"Ringier \u00fcbernimmt Edipresse S.A. Rum\u00e4nien","datePublished":"2011-08-25T07:01:00+00:00","dateModified":"2021-09-21T07:06:19+00:00","mainEntityOfPage":{"@id":"https:\/\/www.ringier.com\/de\/ringier-uebernimmt-edipresse-s-a-rumaenien\/"},"wordCount":229,"publisher":{"@id":"https:\/\/www.ringier.com\/de\/#organization"},"image":{"@id":"https:\/\/www.ringier.com\/de\/ringier-uebernimmt-edipresse-s-a-rumaenien\/#primaryimage"},"thumbnailUrl":"https:\/\/www.ringier.com\/wp-content\/uploads\/2021\/09\/osteuropa_2011.jpg","articleSection":["Media"],"inLanguage":"de-DE"},{"@type":"WebPage","@id":"https:\/\/www.ringier.com\/de\/ringier-uebernimmt-edipresse-s-a-rumaenien\/","url":"https:\/\/www.ringier.com\/de\/ringier-uebernimmt-edipresse-s-a-rumaenien\/","name":"Ringier \u00fcbernimmt Edipresse S.A. Rum\u00e4nien - Ringier","isPartOf":{"@id":"https:\/\/www.ringier.com\/de\/#website"},"primaryImageOfPage":{"@id":"https:\/\/www.ringier.com\/de\/ringier-uebernimmt-edipresse-s-a-rumaenien\/#primaryimage"},"image":{"@id":"https:\/\/www.ringier.com\/de\/ringier-uebernimmt-edipresse-s-a-rumaenien\/#primaryimage"},"thumbnailUrl":"https:\/\/www.ringier.com\/wp-content\/uploads\/2021\/09\/osteuropa_2011.jpg","datePublished":"2011-08-25T07:01:00+00:00","dateModified":"2021-09-21T07:06:19+00:00","breadcrumb":{"@id":"https:\/\/www.ringier.com\/de\/ringier-uebernimmt-edipresse-s-a-rumaenien\/#breadcrumb"},"inLanguage":"de-DE","potentialAction":[{"@type":"ReadAction","target":["https:\/\/www.ringier.com\/de\/ringier-uebernimmt-edipresse-s-a-rumaenien\/"]}]},{"@type":"ImageObject","inLanguage":"de-DE","@id":"https:\/\/www.ringier.com\/de\/ringier-uebernimmt-edipresse-s-a-rumaenien\/#primaryimage","url":"https:\/\/www.ringier.com\/wp-content\/uploads\/2021\/09\/osteuropa_2011.jpg","contentUrl":"https:\/\/www.ringier.com\/wp-content\/uploads\/2021\/09\/osteuropa_2011.jpg","width":460,"height":331},{"@type":"BreadcrumbList","@id":"https:\/\/www.ringier.com\/de\/ringier-uebernimmt-edipresse-s-a-rumaenien\/#breadcrumb","itemListElement":[{"@type":"ListItem","position":1,"name":"Home","item":"https:\/\/www.ringier.com\/de\/"},{"@type":"ListItem","position":2,"name":"Ringier \u00fcbernimmt Edipresse S.A. Rum\u00e4nien"}]},{"@type":"WebSite","@id":"https:\/\/www.ringier.com\/de\/#website","url":"https:\/\/www.ringier.com\/de\/","name":"Ringier","description":"We inform. We entertain. We connect","publisher":{"@id":"https:\/\/www.ringier.com\/de\/#organization"},"potentialAction":[{"@type":"SearchAction","target":{"@type":"EntryPoint","urlTemplate":"https:\/\/www.ringier.com\/de\/?s={search_term_string}"},"query-input":{"@type":"PropertyValueSpecification","valueRequired":true,"valueName":"search_term_string"}}],"inLanguage":"de-DE"},{"@type":"Organization","@id":"https:\/\/www.ringier.com\/de\/#organization","name":"Ringier","url":"https:\/\/www.ringier.com\/de\/","logo":{"@type":"ImageObject","inLanguage":"de-DE","@id":"https:\/\/www.ringier.com\/de\/#\/schema\/logo\/image\/","url":"https:\/\/www.ringier.com\/wp-content\/uploads\/2021\/10\/ringier_logo_2.jpg","contentUrl":"https:\/\/www.ringier.com\/wp-content\/uploads\/2021\/10\/ringier_logo_2.jpg","width":750,"height":550,"caption":"Ringier"},"image":{"@id":"https:\/\/www.ringier.com\/de\/#\/schema\/logo\/image\/"},"sameAs":["https:\/\/www.facebook.com\/ringierag\/","https:\/\/x.com\/ringier_ag","https:\/\/www.instagram.com\/ringier_ag\/","https:\/\/www.linkedin.com\/company\/ringier\/","https:\/\/www.youtube.com\/user\/RingierComm","https:\/\/en.wikipedia.org\/wiki\/Ringier","https:\/\/de.wikipedia.org\/wiki\/Ringier","https:\/\/fr.wikipedia.org\/wiki\/Ringier","https:\/\/www.crunchbase.com\/organization\/ringier-ag"]},{"@type":"Person","@id":"https:\/\/www.ringier.com\/de\/#\/schema\/person\/4cf76a308dc4b2bb5121bd1e7b752e52","name":"Ringier Corporate Communications","image":{"@type":"ImageObject","inLanguage":"de-DE","@id":"https:\/\/www.ringier.com\/de\/#\/schema\/person\/image\/","url":"https:\/\/secure.gravatar.com\/avatar\/9391e20481368d5df4fe3e1e476c13b27786347489822ec1ed07e532bb41f587?s=96&d=mm&r=g","contentUrl":"https:\/\/secure.gravatar.com\/avatar\/9391e20481368d5df4fe3e1e476c13b27786347489822ec1ed07e532bb41f587?s=96&d=mm&r=g","caption":"Ringier Corporate Communications"},"sameAs":["https:\/\/www.ringier.com"]}]}},"_links":{"self":[{"href":"https:\/\/www.ringier.com\/de\/wp-json\/wp\/v2\/posts\/6158","targetHints":{"allow":["GET"]}}],"collection":[{"href":"https:\/\/www.ringier.com\/de\/wp-json\/wp\/v2\/posts"}],"about":[{"href":"https:\/\/www.ringier.com\/de\/wp-json\/wp\/v2\/types\/post"}],"author":[{"embeddable":true,"href":"https:\/\/www.ringier.com\/de\/wp-json\/wp\/v2\/users\/23"}],"replies":[{"embeddable":true,"href":"https:\/\/www.ringier.com\/de\/wp-json\/wp\/v2\/comments?post=6158"}],"version-history":[{"count":0,"href":"https:\/\/www.ringier.com\/de\/wp-json\/wp\/v2\/posts\/6158\/revisions"}],"wp:featuredmedia":[{"embeddable":true,"href":"https:\/\/www.ringier.com\/de\/wp-json\/wp\/v2\/media\/6157"}],"wp:attachment":[{"href":"https:\/\/www.ringier.com\/de\/wp-json\/wp\/v2\/media?parent=6158"}],"wp:term":[{"taxonomy":"category","embeddable":true,"href":"https:\/\/www.ringier.com\/de\/wp-json\/wp\/v2\/categories?post=6158"},{"taxonomy":"post_tag","embeddable":true,"href":"https:\/\/www.ringier.com\/de\/wp-json\/wp\/v2\/tags?post=6158"}],"curies":[{"name":"wp","href":"https:\/\/api.w.org\/{rel}","templated":true}]}}