{"id":5851,"date":"2011-08-01T16:41:00","date_gmt":"2011-08-01T14:41:00","guid":{"rendered":"https:\/\/www.ringier.com\/?p=5851"},"modified":"2024-11-29T16:32:53","modified_gmt":"2024-11-29T15:32:53","slug":"ringier-trennt-sich-von-nik-niethammer-chefredaktor-der-schweizer-illustrierte","status":"publish","type":"post","link":"https:\/\/www.ringier.com\/de\/ringier-trennt-sich-von-nik-niethammer-chefredaktor-der-schweizer-illustrierte\/","title":{"rendered":"Ringier trennt sich von Nik Niethammer, Chefredaktor der Schweizer Illustrierte"},"content":{"rendered":"\n<p>Nik Niethammer (49) hatte am 1. Dezember 2008 die Chefredaktion der Schweizer Illustrierten \u00fcbernommen. Zuvor war er Chefredaktor und Programmleiter von TeleZ\u00fcri und Tele24, arbeitete w\u00e4hrend f\u00fcnf Jahren als Mitglied der Chefredaktion f\u00fcr den Blick und von 2004 bis 2007 war er bei Sat.1 in Deutschland Magazinchef und zuletzt Chefredaktor.<\/p>\n\n\n\n<p>Niethammer \u00fcberarbeitete als Chefredaktor massgeblich die Bildsprache der renommierten Schweizer Illustrierten und entwickelte das bew\u00e4hrte People-Konzept weiter. Er f\u00fchrte die gr\u00f6sste Zeitschrift der Schweiz ins digitale Zeitalter, baute die Online-Redaktion sehr stark aus und k\u00fcmmerte sich um die Einf\u00fchrung und Umsetzung des international beachteten eMagazin der SI f\u00fcrs iPad.<\/p>\n\n\n\n<p>Ringier trennt sich aufgrund unterschiedlicher Vorstellungen \u00fcber die weitere Ausrichtung und das Konzept der Zeitschrift von Nik Niethammer. Dieser \u00fcbergibt die Leitung an seinen Stellvertreter Stefan Regez (40), der seit April 2010 Mitglied der Chefredaktion ist. Urs Heller, Leiter Zeitschriften Ringier Schweiz: \u00abIch danke Nik Niethammer f\u00fcr sein grosses Engagement und seinen Einsatz und w\u00fcnsche ihm f\u00fcr seine weitere berufliche Zukunft alles Gute.\u00bb<\/p>\n\n\n\n<p>Kommunikation Ringier Schweiz<\/p>\n","protected":false},"excerpt":{"rendered":"<p>In der Leitung der Schweizer Illustrierte kommt es zu einem Wechsel: Ringier trennt sich von Chefredaktor Nik Niethammer. Der Stellvertretende Chefredaktor der SI, Stefan Regez, \u00fcbernimmt interimistisch ab 1. September deren F\u00fchrung.<\/p>\n","protected":false},"author":23,"featured_media":5852,"comment_status":"closed","ping_status":"open","sticky":false,"template":"","format":"standard","meta":{"inline_featured_image":false,"footnotes":""},"categories":[371,361],"tags":[],"class_list":["post-5851","post","type-post","status-publish","format-standard","has-post-thumbnail","hentry","category-media-de","category-ringier-medien-schweiz"],"yoast_head":"<!-- This site is optimized with the Yoast SEO Premium plugin v27.0 (Yoast SEO v27.0) - https:\/\/yoast.com\/product\/yoast-seo-premium-wordpress\/ -->\n<title>Ringier trennt sich von Nik Niethammer, Chefredaktor der Schweizer Illustrierte - Ringier<\/title>\n<meta name=\"robots\" content=\"index, follow, max-snippet:-1, max-image-preview:large, max-video-preview:-1\" \/>\n<link rel=\"canonical\" href=\"https:\/\/www.ringier.com\/de\/ringier-trennt-sich-von-nik-niethammer-chefredaktor-der-schweizer-illustrierte\/\" \/>\n<meta property=\"og:locale\" content=\"de_DE\" \/>\n<meta property=\"og:type\" content=\"article\" \/>\n<meta property=\"og:title\" content=\"Ringier trennt sich von Nik Niethammer, Chefredaktor der Schweizer Illustrierte\" \/>\n<meta property=\"og:description\" content=\"In der Leitung der Schweizer Illustrierte kommt es zu einem Wechsel: Ringier trennt sich von Chefredaktor Nik Niethammer. Der Stellvertretende Chefredaktor der SI, Stefan Regez, \u00fcbernimmt interimistisch ab 1. September deren F\u00fchrung.\" \/>\n<meta property=\"og:url\" content=\"https:\/\/www.ringier.com\/de\/ringier-trennt-sich-von-nik-niethammer-chefredaktor-der-schweizer-illustrierte\/\" \/>\n<meta property=\"og:site_name\" content=\"Ringier\" \/>\n<meta property=\"article:publisher\" content=\"https:\/\/www.facebook.com\/ringierag\/\" \/>\n<meta property=\"article:published_time\" content=\"2011-08-01T14:41:00+00:00\" \/>\n<meta property=\"article:modified_time\" content=\"2024-11-29T15:32:53+00:00\" \/>\n<meta property=\"og:image\" content=\"https:\/\/www.ringier.com\/wp-content\/uploads\/2021\/09\/nik_niethammer_2011.jpg\" \/>\n\t<meta property=\"og:image:width\" content=\"1080\" \/>\n\t<meta property=\"og:image:height\" content=\"1620\" \/>\n\t<meta property=\"og:image:type\" content=\"image\/jpeg\" \/>\n<meta name=\"author\" content=\"Ringier Corporate Communications\" \/>\n<meta name=\"twitter:card\" content=\"summary_large_image\" \/>\n<meta name=\"twitter:creator\" content=\"@ringier_ag\" \/>\n<meta name=\"twitter:site\" content=\"@ringier_ag\" \/>\n<meta name=\"twitter:label1\" content=\"Verfasst von\" \/>\n\t<meta name=\"twitter:data1\" content=\"Ringier Corporate Communications\" \/>\n\t<meta name=\"twitter:label2\" content=\"Gesch\u00e4tzte Lesezeit\" \/>\n\t<meta name=\"twitter:data2\" content=\"2 Minuten\" \/>\n<script type=\"application\/ld+json\" class=\"yoast-schema-graph\">{\"@context\":\"https:\/\/schema.org\",\"@graph\":[{\"@type\":\"Article\",\"@id\":\"https:\/\/www.ringier.com\/de\/ringier-trennt-sich-von-nik-niethammer-chefredaktor-der-schweizer-illustrierte\/#article\",\"isPartOf\":{\"@id\":\"https:\/\/www.ringier.com\/de\/ringier-trennt-sich-von-nik-niethammer-chefredaktor-der-schweizer-illustrierte\/\"},\"author\":{\"name\":\"Ringier Corporate Communications\",\"@id\":\"https:\/\/www.ringier.com\/de\/#\/schema\/person\/4cf76a308dc4b2bb5121bd1e7b752e52\"},\"headline\":\"Ringier trennt sich von Nik Niethammer, Chefredaktor der Schweizer Illustrierte\",\"datePublished\":\"2011-08-01T14:41:00+00:00\",\"dateModified\":\"2024-11-29T15:32:53+00:00\",\"mainEntityOfPage\":{\"@id\":\"https:\/\/www.ringier.com\/de\/ringier-trennt-sich-von-nik-niethammer-chefredaktor-der-schweizer-illustrierte\/\"},\"wordCount\":181,\"publisher\":{\"@id\":\"https:\/\/www.ringier.com\/de\/#organization\"},\"image\":{\"@id\":\"https:\/\/www.ringier.com\/de\/ringier-trennt-sich-von-nik-niethammer-chefredaktor-der-schweizer-illustrierte\/#primaryimage\"},\"thumbnailUrl\":\"https:\/\/www.ringier.com\/wp-content\/uploads\/2021\/09\/nik_niethammer_2011.jpg\",\"articleSection\":[\"Media\",\"Ringier Medien Schweiz\"],\"inLanguage\":\"de-DE\"},{\"@type\":\"WebPage\",\"@id\":\"https:\/\/www.ringier.com\/de\/ringier-trennt-sich-von-nik-niethammer-chefredaktor-der-schweizer-illustrierte\/\",\"url\":\"https:\/\/www.ringier.com\/de\/ringier-trennt-sich-von-nik-niethammer-chefredaktor-der-schweizer-illustrierte\/\",\"name\":\"Ringier trennt sich von Nik Niethammer, Chefredaktor der Schweizer Illustrierte - Ringier\",\"isPartOf\":{\"@id\":\"https:\/\/www.ringier.com\/de\/#website\"},\"primaryImageOfPage\":{\"@id\":\"https:\/\/www.ringier.com\/de\/ringier-trennt-sich-von-nik-niethammer-chefredaktor-der-schweizer-illustrierte\/#primaryimage\"},\"image\":{\"@id\":\"https:\/\/www.ringier.com\/de\/ringier-trennt-sich-von-nik-niethammer-chefredaktor-der-schweizer-illustrierte\/#primaryimage\"},\"thumbnailUrl\":\"https:\/\/www.ringier.com\/wp-content\/uploads\/2021\/09\/nik_niethammer_2011.jpg\",\"datePublished\":\"2011-08-01T14:41:00+00:00\",\"dateModified\":\"2024-11-29T15:32:53+00:00\",\"breadcrumb\":{\"@id\":\"https:\/\/www.ringier.com\/de\/ringier-trennt-sich-von-nik-niethammer-chefredaktor-der-schweizer-illustrierte\/#breadcrumb\"},\"inLanguage\":\"de-DE\",\"potentialAction\":[{\"@type\":\"ReadAction\",\"target\":[\"https:\/\/www.ringier.com\/de\/ringier-trennt-sich-von-nik-niethammer-chefredaktor-der-schweizer-illustrierte\/\"]}]},{\"@type\":\"ImageObject\",\"inLanguage\":\"de-DE\",\"@id\":\"https:\/\/www.ringier.com\/de\/ringier-trennt-sich-von-nik-niethammer-chefredaktor-der-schweizer-illustrierte\/#primaryimage\",\"url\":\"https:\/\/www.ringier.com\/wp-content\/uploads\/2021\/09\/nik_niethammer_2011.jpg\",\"contentUrl\":\"https:\/\/www.ringier.com\/wp-content\/uploads\/2021\/09\/nik_niethammer_2011.jpg\",\"width\":1080,\"height\":1620},{\"@type\":\"BreadcrumbList\",\"@id\":\"https:\/\/www.ringier.com\/de\/ringier-trennt-sich-von-nik-niethammer-chefredaktor-der-schweizer-illustrierte\/#breadcrumb\",\"itemListElement\":[{\"@type\":\"ListItem\",\"position\":1,\"name\":\"Home\",\"item\":\"https:\/\/www.ringier.com\/de\/\"},{\"@type\":\"ListItem\",\"position\":2,\"name\":\"Ringier trennt sich von Nik Niethammer, Chefredaktor der Schweizer Illustrierte\"}]},{\"@type\":\"WebSite\",\"@id\":\"https:\/\/www.ringier.com\/de\/#website\",\"url\":\"https:\/\/www.ringier.com\/de\/\",\"name\":\"Ringier\",\"description\":\"We inform. We entertain. We connect\",\"publisher\":{\"@id\":\"https:\/\/www.ringier.com\/de\/#organization\"},\"potentialAction\":[{\"@type\":\"SearchAction\",\"target\":{\"@type\":\"EntryPoint\",\"urlTemplate\":\"https:\/\/www.ringier.com\/de\/?s={search_term_string}\"},\"query-input\":{\"@type\":\"PropertyValueSpecification\",\"valueRequired\":true,\"valueName\":\"search_term_string\"}}],\"inLanguage\":\"de-DE\"},{\"@type\":\"Organization\",\"@id\":\"https:\/\/www.ringier.com\/de\/#organization\",\"name\":\"Ringier\",\"url\":\"https:\/\/www.ringier.com\/de\/\",\"logo\":{\"@type\":\"ImageObject\",\"inLanguage\":\"de-DE\",\"@id\":\"https:\/\/www.ringier.com\/de\/#\/schema\/logo\/image\/\",\"url\":\"https:\/\/www.ringier.com\/wp-content\/uploads\/2021\/10\/ringier_logo_2.jpg\",\"contentUrl\":\"https:\/\/www.ringier.com\/wp-content\/uploads\/2021\/10\/ringier_logo_2.jpg\",\"width\":750,\"height\":550,\"caption\":\"Ringier\"},\"image\":{\"@id\":\"https:\/\/www.ringier.com\/de\/#\/schema\/logo\/image\/\"},\"sameAs\":[\"https:\/\/www.facebook.com\/ringierag\/\",\"https:\/\/x.com\/ringier_ag\",\"https:\/\/www.instagram.com\/ringier_ag\/\",\"https:\/\/www.linkedin.com\/company\/ringier\/\",\"https:\/\/www.youtube.com\/user\/RingierComm\",\"https:\/\/en.wikipedia.org\/wiki\/Ringier\",\"https:\/\/de.wikipedia.org\/wiki\/Ringier\",\"https:\/\/fr.wikipedia.org\/wiki\/Ringier\",\"https:\/\/www.crunchbase.com\/organization\/ringier-ag\"]},{\"@type\":\"Person\",\"@id\":\"https:\/\/www.ringier.com\/de\/#\/schema\/person\/4cf76a308dc4b2bb5121bd1e7b752e52\",\"name\":\"Ringier Corporate Communications\",\"image\":{\"@type\":\"ImageObject\",\"inLanguage\":\"de-DE\",\"@id\":\"https:\/\/www.ringier.com\/de\/#\/schema\/person\/image\/\",\"url\":\"https:\/\/secure.gravatar.com\/avatar\/9391e20481368d5df4fe3e1e476c13b27786347489822ec1ed07e532bb41f587?s=96&d=mm&r=g\",\"contentUrl\":\"https:\/\/secure.gravatar.com\/avatar\/9391e20481368d5df4fe3e1e476c13b27786347489822ec1ed07e532bb41f587?s=96&d=mm&r=g\",\"caption\":\"Ringier Corporate Communications\"},\"sameAs\":[\"https:\/\/www.ringier.com\"]}]}<\/script>\n<!-- \/ Yoast SEO Premium plugin. -->","yoast_head_json":{"title":"Ringier trennt sich von Nik Niethammer, Chefredaktor der Schweizer Illustrierte - Ringier","robots":{"index":"index","follow":"follow","max-snippet":"max-snippet:-1","max-image-preview":"max-image-preview:large","max-video-preview":"max-video-preview:-1"},"canonical":"https:\/\/www.ringier.com\/de\/ringier-trennt-sich-von-nik-niethammer-chefredaktor-der-schweizer-illustrierte\/","og_locale":"de_DE","og_type":"article","og_title":"Ringier trennt sich von Nik Niethammer, Chefredaktor der Schweizer Illustrierte","og_description":"In der Leitung der Schweizer Illustrierte kommt es zu einem Wechsel: Ringier trennt sich von Chefredaktor Nik Niethammer. Der Stellvertretende Chefredaktor der SI, Stefan Regez, \u00fcbernimmt interimistisch ab 1. September deren F\u00fchrung.","og_url":"https:\/\/www.ringier.com\/de\/ringier-trennt-sich-von-nik-niethammer-chefredaktor-der-schweizer-illustrierte\/","og_site_name":"Ringier","article_publisher":"https:\/\/www.facebook.com\/ringierag\/","article_published_time":"2011-08-01T14:41:00+00:00","article_modified_time":"2024-11-29T15:32:53+00:00","og_image":[{"width":1080,"height":1620,"url":"https:\/\/www.ringier.com\/wp-content\/uploads\/2021\/09\/nik_niethammer_2011.jpg","type":"image\/jpeg"}],"author":"Ringier Corporate Communications","twitter_card":"summary_large_image","twitter_creator":"@ringier_ag","twitter_site":"@ringier_ag","twitter_misc":{"Verfasst von":"Ringier Corporate Communications","Gesch\u00e4tzte Lesezeit":"2 Minuten"},"schema":{"@context":"https:\/\/schema.org","@graph":[{"@type":"Article","@id":"https:\/\/www.ringier.com\/de\/ringier-trennt-sich-von-nik-niethammer-chefredaktor-der-schweizer-illustrierte\/#article","isPartOf":{"@id":"https:\/\/www.ringier.com\/de\/ringier-trennt-sich-von-nik-niethammer-chefredaktor-der-schweizer-illustrierte\/"},"author":{"name":"Ringier Corporate Communications","@id":"https:\/\/www.ringier.com\/de\/#\/schema\/person\/4cf76a308dc4b2bb5121bd1e7b752e52"},"headline":"Ringier trennt sich von Nik Niethammer, Chefredaktor der Schweizer Illustrierte","datePublished":"2011-08-01T14:41:00+00:00","dateModified":"2024-11-29T15:32:53+00:00","mainEntityOfPage":{"@id":"https:\/\/www.ringier.com\/de\/ringier-trennt-sich-von-nik-niethammer-chefredaktor-der-schweizer-illustrierte\/"},"wordCount":181,"publisher":{"@id":"https:\/\/www.ringier.com\/de\/#organization"},"image":{"@id":"https:\/\/www.ringier.com\/de\/ringier-trennt-sich-von-nik-niethammer-chefredaktor-der-schweizer-illustrierte\/#primaryimage"},"thumbnailUrl":"https:\/\/www.ringier.com\/wp-content\/uploads\/2021\/09\/nik_niethammer_2011.jpg","articleSection":["Media","Ringier Medien Schweiz"],"inLanguage":"de-DE"},{"@type":"WebPage","@id":"https:\/\/www.ringier.com\/de\/ringier-trennt-sich-von-nik-niethammer-chefredaktor-der-schweizer-illustrierte\/","url":"https:\/\/www.ringier.com\/de\/ringier-trennt-sich-von-nik-niethammer-chefredaktor-der-schweizer-illustrierte\/","name":"Ringier trennt sich von Nik Niethammer, Chefredaktor der Schweizer Illustrierte - Ringier","isPartOf":{"@id":"https:\/\/www.ringier.com\/de\/#website"},"primaryImageOfPage":{"@id":"https:\/\/www.ringier.com\/de\/ringier-trennt-sich-von-nik-niethammer-chefredaktor-der-schweizer-illustrierte\/#primaryimage"},"image":{"@id":"https:\/\/www.ringier.com\/de\/ringier-trennt-sich-von-nik-niethammer-chefredaktor-der-schweizer-illustrierte\/#primaryimage"},"thumbnailUrl":"https:\/\/www.ringier.com\/wp-content\/uploads\/2021\/09\/nik_niethammer_2011.jpg","datePublished":"2011-08-01T14:41:00+00:00","dateModified":"2024-11-29T15:32:53+00:00","breadcrumb":{"@id":"https:\/\/www.ringier.com\/de\/ringier-trennt-sich-von-nik-niethammer-chefredaktor-der-schweizer-illustrierte\/#breadcrumb"},"inLanguage":"de-DE","potentialAction":[{"@type":"ReadAction","target":["https:\/\/www.ringier.com\/de\/ringier-trennt-sich-von-nik-niethammer-chefredaktor-der-schweizer-illustrierte\/"]}]},{"@type":"ImageObject","inLanguage":"de-DE","@id":"https:\/\/www.ringier.com\/de\/ringier-trennt-sich-von-nik-niethammer-chefredaktor-der-schweizer-illustrierte\/#primaryimage","url":"https:\/\/www.ringier.com\/wp-content\/uploads\/2021\/09\/nik_niethammer_2011.jpg","contentUrl":"https:\/\/www.ringier.com\/wp-content\/uploads\/2021\/09\/nik_niethammer_2011.jpg","width":1080,"height":1620},{"@type":"BreadcrumbList","@id":"https:\/\/www.ringier.com\/de\/ringier-trennt-sich-von-nik-niethammer-chefredaktor-der-schweizer-illustrierte\/#breadcrumb","itemListElement":[{"@type":"ListItem","position":1,"name":"Home","item":"https:\/\/www.ringier.com\/de\/"},{"@type":"ListItem","position":2,"name":"Ringier trennt sich von Nik Niethammer, Chefredaktor der Schweizer Illustrierte"}]},{"@type":"WebSite","@id":"https:\/\/www.ringier.com\/de\/#website","url":"https:\/\/www.ringier.com\/de\/","name":"Ringier","description":"We inform. We entertain. We connect","publisher":{"@id":"https:\/\/www.ringier.com\/de\/#organization"},"potentialAction":[{"@type":"SearchAction","target":{"@type":"EntryPoint","urlTemplate":"https:\/\/www.ringier.com\/de\/?s={search_term_string}"},"query-input":{"@type":"PropertyValueSpecification","valueRequired":true,"valueName":"search_term_string"}}],"inLanguage":"de-DE"},{"@type":"Organization","@id":"https:\/\/www.ringier.com\/de\/#organization","name":"Ringier","url":"https:\/\/www.ringier.com\/de\/","logo":{"@type":"ImageObject","inLanguage":"de-DE","@id":"https:\/\/www.ringier.com\/de\/#\/schema\/logo\/image\/","url":"https:\/\/www.ringier.com\/wp-content\/uploads\/2021\/10\/ringier_logo_2.jpg","contentUrl":"https:\/\/www.ringier.com\/wp-content\/uploads\/2021\/10\/ringier_logo_2.jpg","width":750,"height":550,"caption":"Ringier"},"image":{"@id":"https:\/\/www.ringier.com\/de\/#\/schema\/logo\/image\/"},"sameAs":["https:\/\/www.facebook.com\/ringierag\/","https:\/\/x.com\/ringier_ag","https:\/\/www.instagram.com\/ringier_ag\/","https:\/\/www.linkedin.com\/company\/ringier\/","https:\/\/www.youtube.com\/user\/RingierComm","https:\/\/en.wikipedia.org\/wiki\/Ringier","https:\/\/de.wikipedia.org\/wiki\/Ringier","https:\/\/fr.wikipedia.org\/wiki\/Ringier","https:\/\/www.crunchbase.com\/organization\/ringier-ag"]},{"@type":"Person","@id":"https:\/\/www.ringier.com\/de\/#\/schema\/person\/4cf76a308dc4b2bb5121bd1e7b752e52","name":"Ringier Corporate Communications","image":{"@type":"ImageObject","inLanguage":"de-DE","@id":"https:\/\/www.ringier.com\/de\/#\/schema\/person\/image\/","url":"https:\/\/secure.gravatar.com\/avatar\/9391e20481368d5df4fe3e1e476c13b27786347489822ec1ed07e532bb41f587?s=96&d=mm&r=g","contentUrl":"https:\/\/secure.gravatar.com\/avatar\/9391e20481368d5df4fe3e1e476c13b27786347489822ec1ed07e532bb41f587?s=96&d=mm&r=g","caption":"Ringier Corporate Communications"},"sameAs":["https:\/\/www.ringier.com"]}]}},"_links":{"self":[{"href":"https:\/\/www.ringier.com\/de\/wp-json\/wp\/v2\/posts\/5851","targetHints":{"allow":["GET"]}}],"collection":[{"href":"https:\/\/www.ringier.com\/de\/wp-json\/wp\/v2\/posts"}],"about":[{"href":"https:\/\/www.ringier.com\/de\/wp-json\/wp\/v2\/types\/post"}],"author":[{"embeddable":true,"href":"https:\/\/www.ringier.com\/de\/wp-json\/wp\/v2\/users\/23"}],"replies":[{"embeddable":true,"href":"https:\/\/www.ringier.com\/de\/wp-json\/wp\/v2\/comments?post=5851"}],"version-history":[{"count":0,"href":"https:\/\/www.ringier.com\/de\/wp-json\/wp\/v2\/posts\/5851\/revisions"}],"wp:featuredmedia":[{"embeddable":true,"href":"https:\/\/www.ringier.com\/de\/wp-json\/wp\/v2\/media\/5852"}],"wp:attachment":[{"href":"https:\/\/www.ringier.com\/de\/wp-json\/wp\/v2\/media?parent=5851"}],"wp:term":[{"taxonomy":"category","embeddable":true,"href":"https:\/\/www.ringier.com\/de\/wp-json\/wp\/v2\/categories?post=5851"},{"taxonomy":"post_tag","embeddable":true,"href":"https:\/\/www.ringier.com\/de\/wp-json\/wp\/v2\/tags?post=5851"}],"curies":[{"name":"wp","href":"https:\/\/api.w.org\/{rel}","templated":true}]}}