{"id":5828,"date":"2012-02-07T16:09:00","date_gmt":"2012-02-07T15:09:00","guid":{"rendered":"https:\/\/www.ringier.com\/?p=5828"},"modified":"2024-11-29T16:21:13","modified_gmt":"2024-11-29T15:21:13","slug":"christoph-schwennicke-wird-neuer-chefredakteur-von-cicero","status":"publish","type":"post","link":"https:\/\/www.ringier.com\/de\/christoph-schwennicke-wird-neuer-chefredakteur-von-cicero\/","title":{"rendered":"Christoph Schwennicke wird neuer Chefredakteur von Cicero"},"content":{"rendered":"\n<p>Christoph Schwennicke ist in Bonn geboren, studierte Germanistik, Politikwissenschaft und Journalistik in Bamberg und absolvierte die Deutsche Journalistenschule in M\u00fcnchen. Er war beim\u00a0<em>Spiegel<\/em>\u00a0zuletzt stellvertretender B\u00fcroleiter der Hauptstadtredaktion. Vor seiner Zeit beim Nachrichtenmagazin leitete er von 2005 bis 2007 das Parlamentsb\u00fcro der\u00a0<em>S\u00fcddeutschen Zeitung<\/em>. Christoph Schwennicke wurde 1992 mit dem Theodor-Wolff-Preis ausgezeichnet, 2008 mit dem Medienpreis Politik des Deutschen Bundestages, 2009 mit dem Georg-von-Holtzbrinck-Preis f\u00fcr Wirtschaftspublizistik. Er ist verheiratet und hat ein Kind.\u00a0<\/p>\n\n\n\n<p>Seine neue Stelle \u00fcbernimmt Schwennicke voraussichtlich Mitte des Jahres. Gleichzeitig \u00fcbernimmt Alexander Marguier, 42, als neuer \u00abStellvertreter des Chefredakteurs\u00bb die publizistische Verantwortung f\u00fcr\u00a0<em>Cicero Choice<\/em>\u00a0und weitere geplante Line Extensions von\u00a0<em>Cicero<\/em>.\u00a0<\/p>\n\n\n\n<p>Christoph Schwennicke zu seiner neuen Aufgabe: \u00ab<em>Cicero<\/em>\u00a0hat es als kluges, politisches Magazin geschafft, erfolgreich zu sein. Ein journalistischer Ort, an dem die andere Meinung mehr Platz hat als die Mainstream-Meinung. Und das nicht mit Gewalt, sondern mit Verstand und Eleganz.\u00bb Rudolf Spindler, Gesch\u00e4ftsf\u00fchrer von Ringier in Berlin: \u00abWir freuen uns, mit Herrn Schwennicke einen erfahrenen und brillanten Journalisten f\u00fcr\u00a0<em>Cicero<\/em>\u00a0gewonnen zu haben, der unser Magazin weiterentwickelt und st\u00e4rkt.\u00bb\u00a0<\/p>\n\n\n\n<p>Michael Naumann, der das Magazin seit Januar 2010 erfolgreich leitet, wechselt als neuer Vorsitzender in den Publizistischen Beirat und bleibt als Autor nicht nur\u00a0<em>Cicero<\/em>, sondern auch anderen Ringier-Publikationen erhalten: \u00abIm Alter von 70 Jahren ist es an der Zeit, einem j\u00fcngeren und hoch kompetenten Kollegen die Redaktionsleitung zu \u00fcbergeben. Christoph Schwennicke trifft auf eine motivierte Mannschaft, die bewiesen hat, ein anspruchsvolles Magazin erfolgreich gestalten zu k\u00f6nnen.\u00bb\u00a0<\/p>\n\n\n\n<p>Kommunikation Ringier Schweiz und Deutschland<\/p>\n","protected":false},"excerpt":{"rendered":"<p>Der neue Chefredakteur von Cicero, dem Magazin f\u00fcr politische Kultur, heisst Christoph Schwennicke. Der 45-J\u00e4hrige ist derzeit politischer Autor des Spiegel und wird seine neue Aufgabe voraussichtlich Mitte des Jahres 2012 \u00fcbernehmen. Der bisherige Chefredakteur Michael Naumann wird neuer Vorsitzender des Publizistischen Beirates von Cicero.<\/p>\n","protected":false},"author":23,"featured_media":5763,"comment_status":"closed","ping_status":"open","sticky":false,"template":"","format":"standard","meta":{"inline_featured_image":false,"footnotes":""},"categories":[371],"tags":[],"class_list":["post-5828","post","type-post","status-publish","format-standard","has-post-thumbnail","hentry","category-media-de"],"yoast_head":"<!-- This site is optimized with the Yoast SEO Premium plugin v27.0 (Yoast SEO v27.0) - https:\/\/yoast.com\/product\/yoast-seo-premium-wordpress\/ -->\n<title>Christoph Schwennicke wird neuer Chefredakteur von Cicero - Ringier<\/title>\n<meta name=\"robots\" content=\"index, follow, max-snippet:-1, max-image-preview:large, max-video-preview:-1\" \/>\n<link rel=\"canonical\" href=\"https:\/\/www.ringier.com\/de\/christoph-schwennicke-wird-neuer-chefredakteur-von-cicero\/\" \/>\n<meta property=\"og:locale\" content=\"de_DE\" \/>\n<meta property=\"og:type\" content=\"article\" \/>\n<meta property=\"og:title\" content=\"Christoph Schwennicke wird neuer Chefredakteur von Cicero\" \/>\n<meta property=\"og:description\" content=\"Der neue Chefredakteur von Cicero, dem Magazin f\u00fcr politische Kultur, heisst Christoph Schwennicke. Der 45-J\u00e4hrige ist derzeit politischer Autor des Spiegel und wird seine neue Aufgabe voraussichtlich Mitte des Jahres 2012 \u00fcbernehmen. Der bisherige Chefredakteur Michael Naumann wird neuer Vorsitzender des Publizistischen Beirates von Cicero.\" \/>\n<meta property=\"og:url\" content=\"https:\/\/www.ringier.com\/de\/christoph-schwennicke-wird-neuer-chefredakteur-von-cicero\/\" \/>\n<meta property=\"og:site_name\" content=\"Ringier\" \/>\n<meta property=\"article:publisher\" content=\"https:\/\/www.facebook.com\/ringierag\/\" \/>\n<meta property=\"article:published_time\" content=\"2012-02-07T15:09:00+00:00\" \/>\n<meta property=\"article:modified_time\" content=\"2024-11-29T15:21:13+00:00\" \/>\n<meta property=\"og:image\" content=\"https:\/\/www.ringier.com\/wp-content\/uploads\/2013\/03\/Press-Release-Default.png\" \/>\n\t<meta property=\"og:image:width\" content=\"8001\" \/>\n\t<meta property=\"og:image:height\" content=\"4201\" \/>\n\t<meta property=\"og:image:type\" content=\"image\/png\" \/>\n<meta name=\"author\" content=\"Ringier Corporate Communications\" \/>\n<meta name=\"twitter:card\" content=\"summary_large_image\" \/>\n<meta name=\"twitter:creator\" content=\"@ringier_ag\" \/>\n<meta name=\"twitter:site\" content=\"@ringier_ag\" \/>\n<meta name=\"twitter:label1\" content=\"Verfasst von\" \/>\n\t<meta name=\"twitter:data1\" content=\"Ringier Corporate Communications\" \/>\n\t<meta name=\"twitter:label2\" content=\"Gesch\u00e4tzte Lesezeit\" \/>\n\t<meta name=\"twitter:data2\" content=\"2 Minuten\" \/>\n<script type=\"application\/ld+json\" class=\"yoast-schema-graph\">{\"@context\":\"https:\/\/schema.org\",\"@graph\":[{\"@type\":\"Article\",\"@id\":\"https:\/\/www.ringier.com\/de\/christoph-schwennicke-wird-neuer-chefredakteur-von-cicero\/#article\",\"isPartOf\":{\"@id\":\"https:\/\/www.ringier.com\/de\/christoph-schwennicke-wird-neuer-chefredakteur-von-cicero\/\"},\"author\":{\"name\":\"Ringier Corporate Communications\",\"@id\":\"https:\/\/www.ringier.com\/de\/#\/schema\/person\/4cf76a308dc4b2bb5121bd1e7b752e52\"},\"headline\":\"Christoph Schwennicke wird neuer Chefredakteur von Cicero\",\"datePublished\":\"2012-02-07T15:09:00+00:00\",\"dateModified\":\"2024-11-29T15:21:13+00:00\",\"mainEntityOfPage\":{\"@id\":\"https:\/\/www.ringier.com\/de\/christoph-schwennicke-wird-neuer-chefredakteur-von-cicero\/\"},\"wordCount\":259,\"publisher\":{\"@id\":\"https:\/\/www.ringier.com\/de\/#organization\"},\"image\":{\"@id\":\"https:\/\/www.ringier.com\/de\/christoph-schwennicke-wird-neuer-chefredakteur-von-cicero\/#primaryimage\"},\"thumbnailUrl\":\"https:\/\/www.ringier.com\/wp-content\/uploads\/2013\/03\/Press-Release-Default.png\",\"articleSection\":[\"Media\"],\"inLanguage\":\"de-DE\"},{\"@type\":\"WebPage\",\"@id\":\"https:\/\/www.ringier.com\/de\/christoph-schwennicke-wird-neuer-chefredakteur-von-cicero\/\",\"url\":\"https:\/\/www.ringier.com\/de\/christoph-schwennicke-wird-neuer-chefredakteur-von-cicero\/\",\"name\":\"Christoph Schwennicke wird neuer Chefredakteur von Cicero - Ringier\",\"isPartOf\":{\"@id\":\"https:\/\/www.ringier.com\/de\/#website\"},\"primaryImageOfPage\":{\"@id\":\"https:\/\/www.ringier.com\/de\/christoph-schwennicke-wird-neuer-chefredakteur-von-cicero\/#primaryimage\"},\"image\":{\"@id\":\"https:\/\/www.ringier.com\/de\/christoph-schwennicke-wird-neuer-chefredakteur-von-cicero\/#primaryimage\"},\"thumbnailUrl\":\"https:\/\/www.ringier.com\/wp-content\/uploads\/2013\/03\/Press-Release-Default.png\",\"datePublished\":\"2012-02-07T15:09:00+00:00\",\"dateModified\":\"2024-11-29T15:21:13+00:00\",\"breadcrumb\":{\"@id\":\"https:\/\/www.ringier.com\/de\/christoph-schwennicke-wird-neuer-chefredakteur-von-cicero\/#breadcrumb\"},\"inLanguage\":\"de-DE\",\"potentialAction\":[{\"@type\":\"ReadAction\",\"target\":[\"https:\/\/www.ringier.com\/de\/christoph-schwennicke-wird-neuer-chefredakteur-von-cicero\/\"]}]},{\"@type\":\"ImageObject\",\"inLanguage\":\"de-DE\",\"@id\":\"https:\/\/www.ringier.com\/de\/christoph-schwennicke-wird-neuer-chefredakteur-von-cicero\/#primaryimage\",\"url\":\"https:\/\/www.ringier.com\/wp-content\/uploads\/2013\/03\/Press-Release-Default.png\",\"contentUrl\":\"https:\/\/www.ringier.com\/wp-content\/uploads\/2013\/03\/Press-Release-Default.png\",\"width\":8001,\"height\":4201},{\"@type\":\"BreadcrumbList\",\"@id\":\"https:\/\/www.ringier.com\/de\/christoph-schwennicke-wird-neuer-chefredakteur-von-cicero\/#breadcrumb\",\"itemListElement\":[{\"@type\":\"ListItem\",\"position\":1,\"name\":\"Home\",\"item\":\"https:\/\/www.ringier.com\/de\/\"},{\"@type\":\"ListItem\",\"position\":2,\"name\":\"Christoph Schwennicke wird neuer Chefredakteur von Cicero\"}]},{\"@type\":\"WebSite\",\"@id\":\"https:\/\/www.ringier.com\/de\/#website\",\"url\":\"https:\/\/www.ringier.com\/de\/\",\"name\":\"Ringier\",\"description\":\"We inform. We entertain. We connect\",\"publisher\":{\"@id\":\"https:\/\/www.ringier.com\/de\/#organization\"},\"potentialAction\":[{\"@type\":\"SearchAction\",\"target\":{\"@type\":\"EntryPoint\",\"urlTemplate\":\"https:\/\/www.ringier.com\/de\/?s={search_term_string}\"},\"query-input\":{\"@type\":\"PropertyValueSpecification\",\"valueRequired\":true,\"valueName\":\"search_term_string\"}}],\"inLanguage\":\"de-DE\"},{\"@type\":\"Organization\",\"@id\":\"https:\/\/www.ringier.com\/de\/#organization\",\"name\":\"Ringier\",\"url\":\"https:\/\/www.ringier.com\/de\/\",\"logo\":{\"@type\":\"ImageObject\",\"inLanguage\":\"de-DE\",\"@id\":\"https:\/\/www.ringier.com\/de\/#\/schema\/logo\/image\/\",\"url\":\"https:\/\/www.ringier.com\/wp-content\/uploads\/2021\/10\/ringier_logo_2.jpg\",\"contentUrl\":\"https:\/\/www.ringier.com\/wp-content\/uploads\/2021\/10\/ringier_logo_2.jpg\",\"width\":750,\"height\":550,\"caption\":\"Ringier\"},\"image\":{\"@id\":\"https:\/\/www.ringier.com\/de\/#\/schema\/logo\/image\/\"},\"sameAs\":[\"https:\/\/www.facebook.com\/ringierag\/\",\"https:\/\/x.com\/ringier_ag\",\"https:\/\/www.instagram.com\/ringier_ag\/\",\"https:\/\/www.linkedin.com\/company\/ringier\/\",\"https:\/\/www.youtube.com\/user\/RingierComm\",\"https:\/\/en.wikipedia.org\/wiki\/Ringier\",\"https:\/\/de.wikipedia.org\/wiki\/Ringier\",\"https:\/\/fr.wikipedia.org\/wiki\/Ringier\",\"https:\/\/www.crunchbase.com\/organization\/ringier-ag\"]},{\"@type\":\"Person\",\"@id\":\"https:\/\/www.ringier.com\/de\/#\/schema\/person\/4cf76a308dc4b2bb5121bd1e7b752e52\",\"name\":\"Ringier Corporate Communications\",\"image\":{\"@type\":\"ImageObject\",\"inLanguage\":\"de-DE\",\"@id\":\"https:\/\/www.ringier.com\/de\/#\/schema\/person\/image\/\",\"url\":\"https:\/\/secure.gravatar.com\/avatar\/9391e20481368d5df4fe3e1e476c13b27786347489822ec1ed07e532bb41f587?s=96&d=mm&r=g\",\"contentUrl\":\"https:\/\/secure.gravatar.com\/avatar\/9391e20481368d5df4fe3e1e476c13b27786347489822ec1ed07e532bb41f587?s=96&d=mm&r=g\",\"caption\":\"Ringier Corporate Communications\"},\"sameAs\":[\"https:\/\/www.ringier.com\"]}]}<\/script>\n<!-- \/ Yoast SEO Premium plugin. -->","yoast_head_json":{"title":"Christoph Schwennicke wird neuer Chefredakteur von Cicero - Ringier","robots":{"index":"index","follow":"follow","max-snippet":"max-snippet:-1","max-image-preview":"max-image-preview:large","max-video-preview":"max-video-preview:-1"},"canonical":"https:\/\/www.ringier.com\/de\/christoph-schwennicke-wird-neuer-chefredakteur-von-cicero\/","og_locale":"de_DE","og_type":"article","og_title":"Christoph Schwennicke wird neuer Chefredakteur von Cicero","og_description":"Der neue Chefredakteur von Cicero, dem Magazin f\u00fcr politische Kultur, heisst Christoph Schwennicke. Der 45-J\u00e4hrige ist derzeit politischer Autor des Spiegel und wird seine neue Aufgabe voraussichtlich Mitte des Jahres 2012 \u00fcbernehmen. Der bisherige Chefredakteur Michael Naumann wird neuer Vorsitzender des Publizistischen Beirates von Cicero.","og_url":"https:\/\/www.ringier.com\/de\/christoph-schwennicke-wird-neuer-chefredakteur-von-cicero\/","og_site_name":"Ringier","article_publisher":"https:\/\/www.facebook.com\/ringierag\/","article_published_time":"2012-02-07T15:09:00+00:00","article_modified_time":"2024-11-29T15:21:13+00:00","og_image":[{"width":8001,"height":4201,"url":"https:\/\/www.ringier.com\/wp-content\/uploads\/2013\/03\/Press-Release-Default.png","type":"image\/png"}],"author":"Ringier Corporate Communications","twitter_card":"summary_large_image","twitter_creator":"@ringier_ag","twitter_site":"@ringier_ag","twitter_misc":{"Verfasst von":"Ringier Corporate Communications","Gesch\u00e4tzte Lesezeit":"2 Minuten"},"schema":{"@context":"https:\/\/schema.org","@graph":[{"@type":"Article","@id":"https:\/\/www.ringier.com\/de\/christoph-schwennicke-wird-neuer-chefredakteur-von-cicero\/#article","isPartOf":{"@id":"https:\/\/www.ringier.com\/de\/christoph-schwennicke-wird-neuer-chefredakteur-von-cicero\/"},"author":{"name":"Ringier Corporate Communications","@id":"https:\/\/www.ringier.com\/de\/#\/schema\/person\/4cf76a308dc4b2bb5121bd1e7b752e52"},"headline":"Christoph Schwennicke wird neuer Chefredakteur von Cicero","datePublished":"2012-02-07T15:09:00+00:00","dateModified":"2024-11-29T15:21:13+00:00","mainEntityOfPage":{"@id":"https:\/\/www.ringier.com\/de\/christoph-schwennicke-wird-neuer-chefredakteur-von-cicero\/"},"wordCount":259,"publisher":{"@id":"https:\/\/www.ringier.com\/de\/#organization"},"image":{"@id":"https:\/\/www.ringier.com\/de\/christoph-schwennicke-wird-neuer-chefredakteur-von-cicero\/#primaryimage"},"thumbnailUrl":"https:\/\/www.ringier.com\/wp-content\/uploads\/2013\/03\/Press-Release-Default.png","articleSection":["Media"],"inLanguage":"de-DE"},{"@type":"WebPage","@id":"https:\/\/www.ringier.com\/de\/christoph-schwennicke-wird-neuer-chefredakteur-von-cicero\/","url":"https:\/\/www.ringier.com\/de\/christoph-schwennicke-wird-neuer-chefredakteur-von-cicero\/","name":"Christoph Schwennicke wird neuer Chefredakteur von Cicero - Ringier","isPartOf":{"@id":"https:\/\/www.ringier.com\/de\/#website"},"primaryImageOfPage":{"@id":"https:\/\/www.ringier.com\/de\/christoph-schwennicke-wird-neuer-chefredakteur-von-cicero\/#primaryimage"},"image":{"@id":"https:\/\/www.ringier.com\/de\/christoph-schwennicke-wird-neuer-chefredakteur-von-cicero\/#primaryimage"},"thumbnailUrl":"https:\/\/www.ringier.com\/wp-content\/uploads\/2013\/03\/Press-Release-Default.png","datePublished":"2012-02-07T15:09:00+00:00","dateModified":"2024-11-29T15:21:13+00:00","breadcrumb":{"@id":"https:\/\/www.ringier.com\/de\/christoph-schwennicke-wird-neuer-chefredakteur-von-cicero\/#breadcrumb"},"inLanguage":"de-DE","potentialAction":[{"@type":"ReadAction","target":["https:\/\/www.ringier.com\/de\/christoph-schwennicke-wird-neuer-chefredakteur-von-cicero\/"]}]},{"@type":"ImageObject","inLanguage":"de-DE","@id":"https:\/\/www.ringier.com\/de\/christoph-schwennicke-wird-neuer-chefredakteur-von-cicero\/#primaryimage","url":"https:\/\/www.ringier.com\/wp-content\/uploads\/2013\/03\/Press-Release-Default.png","contentUrl":"https:\/\/www.ringier.com\/wp-content\/uploads\/2013\/03\/Press-Release-Default.png","width":8001,"height":4201},{"@type":"BreadcrumbList","@id":"https:\/\/www.ringier.com\/de\/christoph-schwennicke-wird-neuer-chefredakteur-von-cicero\/#breadcrumb","itemListElement":[{"@type":"ListItem","position":1,"name":"Home","item":"https:\/\/www.ringier.com\/de\/"},{"@type":"ListItem","position":2,"name":"Christoph Schwennicke wird neuer Chefredakteur von Cicero"}]},{"@type":"WebSite","@id":"https:\/\/www.ringier.com\/de\/#website","url":"https:\/\/www.ringier.com\/de\/","name":"Ringier","description":"We inform. We entertain. We connect","publisher":{"@id":"https:\/\/www.ringier.com\/de\/#organization"},"potentialAction":[{"@type":"SearchAction","target":{"@type":"EntryPoint","urlTemplate":"https:\/\/www.ringier.com\/de\/?s={search_term_string}"},"query-input":{"@type":"PropertyValueSpecification","valueRequired":true,"valueName":"search_term_string"}}],"inLanguage":"de-DE"},{"@type":"Organization","@id":"https:\/\/www.ringier.com\/de\/#organization","name":"Ringier","url":"https:\/\/www.ringier.com\/de\/","logo":{"@type":"ImageObject","inLanguage":"de-DE","@id":"https:\/\/www.ringier.com\/de\/#\/schema\/logo\/image\/","url":"https:\/\/www.ringier.com\/wp-content\/uploads\/2021\/10\/ringier_logo_2.jpg","contentUrl":"https:\/\/www.ringier.com\/wp-content\/uploads\/2021\/10\/ringier_logo_2.jpg","width":750,"height":550,"caption":"Ringier"},"image":{"@id":"https:\/\/www.ringier.com\/de\/#\/schema\/logo\/image\/"},"sameAs":["https:\/\/www.facebook.com\/ringierag\/","https:\/\/x.com\/ringier_ag","https:\/\/www.instagram.com\/ringier_ag\/","https:\/\/www.linkedin.com\/company\/ringier\/","https:\/\/www.youtube.com\/user\/RingierComm","https:\/\/en.wikipedia.org\/wiki\/Ringier","https:\/\/de.wikipedia.org\/wiki\/Ringier","https:\/\/fr.wikipedia.org\/wiki\/Ringier","https:\/\/www.crunchbase.com\/organization\/ringier-ag"]},{"@type":"Person","@id":"https:\/\/www.ringier.com\/de\/#\/schema\/person\/4cf76a308dc4b2bb5121bd1e7b752e52","name":"Ringier Corporate Communications","image":{"@type":"ImageObject","inLanguage":"de-DE","@id":"https:\/\/www.ringier.com\/de\/#\/schema\/person\/image\/","url":"https:\/\/secure.gravatar.com\/avatar\/9391e20481368d5df4fe3e1e476c13b27786347489822ec1ed07e532bb41f587?s=96&d=mm&r=g","contentUrl":"https:\/\/secure.gravatar.com\/avatar\/9391e20481368d5df4fe3e1e476c13b27786347489822ec1ed07e532bb41f587?s=96&d=mm&r=g","caption":"Ringier Corporate Communications"},"sameAs":["https:\/\/www.ringier.com"]}]}},"_links":{"self":[{"href":"https:\/\/www.ringier.com\/de\/wp-json\/wp\/v2\/posts\/5828","targetHints":{"allow":["GET"]}}],"collection":[{"href":"https:\/\/www.ringier.com\/de\/wp-json\/wp\/v2\/posts"}],"about":[{"href":"https:\/\/www.ringier.com\/de\/wp-json\/wp\/v2\/types\/post"}],"author":[{"embeddable":true,"href":"https:\/\/www.ringier.com\/de\/wp-json\/wp\/v2\/users\/23"}],"replies":[{"embeddable":true,"href":"https:\/\/www.ringier.com\/de\/wp-json\/wp\/v2\/comments?post=5828"}],"version-history":[{"count":0,"href":"https:\/\/www.ringier.com\/de\/wp-json\/wp\/v2\/posts\/5828\/revisions"}],"wp:featuredmedia":[{"embeddable":true,"href":"https:\/\/www.ringier.com\/de\/wp-json\/wp\/v2\/media\/5763"}],"wp:attachment":[{"href":"https:\/\/www.ringier.com\/de\/wp-json\/wp\/v2\/media?parent=5828"}],"wp:term":[{"taxonomy":"category","embeddable":true,"href":"https:\/\/www.ringier.com\/de\/wp-json\/wp\/v2\/categories?post=5828"},{"taxonomy":"post_tag","embeddable":true,"href":"https:\/\/www.ringier.com\/de\/wp-json\/wp\/v2\/tags?post=5828"}],"curies":[{"name":"wp","href":"https:\/\/api.w.org\/{rel}","templated":true}]}}