{"id":5819,"date":"2012-02-29T15:57:00","date_gmt":"2012-02-29T14:57:00","guid":{"rendered":"https:\/\/www.ringier.com\/?p=5819"},"modified":"2024-11-29T16:20:57","modified_gmt":"2024-11-29T15:20:57","slug":"das-erfolgsformat-the-voice-la-plus-belle-voix-begeistert-das-westschweizer-tv-publikum","status":"publish","type":"post","link":"https:\/\/www.ringier.com\/de\/das-erfolgsformat-the-voice-la-plus-belle-voix-begeistert-das-westschweizer-tv-publikum\/","title":{"rendered":"Das Erfolgsformat \u00abThe Voice \u2013 La Plus Belle Voix\u00bb begeistert das Westschweizer TV-Publikum"},"content":{"rendered":"\n<p>\u00abThe Voice \u2013 La Plus Belle Voix\u00bb ist in der Westschweiz das erste Format dieser Art. Der Erfolg spiegelt sich in den Einschaltquoten wider mit einem Marktanteil von \u00fcber 33.5% bei den Frauen von 15-49 Jahre*. \u00dcber 234&#8217;100 Westschweizer haben die Show mitverfolgt*. Damit ist \u00abThe Voice \u2013 La Plus Belle Voix\u00bb noch erfolgreicher als das Pendant aus Deutschland \u00abThe Voice of Germany\u00bb.<\/p>\n\n\n\n<p>Das bew\u00e4hrte Konzept der Shine Produktionsgruppe wurde in Frankreich zum ersten Mal umgesetzt.<\/p>\n\n\n\n<p>In \u00abThe Voice \u2013 La Plus Belle Voix\u00bb z\u00e4hlt allein die Stimme. So beurteilt die Jury in der ersten Phase nur die Stimme und das Gesangstalent der Kandidaten. Erst in der zweiten Phase \u2013 den sogenannten Battle Rounds &#8211; werden Teams gebildet, die jeweils von einem der Jury-Mitglieder gef\u00fchrt werden.<\/p>\n\n\n\n<p>Die illustre Jury \u2013 von TF1 ausgesucht \u2013 ist ein Teil des Erfolges. Die Jury ist besetzt mit Louis Bertignac, Mitbegr\u00fcnder der franz\u00f6sischen Kultband T\u00e9l\u00e9phone und musikalischer Gef\u00e4hrte von Carla Bruni, Florent Pagny, ein Urgestein der frankophonen Musikszene, Jenifer, ein junges Popsternchen, und dem bekannten, kanadischen S\u00e4nger Garou, der zusammen mit C\u00e9line Dion den grossen Schweizer Hit \u00abSous Le Vent\u00bb sang.<\/p>\n\n\n\n<p>Dank der Einf\u00fchrung des Schweizers Werbefensters bei TF1 CH k\u00f6nnen die Umfelder auch von Schweizer Kunden gebucht werden. Das Werbefenster wird seit September 2011 von Ringier Romandie vermarktet. Ringier Romandie hat daf\u00fcr eigens in Z\u00fcrich ein Team zusammengestellt.<\/p>\n\n\n\n<p>Ringier Corporate Communications<\/p>\n","protected":false},"excerpt":{"rendered":"<p>Am 25. Februar wurde das bekannte Format zum ersten Mal auf TF1 und TF1 CH ausgestrahlt und bot damit dem TV-Publikum aus Frankreich und der Westschweiz eine grossartige Show. TF1 plant vorerst zehn Ausstrahlungen der Sendung.<\/p>\n","protected":false},"author":23,"featured_media":5823,"comment_status":"closed","ping_status":"open","sticky":false,"template":"","format":"standard","meta":{"inline_featured_image":false,"footnotes":""},"categories":[371],"tags":[],"class_list":["post-5819","post","type-post","status-publish","format-standard","has-post-thumbnail","hentry","category-media-de"],"yoast_head":"<!-- This site is optimized with the Yoast SEO Premium plugin v27.0 (Yoast SEO v27.0) - https:\/\/yoast.com\/product\/yoast-seo-premium-wordpress\/ -->\n<title>Das Erfolgsformat \u00abThe Voice \u2013 La Plus Belle Voix\u00bb begeistert das Westschweizer TV-Publikum - Ringier<\/title>\n<meta name=\"robots\" content=\"index, follow, max-snippet:-1, max-image-preview:large, max-video-preview:-1\" \/>\n<link rel=\"canonical\" href=\"https:\/\/www.ringier.com\/de\/das-erfolgsformat-the-voice-la-plus-belle-voix-begeistert-das-westschweizer-tv-publikum\/\" \/>\n<meta property=\"og:locale\" content=\"de_DE\" \/>\n<meta property=\"og:type\" content=\"article\" \/>\n<meta property=\"og:title\" content=\"Das Erfolgsformat \u00abThe Voice \u2013 La Plus Belle Voix\u00bb begeistert das Westschweizer TV-Publikum\" \/>\n<meta property=\"og:description\" content=\"Am 25. Februar wurde das bekannte Format zum ersten Mal auf TF1 und TF1 CH ausgestrahlt und bot damit dem TV-Publikum aus Frankreich und der Westschweiz eine grossartige Show. TF1 plant vorerst zehn Ausstrahlungen der Sendung.\" \/>\n<meta property=\"og:url\" content=\"https:\/\/www.ringier.com\/de\/das-erfolgsformat-the-voice-la-plus-belle-voix-begeistert-das-westschweizer-tv-publikum\/\" \/>\n<meta property=\"og:site_name\" content=\"Ringier\" \/>\n<meta property=\"article:publisher\" content=\"https:\/\/www.facebook.com\/ringierag\/\" \/>\n<meta property=\"article:published_time\" content=\"2012-02-29T14:57:00+00:00\" \/>\n<meta property=\"article:modified_time\" content=\"2024-11-29T15:20:57+00:00\" \/>\n<meta property=\"og:image\" content=\"https:\/\/www.ringier.com\/wp-content\/uploads\/2021\/09\/tabelle_thevoice-Feb-2012.jpg\" \/>\n\t<meta property=\"og:image:width\" content=\"906\" \/>\n\t<meta property=\"og:image:height\" content=\"622\" \/>\n\t<meta property=\"og:image:type\" content=\"image\/jpeg\" \/>\n<meta name=\"author\" content=\"Ringier Corporate Communications\" \/>\n<meta name=\"twitter:card\" content=\"summary_large_image\" \/>\n<meta name=\"twitter:creator\" content=\"@ringier_ag\" \/>\n<meta name=\"twitter:site\" content=\"@ringier_ag\" \/>\n<meta name=\"twitter:label1\" content=\"Verfasst von\" \/>\n\t<meta name=\"twitter:data1\" content=\"Ringier Corporate Communications\" \/>\n\t<meta name=\"twitter:label2\" content=\"Gesch\u00e4tzte Lesezeit\" \/>\n\t<meta name=\"twitter:data2\" content=\"2 Minuten\" \/>\n<script type=\"application\/ld+json\" class=\"yoast-schema-graph\">{\"@context\":\"https:\/\/schema.org\",\"@graph\":[{\"@type\":\"Article\",\"@id\":\"https:\/\/www.ringier.com\/de\/das-erfolgsformat-the-voice-la-plus-belle-voix-begeistert-das-westschweizer-tv-publikum\/#article\",\"isPartOf\":{\"@id\":\"https:\/\/www.ringier.com\/de\/das-erfolgsformat-the-voice-la-plus-belle-voix-begeistert-das-westschweizer-tv-publikum\/\"},\"author\":{\"name\":\"Ringier Corporate Communications\",\"@id\":\"https:\/\/www.ringier.com\/de\/#\/schema\/person\/4cf76a308dc4b2bb5121bd1e7b752e52\"},\"headline\":\"Das Erfolgsformat \u00abThe Voice \u2013 La Plus Belle Voix\u00bb begeistert das Westschweizer TV-Publikum\",\"datePublished\":\"2012-02-29T14:57:00+00:00\",\"dateModified\":\"2024-11-29T15:20:57+00:00\",\"mainEntityOfPage\":{\"@id\":\"https:\/\/www.ringier.com\/de\/das-erfolgsformat-the-voice-la-plus-belle-voix-begeistert-das-westschweizer-tv-publikum\/\"},\"wordCount\":245,\"publisher\":{\"@id\":\"https:\/\/www.ringier.com\/de\/#organization\"},\"image\":{\"@id\":\"https:\/\/www.ringier.com\/de\/das-erfolgsformat-the-voice-la-plus-belle-voix-begeistert-das-westschweizer-tv-publikum\/#primaryimage\"},\"thumbnailUrl\":\"https:\/\/www.ringier.com\/wp-content\/uploads\/2021\/09\/tabelle_thevoice-Feb-2012.jpg\",\"articleSection\":[\"Media\"],\"inLanguage\":\"de-DE\"},{\"@type\":\"WebPage\",\"@id\":\"https:\/\/www.ringier.com\/de\/das-erfolgsformat-the-voice-la-plus-belle-voix-begeistert-das-westschweizer-tv-publikum\/\",\"url\":\"https:\/\/www.ringier.com\/de\/das-erfolgsformat-the-voice-la-plus-belle-voix-begeistert-das-westschweizer-tv-publikum\/\",\"name\":\"Das Erfolgsformat \u00abThe Voice \u2013 La Plus Belle Voix\u00bb begeistert das Westschweizer TV-Publikum - Ringier\",\"isPartOf\":{\"@id\":\"https:\/\/www.ringier.com\/de\/#website\"},\"primaryImageOfPage\":{\"@id\":\"https:\/\/www.ringier.com\/de\/das-erfolgsformat-the-voice-la-plus-belle-voix-begeistert-das-westschweizer-tv-publikum\/#primaryimage\"},\"image\":{\"@id\":\"https:\/\/www.ringier.com\/de\/das-erfolgsformat-the-voice-la-plus-belle-voix-begeistert-das-westschweizer-tv-publikum\/#primaryimage\"},\"thumbnailUrl\":\"https:\/\/www.ringier.com\/wp-content\/uploads\/2021\/09\/tabelle_thevoice-Feb-2012.jpg\",\"datePublished\":\"2012-02-29T14:57:00+00:00\",\"dateModified\":\"2024-11-29T15:20:57+00:00\",\"breadcrumb\":{\"@id\":\"https:\/\/www.ringier.com\/de\/das-erfolgsformat-the-voice-la-plus-belle-voix-begeistert-das-westschweizer-tv-publikum\/#breadcrumb\"},\"inLanguage\":\"de-DE\",\"potentialAction\":[{\"@type\":\"ReadAction\",\"target\":[\"https:\/\/www.ringier.com\/de\/das-erfolgsformat-the-voice-la-plus-belle-voix-begeistert-das-westschweizer-tv-publikum\/\"]}]},{\"@type\":\"ImageObject\",\"inLanguage\":\"de-DE\",\"@id\":\"https:\/\/www.ringier.com\/de\/das-erfolgsformat-the-voice-la-plus-belle-voix-begeistert-das-westschweizer-tv-publikum\/#primaryimage\",\"url\":\"https:\/\/www.ringier.com\/wp-content\/uploads\/2021\/09\/tabelle_thevoice-Feb-2012.jpg\",\"contentUrl\":\"https:\/\/www.ringier.com\/wp-content\/uploads\/2021\/09\/tabelle_thevoice-Feb-2012.jpg\",\"width\":906,\"height\":622},{\"@type\":\"BreadcrumbList\",\"@id\":\"https:\/\/www.ringier.com\/de\/das-erfolgsformat-the-voice-la-plus-belle-voix-begeistert-das-westschweizer-tv-publikum\/#breadcrumb\",\"itemListElement\":[{\"@type\":\"ListItem\",\"position\":1,\"name\":\"Home\",\"item\":\"https:\/\/www.ringier.com\/de\/\"},{\"@type\":\"ListItem\",\"position\":2,\"name\":\"Das Erfolgsformat \u00abThe Voice \u2013 La Plus Belle Voix\u00bb begeistert das Westschweizer TV-Publikum\"}]},{\"@type\":\"WebSite\",\"@id\":\"https:\/\/www.ringier.com\/de\/#website\",\"url\":\"https:\/\/www.ringier.com\/de\/\",\"name\":\"Ringier\",\"description\":\"We inform. We entertain. We connect\",\"publisher\":{\"@id\":\"https:\/\/www.ringier.com\/de\/#organization\"},\"potentialAction\":[{\"@type\":\"SearchAction\",\"target\":{\"@type\":\"EntryPoint\",\"urlTemplate\":\"https:\/\/www.ringier.com\/de\/?s={search_term_string}\"},\"query-input\":{\"@type\":\"PropertyValueSpecification\",\"valueRequired\":true,\"valueName\":\"search_term_string\"}}],\"inLanguage\":\"de-DE\"},{\"@type\":\"Organization\",\"@id\":\"https:\/\/www.ringier.com\/de\/#organization\",\"name\":\"Ringier\",\"url\":\"https:\/\/www.ringier.com\/de\/\",\"logo\":{\"@type\":\"ImageObject\",\"inLanguage\":\"de-DE\",\"@id\":\"https:\/\/www.ringier.com\/de\/#\/schema\/logo\/image\/\",\"url\":\"https:\/\/www.ringier.com\/wp-content\/uploads\/2021\/10\/ringier_logo_2.jpg\",\"contentUrl\":\"https:\/\/www.ringier.com\/wp-content\/uploads\/2021\/10\/ringier_logo_2.jpg\",\"width\":750,\"height\":550,\"caption\":\"Ringier\"},\"image\":{\"@id\":\"https:\/\/www.ringier.com\/de\/#\/schema\/logo\/image\/\"},\"sameAs\":[\"https:\/\/www.facebook.com\/ringierag\/\",\"https:\/\/x.com\/ringier_ag\",\"https:\/\/www.instagram.com\/ringier_ag\/\",\"https:\/\/www.linkedin.com\/company\/ringier\/\",\"https:\/\/www.youtube.com\/user\/RingierComm\",\"https:\/\/en.wikipedia.org\/wiki\/Ringier\",\"https:\/\/de.wikipedia.org\/wiki\/Ringier\",\"https:\/\/fr.wikipedia.org\/wiki\/Ringier\",\"https:\/\/www.crunchbase.com\/organization\/ringier-ag\"]},{\"@type\":\"Person\",\"@id\":\"https:\/\/www.ringier.com\/de\/#\/schema\/person\/4cf76a308dc4b2bb5121bd1e7b752e52\",\"name\":\"Ringier Corporate Communications\",\"image\":{\"@type\":\"ImageObject\",\"inLanguage\":\"de-DE\",\"@id\":\"https:\/\/www.ringier.com\/de\/#\/schema\/person\/image\/\",\"url\":\"https:\/\/secure.gravatar.com\/avatar\/9391e20481368d5df4fe3e1e476c13b27786347489822ec1ed07e532bb41f587?s=96&d=mm&r=g\",\"contentUrl\":\"https:\/\/secure.gravatar.com\/avatar\/9391e20481368d5df4fe3e1e476c13b27786347489822ec1ed07e532bb41f587?s=96&d=mm&r=g\",\"caption\":\"Ringier Corporate Communications\"},\"sameAs\":[\"https:\/\/www.ringier.com\"]}]}<\/script>\n<!-- \/ Yoast SEO Premium plugin. -->","yoast_head_json":{"title":"Das Erfolgsformat \u00abThe Voice \u2013 La Plus Belle Voix\u00bb begeistert das Westschweizer TV-Publikum - Ringier","robots":{"index":"index","follow":"follow","max-snippet":"max-snippet:-1","max-image-preview":"max-image-preview:large","max-video-preview":"max-video-preview:-1"},"canonical":"https:\/\/www.ringier.com\/de\/das-erfolgsformat-the-voice-la-plus-belle-voix-begeistert-das-westschweizer-tv-publikum\/","og_locale":"de_DE","og_type":"article","og_title":"Das Erfolgsformat \u00abThe Voice \u2013 La Plus Belle Voix\u00bb begeistert das Westschweizer TV-Publikum","og_description":"Am 25. Februar wurde das bekannte Format zum ersten Mal auf TF1 und TF1 CH ausgestrahlt und bot damit dem TV-Publikum aus Frankreich und der Westschweiz eine grossartige Show. TF1 plant vorerst zehn Ausstrahlungen der Sendung.","og_url":"https:\/\/www.ringier.com\/de\/das-erfolgsformat-the-voice-la-plus-belle-voix-begeistert-das-westschweizer-tv-publikum\/","og_site_name":"Ringier","article_publisher":"https:\/\/www.facebook.com\/ringierag\/","article_published_time":"2012-02-29T14:57:00+00:00","article_modified_time":"2024-11-29T15:20:57+00:00","og_image":[{"width":906,"height":622,"url":"https:\/\/www.ringier.com\/wp-content\/uploads\/2021\/09\/tabelle_thevoice-Feb-2012.jpg","type":"image\/jpeg"}],"author":"Ringier Corporate Communications","twitter_card":"summary_large_image","twitter_creator":"@ringier_ag","twitter_site":"@ringier_ag","twitter_misc":{"Verfasst von":"Ringier Corporate Communications","Gesch\u00e4tzte Lesezeit":"2 Minuten"},"schema":{"@context":"https:\/\/schema.org","@graph":[{"@type":"Article","@id":"https:\/\/www.ringier.com\/de\/das-erfolgsformat-the-voice-la-plus-belle-voix-begeistert-das-westschweizer-tv-publikum\/#article","isPartOf":{"@id":"https:\/\/www.ringier.com\/de\/das-erfolgsformat-the-voice-la-plus-belle-voix-begeistert-das-westschweizer-tv-publikum\/"},"author":{"name":"Ringier Corporate Communications","@id":"https:\/\/www.ringier.com\/de\/#\/schema\/person\/4cf76a308dc4b2bb5121bd1e7b752e52"},"headline":"Das Erfolgsformat \u00abThe Voice \u2013 La Plus Belle Voix\u00bb begeistert das Westschweizer TV-Publikum","datePublished":"2012-02-29T14:57:00+00:00","dateModified":"2024-11-29T15:20:57+00:00","mainEntityOfPage":{"@id":"https:\/\/www.ringier.com\/de\/das-erfolgsformat-the-voice-la-plus-belle-voix-begeistert-das-westschweizer-tv-publikum\/"},"wordCount":245,"publisher":{"@id":"https:\/\/www.ringier.com\/de\/#organization"},"image":{"@id":"https:\/\/www.ringier.com\/de\/das-erfolgsformat-the-voice-la-plus-belle-voix-begeistert-das-westschweizer-tv-publikum\/#primaryimage"},"thumbnailUrl":"https:\/\/www.ringier.com\/wp-content\/uploads\/2021\/09\/tabelle_thevoice-Feb-2012.jpg","articleSection":["Media"],"inLanguage":"de-DE"},{"@type":"WebPage","@id":"https:\/\/www.ringier.com\/de\/das-erfolgsformat-the-voice-la-plus-belle-voix-begeistert-das-westschweizer-tv-publikum\/","url":"https:\/\/www.ringier.com\/de\/das-erfolgsformat-the-voice-la-plus-belle-voix-begeistert-das-westschweizer-tv-publikum\/","name":"Das Erfolgsformat \u00abThe Voice \u2013 La Plus Belle Voix\u00bb begeistert das Westschweizer TV-Publikum - Ringier","isPartOf":{"@id":"https:\/\/www.ringier.com\/de\/#website"},"primaryImageOfPage":{"@id":"https:\/\/www.ringier.com\/de\/das-erfolgsformat-the-voice-la-plus-belle-voix-begeistert-das-westschweizer-tv-publikum\/#primaryimage"},"image":{"@id":"https:\/\/www.ringier.com\/de\/das-erfolgsformat-the-voice-la-plus-belle-voix-begeistert-das-westschweizer-tv-publikum\/#primaryimage"},"thumbnailUrl":"https:\/\/www.ringier.com\/wp-content\/uploads\/2021\/09\/tabelle_thevoice-Feb-2012.jpg","datePublished":"2012-02-29T14:57:00+00:00","dateModified":"2024-11-29T15:20:57+00:00","breadcrumb":{"@id":"https:\/\/www.ringier.com\/de\/das-erfolgsformat-the-voice-la-plus-belle-voix-begeistert-das-westschweizer-tv-publikum\/#breadcrumb"},"inLanguage":"de-DE","potentialAction":[{"@type":"ReadAction","target":["https:\/\/www.ringier.com\/de\/das-erfolgsformat-the-voice-la-plus-belle-voix-begeistert-das-westschweizer-tv-publikum\/"]}]},{"@type":"ImageObject","inLanguage":"de-DE","@id":"https:\/\/www.ringier.com\/de\/das-erfolgsformat-the-voice-la-plus-belle-voix-begeistert-das-westschweizer-tv-publikum\/#primaryimage","url":"https:\/\/www.ringier.com\/wp-content\/uploads\/2021\/09\/tabelle_thevoice-Feb-2012.jpg","contentUrl":"https:\/\/www.ringier.com\/wp-content\/uploads\/2021\/09\/tabelle_thevoice-Feb-2012.jpg","width":906,"height":622},{"@type":"BreadcrumbList","@id":"https:\/\/www.ringier.com\/de\/das-erfolgsformat-the-voice-la-plus-belle-voix-begeistert-das-westschweizer-tv-publikum\/#breadcrumb","itemListElement":[{"@type":"ListItem","position":1,"name":"Home","item":"https:\/\/www.ringier.com\/de\/"},{"@type":"ListItem","position":2,"name":"Das Erfolgsformat \u00abThe Voice \u2013 La Plus Belle Voix\u00bb begeistert das Westschweizer TV-Publikum"}]},{"@type":"WebSite","@id":"https:\/\/www.ringier.com\/de\/#website","url":"https:\/\/www.ringier.com\/de\/","name":"Ringier","description":"We inform. We entertain. We connect","publisher":{"@id":"https:\/\/www.ringier.com\/de\/#organization"},"potentialAction":[{"@type":"SearchAction","target":{"@type":"EntryPoint","urlTemplate":"https:\/\/www.ringier.com\/de\/?s={search_term_string}"},"query-input":{"@type":"PropertyValueSpecification","valueRequired":true,"valueName":"search_term_string"}}],"inLanguage":"de-DE"},{"@type":"Organization","@id":"https:\/\/www.ringier.com\/de\/#organization","name":"Ringier","url":"https:\/\/www.ringier.com\/de\/","logo":{"@type":"ImageObject","inLanguage":"de-DE","@id":"https:\/\/www.ringier.com\/de\/#\/schema\/logo\/image\/","url":"https:\/\/www.ringier.com\/wp-content\/uploads\/2021\/10\/ringier_logo_2.jpg","contentUrl":"https:\/\/www.ringier.com\/wp-content\/uploads\/2021\/10\/ringier_logo_2.jpg","width":750,"height":550,"caption":"Ringier"},"image":{"@id":"https:\/\/www.ringier.com\/de\/#\/schema\/logo\/image\/"},"sameAs":["https:\/\/www.facebook.com\/ringierag\/","https:\/\/x.com\/ringier_ag","https:\/\/www.instagram.com\/ringier_ag\/","https:\/\/www.linkedin.com\/company\/ringier\/","https:\/\/www.youtube.com\/user\/RingierComm","https:\/\/en.wikipedia.org\/wiki\/Ringier","https:\/\/de.wikipedia.org\/wiki\/Ringier","https:\/\/fr.wikipedia.org\/wiki\/Ringier","https:\/\/www.crunchbase.com\/organization\/ringier-ag"]},{"@type":"Person","@id":"https:\/\/www.ringier.com\/de\/#\/schema\/person\/4cf76a308dc4b2bb5121bd1e7b752e52","name":"Ringier Corporate Communications","image":{"@type":"ImageObject","inLanguage":"de-DE","@id":"https:\/\/www.ringier.com\/de\/#\/schema\/person\/image\/","url":"https:\/\/secure.gravatar.com\/avatar\/9391e20481368d5df4fe3e1e476c13b27786347489822ec1ed07e532bb41f587?s=96&d=mm&r=g","contentUrl":"https:\/\/secure.gravatar.com\/avatar\/9391e20481368d5df4fe3e1e476c13b27786347489822ec1ed07e532bb41f587?s=96&d=mm&r=g","caption":"Ringier Corporate Communications"},"sameAs":["https:\/\/www.ringier.com"]}]}},"_links":{"self":[{"href":"https:\/\/www.ringier.com\/de\/wp-json\/wp\/v2\/posts\/5819","targetHints":{"allow":["GET"]}}],"collection":[{"href":"https:\/\/www.ringier.com\/de\/wp-json\/wp\/v2\/posts"}],"about":[{"href":"https:\/\/www.ringier.com\/de\/wp-json\/wp\/v2\/types\/post"}],"author":[{"embeddable":true,"href":"https:\/\/www.ringier.com\/de\/wp-json\/wp\/v2\/users\/23"}],"replies":[{"embeddable":true,"href":"https:\/\/www.ringier.com\/de\/wp-json\/wp\/v2\/comments?post=5819"}],"version-history":[{"count":0,"href":"https:\/\/www.ringier.com\/de\/wp-json\/wp\/v2\/posts\/5819\/revisions"}],"wp:featuredmedia":[{"embeddable":true,"href":"https:\/\/www.ringier.com\/de\/wp-json\/wp\/v2\/media\/5823"}],"wp:attachment":[{"href":"https:\/\/www.ringier.com\/de\/wp-json\/wp\/v2\/media?parent=5819"}],"wp:term":[{"taxonomy":"category","embeddable":true,"href":"https:\/\/www.ringier.com\/de\/wp-json\/wp\/v2\/categories?post=5819"},{"taxonomy":"post_tag","embeddable":true,"href":"https:\/\/www.ringier.com\/de\/wp-json\/wp\/v2\/tags?post=5819"}],"curies":[{"name":"wp","href":"https:\/\/api.w.org\/{rel}","templated":true}]}}