{"id":5779,"date":"2011-09-19T15:09:00","date_gmt":"2011-09-19T13:09:00","guid":{"rendered":"https:\/\/www.ringier.com\/?p=5779"},"modified":"2024-11-29T16:28:34","modified_gmt":"2024-11-29T15:28:34","slug":"miss-schweiz-kandidatinnen-im-emagazin-der-schweizer-illustrierten","status":"publish","type":"post","link":"https:\/\/www.ringier.com\/de\/miss-schweiz-kandidatinnen-im-emagazin-der-schweizer-illustrierten\/","title":{"rendered":"Miss Schweiz Kandidatinnen im eMagazin der Schweizer Illustrierten"},"content":{"rendered":"\n<p>Nur noch wenige Tage sind es bis zu den Miss Schweiz Wahlen vom kommenden Samstag, 24. September in Lugano &#8211; genau der richtige Zeitpunkt also f\u00fcr die Schweizer Illustrierte, die exklusive Sonderausgabe ihres eMagazins f\u00fcrs iPad zum Event zu lancieren, mit besonderen inhaltlichen und technischen Highlights.<\/p>\n\n\n\n<p>Die M\u00f6glichkeiten der iPad-Technologie wurden voll ausgenutzt: Das eMagazin \u00fcberrascht mit einem animierten Cover, jede der zw\u00f6lf Finalistinnen pr\u00e4sentiert sich in einer 360 Grad-Ansicht von ihren besten Seiten, auch exklusive Bilder aus dem Missen-Camp in Zermatt fehlen nicht.<\/p>\n\n\n\n<p>Die eMagazin-Sonderausgabe bietet aber nicht nur Ein- und Ansichten, sie enth\u00e4lt auch eine interaktive Jukebox mit den Lieblings-Soundtracks der Kandidatinnen, ausserdem steht jede von ihnen zu ihrem Facebook-Auftritt Red und Antwort.<\/p>\n\n\n\n<p>Die Schweizer Illustrierte eMagazin-App kann gratis im App-Store von iTunes heruntergeladen werden.<\/p>\n\n\n\n<p>Kommunikation Ringier Schweiz<\/p>\n","protected":false},"excerpt":{"rendered":"<p>Z\u00fcrich<\/p>\n","protected":false},"author":23,"featured_media":5782,"comment_status":"closed","ping_status":"open","sticky":false,"template":"","format":"standard","meta":{"inline_featured_image":false,"footnotes":""},"categories":[371,361],"tags":[],"class_list":["post-5779","post","type-post","status-publish","format-standard","has-post-thumbnail","hentry","category-media-de","category-ringier-medien-schweiz"],"yoast_head":"<!-- This site is optimized with the Yoast SEO Premium plugin v27.0 (Yoast SEO v27.0) - https:\/\/yoast.com\/product\/yoast-seo-premium-wordpress\/ -->\n<title>Miss Schweiz Kandidatinnen im eMagazin der Schweizer Illustrierten - Ringier<\/title>\n<meta name=\"robots\" content=\"index, follow, max-snippet:-1, max-image-preview:large, max-video-preview:-1\" \/>\n<link rel=\"canonical\" href=\"https:\/\/www.ringier.com\/de\/miss-schweiz-kandidatinnen-im-emagazin-der-schweizer-illustrierten\/\" \/>\n<meta property=\"og:locale\" content=\"de_DE\" \/>\n<meta property=\"og:type\" content=\"article\" \/>\n<meta property=\"og:title\" content=\"Miss Schweiz Kandidatinnen im eMagazin der Schweizer Illustrierten\" \/>\n<meta property=\"og:description\" content=\"Z\u00fcrich\" \/>\n<meta property=\"og:url\" content=\"https:\/\/www.ringier.com\/de\/miss-schweiz-kandidatinnen-im-emagazin-der-schweizer-illustrierten\/\" \/>\n<meta property=\"og:site_name\" content=\"Ringier\" \/>\n<meta property=\"article:publisher\" content=\"https:\/\/www.facebook.com\/ringierag\/\" \/>\n<meta property=\"article:published_time\" content=\"2011-09-19T13:09:00+00:00\" \/>\n<meta property=\"article:modified_time\" content=\"2024-11-29T15:28:34+00:00\" \/>\n<meta property=\"og:image\" content=\"https:\/\/www.ringier.com\/wp-content\/uploads\/2021\/09\/miss_schweiz_emagazin_2011.jpg\" \/>\n\t<meta property=\"og:image:width\" content=\"943\" \/>\n\t<meta property=\"og:image:height\" content=\"749\" \/>\n\t<meta property=\"og:image:type\" content=\"image\/jpeg\" \/>\n<meta name=\"author\" content=\"Ringier Corporate Communications\" \/>\n<meta name=\"twitter:card\" content=\"summary_large_image\" \/>\n<meta name=\"twitter:creator\" content=\"@ringier_ag\" \/>\n<meta name=\"twitter:site\" content=\"@ringier_ag\" \/>\n<meta name=\"twitter:label1\" content=\"Verfasst von\" \/>\n\t<meta name=\"twitter:data1\" content=\"Ringier Corporate Communications\" \/>\n\t<meta name=\"twitter:label2\" content=\"Gesch\u00e4tzte Lesezeit\" \/>\n\t<meta name=\"twitter:data2\" content=\"1 Minute\" \/>\n<script type=\"application\/ld+json\" class=\"yoast-schema-graph\">{\"@context\":\"https:\/\/schema.org\",\"@graph\":[{\"@type\":\"Article\",\"@id\":\"https:\/\/www.ringier.com\/de\/miss-schweiz-kandidatinnen-im-emagazin-der-schweizer-illustrierten\/#article\",\"isPartOf\":{\"@id\":\"https:\/\/www.ringier.com\/de\/miss-schweiz-kandidatinnen-im-emagazin-der-schweizer-illustrierten\/\"},\"author\":{\"name\":\"Ringier Corporate Communications\",\"@id\":\"https:\/\/www.ringier.com\/de\/#\/schema\/person\/4cf76a308dc4b2bb5121bd1e7b752e52\"},\"headline\":\"Miss Schweiz Kandidatinnen im eMagazin der Schweizer Illustrierten\",\"datePublished\":\"2011-09-19T13:09:00+00:00\",\"dateModified\":\"2024-11-29T15:28:34+00:00\",\"mainEntityOfPage\":{\"@id\":\"https:\/\/www.ringier.com\/de\/miss-schweiz-kandidatinnen-im-emagazin-der-schweizer-illustrierten\/\"},\"wordCount\":142,\"publisher\":{\"@id\":\"https:\/\/www.ringier.com\/de\/#organization\"},\"image\":{\"@id\":\"https:\/\/www.ringier.com\/de\/miss-schweiz-kandidatinnen-im-emagazin-der-schweizer-illustrierten\/#primaryimage\"},\"thumbnailUrl\":\"https:\/\/www.ringier.com\/wp-content\/uploads\/2021\/09\/miss_schweiz_emagazin_2011.jpg\",\"articleSection\":[\"Media\",\"Ringier Medien Schweiz\"],\"inLanguage\":\"de-DE\"},{\"@type\":\"WebPage\",\"@id\":\"https:\/\/www.ringier.com\/de\/miss-schweiz-kandidatinnen-im-emagazin-der-schweizer-illustrierten\/\",\"url\":\"https:\/\/www.ringier.com\/de\/miss-schweiz-kandidatinnen-im-emagazin-der-schweizer-illustrierten\/\",\"name\":\"Miss Schweiz Kandidatinnen im eMagazin der Schweizer Illustrierten - Ringier\",\"isPartOf\":{\"@id\":\"https:\/\/www.ringier.com\/de\/#website\"},\"primaryImageOfPage\":{\"@id\":\"https:\/\/www.ringier.com\/de\/miss-schweiz-kandidatinnen-im-emagazin-der-schweizer-illustrierten\/#primaryimage\"},\"image\":{\"@id\":\"https:\/\/www.ringier.com\/de\/miss-schweiz-kandidatinnen-im-emagazin-der-schweizer-illustrierten\/#primaryimage\"},\"thumbnailUrl\":\"https:\/\/www.ringier.com\/wp-content\/uploads\/2021\/09\/miss_schweiz_emagazin_2011.jpg\",\"datePublished\":\"2011-09-19T13:09:00+00:00\",\"dateModified\":\"2024-11-29T15:28:34+00:00\",\"breadcrumb\":{\"@id\":\"https:\/\/www.ringier.com\/de\/miss-schweiz-kandidatinnen-im-emagazin-der-schweizer-illustrierten\/#breadcrumb\"},\"inLanguage\":\"de-DE\",\"potentialAction\":[{\"@type\":\"ReadAction\",\"target\":[\"https:\/\/www.ringier.com\/de\/miss-schweiz-kandidatinnen-im-emagazin-der-schweizer-illustrierten\/\"]}]},{\"@type\":\"ImageObject\",\"inLanguage\":\"de-DE\",\"@id\":\"https:\/\/www.ringier.com\/de\/miss-schweiz-kandidatinnen-im-emagazin-der-schweizer-illustrierten\/#primaryimage\",\"url\":\"https:\/\/www.ringier.com\/wp-content\/uploads\/2021\/09\/miss_schweiz_emagazin_2011.jpg\",\"contentUrl\":\"https:\/\/www.ringier.com\/wp-content\/uploads\/2021\/09\/miss_schweiz_emagazin_2011.jpg\",\"width\":943,\"height\":749},{\"@type\":\"BreadcrumbList\",\"@id\":\"https:\/\/www.ringier.com\/de\/miss-schweiz-kandidatinnen-im-emagazin-der-schweizer-illustrierten\/#breadcrumb\",\"itemListElement\":[{\"@type\":\"ListItem\",\"position\":1,\"name\":\"Home\",\"item\":\"https:\/\/www.ringier.com\/de\/\"},{\"@type\":\"ListItem\",\"position\":2,\"name\":\"Miss Schweiz Kandidatinnen im eMagazin der Schweizer Illustrierten\"}]},{\"@type\":\"WebSite\",\"@id\":\"https:\/\/www.ringier.com\/de\/#website\",\"url\":\"https:\/\/www.ringier.com\/de\/\",\"name\":\"Ringier\",\"description\":\"We inform. We entertain. We connect\",\"publisher\":{\"@id\":\"https:\/\/www.ringier.com\/de\/#organization\"},\"potentialAction\":[{\"@type\":\"SearchAction\",\"target\":{\"@type\":\"EntryPoint\",\"urlTemplate\":\"https:\/\/www.ringier.com\/de\/?s={search_term_string}\"},\"query-input\":{\"@type\":\"PropertyValueSpecification\",\"valueRequired\":true,\"valueName\":\"search_term_string\"}}],\"inLanguage\":\"de-DE\"},{\"@type\":\"Organization\",\"@id\":\"https:\/\/www.ringier.com\/de\/#organization\",\"name\":\"Ringier\",\"url\":\"https:\/\/www.ringier.com\/de\/\",\"logo\":{\"@type\":\"ImageObject\",\"inLanguage\":\"de-DE\",\"@id\":\"https:\/\/www.ringier.com\/de\/#\/schema\/logo\/image\/\",\"url\":\"https:\/\/www.ringier.com\/wp-content\/uploads\/2021\/10\/ringier_logo_2.jpg\",\"contentUrl\":\"https:\/\/www.ringier.com\/wp-content\/uploads\/2021\/10\/ringier_logo_2.jpg\",\"width\":750,\"height\":550,\"caption\":\"Ringier\"},\"image\":{\"@id\":\"https:\/\/www.ringier.com\/de\/#\/schema\/logo\/image\/\"},\"sameAs\":[\"https:\/\/www.facebook.com\/ringierag\/\",\"https:\/\/x.com\/ringier_ag\",\"https:\/\/www.instagram.com\/ringier_ag\/\",\"https:\/\/www.linkedin.com\/company\/ringier\/\",\"https:\/\/www.youtube.com\/user\/RingierComm\",\"https:\/\/en.wikipedia.org\/wiki\/Ringier\",\"https:\/\/de.wikipedia.org\/wiki\/Ringier\",\"https:\/\/fr.wikipedia.org\/wiki\/Ringier\",\"https:\/\/www.crunchbase.com\/organization\/ringier-ag\"]},{\"@type\":\"Person\",\"@id\":\"https:\/\/www.ringier.com\/de\/#\/schema\/person\/4cf76a308dc4b2bb5121bd1e7b752e52\",\"name\":\"Ringier Corporate Communications\",\"image\":{\"@type\":\"ImageObject\",\"inLanguage\":\"de-DE\",\"@id\":\"https:\/\/www.ringier.com\/de\/#\/schema\/person\/image\/\",\"url\":\"https:\/\/secure.gravatar.com\/avatar\/9391e20481368d5df4fe3e1e476c13b27786347489822ec1ed07e532bb41f587?s=96&d=mm&r=g\",\"contentUrl\":\"https:\/\/secure.gravatar.com\/avatar\/9391e20481368d5df4fe3e1e476c13b27786347489822ec1ed07e532bb41f587?s=96&d=mm&r=g\",\"caption\":\"Ringier Corporate Communications\"},\"sameAs\":[\"https:\/\/www.ringier.com\"]}]}<\/script>\n<!-- \/ Yoast SEO Premium plugin. -->","yoast_head_json":{"title":"Miss Schweiz Kandidatinnen im eMagazin der Schweizer Illustrierten - Ringier","robots":{"index":"index","follow":"follow","max-snippet":"max-snippet:-1","max-image-preview":"max-image-preview:large","max-video-preview":"max-video-preview:-1"},"canonical":"https:\/\/www.ringier.com\/de\/miss-schweiz-kandidatinnen-im-emagazin-der-schweizer-illustrierten\/","og_locale":"de_DE","og_type":"article","og_title":"Miss Schweiz Kandidatinnen im eMagazin der Schweizer Illustrierten","og_description":"Z\u00fcrich","og_url":"https:\/\/www.ringier.com\/de\/miss-schweiz-kandidatinnen-im-emagazin-der-schweizer-illustrierten\/","og_site_name":"Ringier","article_publisher":"https:\/\/www.facebook.com\/ringierag\/","article_published_time":"2011-09-19T13:09:00+00:00","article_modified_time":"2024-11-29T15:28:34+00:00","og_image":[{"width":943,"height":749,"url":"https:\/\/www.ringier.com\/wp-content\/uploads\/2021\/09\/miss_schweiz_emagazin_2011.jpg","type":"image\/jpeg"}],"author":"Ringier Corporate Communications","twitter_card":"summary_large_image","twitter_creator":"@ringier_ag","twitter_site":"@ringier_ag","twitter_misc":{"Verfasst von":"Ringier Corporate Communications","Gesch\u00e4tzte Lesezeit":"1 Minute"},"schema":{"@context":"https:\/\/schema.org","@graph":[{"@type":"Article","@id":"https:\/\/www.ringier.com\/de\/miss-schweiz-kandidatinnen-im-emagazin-der-schweizer-illustrierten\/#article","isPartOf":{"@id":"https:\/\/www.ringier.com\/de\/miss-schweiz-kandidatinnen-im-emagazin-der-schweizer-illustrierten\/"},"author":{"name":"Ringier Corporate Communications","@id":"https:\/\/www.ringier.com\/de\/#\/schema\/person\/4cf76a308dc4b2bb5121bd1e7b752e52"},"headline":"Miss Schweiz Kandidatinnen im eMagazin der Schweizer Illustrierten","datePublished":"2011-09-19T13:09:00+00:00","dateModified":"2024-11-29T15:28:34+00:00","mainEntityOfPage":{"@id":"https:\/\/www.ringier.com\/de\/miss-schweiz-kandidatinnen-im-emagazin-der-schweizer-illustrierten\/"},"wordCount":142,"publisher":{"@id":"https:\/\/www.ringier.com\/de\/#organization"},"image":{"@id":"https:\/\/www.ringier.com\/de\/miss-schweiz-kandidatinnen-im-emagazin-der-schweizer-illustrierten\/#primaryimage"},"thumbnailUrl":"https:\/\/www.ringier.com\/wp-content\/uploads\/2021\/09\/miss_schweiz_emagazin_2011.jpg","articleSection":["Media","Ringier Medien Schweiz"],"inLanguage":"de-DE"},{"@type":"WebPage","@id":"https:\/\/www.ringier.com\/de\/miss-schweiz-kandidatinnen-im-emagazin-der-schweizer-illustrierten\/","url":"https:\/\/www.ringier.com\/de\/miss-schweiz-kandidatinnen-im-emagazin-der-schweizer-illustrierten\/","name":"Miss Schweiz Kandidatinnen im eMagazin der Schweizer Illustrierten - Ringier","isPartOf":{"@id":"https:\/\/www.ringier.com\/de\/#website"},"primaryImageOfPage":{"@id":"https:\/\/www.ringier.com\/de\/miss-schweiz-kandidatinnen-im-emagazin-der-schweizer-illustrierten\/#primaryimage"},"image":{"@id":"https:\/\/www.ringier.com\/de\/miss-schweiz-kandidatinnen-im-emagazin-der-schweizer-illustrierten\/#primaryimage"},"thumbnailUrl":"https:\/\/www.ringier.com\/wp-content\/uploads\/2021\/09\/miss_schweiz_emagazin_2011.jpg","datePublished":"2011-09-19T13:09:00+00:00","dateModified":"2024-11-29T15:28:34+00:00","breadcrumb":{"@id":"https:\/\/www.ringier.com\/de\/miss-schweiz-kandidatinnen-im-emagazin-der-schweizer-illustrierten\/#breadcrumb"},"inLanguage":"de-DE","potentialAction":[{"@type":"ReadAction","target":["https:\/\/www.ringier.com\/de\/miss-schweiz-kandidatinnen-im-emagazin-der-schweizer-illustrierten\/"]}]},{"@type":"ImageObject","inLanguage":"de-DE","@id":"https:\/\/www.ringier.com\/de\/miss-schweiz-kandidatinnen-im-emagazin-der-schweizer-illustrierten\/#primaryimage","url":"https:\/\/www.ringier.com\/wp-content\/uploads\/2021\/09\/miss_schweiz_emagazin_2011.jpg","contentUrl":"https:\/\/www.ringier.com\/wp-content\/uploads\/2021\/09\/miss_schweiz_emagazin_2011.jpg","width":943,"height":749},{"@type":"BreadcrumbList","@id":"https:\/\/www.ringier.com\/de\/miss-schweiz-kandidatinnen-im-emagazin-der-schweizer-illustrierten\/#breadcrumb","itemListElement":[{"@type":"ListItem","position":1,"name":"Home","item":"https:\/\/www.ringier.com\/de\/"},{"@type":"ListItem","position":2,"name":"Miss Schweiz Kandidatinnen im eMagazin der Schweizer Illustrierten"}]},{"@type":"WebSite","@id":"https:\/\/www.ringier.com\/de\/#website","url":"https:\/\/www.ringier.com\/de\/","name":"Ringier","description":"We inform. We entertain. We connect","publisher":{"@id":"https:\/\/www.ringier.com\/de\/#organization"},"potentialAction":[{"@type":"SearchAction","target":{"@type":"EntryPoint","urlTemplate":"https:\/\/www.ringier.com\/de\/?s={search_term_string}"},"query-input":{"@type":"PropertyValueSpecification","valueRequired":true,"valueName":"search_term_string"}}],"inLanguage":"de-DE"},{"@type":"Organization","@id":"https:\/\/www.ringier.com\/de\/#organization","name":"Ringier","url":"https:\/\/www.ringier.com\/de\/","logo":{"@type":"ImageObject","inLanguage":"de-DE","@id":"https:\/\/www.ringier.com\/de\/#\/schema\/logo\/image\/","url":"https:\/\/www.ringier.com\/wp-content\/uploads\/2021\/10\/ringier_logo_2.jpg","contentUrl":"https:\/\/www.ringier.com\/wp-content\/uploads\/2021\/10\/ringier_logo_2.jpg","width":750,"height":550,"caption":"Ringier"},"image":{"@id":"https:\/\/www.ringier.com\/de\/#\/schema\/logo\/image\/"},"sameAs":["https:\/\/www.facebook.com\/ringierag\/","https:\/\/x.com\/ringier_ag","https:\/\/www.instagram.com\/ringier_ag\/","https:\/\/www.linkedin.com\/company\/ringier\/","https:\/\/www.youtube.com\/user\/RingierComm","https:\/\/en.wikipedia.org\/wiki\/Ringier","https:\/\/de.wikipedia.org\/wiki\/Ringier","https:\/\/fr.wikipedia.org\/wiki\/Ringier","https:\/\/www.crunchbase.com\/organization\/ringier-ag"]},{"@type":"Person","@id":"https:\/\/www.ringier.com\/de\/#\/schema\/person\/4cf76a308dc4b2bb5121bd1e7b752e52","name":"Ringier Corporate Communications","image":{"@type":"ImageObject","inLanguage":"de-DE","@id":"https:\/\/www.ringier.com\/de\/#\/schema\/person\/image\/","url":"https:\/\/secure.gravatar.com\/avatar\/9391e20481368d5df4fe3e1e476c13b27786347489822ec1ed07e532bb41f587?s=96&d=mm&r=g","contentUrl":"https:\/\/secure.gravatar.com\/avatar\/9391e20481368d5df4fe3e1e476c13b27786347489822ec1ed07e532bb41f587?s=96&d=mm&r=g","caption":"Ringier Corporate Communications"},"sameAs":["https:\/\/www.ringier.com"]}]}},"_links":{"self":[{"href":"https:\/\/www.ringier.com\/de\/wp-json\/wp\/v2\/posts\/5779","targetHints":{"allow":["GET"]}}],"collection":[{"href":"https:\/\/www.ringier.com\/de\/wp-json\/wp\/v2\/posts"}],"about":[{"href":"https:\/\/www.ringier.com\/de\/wp-json\/wp\/v2\/types\/post"}],"author":[{"embeddable":true,"href":"https:\/\/www.ringier.com\/de\/wp-json\/wp\/v2\/users\/23"}],"replies":[{"embeddable":true,"href":"https:\/\/www.ringier.com\/de\/wp-json\/wp\/v2\/comments?post=5779"}],"version-history":[{"count":0,"href":"https:\/\/www.ringier.com\/de\/wp-json\/wp\/v2\/posts\/5779\/revisions"}],"wp:featuredmedia":[{"embeddable":true,"href":"https:\/\/www.ringier.com\/de\/wp-json\/wp\/v2\/media\/5782"}],"wp:attachment":[{"href":"https:\/\/www.ringier.com\/de\/wp-json\/wp\/v2\/media?parent=5779"}],"wp:term":[{"taxonomy":"category","embeddable":true,"href":"https:\/\/www.ringier.com\/de\/wp-json\/wp\/v2\/categories?post=5779"},{"taxonomy":"post_tag","embeddable":true,"href":"https:\/\/www.ringier.com\/de\/wp-json\/wp\/v2\/tags?post=5779"}],"curies":[{"name":"wp","href":"https:\/\/api.w.org\/{rel}","templated":true}]}}