{"id":5722,"date":"2012-06-28T10:00:00","date_gmt":"2012-06-28T08:00:00","guid":{"rendered":"https:\/\/www.ringier.com\/?p=5722"},"modified":"2025-06-24T11:52:42","modified_gmt":"2025-06-24T09:52:42","slug":"ringier-ag-mit-neuer-konzernleitung-und-neuer-konzernstruktur","status":"publish","type":"post","link":"https:\/\/www.ringier.com\/de\/ringier-ag-mit-neuer-konzernleitung-und-neuer-konzernstruktur\/","title":{"rendered":"Ringier mit neuer Konzernleitung und neuer Konzernstruktur"},"content":{"rendered":"\n<p>Die Ringier-Konzernleitung um CEO Marc Walder ist wieder komplett. Der Verwaltungsrat hat die neuen Mitglieder best\u00e4tigt: Annabella Bassler \u00fcbernimmt die Funktion des Chief Financial Officer CFO, Michael Voss jene des Chief Operation Officer COO, Florian Fels ist CEO Ringier Eastern Europe und Thomas Kaiser Chief Digital Officer CDO.<\/p>\n\n\n\n<p>Die Konzernstruktur setzt sich neu aus den vier Unternehmenseinheiten \u00ab<em>RingierPublishing\u00bb, \u00abRingier Entertainment\u00bb, \u00abRingier Digital\u00bb<\/em>\u00a0sowie \u00ab<em>Ringier Eastern Europe\u00bb<\/em>\u00a0zusammen.<\/p>\n\n\n\n<p>Die Aktivit\u00e4ten des traditionellen Kerngesch\u00e4ftes Zeitungen, Zeitschriften und Druckereien inklusive ihrer digitalen Medienmarken sind in der Unternehmenseinheit \u00ab<em>Ringier<\/em><em>Publishing\u00bb<\/em>&nbsp;geb\u00fcndelt. CEO Marc Walder f\u00fchrt diesen Bereich pers\u00f6nlich, Zeitschriften Deutschschweiz-Gesch\u00e4ftsf\u00fchrer Urs Heller \u00fcbernimmt die Stellvertretung.<br>Zu&nbsp;<em>\u00abRingier Publishing\u00bb<\/em>&nbsp;geh\u00f6ren s\u00e4mtliche Medienmarken von Ringier Schweiz und Deutschland sowie Ringier Romandie. Dieser ersten S\u00e4ule der Ringier-Gesch\u00e4ftst\u00e4tigkeit zugeordnet sind auch Ringier Print Adligenswil, die Beteiligungen an Swissprinters, Betty Bossi, Le Temps und die Aktivit\u00e4ten in China und Vietnam.<\/p>\n\n\n\n<p>Der Unternehmensbereich \u00ab<em>RingierEntertainment\u00bb<\/em>\u00a0b\u00fcndelt s\u00e4mtliche Marken und Beteiligungen der zweiten S\u00e4ule der Ringier-Gesch\u00e4ftst\u00e4tigkeit: Ticketcorner, InfrontRingier, Good News, Starclick, Classical Company, Rose d\u2019Or, Poolposition, Sat.1 Schweiz, Ringier Fernsehen, die Energy-Schweiz-Gruppe sowie weitere Beteiligungen und Bereiche wie Teleclub, Grundy und PresseTV. \u00ab<em>Ringier Entertainment\u00bb<\/em>\u00a0wird von Michael Voss zus\u00e4tzlich zu seiner T\u00e4tigkeit als Ringier COO gef\u00fchrt.<\/p>\n\n\n\n<p>Der bisherige Gesch\u00e4ftsf\u00fchrer Ringier Entertainment, Stefan Kastenm\u00fcller, verl\u00e4sst aufgrund der Reorganisation das Unternehmen im gegenseitigen Einvernehmen. Er wird Ringier im Bereich Entertainment weiterhin beratend zur Verf\u00fcgung stehen.&nbsp;Marc Walder: \u00abStefan Kastenm\u00fcller hat die Entertainment-Strategie von Ringier Schweiz weiter vorangetrieben. Daf\u00fcr danken wir ihm.\u00bb<\/p>\n\n\n\n<p>In der neuen Unternehmenseinheit \u00ab<a href=\"http:\/\/www.ringierdigital.ch\/\"><em>Ringier Digital<\/em><\/a><em>\u00bb<\/em>&nbsp;sind alle digitalen Aktivit\u00e4ten Ringiers geb\u00fcndelt, die sich auf neue Gesch\u00e4ftsmodelle im Bereich Online-Marktpl\u00e4tze und eCommerce ausrichten. Dies sind die Online-Angebote der Scout24 Schweiz (im Joint Venture mit der Scout24 International), anibis, DeinDeal, Geschenkidee, cashzweiplus, baugate24 und Qualipet digital. Ebenso geh\u00f6ren dazu die Online-Vermarkter Omnimedia und gate24 sowie diverse IT-Dienstleister und die vor kurzem lancierte Ringier Africa. Gef\u00fchrt wird \u00ab<a href=\"http:\/\/www.ringierdigital.ch\/\"><em>Ringier Digital<\/em><\/a><em>\u00bb<\/em>&nbsp;von CDO Thomas Kaiser. Die vormalige \u00ab<em>media swiss group ag\u00bb<\/em>, eine 100-Prozent-Ringier-Tochter-Gesellschaft, wird in \u00ab<em>Ringier Digital AG\u00bb<\/em>&nbsp;umfirmiert. Kaiser bleibt CEO der&nbsp;<em>\u00abRingier Digital AG\u00bb.<\/em><\/p>\n\n\n\n<p>Der vierte Ringier-Unternehmensbereich schliesslich b\u00fcndelt unter der Bezeichnung \u00ab<em>Ringier Eastern Europe\u00bb<\/em>&nbsp;die Beteiligungen der Ringier Axel Springer Media AG mit den L\u00e4ndern Polen, Tschechische Republik, Slowakische Republik und Republik Serbien sowie die Aktivit\u00e4ten von Ringier in den L\u00e4ndern Rum\u00e4nien und Ungarn. Verantwortet wird der Bereich wie bisher von Florian Fels.<\/p>\n\n\n\n<p>Die neue Ringier-Konzernstruktur pr\u00e4sentiert sich somit mit klaren F\u00fchrungs-Verantwortlichkeiten, direkten operativen Linien und widerspiegelt mit den vier strategischen Einheiten klar die Strategie des Unternehmens.<\/p>\n\n\n\n<p>Ringier Corporate Communications<\/p>\n","protected":false},"excerpt":{"rendered":"<p>Ringier besetzt die Konzernleitung neu und \u00e4ndert die Konzernstruktur. Der Verwaltungsrat hat die neuen Konzernleitungs-Mitglieder best\u00e4tigt sowie die schlankere, der Strategie angepasste Organisation festgelegt. Die Neuorganisation tritt per sofort in Kraft.<\/p>\n","protected":false},"author":23,"featured_media":5490,"comment_status":"closed","ping_status":"open","sticky":false,"template":"","format":"standard","meta":{"inline_featured_image":false,"footnotes":""},"categories":[44],"tags":[],"class_list":["post-5722","post","type-post","status-publish","format-standard","has-post-thumbnail","hentry","category-corporate-de"],"yoast_head":"<!-- This site is optimized with the Yoast SEO Premium plugin v27.0 (Yoast SEO v27.0) - https:\/\/yoast.com\/product\/yoast-seo-premium-wordpress\/ -->\n<title>Ringier mit neuer Konzernleitung und neuer Konzernstruktur - Ringier<\/title>\n<meta name=\"robots\" content=\"index, follow, max-snippet:-1, max-image-preview:large, max-video-preview:-1\" \/>\n<link rel=\"canonical\" href=\"https:\/\/www.ringier.com\/de\/ringier-ag-mit-neuer-konzernleitung-und-neuer-konzernstruktur\/\" \/>\n<meta property=\"og:locale\" content=\"de_DE\" \/>\n<meta property=\"og:type\" content=\"article\" \/>\n<meta property=\"og:title\" content=\"Ringier mit neuer Konzernleitung und neuer Konzernstruktur\" \/>\n<meta property=\"og:description\" content=\"Ringier besetzt die Konzernleitung neu und \u00e4ndert die Konzernstruktur. Der Verwaltungsrat hat die neuen Konzernleitungs-Mitglieder best\u00e4tigt sowie die schlankere, der Strategie angepasste Organisation festgelegt. Die Neuorganisation tritt per sofort in Kraft.\" \/>\n<meta property=\"og:url\" content=\"https:\/\/www.ringier.com\/de\/ringier-ag-mit-neuer-konzernleitung-und-neuer-konzernstruktur\/\" \/>\n<meta property=\"og:site_name\" content=\"Ringier\" \/>\n<meta property=\"article:publisher\" content=\"https:\/\/www.facebook.com\/ringierag\/\" \/>\n<meta property=\"article:published_time\" content=\"2012-06-28T08:00:00+00:00\" \/>\n<meta property=\"article:modified_time\" content=\"2025-06-24T09:52:42+00:00\" \/>\n<meta property=\"og:image\" content=\"https:\/\/www.ringier.com\/wp-content\/uploads\/2021\/09\/ringier_logo_web_0.jpg\" \/>\n\t<meta property=\"og:image:width\" content=\"706\" \/>\n\t<meta property=\"og:image:height\" content=\"446\" \/>\n\t<meta property=\"og:image:type\" content=\"image\/jpeg\" \/>\n<meta name=\"author\" content=\"Ringier Corporate Communications\" \/>\n<meta name=\"twitter:card\" content=\"summary_large_image\" \/>\n<meta name=\"twitter:creator\" content=\"@ringier_ag\" \/>\n<meta name=\"twitter:site\" content=\"@ringier_ag\" \/>\n<meta name=\"twitter:label1\" content=\"Verfasst von\" \/>\n\t<meta name=\"twitter:data1\" content=\"Ringier Corporate Communications\" \/>\n\t<meta name=\"twitter:label2\" content=\"Gesch\u00e4tzte Lesezeit\" \/>\n\t<meta name=\"twitter:data2\" content=\"3 Minuten\" \/>\n<script type=\"application\/ld+json\" class=\"yoast-schema-graph\">{\"@context\":\"https:\/\/schema.org\",\"@graph\":[{\"@type\":\"Article\",\"@id\":\"https:\/\/www.ringier.com\/de\/ringier-ag-mit-neuer-konzernleitung-und-neuer-konzernstruktur\/#article\",\"isPartOf\":{\"@id\":\"https:\/\/www.ringier.com\/de\/ringier-ag-mit-neuer-konzernleitung-und-neuer-konzernstruktur\/\"},\"author\":{\"name\":\"Ringier Corporate Communications\",\"@id\":\"https:\/\/www.ringier.com\/de\/#\/schema\/person\/4cf76a308dc4b2bb5121bd1e7b752e52\"},\"headline\":\"Ringier mit neuer Konzernleitung und neuer Konzernstruktur\",\"datePublished\":\"2012-06-28T08:00:00+00:00\",\"dateModified\":\"2025-06-24T09:52:42+00:00\",\"mainEntityOfPage\":{\"@id\":\"https:\/\/www.ringier.com\/de\/ringier-ag-mit-neuer-konzernleitung-und-neuer-konzernstruktur\/\"},\"wordCount\":465,\"publisher\":{\"@id\":\"https:\/\/www.ringier.com\/de\/#organization\"},\"image\":{\"@id\":\"https:\/\/www.ringier.com\/de\/ringier-ag-mit-neuer-konzernleitung-und-neuer-konzernstruktur\/#primaryimage\"},\"thumbnailUrl\":\"https:\/\/www.ringier.com\/wp-content\/uploads\/2021\/09\/ringier_logo_web_0.jpg\",\"articleSection\":[\"Corporate\"],\"inLanguage\":\"de-DE\"},{\"@type\":\"WebPage\",\"@id\":\"https:\/\/www.ringier.com\/de\/ringier-ag-mit-neuer-konzernleitung-und-neuer-konzernstruktur\/\",\"url\":\"https:\/\/www.ringier.com\/de\/ringier-ag-mit-neuer-konzernleitung-und-neuer-konzernstruktur\/\",\"name\":\"Ringier mit neuer Konzernleitung und neuer Konzernstruktur - Ringier\",\"isPartOf\":{\"@id\":\"https:\/\/www.ringier.com\/de\/#website\"},\"primaryImageOfPage\":{\"@id\":\"https:\/\/www.ringier.com\/de\/ringier-ag-mit-neuer-konzernleitung-und-neuer-konzernstruktur\/#primaryimage\"},\"image\":{\"@id\":\"https:\/\/www.ringier.com\/de\/ringier-ag-mit-neuer-konzernleitung-und-neuer-konzernstruktur\/#primaryimage\"},\"thumbnailUrl\":\"https:\/\/www.ringier.com\/wp-content\/uploads\/2021\/09\/ringier_logo_web_0.jpg\",\"datePublished\":\"2012-06-28T08:00:00+00:00\",\"dateModified\":\"2025-06-24T09:52:42+00:00\",\"breadcrumb\":{\"@id\":\"https:\/\/www.ringier.com\/de\/ringier-ag-mit-neuer-konzernleitung-und-neuer-konzernstruktur\/#breadcrumb\"},\"inLanguage\":\"de-DE\",\"potentialAction\":[{\"@type\":\"ReadAction\",\"target\":[\"https:\/\/www.ringier.com\/de\/ringier-ag-mit-neuer-konzernleitung-und-neuer-konzernstruktur\/\"]}]},{\"@type\":\"ImageObject\",\"inLanguage\":\"de-DE\",\"@id\":\"https:\/\/www.ringier.com\/de\/ringier-ag-mit-neuer-konzernleitung-und-neuer-konzernstruktur\/#primaryimage\",\"url\":\"https:\/\/www.ringier.com\/wp-content\/uploads\/2021\/09\/ringier_logo_web_0.jpg\",\"contentUrl\":\"https:\/\/www.ringier.com\/wp-content\/uploads\/2021\/09\/ringier_logo_web_0.jpg\",\"width\":706,\"height\":446},{\"@type\":\"BreadcrumbList\",\"@id\":\"https:\/\/www.ringier.com\/de\/ringier-ag-mit-neuer-konzernleitung-und-neuer-konzernstruktur\/#breadcrumb\",\"itemListElement\":[{\"@type\":\"ListItem\",\"position\":1,\"name\":\"Home\",\"item\":\"https:\/\/www.ringier.com\/de\/\"},{\"@type\":\"ListItem\",\"position\":2,\"name\":\"Ringier mit neuer Konzernleitung und neuer Konzernstruktur\"}]},{\"@type\":\"WebSite\",\"@id\":\"https:\/\/www.ringier.com\/de\/#website\",\"url\":\"https:\/\/www.ringier.com\/de\/\",\"name\":\"Ringier\",\"description\":\"We inform. We entertain. We connect\",\"publisher\":{\"@id\":\"https:\/\/www.ringier.com\/de\/#organization\"},\"potentialAction\":[{\"@type\":\"SearchAction\",\"target\":{\"@type\":\"EntryPoint\",\"urlTemplate\":\"https:\/\/www.ringier.com\/de\/?s={search_term_string}\"},\"query-input\":{\"@type\":\"PropertyValueSpecification\",\"valueRequired\":true,\"valueName\":\"search_term_string\"}}],\"inLanguage\":\"de-DE\"},{\"@type\":\"Organization\",\"@id\":\"https:\/\/www.ringier.com\/de\/#organization\",\"name\":\"Ringier\",\"url\":\"https:\/\/www.ringier.com\/de\/\",\"logo\":{\"@type\":\"ImageObject\",\"inLanguage\":\"de-DE\",\"@id\":\"https:\/\/www.ringier.com\/de\/#\/schema\/logo\/image\/\",\"url\":\"https:\/\/www.ringier.com\/wp-content\/uploads\/2021\/10\/ringier_logo_2.jpg\",\"contentUrl\":\"https:\/\/www.ringier.com\/wp-content\/uploads\/2021\/10\/ringier_logo_2.jpg\",\"width\":750,\"height\":550,\"caption\":\"Ringier\"},\"image\":{\"@id\":\"https:\/\/www.ringier.com\/de\/#\/schema\/logo\/image\/\"},\"sameAs\":[\"https:\/\/www.facebook.com\/ringierag\/\",\"https:\/\/x.com\/ringier_ag\",\"https:\/\/www.instagram.com\/ringier_ag\/\",\"https:\/\/www.linkedin.com\/company\/ringier\/\",\"https:\/\/www.youtube.com\/user\/RingierComm\",\"https:\/\/en.wikipedia.org\/wiki\/Ringier\",\"https:\/\/de.wikipedia.org\/wiki\/Ringier\",\"https:\/\/fr.wikipedia.org\/wiki\/Ringier\",\"https:\/\/www.crunchbase.com\/organization\/ringier-ag\"]},{\"@type\":\"Person\",\"@id\":\"https:\/\/www.ringier.com\/de\/#\/schema\/person\/4cf76a308dc4b2bb5121bd1e7b752e52\",\"name\":\"Ringier Corporate Communications\",\"image\":{\"@type\":\"ImageObject\",\"inLanguage\":\"de-DE\",\"@id\":\"https:\/\/www.ringier.com\/de\/#\/schema\/person\/image\/\",\"url\":\"https:\/\/secure.gravatar.com\/avatar\/9391e20481368d5df4fe3e1e476c13b27786347489822ec1ed07e532bb41f587?s=96&d=mm&r=g\",\"contentUrl\":\"https:\/\/secure.gravatar.com\/avatar\/9391e20481368d5df4fe3e1e476c13b27786347489822ec1ed07e532bb41f587?s=96&d=mm&r=g\",\"caption\":\"Ringier Corporate Communications\"},\"sameAs\":[\"https:\/\/www.ringier.com\"]}]}<\/script>\n<!-- \/ Yoast SEO Premium plugin. -->","yoast_head_json":{"title":"Ringier mit neuer Konzernleitung und neuer Konzernstruktur - Ringier","robots":{"index":"index","follow":"follow","max-snippet":"max-snippet:-1","max-image-preview":"max-image-preview:large","max-video-preview":"max-video-preview:-1"},"canonical":"https:\/\/www.ringier.com\/de\/ringier-ag-mit-neuer-konzernleitung-und-neuer-konzernstruktur\/","og_locale":"de_DE","og_type":"article","og_title":"Ringier mit neuer Konzernleitung und neuer Konzernstruktur","og_description":"Ringier besetzt die Konzernleitung neu und \u00e4ndert die Konzernstruktur. Der Verwaltungsrat hat die neuen Konzernleitungs-Mitglieder best\u00e4tigt sowie die schlankere, der Strategie angepasste Organisation festgelegt. Die Neuorganisation tritt per sofort in Kraft.","og_url":"https:\/\/www.ringier.com\/de\/ringier-ag-mit-neuer-konzernleitung-und-neuer-konzernstruktur\/","og_site_name":"Ringier","article_publisher":"https:\/\/www.facebook.com\/ringierag\/","article_published_time":"2012-06-28T08:00:00+00:00","article_modified_time":"2025-06-24T09:52:42+00:00","og_image":[{"width":706,"height":446,"url":"https:\/\/www.ringier.com\/wp-content\/uploads\/2021\/09\/ringier_logo_web_0.jpg","type":"image\/jpeg"}],"author":"Ringier Corporate Communications","twitter_card":"summary_large_image","twitter_creator":"@ringier_ag","twitter_site":"@ringier_ag","twitter_misc":{"Verfasst von":"Ringier Corporate Communications","Gesch\u00e4tzte Lesezeit":"3 Minuten"},"schema":{"@context":"https:\/\/schema.org","@graph":[{"@type":"Article","@id":"https:\/\/www.ringier.com\/de\/ringier-ag-mit-neuer-konzernleitung-und-neuer-konzernstruktur\/#article","isPartOf":{"@id":"https:\/\/www.ringier.com\/de\/ringier-ag-mit-neuer-konzernleitung-und-neuer-konzernstruktur\/"},"author":{"name":"Ringier Corporate Communications","@id":"https:\/\/www.ringier.com\/de\/#\/schema\/person\/4cf76a308dc4b2bb5121bd1e7b752e52"},"headline":"Ringier mit neuer Konzernleitung und neuer Konzernstruktur","datePublished":"2012-06-28T08:00:00+00:00","dateModified":"2025-06-24T09:52:42+00:00","mainEntityOfPage":{"@id":"https:\/\/www.ringier.com\/de\/ringier-ag-mit-neuer-konzernleitung-und-neuer-konzernstruktur\/"},"wordCount":465,"publisher":{"@id":"https:\/\/www.ringier.com\/de\/#organization"},"image":{"@id":"https:\/\/www.ringier.com\/de\/ringier-ag-mit-neuer-konzernleitung-und-neuer-konzernstruktur\/#primaryimage"},"thumbnailUrl":"https:\/\/www.ringier.com\/wp-content\/uploads\/2021\/09\/ringier_logo_web_0.jpg","articleSection":["Corporate"],"inLanguage":"de-DE"},{"@type":"WebPage","@id":"https:\/\/www.ringier.com\/de\/ringier-ag-mit-neuer-konzernleitung-und-neuer-konzernstruktur\/","url":"https:\/\/www.ringier.com\/de\/ringier-ag-mit-neuer-konzernleitung-und-neuer-konzernstruktur\/","name":"Ringier mit neuer Konzernleitung und neuer Konzernstruktur - Ringier","isPartOf":{"@id":"https:\/\/www.ringier.com\/de\/#website"},"primaryImageOfPage":{"@id":"https:\/\/www.ringier.com\/de\/ringier-ag-mit-neuer-konzernleitung-und-neuer-konzernstruktur\/#primaryimage"},"image":{"@id":"https:\/\/www.ringier.com\/de\/ringier-ag-mit-neuer-konzernleitung-und-neuer-konzernstruktur\/#primaryimage"},"thumbnailUrl":"https:\/\/www.ringier.com\/wp-content\/uploads\/2021\/09\/ringier_logo_web_0.jpg","datePublished":"2012-06-28T08:00:00+00:00","dateModified":"2025-06-24T09:52:42+00:00","breadcrumb":{"@id":"https:\/\/www.ringier.com\/de\/ringier-ag-mit-neuer-konzernleitung-und-neuer-konzernstruktur\/#breadcrumb"},"inLanguage":"de-DE","potentialAction":[{"@type":"ReadAction","target":["https:\/\/www.ringier.com\/de\/ringier-ag-mit-neuer-konzernleitung-und-neuer-konzernstruktur\/"]}]},{"@type":"ImageObject","inLanguage":"de-DE","@id":"https:\/\/www.ringier.com\/de\/ringier-ag-mit-neuer-konzernleitung-und-neuer-konzernstruktur\/#primaryimage","url":"https:\/\/www.ringier.com\/wp-content\/uploads\/2021\/09\/ringier_logo_web_0.jpg","contentUrl":"https:\/\/www.ringier.com\/wp-content\/uploads\/2021\/09\/ringier_logo_web_0.jpg","width":706,"height":446},{"@type":"BreadcrumbList","@id":"https:\/\/www.ringier.com\/de\/ringier-ag-mit-neuer-konzernleitung-und-neuer-konzernstruktur\/#breadcrumb","itemListElement":[{"@type":"ListItem","position":1,"name":"Home","item":"https:\/\/www.ringier.com\/de\/"},{"@type":"ListItem","position":2,"name":"Ringier mit neuer Konzernleitung und neuer Konzernstruktur"}]},{"@type":"WebSite","@id":"https:\/\/www.ringier.com\/de\/#website","url":"https:\/\/www.ringier.com\/de\/","name":"Ringier","description":"We inform. We entertain. We connect","publisher":{"@id":"https:\/\/www.ringier.com\/de\/#organization"},"potentialAction":[{"@type":"SearchAction","target":{"@type":"EntryPoint","urlTemplate":"https:\/\/www.ringier.com\/de\/?s={search_term_string}"},"query-input":{"@type":"PropertyValueSpecification","valueRequired":true,"valueName":"search_term_string"}}],"inLanguage":"de-DE"},{"@type":"Organization","@id":"https:\/\/www.ringier.com\/de\/#organization","name":"Ringier","url":"https:\/\/www.ringier.com\/de\/","logo":{"@type":"ImageObject","inLanguage":"de-DE","@id":"https:\/\/www.ringier.com\/de\/#\/schema\/logo\/image\/","url":"https:\/\/www.ringier.com\/wp-content\/uploads\/2021\/10\/ringier_logo_2.jpg","contentUrl":"https:\/\/www.ringier.com\/wp-content\/uploads\/2021\/10\/ringier_logo_2.jpg","width":750,"height":550,"caption":"Ringier"},"image":{"@id":"https:\/\/www.ringier.com\/de\/#\/schema\/logo\/image\/"},"sameAs":["https:\/\/www.facebook.com\/ringierag\/","https:\/\/x.com\/ringier_ag","https:\/\/www.instagram.com\/ringier_ag\/","https:\/\/www.linkedin.com\/company\/ringier\/","https:\/\/www.youtube.com\/user\/RingierComm","https:\/\/en.wikipedia.org\/wiki\/Ringier","https:\/\/de.wikipedia.org\/wiki\/Ringier","https:\/\/fr.wikipedia.org\/wiki\/Ringier","https:\/\/www.crunchbase.com\/organization\/ringier-ag"]},{"@type":"Person","@id":"https:\/\/www.ringier.com\/de\/#\/schema\/person\/4cf76a308dc4b2bb5121bd1e7b752e52","name":"Ringier Corporate Communications","image":{"@type":"ImageObject","inLanguage":"de-DE","@id":"https:\/\/www.ringier.com\/de\/#\/schema\/person\/image\/","url":"https:\/\/secure.gravatar.com\/avatar\/9391e20481368d5df4fe3e1e476c13b27786347489822ec1ed07e532bb41f587?s=96&d=mm&r=g","contentUrl":"https:\/\/secure.gravatar.com\/avatar\/9391e20481368d5df4fe3e1e476c13b27786347489822ec1ed07e532bb41f587?s=96&d=mm&r=g","caption":"Ringier Corporate Communications"},"sameAs":["https:\/\/www.ringier.com"]}]}},"_links":{"self":[{"href":"https:\/\/www.ringier.com\/de\/wp-json\/wp\/v2\/posts\/5722","targetHints":{"allow":["GET"]}}],"collection":[{"href":"https:\/\/www.ringier.com\/de\/wp-json\/wp\/v2\/posts"}],"about":[{"href":"https:\/\/www.ringier.com\/de\/wp-json\/wp\/v2\/types\/post"}],"author":[{"embeddable":true,"href":"https:\/\/www.ringier.com\/de\/wp-json\/wp\/v2\/users\/23"}],"replies":[{"embeddable":true,"href":"https:\/\/www.ringier.com\/de\/wp-json\/wp\/v2\/comments?post=5722"}],"version-history":[{"count":0,"href":"https:\/\/www.ringier.com\/de\/wp-json\/wp\/v2\/posts\/5722\/revisions"}],"wp:featuredmedia":[{"embeddable":true,"href":"https:\/\/www.ringier.com\/de\/wp-json\/wp\/v2\/media\/5490"}],"wp:attachment":[{"href":"https:\/\/www.ringier.com\/de\/wp-json\/wp\/v2\/media?parent=5722"}],"wp:term":[{"taxonomy":"category","embeddable":true,"href":"https:\/\/www.ringier.com\/de\/wp-json\/wp\/v2\/categories?post=5722"},{"taxonomy":"post_tag","embeddable":true,"href":"https:\/\/www.ringier.com\/de\/wp-json\/wp\/v2\/tags?post=5722"}],"curies":[{"name":"wp","href":"https:\/\/api.w.org\/{rel}","templated":true}]}}