{"id":516,"date":"2020-08-25T08:20:00","date_gmt":"2020-08-25T06:20:00","guid":{"rendered":"https:\/\/www.ringier.com\/?p=516"},"modified":"2024-11-19T14:05:46","modified_gmt":"2024-11-19T13:05:46","slug":"relaunch-izzy-startet-im-oktober-mit-neuem-konzept","status":"publish","type":"post","link":"https:\/\/www.ringier.com\/de\/relaunch-izzy-startet-im-oktober-mit-neuem-konzept\/","title":{"rendered":"Relaunch: izzy startet im Oktober mit neuem Konzept"},"content":{"rendered":"\n<p>Seit dem Start im September 2017 ist<em>&nbsp;izzy<\/em>&nbsp;rasant gewachsen und z\u00e4hlt mittlerweile mehr als 600&#8217;000 Fans und Follower auf den Plattformen Instagram, Facebook und Youtube. Das redaktionelle Konzept \u00abUnterhaltung mit Haltung\u00bb und das konsequent f\u00fcr Social Media optimierte Storytelling treffen den Nerv des Publikums sowie der Werbekunden.&nbsp;<\/p>\n\n\n\n<p>Drei Jahre nach der Lancierung von&nbsp;<em>izzy&nbsp;<\/em>begegnet das Social-Media-Magazin dem raschen Wandel im Medienkonsum der jungen Zielgruppen sowie dem durch die Corona-Krise bedingten drastischen R\u00fcckgang der Werbeeinnahmen mit einem Relaunch. Das 12-k\u00f6pfige&nbsp;<em>izzy<\/em>-Team wird im Zuge der Konzept\u00e4nderung aufgel\u00f6st. Gespr\u00e4che \u00fcber m\u00f6gliche Weiterbesch\u00e4ftigungen innerhalb der Ringier AG werden gef\u00fchrt, einzelne Entlassungen sind nicht zu vermeiden.&nbsp;<\/p>\n\n\n\n<p>Ein neu formiertes Team \u00fcbernimmt die Verantwortung f\u00fcr die Marke und deren inhaltliche Ausgestaltung. Der Start des neuen Konzeptes ist f\u00fcr Oktober geplant. Das digitale Medienangebot wird um neue Kan\u00e4le und Erl\u00f6squellen erweitert werden. Mit der bisher aufgebauten hohen Reichweite auf Social Media, der Beliebtheit der Marke bei jungen, urbanen Menschen in der Deutschschweiz und dem Know-how der ersten drei Jahre hat&nbsp;<em>izzy&nbsp;<\/em>die optimalen Voraussetzungen f\u00fcr eine erfolgreiche n\u00e4chste Phase.<\/p>\n\n\n\n<p>Marc Walder, CEO der Ringier AG: \u00abDas Team von&nbsp;<em>izzy<\/em>&nbsp;hat Grossartiges erreicht: Innerhalb k\u00fcrzester Zeit ist diese junge Medienmarke zu einem der bekanntesten und beliebtesten Brands der jungen Deutschschweiz geworden.&nbsp;<em>Izzy<\/em>&nbsp;hat Journalismus und Storytelling f\u00fcr eine junge Zielgruppe neu definiert. Darauf bauen wir auf. Einzelheiten hierzu sowie zur zuk\u00fcnftigen Teamzusammensetzung folgen im Oktober. Bedanken m\u00f6chte ich mich bei&nbsp;<em>izzy<\/em>-Gr\u00fcnder Bernhard Brechb\u00fchl, Chief Content Officer der Energy Gruppe und seinem Team f\u00fcr die tolle Aufbauarbeit von&nbsp;<em>izzy<\/em>&nbsp;zu einem veritablen Love-Brand.\u00bb<\/p>\n\n\n\n<p>Bis Ende September l\u00e4uft&nbsp;<em>izzy&nbsp;<\/em>in bestehender Form und Teamzusammensetzung auf den Plattformen Instagram, Facebook und Youtube weiter.<\/p>\n\n\n\n<p>Ringier AG, Corporate Communications<\/p>\n","protected":false},"excerpt":{"rendered":"<p>Das Social-Media-Magazin izzy macht sich bereit f\u00fcr die n\u00e4chste Phase: Ein neu formiertes Team geht im Oktober mit einem frischen Konzept an den Start. <\/p>\n","protected":false},"author":4,"featured_media":517,"comment_status":"closed","ping_status":"open","sticky":false,"template":"","format":"standard","meta":{"inline_featured_image":false,"footnotes":""},"categories":[371,361],"tags":[],"class_list":["post-516","post","type-post","status-publish","format-standard","has-post-thumbnail","hentry","category-media-de","category-ringier-medien-schweiz"],"yoast_head":"<!-- This site is optimized with the Yoast SEO Premium plugin v27.0 (Yoast SEO v27.0) - https:\/\/yoast.com\/product\/yoast-seo-premium-wordpress\/ -->\n<title>Relaunch: izzy startet im Oktober mit neuem Konzept - Ringier<\/title>\n<meta name=\"robots\" content=\"index, follow, max-snippet:-1, max-image-preview:large, max-video-preview:-1\" \/>\n<link rel=\"canonical\" href=\"https:\/\/www.ringier.com\/de\/relaunch-izzy-startet-im-oktober-mit-neuem-konzept\/\" \/>\n<meta property=\"og:locale\" content=\"de_DE\" \/>\n<meta property=\"og:type\" content=\"article\" \/>\n<meta property=\"og:title\" content=\"Relaunch: izzy startet im Oktober mit neuem Konzept\" \/>\n<meta property=\"og:description\" content=\"Das Social-Media-Magazin izzy macht sich bereit f\u00fcr die n\u00e4chste Phase: Ein neu formiertes Team geht im Oktober mit einem frischen Konzept an den Start.\" \/>\n<meta property=\"og:url\" content=\"https:\/\/www.ringier.com\/de\/relaunch-izzy-startet-im-oktober-mit-neuem-konzept\/\" \/>\n<meta property=\"og:site_name\" content=\"Ringier\" \/>\n<meta property=\"article:publisher\" content=\"https:\/\/www.facebook.com\/ringierag\/\" \/>\n<meta property=\"article:published_time\" content=\"2020-08-25T06:20:00+00:00\" \/>\n<meta property=\"article:modified_time\" content=\"2024-11-19T13:05:46+00:00\" \/>\n<meta property=\"og:image\" content=\"https:\/\/www.ringier.com\/wp-content\/uploads\/2021\/08\/izzy_logo_600x400px.jpg\" \/>\n\t<meta property=\"og:image:width\" content=\"600\" \/>\n\t<meta property=\"og:image:height\" content=\"353\" \/>\n\t<meta property=\"og:image:type\" content=\"image\/jpeg\" \/>\n<meta name=\"author\" content=\"Lwando\" \/>\n<meta name=\"twitter:card\" content=\"summary_large_image\" \/>\n<meta name=\"twitter:creator\" content=\"@ringier_ag\" \/>\n<meta name=\"twitter:site\" content=\"@ringier_ag\" \/>\n<meta name=\"twitter:label1\" content=\"Verfasst von\" \/>\n\t<meta name=\"twitter:data1\" content=\"Lwando\" \/>\n\t<meta name=\"twitter:label2\" content=\"Gesch\u00e4tzte Lesezeit\" \/>\n\t<meta name=\"twitter:data2\" content=\"2 Minuten\" \/>\n<script type=\"application\/ld+json\" class=\"yoast-schema-graph\">{\"@context\":\"https:\/\/schema.org\",\"@graph\":[{\"@type\":\"Article\",\"@id\":\"https:\/\/www.ringier.com\/de\/relaunch-izzy-startet-im-oktober-mit-neuem-konzept\/#article\",\"isPartOf\":{\"@id\":\"https:\/\/www.ringier.com\/de\/relaunch-izzy-startet-im-oktober-mit-neuem-konzept\/\"},\"author\":{\"name\":\"Lwando\",\"@id\":\"https:\/\/www.ringier.com\/de\/#\/schema\/person\/ec7f3a3e4741556ce9b2b8abc7a6295b\"},\"headline\":\"Relaunch: izzy startet im Oktober mit neuem Konzept\",\"datePublished\":\"2020-08-25T06:20:00+00:00\",\"dateModified\":\"2024-11-19T13:05:46+00:00\",\"mainEntityOfPage\":{\"@id\":\"https:\/\/www.ringier.com\/de\/relaunch-izzy-startet-im-oktober-mit-neuem-konzept\/\"},\"wordCount\":327,\"publisher\":{\"@id\":\"https:\/\/www.ringier.com\/de\/#organization\"},\"image\":{\"@id\":\"https:\/\/www.ringier.com\/de\/relaunch-izzy-startet-im-oktober-mit-neuem-konzept\/#primaryimage\"},\"thumbnailUrl\":\"https:\/\/www.ringier.com\/wp-content\/uploads\/2021\/08\/izzy_logo_600x400px.jpg\",\"articleSection\":[\"Media\",\"Ringier Medien Schweiz\"],\"inLanguage\":\"de-DE\"},{\"@type\":\"WebPage\",\"@id\":\"https:\/\/www.ringier.com\/de\/relaunch-izzy-startet-im-oktober-mit-neuem-konzept\/\",\"url\":\"https:\/\/www.ringier.com\/de\/relaunch-izzy-startet-im-oktober-mit-neuem-konzept\/\",\"name\":\"Relaunch: izzy startet im Oktober mit neuem Konzept - Ringier\",\"isPartOf\":{\"@id\":\"https:\/\/www.ringier.com\/de\/#website\"},\"primaryImageOfPage\":{\"@id\":\"https:\/\/www.ringier.com\/de\/relaunch-izzy-startet-im-oktober-mit-neuem-konzept\/#primaryimage\"},\"image\":{\"@id\":\"https:\/\/www.ringier.com\/de\/relaunch-izzy-startet-im-oktober-mit-neuem-konzept\/#primaryimage\"},\"thumbnailUrl\":\"https:\/\/www.ringier.com\/wp-content\/uploads\/2021\/08\/izzy_logo_600x400px.jpg\",\"datePublished\":\"2020-08-25T06:20:00+00:00\",\"dateModified\":\"2024-11-19T13:05:46+00:00\",\"breadcrumb\":{\"@id\":\"https:\/\/www.ringier.com\/de\/relaunch-izzy-startet-im-oktober-mit-neuem-konzept\/#breadcrumb\"},\"inLanguage\":\"de-DE\",\"potentialAction\":[{\"@type\":\"ReadAction\",\"target\":[\"https:\/\/www.ringier.com\/de\/relaunch-izzy-startet-im-oktober-mit-neuem-konzept\/\"]}]},{\"@type\":\"ImageObject\",\"inLanguage\":\"de-DE\",\"@id\":\"https:\/\/www.ringier.com\/de\/relaunch-izzy-startet-im-oktober-mit-neuem-konzept\/#primaryimage\",\"url\":\"https:\/\/www.ringier.com\/wp-content\/uploads\/2021\/08\/izzy_logo_600x400px.jpg\",\"contentUrl\":\"https:\/\/www.ringier.com\/wp-content\/uploads\/2021\/08\/izzy_logo_600x400px.jpg\",\"width\":600,\"height\":353},{\"@type\":\"BreadcrumbList\",\"@id\":\"https:\/\/www.ringier.com\/de\/relaunch-izzy-startet-im-oktober-mit-neuem-konzept\/#breadcrumb\",\"itemListElement\":[{\"@type\":\"ListItem\",\"position\":1,\"name\":\"Home\",\"item\":\"https:\/\/www.ringier.com\/de\/\"},{\"@type\":\"ListItem\",\"position\":2,\"name\":\"Relaunch: izzy startet im Oktober mit neuem Konzept\"}]},{\"@type\":\"WebSite\",\"@id\":\"https:\/\/www.ringier.com\/de\/#website\",\"url\":\"https:\/\/www.ringier.com\/de\/\",\"name\":\"Ringier\",\"description\":\"We inform. We entertain. We connect\",\"publisher\":{\"@id\":\"https:\/\/www.ringier.com\/de\/#organization\"},\"potentialAction\":[{\"@type\":\"SearchAction\",\"target\":{\"@type\":\"EntryPoint\",\"urlTemplate\":\"https:\/\/www.ringier.com\/de\/?s={search_term_string}\"},\"query-input\":{\"@type\":\"PropertyValueSpecification\",\"valueRequired\":true,\"valueName\":\"search_term_string\"}}],\"inLanguage\":\"de-DE\"},{\"@type\":\"Organization\",\"@id\":\"https:\/\/www.ringier.com\/de\/#organization\",\"name\":\"Ringier\",\"url\":\"https:\/\/www.ringier.com\/de\/\",\"logo\":{\"@type\":\"ImageObject\",\"inLanguage\":\"de-DE\",\"@id\":\"https:\/\/www.ringier.com\/de\/#\/schema\/logo\/image\/\",\"url\":\"https:\/\/www.ringier.com\/wp-content\/uploads\/2021\/10\/ringier_logo_2.jpg\",\"contentUrl\":\"https:\/\/www.ringier.com\/wp-content\/uploads\/2021\/10\/ringier_logo_2.jpg\",\"width\":750,\"height\":550,\"caption\":\"Ringier\"},\"image\":{\"@id\":\"https:\/\/www.ringier.com\/de\/#\/schema\/logo\/image\/\"},\"sameAs\":[\"https:\/\/www.facebook.com\/ringierag\/\",\"https:\/\/x.com\/ringier_ag\",\"https:\/\/www.instagram.com\/ringier_ag\/\",\"https:\/\/www.linkedin.com\/company\/ringier\/\",\"https:\/\/www.youtube.com\/user\/RingierComm\",\"https:\/\/en.wikipedia.org\/wiki\/Ringier\",\"https:\/\/de.wikipedia.org\/wiki\/Ringier\",\"https:\/\/fr.wikipedia.org\/wiki\/Ringier\",\"https:\/\/www.crunchbase.com\/organization\/ringier-ag\"]},{\"@type\":\"Person\",\"@id\":\"https:\/\/www.ringier.com\/de\/#\/schema\/person\/ec7f3a3e4741556ce9b2b8abc7a6295b\",\"name\":\"Lwando\",\"image\":{\"@type\":\"ImageObject\",\"inLanguage\":\"de-DE\",\"@id\":\"https:\/\/www.ringier.com\/de\/#\/schema\/person\/image\/\",\"url\":\"https:\/\/secure.gravatar.com\/avatar\/a4bbea3d94872d9486a8288bc84e9b1f489e28dfa39d1e54289e36655d7921d2?s=96&d=mm&r=g\",\"contentUrl\":\"https:\/\/secure.gravatar.com\/avatar\/a4bbea3d94872d9486a8288bc84e9b1f489e28dfa39d1e54289e36655d7921d2?s=96&d=mm&r=g\",\"caption\":\"Lwando\"}}]}<\/script>\n<!-- \/ Yoast SEO Premium plugin. -->","yoast_head_json":{"title":"Relaunch: izzy startet im Oktober mit neuem Konzept - Ringier","robots":{"index":"index","follow":"follow","max-snippet":"max-snippet:-1","max-image-preview":"max-image-preview:large","max-video-preview":"max-video-preview:-1"},"canonical":"https:\/\/www.ringier.com\/de\/relaunch-izzy-startet-im-oktober-mit-neuem-konzept\/","og_locale":"de_DE","og_type":"article","og_title":"Relaunch: izzy startet im Oktober mit neuem Konzept","og_description":"Das Social-Media-Magazin izzy macht sich bereit f\u00fcr die n\u00e4chste Phase: Ein neu formiertes Team geht im Oktober mit einem frischen Konzept an den Start.","og_url":"https:\/\/www.ringier.com\/de\/relaunch-izzy-startet-im-oktober-mit-neuem-konzept\/","og_site_name":"Ringier","article_publisher":"https:\/\/www.facebook.com\/ringierag\/","article_published_time":"2020-08-25T06:20:00+00:00","article_modified_time":"2024-11-19T13:05:46+00:00","og_image":[{"width":600,"height":353,"url":"https:\/\/www.ringier.com\/wp-content\/uploads\/2021\/08\/izzy_logo_600x400px.jpg","type":"image\/jpeg"}],"author":"Lwando","twitter_card":"summary_large_image","twitter_creator":"@ringier_ag","twitter_site":"@ringier_ag","twitter_misc":{"Verfasst von":"Lwando","Gesch\u00e4tzte Lesezeit":"2 Minuten"},"schema":{"@context":"https:\/\/schema.org","@graph":[{"@type":"Article","@id":"https:\/\/www.ringier.com\/de\/relaunch-izzy-startet-im-oktober-mit-neuem-konzept\/#article","isPartOf":{"@id":"https:\/\/www.ringier.com\/de\/relaunch-izzy-startet-im-oktober-mit-neuem-konzept\/"},"author":{"name":"Lwando","@id":"https:\/\/www.ringier.com\/de\/#\/schema\/person\/ec7f3a3e4741556ce9b2b8abc7a6295b"},"headline":"Relaunch: izzy startet im Oktober mit neuem Konzept","datePublished":"2020-08-25T06:20:00+00:00","dateModified":"2024-11-19T13:05:46+00:00","mainEntityOfPage":{"@id":"https:\/\/www.ringier.com\/de\/relaunch-izzy-startet-im-oktober-mit-neuem-konzept\/"},"wordCount":327,"publisher":{"@id":"https:\/\/www.ringier.com\/de\/#organization"},"image":{"@id":"https:\/\/www.ringier.com\/de\/relaunch-izzy-startet-im-oktober-mit-neuem-konzept\/#primaryimage"},"thumbnailUrl":"https:\/\/www.ringier.com\/wp-content\/uploads\/2021\/08\/izzy_logo_600x400px.jpg","articleSection":["Media","Ringier Medien Schweiz"],"inLanguage":"de-DE"},{"@type":"WebPage","@id":"https:\/\/www.ringier.com\/de\/relaunch-izzy-startet-im-oktober-mit-neuem-konzept\/","url":"https:\/\/www.ringier.com\/de\/relaunch-izzy-startet-im-oktober-mit-neuem-konzept\/","name":"Relaunch: izzy startet im Oktober mit neuem Konzept - Ringier","isPartOf":{"@id":"https:\/\/www.ringier.com\/de\/#website"},"primaryImageOfPage":{"@id":"https:\/\/www.ringier.com\/de\/relaunch-izzy-startet-im-oktober-mit-neuem-konzept\/#primaryimage"},"image":{"@id":"https:\/\/www.ringier.com\/de\/relaunch-izzy-startet-im-oktober-mit-neuem-konzept\/#primaryimage"},"thumbnailUrl":"https:\/\/www.ringier.com\/wp-content\/uploads\/2021\/08\/izzy_logo_600x400px.jpg","datePublished":"2020-08-25T06:20:00+00:00","dateModified":"2024-11-19T13:05:46+00:00","breadcrumb":{"@id":"https:\/\/www.ringier.com\/de\/relaunch-izzy-startet-im-oktober-mit-neuem-konzept\/#breadcrumb"},"inLanguage":"de-DE","potentialAction":[{"@type":"ReadAction","target":["https:\/\/www.ringier.com\/de\/relaunch-izzy-startet-im-oktober-mit-neuem-konzept\/"]}]},{"@type":"ImageObject","inLanguage":"de-DE","@id":"https:\/\/www.ringier.com\/de\/relaunch-izzy-startet-im-oktober-mit-neuem-konzept\/#primaryimage","url":"https:\/\/www.ringier.com\/wp-content\/uploads\/2021\/08\/izzy_logo_600x400px.jpg","contentUrl":"https:\/\/www.ringier.com\/wp-content\/uploads\/2021\/08\/izzy_logo_600x400px.jpg","width":600,"height":353},{"@type":"BreadcrumbList","@id":"https:\/\/www.ringier.com\/de\/relaunch-izzy-startet-im-oktober-mit-neuem-konzept\/#breadcrumb","itemListElement":[{"@type":"ListItem","position":1,"name":"Home","item":"https:\/\/www.ringier.com\/de\/"},{"@type":"ListItem","position":2,"name":"Relaunch: izzy startet im Oktober mit neuem Konzept"}]},{"@type":"WebSite","@id":"https:\/\/www.ringier.com\/de\/#website","url":"https:\/\/www.ringier.com\/de\/","name":"Ringier","description":"We inform. We entertain. We connect","publisher":{"@id":"https:\/\/www.ringier.com\/de\/#organization"},"potentialAction":[{"@type":"SearchAction","target":{"@type":"EntryPoint","urlTemplate":"https:\/\/www.ringier.com\/de\/?s={search_term_string}"},"query-input":{"@type":"PropertyValueSpecification","valueRequired":true,"valueName":"search_term_string"}}],"inLanguage":"de-DE"},{"@type":"Organization","@id":"https:\/\/www.ringier.com\/de\/#organization","name":"Ringier","url":"https:\/\/www.ringier.com\/de\/","logo":{"@type":"ImageObject","inLanguage":"de-DE","@id":"https:\/\/www.ringier.com\/de\/#\/schema\/logo\/image\/","url":"https:\/\/www.ringier.com\/wp-content\/uploads\/2021\/10\/ringier_logo_2.jpg","contentUrl":"https:\/\/www.ringier.com\/wp-content\/uploads\/2021\/10\/ringier_logo_2.jpg","width":750,"height":550,"caption":"Ringier"},"image":{"@id":"https:\/\/www.ringier.com\/de\/#\/schema\/logo\/image\/"},"sameAs":["https:\/\/www.facebook.com\/ringierag\/","https:\/\/x.com\/ringier_ag","https:\/\/www.instagram.com\/ringier_ag\/","https:\/\/www.linkedin.com\/company\/ringier\/","https:\/\/www.youtube.com\/user\/RingierComm","https:\/\/en.wikipedia.org\/wiki\/Ringier","https:\/\/de.wikipedia.org\/wiki\/Ringier","https:\/\/fr.wikipedia.org\/wiki\/Ringier","https:\/\/www.crunchbase.com\/organization\/ringier-ag"]},{"@type":"Person","@id":"https:\/\/www.ringier.com\/de\/#\/schema\/person\/ec7f3a3e4741556ce9b2b8abc7a6295b","name":"Lwando","image":{"@type":"ImageObject","inLanguage":"de-DE","@id":"https:\/\/www.ringier.com\/de\/#\/schema\/person\/image\/","url":"https:\/\/secure.gravatar.com\/avatar\/a4bbea3d94872d9486a8288bc84e9b1f489e28dfa39d1e54289e36655d7921d2?s=96&d=mm&r=g","contentUrl":"https:\/\/secure.gravatar.com\/avatar\/a4bbea3d94872d9486a8288bc84e9b1f489e28dfa39d1e54289e36655d7921d2?s=96&d=mm&r=g","caption":"Lwando"}}]}},"_links":{"self":[{"href":"https:\/\/www.ringier.com\/de\/wp-json\/wp\/v2\/posts\/516","targetHints":{"allow":["GET"]}}],"collection":[{"href":"https:\/\/www.ringier.com\/de\/wp-json\/wp\/v2\/posts"}],"about":[{"href":"https:\/\/www.ringier.com\/de\/wp-json\/wp\/v2\/types\/post"}],"author":[{"embeddable":true,"href":"https:\/\/www.ringier.com\/de\/wp-json\/wp\/v2\/users\/4"}],"replies":[{"embeddable":true,"href":"https:\/\/www.ringier.com\/de\/wp-json\/wp\/v2\/comments?post=516"}],"version-history":[{"count":0,"href":"https:\/\/www.ringier.com\/de\/wp-json\/wp\/v2\/posts\/516\/revisions"}],"wp:featuredmedia":[{"embeddable":true,"href":"https:\/\/www.ringier.com\/de\/wp-json\/wp\/v2\/media\/517"}],"wp:attachment":[{"href":"https:\/\/www.ringier.com\/de\/wp-json\/wp\/v2\/media?parent=516"}],"wp:term":[{"taxonomy":"category","embeddable":true,"href":"https:\/\/www.ringier.com\/de\/wp-json\/wp\/v2\/categories?post=516"},{"taxonomy":"post_tag","embeddable":true,"href":"https:\/\/www.ringier.com\/de\/wp-json\/wp\/v2\/tags?post=516"}],"curies":[{"name":"wp","href":"https:\/\/api.w.org\/{rel}","templated":true}]}}