{"id":502,"date":"2020-12-17T04:31:00","date_gmt":"2020-12-17T03:31:00","guid":{"rendered":"https:\/\/www.ringier.com\/ringier-and-ringier-axel-springer-switzerland-offer-four-weeks-paternity-leave\/"},"modified":"2024-01-17T09:41:05","modified_gmt":"2024-01-17T08:41:05","slug":"ringier-und-ringier-axel-springer-schweiz-bieten-neu-vier-wochen-vaterschaftszeit","status":"publish","type":"post","link":"https:\/\/www.ringier.com\/de\/ringier-und-ringier-axel-springer-schweiz-bieten-neu-vier-wochen-vaterschaftszeit\/","title":{"rendered":"Ringier und Ringier Axel Springer Schweiz bieten neu vier Wochen Vaterschaftszeit"},"content":{"rendered":"\n<p>Mitarbeitende von Ringier und Ringier Axel Springer Schweiz erhalten ab Januar 2021 eine vierw\u00f6chige Vaterschaftszeit. Die Mutterschaftszeit geht bereits heute mit 16 Wochen bei 100-prozentiger Lohnfortzahlung \u00fcber die gesetzlichen Mindestanforderungen hinaus. Des Weiteren werden Eltern auch in der Kinderbetreuung unterst\u00fctzt.<\/p>\n\n\n\n<p>Ende August wurde das Diversity &amp; Inclusion Board lanciert, um Diversity &amp; Inclusion als Teil der Unternehmenskultur und des gelebten Alltags fest bei Ringier und Ringier Axel Springer Schweiz zu verankern. \u00abMit der erh\u00f6hten Vaterschaftszeit st\u00e4rken wir unsere Position als familienfreundliche Arbeitgeberinnen, die die Vereinbarkeit von Beruf und Familie f\u00f6rdern und einen aktiven Beitrag zu Gleichstellung leisten\u00bb, sagt Susanne Jud, Chief People Officer von Ringier. Eine verl\u00e4ngerte Vaterschaftszeit ist daf\u00fcr bedeutend, da wissenschaftliche Studien zeigen, dass mehr Zeit der V\u00e4ter mit ihrem Nachwuchs wesentlich zur Gleichstellung der Elternteile beitr\u00e4gt.<\/p>\n\n\n\n<p><strong>Vielfalt als Chance<\/strong><\/p>\n\n\n\n<p>\u00abUnsere Mitarbeitenden bilden die Vielfalt der Gesellschaft ab. Alle Menschen \u2013 unabh\u00e4ngig von Geschlecht, Herkunft oder Nationalit\u00e4t, sexueller Orientierung, Religion oder physischen Eigenschaften \u2013 sind bei uns willkommen. Um die Vielfalt zu st\u00e4rken und zu erhalten, setzen wir auf das kontinuierliche Hinterfragen von bestehenden Massnahmen und auf deren Weiterentwicklung\u00bb, sagt Patricia Franzoni, Head HR bei Ringier Axel Springer Schweiz. Ringier und Ringier Axel Springer Schweiz verstehen sich als Unternehmen, in denen es selbstverst\u00e4ndlich ist, verschieden zu sein. Sie schaffen ein Arbeitsumfeld, in dem Menschen durch ihre individuellen F\u00e4higkeiten und Lebenserfahrungen neue, wertvolle Perspektiven einbringen. Das wird bereits bei der Erarbeitung der Diversity &amp; Inclusion-Strategie direkt gelebt: Mitarbeitende werden aktiv involviert.<\/p>\n\n\n\n<p>Besetzt ist das Diversity &amp; Inclusion Board mit den drei Ringier-Gesch\u00e4ftsleitungsmitgliedern Annabella Bassler, Ladina Heimgartner, Alexander Theobald sowie mit Susanne Jud (Chief People Officer), Axel Konjack (International Marketplaces), Christian Dorer (Blick-Gruppe) und Patricia Franzoni (HR Ringier Axel Springer Schweiz AG).<\/p>\n\n\n\n<p>Ringier AG, Corporate Communications<\/p>\n","protected":false},"excerpt":{"rendered":"<p>Ringier sowie das Tochterunternehmen Ringier Axel Springer Schweiz gew\u00e4hren ihren Mitarbeitenden neu eine Vaterschaftszeit von 20 Tagen und gehen damit \u00fcber das gesetzliche Minimum hinaus. Diese Erweiterung und damit St\u00e4rkung der Vereinbarkeit von Beruf und Familie ist Teil der \u00abDiversity &#038; Inclusion Strategy\u00bb des im Sommer lancierten Diversity &#038; Inclusion Boards.<\/p>\n","protected":false},"author":3,"featured_media":8882,"comment_status":"closed","ping_status":"open","sticky":false,"template":"","format":"standard","meta":{"inline_featured_image":false,"footnotes":""},"categories":[44,361],"tags":[],"class_list":["post-502","post","type-post","status-publish","format-standard","has-post-thumbnail","hentry","category-corporate-de","category-ringier-medien-schweiz"],"yoast_head":"<!-- This site is optimized with the Yoast SEO Premium plugin v27.0 (Yoast SEO v27.0) - https:\/\/yoast.com\/product\/yoast-seo-premium-wordpress\/ -->\n<title>Ringier und Ringier Axel Springer Schweiz bieten neu vier Wochen Vaterschaftszeit - Ringier<\/title>\n<meta name=\"robots\" content=\"index, follow, max-snippet:-1, max-image-preview:large, max-video-preview:-1\" \/>\n<link rel=\"canonical\" href=\"https:\/\/www.ringier.com\/de\/ringier-und-ringier-axel-springer-schweiz-bieten-neu-vier-wochen-vaterschaftszeit\/\" \/>\n<meta property=\"og:locale\" content=\"de_DE\" \/>\n<meta property=\"og:type\" content=\"article\" \/>\n<meta property=\"og:title\" content=\"Ringier und Ringier Axel Springer Schweiz bieten neu vier Wochen Vaterschaftszeit\" \/>\n<meta property=\"og:description\" content=\"Ringier sowie das Tochterunternehmen Ringier Axel Springer Schweiz gew\u00e4hren ihren Mitarbeitenden neu eine Vaterschaftszeit von 20 Tagen und gehen damit \u00fcber das gesetzliche Minimum hinaus. Diese Erweiterung und damit St\u00e4rkung der Vereinbarkeit von Beruf und Familie ist Teil der \u00abDiversity &amp; Inclusion Strategy\u00bb des im Sommer lancierten Diversity &amp; Inclusion Boards.\" \/>\n<meta property=\"og:url\" content=\"https:\/\/www.ringier.com\/de\/ringier-und-ringier-axel-springer-schweiz-bieten-neu-vier-wochen-vaterschaftszeit\/\" \/>\n<meta property=\"og:site_name\" content=\"Ringier\" \/>\n<meta property=\"article:publisher\" content=\"https:\/\/www.facebook.com\/ringierag\/\" \/>\n<meta property=\"article:published_time\" content=\"2020-12-17T03:31:00+00:00\" \/>\n<meta property=\"article:modified_time\" content=\"2024-01-17T08:41:05+00:00\" \/>\n<meta name=\"author\" content=\"Nicholas\" \/>\n<meta name=\"twitter:card\" content=\"summary_large_image\" \/>\n<meta name=\"twitter:creator\" content=\"@ringier_ag\" \/>\n<meta name=\"twitter:site\" content=\"@ringier_ag\" \/>\n<meta name=\"twitter:label1\" content=\"Verfasst von\" \/>\n\t<meta name=\"twitter:data1\" content=\"Nicholas\" \/>\n\t<meta name=\"twitter:label2\" content=\"Gesch\u00e4tzte Lesezeit\" \/>\n\t<meta name=\"twitter:data2\" content=\"2 Minuten\" \/>\n<script type=\"application\/ld+json\" class=\"yoast-schema-graph\">{\"@context\":\"https:\/\/schema.org\",\"@graph\":[{\"@type\":\"Article\",\"@id\":\"https:\/\/www.ringier.com\/de\/ringier-und-ringier-axel-springer-schweiz-bieten-neu-vier-wochen-vaterschaftszeit\/#article\",\"isPartOf\":{\"@id\":\"https:\/\/www.ringier.com\/de\/ringier-und-ringier-axel-springer-schweiz-bieten-neu-vier-wochen-vaterschaftszeit\/\"},\"author\":{\"name\":\"Nicholas\",\"@id\":\"https:\/\/www.ringier.com\/de\/#\/schema\/person\/ef164bb88b53619f3cc80536647bf2f7\"},\"headline\":\"Ringier und Ringier Axel Springer Schweiz bieten neu vier Wochen Vaterschaftszeit\",\"datePublished\":\"2020-12-17T03:31:00+00:00\",\"dateModified\":\"2024-01-17T08:41:05+00:00\",\"mainEntityOfPage\":{\"@id\":\"https:\/\/www.ringier.com\/de\/ringier-und-ringier-axel-springer-schweiz-bieten-neu-vier-wochen-vaterschaftszeit\/\"},\"wordCount\":308,\"publisher\":{\"@id\":\"https:\/\/www.ringier.com\/de\/#organization\"},\"image\":{\"@id\":\"https:\/\/www.ringier.com\/de\/ringier-und-ringier-axel-springer-schweiz-bieten-neu-vier-wochen-vaterschaftszeit\/#primaryimage\"},\"thumbnailUrl\":\"https:\/\/www.ringier.com\/wp-content\/uploads\/2021\/09\/21_DiversityInclusion-Intro.svg\",\"articleSection\":[\"Corporate\",\"Ringier Medien Schweiz\"],\"inLanguage\":\"de-DE\"},{\"@type\":\"WebPage\",\"@id\":\"https:\/\/www.ringier.com\/de\/ringier-und-ringier-axel-springer-schweiz-bieten-neu-vier-wochen-vaterschaftszeit\/\",\"url\":\"https:\/\/www.ringier.com\/de\/ringier-und-ringier-axel-springer-schweiz-bieten-neu-vier-wochen-vaterschaftszeit\/\",\"name\":\"Ringier und Ringier Axel Springer Schweiz bieten neu vier Wochen Vaterschaftszeit - Ringier\",\"isPartOf\":{\"@id\":\"https:\/\/www.ringier.com\/de\/#website\"},\"primaryImageOfPage\":{\"@id\":\"https:\/\/www.ringier.com\/de\/ringier-und-ringier-axel-springer-schweiz-bieten-neu-vier-wochen-vaterschaftszeit\/#primaryimage\"},\"image\":{\"@id\":\"https:\/\/www.ringier.com\/de\/ringier-und-ringier-axel-springer-schweiz-bieten-neu-vier-wochen-vaterschaftszeit\/#primaryimage\"},\"thumbnailUrl\":\"https:\/\/www.ringier.com\/wp-content\/uploads\/2021\/09\/21_DiversityInclusion-Intro.svg\",\"datePublished\":\"2020-12-17T03:31:00+00:00\",\"dateModified\":\"2024-01-17T08:41:05+00:00\",\"breadcrumb\":{\"@id\":\"https:\/\/www.ringier.com\/de\/ringier-und-ringier-axel-springer-schweiz-bieten-neu-vier-wochen-vaterschaftszeit\/#breadcrumb\"},\"inLanguage\":\"de-DE\",\"potentialAction\":[{\"@type\":\"ReadAction\",\"target\":[\"https:\/\/www.ringier.com\/de\/ringier-und-ringier-axel-springer-schweiz-bieten-neu-vier-wochen-vaterschaftszeit\/\"]}]},{\"@type\":\"ImageObject\",\"inLanguage\":\"de-DE\",\"@id\":\"https:\/\/www.ringier.com\/de\/ringier-und-ringier-axel-springer-schweiz-bieten-neu-vier-wochen-vaterschaftszeit\/#primaryimage\",\"url\":\"https:\/\/www.ringier.com\/wp-content\/uploads\/2021\/09\/21_DiversityInclusion-Intro.svg\",\"contentUrl\":\"https:\/\/www.ringier.com\/wp-content\/uploads\/2021\/09\/21_DiversityInclusion-Intro.svg\"},{\"@type\":\"BreadcrumbList\",\"@id\":\"https:\/\/www.ringier.com\/de\/ringier-und-ringier-axel-springer-schweiz-bieten-neu-vier-wochen-vaterschaftszeit\/#breadcrumb\",\"itemListElement\":[{\"@type\":\"ListItem\",\"position\":1,\"name\":\"Home\",\"item\":\"https:\/\/www.ringier.com\/de\/\"},{\"@type\":\"ListItem\",\"position\":2,\"name\":\"Ringier und Ringier Axel Springer Schweiz bieten neu vier Wochen Vaterschaftszeit\"}]},{\"@type\":\"WebSite\",\"@id\":\"https:\/\/www.ringier.com\/de\/#website\",\"url\":\"https:\/\/www.ringier.com\/de\/\",\"name\":\"Ringier\",\"description\":\"We inform. We entertain. We connect\",\"publisher\":{\"@id\":\"https:\/\/www.ringier.com\/de\/#organization\"},\"potentialAction\":[{\"@type\":\"SearchAction\",\"target\":{\"@type\":\"EntryPoint\",\"urlTemplate\":\"https:\/\/www.ringier.com\/de\/?s={search_term_string}\"},\"query-input\":{\"@type\":\"PropertyValueSpecification\",\"valueRequired\":true,\"valueName\":\"search_term_string\"}}],\"inLanguage\":\"de-DE\"},{\"@type\":\"Organization\",\"@id\":\"https:\/\/www.ringier.com\/de\/#organization\",\"name\":\"Ringier\",\"url\":\"https:\/\/www.ringier.com\/de\/\",\"logo\":{\"@type\":\"ImageObject\",\"inLanguage\":\"de-DE\",\"@id\":\"https:\/\/www.ringier.com\/de\/#\/schema\/logo\/image\/\",\"url\":\"https:\/\/www.ringier.com\/wp-content\/uploads\/2021\/10\/ringier_logo_2.jpg\",\"contentUrl\":\"https:\/\/www.ringier.com\/wp-content\/uploads\/2021\/10\/ringier_logo_2.jpg\",\"width\":750,\"height\":550,\"caption\":\"Ringier\"},\"image\":{\"@id\":\"https:\/\/www.ringier.com\/de\/#\/schema\/logo\/image\/\"},\"sameAs\":[\"https:\/\/www.facebook.com\/ringierag\/\",\"https:\/\/x.com\/ringier_ag\",\"https:\/\/www.instagram.com\/ringier_ag\/\",\"https:\/\/www.linkedin.com\/company\/ringier\/\",\"https:\/\/www.youtube.com\/user\/RingierComm\",\"https:\/\/en.wikipedia.org\/wiki\/Ringier\",\"https:\/\/de.wikipedia.org\/wiki\/Ringier\",\"https:\/\/fr.wikipedia.org\/wiki\/Ringier\",\"https:\/\/www.crunchbase.com\/organization\/ringier-ag\"]},{\"@type\":\"Person\",\"@id\":\"https:\/\/www.ringier.com\/de\/#\/schema\/person\/ef164bb88b53619f3cc80536647bf2f7\",\"name\":\"Nicholas\",\"image\":{\"@type\":\"ImageObject\",\"inLanguage\":\"de-DE\",\"@id\":\"https:\/\/www.ringier.com\/de\/#\/schema\/person\/image\/\",\"url\":\"https:\/\/secure.gravatar.com\/avatar\/9572d1b2c83fc5618f4ee102ee13e31ca8c6e2b2e94c5f07c5f90dac4d28d76c?s=96&d=mm&r=g\",\"contentUrl\":\"https:\/\/secure.gravatar.com\/avatar\/9572d1b2c83fc5618f4ee102ee13e31ca8c6e2b2e94c5f07c5f90dac4d28d76c?s=96&d=mm&r=g\",\"caption\":\"Nicholas\"}}]}<\/script>\n<!-- \/ Yoast SEO Premium plugin. -->","yoast_head_json":{"title":"Ringier und Ringier Axel Springer Schweiz bieten neu vier Wochen Vaterschaftszeit - Ringier","robots":{"index":"index","follow":"follow","max-snippet":"max-snippet:-1","max-image-preview":"max-image-preview:large","max-video-preview":"max-video-preview:-1"},"canonical":"https:\/\/www.ringier.com\/de\/ringier-und-ringier-axel-springer-schweiz-bieten-neu-vier-wochen-vaterschaftszeit\/","og_locale":"de_DE","og_type":"article","og_title":"Ringier und Ringier Axel Springer Schweiz bieten neu vier Wochen Vaterschaftszeit","og_description":"Ringier sowie das Tochterunternehmen Ringier Axel Springer Schweiz gew\u00e4hren ihren Mitarbeitenden neu eine Vaterschaftszeit von 20 Tagen und gehen damit \u00fcber das gesetzliche Minimum hinaus. Diese Erweiterung und damit St\u00e4rkung der Vereinbarkeit von Beruf und Familie ist Teil der \u00abDiversity & Inclusion Strategy\u00bb des im Sommer lancierten Diversity & Inclusion Boards.","og_url":"https:\/\/www.ringier.com\/de\/ringier-und-ringier-axel-springer-schweiz-bieten-neu-vier-wochen-vaterschaftszeit\/","og_site_name":"Ringier","article_publisher":"https:\/\/www.facebook.com\/ringierag\/","article_published_time":"2020-12-17T03:31:00+00:00","article_modified_time":"2024-01-17T08:41:05+00:00","author":"Nicholas","twitter_card":"summary_large_image","twitter_creator":"@ringier_ag","twitter_site":"@ringier_ag","twitter_misc":{"Verfasst von":"Nicholas","Gesch\u00e4tzte Lesezeit":"2 Minuten"},"schema":{"@context":"https:\/\/schema.org","@graph":[{"@type":"Article","@id":"https:\/\/www.ringier.com\/de\/ringier-und-ringier-axel-springer-schweiz-bieten-neu-vier-wochen-vaterschaftszeit\/#article","isPartOf":{"@id":"https:\/\/www.ringier.com\/de\/ringier-und-ringier-axel-springer-schweiz-bieten-neu-vier-wochen-vaterschaftszeit\/"},"author":{"name":"Nicholas","@id":"https:\/\/www.ringier.com\/de\/#\/schema\/person\/ef164bb88b53619f3cc80536647bf2f7"},"headline":"Ringier und Ringier Axel Springer Schweiz bieten neu vier Wochen Vaterschaftszeit","datePublished":"2020-12-17T03:31:00+00:00","dateModified":"2024-01-17T08:41:05+00:00","mainEntityOfPage":{"@id":"https:\/\/www.ringier.com\/de\/ringier-und-ringier-axel-springer-schweiz-bieten-neu-vier-wochen-vaterschaftszeit\/"},"wordCount":308,"publisher":{"@id":"https:\/\/www.ringier.com\/de\/#organization"},"image":{"@id":"https:\/\/www.ringier.com\/de\/ringier-und-ringier-axel-springer-schweiz-bieten-neu-vier-wochen-vaterschaftszeit\/#primaryimage"},"thumbnailUrl":"https:\/\/www.ringier.com\/wp-content\/uploads\/2021\/09\/21_DiversityInclusion-Intro.svg","articleSection":["Corporate","Ringier Medien Schweiz"],"inLanguage":"de-DE"},{"@type":"WebPage","@id":"https:\/\/www.ringier.com\/de\/ringier-und-ringier-axel-springer-schweiz-bieten-neu-vier-wochen-vaterschaftszeit\/","url":"https:\/\/www.ringier.com\/de\/ringier-und-ringier-axel-springer-schweiz-bieten-neu-vier-wochen-vaterschaftszeit\/","name":"Ringier und Ringier Axel Springer Schweiz bieten neu vier Wochen Vaterschaftszeit - Ringier","isPartOf":{"@id":"https:\/\/www.ringier.com\/de\/#website"},"primaryImageOfPage":{"@id":"https:\/\/www.ringier.com\/de\/ringier-und-ringier-axel-springer-schweiz-bieten-neu-vier-wochen-vaterschaftszeit\/#primaryimage"},"image":{"@id":"https:\/\/www.ringier.com\/de\/ringier-und-ringier-axel-springer-schweiz-bieten-neu-vier-wochen-vaterschaftszeit\/#primaryimage"},"thumbnailUrl":"https:\/\/www.ringier.com\/wp-content\/uploads\/2021\/09\/21_DiversityInclusion-Intro.svg","datePublished":"2020-12-17T03:31:00+00:00","dateModified":"2024-01-17T08:41:05+00:00","breadcrumb":{"@id":"https:\/\/www.ringier.com\/de\/ringier-und-ringier-axel-springer-schweiz-bieten-neu-vier-wochen-vaterschaftszeit\/#breadcrumb"},"inLanguage":"de-DE","potentialAction":[{"@type":"ReadAction","target":["https:\/\/www.ringier.com\/de\/ringier-und-ringier-axel-springer-schweiz-bieten-neu-vier-wochen-vaterschaftszeit\/"]}]},{"@type":"ImageObject","inLanguage":"de-DE","@id":"https:\/\/www.ringier.com\/de\/ringier-und-ringier-axel-springer-schweiz-bieten-neu-vier-wochen-vaterschaftszeit\/#primaryimage","url":"https:\/\/www.ringier.com\/wp-content\/uploads\/2021\/09\/21_DiversityInclusion-Intro.svg","contentUrl":"https:\/\/www.ringier.com\/wp-content\/uploads\/2021\/09\/21_DiversityInclusion-Intro.svg"},{"@type":"BreadcrumbList","@id":"https:\/\/www.ringier.com\/de\/ringier-und-ringier-axel-springer-schweiz-bieten-neu-vier-wochen-vaterschaftszeit\/#breadcrumb","itemListElement":[{"@type":"ListItem","position":1,"name":"Home","item":"https:\/\/www.ringier.com\/de\/"},{"@type":"ListItem","position":2,"name":"Ringier und Ringier Axel Springer Schweiz bieten neu vier Wochen Vaterschaftszeit"}]},{"@type":"WebSite","@id":"https:\/\/www.ringier.com\/de\/#website","url":"https:\/\/www.ringier.com\/de\/","name":"Ringier","description":"We inform. We entertain. We connect","publisher":{"@id":"https:\/\/www.ringier.com\/de\/#organization"},"potentialAction":[{"@type":"SearchAction","target":{"@type":"EntryPoint","urlTemplate":"https:\/\/www.ringier.com\/de\/?s={search_term_string}"},"query-input":{"@type":"PropertyValueSpecification","valueRequired":true,"valueName":"search_term_string"}}],"inLanguage":"de-DE"},{"@type":"Organization","@id":"https:\/\/www.ringier.com\/de\/#organization","name":"Ringier","url":"https:\/\/www.ringier.com\/de\/","logo":{"@type":"ImageObject","inLanguage":"de-DE","@id":"https:\/\/www.ringier.com\/de\/#\/schema\/logo\/image\/","url":"https:\/\/www.ringier.com\/wp-content\/uploads\/2021\/10\/ringier_logo_2.jpg","contentUrl":"https:\/\/www.ringier.com\/wp-content\/uploads\/2021\/10\/ringier_logo_2.jpg","width":750,"height":550,"caption":"Ringier"},"image":{"@id":"https:\/\/www.ringier.com\/de\/#\/schema\/logo\/image\/"},"sameAs":["https:\/\/www.facebook.com\/ringierag\/","https:\/\/x.com\/ringier_ag","https:\/\/www.instagram.com\/ringier_ag\/","https:\/\/www.linkedin.com\/company\/ringier\/","https:\/\/www.youtube.com\/user\/RingierComm","https:\/\/en.wikipedia.org\/wiki\/Ringier","https:\/\/de.wikipedia.org\/wiki\/Ringier","https:\/\/fr.wikipedia.org\/wiki\/Ringier","https:\/\/www.crunchbase.com\/organization\/ringier-ag"]},{"@type":"Person","@id":"https:\/\/www.ringier.com\/de\/#\/schema\/person\/ef164bb88b53619f3cc80536647bf2f7","name":"Nicholas","image":{"@type":"ImageObject","inLanguage":"de-DE","@id":"https:\/\/www.ringier.com\/de\/#\/schema\/person\/image\/","url":"https:\/\/secure.gravatar.com\/avatar\/9572d1b2c83fc5618f4ee102ee13e31ca8c6e2b2e94c5f07c5f90dac4d28d76c?s=96&d=mm&r=g","contentUrl":"https:\/\/secure.gravatar.com\/avatar\/9572d1b2c83fc5618f4ee102ee13e31ca8c6e2b2e94c5f07c5f90dac4d28d76c?s=96&d=mm&r=g","caption":"Nicholas"}}]}},"_links":{"self":[{"href":"https:\/\/www.ringier.com\/de\/wp-json\/wp\/v2\/posts\/502","targetHints":{"allow":["GET"]}}],"collection":[{"href":"https:\/\/www.ringier.com\/de\/wp-json\/wp\/v2\/posts"}],"about":[{"href":"https:\/\/www.ringier.com\/de\/wp-json\/wp\/v2\/types\/post"}],"author":[{"embeddable":true,"href":"https:\/\/www.ringier.com\/de\/wp-json\/wp\/v2\/users\/3"}],"replies":[{"embeddable":true,"href":"https:\/\/www.ringier.com\/de\/wp-json\/wp\/v2\/comments?post=502"}],"version-history":[{"count":0,"href":"https:\/\/www.ringier.com\/de\/wp-json\/wp\/v2\/posts\/502\/revisions"}],"wp:featuredmedia":[{"embeddable":true,"href":"https:\/\/www.ringier.com\/de\/wp-json\/wp\/v2\/media\/8882"}],"wp:attachment":[{"href":"https:\/\/www.ringier.com\/de\/wp-json\/wp\/v2\/media?parent=502"}],"wp:term":[{"taxonomy":"category","embeddable":true,"href":"https:\/\/www.ringier.com\/de\/wp-json\/wp\/v2\/categories?post=502"},{"taxonomy":"post_tag","embeddable":true,"href":"https:\/\/www.ringier.com\/de\/wp-json\/wp\/v2\/tags?post=502"}],"curies":[{"name":"wp","href":"https:\/\/api.w.org\/{rel}","templated":true}]}}