{"id":479,"date":"2019-10-29T16:22:00","date_gmt":"2019-10-29T15:22:00","guid":{"rendered":"https:\/\/www.ringier.com\/?p=479"},"modified":"2025-06-24T11:27:16","modified_gmt":"2025-06-24T09:27:16","slug":"ladina-heimgartner-wechselt-von-srg-zur-ringier-ag","status":"publish","type":"post","link":"https:\/\/www.ringier.com\/de\/ladina-heimgartner-wechselt-von-srg-zur-ringier-ag\/","title":{"rendered":"Ladina Heimgartner wechselt von SRG zu Ringier"},"content":{"rendered":"\n<p>Nach 13 Jahren bei der SRG, davon rund sechs als Direktorin von Radiotelevisiun Svizra Rumantscha (RTR) und zwei als stv. Generaldirektorin, sei es nun Zeit f\u00fcr eine neue Herausforderung sagt Ladina Heimgartner: \u00abRingier ist ein internationales, breit diversifiziertes und mutiges Medienunternehmen, das in der digitalen Transformation europaweit Massst\u00e4be setzt. Ich freue mich sehr auf die Zusammenarbeit mit dem ganzen Ringier-Team.\u00bb<\/p>\n\n\n\n<p>Begonnen hat Heimgartner bei der SRG im Alter von 27 als Redaktorin des Radio Rumantsch. Nach drei Jahren als Leiterin des Ressorts Reflexiun und als stv. Chefredaktorin ging sie in die SRG-Generaldirektion, wo sie den Bereich \u00abM\u00e4rkte und Qualit\u00e4t\u00bb aufbaute und leitete. 2014 wurde sie als Direktorin Radiotelevisiun Svizra Rumantscha gew\u00e4hlt, 2017 als stv. Generaldirektorin.<\/p>\n\n\n\n<p>Bei der in 19 L\u00e4ndern aktiven Ringier-Gruppe wird Heimgartner Mitglied des von CEO Marc Walder geleiteten Group Executive Boards: \u00abMit Ladina Heimgartner gewinnen wir eine der interessantesten Medienmanagerinnen\u00a0im deutschsprachigen\u00a0Europa f\u00fcr Ringier. Ihre Leistungsbilanz bei der SRG SSR, zuletzt als stv. Generaldirektorin, ist eindr\u00fccklich\u00bb, so Walder.<\/p>\n\n\n\n<p>Heimgartner verantwortet das neu geschaffene Corporate Center. In dieser Funktion leitet Heimgartner das Group Executive Office und f\u00fcr die Ringier-Gruppe strategisch relevante Projekte. Dar\u00fcber hinaus wird Ladina Heimgartner die Kommunikationsabteilung f\u00fchren.<\/p>\n\n\n\n<p>Ren\u00e9 Beutner, seit 2017 Chief Communications Officer der Ringier AG, hat im Sp\u00e4tsommer angek\u00fcndigt, dass er nach einer Auszeit eine neue Herausforderung annehmen will. Er wird Ringier in den kommenden Monaten als Berater weiter zur Seite stehen. \u00abMit seiner Umsetzungsf\u00e4higkeit, seiner Kreativit\u00e4t und seinem Verst\u00e4ndnis von moderner Unternehmensf\u00fchrung hat er viele neue und innovative Kommunikationskan\u00e4le lanciert. Daf\u00fcr danke ich ihm. Ich bedauere, dass sich Ren\u00e9 Beutner entschlossen hat, unser Haus zu verlassen\u00bb, sagt CEO Marc Walder.<\/p>\n\n\n\n<p>Ladina Heimgartner wird im Fr\u00fchjahr 2020 zu Ringier stossen. Bis dahin wird die Kommunikationsabteilung interimistisch von Johanna Walser, stv. Kommunikationsleiterin, gef\u00fchrt.<\/p>\n\n\n\n<p>Ringier Corporate Communications<\/p>\n","protected":false},"excerpt":{"rendered":"<p>Ladina Heimgartner, stv. Generaldirektorin SRG SSR und Direktorin RTR, verl\u00e4sst die SRG und wechselt im ersten Quartal 2020 zur Ringier AG. Als Mitglied des Group Executive Boards wird sie unter CEO Marc Walder das neu geschaffene Corporate Center der Ringier-Gruppe leiten. Ren\u00e9 Beutner, Chief Communications Officer, gibt seine Aufgabe wie geplant ab.<\/p>\n","protected":false},"author":23,"featured_media":480,"comment_status":"closed","ping_status":"open","sticky":false,"template":"","format":"standard","meta":{"inline_featured_image":false,"footnotes":""},"categories":[44,1],"tags":[],"class_list":["post-479","post","type-post","status-publish","format-standard","has-post-thumbnail","hentry","category-corporate-de","category-uncategorized"],"yoast_head":"<!-- This site is optimized with the Yoast SEO Premium plugin v27.0 (Yoast SEO v27.0) - https:\/\/yoast.com\/product\/yoast-seo-premium-wordpress\/ -->\n<title>Ladina Heimgartner wechselt von SRG zu Ringier - Ringier<\/title>\n<meta name=\"robots\" content=\"index, follow, max-snippet:-1, max-image-preview:large, max-video-preview:-1\" \/>\n<link rel=\"canonical\" href=\"https:\/\/www.ringier.com\/de\/ladina-heimgartner-wechselt-von-srg-zur-ringier-ag\/\" \/>\n<meta property=\"og:locale\" content=\"de_DE\" \/>\n<meta property=\"og:type\" content=\"article\" \/>\n<meta property=\"og:title\" content=\"Ladina Heimgartner wechselt von SRG zu Ringier\" \/>\n<meta property=\"og:description\" content=\"Ladina Heimgartner, stv. Generaldirektorin SRG SSR und Direktorin RTR, verl\u00e4sst die SRG und wechselt im ersten Quartal 2020 zur Ringier AG. Als Mitglied des Group Executive Boards wird sie unter CEO Marc Walder das neu geschaffene Corporate Center der Ringier-Gruppe leiten. Ren\u00e9 Beutner, Chief Communications Officer, gibt seine Aufgabe wie geplant ab.\" \/>\n<meta property=\"og:url\" content=\"https:\/\/www.ringier.com\/de\/ladina-heimgartner-wechselt-von-srg-zur-ringier-ag\/\" \/>\n<meta property=\"og:site_name\" content=\"Ringier\" \/>\n<meta property=\"article:publisher\" content=\"https:\/\/www.facebook.com\/ringierag\/\" \/>\n<meta property=\"article:published_time\" content=\"2019-10-29T15:22:00+00:00\" \/>\n<meta property=\"article:modified_time\" content=\"2025-06-24T09:27:16+00:00\" \/>\n<meta property=\"og:image\" content=\"https:\/\/www.ringier.com\/wp-content\/uploads\/2021\/08\/Ladina-Heimgartner-Portrat.jpg\" \/>\n\t<meta property=\"og:image:width\" content=\"600\" \/>\n\t<meta property=\"og:image:height\" content=\"400\" \/>\n\t<meta property=\"og:image:type\" content=\"image\/jpeg\" \/>\n<meta name=\"author\" content=\"Ringier Corporate Communications\" \/>\n<meta name=\"twitter:card\" content=\"summary_large_image\" \/>\n<meta name=\"twitter:creator\" content=\"@ringier_ag\" \/>\n<meta name=\"twitter:site\" content=\"@ringier_ag\" \/>\n<meta name=\"twitter:label1\" content=\"Verfasst von\" \/>\n\t<meta name=\"twitter:data1\" content=\"Ringier Corporate Communications\" \/>\n\t<meta name=\"twitter:label2\" content=\"Gesch\u00e4tzte Lesezeit\" \/>\n\t<meta name=\"twitter:data2\" content=\"2 Minuten\" \/>\n<script type=\"application\/ld+json\" class=\"yoast-schema-graph\">{\"@context\":\"https:\/\/schema.org\",\"@graph\":[{\"@type\":\"Article\",\"@id\":\"https:\/\/www.ringier.com\/de\/ladina-heimgartner-wechselt-von-srg-zur-ringier-ag\/#article\",\"isPartOf\":{\"@id\":\"https:\/\/www.ringier.com\/de\/ladina-heimgartner-wechselt-von-srg-zur-ringier-ag\/\"},\"author\":{\"name\":\"Ringier Corporate Communications\",\"@id\":\"https:\/\/www.ringier.com\/de\/#\/schema\/person\/4cf76a308dc4b2bb5121bd1e7b752e52\"},\"headline\":\"Ladina Heimgartner wechselt von SRG zu Ringier\",\"datePublished\":\"2019-10-29T15:22:00+00:00\",\"dateModified\":\"2025-06-24T09:27:16+00:00\",\"mainEntityOfPage\":{\"@id\":\"https:\/\/www.ringier.com\/de\/ladina-heimgartner-wechselt-von-srg-zur-ringier-ag\/\"},\"wordCount\":314,\"publisher\":{\"@id\":\"https:\/\/www.ringier.com\/de\/#organization\"},\"image\":{\"@id\":\"https:\/\/www.ringier.com\/de\/ladina-heimgartner-wechselt-von-srg-zur-ringier-ag\/#primaryimage\"},\"thumbnailUrl\":\"https:\/\/www.ringier.com\/wp-content\/uploads\/2021\/08\/Ladina-Heimgartner-Portrat.jpg\",\"articleSection\":[\"Corporate\",\"Uncategorized\"],\"inLanguage\":\"de-DE\"},{\"@type\":\"WebPage\",\"@id\":\"https:\/\/www.ringier.com\/de\/ladina-heimgartner-wechselt-von-srg-zur-ringier-ag\/\",\"url\":\"https:\/\/www.ringier.com\/de\/ladina-heimgartner-wechselt-von-srg-zur-ringier-ag\/\",\"name\":\"Ladina Heimgartner wechselt von SRG zu Ringier - Ringier\",\"isPartOf\":{\"@id\":\"https:\/\/www.ringier.com\/de\/#website\"},\"primaryImageOfPage\":{\"@id\":\"https:\/\/www.ringier.com\/de\/ladina-heimgartner-wechselt-von-srg-zur-ringier-ag\/#primaryimage\"},\"image\":{\"@id\":\"https:\/\/www.ringier.com\/de\/ladina-heimgartner-wechselt-von-srg-zur-ringier-ag\/#primaryimage\"},\"thumbnailUrl\":\"https:\/\/www.ringier.com\/wp-content\/uploads\/2021\/08\/Ladina-Heimgartner-Portrat.jpg\",\"datePublished\":\"2019-10-29T15:22:00+00:00\",\"dateModified\":\"2025-06-24T09:27:16+00:00\",\"breadcrumb\":{\"@id\":\"https:\/\/www.ringier.com\/de\/ladina-heimgartner-wechselt-von-srg-zur-ringier-ag\/#breadcrumb\"},\"inLanguage\":\"de-DE\",\"potentialAction\":[{\"@type\":\"ReadAction\",\"target\":[\"https:\/\/www.ringier.com\/de\/ladina-heimgartner-wechselt-von-srg-zur-ringier-ag\/\"]}]},{\"@type\":\"ImageObject\",\"inLanguage\":\"de-DE\",\"@id\":\"https:\/\/www.ringier.com\/de\/ladina-heimgartner-wechselt-von-srg-zur-ringier-ag\/#primaryimage\",\"url\":\"https:\/\/www.ringier.com\/wp-content\/uploads\/2021\/08\/Ladina-Heimgartner-Portrat.jpg\",\"contentUrl\":\"https:\/\/www.ringier.com\/wp-content\/uploads\/2021\/08\/Ladina-Heimgartner-Portrat.jpg\",\"width\":600,\"height\":400},{\"@type\":\"BreadcrumbList\",\"@id\":\"https:\/\/www.ringier.com\/de\/ladina-heimgartner-wechselt-von-srg-zur-ringier-ag\/#breadcrumb\",\"itemListElement\":[{\"@type\":\"ListItem\",\"position\":1,\"name\":\"Home\",\"item\":\"https:\/\/www.ringier.com\/de\/\"},{\"@type\":\"ListItem\",\"position\":2,\"name\":\"Ladina Heimgartner wechselt von SRG zu Ringier\"}]},{\"@type\":\"WebSite\",\"@id\":\"https:\/\/www.ringier.com\/de\/#website\",\"url\":\"https:\/\/www.ringier.com\/de\/\",\"name\":\"Ringier\",\"description\":\"We inform. We entertain. We connect\",\"publisher\":{\"@id\":\"https:\/\/www.ringier.com\/de\/#organization\"},\"potentialAction\":[{\"@type\":\"SearchAction\",\"target\":{\"@type\":\"EntryPoint\",\"urlTemplate\":\"https:\/\/www.ringier.com\/de\/?s={search_term_string}\"},\"query-input\":{\"@type\":\"PropertyValueSpecification\",\"valueRequired\":true,\"valueName\":\"search_term_string\"}}],\"inLanguage\":\"de-DE\"},{\"@type\":\"Organization\",\"@id\":\"https:\/\/www.ringier.com\/de\/#organization\",\"name\":\"Ringier\",\"url\":\"https:\/\/www.ringier.com\/de\/\",\"logo\":{\"@type\":\"ImageObject\",\"inLanguage\":\"de-DE\",\"@id\":\"https:\/\/www.ringier.com\/de\/#\/schema\/logo\/image\/\",\"url\":\"https:\/\/www.ringier.com\/wp-content\/uploads\/2021\/10\/ringier_logo_2.jpg\",\"contentUrl\":\"https:\/\/www.ringier.com\/wp-content\/uploads\/2021\/10\/ringier_logo_2.jpg\",\"width\":750,\"height\":550,\"caption\":\"Ringier\"},\"image\":{\"@id\":\"https:\/\/www.ringier.com\/de\/#\/schema\/logo\/image\/\"},\"sameAs\":[\"https:\/\/www.facebook.com\/ringierag\/\",\"https:\/\/x.com\/ringier_ag\",\"https:\/\/www.instagram.com\/ringier_ag\/\",\"https:\/\/www.linkedin.com\/company\/ringier\/\",\"https:\/\/www.youtube.com\/user\/RingierComm\",\"https:\/\/en.wikipedia.org\/wiki\/Ringier\",\"https:\/\/de.wikipedia.org\/wiki\/Ringier\",\"https:\/\/fr.wikipedia.org\/wiki\/Ringier\",\"https:\/\/www.crunchbase.com\/organization\/ringier-ag\"]},{\"@type\":\"Person\",\"@id\":\"https:\/\/www.ringier.com\/de\/#\/schema\/person\/4cf76a308dc4b2bb5121bd1e7b752e52\",\"name\":\"Ringier Corporate Communications\",\"image\":{\"@type\":\"ImageObject\",\"inLanguage\":\"de-DE\",\"@id\":\"https:\/\/www.ringier.com\/de\/#\/schema\/person\/image\/\",\"url\":\"https:\/\/secure.gravatar.com\/avatar\/9391e20481368d5df4fe3e1e476c13b27786347489822ec1ed07e532bb41f587?s=96&d=mm&r=g\",\"contentUrl\":\"https:\/\/secure.gravatar.com\/avatar\/9391e20481368d5df4fe3e1e476c13b27786347489822ec1ed07e532bb41f587?s=96&d=mm&r=g\",\"caption\":\"Ringier Corporate Communications\"},\"sameAs\":[\"https:\/\/www.ringier.com\"]}]}<\/script>\n<!-- \/ Yoast SEO Premium plugin. -->","yoast_head_json":{"title":"Ladina Heimgartner wechselt von SRG zu Ringier - Ringier","robots":{"index":"index","follow":"follow","max-snippet":"max-snippet:-1","max-image-preview":"max-image-preview:large","max-video-preview":"max-video-preview:-1"},"canonical":"https:\/\/www.ringier.com\/de\/ladina-heimgartner-wechselt-von-srg-zur-ringier-ag\/","og_locale":"de_DE","og_type":"article","og_title":"Ladina Heimgartner wechselt von SRG zu Ringier","og_description":"Ladina Heimgartner, stv. Generaldirektorin SRG SSR und Direktorin RTR, verl\u00e4sst die SRG und wechselt im ersten Quartal 2020 zur Ringier AG. Als Mitglied des Group Executive Boards wird sie unter CEO Marc Walder das neu geschaffene Corporate Center der Ringier-Gruppe leiten. Ren\u00e9 Beutner, Chief Communications Officer, gibt seine Aufgabe wie geplant ab.","og_url":"https:\/\/www.ringier.com\/de\/ladina-heimgartner-wechselt-von-srg-zur-ringier-ag\/","og_site_name":"Ringier","article_publisher":"https:\/\/www.facebook.com\/ringierag\/","article_published_time":"2019-10-29T15:22:00+00:00","article_modified_time":"2025-06-24T09:27:16+00:00","og_image":[{"width":600,"height":400,"url":"https:\/\/www.ringier.com\/wp-content\/uploads\/2021\/08\/Ladina-Heimgartner-Portrat.jpg","type":"image\/jpeg"}],"author":"Ringier Corporate Communications","twitter_card":"summary_large_image","twitter_creator":"@ringier_ag","twitter_site":"@ringier_ag","twitter_misc":{"Verfasst von":"Ringier Corporate Communications","Gesch\u00e4tzte Lesezeit":"2 Minuten"},"schema":{"@context":"https:\/\/schema.org","@graph":[{"@type":"Article","@id":"https:\/\/www.ringier.com\/de\/ladina-heimgartner-wechselt-von-srg-zur-ringier-ag\/#article","isPartOf":{"@id":"https:\/\/www.ringier.com\/de\/ladina-heimgartner-wechselt-von-srg-zur-ringier-ag\/"},"author":{"name":"Ringier Corporate Communications","@id":"https:\/\/www.ringier.com\/de\/#\/schema\/person\/4cf76a308dc4b2bb5121bd1e7b752e52"},"headline":"Ladina Heimgartner wechselt von SRG zu Ringier","datePublished":"2019-10-29T15:22:00+00:00","dateModified":"2025-06-24T09:27:16+00:00","mainEntityOfPage":{"@id":"https:\/\/www.ringier.com\/de\/ladina-heimgartner-wechselt-von-srg-zur-ringier-ag\/"},"wordCount":314,"publisher":{"@id":"https:\/\/www.ringier.com\/de\/#organization"},"image":{"@id":"https:\/\/www.ringier.com\/de\/ladina-heimgartner-wechselt-von-srg-zur-ringier-ag\/#primaryimage"},"thumbnailUrl":"https:\/\/www.ringier.com\/wp-content\/uploads\/2021\/08\/Ladina-Heimgartner-Portrat.jpg","articleSection":["Corporate","Uncategorized"],"inLanguage":"de-DE"},{"@type":"WebPage","@id":"https:\/\/www.ringier.com\/de\/ladina-heimgartner-wechselt-von-srg-zur-ringier-ag\/","url":"https:\/\/www.ringier.com\/de\/ladina-heimgartner-wechselt-von-srg-zur-ringier-ag\/","name":"Ladina Heimgartner wechselt von SRG zu Ringier - Ringier","isPartOf":{"@id":"https:\/\/www.ringier.com\/de\/#website"},"primaryImageOfPage":{"@id":"https:\/\/www.ringier.com\/de\/ladina-heimgartner-wechselt-von-srg-zur-ringier-ag\/#primaryimage"},"image":{"@id":"https:\/\/www.ringier.com\/de\/ladina-heimgartner-wechselt-von-srg-zur-ringier-ag\/#primaryimage"},"thumbnailUrl":"https:\/\/www.ringier.com\/wp-content\/uploads\/2021\/08\/Ladina-Heimgartner-Portrat.jpg","datePublished":"2019-10-29T15:22:00+00:00","dateModified":"2025-06-24T09:27:16+00:00","breadcrumb":{"@id":"https:\/\/www.ringier.com\/de\/ladina-heimgartner-wechselt-von-srg-zur-ringier-ag\/#breadcrumb"},"inLanguage":"de-DE","potentialAction":[{"@type":"ReadAction","target":["https:\/\/www.ringier.com\/de\/ladina-heimgartner-wechselt-von-srg-zur-ringier-ag\/"]}]},{"@type":"ImageObject","inLanguage":"de-DE","@id":"https:\/\/www.ringier.com\/de\/ladina-heimgartner-wechselt-von-srg-zur-ringier-ag\/#primaryimage","url":"https:\/\/www.ringier.com\/wp-content\/uploads\/2021\/08\/Ladina-Heimgartner-Portrat.jpg","contentUrl":"https:\/\/www.ringier.com\/wp-content\/uploads\/2021\/08\/Ladina-Heimgartner-Portrat.jpg","width":600,"height":400},{"@type":"BreadcrumbList","@id":"https:\/\/www.ringier.com\/de\/ladina-heimgartner-wechselt-von-srg-zur-ringier-ag\/#breadcrumb","itemListElement":[{"@type":"ListItem","position":1,"name":"Home","item":"https:\/\/www.ringier.com\/de\/"},{"@type":"ListItem","position":2,"name":"Ladina Heimgartner wechselt von SRG zu Ringier"}]},{"@type":"WebSite","@id":"https:\/\/www.ringier.com\/de\/#website","url":"https:\/\/www.ringier.com\/de\/","name":"Ringier","description":"We inform. We entertain. We connect","publisher":{"@id":"https:\/\/www.ringier.com\/de\/#organization"},"potentialAction":[{"@type":"SearchAction","target":{"@type":"EntryPoint","urlTemplate":"https:\/\/www.ringier.com\/de\/?s={search_term_string}"},"query-input":{"@type":"PropertyValueSpecification","valueRequired":true,"valueName":"search_term_string"}}],"inLanguage":"de-DE"},{"@type":"Organization","@id":"https:\/\/www.ringier.com\/de\/#organization","name":"Ringier","url":"https:\/\/www.ringier.com\/de\/","logo":{"@type":"ImageObject","inLanguage":"de-DE","@id":"https:\/\/www.ringier.com\/de\/#\/schema\/logo\/image\/","url":"https:\/\/www.ringier.com\/wp-content\/uploads\/2021\/10\/ringier_logo_2.jpg","contentUrl":"https:\/\/www.ringier.com\/wp-content\/uploads\/2021\/10\/ringier_logo_2.jpg","width":750,"height":550,"caption":"Ringier"},"image":{"@id":"https:\/\/www.ringier.com\/de\/#\/schema\/logo\/image\/"},"sameAs":["https:\/\/www.facebook.com\/ringierag\/","https:\/\/x.com\/ringier_ag","https:\/\/www.instagram.com\/ringier_ag\/","https:\/\/www.linkedin.com\/company\/ringier\/","https:\/\/www.youtube.com\/user\/RingierComm","https:\/\/en.wikipedia.org\/wiki\/Ringier","https:\/\/de.wikipedia.org\/wiki\/Ringier","https:\/\/fr.wikipedia.org\/wiki\/Ringier","https:\/\/www.crunchbase.com\/organization\/ringier-ag"]},{"@type":"Person","@id":"https:\/\/www.ringier.com\/de\/#\/schema\/person\/4cf76a308dc4b2bb5121bd1e7b752e52","name":"Ringier Corporate Communications","image":{"@type":"ImageObject","inLanguage":"de-DE","@id":"https:\/\/www.ringier.com\/de\/#\/schema\/person\/image\/","url":"https:\/\/secure.gravatar.com\/avatar\/9391e20481368d5df4fe3e1e476c13b27786347489822ec1ed07e532bb41f587?s=96&d=mm&r=g","contentUrl":"https:\/\/secure.gravatar.com\/avatar\/9391e20481368d5df4fe3e1e476c13b27786347489822ec1ed07e532bb41f587?s=96&d=mm&r=g","caption":"Ringier Corporate Communications"},"sameAs":["https:\/\/www.ringier.com"]}]}},"_links":{"self":[{"href":"https:\/\/www.ringier.com\/de\/wp-json\/wp\/v2\/posts\/479","targetHints":{"allow":["GET"]}}],"collection":[{"href":"https:\/\/www.ringier.com\/de\/wp-json\/wp\/v2\/posts"}],"about":[{"href":"https:\/\/www.ringier.com\/de\/wp-json\/wp\/v2\/types\/post"}],"author":[{"embeddable":true,"href":"https:\/\/www.ringier.com\/de\/wp-json\/wp\/v2\/users\/23"}],"replies":[{"embeddable":true,"href":"https:\/\/www.ringier.com\/de\/wp-json\/wp\/v2\/comments?post=479"}],"version-history":[{"count":0,"href":"https:\/\/www.ringier.com\/de\/wp-json\/wp\/v2\/posts\/479\/revisions"}],"wp:featuredmedia":[{"embeddable":true,"href":"https:\/\/www.ringier.com\/de\/wp-json\/wp\/v2\/media\/480"}],"wp:attachment":[{"href":"https:\/\/www.ringier.com\/de\/wp-json\/wp\/v2\/media?parent=479"}],"wp:term":[{"taxonomy":"category","embeddable":true,"href":"https:\/\/www.ringier.com\/de\/wp-json\/wp\/v2\/categories?post=479"},{"taxonomy":"post_tag","embeddable":true,"href":"https:\/\/www.ringier.com\/de\/wp-json\/wp\/v2\/tags?post=479"}],"curies":[{"name":"wp","href":"https:\/\/api.w.org\/{rel}","templated":true}]}}