{"id":4517,"date":"2013-07-23T15:37:00","date_gmt":"2013-07-23T13:37:00","guid":{"rendered":"https:\/\/www.ringier.com\/?p=4517"},"modified":"2024-11-27T14:22:22","modified_gmt":"2024-11-27T13:22:22","slug":"neuer-online-auftritt-der-schweizer-illustrierte-gemeinsam-mit-si-style","status":"publish","type":"post","link":"https:\/\/www.ringier.com\/de\/neuer-online-auftritt-der-schweizer-illustrierte-gemeinsam-mit-si-style\/","title":{"rendered":"Neuer Online-Auftritt der Schweizer Illustrierte gemeinsam mit SI Style"},"content":{"rendered":"\n<p>Die Schweizer Illustrierte, das gr\u00f6sste und beliebteste People-Magazin der Schweiz, und SI Style, das gr\u00f6sste Schweizer Celebrity- und Fashion-Magazin, machen gemeinsame Sache: Auf der neu gestalteten Online-Plattform finden sich People- und Gesellschaftsthemen, produziert von der Online-Redaktion der Schweizer Illustrierte, sowie Lifestyle-Themen, realisiert von der Redaktion des Monatstitels SI Style. Die Stars- und Style-Inhalte kommen im jeweiligen Look der beiden Zeitschriften daher und unterscheiden sich optisch.<\/p>\n\n\n\n<p>Wer liebt wen? Wer wen nicht mehr? Und weshalb? SI online informiert aktuell und prominent \u00fcber die nationalen und internationalen Stars. Zudem greift die Redaktion Themen auf, die bewegen und Gespr\u00e4chsstoff liefern: Familie, Erziehung, Gesundheit, Reisen, Liebe, Sexualit\u00e4t. Und t\u00e4glich bloggen bekannte DJs, Spitzenk\u00f6che, Stylistinnen und SI-Chefreporter Andr\u00e9 H\u00e4fliger.\u00a0<\/p>\n\n\n\n<p>Was l\u00e4uft in der Welt der Mode, Beauty, Living, Musik und Kino? Die Redaktion von SI Style weiss es &#8211; und beweist ihre Fashion- und Lifestyle-Kompetenz t\u00e4glich online. Kleider, Schuhe, Taschen und andere modische Accessoires werden stilsicher pr\u00e4sentiert &#8211; und k\u00f6nnen in Zusammenarbeit mit ausgew\u00e4hlten Partnern auch gleich online bestellt und gekauft werden.<\/p>\n\n\n\n<p>F\u00fcr Anzeigenkunden bietet die profilgesch\u00e4rfte und hochwertige Website attraktive und zielgruppengerechte Werbem\u00f6glichkeiten. Besonders attraktiv dabei: Das Webdesign passt sich inklusive aller Online-Werbeformen an die entsprechende Gr\u00f6sse der mobilen Endger\u00e4te an.<\/p>\n\n\n\n<p>Der neue Webauftritt wurde in Zusammenarbeit mit Edenspiekermann (Konzeption, Design, Umsetzung Frontend) und Unic (Umsetzung Backend) realisiert und ist weiterhin \u00fcber beide Internet-Adressen (www.schweizer-illustrierte.ch\u00a0sowie\u00a0www.sistyle.ch) zu erreichen.\u00a0<\/p>\n\n\n\n<p>Kommunikation Ringier Schweiz<\/p>\n","protected":false},"excerpt":{"rendered":"<p>Die Schweizer Illustrierte und SI Style b\u00fcndeln ihre Online-Plattformen: Seit heute bespielen die beiden Magazine aus dem Medienhaus Ringier ihre Web-Auftritte auf einer neu konzipierten Seite gemeinsam. Das Resultat: eine zeitgem\u00e4sse Website mit viel Kompetenz in den Bereichen Stars und Style.<\/p>\n","protected":false},"author":23,"featured_media":4518,"comment_status":"closed","ping_status":"open","sticky":false,"template":"","format":"standard","meta":{"inline_featured_image":false,"footnotes":""},"categories":[371,361],"tags":[],"class_list":["post-4517","post","type-post","status-publish","format-standard","has-post-thumbnail","hentry","category-media-de","category-ringier-medien-schweiz"],"yoast_head":"<!-- This site is optimized with the Yoast SEO Premium plugin v27.0 (Yoast SEO v27.0) - https:\/\/yoast.com\/product\/yoast-seo-premium-wordpress\/ -->\n<title>Neuer Online-Auftritt der Schweizer Illustrierte gemeinsam mit SI Style - Ringier<\/title>\n<meta name=\"robots\" content=\"index, follow, max-snippet:-1, max-image-preview:large, max-video-preview:-1\" \/>\n<link rel=\"canonical\" href=\"https:\/\/www.ringier.com\/de\/neuer-online-auftritt-der-schweizer-illustrierte-gemeinsam-mit-si-style\/\" \/>\n<meta property=\"og:locale\" content=\"de_DE\" \/>\n<meta property=\"og:type\" content=\"article\" \/>\n<meta property=\"og:title\" content=\"Neuer Online-Auftritt der Schweizer Illustrierte gemeinsam mit SI Style\" \/>\n<meta property=\"og:description\" content=\"Die Schweizer Illustrierte und SI Style b\u00fcndeln ihre Online-Plattformen: Seit heute bespielen die beiden Magazine aus dem Medienhaus Ringier ihre Web-Auftritte auf einer neu konzipierten Seite gemeinsam. Das Resultat: eine zeitgem\u00e4sse Website mit viel Kompetenz in den Bereichen Stars und Style.\" \/>\n<meta property=\"og:url\" content=\"https:\/\/www.ringier.com\/de\/neuer-online-auftritt-der-schweizer-illustrierte-gemeinsam-mit-si-style\/\" \/>\n<meta property=\"og:site_name\" content=\"Ringier\" \/>\n<meta property=\"article:publisher\" content=\"https:\/\/www.facebook.com\/ringierag\/\" \/>\n<meta property=\"article:published_time\" content=\"2013-07-23T13:37:00+00:00\" \/>\n<meta property=\"article:modified_time\" content=\"2024-11-27T13:22:22+00:00\" \/>\n<meta property=\"og:image\" content=\"https:\/\/www.ringier.com\/wp-content\/uploads\/2021\/09\/Schweizer-Illustrierte_Style_Logo_2013.jpg\" \/>\n\t<meta property=\"og:image:width\" content=\"706\" \/>\n\t<meta property=\"og:image:height\" content=\"446\" \/>\n\t<meta property=\"og:image:type\" content=\"image\/jpeg\" \/>\n<meta name=\"author\" content=\"Ringier Corporate Communications\" \/>\n<meta name=\"twitter:card\" content=\"summary_large_image\" \/>\n<meta name=\"twitter:creator\" content=\"@ringier_ag\" \/>\n<meta name=\"twitter:site\" content=\"@ringier_ag\" \/>\n<meta name=\"twitter:label1\" content=\"Verfasst von\" \/>\n\t<meta name=\"twitter:data1\" content=\"Ringier Corporate Communications\" \/>\n\t<meta name=\"twitter:label2\" content=\"Gesch\u00e4tzte Lesezeit\" \/>\n\t<meta name=\"twitter:data2\" content=\"2 Minuten\" \/>\n<script type=\"application\/ld+json\" class=\"yoast-schema-graph\">{\"@context\":\"https:\/\/schema.org\",\"@graph\":[{\"@type\":\"Article\",\"@id\":\"https:\/\/www.ringier.com\/de\/neuer-online-auftritt-der-schweizer-illustrierte-gemeinsam-mit-si-style\/#article\",\"isPartOf\":{\"@id\":\"https:\/\/www.ringier.com\/de\/neuer-online-auftritt-der-schweizer-illustrierte-gemeinsam-mit-si-style\/\"},\"author\":{\"name\":\"Ringier Corporate Communications\",\"@id\":\"https:\/\/www.ringier.com\/de\/#\/schema\/person\/4cf76a308dc4b2bb5121bd1e7b752e52\"},\"headline\":\"Neuer Online-Auftritt der Schweizer Illustrierte gemeinsam mit SI Style\",\"datePublished\":\"2013-07-23T13:37:00+00:00\",\"dateModified\":\"2024-11-27T13:22:22+00:00\",\"mainEntityOfPage\":{\"@id\":\"https:\/\/www.ringier.com\/de\/neuer-online-auftritt-der-schweizer-illustrierte-gemeinsam-mit-si-style\/\"},\"wordCount\":258,\"publisher\":{\"@id\":\"https:\/\/www.ringier.com\/de\/#organization\"},\"image\":{\"@id\":\"https:\/\/www.ringier.com\/de\/neuer-online-auftritt-der-schweizer-illustrierte-gemeinsam-mit-si-style\/#primaryimage\"},\"thumbnailUrl\":\"https:\/\/www.ringier.com\/wp-content\/uploads\/2021\/09\/Schweizer-Illustrierte_Style_Logo_2013.jpg\",\"articleSection\":[\"Media\",\"Ringier Medien Schweiz\"],\"inLanguage\":\"de-DE\"},{\"@type\":\"WebPage\",\"@id\":\"https:\/\/www.ringier.com\/de\/neuer-online-auftritt-der-schweizer-illustrierte-gemeinsam-mit-si-style\/\",\"url\":\"https:\/\/www.ringier.com\/de\/neuer-online-auftritt-der-schweizer-illustrierte-gemeinsam-mit-si-style\/\",\"name\":\"Neuer Online-Auftritt der Schweizer Illustrierte gemeinsam mit SI Style - Ringier\",\"isPartOf\":{\"@id\":\"https:\/\/www.ringier.com\/de\/#website\"},\"primaryImageOfPage\":{\"@id\":\"https:\/\/www.ringier.com\/de\/neuer-online-auftritt-der-schweizer-illustrierte-gemeinsam-mit-si-style\/#primaryimage\"},\"image\":{\"@id\":\"https:\/\/www.ringier.com\/de\/neuer-online-auftritt-der-schweizer-illustrierte-gemeinsam-mit-si-style\/#primaryimage\"},\"thumbnailUrl\":\"https:\/\/www.ringier.com\/wp-content\/uploads\/2021\/09\/Schweizer-Illustrierte_Style_Logo_2013.jpg\",\"datePublished\":\"2013-07-23T13:37:00+00:00\",\"dateModified\":\"2024-11-27T13:22:22+00:00\",\"breadcrumb\":{\"@id\":\"https:\/\/www.ringier.com\/de\/neuer-online-auftritt-der-schweizer-illustrierte-gemeinsam-mit-si-style\/#breadcrumb\"},\"inLanguage\":\"de-DE\",\"potentialAction\":[{\"@type\":\"ReadAction\",\"target\":[\"https:\/\/www.ringier.com\/de\/neuer-online-auftritt-der-schweizer-illustrierte-gemeinsam-mit-si-style\/\"]}]},{\"@type\":\"ImageObject\",\"inLanguage\":\"de-DE\",\"@id\":\"https:\/\/www.ringier.com\/de\/neuer-online-auftritt-der-schweizer-illustrierte-gemeinsam-mit-si-style\/#primaryimage\",\"url\":\"https:\/\/www.ringier.com\/wp-content\/uploads\/2021\/09\/Schweizer-Illustrierte_Style_Logo_2013.jpg\",\"contentUrl\":\"https:\/\/www.ringier.com\/wp-content\/uploads\/2021\/09\/Schweizer-Illustrierte_Style_Logo_2013.jpg\",\"width\":706,\"height\":446},{\"@type\":\"BreadcrumbList\",\"@id\":\"https:\/\/www.ringier.com\/de\/neuer-online-auftritt-der-schweizer-illustrierte-gemeinsam-mit-si-style\/#breadcrumb\",\"itemListElement\":[{\"@type\":\"ListItem\",\"position\":1,\"name\":\"Home\",\"item\":\"https:\/\/www.ringier.com\/de\/\"},{\"@type\":\"ListItem\",\"position\":2,\"name\":\"Neuer Online-Auftritt der Schweizer Illustrierte gemeinsam mit SI Style\"}]},{\"@type\":\"WebSite\",\"@id\":\"https:\/\/www.ringier.com\/de\/#website\",\"url\":\"https:\/\/www.ringier.com\/de\/\",\"name\":\"Ringier\",\"description\":\"We inform. We entertain. We connect\",\"publisher\":{\"@id\":\"https:\/\/www.ringier.com\/de\/#organization\"},\"potentialAction\":[{\"@type\":\"SearchAction\",\"target\":{\"@type\":\"EntryPoint\",\"urlTemplate\":\"https:\/\/www.ringier.com\/de\/?s={search_term_string}\"},\"query-input\":{\"@type\":\"PropertyValueSpecification\",\"valueRequired\":true,\"valueName\":\"search_term_string\"}}],\"inLanguage\":\"de-DE\"},{\"@type\":\"Organization\",\"@id\":\"https:\/\/www.ringier.com\/de\/#organization\",\"name\":\"Ringier\",\"url\":\"https:\/\/www.ringier.com\/de\/\",\"logo\":{\"@type\":\"ImageObject\",\"inLanguage\":\"de-DE\",\"@id\":\"https:\/\/www.ringier.com\/de\/#\/schema\/logo\/image\/\",\"url\":\"https:\/\/www.ringier.com\/wp-content\/uploads\/2021\/10\/ringier_logo_2.jpg\",\"contentUrl\":\"https:\/\/www.ringier.com\/wp-content\/uploads\/2021\/10\/ringier_logo_2.jpg\",\"width\":750,\"height\":550,\"caption\":\"Ringier\"},\"image\":{\"@id\":\"https:\/\/www.ringier.com\/de\/#\/schema\/logo\/image\/\"},\"sameAs\":[\"https:\/\/www.facebook.com\/ringierag\/\",\"https:\/\/x.com\/ringier_ag\",\"https:\/\/www.instagram.com\/ringier_ag\/\",\"https:\/\/www.linkedin.com\/company\/ringier\/\",\"https:\/\/www.youtube.com\/user\/RingierComm\",\"https:\/\/en.wikipedia.org\/wiki\/Ringier\",\"https:\/\/de.wikipedia.org\/wiki\/Ringier\",\"https:\/\/fr.wikipedia.org\/wiki\/Ringier\",\"https:\/\/www.crunchbase.com\/organization\/ringier-ag\"]},{\"@type\":\"Person\",\"@id\":\"https:\/\/www.ringier.com\/de\/#\/schema\/person\/4cf76a308dc4b2bb5121bd1e7b752e52\",\"name\":\"Ringier Corporate Communications\",\"image\":{\"@type\":\"ImageObject\",\"inLanguage\":\"de-DE\",\"@id\":\"https:\/\/www.ringier.com\/de\/#\/schema\/person\/image\/\",\"url\":\"https:\/\/secure.gravatar.com\/avatar\/9391e20481368d5df4fe3e1e476c13b27786347489822ec1ed07e532bb41f587?s=96&d=mm&r=g\",\"contentUrl\":\"https:\/\/secure.gravatar.com\/avatar\/9391e20481368d5df4fe3e1e476c13b27786347489822ec1ed07e532bb41f587?s=96&d=mm&r=g\",\"caption\":\"Ringier Corporate Communications\"},\"sameAs\":[\"https:\/\/www.ringier.com\"]}]}<\/script>\n<!-- \/ Yoast SEO Premium plugin. -->","yoast_head_json":{"title":"Neuer Online-Auftritt der Schweizer Illustrierte gemeinsam mit SI Style - Ringier","robots":{"index":"index","follow":"follow","max-snippet":"max-snippet:-1","max-image-preview":"max-image-preview:large","max-video-preview":"max-video-preview:-1"},"canonical":"https:\/\/www.ringier.com\/de\/neuer-online-auftritt-der-schweizer-illustrierte-gemeinsam-mit-si-style\/","og_locale":"de_DE","og_type":"article","og_title":"Neuer Online-Auftritt der Schweizer Illustrierte gemeinsam mit SI Style","og_description":"Die Schweizer Illustrierte und SI Style b\u00fcndeln ihre Online-Plattformen: Seit heute bespielen die beiden Magazine aus dem Medienhaus Ringier ihre Web-Auftritte auf einer neu konzipierten Seite gemeinsam. Das Resultat: eine zeitgem\u00e4sse Website mit viel Kompetenz in den Bereichen Stars und Style.","og_url":"https:\/\/www.ringier.com\/de\/neuer-online-auftritt-der-schweizer-illustrierte-gemeinsam-mit-si-style\/","og_site_name":"Ringier","article_publisher":"https:\/\/www.facebook.com\/ringierag\/","article_published_time":"2013-07-23T13:37:00+00:00","article_modified_time":"2024-11-27T13:22:22+00:00","og_image":[{"width":706,"height":446,"url":"https:\/\/www.ringier.com\/wp-content\/uploads\/2021\/09\/Schweizer-Illustrierte_Style_Logo_2013.jpg","type":"image\/jpeg"}],"author":"Ringier Corporate Communications","twitter_card":"summary_large_image","twitter_creator":"@ringier_ag","twitter_site":"@ringier_ag","twitter_misc":{"Verfasst von":"Ringier Corporate Communications","Gesch\u00e4tzte Lesezeit":"2 Minuten"},"schema":{"@context":"https:\/\/schema.org","@graph":[{"@type":"Article","@id":"https:\/\/www.ringier.com\/de\/neuer-online-auftritt-der-schweizer-illustrierte-gemeinsam-mit-si-style\/#article","isPartOf":{"@id":"https:\/\/www.ringier.com\/de\/neuer-online-auftritt-der-schweizer-illustrierte-gemeinsam-mit-si-style\/"},"author":{"name":"Ringier Corporate Communications","@id":"https:\/\/www.ringier.com\/de\/#\/schema\/person\/4cf76a308dc4b2bb5121bd1e7b752e52"},"headline":"Neuer Online-Auftritt der Schweizer Illustrierte gemeinsam mit SI Style","datePublished":"2013-07-23T13:37:00+00:00","dateModified":"2024-11-27T13:22:22+00:00","mainEntityOfPage":{"@id":"https:\/\/www.ringier.com\/de\/neuer-online-auftritt-der-schweizer-illustrierte-gemeinsam-mit-si-style\/"},"wordCount":258,"publisher":{"@id":"https:\/\/www.ringier.com\/de\/#organization"},"image":{"@id":"https:\/\/www.ringier.com\/de\/neuer-online-auftritt-der-schweizer-illustrierte-gemeinsam-mit-si-style\/#primaryimage"},"thumbnailUrl":"https:\/\/www.ringier.com\/wp-content\/uploads\/2021\/09\/Schweizer-Illustrierte_Style_Logo_2013.jpg","articleSection":["Media","Ringier Medien Schweiz"],"inLanguage":"de-DE"},{"@type":"WebPage","@id":"https:\/\/www.ringier.com\/de\/neuer-online-auftritt-der-schweizer-illustrierte-gemeinsam-mit-si-style\/","url":"https:\/\/www.ringier.com\/de\/neuer-online-auftritt-der-schweizer-illustrierte-gemeinsam-mit-si-style\/","name":"Neuer Online-Auftritt der Schweizer Illustrierte gemeinsam mit SI Style - Ringier","isPartOf":{"@id":"https:\/\/www.ringier.com\/de\/#website"},"primaryImageOfPage":{"@id":"https:\/\/www.ringier.com\/de\/neuer-online-auftritt-der-schweizer-illustrierte-gemeinsam-mit-si-style\/#primaryimage"},"image":{"@id":"https:\/\/www.ringier.com\/de\/neuer-online-auftritt-der-schweizer-illustrierte-gemeinsam-mit-si-style\/#primaryimage"},"thumbnailUrl":"https:\/\/www.ringier.com\/wp-content\/uploads\/2021\/09\/Schweizer-Illustrierte_Style_Logo_2013.jpg","datePublished":"2013-07-23T13:37:00+00:00","dateModified":"2024-11-27T13:22:22+00:00","breadcrumb":{"@id":"https:\/\/www.ringier.com\/de\/neuer-online-auftritt-der-schweizer-illustrierte-gemeinsam-mit-si-style\/#breadcrumb"},"inLanguage":"de-DE","potentialAction":[{"@type":"ReadAction","target":["https:\/\/www.ringier.com\/de\/neuer-online-auftritt-der-schweizer-illustrierte-gemeinsam-mit-si-style\/"]}]},{"@type":"ImageObject","inLanguage":"de-DE","@id":"https:\/\/www.ringier.com\/de\/neuer-online-auftritt-der-schweizer-illustrierte-gemeinsam-mit-si-style\/#primaryimage","url":"https:\/\/www.ringier.com\/wp-content\/uploads\/2021\/09\/Schweizer-Illustrierte_Style_Logo_2013.jpg","contentUrl":"https:\/\/www.ringier.com\/wp-content\/uploads\/2021\/09\/Schweizer-Illustrierte_Style_Logo_2013.jpg","width":706,"height":446},{"@type":"BreadcrumbList","@id":"https:\/\/www.ringier.com\/de\/neuer-online-auftritt-der-schweizer-illustrierte-gemeinsam-mit-si-style\/#breadcrumb","itemListElement":[{"@type":"ListItem","position":1,"name":"Home","item":"https:\/\/www.ringier.com\/de\/"},{"@type":"ListItem","position":2,"name":"Neuer Online-Auftritt der Schweizer Illustrierte gemeinsam mit SI Style"}]},{"@type":"WebSite","@id":"https:\/\/www.ringier.com\/de\/#website","url":"https:\/\/www.ringier.com\/de\/","name":"Ringier","description":"We inform. We entertain. We connect","publisher":{"@id":"https:\/\/www.ringier.com\/de\/#organization"},"potentialAction":[{"@type":"SearchAction","target":{"@type":"EntryPoint","urlTemplate":"https:\/\/www.ringier.com\/de\/?s={search_term_string}"},"query-input":{"@type":"PropertyValueSpecification","valueRequired":true,"valueName":"search_term_string"}}],"inLanguage":"de-DE"},{"@type":"Organization","@id":"https:\/\/www.ringier.com\/de\/#organization","name":"Ringier","url":"https:\/\/www.ringier.com\/de\/","logo":{"@type":"ImageObject","inLanguage":"de-DE","@id":"https:\/\/www.ringier.com\/de\/#\/schema\/logo\/image\/","url":"https:\/\/www.ringier.com\/wp-content\/uploads\/2021\/10\/ringier_logo_2.jpg","contentUrl":"https:\/\/www.ringier.com\/wp-content\/uploads\/2021\/10\/ringier_logo_2.jpg","width":750,"height":550,"caption":"Ringier"},"image":{"@id":"https:\/\/www.ringier.com\/de\/#\/schema\/logo\/image\/"},"sameAs":["https:\/\/www.facebook.com\/ringierag\/","https:\/\/x.com\/ringier_ag","https:\/\/www.instagram.com\/ringier_ag\/","https:\/\/www.linkedin.com\/company\/ringier\/","https:\/\/www.youtube.com\/user\/RingierComm","https:\/\/en.wikipedia.org\/wiki\/Ringier","https:\/\/de.wikipedia.org\/wiki\/Ringier","https:\/\/fr.wikipedia.org\/wiki\/Ringier","https:\/\/www.crunchbase.com\/organization\/ringier-ag"]},{"@type":"Person","@id":"https:\/\/www.ringier.com\/de\/#\/schema\/person\/4cf76a308dc4b2bb5121bd1e7b752e52","name":"Ringier Corporate Communications","image":{"@type":"ImageObject","inLanguage":"de-DE","@id":"https:\/\/www.ringier.com\/de\/#\/schema\/person\/image\/","url":"https:\/\/secure.gravatar.com\/avatar\/9391e20481368d5df4fe3e1e476c13b27786347489822ec1ed07e532bb41f587?s=96&d=mm&r=g","contentUrl":"https:\/\/secure.gravatar.com\/avatar\/9391e20481368d5df4fe3e1e476c13b27786347489822ec1ed07e532bb41f587?s=96&d=mm&r=g","caption":"Ringier Corporate Communications"},"sameAs":["https:\/\/www.ringier.com"]}]}},"_links":{"self":[{"href":"https:\/\/www.ringier.com\/de\/wp-json\/wp\/v2\/posts\/4517","targetHints":{"allow":["GET"]}}],"collection":[{"href":"https:\/\/www.ringier.com\/de\/wp-json\/wp\/v2\/posts"}],"about":[{"href":"https:\/\/www.ringier.com\/de\/wp-json\/wp\/v2\/types\/post"}],"author":[{"embeddable":true,"href":"https:\/\/www.ringier.com\/de\/wp-json\/wp\/v2\/users\/23"}],"replies":[{"embeddable":true,"href":"https:\/\/www.ringier.com\/de\/wp-json\/wp\/v2\/comments?post=4517"}],"version-history":[{"count":0,"href":"https:\/\/www.ringier.com\/de\/wp-json\/wp\/v2\/posts\/4517\/revisions"}],"wp:featuredmedia":[{"embeddable":true,"href":"https:\/\/www.ringier.com\/de\/wp-json\/wp\/v2\/media\/4518"}],"wp:attachment":[{"href":"https:\/\/www.ringier.com\/de\/wp-json\/wp\/v2\/media?parent=4517"}],"wp:term":[{"taxonomy":"category","embeddable":true,"href":"https:\/\/www.ringier.com\/de\/wp-json\/wp\/v2\/categories?post=4517"},{"taxonomy":"post_tag","embeddable":true,"href":"https:\/\/www.ringier.com\/de\/wp-json\/wp\/v2\/tags?post=4517"}],"curies":[{"name":"wp","href":"https:\/\/api.w.org\/{rel}","templated":true}]}}