{"id":4417,"date":"2013-10-08T18:33:00","date_gmt":"2013-10-08T16:33:00","guid":{"rendered":"https:\/\/www.ringier.com\/?p=4417"},"modified":"2024-11-27T14:18:55","modified_gmt":"2024-11-27T13:18:55","slug":"ringier-und-tamedia-planen-verkauf-ihrer-beteiligung-an-der-tageszeitung-le-temps","status":"publish","type":"post","link":"https:\/\/www.ringier.com\/de\/ringier-und-tamedia-planen-verkauf-ihrer-beteiligung-an-der-tageszeitung-le-temps\/","title":{"rendered":"Ringier und Tamedia planen Verkauf ihrer Beteiligung an der Tageszeitung Le Temps"},"content":{"rendered":"\n<p>Voraussetzung f\u00fcr einen Verkauf der Beteiligungen von Ringier und Tamedia w\u00e4re ein Angebot eines \u00fcberzeugenden K\u00e4ufers, der&nbsp;<em>Le Temps<\/em>&nbsp;weiterf\u00fchrt und weiterentwickelt. Der K\u00e4ufer soll sich der Bedeutung von&nbsp;<em>Le Temps<\/em>&nbsp;f\u00fcr die Romandie bewusst sein und den Mitarbeitenden eine Perspektive bieten k\u00f6nnen. Sollte kein \u00fcberzeugendes Angebot eingehen, werden sowohl Ringier als auch Tamedia Publications romandes den Kauf der Beteiligung des Anderen pr\u00fcfen.<\/p>\n\n\n\n<p><em>Le Temps<\/em>&nbsp;entstand 1998 aus dem Zusammenschluss der Tageszeitungen&nbsp;<em>Journal de Gen\u00e8ve<\/em>&nbsp;et&nbsp;<em>Gazette de Lausanne<\/em>&nbsp;und&nbsp;<em>Le Nouveau Quotidien<\/em>.&nbsp;<em>Le Temps<\/em>&nbsp;informiert die 115&#8217;000 Leserinnen und Leser der gedruckten Zeitung (MACH Basic 2013-2) von Montag bis Samstag \u00fcber die aktuellen Ereignisse in Politik, Finanzen, Wirtschaft sowie Kultur und bietet fundierte Analysen. Die Auflage der Qualit\u00e4tszeitung der Romandie liegt bei 39\u2019716 Exemplaren (WEMF 2013) und das kostenpflichtige Digitalangebot von&nbsp;<em>Le Temps<\/em>&nbsp;erreicht \u00fcber 272&#8217;000 Unique Clients pro Monat (NET-Metrix, August 2013).<\/p>\n\n\n\n<p>Kommunikation Ringier Schweiz<\/p>\n","protected":false},"excerpt":{"rendered":"<p>Die Medienh\u00e4user Ringier und Tamedia planen den Verkauf ihrer Beteiligungen an der Westschweizer Tageszeitung Le Temps. Mit einem starken Mehrheitsaktion\u00e4r w\u00fcrden angesichts der strukturellen Herausforderungen der Medienbranche die besten Voraussetzungen f\u00fcr den Fortbestand und die Weiterentwicklung von Le Temps geschaffen. Um dieses Ziel zu erreichen, haben Ringier und Tamedia entschieden, alle M\u00f6glichkeiten unvoreingenommen zu pr\u00fcfen.<\/p>\n","protected":false},"author":23,"featured_media":3426,"comment_status":"closed","ping_status":"open","sticky":false,"template":"","format":"standard","meta":{"inline_featured_image":false,"footnotes":""},"categories":[371],"tags":[],"class_list":["post-4417","post","type-post","status-publish","format-standard","has-post-thumbnail","hentry","category-media-de"],"yoast_head":"<!-- This site is optimized with the Yoast SEO Premium plugin v27.0 (Yoast SEO v27.0) - https:\/\/yoast.com\/product\/yoast-seo-premium-wordpress\/ -->\n<title>Ringier und Tamedia planen Verkauf ihrer Beteiligung an der Tageszeitung Le Temps - Ringier<\/title>\n<meta name=\"robots\" content=\"index, follow, max-snippet:-1, max-image-preview:large, max-video-preview:-1\" \/>\n<link rel=\"canonical\" href=\"https:\/\/www.ringier.com\/de\/ringier-und-tamedia-planen-verkauf-ihrer-beteiligung-an-der-tageszeitung-le-temps\/\" \/>\n<meta property=\"og:locale\" content=\"de_DE\" \/>\n<meta property=\"og:type\" content=\"article\" \/>\n<meta property=\"og:title\" content=\"Ringier und Tamedia planen Verkauf ihrer Beteiligung an der Tageszeitung Le Temps\" \/>\n<meta property=\"og:description\" content=\"Die Medienh\u00e4user Ringier und Tamedia planen den Verkauf ihrer Beteiligungen an der Westschweizer Tageszeitung Le Temps. Mit einem starken Mehrheitsaktion\u00e4r w\u00fcrden angesichts der strukturellen Herausforderungen der Medienbranche die besten Voraussetzungen f\u00fcr den Fortbestand und die Weiterentwicklung von Le Temps geschaffen. Um dieses Ziel zu erreichen, haben Ringier und Tamedia entschieden, alle M\u00f6glichkeiten unvoreingenommen zu pr\u00fcfen.\" \/>\n<meta property=\"og:url\" content=\"https:\/\/www.ringier.com\/de\/ringier-und-tamedia-planen-verkauf-ihrer-beteiligung-an-der-tageszeitung-le-temps\/\" \/>\n<meta property=\"og:site_name\" content=\"Ringier\" \/>\n<meta property=\"article:publisher\" content=\"https:\/\/www.facebook.com\/ringierag\/\" \/>\n<meta property=\"article:published_time\" content=\"2013-10-08T16:33:00+00:00\" \/>\n<meta property=\"article:modified_time\" content=\"2024-11-27T13:18:55+00:00\" \/>\n<meta property=\"og:image\" content=\"https:\/\/www.ringier.com\/wp-content\/uploads\/2021\/09\/Ringier-Tamedia_Logos_201403.jpg\" \/>\n\t<meta property=\"og:image:width\" content=\"375\" \/>\n\t<meta property=\"og:image:height\" content=\"255\" \/>\n\t<meta property=\"og:image:type\" content=\"image\/jpeg\" \/>\n<meta name=\"author\" content=\"Ringier Corporate Communications\" \/>\n<meta name=\"twitter:card\" content=\"summary_large_image\" \/>\n<meta name=\"twitter:creator\" content=\"@ringier_ag\" \/>\n<meta name=\"twitter:site\" content=\"@ringier_ag\" \/>\n<meta name=\"twitter:label1\" content=\"Verfasst von\" \/>\n\t<meta name=\"twitter:data1\" content=\"Ringier Corporate Communications\" \/>\n\t<meta name=\"twitter:label2\" content=\"Gesch\u00e4tzte Lesezeit\" \/>\n\t<meta name=\"twitter:data2\" content=\"2 Minuten\" \/>\n<script type=\"application\/ld+json\" class=\"yoast-schema-graph\">{\"@context\":\"https:\/\/schema.org\",\"@graph\":[{\"@type\":\"Article\",\"@id\":\"https:\/\/www.ringier.com\/de\/ringier-und-tamedia-planen-verkauf-ihrer-beteiligung-an-der-tageszeitung-le-temps\/#article\",\"isPartOf\":{\"@id\":\"https:\/\/www.ringier.com\/de\/ringier-und-tamedia-planen-verkauf-ihrer-beteiligung-an-der-tageszeitung-le-temps\/\"},\"author\":{\"name\":\"Ringier Corporate Communications\",\"@id\":\"https:\/\/www.ringier.com\/de\/#\/schema\/person\/4cf76a308dc4b2bb5121bd1e7b752e52\"},\"headline\":\"Ringier und Tamedia planen Verkauf ihrer Beteiligung an der Tageszeitung Le Temps\",\"datePublished\":\"2013-10-08T16:33:00+00:00\",\"dateModified\":\"2024-11-27T13:18:55+00:00\",\"mainEntityOfPage\":{\"@id\":\"https:\/\/www.ringier.com\/de\/ringier-und-tamedia-planen-verkauf-ihrer-beteiligung-an-der-tageszeitung-le-temps\/\"},\"wordCount\":177,\"publisher\":{\"@id\":\"https:\/\/www.ringier.com\/de\/#organization\"},\"image\":{\"@id\":\"https:\/\/www.ringier.com\/de\/ringier-und-tamedia-planen-verkauf-ihrer-beteiligung-an-der-tageszeitung-le-temps\/#primaryimage\"},\"thumbnailUrl\":\"https:\/\/www.ringier.com\/wp-content\/uploads\/2021\/09\/Ringier-Tamedia_Logos_201403.jpg\",\"articleSection\":[\"Media\"],\"inLanguage\":\"de-DE\"},{\"@type\":\"WebPage\",\"@id\":\"https:\/\/www.ringier.com\/de\/ringier-und-tamedia-planen-verkauf-ihrer-beteiligung-an-der-tageszeitung-le-temps\/\",\"url\":\"https:\/\/www.ringier.com\/de\/ringier-und-tamedia-planen-verkauf-ihrer-beteiligung-an-der-tageszeitung-le-temps\/\",\"name\":\"Ringier und Tamedia planen Verkauf ihrer Beteiligung an der Tageszeitung Le Temps - Ringier\",\"isPartOf\":{\"@id\":\"https:\/\/www.ringier.com\/de\/#website\"},\"primaryImageOfPage\":{\"@id\":\"https:\/\/www.ringier.com\/de\/ringier-und-tamedia-planen-verkauf-ihrer-beteiligung-an-der-tageszeitung-le-temps\/#primaryimage\"},\"image\":{\"@id\":\"https:\/\/www.ringier.com\/de\/ringier-und-tamedia-planen-verkauf-ihrer-beteiligung-an-der-tageszeitung-le-temps\/#primaryimage\"},\"thumbnailUrl\":\"https:\/\/www.ringier.com\/wp-content\/uploads\/2021\/09\/Ringier-Tamedia_Logos_201403.jpg\",\"datePublished\":\"2013-10-08T16:33:00+00:00\",\"dateModified\":\"2024-11-27T13:18:55+00:00\",\"breadcrumb\":{\"@id\":\"https:\/\/www.ringier.com\/de\/ringier-und-tamedia-planen-verkauf-ihrer-beteiligung-an-der-tageszeitung-le-temps\/#breadcrumb\"},\"inLanguage\":\"de-DE\",\"potentialAction\":[{\"@type\":\"ReadAction\",\"target\":[\"https:\/\/www.ringier.com\/de\/ringier-und-tamedia-planen-verkauf-ihrer-beteiligung-an-der-tageszeitung-le-temps\/\"]}]},{\"@type\":\"ImageObject\",\"inLanguage\":\"de-DE\",\"@id\":\"https:\/\/www.ringier.com\/de\/ringier-und-tamedia-planen-verkauf-ihrer-beteiligung-an-der-tageszeitung-le-temps\/#primaryimage\",\"url\":\"https:\/\/www.ringier.com\/wp-content\/uploads\/2021\/09\/Ringier-Tamedia_Logos_201403.jpg\",\"contentUrl\":\"https:\/\/www.ringier.com\/wp-content\/uploads\/2021\/09\/Ringier-Tamedia_Logos_201403.jpg\",\"width\":375,\"height\":255},{\"@type\":\"BreadcrumbList\",\"@id\":\"https:\/\/www.ringier.com\/de\/ringier-und-tamedia-planen-verkauf-ihrer-beteiligung-an-der-tageszeitung-le-temps\/#breadcrumb\",\"itemListElement\":[{\"@type\":\"ListItem\",\"position\":1,\"name\":\"Home\",\"item\":\"https:\/\/www.ringier.com\/de\/\"},{\"@type\":\"ListItem\",\"position\":2,\"name\":\"Ringier und Tamedia planen Verkauf ihrer Beteiligung an der Tageszeitung Le Temps\"}]},{\"@type\":\"WebSite\",\"@id\":\"https:\/\/www.ringier.com\/de\/#website\",\"url\":\"https:\/\/www.ringier.com\/de\/\",\"name\":\"Ringier\",\"description\":\"We inform. We entertain. We connect\",\"publisher\":{\"@id\":\"https:\/\/www.ringier.com\/de\/#organization\"},\"potentialAction\":[{\"@type\":\"SearchAction\",\"target\":{\"@type\":\"EntryPoint\",\"urlTemplate\":\"https:\/\/www.ringier.com\/de\/?s={search_term_string}\"},\"query-input\":{\"@type\":\"PropertyValueSpecification\",\"valueRequired\":true,\"valueName\":\"search_term_string\"}}],\"inLanguage\":\"de-DE\"},{\"@type\":\"Organization\",\"@id\":\"https:\/\/www.ringier.com\/de\/#organization\",\"name\":\"Ringier\",\"url\":\"https:\/\/www.ringier.com\/de\/\",\"logo\":{\"@type\":\"ImageObject\",\"inLanguage\":\"de-DE\",\"@id\":\"https:\/\/www.ringier.com\/de\/#\/schema\/logo\/image\/\",\"url\":\"https:\/\/www.ringier.com\/wp-content\/uploads\/2021\/10\/ringier_logo_2.jpg\",\"contentUrl\":\"https:\/\/www.ringier.com\/wp-content\/uploads\/2021\/10\/ringier_logo_2.jpg\",\"width\":750,\"height\":550,\"caption\":\"Ringier\"},\"image\":{\"@id\":\"https:\/\/www.ringier.com\/de\/#\/schema\/logo\/image\/\"},\"sameAs\":[\"https:\/\/www.facebook.com\/ringierag\/\",\"https:\/\/x.com\/ringier_ag\",\"https:\/\/www.instagram.com\/ringier_ag\/\",\"https:\/\/www.linkedin.com\/company\/ringier\/\",\"https:\/\/www.youtube.com\/user\/RingierComm\",\"https:\/\/en.wikipedia.org\/wiki\/Ringier\",\"https:\/\/de.wikipedia.org\/wiki\/Ringier\",\"https:\/\/fr.wikipedia.org\/wiki\/Ringier\",\"https:\/\/www.crunchbase.com\/organization\/ringier-ag\"]},{\"@type\":\"Person\",\"@id\":\"https:\/\/www.ringier.com\/de\/#\/schema\/person\/4cf76a308dc4b2bb5121bd1e7b752e52\",\"name\":\"Ringier Corporate Communications\",\"image\":{\"@type\":\"ImageObject\",\"inLanguage\":\"de-DE\",\"@id\":\"https:\/\/www.ringier.com\/de\/#\/schema\/person\/image\/\",\"url\":\"https:\/\/secure.gravatar.com\/avatar\/9391e20481368d5df4fe3e1e476c13b27786347489822ec1ed07e532bb41f587?s=96&d=mm&r=g\",\"contentUrl\":\"https:\/\/secure.gravatar.com\/avatar\/9391e20481368d5df4fe3e1e476c13b27786347489822ec1ed07e532bb41f587?s=96&d=mm&r=g\",\"caption\":\"Ringier Corporate Communications\"},\"sameAs\":[\"https:\/\/www.ringier.com\"]}]}<\/script>\n<!-- \/ Yoast SEO Premium plugin. -->","yoast_head_json":{"title":"Ringier und Tamedia planen Verkauf ihrer Beteiligung an der Tageszeitung Le Temps - Ringier","robots":{"index":"index","follow":"follow","max-snippet":"max-snippet:-1","max-image-preview":"max-image-preview:large","max-video-preview":"max-video-preview:-1"},"canonical":"https:\/\/www.ringier.com\/de\/ringier-und-tamedia-planen-verkauf-ihrer-beteiligung-an-der-tageszeitung-le-temps\/","og_locale":"de_DE","og_type":"article","og_title":"Ringier und Tamedia planen Verkauf ihrer Beteiligung an der Tageszeitung Le Temps","og_description":"Die Medienh\u00e4user Ringier und Tamedia planen den Verkauf ihrer Beteiligungen an der Westschweizer Tageszeitung Le Temps. Mit einem starken Mehrheitsaktion\u00e4r w\u00fcrden angesichts der strukturellen Herausforderungen der Medienbranche die besten Voraussetzungen f\u00fcr den Fortbestand und die Weiterentwicklung von Le Temps geschaffen. Um dieses Ziel zu erreichen, haben Ringier und Tamedia entschieden, alle M\u00f6glichkeiten unvoreingenommen zu pr\u00fcfen.","og_url":"https:\/\/www.ringier.com\/de\/ringier-und-tamedia-planen-verkauf-ihrer-beteiligung-an-der-tageszeitung-le-temps\/","og_site_name":"Ringier","article_publisher":"https:\/\/www.facebook.com\/ringierag\/","article_published_time":"2013-10-08T16:33:00+00:00","article_modified_time":"2024-11-27T13:18:55+00:00","og_image":[{"width":375,"height":255,"url":"https:\/\/www.ringier.com\/wp-content\/uploads\/2021\/09\/Ringier-Tamedia_Logos_201403.jpg","type":"image\/jpeg"}],"author":"Ringier Corporate Communications","twitter_card":"summary_large_image","twitter_creator":"@ringier_ag","twitter_site":"@ringier_ag","twitter_misc":{"Verfasst von":"Ringier Corporate Communications","Gesch\u00e4tzte Lesezeit":"2 Minuten"},"schema":{"@context":"https:\/\/schema.org","@graph":[{"@type":"Article","@id":"https:\/\/www.ringier.com\/de\/ringier-und-tamedia-planen-verkauf-ihrer-beteiligung-an-der-tageszeitung-le-temps\/#article","isPartOf":{"@id":"https:\/\/www.ringier.com\/de\/ringier-und-tamedia-planen-verkauf-ihrer-beteiligung-an-der-tageszeitung-le-temps\/"},"author":{"name":"Ringier Corporate Communications","@id":"https:\/\/www.ringier.com\/de\/#\/schema\/person\/4cf76a308dc4b2bb5121bd1e7b752e52"},"headline":"Ringier und Tamedia planen Verkauf ihrer Beteiligung an der Tageszeitung Le Temps","datePublished":"2013-10-08T16:33:00+00:00","dateModified":"2024-11-27T13:18:55+00:00","mainEntityOfPage":{"@id":"https:\/\/www.ringier.com\/de\/ringier-und-tamedia-planen-verkauf-ihrer-beteiligung-an-der-tageszeitung-le-temps\/"},"wordCount":177,"publisher":{"@id":"https:\/\/www.ringier.com\/de\/#organization"},"image":{"@id":"https:\/\/www.ringier.com\/de\/ringier-und-tamedia-planen-verkauf-ihrer-beteiligung-an-der-tageszeitung-le-temps\/#primaryimage"},"thumbnailUrl":"https:\/\/www.ringier.com\/wp-content\/uploads\/2021\/09\/Ringier-Tamedia_Logos_201403.jpg","articleSection":["Media"],"inLanguage":"de-DE"},{"@type":"WebPage","@id":"https:\/\/www.ringier.com\/de\/ringier-und-tamedia-planen-verkauf-ihrer-beteiligung-an-der-tageszeitung-le-temps\/","url":"https:\/\/www.ringier.com\/de\/ringier-und-tamedia-planen-verkauf-ihrer-beteiligung-an-der-tageszeitung-le-temps\/","name":"Ringier und Tamedia planen Verkauf ihrer Beteiligung an der Tageszeitung Le Temps - Ringier","isPartOf":{"@id":"https:\/\/www.ringier.com\/de\/#website"},"primaryImageOfPage":{"@id":"https:\/\/www.ringier.com\/de\/ringier-und-tamedia-planen-verkauf-ihrer-beteiligung-an-der-tageszeitung-le-temps\/#primaryimage"},"image":{"@id":"https:\/\/www.ringier.com\/de\/ringier-und-tamedia-planen-verkauf-ihrer-beteiligung-an-der-tageszeitung-le-temps\/#primaryimage"},"thumbnailUrl":"https:\/\/www.ringier.com\/wp-content\/uploads\/2021\/09\/Ringier-Tamedia_Logos_201403.jpg","datePublished":"2013-10-08T16:33:00+00:00","dateModified":"2024-11-27T13:18:55+00:00","breadcrumb":{"@id":"https:\/\/www.ringier.com\/de\/ringier-und-tamedia-planen-verkauf-ihrer-beteiligung-an-der-tageszeitung-le-temps\/#breadcrumb"},"inLanguage":"de-DE","potentialAction":[{"@type":"ReadAction","target":["https:\/\/www.ringier.com\/de\/ringier-und-tamedia-planen-verkauf-ihrer-beteiligung-an-der-tageszeitung-le-temps\/"]}]},{"@type":"ImageObject","inLanguage":"de-DE","@id":"https:\/\/www.ringier.com\/de\/ringier-und-tamedia-planen-verkauf-ihrer-beteiligung-an-der-tageszeitung-le-temps\/#primaryimage","url":"https:\/\/www.ringier.com\/wp-content\/uploads\/2021\/09\/Ringier-Tamedia_Logos_201403.jpg","contentUrl":"https:\/\/www.ringier.com\/wp-content\/uploads\/2021\/09\/Ringier-Tamedia_Logos_201403.jpg","width":375,"height":255},{"@type":"BreadcrumbList","@id":"https:\/\/www.ringier.com\/de\/ringier-und-tamedia-planen-verkauf-ihrer-beteiligung-an-der-tageszeitung-le-temps\/#breadcrumb","itemListElement":[{"@type":"ListItem","position":1,"name":"Home","item":"https:\/\/www.ringier.com\/de\/"},{"@type":"ListItem","position":2,"name":"Ringier und Tamedia planen Verkauf ihrer Beteiligung an der Tageszeitung Le Temps"}]},{"@type":"WebSite","@id":"https:\/\/www.ringier.com\/de\/#website","url":"https:\/\/www.ringier.com\/de\/","name":"Ringier","description":"We inform. We entertain. We connect","publisher":{"@id":"https:\/\/www.ringier.com\/de\/#organization"},"potentialAction":[{"@type":"SearchAction","target":{"@type":"EntryPoint","urlTemplate":"https:\/\/www.ringier.com\/de\/?s={search_term_string}"},"query-input":{"@type":"PropertyValueSpecification","valueRequired":true,"valueName":"search_term_string"}}],"inLanguage":"de-DE"},{"@type":"Organization","@id":"https:\/\/www.ringier.com\/de\/#organization","name":"Ringier","url":"https:\/\/www.ringier.com\/de\/","logo":{"@type":"ImageObject","inLanguage":"de-DE","@id":"https:\/\/www.ringier.com\/de\/#\/schema\/logo\/image\/","url":"https:\/\/www.ringier.com\/wp-content\/uploads\/2021\/10\/ringier_logo_2.jpg","contentUrl":"https:\/\/www.ringier.com\/wp-content\/uploads\/2021\/10\/ringier_logo_2.jpg","width":750,"height":550,"caption":"Ringier"},"image":{"@id":"https:\/\/www.ringier.com\/de\/#\/schema\/logo\/image\/"},"sameAs":["https:\/\/www.facebook.com\/ringierag\/","https:\/\/x.com\/ringier_ag","https:\/\/www.instagram.com\/ringier_ag\/","https:\/\/www.linkedin.com\/company\/ringier\/","https:\/\/www.youtube.com\/user\/RingierComm","https:\/\/en.wikipedia.org\/wiki\/Ringier","https:\/\/de.wikipedia.org\/wiki\/Ringier","https:\/\/fr.wikipedia.org\/wiki\/Ringier","https:\/\/www.crunchbase.com\/organization\/ringier-ag"]},{"@type":"Person","@id":"https:\/\/www.ringier.com\/de\/#\/schema\/person\/4cf76a308dc4b2bb5121bd1e7b752e52","name":"Ringier Corporate Communications","image":{"@type":"ImageObject","inLanguage":"de-DE","@id":"https:\/\/www.ringier.com\/de\/#\/schema\/person\/image\/","url":"https:\/\/secure.gravatar.com\/avatar\/9391e20481368d5df4fe3e1e476c13b27786347489822ec1ed07e532bb41f587?s=96&d=mm&r=g","contentUrl":"https:\/\/secure.gravatar.com\/avatar\/9391e20481368d5df4fe3e1e476c13b27786347489822ec1ed07e532bb41f587?s=96&d=mm&r=g","caption":"Ringier Corporate Communications"},"sameAs":["https:\/\/www.ringier.com"]}]}},"_links":{"self":[{"href":"https:\/\/www.ringier.com\/de\/wp-json\/wp\/v2\/posts\/4417","targetHints":{"allow":["GET"]}}],"collection":[{"href":"https:\/\/www.ringier.com\/de\/wp-json\/wp\/v2\/posts"}],"about":[{"href":"https:\/\/www.ringier.com\/de\/wp-json\/wp\/v2\/types\/post"}],"author":[{"embeddable":true,"href":"https:\/\/www.ringier.com\/de\/wp-json\/wp\/v2\/users\/23"}],"replies":[{"embeddable":true,"href":"https:\/\/www.ringier.com\/de\/wp-json\/wp\/v2\/comments?post=4417"}],"version-history":[{"count":0,"href":"https:\/\/www.ringier.com\/de\/wp-json\/wp\/v2\/posts\/4417\/revisions"}],"wp:featuredmedia":[{"embeddable":true,"href":"https:\/\/www.ringier.com\/de\/wp-json\/wp\/v2\/media\/3426"}],"wp:attachment":[{"href":"https:\/\/www.ringier.com\/de\/wp-json\/wp\/v2\/media?parent=4417"}],"wp:term":[{"taxonomy":"category","embeddable":true,"href":"https:\/\/www.ringier.com\/de\/wp-json\/wp\/v2\/categories?post=4417"},{"taxonomy":"post_tag","embeddable":true,"href":"https:\/\/www.ringier.com\/de\/wp-json\/wp\/v2\/tags?post=4417"}],"curies":[{"name":"wp","href":"https:\/\/api.w.org\/{rel}","templated":true}]}}