{"id":415,"date":"2021-05-20T09:25:00","date_gmt":"2021-05-20T07:25:00","guid":{"rendered":"https:\/\/www.ringier.com\/?p=415"},"modified":"2024-11-14T14:09:35","modified_gmt":"2024-11-14T13:09:35","slug":"blick-romandie-und-die-epfl-gehen-partnerschaft-im-wissenschaftsjournalismus-ein","status":"publish","type":"post","link":"https:\/\/www.ringier.com\/de\/blick-romandie-und-die-epfl-gehen-partnerschaft-im-wissenschaftsjournalismus-ein\/","title":{"rendered":"Blick Romandie und die EPFL gehen Partnerschaft im Wissenschaftsjournalismus ein"},"content":{"rendered":"\n<p>Blick.ch in der Romandie hat die Lausanner Hochschule EPFL als wissenschaftliche Medienpartnerin gewonnen. Die Zusammenarbeit soll die neusten Erkenntnisse rund um Wissenschaft und Technologie den Nutzerinnen und Nutzern von Blick.ch n\u00e4her bringen. Dazu erh\u00e4lt die Westschweizer Redaktion Zugang zu den journalistischen Arbeiten der EPFL und wird ab dem Start der franz\u00f6sischsprachigen News-Plattform am 1. Juni stark auf&nbsp; Wissenschaftsjournalismus setzen.<\/p>\n\n\n\n<p>Zudem investieren Blick Romandie und EPFL in Innovation: Gemeinsam wollen sie bis 2022 Technologien entwickeln, die auf k\u00fcnstlicher Intelligenz basieren und die sowohl journalistisches als auch wissenschaftliches Arbeiten unterst\u00fctzen. Geleitet werden diese Forschungsarbeiten von Martin Jaggi, EPFL-Professor und Spezialist f\u00fcr Machine Learning.<\/p>\n\n\n\n<p>\u00abDie j\u00fcngsten Ereignisse haben die Wissenschaft zu einem Schl\u00fcsselelement der \u00f6ffentlichen Meinungsbildung gemacht\u00bb, sagt Michel Jeanneret, Chefredaktor von Blick Romandie. \u00abDank dieser Partnerschaft k\u00f6nnen wir unser redaktionelles Angebot im Bereich der Wissenschaft ausbauen. Wir m\u00f6chten mit den besten Fachleuten zusammenarbeiten, um popul\u00e4rwissenschaftlich, spannend und dennoch kritisch zu berichten.\u00bb&nbsp;<\/p>\n\n\n\n<p>\u00abWir freuen uns, mit Blick zusammenzuarbeiten, um die Wissenschaft der breiten \u00d6ffentlichkeit n\u00e4her zu bringen und gemeinsam neue Technologien daf\u00fcr zu entwickeln\u00bb, sagt Mirko Bischofberger, Leiter der Kommunikationsabteilung der EPFL. \u00abDie Leserinnen und Leser werden Forschung live miterleben, die auf digitalen Technologien basiert.\u00bb<\/p>\n\n\n\n<p>Ab Juni werden EPFL-Pr\u00e4sident Martin Vetterli und weitere Forscherinnen und Forscher abwechselnd w\u00f6chentliche Kolumnen in der deutschen und franz\u00f6sischen Version von Blick.ch ver\u00f6ffentlichen. \u00abIch freue mich sehr, wieder f\u00fcr Blick zu schreiben\u00bb, sagt Martin Vetterli. \u00abDas vergangene Jahr hat uns gezeigt, wie wichtig die Wissenschaft f\u00fcr die Zukunft unserer Gesellschaft ist. Forschende m\u00fcssen den Dialog mit der \u00d6ffentlichkeit \u00fcber wissenschaftliche und technologische Themen f\u00fchren.\u00bb<\/p>\n\n\n\n<p>Ringier AG, Corporate Communications<\/p>\n","protected":false},"excerpt":{"rendered":"<p>Das Westschweizer Pendant von Blick.ch und die Eidgen\u00f6ssische Technische Hochschule Lausanne (EPFL) arbeiten k\u00fcnftig zusammen, um wissenschaftliche Themen n\u00e4her an die breite Bev\u00f6lkerung zu bringen. Die Partnerschaft wirkt auf drei Ebenen: Die EPFL wird Blick Romandie ihre Publikationen zur Verf\u00fcgung stellen. Gemeinsam wird in Technologien investiert, die Journalismus und Wissenschaft unterst\u00fctzen. Blick wird ab Juni jede Woche Kolumnen von EPFL-Professorinnen und -Professoren ver\u00f6ffentlichen \u2013 darunter von EPFL-Pr\u00e4sident Martin Vetterli.<\/p>\n","protected":false},"author":7,"featured_media":416,"comment_status":"closed","ping_status":"open","sticky":false,"template":"","format":"standard","meta":{"inline_featured_image":false,"footnotes":""},"categories":[371,2,361],"tags":[],"class_list":["post-415","post","type-post","status-publish","format-standard","has-post-thumbnail","hentry","category-media-de","category-non-classifiee","category-ringier-medien-schweiz"],"yoast_head":"<!-- This site is optimized with the Yoast SEO Premium plugin v27.0 (Yoast SEO v27.0) - https:\/\/yoast.com\/product\/yoast-seo-premium-wordpress\/ -->\n<title>Blick Romandie und die EPFL gehen Partnerschaft im Wissenschaftsjournalismus ein - Ringier<\/title>\n<meta name=\"robots\" content=\"index, follow, max-snippet:-1, max-image-preview:large, max-video-preview:-1\" \/>\n<link rel=\"canonical\" href=\"https:\/\/www.ringier.com\/de\/blick-romandie-und-die-epfl-gehen-partnerschaft-im-wissenschaftsjournalismus-ein\/\" \/>\n<meta property=\"og:locale\" content=\"de_DE\" \/>\n<meta property=\"og:type\" content=\"article\" \/>\n<meta property=\"og:title\" content=\"Blick Romandie und die EPFL gehen Partnerschaft im Wissenschaftsjournalismus ein\" \/>\n<meta property=\"og:description\" content=\"Das Westschweizer Pendant von Blick.ch und die Eidgen\u00f6ssische Technische Hochschule Lausanne (EPFL) arbeiten k\u00fcnftig zusammen, um wissenschaftliche Themen n\u00e4her an die breite Bev\u00f6lkerung zu bringen. Die Partnerschaft wirkt auf drei Ebenen: Die EPFL wird Blick Romandie ihre Publikationen zur Verf\u00fcgung stellen. Gemeinsam wird in Technologien investiert, die Journalismus und Wissenschaft unterst\u00fctzen. Blick wird ab Juni jede Woche Kolumnen von EPFL-Professorinnen und -Professoren ver\u00f6ffentlichen \u2013 darunter von EPFL-Pr\u00e4sident Martin Vetterli.\" \/>\n<meta property=\"og:url\" content=\"https:\/\/www.ringier.com\/de\/blick-romandie-und-die-epfl-gehen-partnerschaft-im-wissenschaftsjournalismus-ein\/\" \/>\n<meta property=\"og:site_name\" content=\"Ringier\" \/>\n<meta property=\"article:publisher\" content=\"https:\/\/www.facebook.com\/ringierag\/\" \/>\n<meta property=\"article:published_time\" content=\"2021-05-20T07:25:00+00:00\" \/>\n<meta property=\"article:modified_time\" content=\"2024-11-14T13:09:35+00:00\" \/>\n<meta property=\"og:image\" content=\"https:\/\/www.ringier.com\/wp-content\/uploads\/2021\/08\/blick-logo.png\" \/>\n\t<meta property=\"og:image:width\" content=\"1200\" \/>\n\t<meta property=\"og:image:height\" content=\"801\" \/>\n\t<meta property=\"og:image:type\" content=\"image\/png\" \/>\n<meta name=\"author\" content=\"Marc Liniger\" \/>\n<meta name=\"twitter:card\" content=\"summary_large_image\" \/>\n<meta name=\"twitter:creator\" content=\"@ringier_ag\" \/>\n<meta name=\"twitter:site\" content=\"@ringier_ag\" \/>\n<meta name=\"twitter:label1\" content=\"Verfasst von\" \/>\n\t<meta name=\"twitter:data1\" content=\"Marc Liniger\" \/>\n\t<meta name=\"twitter:label2\" content=\"Gesch\u00e4tzte Lesezeit\" \/>\n\t<meta name=\"twitter:data2\" content=\"2 Minuten\" \/>\n<script type=\"application\/ld+json\" class=\"yoast-schema-graph\">{\"@context\":\"https:\/\/schema.org\",\"@graph\":[{\"@type\":\"Article\",\"@id\":\"https:\/\/www.ringier.com\/de\/blick-romandie-und-die-epfl-gehen-partnerschaft-im-wissenschaftsjournalismus-ein\/#article\",\"isPartOf\":{\"@id\":\"https:\/\/www.ringier.com\/de\/blick-romandie-und-die-epfl-gehen-partnerschaft-im-wissenschaftsjournalismus-ein\/\"},\"author\":{\"name\":\"Marc Liniger\",\"@id\":\"https:\/\/www.ringier.com\/de\/#\/schema\/person\/1e03be3d98efb061d1ca29fef411db66\"},\"headline\":\"Blick Romandie und die EPFL gehen Partnerschaft im Wissenschaftsjournalismus ein\",\"datePublished\":\"2021-05-20T07:25:00+00:00\",\"dateModified\":\"2024-11-14T13:09:35+00:00\",\"mainEntityOfPage\":{\"@id\":\"https:\/\/www.ringier.com\/de\/blick-romandie-und-die-epfl-gehen-partnerschaft-im-wissenschaftsjournalismus-ein\/\"},\"wordCount\":294,\"publisher\":{\"@id\":\"https:\/\/www.ringier.com\/de\/#organization\"},\"image\":{\"@id\":\"https:\/\/www.ringier.com\/de\/blick-romandie-und-die-epfl-gehen-partnerschaft-im-wissenschaftsjournalismus-ein\/#primaryimage\"},\"thumbnailUrl\":\"https:\/\/www.ringier.com\/wp-content\/uploads\/2021\/08\/blick-logo.png\",\"articleSection\":[\"Media\",\"Non classifi\u00e9(e)\",\"Ringier Medien Schweiz\"],\"inLanguage\":\"de-DE\"},{\"@type\":\"WebPage\",\"@id\":\"https:\/\/www.ringier.com\/de\/blick-romandie-und-die-epfl-gehen-partnerschaft-im-wissenschaftsjournalismus-ein\/\",\"url\":\"https:\/\/www.ringier.com\/de\/blick-romandie-und-die-epfl-gehen-partnerschaft-im-wissenschaftsjournalismus-ein\/\",\"name\":\"Blick Romandie und die EPFL gehen Partnerschaft im Wissenschaftsjournalismus ein - Ringier\",\"isPartOf\":{\"@id\":\"https:\/\/www.ringier.com\/de\/#website\"},\"primaryImageOfPage\":{\"@id\":\"https:\/\/www.ringier.com\/de\/blick-romandie-und-die-epfl-gehen-partnerschaft-im-wissenschaftsjournalismus-ein\/#primaryimage\"},\"image\":{\"@id\":\"https:\/\/www.ringier.com\/de\/blick-romandie-und-die-epfl-gehen-partnerschaft-im-wissenschaftsjournalismus-ein\/#primaryimage\"},\"thumbnailUrl\":\"https:\/\/www.ringier.com\/wp-content\/uploads\/2021\/08\/blick-logo.png\",\"datePublished\":\"2021-05-20T07:25:00+00:00\",\"dateModified\":\"2024-11-14T13:09:35+00:00\",\"breadcrumb\":{\"@id\":\"https:\/\/www.ringier.com\/de\/blick-romandie-und-die-epfl-gehen-partnerschaft-im-wissenschaftsjournalismus-ein\/#breadcrumb\"},\"inLanguage\":\"de-DE\",\"potentialAction\":[{\"@type\":\"ReadAction\",\"target\":[\"https:\/\/www.ringier.com\/de\/blick-romandie-und-die-epfl-gehen-partnerschaft-im-wissenschaftsjournalismus-ein\/\"]}]},{\"@type\":\"ImageObject\",\"inLanguage\":\"de-DE\",\"@id\":\"https:\/\/www.ringier.com\/de\/blick-romandie-und-die-epfl-gehen-partnerschaft-im-wissenschaftsjournalismus-ein\/#primaryimage\",\"url\":\"https:\/\/www.ringier.com\/wp-content\/uploads\/2021\/08\/blick-logo.png\",\"contentUrl\":\"https:\/\/www.ringier.com\/wp-content\/uploads\/2021\/08\/blick-logo.png\",\"width\":1200,\"height\":801},{\"@type\":\"BreadcrumbList\",\"@id\":\"https:\/\/www.ringier.com\/de\/blick-romandie-und-die-epfl-gehen-partnerschaft-im-wissenschaftsjournalismus-ein\/#breadcrumb\",\"itemListElement\":[{\"@type\":\"ListItem\",\"position\":1,\"name\":\"Home\",\"item\":\"https:\/\/www.ringier.com\/de\/\"},{\"@type\":\"ListItem\",\"position\":2,\"name\":\"Blick Romandie und die EPFL gehen Partnerschaft im Wissenschaftsjournalismus ein\"}]},{\"@type\":\"WebSite\",\"@id\":\"https:\/\/www.ringier.com\/de\/#website\",\"url\":\"https:\/\/www.ringier.com\/de\/\",\"name\":\"Ringier\",\"description\":\"We inform. We entertain. We connect\",\"publisher\":{\"@id\":\"https:\/\/www.ringier.com\/de\/#organization\"},\"potentialAction\":[{\"@type\":\"SearchAction\",\"target\":{\"@type\":\"EntryPoint\",\"urlTemplate\":\"https:\/\/www.ringier.com\/de\/?s={search_term_string}\"},\"query-input\":{\"@type\":\"PropertyValueSpecification\",\"valueRequired\":true,\"valueName\":\"search_term_string\"}}],\"inLanguage\":\"de-DE\"},{\"@type\":\"Organization\",\"@id\":\"https:\/\/www.ringier.com\/de\/#organization\",\"name\":\"Ringier\",\"url\":\"https:\/\/www.ringier.com\/de\/\",\"logo\":{\"@type\":\"ImageObject\",\"inLanguage\":\"de-DE\",\"@id\":\"https:\/\/www.ringier.com\/de\/#\/schema\/logo\/image\/\",\"url\":\"https:\/\/www.ringier.com\/wp-content\/uploads\/2021\/10\/ringier_logo_2.jpg\",\"contentUrl\":\"https:\/\/www.ringier.com\/wp-content\/uploads\/2021\/10\/ringier_logo_2.jpg\",\"width\":750,\"height\":550,\"caption\":\"Ringier\"},\"image\":{\"@id\":\"https:\/\/www.ringier.com\/de\/#\/schema\/logo\/image\/\"},\"sameAs\":[\"https:\/\/www.facebook.com\/ringierag\/\",\"https:\/\/x.com\/ringier_ag\",\"https:\/\/www.instagram.com\/ringier_ag\/\",\"https:\/\/www.linkedin.com\/company\/ringier\/\",\"https:\/\/www.youtube.com\/user\/RingierComm\",\"https:\/\/en.wikipedia.org\/wiki\/Ringier\",\"https:\/\/de.wikipedia.org\/wiki\/Ringier\",\"https:\/\/fr.wikipedia.org\/wiki\/Ringier\",\"https:\/\/www.crunchbase.com\/organization\/ringier-ag\"]},{\"@type\":\"Person\",\"@id\":\"https:\/\/www.ringier.com\/de\/#\/schema\/person\/1e03be3d98efb061d1ca29fef411db66\",\"name\":\"Marc Liniger\",\"image\":{\"@type\":\"ImageObject\",\"inLanguage\":\"de-DE\",\"@id\":\"https:\/\/www.ringier.com\/de\/#\/schema\/person\/image\/\",\"url\":\"https:\/\/secure.gravatar.com\/avatar\/8d184da6aa7bdcc4d1a251ecaf713aa707e2a4c24b859c6360b2b31b83c1020e?s=96&d=mm&r=g\",\"contentUrl\":\"https:\/\/secure.gravatar.com\/avatar\/8d184da6aa7bdcc4d1a251ecaf713aa707e2a4c24b859c6360b2b31b83c1020e?s=96&d=mm&r=g\",\"caption\":\"Marc Liniger\"},\"sameAs\":[\"https:\/\/www.ringier.com\"]}]}<\/script>\n<!-- \/ Yoast SEO Premium plugin. -->","yoast_head_json":{"title":"Blick Romandie und die EPFL gehen Partnerschaft im Wissenschaftsjournalismus ein - Ringier","robots":{"index":"index","follow":"follow","max-snippet":"max-snippet:-1","max-image-preview":"max-image-preview:large","max-video-preview":"max-video-preview:-1"},"canonical":"https:\/\/www.ringier.com\/de\/blick-romandie-und-die-epfl-gehen-partnerschaft-im-wissenschaftsjournalismus-ein\/","og_locale":"de_DE","og_type":"article","og_title":"Blick Romandie und die EPFL gehen Partnerschaft im Wissenschaftsjournalismus ein","og_description":"Das Westschweizer Pendant von Blick.ch und die Eidgen\u00f6ssische Technische Hochschule Lausanne (EPFL) arbeiten k\u00fcnftig zusammen, um wissenschaftliche Themen n\u00e4her an die breite Bev\u00f6lkerung zu bringen. Die Partnerschaft wirkt auf drei Ebenen: Die EPFL wird Blick Romandie ihre Publikationen zur Verf\u00fcgung stellen. Gemeinsam wird in Technologien investiert, die Journalismus und Wissenschaft unterst\u00fctzen. Blick wird ab Juni jede Woche Kolumnen von EPFL-Professorinnen und -Professoren ver\u00f6ffentlichen \u2013 darunter von EPFL-Pr\u00e4sident Martin Vetterli.","og_url":"https:\/\/www.ringier.com\/de\/blick-romandie-und-die-epfl-gehen-partnerschaft-im-wissenschaftsjournalismus-ein\/","og_site_name":"Ringier","article_publisher":"https:\/\/www.facebook.com\/ringierag\/","article_published_time":"2021-05-20T07:25:00+00:00","article_modified_time":"2024-11-14T13:09:35+00:00","og_image":[{"width":1200,"height":801,"url":"https:\/\/www.ringier.com\/wp-content\/uploads\/2021\/08\/blick-logo.png","type":"image\/png"}],"author":"Marc Liniger","twitter_card":"summary_large_image","twitter_creator":"@ringier_ag","twitter_site":"@ringier_ag","twitter_misc":{"Verfasst von":"Marc Liniger","Gesch\u00e4tzte Lesezeit":"2 Minuten"},"schema":{"@context":"https:\/\/schema.org","@graph":[{"@type":"Article","@id":"https:\/\/www.ringier.com\/de\/blick-romandie-und-die-epfl-gehen-partnerschaft-im-wissenschaftsjournalismus-ein\/#article","isPartOf":{"@id":"https:\/\/www.ringier.com\/de\/blick-romandie-und-die-epfl-gehen-partnerschaft-im-wissenschaftsjournalismus-ein\/"},"author":{"name":"Marc Liniger","@id":"https:\/\/www.ringier.com\/de\/#\/schema\/person\/1e03be3d98efb061d1ca29fef411db66"},"headline":"Blick Romandie und die EPFL gehen Partnerschaft im Wissenschaftsjournalismus ein","datePublished":"2021-05-20T07:25:00+00:00","dateModified":"2024-11-14T13:09:35+00:00","mainEntityOfPage":{"@id":"https:\/\/www.ringier.com\/de\/blick-romandie-und-die-epfl-gehen-partnerschaft-im-wissenschaftsjournalismus-ein\/"},"wordCount":294,"publisher":{"@id":"https:\/\/www.ringier.com\/de\/#organization"},"image":{"@id":"https:\/\/www.ringier.com\/de\/blick-romandie-und-die-epfl-gehen-partnerschaft-im-wissenschaftsjournalismus-ein\/#primaryimage"},"thumbnailUrl":"https:\/\/www.ringier.com\/wp-content\/uploads\/2021\/08\/blick-logo.png","articleSection":["Media","Non classifi\u00e9(e)","Ringier Medien Schweiz"],"inLanguage":"de-DE"},{"@type":"WebPage","@id":"https:\/\/www.ringier.com\/de\/blick-romandie-und-die-epfl-gehen-partnerschaft-im-wissenschaftsjournalismus-ein\/","url":"https:\/\/www.ringier.com\/de\/blick-romandie-und-die-epfl-gehen-partnerschaft-im-wissenschaftsjournalismus-ein\/","name":"Blick Romandie und die EPFL gehen Partnerschaft im Wissenschaftsjournalismus ein - Ringier","isPartOf":{"@id":"https:\/\/www.ringier.com\/de\/#website"},"primaryImageOfPage":{"@id":"https:\/\/www.ringier.com\/de\/blick-romandie-und-die-epfl-gehen-partnerschaft-im-wissenschaftsjournalismus-ein\/#primaryimage"},"image":{"@id":"https:\/\/www.ringier.com\/de\/blick-romandie-und-die-epfl-gehen-partnerschaft-im-wissenschaftsjournalismus-ein\/#primaryimage"},"thumbnailUrl":"https:\/\/www.ringier.com\/wp-content\/uploads\/2021\/08\/blick-logo.png","datePublished":"2021-05-20T07:25:00+00:00","dateModified":"2024-11-14T13:09:35+00:00","breadcrumb":{"@id":"https:\/\/www.ringier.com\/de\/blick-romandie-und-die-epfl-gehen-partnerschaft-im-wissenschaftsjournalismus-ein\/#breadcrumb"},"inLanguage":"de-DE","potentialAction":[{"@type":"ReadAction","target":["https:\/\/www.ringier.com\/de\/blick-romandie-und-die-epfl-gehen-partnerschaft-im-wissenschaftsjournalismus-ein\/"]}]},{"@type":"ImageObject","inLanguage":"de-DE","@id":"https:\/\/www.ringier.com\/de\/blick-romandie-und-die-epfl-gehen-partnerschaft-im-wissenschaftsjournalismus-ein\/#primaryimage","url":"https:\/\/www.ringier.com\/wp-content\/uploads\/2021\/08\/blick-logo.png","contentUrl":"https:\/\/www.ringier.com\/wp-content\/uploads\/2021\/08\/blick-logo.png","width":1200,"height":801},{"@type":"BreadcrumbList","@id":"https:\/\/www.ringier.com\/de\/blick-romandie-und-die-epfl-gehen-partnerschaft-im-wissenschaftsjournalismus-ein\/#breadcrumb","itemListElement":[{"@type":"ListItem","position":1,"name":"Home","item":"https:\/\/www.ringier.com\/de\/"},{"@type":"ListItem","position":2,"name":"Blick Romandie und die EPFL gehen Partnerschaft im Wissenschaftsjournalismus ein"}]},{"@type":"WebSite","@id":"https:\/\/www.ringier.com\/de\/#website","url":"https:\/\/www.ringier.com\/de\/","name":"Ringier","description":"We inform. We entertain. We connect","publisher":{"@id":"https:\/\/www.ringier.com\/de\/#organization"},"potentialAction":[{"@type":"SearchAction","target":{"@type":"EntryPoint","urlTemplate":"https:\/\/www.ringier.com\/de\/?s={search_term_string}"},"query-input":{"@type":"PropertyValueSpecification","valueRequired":true,"valueName":"search_term_string"}}],"inLanguage":"de-DE"},{"@type":"Organization","@id":"https:\/\/www.ringier.com\/de\/#organization","name":"Ringier","url":"https:\/\/www.ringier.com\/de\/","logo":{"@type":"ImageObject","inLanguage":"de-DE","@id":"https:\/\/www.ringier.com\/de\/#\/schema\/logo\/image\/","url":"https:\/\/www.ringier.com\/wp-content\/uploads\/2021\/10\/ringier_logo_2.jpg","contentUrl":"https:\/\/www.ringier.com\/wp-content\/uploads\/2021\/10\/ringier_logo_2.jpg","width":750,"height":550,"caption":"Ringier"},"image":{"@id":"https:\/\/www.ringier.com\/de\/#\/schema\/logo\/image\/"},"sameAs":["https:\/\/www.facebook.com\/ringierag\/","https:\/\/x.com\/ringier_ag","https:\/\/www.instagram.com\/ringier_ag\/","https:\/\/www.linkedin.com\/company\/ringier\/","https:\/\/www.youtube.com\/user\/RingierComm","https:\/\/en.wikipedia.org\/wiki\/Ringier","https:\/\/de.wikipedia.org\/wiki\/Ringier","https:\/\/fr.wikipedia.org\/wiki\/Ringier","https:\/\/www.crunchbase.com\/organization\/ringier-ag"]},{"@type":"Person","@id":"https:\/\/www.ringier.com\/de\/#\/schema\/person\/1e03be3d98efb061d1ca29fef411db66","name":"Marc Liniger","image":{"@type":"ImageObject","inLanguage":"de-DE","@id":"https:\/\/www.ringier.com\/de\/#\/schema\/person\/image\/","url":"https:\/\/secure.gravatar.com\/avatar\/8d184da6aa7bdcc4d1a251ecaf713aa707e2a4c24b859c6360b2b31b83c1020e?s=96&d=mm&r=g","contentUrl":"https:\/\/secure.gravatar.com\/avatar\/8d184da6aa7bdcc4d1a251ecaf713aa707e2a4c24b859c6360b2b31b83c1020e?s=96&d=mm&r=g","caption":"Marc Liniger"},"sameAs":["https:\/\/www.ringier.com"]}]}},"_links":{"self":[{"href":"https:\/\/www.ringier.com\/de\/wp-json\/wp\/v2\/posts\/415","targetHints":{"allow":["GET"]}}],"collection":[{"href":"https:\/\/www.ringier.com\/de\/wp-json\/wp\/v2\/posts"}],"about":[{"href":"https:\/\/www.ringier.com\/de\/wp-json\/wp\/v2\/types\/post"}],"author":[{"embeddable":true,"href":"https:\/\/www.ringier.com\/de\/wp-json\/wp\/v2\/users\/7"}],"replies":[{"embeddable":true,"href":"https:\/\/www.ringier.com\/de\/wp-json\/wp\/v2\/comments?post=415"}],"version-history":[{"count":0,"href":"https:\/\/www.ringier.com\/de\/wp-json\/wp\/v2\/posts\/415\/revisions"}],"wp:featuredmedia":[{"embeddable":true,"href":"https:\/\/www.ringier.com\/de\/wp-json\/wp\/v2\/media\/416"}],"wp:attachment":[{"href":"https:\/\/www.ringier.com\/de\/wp-json\/wp\/v2\/media?parent=415"}],"wp:term":[{"taxonomy":"category","embeddable":true,"href":"https:\/\/www.ringier.com\/de\/wp-json\/wp\/v2\/categories?post=415"},{"taxonomy":"post_tag","embeddable":true,"href":"https:\/\/www.ringier.com\/de\/wp-json\/wp\/v2\/tags?post=415"}],"curies":[{"name":"wp","href":"https:\/\/api.w.org\/{rel}","templated":true}]}}