{"id":387,"date":"2021-05-31T09:07:00","date_gmt":"2021-05-31T07:07:00","guid":{"rendered":"https:\/\/www.ringier.com\/restructuration-et-renforcement-du-departement-juridique-du-groupe-ringier\/"},"modified":"2024-11-14T14:08:24","modified_gmt":"2024-11-14T13:08:24","slug":"neustrukturierung-und-personelle-verstaerkung-der-rechtsabteilung-der-ringier-gruppe","status":"publish","type":"post","link":"https:\/\/www.ringier.com\/de\/neustrukturierung-und-personelle-verstaerkung-der-rechtsabteilung-der-ringier-gruppe\/","title":{"rendered":"Neustrukturierung und personelle Verst\u00e4rkung der Rechtsabteilung der Ringier Gruppe"},"content":{"rendered":"\n<p>Dr. Manuel Liatowitsch, General Counsel und Chief Legal Officer der Ringier AG und seit Mai 2021 in dieser Funktion Mitglied des Group Executive Boards sowie Head of Corporate Center der Ringier AG, hat den Legal Bereich der Ringier Gruppe an die&nbsp; Anforderungen und Bed\u00fcrfnissen eines diversifizierten und international t\u00e4tigen Medienunternehmens angepasst. Dies soll es vor allem auch konzernintern erleichtern, rasch die richtigen Legal-Ansprechpersonen zu finden. Ab dem 1. Juni gliedert sich die Rechtsabteilung deshalb neu in die beiden Kernbereiche Commercial, IP &amp; Technology und in Corporate \/ M&amp;A.<\/p>\n\n\n\n<p>Laurence Hulliger, seit 2010 als Legal Counsel f\u00fcr die Ringier Gruppe t\u00e4tig, verantwortet neu als Head Legal Commercial, IP &amp; Technology schwerpunktm\u00e4ssig die folgenden Rechtsbereiche: allgemeines Vertragsrecht, Arbeitsrecht, Immaterialg\u00fcterrecht (IP) \u2013 insbesondere Urheber- und Markenrecht \u2013 Werbe- und Medienrecht, \u00f6ffentliches Recht, Technologie, IT-Recht sowie Datenschutzrecht (vertragsseitig). Laurence Hulliger ist Rechtsanw\u00e4ltin und schloss ihr Studium&nbsp; der Rechtswissenschaften an der Universit\u00e4t St. Gallen (HSG) mit dem Lizenziat (lic.iur.) ab. Zudem hat sie einen Master of Laws (LL.M.) der Universit\u00e4t New South Wales in Sydney. Vor Ringier war Laurence Hulliger w\u00e4hrend f\u00fcnf Jahren in der Kanzlei Meyerlustenberger Lachenal AG als Anw\u00e4ltin t\u00e4tig. Zum Team von Laurence Hulliger geh\u00f6ren die beiden Rechtsanw\u00e4ltinnen Annegret Kammermann sowie Stephanie Bruderer-Lattmann. Annegret Kammermann ist bereits seit 2014 f\u00fcr Ringier als Legal Counsel t\u00e4tig. Sie befindet sich derzeit im Mutterschaftsurlaub. Stephanie Bruderer-Lattmann hat ihre Stelle als Legal Counsel am 1. Mai 2021 angetreten.<\/p>\n\n\n\n<p>Lucas H\u00e4nni ist seit 2016 als Senior Counsel Corporate \/ M&amp;A f\u00fcr die Ringier Gruppe international t\u00e4tig. Zuk\u00fcnftig verantwortet er als Head Legal Corporate \/ M&amp;A die Schwerpunkte M&amp;A, Private Equity und Venture-Capital-Transaktionen, Gesellschaftsrecht, Finanzierungen, Restrukturierungen, Beteiligungsmanagement sowie Corporate Governance und Besitzverh\u00e4ltnisse (KYC). Lucas H\u00e4nni ist Rechtsanwalt und schloss sein Studium der Rechtswissenschaften an den Universit\u00e4ten Z\u00fcrich und Alicante mit dem Lizenziat (lic.iur.) ab. Vor seiner T\u00e4tigkeit bei Ringier arbeitete er w\u00e4hrend sieben Jahren als Anwalt in der Kanzlei Walder Wyss AG in Z\u00fcrich sowie w\u00e4hrend zwei Jahren in einer internationalen Investmentgesellschaft. Zudem ist er Autor zahlreicher Fachver\u00f6ffentlichungen. In seiner neuen Funktion wird Lucas H\u00e4nni von Rechtsanwalt Christoph Aeberhardt (Senior Legal Counsel Marketplaces) sowie seit dem 1. Mai 2021 von Rechtsanw\u00e4ltin Karin M\u00fclchi (Legal Counsel) unterst\u00fctzt.<\/p>\n\n\n\n<p>\u00abIch gratuliere Laurence Hulliger und Lucas H\u00e4nni herzlich zu ihren wohlverdienten Bef\u00f6rderungen und freue mich sehr auf die weitere enge Zusammenarbeit. Beide werden aufgrund ihrer fachlichen Kompetenzen sowohl innerhalb als auch ausserhalb des Unternehmens hochgesch\u00e4tzt. Ebenso freue ich mich, Stephanie Bruderer-Lattmann und Karin M\u00fclchi neu im Team Legal begr\u00fcssen zu d\u00fcrfen. Ich bin \u00fcberzeugt, dass wir in dieser Aufstellung die stetig wachsenden Herausforderungen bestm\u00f6glich bew\u00e4ltigen k\u00f6nnen\u00bb, sagt Manuel Liatowitsch.<\/p>\n\n\n\n<p>Ringier AG, Corporate Communications<\/p>\n","protected":false},"excerpt":{"rendered":"<p>Ab Juni 2021 wird die Rechtsabteilung der Ringier Gruppe neu in die zwei Kernbereiche Commercial, IP &#038; Technology sowie Corporate \/ M&#038;A gegliedert. Damit wird den ver\u00e4nderten Bed\u00fcrfnissen innerhalb der Gruppe und damit verbundenen Anforderungen an den Legal-Bereich optimal Rechnung getragen. Mit der Neustrukturierung gehen die Bef\u00f6rderungen von Laurence Hulliger zum Head Legal Commercial, IP &#038; Technology  sowie von Lucas H\u00e4nni zum Head Legal Corporate \/ M&#038;A einher.<\/p>\n","protected":false},"author":7,"featured_media":383,"comment_status":"closed","ping_status":"open","sticky":false,"template":"","format":"standard","meta":{"inline_featured_image":false,"footnotes":""},"categories":[44],"tags":[],"class_list":["post-387","post","type-post","status-publish","format-standard","has-post-thumbnail","hentry","category-corporate-de"],"yoast_head":"<!-- This site is optimized with the Yoast SEO Premium plugin v27.0 (Yoast SEO v27.0) - https:\/\/yoast.com\/product\/yoast-seo-premium-wordpress\/ -->\n<title>Neustrukturierung und personelle Verst\u00e4rkung der Rechtsabteilung der Ringier Gruppe - Ringier<\/title>\n<meta name=\"robots\" content=\"index, follow, max-snippet:-1, max-image-preview:large, max-video-preview:-1\" \/>\n<link rel=\"canonical\" href=\"https:\/\/www.ringier.com\/de\/neustrukturierung-und-personelle-verstaerkung-der-rechtsabteilung-der-ringier-gruppe\/\" \/>\n<meta property=\"og:locale\" content=\"de_DE\" \/>\n<meta property=\"og:type\" content=\"article\" \/>\n<meta property=\"og:title\" content=\"Neustrukturierung und personelle Verst\u00e4rkung der Rechtsabteilung der Ringier Gruppe\" \/>\n<meta property=\"og:description\" content=\"Ab Juni 2021 wird die Rechtsabteilung der Ringier Gruppe neu in die zwei Kernbereiche Commercial, IP &amp; Technology sowie Corporate \/ M&amp;A gegliedert. Damit wird den ver\u00e4nderten Bed\u00fcrfnissen innerhalb der Gruppe und damit verbundenen Anforderungen an den Legal-Bereich optimal Rechnung getragen. Mit der Neustrukturierung gehen die Bef\u00f6rderungen von Laurence Hulliger zum Head Legal Commercial, IP &amp; Technology sowie von Lucas H\u00e4nni zum Head Legal Corporate \/ M&amp;A einher.\" \/>\n<meta property=\"og:url\" content=\"https:\/\/www.ringier.com\/de\/neustrukturierung-und-personelle-verstaerkung-der-rechtsabteilung-der-ringier-gruppe\/\" \/>\n<meta property=\"og:site_name\" content=\"Ringier\" \/>\n<meta property=\"article:publisher\" content=\"https:\/\/www.facebook.com\/ringierag\/\" \/>\n<meta property=\"article:published_time\" content=\"2021-05-31T07:07:00+00:00\" \/>\n<meta property=\"article:modified_time\" content=\"2024-11-14T13:08:24+00:00\" \/>\n<meta property=\"og:image\" content=\"https:\/\/www.ringier.com\/wp-content\/uploads\/2021\/08\/laurence-hulliger-lucas-haenni-scaled.jpg\" \/>\n\t<meta property=\"og:image:width\" content=\"2560\" \/>\n\t<meta property=\"og:image:height\" content=\"1707\" \/>\n\t<meta property=\"og:image:type\" content=\"image\/jpeg\" \/>\n<meta name=\"author\" content=\"Marc Liniger\" \/>\n<meta name=\"twitter:card\" content=\"summary_large_image\" \/>\n<meta name=\"twitter:creator\" content=\"@ringier_ag\" \/>\n<meta name=\"twitter:site\" content=\"@ringier_ag\" \/>\n<meta name=\"twitter:label1\" content=\"Verfasst von\" \/>\n\t<meta name=\"twitter:data1\" content=\"Marc Liniger\" \/>\n\t<meta name=\"twitter:label2\" content=\"Gesch\u00e4tzte Lesezeit\" \/>\n\t<meta name=\"twitter:data2\" content=\"3 Minuten\" \/>\n<script type=\"application\/ld+json\" class=\"yoast-schema-graph\">{\"@context\":\"https:\/\/schema.org\",\"@graph\":[{\"@type\":\"Article\",\"@id\":\"https:\/\/www.ringier.com\/de\/neustrukturierung-und-personelle-verstaerkung-der-rechtsabteilung-der-ringier-gruppe\/#article\",\"isPartOf\":{\"@id\":\"https:\/\/www.ringier.com\/de\/neustrukturierung-und-personelle-verstaerkung-der-rechtsabteilung-der-ringier-gruppe\/\"},\"author\":{\"name\":\"Marc Liniger\",\"@id\":\"https:\/\/www.ringier.com\/de\/#\/schema\/person\/1e03be3d98efb061d1ca29fef411db66\"},\"headline\":\"Neustrukturierung und personelle Verst\u00e4rkung der Rechtsabteilung der Ringier Gruppe\",\"datePublished\":\"2021-05-31T07:07:00+00:00\",\"dateModified\":\"2024-11-14T13:08:24+00:00\",\"mainEntityOfPage\":{\"@id\":\"https:\/\/www.ringier.com\/de\/neustrukturierung-und-personelle-verstaerkung-der-rechtsabteilung-der-ringier-gruppe\/\"},\"wordCount\":483,\"publisher\":{\"@id\":\"https:\/\/www.ringier.com\/de\/#organization\"},\"image\":{\"@id\":\"https:\/\/www.ringier.com\/de\/neustrukturierung-und-personelle-verstaerkung-der-rechtsabteilung-der-ringier-gruppe\/#primaryimage\"},\"thumbnailUrl\":\"https:\/\/www.ringier.com\/wp-content\/uploads\/2021\/08\/laurence-hulliger-lucas-haenni-scaled.jpg\",\"articleSection\":[\"Corporate\"],\"inLanguage\":\"de-DE\"},{\"@type\":\"WebPage\",\"@id\":\"https:\/\/www.ringier.com\/de\/neustrukturierung-und-personelle-verstaerkung-der-rechtsabteilung-der-ringier-gruppe\/\",\"url\":\"https:\/\/www.ringier.com\/de\/neustrukturierung-und-personelle-verstaerkung-der-rechtsabteilung-der-ringier-gruppe\/\",\"name\":\"Neustrukturierung und personelle Verst\u00e4rkung der Rechtsabteilung der Ringier Gruppe - Ringier\",\"isPartOf\":{\"@id\":\"https:\/\/www.ringier.com\/de\/#website\"},\"primaryImageOfPage\":{\"@id\":\"https:\/\/www.ringier.com\/de\/neustrukturierung-und-personelle-verstaerkung-der-rechtsabteilung-der-ringier-gruppe\/#primaryimage\"},\"image\":{\"@id\":\"https:\/\/www.ringier.com\/de\/neustrukturierung-und-personelle-verstaerkung-der-rechtsabteilung-der-ringier-gruppe\/#primaryimage\"},\"thumbnailUrl\":\"https:\/\/www.ringier.com\/wp-content\/uploads\/2021\/08\/laurence-hulliger-lucas-haenni-scaled.jpg\",\"datePublished\":\"2021-05-31T07:07:00+00:00\",\"dateModified\":\"2024-11-14T13:08:24+00:00\",\"breadcrumb\":{\"@id\":\"https:\/\/www.ringier.com\/de\/neustrukturierung-und-personelle-verstaerkung-der-rechtsabteilung-der-ringier-gruppe\/#breadcrumb\"},\"inLanguage\":\"de-DE\",\"potentialAction\":[{\"@type\":\"ReadAction\",\"target\":[\"https:\/\/www.ringier.com\/de\/neustrukturierung-und-personelle-verstaerkung-der-rechtsabteilung-der-ringier-gruppe\/\"]}]},{\"@type\":\"ImageObject\",\"inLanguage\":\"de-DE\",\"@id\":\"https:\/\/www.ringier.com\/de\/neustrukturierung-und-personelle-verstaerkung-der-rechtsabteilung-der-ringier-gruppe\/#primaryimage\",\"url\":\"https:\/\/www.ringier.com\/wp-content\/uploads\/2021\/08\/laurence-hulliger-lucas-haenni-scaled.jpg\",\"contentUrl\":\"https:\/\/www.ringier.com\/wp-content\/uploads\/2021\/08\/laurence-hulliger-lucas-haenni-scaled.jpg\",\"width\":2560,\"height\":1707},{\"@type\":\"BreadcrumbList\",\"@id\":\"https:\/\/www.ringier.com\/de\/neustrukturierung-und-personelle-verstaerkung-der-rechtsabteilung-der-ringier-gruppe\/#breadcrumb\",\"itemListElement\":[{\"@type\":\"ListItem\",\"position\":1,\"name\":\"Home\",\"item\":\"https:\/\/www.ringier.com\/de\/\"},{\"@type\":\"ListItem\",\"position\":2,\"name\":\"Neustrukturierung und personelle Verst\u00e4rkung der Rechtsabteilung der Ringier Gruppe\"}]},{\"@type\":\"WebSite\",\"@id\":\"https:\/\/www.ringier.com\/de\/#website\",\"url\":\"https:\/\/www.ringier.com\/de\/\",\"name\":\"Ringier\",\"description\":\"We inform. We entertain. We connect\",\"publisher\":{\"@id\":\"https:\/\/www.ringier.com\/de\/#organization\"},\"potentialAction\":[{\"@type\":\"SearchAction\",\"target\":{\"@type\":\"EntryPoint\",\"urlTemplate\":\"https:\/\/www.ringier.com\/de\/?s={search_term_string}\"},\"query-input\":{\"@type\":\"PropertyValueSpecification\",\"valueRequired\":true,\"valueName\":\"search_term_string\"}}],\"inLanguage\":\"de-DE\"},{\"@type\":\"Organization\",\"@id\":\"https:\/\/www.ringier.com\/de\/#organization\",\"name\":\"Ringier\",\"url\":\"https:\/\/www.ringier.com\/de\/\",\"logo\":{\"@type\":\"ImageObject\",\"inLanguage\":\"de-DE\",\"@id\":\"https:\/\/www.ringier.com\/de\/#\/schema\/logo\/image\/\",\"url\":\"https:\/\/www.ringier.com\/wp-content\/uploads\/2021\/10\/ringier_logo_2.jpg\",\"contentUrl\":\"https:\/\/www.ringier.com\/wp-content\/uploads\/2021\/10\/ringier_logo_2.jpg\",\"width\":750,\"height\":550,\"caption\":\"Ringier\"},\"image\":{\"@id\":\"https:\/\/www.ringier.com\/de\/#\/schema\/logo\/image\/\"},\"sameAs\":[\"https:\/\/www.facebook.com\/ringierag\/\",\"https:\/\/x.com\/ringier_ag\",\"https:\/\/www.instagram.com\/ringier_ag\/\",\"https:\/\/www.linkedin.com\/company\/ringier\/\",\"https:\/\/www.youtube.com\/user\/RingierComm\",\"https:\/\/en.wikipedia.org\/wiki\/Ringier\",\"https:\/\/de.wikipedia.org\/wiki\/Ringier\",\"https:\/\/fr.wikipedia.org\/wiki\/Ringier\",\"https:\/\/www.crunchbase.com\/organization\/ringier-ag\"]},{\"@type\":\"Person\",\"@id\":\"https:\/\/www.ringier.com\/de\/#\/schema\/person\/1e03be3d98efb061d1ca29fef411db66\",\"name\":\"Marc Liniger\",\"image\":{\"@type\":\"ImageObject\",\"inLanguage\":\"de-DE\",\"@id\":\"https:\/\/www.ringier.com\/de\/#\/schema\/person\/image\/\",\"url\":\"https:\/\/secure.gravatar.com\/avatar\/8d184da6aa7bdcc4d1a251ecaf713aa707e2a4c24b859c6360b2b31b83c1020e?s=96&d=mm&r=g\",\"contentUrl\":\"https:\/\/secure.gravatar.com\/avatar\/8d184da6aa7bdcc4d1a251ecaf713aa707e2a4c24b859c6360b2b31b83c1020e?s=96&d=mm&r=g\",\"caption\":\"Marc Liniger\"},\"sameAs\":[\"https:\/\/www.ringier.com\"]}]}<\/script>\n<!-- \/ Yoast SEO Premium plugin. -->","yoast_head_json":{"title":"Neustrukturierung und personelle Verst\u00e4rkung der Rechtsabteilung der Ringier Gruppe - Ringier","robots":{"index":"index","follow":"follow","max-snippet":"max-snippet:-1","max-image-preview":"max-image-preview:large","max-video-preview":"max-video-preview:-1"},"canonical":"https:\/\/www.ringier.com\/de\/neustrukturierung-und-personelle-verstaerkung-der-rechtsabteilung-der-ringier-gruppe\/","og_locale":"de_DE","og_type":"article","og_title":"Neustrukturierung und personelle Verst\u00e4rkung der Rechtsabteilung der Ringier Gruppe","og_description":"Ab Juni 2021 wird die Rechtsabteilung der Ringier Gruppe neu in die zwei Kernbereiche Commercial, IP & Technology sowie Corporate \/ M&A gegliedert. Damit wird den ver\u00e4nderten Bed\u00fcrfnissen innerhalb der Gruppe und damit verbundenen Anforderungen an den Legal-Bereich optimal Rechnung getragen. Mit der Neustrukturierung gehen die Bef\u00f6rderungen von Laurence Hulliger zum Head Legal Commercial, IP & Technology sowie von Lucas H\u00e4nni zum Head Legal Corporate \/ M&A einher.","og_url":"https:\/\/www.ringier.com\/de\/neustrukturierung-und-personelle-verstaerkung-der-rechtsabteilung-der-ringier-gruppe\/","og_site_name":"Ringier","article_publisher":"https:\/\/www.facebook.com\/ringierag\/","article_published_time":"2021-05-31T07:07:00+00:00","article_modified_time":"2024-11-14T13:08:24+00:00","og_image":[{"width":2560,"height":1707,"url":"https:\/\/www.ringier.com\/wp-content\/uploads\/2021\/08\/laurence-hulliger-lucas-haenni-scaled.jpg","type":"image\/jpeg"}],"author":"Marc Liniger","twitter_card":"summary_large_image","twitter_creator":"@ringier_ag","twitter_site":"@ringier_ag","twitter_misc":{"Verfasst von":"Marc Liniger","Gesch\u00e4tzte Lesezeit":"3 Minuten"},"schema":{"@context":"https:\/\/schema.org","@graph":[{"@type":"Article","@id":"https:\/\/www.ringier.com\/de\/neustrukturierung-und-personelle-verstaerkung-der-rechtsabteilung-der-ringier-gruppe\/#article","isPartOf":{"@id":"https:\/\/www.ringier.com\/de\/neustrukturierung-und-personelle-verstaerkung-der-rechtsabteilung-der-ringier-gruppe\/"},"author":{"name":"Marc Liniger","@id":"https:\/\/www.ringier.com\/de\/#\/schema\/person\/1e03be3d98efb061d1ca29fef411db66"},"headline":"Neustrukturierung und personelle Verst\u00e4rkung der Rechtsabteilung der Ringier Gruppe","datePublished":"2021-05-31T07:07:00+00:00","dateModified":"2024-11-14T13:08:24+00:00","mainEntityOfPage":{"@id":"https:\/\/www.ringier.com\/de\/neustrukturierung-und-personelle-verstaerkung-der-rechtsabteilung-der-ringier-gruppe\/"},"wordCount":483,"publisher":{"@id":"https:\/\/www.ringier.com\/de\/#organization"},"image":{"@id":"https:\/\/www.ringier.com\/de\/neustrukturierung-und-personelle-verstaerkung-der-rechtsabteilung-der-ringier-gruppe\/#primaryimage"},"thumbnailUrl":"https:\/\/www.ringier.com\/wp-content\/uploads\/2021\/08\/laurence-hulliger-lucas-haenni-scaled.jpg","articleSection":["Corporate"],"inLanguage":"de-DE"},{"@type":"WebPage","@id":"https:\/\/www.ringier.com\/de\/neustrukturierung-und-personelle-verstaerkung-der-rechtsabteilung-der-ringier-gruppe\/","url":"https:\/\/www.ringier.com\/de\/neustrukturierung-und-personelle-verstaerkung-der-rechtsabteilung-der-ringier-gruppe\/","name":"Neustrukturierung und personelle Verst\u00e4rkung der Rechtsabteilung der Ringier Gruppe - Ringier","isPartOf":{"@id":"https:\/\/www.ringier.com\/de\/#website"},"primaryImageOfPage":{"@id":"https:\/\/www.ringier.com\/de\/neustrukturierung-und-personelle-verstaerkung-der-rechtsabteilung-der-ringier-gruppe\/#primaryimage"},"image":{"@id":"https:\/\/www.ringier.com\/de\/neustrukturierung-und-personelle-verstaerkung-der-rechtsabteilung-der-ringier-gruppe\/#primaryimage"},"thumbnailUrl":"https:\/\/www.ringier.com\/wp-content\/uploads\/2021\/08\/laurence-hulliger-lucas-haenni-scaled.jpg","datePublished":"2021-05-31T07:07:00+00:00","dateModified":"2024-11-14T13:08:24+00:00","breadcrumb":{"@id":"https:\/\/www.ringier.com\/de\/neustrukturierung-und-personelle-verstaerkung-der-rechtsabteilung-der-ringier-gruppe\/#breadcrumb"},"inLanguage":"de-DE","potentialAction":[{"@type":"ReadAction","target":["https:\/\/www.ringier.com\/de\/neustrukturierung-und-personelle-verstaerkung-der-rechtsabteilung-der-ringier-gruppe\/"]}]},{"@type":"ImageObject","inLanguage":"de-DE","@id":"https:\/\/www.ringier.com\/de\/neustrukturierung-und-personelle-verstaerkung-der-rechtsabteilung-der-ringier-gruppe\/#primaryimage","url":"https:\/\/www.ringier.com\/wp-content\/uploads\/2021\/08\/laurence-hulliger-lucas-haenni-scaled.jpg","contentUrl":"https:\/\/www.ringier.com\/wp-content\/uploads\/2021\/08\/laurence-hulliger-lucas-haenni-scaled.jpg","width":2560,"height":1707},{"@type":"BreadcrumbList","@id":"https:\/\/www.ringier.com\/de\/neustrukturierung-und-personelle-verstaerkung-der-rechtsabteilung-der-ringier-gruppe\/#breadcrumb","itemListElement":[{"@type":"ListItem","position":1,"name":"Home","item":"https:\/\/www.ringier.com\/de\/"},{"@type":"ListItem","position":2,"name":"Neustrukturierung und personelle Verst\u00e4rkung der Rechtsabteilung der Ringier Gruppe"}]},{"@type":"WebSite","@id":"https:\/\/www.ringier.com\/de\/#website","url":"https:\/\/www.ringier.com\/de\/","name":"Ringier","description":"We inform. We entertain. We connect","publisher":{"@id":"https:\/\/www.ringier.com\/de\/#organization"},"potentialAction":[{"@type":"SearchAction","target":{"@type":"EntryPoint","urlTemplate":"https:\/\/www.ringier.com\/de\/?s={search_term_string}"},"query-input":{"@type":"PropertyValueSpecification","valueRequired":true,"valueName":"search_term_string"}}],"inLanguage":"de-DE"},{"@type":"Organization","@id":"https:\/\/www.ringier.com\/de\/#organization","name":"Ringier","url":"https:\/\/www.ringier.com\/de\/","logo":{"@type":"ImageObject","inLanguage":"de-DE","@id":"https:\/\/www.ringier.com\/de\/#\/schema\/logo\/image\/","url":"https:\/\/www.ringier.com\/wp-content\/uploads\/2021\/10\/ringier_logo_2.jpg","contentUrl":"https:\/\/www.ringier.com\/wp-content\/uploads\/2021\/10\/ringier_logo_2.jpg","width":750,"height":550,"caption":"Ringier"},"image":{"@id":"https:\/\/www.ringier.com\/de\/#\/schema\/logo\/image\/"},"sameAs":["https:\/\/www.facebook.com\/ringierag\/","https:\/\/x.com\/ringier_ag","https:\/\/www.instagram.com\/ringier_ag\/","https:\/\/www.linkedin.com\/company\/ringier\/","https:\/\/www.youtube.com\/user\/RingierComm","https:\/\/en.wikipedia.org\/wiki\/Ringier","https:\/\/de.wikipedia.org\/wiki\/Ringier","https:\/\/fr.wikipedia.org\/wiki\/Ringier","https:\/\/www.crunchbase.com\/organization\/ringier-ag"]},{"@type":"Person","@id":"https:\/\/www.ringier.com\/de\/#\/schema\/person\/1e03be3d98efb061d1ca29fef411db66","name":"Marc Liniger","image":{"@type":"ImageObject","inLanguage":"de-DE","@id":"https:\/\/www.ringier.com\/de\/#\/schema\/person\/image\/","url":"https:\/\/secure.gravatar.com\/avatar\/8d184da6aa7bdcc4d1a251ecaf713aa707e2a4c24b859c6360b2b31b83c1020e?s=96&d=mm&r=g","contentUrl":"https:\/\/secure.gravatar.com\/avatar\/8d184da6aa7bdcc4d1a251ecaf713aa707e2a4c24b859c6360b2b31b83c1020e?s=96&d=mm&r=g","caption":"Marc Liniger"},"sameAs":["https:\/\/www.ringier.com"]}]}},"_links":{"self":[{"href":"https:\/\/www.ringier.com\/de\/wp-json\/wp\/v2\/posts\/387","targetHints":{"allow":["GET"]}}],"collection":[{"href":"https:\/\/www.ringier.com\/de\/wp-json\/wp\/v2\/posts"}],"about":[{"href":"https:\/\/www.ringier.com\/de\/wp-json\/wp\/v2\/types\/post"}],"author":[{"embeddable":true,"href":"https:\/\/www.ringier.com\/de\/wp-json\/wp\/v2\/users\/7"}],"replies":[{"embeddable":true,"href":"https:\/\/www.ringier.com\/de\/wp-json\/wp\/v2\/comments?post=387"}],"version-history":[{"count":0,"href":"https:\/\/www.ringier.com\/de\/wp-json\/wp\/v2\/posts\/387\/revisions"}],"wp:featuredmedia":[{"embeddable":true,"href":"https:\/\/www.ringier.com\/de\/wp-json\/wp\/v2\/media\/383"}],"wp:attachment":[{"href":"https:\/\/www.ringier.com\/de\/wp-json\/wp\/v2\/media?parent=387"}],"wp:term":[{"taxonomy":"category","embeddable":true,"href":"https:\/\/www.ringier.com\/de\/wp-json\/wp\/v2\/categories?post=387"},{"taxonomy":"post_tag","embeddable":true,"href":"https:\/\/www.ringier.com\/de\/wp-json\/wp\/v2\/tags?post=387"}],"curies":[{"name":"wp","href":"https:\/\/api.w.org\/{rel}","templated":true}]}}