{"id":3869,"date":"2013-12-02T18:49:00","date_gmt":"2013-12-02T17:49:00","guid":{"rendered":"https:\/\/www.ringier.com\/?p=3869"},"modified":"2024-11-27T12:26:21","modified_gmt":"2024-11-27T11:26:21","slug":"jean-francois-tanda-neu-im-autorenpool-der-blick-gruppe","status":"publish","type":"post","link":"https:\/\/www.ringier.com\/de\/jean-francois-tanda-neu-im-autorenpool-der-blick-gruppe\/","title":{"rendered":"Jean Fran\u00e7ois Tanda neu im Autorenpool der Blick-Gruppe"},"content":{"rendered":"\n<p>Tanda hat Rechtswissenschaften an der Universit\u00e4t Fribourg studiert und eine Diplomausbildung als Journalist am Medienausbildungszentrum MAZ in Luzern. Er gilt als einer der versiertesten Rechercheure der Schweiz. So machte sich der Jurist gar weltweit einen Namen, indem er die verworrenen Geldstr\u00f6me der Fifa und des Vatikans aufdeckte. Er schreibt \u00fcber Politik, Wirtschaft, Sport und Gesellschaft.<br>Unter der Leitung von Peter Hossli baut die\u00a0<em>Blick<\/em>-Gruppe einen Autorenpool auf. Derzeit werden Gespr\u00e4che mit verschiedenen weiteren Kandidaten gef\u00fchrt.<\/p>\n\n\n\n<p>Kommunikation Ringier Schweiz<\/p>\n","protected":false},"excerpt":{"rendered":"<p>Jean Fran\u00e7ois Tanda (39) verst\u00e4rkt den Autorenpool der Blick-Gruppe. Tanda tritt seine neue Stelle am 1. M\u00e4rz 2014 an. Derzeit arbeitet er als Journalist bei der Handelszeitung. Von 2004 bis 2010 war Tanda bei der SonntagsZeitung t\u00e4tig, 2010 bis 2011 dann im Wirtschaftsressort des Tages-Anzeigers in Z\u00fcrich. Als freischaffender Journalist publizierte er bereits im britischen Economist.<\/p>\n","protected":false},"author":23,"featured_media":3870,"comment_status":"closed","ping_status":"open","sticky":false,"template":"","format":"standard","meta":{"inline_featured_image":false,"footnotes":""},"categories":[371,361],"tags":[],"class_list":["post-3869","post","type-post","status-publish","format-standard","has-post-thumbnail","hentry","category-media-de","category-ringier-medien-schweiz"],"yoast_head":"<!-- This site is optimized with the Yoast SEO Premium plugin v27.0 (Yoast SEO v27.0) - https:\/\/yoast.com\/product\/yoast-seo-premium-wordpress\/ -->\n<title>Jean Fran\u00e7ois Tanda neu im Autorenpool der Blick-Gruppe - Ringier<\/title>\n<meta name=\"robots\" content=\"index, follow, max-snippet:-1, max-image-preview:large, max-video-preview:-1\" \/>\n<link rel=\"canonical\" href=\"https:\/\/www.ringier.com\/de\/jean-francois-tanda-neu-im-autorenpool-der-blick-gruppe\/\" \/>\n<meta property=\"og:locale\" content=\"de_DE\" \/>\n<meta property=\"og:type\" content=\"article\" \/>\n<meta property=\"og:title\" content=\"Jean Fran\u00e7ois Tanda neu im Autorenpool der Blick-Gruppe\" \/>\n<meta property=\"og:description\" content=\"Jean Fran\u00e7ois Tanda (39) verst\u00e4rkt den Autorenpool der Blick-Gruppe. Tanda tritt seine neue Stelle am 1. M\u00e4rz 2014 an. Derzeit arbeitet er als Journalist bei der Handelszeitung. Von 2004 bis 2010 war Tanda bei der SonntagsZeitung t\u00e4tig, 2010 bis 2011 dann im Wirtschaftsressort des Tages-Anzeigers in Z\u00fcrich. Als freischaffender Journalist publizierte er bereits im britischen Economist.\" \/>\n<meta property=\"og:url\" content=\"https:\/\/www.ringier.com\/de\/jean-francois-tanda-neu-im-autorenpool-der-blick-gruppe\/\" \/>\n<meta property=\"og:site_name\" content=\"Ringier\" \/>\n<meta property=\"article:publisher\" content=\"https:\/\/www.facebook.com\/ringierag\/\" \/>\n<meta property=\"article:published_time\" content=\"2013-12-02T17:49:00+00:00\" \/>\n<meta property=\"article:modified_time\" content=\"2024-11-27T11:26:21+00:00\" \/>\n<meta property=\"og:image\" content=\"https:\/\/www.ringier.com\/wp-content\/uploads\/2021\/09\/Jean_Francois_Tanda_2013.jpeg\" \/>\n\t<meta property=\"og:image:width\" content=\"705\" \/>\n\t<meta property=\"og:image:height\" content=\"446\" \/>\n\t<meta property=\"og:image:type\" content=\"image\/jpeg\" \/>\n<meta name=\"author\" content=\"Ringier Corporate Communications\" \/>\n<meta name=\"twitter:card\" content=\"summary_large_image\" \/>\n<meta name=\"twitter:creator\" content=\"@ringier_ag\" \/>\n<meta name=\"twitter:site\" content=\"@ringier_ag\" \/>\n<meta name=\"twitter:label1\" content=\"Verfasst von\" \/>\n\t<meta name=\"twitter:data1\" content=\"Ringier Corporate Communications\" \/>\n\t<meta name=\"twitter:label2\" content=\"Gesch\u00e4tzte Lesezeit\" \/>\n\t<meta name=\"twitter:data2\" content=\"1 Minute\" \/>\n<script type=\"application\/ld+json\" class=\"yoast-schema-graph\">{\"@context\":\"https:\/\/schema.org\",\"@graph\":[{\"@type\":\"Article\",\"@id\":\"https:\/\/www.ringier.com\/de\/jean-francois-tanda-neu-im-autorenpool-der-blick-gruppe\/#article\",\"isPartOf\":{\"@id\":\"https:\/\/www.ringier.com\/de\/jean-francois-tanda-neu-im-autorenpool-der-blick-gruppe\/\"},\"author\":{\"name\":\"Ringier Corporate Communications\",\"@id\":\"https:\/\/www.ringier.com\/de\/#\/schema\/person\/4cf76a308dc4b2bb5121bd1e7b752e52\"},\"headline\":\"Jean Fran\u00e7ois Tanda neu im Autorenpool der Blick-Gruppe\",\"datePublished\":\"2013-12-02T17:49:00+00:00\",\"dateModified\":\"2024-11-27T11:26:21+00:00\",\"mainEntityOfPage\":{\"@id\":\"https:\/\/www.ringier.com\/de\/jean-francois-tanda-neu-im-autorenpool-der-blick-gruppe\/\"},\"wordCount\":91,\"publisher\":{\"@id\":\"https:\/\/www.ringier.com\/de\/#organization\"},\"image\":{\"@id\":\"https:\/\/www.ringier.com\/de\/jean-francois-tanda-neu-im-autorenpool-der-blick-gruppe\/#primaryimage\"},\"thumbnailUrl\":\"https:\/\/www.ringier.com\/wp-content\/uploads\/2021\/09\/Jean_Francois_Tanda_2013.jpeg\",\"articleSection\":[\"Media\",\"Ringier Medien Schweiz\"],\"inLanguage\":\"de-DE\"},{\"@type\":\"WebPage\",\"@id\":\"https:\/\/www.ringier.com\/de\/jean-francois-tanda-neu-im-autorenpool-der-blick-gruppe\/\",\"url\":\"https:\/\/www.ringier.com\/de\/jean-francois-tanda-neu-im-autorenpool-der-blick-gruppe\/\",\"name\":\"Jean Fran\u00e7ois Tanda neu im Autorenpool der Blick-Gruppe - Ringier\",\"isPartOf\":{\"@id\":\"https:\/\/www.ringier.com\/de\/#website\"},\"primaryImageOfPage\":{\"@id\":\"https:\/\/www.ringier.com\/de\/jean-francois-tanda-neu-im-autorenpool-der-blick-gruppe\/#primaryimage\"},\"image\":{\"@id\":\"https:\/\/www.ringier.com\/de\/jean-francois-tanda-neu-im-autorenpool-der-blick-gruppe\/#primaryimage\"},\"thumbnailUrl\":\"https:\/\/www.ringier.com\/wp-content\/uploads\/2021\/09\/Jean_Francois_Tanda_2013.jpeg\",\"datePublished\":\"2013-12-02T17:49:00+00:00\",\"dateModified\":\"2024-11-27T11:26:21+00:00\",\"breadcrumb\":{\"@id\":\"https:\/\/www.ringier.com\/de\/jean-francois-tanda-neu-im-autorenpool-der-blick-gruppe\/#breadcrumb\"},\"inLanguage\":\"de-DE\",\"potentialAction\":[{\"@type\":\"ReadAction\",\"target\":[\"https:\/\/www.ringier.com\/de\/jean-francois-tanda-neu-im-autorenpool-der-blick-gruppe\/\"]}]},{\"@type\":\"ImageObject\",\"inLanguage\":\"de-DE\",\"@id\":\"https:\/\/www.ringier.com\/de\/jean-francois-tanda-neu-im-autorenpool-der-blick-gruppe\/#primaryimage\",\"url\":\"https:\/\/www.ringier.com\/wp-content\/uploads\/2021\/09\/Jean_Francois_Tanda_2013.jpeg\",\"contentUrl\":\"https:\/\/www.ringier.com\/wp-content\/uploads\/2021\/09\/Jean_Francois_Tanda_2013.jpeg\",\"width\":705,\"height\":446},{\"@type\":\"BreadcrumbList\",\"@id\":\"https:\/\/www.ringier.com\/de\/jean-francois-tanda-neu-im-autorenpool-der-blick-gruppe\/#breadcrumb\",\"itemListElement\":[{\"@type\":\"ListItem\",\"position\":1,\"name\":\"Home\",\"item\":\"https:\/\/www.ringier.com\/de\/\"},{\"@type\":\"ListItem\",\"position\":2,\"name\":\"Jean Fran\u00e7ois Tanda neu im Autorenpool der Blick-Gruppe\"}]},{\"@type\":\"WebSite\",\"@id\":\"https:\/\/www.ringier.com\/de\/#website\",\"url\":\"https:\/\/www.ringier.com\/de\/\",\"name\":\"Ringier\",\"description\":\"We inform. We entertain. We connect\",\"publisher\":{\"@id\":\"https:\/\/www.ringier.com\/de\/#organization\"},\"potentialAction\":[{\"@type\":\"SearchAction\",\"target\":{\"@type\":\"EntryPoint\",\"urlTemplate\":\"https:\/\/www.ringier.com\/de\/?s={search_term_string}\"},\"query-input\":{\"@type\":\"PropertyValueSpecification\",\"valueRequired\":true,\"valueName\":\"search_term_string\"}}],\"inLanguage\":\"de-DE\"},{\"@type\":\"Organization\",\"@id\":\"https:\/\/www.ringier.com\/de\/#organization\",\"name\":\"Ringier\",\"url\":\"https:\/\/www.ringier.com\/de\/\",\"logo\":{\"@type\":\"ImageObject\",\"inLanguage\":\"de-DE\",\"@id\":\"https:\/\/www.ringier.com\/de\/#\/schema\/logo\/image\/\",\"url\":\"https:\/\/www.ringier.com\/wp-content\/uploads\/2021\/10\/ringier_logo_2.jpg\",\"contentUrl\":\"https:\/\/www.ringier.com\/wp-content\/uploads\/2021\/10\/ringier_logo_2.jpg\",\"width\":750,\"height\":550,\"caption\":\"Ringier\"},\"image\":{\"@id\":\"https:\/\/www.ringier.com\/de\/#\/schema\/logo\/image\/\"},\"sameAs\":[\"https:\/\/www.facebook.com\/ringierag\/\",\"https:\/\/x.com\/ringier_ag\",\"https:\/\/www.instagram.com\/ringier_ag\/\",\"https:\/\/www.linkedin.com\/company\/ringier\/\",\"https:\/\/www.youtube.com\/user\/RingierComm\",\"https:\/\/en.wikipedia.org\/wiki\/Ringier\",\"https:\/\/de.wikipedia.org\/wiki\/Ringier\",\"https:\/\/fr.wikipedia.org\/wiki\/Ringier\",\"https:\/\/www.crunchbase.com\/organization\/ringier-ag\"]},{\"@type\":\"Person\",\"@id\":\"https:\/\/www.ringier.com\/de\/#\/schema\/person\/4cf76a308dc4b2bb5121bd1e7b752e52\",\"name\":\"Ringier Corporate Communications\",\"image\":{\"@type\":\"ImageObject\",\"inLanguage\":\"de-DE\",\"@id\":\"https:\/\/www.ringier.com\/de\/#\/schema\/person\/image\/\",\"url\":\"https:\/\/secure.gravatar.com\/avatar\/9391e20481368d5df4fe3e1e476c13b27786347489822ec1ed07e532bb41f587?s=96&d=mm&r=g\",\"contentUrl\":\"https:\/\/secure.gravatar.com\/avatar\/9391e20481368d5df4fe3e1e476c13b27786347489822ec1ed07e532bb41f587?s=96&d=mm&r=g\",\"caption\":\"Ringier Corporate Communications\"},\"sameAs\":[\"https:\/\/www.ringier.com\"]}]}<\/script>\n<!-- \/ Yoast SEO Premium plugin. -->","yoast_head_json":{"title":"Jean Fran\u00e7ois Tanda neu im Autorenpool der Blick-Gruppe - Ringier","robots":{"index":"index","follow":"follow","max-snippet":"max-snippet:-1","max-image-preview":"max-image-preview:large","max-video-preview":"max-video-preview:-1"},"canonical":"https:\/\/www.ringier.com\/de\/jean-francois-tanda-neu-im-autorenpool-der-blick-gruppe\/","og_locale":"de_DE","og_type":"article","og_title":"Jean Fran\u00e7ois Tanda neu im Autorenpool der Blick-Gruppe","og_description":"Jean Fran\u00e7ois Tanda (39) verst\u00e4rkt den Autorenpool der Blick-Gruppe. Tanda tritt seine neue Stelle am 1. M\u00e4rz 2014 an. Derzeit arbeitet er als Journalist bei der Handelszeitung. Von 2004 bis 2010 war Tanda bei der SonntagsZeitung t\u00e4tig, 2010 bis 2011 dann im Wirtschaftsressort des Tages-Anzeigers in Z\u00fcrich. Als freischaffender Journalist publizierte er bereits im britischen Economist.","og_url":"https:\/\/www.ringier.com\/de\/jean-francois-tanda-neu-im-autorenpool-der-blick-gruppe\/","og_site_name":"Ringier","article_publisher":"https:\/\/www.facebook.com\/ringierag\/","article_published_time":"2013-12-02T17:49:00+00:00","article_modified_time":"2024-11-27T11:26:21+00:00","og_image":[{"width":705,"height":446,"url":"https:\/\/www.ringier.com\/wp-content\/uploads\/2021\/09\/Jean_Francois_Tanda_2013.jpeg","type":"image\/jpeg"}],"author":"Ringier Corporate Communications","twitter_card":"summary_large_image","twitter_creator":"@ringier_ag","twitter_site":"@ringier_ag","twitter_misc":{"Verfasst von":"Ringier Corporate Communications","Gesch\u00e4tzte Lesezeit":"1 Minute"},"schema":{"@context":"https:\/\/schema.org","@graph":[{"@type":"Article","@id":"https:\/\/www.ringier.com\/de\/jean-francois-tanda-neu-im-autorenpool-der-blick-gruppe\/#article","isPartOf":{"@id":"https:\/\/www.ringier.com\/de\/jean-francois-tanda-neu-im-autorenpool-der-blick-gruppe\/"},"author":{"name":"Ringier Corporate Communications","@id":"https:\/\/www.ringier.com\/de\/#\/schema\/person\/4cf76a308dc4b2bb5121bd1e7b752e52"},"headline":"Jean Fran\u00e7ois Tanda neu im Autorenpool der Blick-Gruppe","datePublished":"2013-12-02T17:49:00+00:00","dateModified":"2024-11-27T11:26:21+00:00","mainEntityOfPage":{"@id":"https:\/\/www.ringier.com\/de\/jean-francois-tanda-neu-im-autorenpool-der-blick-gruppe\/"},"wordCount":91,"publisher":{"@id":"https:\/\/www.ringier.com\/de\/#organization"},"image":{"@id":"https:\/\/www.ringier.com\/de\/jean-francois-tanda-neu-im-autorenpool-der-blick-gruppe\/#primaryimage"},"thumbnailUrl":"https:\/\/www.ringier.com\/wp-content\/uploads\/2021\/09\/Jean_Francois_Tanda_2013.jpeg","articleSection":["Media","Ringier Medien Schweiz"],"inLanguage":"de-DE"},{"@type":"WebPage","@id":"https:\/\/www.ringier.com\/de\/jean-francois-tanda-neu-im-autorenpool-der-blick-gruppe\/","url":"https:\/\/www.ringier.com\/de\/jean-francois-tanda-neu-im-autorenpool-der-blick-gruppe\/","name":"Jean Fran\u00e7ois Tanda neu im Autorenpool der Blick-Gruppe - Ringier","isPartOf":{"@id":"https:\/\/www.ringier.com\/de\/#website"},"primaryImageOfPage":{"@id":"https:\/\/www.ringier.com\/de\/jean-francois-tanda-neu-im-autorenpool-der-blick-gruppe\/#primaryimage"},"image":{"@id":"https:\/\/www.ringier.com\/de\/jean-francois-tanda-neu-im-autorenpool-der-blick-gruppe\/#primaryimage"},"thumbnailUrl":"https:\/\/www.ringier.com\/wp-content\/uploads\/2021\/09\/Jean_Francois_Tanda_2013.jpeg","datePublished":"2013-12-02T17:49:00+00:00","dateModified":"2024-11-27T11:26:21+00:00","breadcrumb":{"@id":"https:\/\/www.ringier.com\/de\/jean-francois-tanda-neu-im-autorenpool-der-blick-gruppe\/#breadcrumb"},"inLanguage":"de-DE","potentialAction":[{"@type":"ReadAction","target":["https:\/\/www.ringier.com\/de\/jean-francois-tanda-neu-im-autorenpool-der-blick-gruppe\/"]}]},{"@type":"ImageObject","inLanguage":"de-DE","@id":"https:\/\/www.ringier.com\/de\/jean-francois-tanda-neu-im-autorenpool-der-blick-gruppe\/#primaryimage","url":"https:\/\/www.ringier.com\/wp-content\/uploads\/2021\/09\/Jean_Francois_Tanda_2013.jpeg","contentUrl":"https:\/\/www.ringier.com\/wp-content\/uploads\/2021\/09\/Jean_Francois_Tanda_2013.jpeg","width":705,"height":446},{"@type":"BreadcrumbList","@id":"https:\/\/www.ringier.com\/de\/jean-francois-tanda-neu-im-autorenpool-der-blick-gruppe\/#breadcrumb","itemListElement":[{"@type":"ListItem","position":1,"name":"Home","item":"https:\/\/www.ringier.com\/de\/"},{"@type":"ListItem","position":2,"name":"Jean Fran\u00e7ois Tanda neu im Autorenpool der Blick-Gruppe"}]},{"@type":"WebSite","@id":"https:\/\/www.ringier.com\/de\/#website","url":"https:\/\/www.ringier.com\/de\/","name":"Ringier","description":"We inform. We entertain. We connect","publisher":{"@id":"https:\/\/www.ringier.com\/de\/#organization"},"potentialAction":[{"@type":"SearchAction","target":{"@type":"EntryPoint","urlTemplate":"https:\/\/www.ringier.com\/de\/?s={search_term_string}"},"query-input":{"@type":"PropertyValueSpecification","valueRequired":true,"valueName":"search_term_string"}}],"inLanguage":"de-DE"},{"@type":"Organization","@id":"https:\/\/www.ringier.com\/de\/#organization","name":"Ringier","url":"https:\/\/www.ringier.com\/de\/","logo":{"@type":"ImageObject","inLanguage":"de-DE","@id":"https:\/\/www.ringier.com\/de\/#\/schema\/logo\/image\/","url":"https:\/\/www.ringier.com\/wp-content\/uploads\/2021\/10\/ringier_logo_2.jpg","contentUrl":"https:\/\/www.ringier.com\/wp-content\/uploads\/2021\/10\/ringier_logo_2.jpg","width":750,"height":550,"caption":"Ringier"},"image":{"@id":"https:\/\/www.ringier.com\/de\/#\/schema\/logo\/image\/"},"sameAs":["https:\/\/www.facebook.com\/ringierag\/","https:\/\/x.com\/ringier_ag","https:\/\/www.instagram.com\/ringier_ag\/","https:\/\/www.linkedin.com\/company\/ringier\/","https:\/\/www.youtube.com\/user\/RingierComm","https:\/\/en.wikipedia.org\/wiki\/Ringier","https:\/\/de.wikipedia.org\/wiki\/Ringier","https:\/\/fr.wikipedia.org\/wiki\/Ringier","https:\/\/www.crunchbase.com\/organization\/ringier-ag"]},{"@type":"Person","@id":"https:\/\/www.ringier.com\/de\/#\/schema\/person\/4cf76a308dc4b2bb5121bd1e7b752e52","name":"Ringier Corporate Communications","image":{"@type":"ImageObject","inLanguage":"de-DE","@id":"https:\/\/www.ringier.com\/de\/#\/schema\/person\/image\/","url":"https:\/\/secure.gravatar.com\/avatar\/9391e20481368d5df4fe3e1e476c13b27786347489822ec1ed07e532bb41f587?s=96&d=mm&r=g","contentUrl":"https:\/\/secure.gravatar.com\/avatar\/9391e20481368d5df4fe3e1e476c13b27786347489822ec1ed07e532bb41f587?s=96&d=mm&r=g","caption":"Ringier Corporate Communications"},"sameAs":["https:\/\/www.ringier.com"]}]}},"_links":{"self":[{"href":"https:\/\/www.ringier.com\/de\/wp-json\/wp\/v2\/posts\/3869","targetHints":{"allow":["GET"]}}],"collection":[{"href":"https:\/\/www.ringier.com\/de\/wp-json\/wp\/v2\/posts"}],"about":[{"href":"https:\/\/www.ringier.com\/de\/wp-json\/wp\/v2\/types\/post"}],"author":[{"embeddable":true,"href":"https:\/\/www.ringier.com\/de\/wp-json\/wp\/v2\/users\/23"}],"replies":[{"embeddable":true,"href":"https:\/\/www.ringier.com\/de\/wp-json\/wp\/v2\/comments?post=3869"}],"version-history":[{"count":0,"href":"https:\/\/www.ringier.com\/de\/wp-json\/wp\/v2\/posts\/3869\/revisions"}],"wp:featuredmedia":[{"embeddable":true,"href":"https:\/\/www.ringier.com\/de\/wp-json\/wp\/v2\/media\/3870"}],"wp:attachment":[{"href":"https:\/\/www.ringier.com\/de\/wp-json\/wp\/v2\/media?parent=3869"}],"wp:term":[{"taxonomy":"category","embeddable":true,"href":"https:\/\/www.ringier.com\/de\/wp-json\/wp\/v2\/categories?post=3869"},{"taxonomy":"post_tag","embeddable":true,"href":"https:\/\/www.ringier.com\/de\/wp-json\/wp\/v2\/tags?post=3869"}],"curies":[{"name":"wp","href":"https:\/\/api.w.org\/{rel}","templated":true}]}}