{"id":3789,"date":"2013-12-04T18:25:00","date_gmt":"2013-12-04T17:25:00","guid":{"rendered":"https:\/\/www.ringier.com\/?p=3789"},"modified":"2024-11-27T12:25:58","modified_gmt":"2024-11-27T11:25:58","slug":"das-schweizer-auto-des-jahres-2014-der-peugeot-308-setzt-sich-durch","status":"publish","type":"post","link":"https:\/\/www.ringier.com\/de\/das-schweizer-auto-des-jahres-2014-der-peugeot-308-setzt-sich-durch\/","title":{"rendered":"\u00abDas Schweizer Auto des Jahres 2014\u00bb: Der Peugeot 308 setzt sich durch"},"content":{"rendered":"\n<p>Bereits zum dritten Mal organisierte die&nbsp;<em>Schweizer Illustrierte<\/em>&nbsp;zusammen mit den Partnern&nbsp;<em>AutoScout24<\/em>,&nbsp;<em>Blick<\/em>,&nbsp;<em>SonntagsBlick<\/em>,&nbsp;<em>L\u2019illustr\u00e9<\/em>&nbsp;und&nbsp;<em>il caff\u00e8<\/em>&nbsp;die schweizweite Wahl \u00abSchweizer Auto des Jahres\u00bb. Dabei w\u00e4hlten drei Jurys \u00abDas Schweizer Auto des Jahres\u00bb, \u00abDas stylischste Auto der Schweiz\u00bb und \u00abDas gr\u00fcnste Auto der Schweiz\u00bb. Und fast 70&#8217;000 Leserinnen, Leser und User von&nbsp;<em>Schweizer Illustrierte<\/em>,&nbsp;<em>Blick<\/em>,&nbsp;<em>SonntagsBlick<\/em>,&nbsp;<em>AutoScout24<\/em>,&nbsp;<em>il caff\u00e8<\/em>&nbsp;und&nbsp;<em>L\u2019illustr\u00e9<\/em>&nbsp;k\u00fcrten \u00abDas Lieblingsauto der Schweizer\u00bb.<br>Insgesamt 37 Autoneuheiten standen 2013 zur Wahl.<\/p>\n\n\n\n<p>Die Mitglieder der Fachjury \u2013 unter anderem mit den erfahrenen Profis Ex-Formel-1-Fahrer und Moderator Marc Surer und Rennfahrerin Rahel Frey \u2013 w\u00e4hlten den neuen Peugeot 308 zum \u00abSchweizer Auto des Jahres 2014\u00bb. Bei der Publikumsjury machte der BMW 4er Coup\u00e9 das Rennen und wurde zum \u00abLieblingsauto der Schweizer\u00bb gek\u00fcrt. In den Spezialkategorien sicherten sich der Elektroflitzer Tesla Model S den Titel \u00abDas stylischste Auto der Schweiz\u00bb und der ebenfalls mit E-Motor angetriebene BMW i3 wurde mit dem Titel \u00abDas gr\u00fcnste Auto der Schweiz\u00bb bedacht.<\/p>\n\n\n\n<p><strong>Das Schweizer Auto des Jahres: Peugeot 308<\/strong><br>Den prestigetr\u00e4chtigen Titel \u00abSchweizer Auto des Jahres\u00bb darf 2014 der neue Peugeot 308 tragen. Der Kompaktwagen erhielt am Testtag im TCS-Zentrum Betzholz ZH von allen vierzehn Experten Punkte und setzt sich klar auf Platz 1. Lobend erw\u00e4hnt wurden dabei die Gewichtsreduktion von bis zu 140 Kilogramm, die ausgekl\u00fcgelte Aerodynamik und das ausgezeichnete Fahrverhalten.<\/p>\n\n\n\n<p>Der Mut von BMW, beim i3 einen ganz neuen Ansatz zu w\u00e4hlen und eine besonders leichte Karbonkarosserie mit Elektroantrieb zu kombinieren, wurde von der Jury mit dem zweiten Platz belohnt. Nur einen Punkt dahinter folgt mit dem Tesla Model S das zweite Elektromobil auf Platz 3.<\/p>\n\n\n\n<p><strong>Das Lieblingsauto der Schweizer: BMW 4er Coup\u00e9<\/strong><br>Nicht nur die Fachjury hat ihren Favoriten gew\u00e4hlt. Auch die gr\u00f6sste Autojury der Schweiz, die Leserinnen, Leser sowie User von&nbsp;<em>Schweizer Illustrierte<\/em>,&nbsp;<em>Blick<\/em>,&nbsp;<em>SonntagsBlick<\/em>,&nbsp;<em>AutoScout24<\/em>,&nbsp;<em>il caff\u00e8<\/em>&nbsp;und&nbsp;<em>L\u2019illustr\u00e9<\/em>&nbsp;haben aus den 37 Auto-Neuheiten \u00abDas Lieblingsauto der Schweizer\u00bb erkoren \u2013 insgesamt 69 824 Stimmen wurde abgegeben, 35 Prozent mehr als im Vorjahr. Der enorme Zuwachs ist unter anderem dem ersten Auftritt von \u00abDas Schweizer Auto des Jahres\u00bb an der diesj\u00e4hrigen Auto Z\u00fcrich zu verdanken.<\/p>\n\n\n\n<p>Bei der Publikumswahl sind vor allem Markensympathie und Prestige ausschlaggebend und schon fr\u00fch konnte sich hier der sp\u00e4tere Sieger absetzen. Das BMW 4er Coup\u00e9 landete schliesslich mit 19,1 % aller Stimmen auf Rang 1. Um die weiteren Podestpl\u00e4tze gab es ein heisses Rennen zwischen mehreren Konkurrenten, das schlussendlich der Skoda Octavia mit 6,6 % vor dem BMW X5 mit 6,2 % f\u00fcr sich entscheiden konnte.<\/p>\n\n\n\n<p><strong>Das stylischste Auto der Schweiz: Tesla Model S<\/strong><br>Eine elfk\u00f6pfige Prominentenjury verlieh die Auszeichnung \u00abDas stylischste Auto der Schweiz\u00bb. Mit dabei Springreiter und Olympiasieger Steve Guerdat, Designer Alfredo H\u00e4berli, Singer und Songwriter Seven, Schwingerk\u00f6nig Kilian Wenger, Ex-Mister Schweiz Renzo Blumenthal,&nbsp;<em>SI Style<\/em>-Chefredaktorin Sabina Hanselmann-Diethelm, Djane Tanja La Croix, Komiker Rob Spence, Triathletin Nicola Spirig und die S\u00e4ngerinnen Francine Jordi und Eliane M\u00fcller.<\/p>\n\n\n\n<p>Sie nahmen die Finalisten beim Testtag im Betzholz ZH genau unter die Lupe. Und obwohl Form und Design Geschmackssache sind, konnte sich ein Kandidat ganz klar durchsetzen. Gleich von vier Jurymitgliedern wurde er mit der maximalen Punktezahl bedacht. So setzte sich der Tesla Model S mit erstaunlich grossem Vorsprung durch.<\/p>\n\n\n\n<p><strong>Das gr\u00fcnste Auto der Schweiz: BMW i3<\/strong><br>Die auf acht Umweltexperten aufgestockte Jury, unter anderem mit Mario Illien (Motorenentwickler sowie Gr\u00fcndungsmitglied der Firma Ilmor), Christian Bach (Abteilungsleiter Verbrennungsmotoren bei der Empa), Reiner Langendorf (Gesch\u00e4ftsf\u00fchrer Eco-Drive) und Patrick B\u00fcnzli (Leiter Betrieb und Flottenmanagement Mobility) w\u00e4hlte \u00abDas gr\u00fcnste Auto der Schweiz\u00bb.<\/p>\n\n\n\n<p>Neben reinen Elektrofahrzeugen, Autos mit Erd-\/Biogasantrieb, einem herk\u00f6mmlichen Diesel und einem Plug-in-Hybridantrieb stand erstmals auch ein Fahrzeug mit Brennstoffzellenantrieb zur Wahl. Die F\u00fclle an Antriebskonzepten mit ihren unterschiedlichen Vor- und Nachteilen machte die Wahl nicht einfach. Als einziger konnte der BMW i3 mit seiner Kombination von Elektromobilit\u00e4t und Karboneinsatz in der Gross-Serie bei allen acht Umweltexperten punkten und sicherte sich den Titel.<\/p>\n\n\n\n<p><strong>Gl\u00fcckliche Leserin gewinnt BMW 4er Coup\u00e9<\/strong><br>Ihr Gl\u00fcck kaum fassen konnte Ursula Aeschbacher aus Weissenburg BE. Sie wurde unter allen g\u00fcltigen W\u00e4hlerstimmen als Gewinnerin des Hauptpreises gezogen. In Zukunft f\u00e4hrt die Bernerin einen BMW 428i xDrive Coup\u00e9 Sport Line im Wert von 84&#8217;760 Franken.<\/p>\n\n\n\n<p><strong>Die Sieger 2014 auf einen&nbsp;<em>Blick:<\/em><br><br>\u00abDas Schweizer Auto des Jahres\u00bb<\/strong><br>1. Peugeot 308<br>2. BMW i3<br>3. Tesla Model S<\/p>\n\n\n\n<p><strong>\u00abDas Lieblingsauto der Schweizer\u00bb<\/strong><br>1. BMW 4er Coup\u00e9<br>2. Skoda Octavia<br>3. BMW X5<\/p>\n\n\n\n<p><strong>\u00abDas gr\u00fcnste Auto der Schweiz\u00bb<\/strong><br>1. BMW i3<br>2. Renault Zoe<br>3. Audi A3 g-tron<\/p>\n\n\n\n<p><strong>\u00abDas stylischste Auto der Schweiz\u00bb<\/strong><br>1. Tesla Model S<br>2. Maserati Ghibli<br>3. Jaguar F-Type<\/p>\n\n\n<div id=\"gutenslider-0b22zbqu5\" class=\"wp-block-eedee-block-gutenslider gs-frontend content-change alignnone arrow-style-1 arrow-position-sides arrow-mb-none arrows-lg arrows-md arrows-sm dot-style-1 dots-lg dots-md dots-sm dot-position-bottom is-position-center-center mb-none wrap-auto-height\" data-parallax-direction=\"down\" data-parallax-amount=\"1.3\" data-lg-transition=\"lg-slide\" data-hash=\"\" ><div class=\"eedee-swiper-outer\" style=\"--gutenslider-min-height: 50vh;--gutenslider-arrow-size: 30px;--gutenslider-dot-size: 25px;--gutenslider-arrow-color: #ffffff;--gutenslider-dot-color: #ffffff;--gutenslider-padding-y-mobile: 40px;--gutenslider-padding-x-mobile: 40px;--gutenslider-padding-y-tablet: 40px;--gutenslider-padding-x-tablet: 40px;--gutenslider-padding-y-desktop: 40px;--gutenslider-padding-x-desktop: 40px;--gutenslider-bg-image: url();--gutenslider-min-height-md: 50vh;--gutenslider-min-height-sm: 50vh;--gutenslider-padding-x: 40px;--gutenslider-padding-x-md: 40px;--gutenslider-padding-x-sm: 20px;--gutenslider-padding-y: 40px;--gutenslider-padding-y-md: 40px;--gutenslider-padding-y-sm: 20px;--gutenslider-arrow-size-md: 30px;--gutenslider-arrow-size-sm: 30px;--gutenslider-dot-size-md: 25px;--gutenslider-dot-size-sm: 25px;--gutenslider-arrow-bg-color: transparent;--gutenslider-arrow-hover-color: #eeeeee;--gutenslider-arrow-bg-hover-color: transparent;--gutenslider-arrow-x-offset: 10px;--gutenslider-arrow-x-offset-md: 10px;--gutenslider-arrow-x-offset-sm: 10px;--gutenslider-arrow-y-offset: 0px;--gutenslider-arrow-y-offset-md: 0px;--gutenslider-arrow-y-offset-sm: 0px;--gutenslider-arrow-x-spacing: 0px;--gutenslider-dot-y-offset: 10px;--gutenslider-dot-y-offset-md: 10px;--gutenslider-dot-y-offset-sm: 10px;--gutenslider-margin-x: 0px;--gutenslider-margin-x-md: 0px;--gutenslider-margin-x-sm: 0px;--gutenslider-margin-y: 0px;--gutenslider-margin-y-md: 0px;--gutenslider-margin-y-sm: 0px;--gutenslider-divider-top: 60px;--gutenslider-divider-bottom: 60px;--gutenslider-lightgallery-bg: #ffffff;--gutenslider-lightgallery-font: #000000;--gs-first-pos: 50% 50%;--gs-gap-vertical: var( --wp--style--gallery-gap-default, var( --gallery-block--gutter-size, var( --wp--style--block-gap, 0.5em ) ) );--gs-gap-horizontal: var( --wp--style--gallery-gap-default, var( --gallery-block--gutter-size, var( --wp--style--block-gap, 0.5em ) ) );\"><div class=\"gutenslider-divider-top\" style=\"color:#fff;\"><\/div><div class=\"swiper\" data-settings='{\"autoplay\":{\"delay\":3000,\"pauseOnMouseEnter\":true,\"disableOnInteraction\":false},\"speed\":700,\"direction\":\"horizontal\",\"autoHeight\":\"\",\"loop\":true,\"centeredSlides\":true,\"spaceBetween\":0,\"slidesPerView\":1,\"slidesPerGroup\":1,\"effect\":\"slide\",\"coverflowEffect\":{\"rotate\":30,\"slideShadows\":false,\"depth\":100,\"stretch\":50,\"modifier\":1},\"fadeEffect\":{\"crossFade\":true},\"zoom\":\"\",\"navigation\":{\"nextEl\":\"#gutenslider-0b22zbqu5 .eedee-gutenslider-next\",\"prevEl\":\"#gutenslider-0b22zbqu5 .eedee-gutenslider-prev\"},\"pagination\":{\"type\":\"bullets\",\"clickable\":true,\"dynamicBullets\":false,\"el\":\"#gutenslider-0b22zbqu5 .eedee-gutenslider-pagination\"},\"pauseOnHover\":\"1\",\"watchSlidesProgress\":true,\"watchSlidesVisibility\":true,\"settingsMd\":{\"autoHeight\":\"\",\"slidesPerView\":1,\"slidesPerGroup\":1,\"spaceBetween\":0,\"loop\":true},\"settingsLg\":{\"autoHeight\":\"\",\"slidesPerView\":1,\"slidesPerGroup\":1,\"spaceBetween\":0,\"loop\":true},\"hasLg\":false,\"hasLgCounter\":true,\"isFullScreen\":false,\"arrowsFollowMouse\":false,\"lgTitle\":\"none\",\"lgCaption\":\"none\",\"lgThumbnails\":true,\"lgZoomEnabled\":false,\"keyboard\":{\"keyboard\":{\"enabled\":true,\"onlyInViewport\":true}},\"hashNavigation\":false,\"dividers\":false}'><div class=\"swiper-wrapper\">\n<div class=\"swiper-slide wp-block-eedee-block-gutenslide is-position-center-center ed-bg-image\" style=\"--ed-vw:300;--ed-vh:200;\" data-hash=\"\"><div class=\"eedee-background-div bg-image\"><img loading=\"lazy\" width=\"1024\" height=\"683\" class=\"wp-image-3829\" src=\"https:\/\/www.ringier.com\/wp-content\/uploads\/2021\/09\/Peugeot_308_schweizer_auto_des_jahres_1._platz-1024x683.jpg\" alt=\"\" decoding=\"async\" style=\"object-fit: cover; object-position: 50% 50%;\"  data-caption=\"Peugeot 308. Silber, F, 2. Generation 2013. Praesi, Sochaux, F, 20.09.2013. Foto: Werk. Tags: Baertschi Media, Auto.\" data-title=\"Peugeot_308_schweizer_auto_des_jahres_1._platz\" srcset=\"https:\/\/www.ringier.com\/wp-content\/uploads\/2021\/09\/Peugeot_308_schweizer_auto_des_jahres_1._platz-1024x683.jpg 1024w, https:\/\/www.ringier.com\/wp-content\/uploads\/2021\/09\/Peugeot_308_schweizer_auto_des_jahres_1._platz-300x200.jpg 300w, https:\/\/www.ringier.com\/wp-content\/uploads\/2021\/09\/Peugeot_308_schweizer_auto_des_jahres_1._platz-768x512.jpg 768w, https:\/\/www.ringier.com\/wp-content\/uploads\/2021\/09\/Peugeot_308_schweizer_auto_des_jahres_1._platz-1600x1067.jpg 1600w, https:\/\/www.ringier.com\/wp-content\/uploads\/2021\/09\/Peugeot_308_schweizer_auto_des_jahres_1._platz-1536x1024.jpg 1536w, https:\/\/www.ringier.com\/wp-content\/uploads\/2021\/09\/Peugeot_308_schweizer_auto_des_jahres_1._platz-2048x1365.jpg 2048w\" sizes=\"auto, (max-width: 1024px) 100vw, 1024px\" \/><div class=\"eedee-background-div__overlay\" style=\"opacity:1;\"><\/div><\/div><div class=\"slide-content\">\n\n<p class=\"has-text-align-center gutenslider-content-initial has-larger-font-size\"><\/p>\n\n<\/div><\/div>\n\n<div class=\"swiper-slide wp-block-eedee-block-gutenslide is-position-center-center ed-bg-image\" style=\"--ed-vw:300;--ed-vh:200;\" data-hash=\"\"><div class=\"eedee-background-div bg-image\"><img loading=\"lazy\" width=\"1024\" height=\"682\" class=\"wp-image-3832\" src=\"https:\/\/www.ringier.com\/wp-content\/uploads\/2021\/09\/Bmw_i3_schweizer_auto_des_jahres_2._platz-1024x682.jpg\" alt=\"\" decoding=\"async\" style=\"object-fit: cover; object-position: 50% 50%;\"  data-title=\"Bmw_i3_schweizer_auto_des_jahres_2._platz\" srcset=\"https:\/\/www.ringier.com\/wp-content\/uploads\/2021\/09\/Bmw_i3_schweizer_auto_des_jahres_2._platz-1024x682.jpg 1024w, https:\/\/www.ringier.com\/wp-content\/uploads\/2021\/09\/Bmw_i3_schweizer_auto_des_jahres_2._platz-300x200.jpg 300w, https:\/\/www.ringier.com\/wp-content\/uploads\/2021\/09\/Bmw_i3_schweizer_auto_des_jahres_2._platz-768x511.jpg 768w, https:\/\/www.ringier.com\/wp-content\/uploads\/2021\/09\/Bmw_i3_schweizer_auto_des_jahres_2._platz-1600x1065.jpg 1600w, https:\/\/www.ringier.com\/wp-content\/uploads\/2021\/09\/Bmw_i3_schweizer_auto_des_jahres_2._platz-1536x1022.jpg 1536w, https:\/\/www.ringier.com\/wp-content\/uploads\/2021\/09\/Bmw_i3_schweizer_auto_des_jahres_2._platz-2048x1363.jpg 2048w\" sizes=\"auto, (max-width: 1024px) 100vw, 1024px\" \/><div class=\"eedee-background-div__overlay\" style=\"opacity:1;\"><\/div><\/div><div class=\"slide-content\">\n\n<p class=\"has-text-align-center gutenslider-content-initial has-larger-font-size\"><\/p>\n\n<\/div><\/div>\n\n<div class=\"swiper-slide wp-block-eedee-block-gutenslide is-position-center-center ed-bg-image\" style=\"--ed-vw:300;--ed-vh:200;\" data-hash=\"\"><div class=\"eedee-background-div bg-image\"><img loading=\"lazy\" width=\"1024\" height=\"683\" class=\"wp-image-3823\" src=\"https:\/\/www.ringier.com\/wp-content\/uploads\/2021\/09\/Tesla_model_s_schweizer_auto_des_jahres_3._platz-1024x683.jpg\" alt=\"\" decoding=\"async\" style=\"object-fit: cover; object-position: 50% 50%;\"  data-title=\"Tesla_model_s_schweizer_auto_des_jahres_3._platz\" srcset=\"https:\/\/www.ringier.com\/wp-content\/uploads\/2021\/09\/Tesla_model_s_schweizer_auto_des_jahres_3._platz-1024x683.jpg 1024w, https:\/\/www.ringier.com\/wp-content\/uploads\/2021\/09\/Tesla_model_s_schweizer_auto_des_jahres_3._platz-300x200.jpg 300w, https:\/\/www.ringier.com\/wp-content\/uploads\/2021\/09\/Tesla_model_s_schweizer_auto_des_jahres_3._platz-768x512.jpg 768w, https:\/\/www.ringier.com\/wp-content\/uploads\/2021\/09\/Tesla_model_s_schweizer_auto_des_jahres_3._platz-1600x1067.jpg 1600w, https:\/\/www.ringier.com\/wp-content\/uploads\/2021\/09\/Tesla_model_s_schweizer_auto_des_jahres_3._platz-1536x1024.jpg 1536w, https:\/\/www.ringier.com\/wp-content\/uploads\/2021\/09\/Tesla_model_s_schweizer_auto_des_jahres_3._platz-2048x1365.jpg 2048w\" sizes=\"auto, (max-width: 1024px) 100vw, 1024px\" \/><div class=\"eedee-background-div__overlay\" style=\"opacity:1;\"><\/div><\/div><div class=\"slide-content\">\n\n<p class=\"has-text-align-center gutenslider-content-initial has-larger-font-size\"><\/p>\n\n<\/div><\/div>\n\n<div class=\"swiper-slide wp-block-eedee-block-gutenslide is-position-center-center ed-bg-image\" style=\"--ed-vw:300;--ed-vh:200;\" data-hash=\"\"><div class=\"eedee-background-div bg-image\"><img loading=\"lazy\" width=\"1024\" height=\"682\" class=\"wp-image-3826\" src=\"https:\/\/www.ringier.com\/wp-content\/uploads\/2021\/09\/Bmw_4er_coupe_lieblingsauto_der_schweizer_2014-1024x682.jpg\" alt=\"\" decoding=\"async\" style=\"object-fit: cover; object-position: 50% 50%;\"  data-title=\"Bmw_4er_coupe_lieblingsauto_der_schweizer_2014\" srcset=\"https:\/\/www.ringier.com\/wp-content\/uploads\/2021\/09\/Bmw_4er_coupe_lieblingsauto_der_schweizer_2014-1024x682.jpg 1024w, https:\/\/www.ringier.com\/wp-content\/uploads\/2021\/09\/Bmw_4er_coupe_lieblingsauto_der_schweizer_2014-300x200.jpg 300w, https:\/\/www.ringier.com\/wp-content\/uploads\/2021\/09\/Bmw_4er_coupe_lieblingsauto_der_schweizer_2014-768x511.jpg 768w, https:\/\/www.ringier.com\/wp-content\/uploads\/2021\/09\/Bmw_4er_coupe_lieblingsauto_der_schweizer_2014-1600x1065.jpg 1600w, https:\/\/www.ringier.com\/wp-content\/uploads\/2021\/09\/Bmw_4er_coupe_lieblingsauto_der_schweizer_2014-1536x1022.jpg 1536w, https:\/\/www.ringier.com\/wp-content\/uploads\/2021\/09\/Bmw_4er_coupe_lieblingsauto_der_schweizer_2014-2048x1363.jpg 2048w\" sizes=\"auto, (max-width: 1024px) 100vw, 1024px\" \/><div class=\"eedee-background-div__overlay\" style=\"opacity:1;\"><\/div><\/div><div class=\"slide-content\">\n\n<p class=\"has-text-align-center gutenslider-content-initial has-larger-font-size\"><\/p>\n\n<\/div><\/div>\n\n<div class=\"swiper-slide wp-block-eedee-block-gutenslide is-position-center-center ed-bg-image\" style=\"--ed-vw:300;--ed-vh:200;\" data-hash=\"\"><div class=\"eedee-background-div bg-image\"><img loading=\"lazy\" width=\"600\" height=\"399\" class=\"wp-image-3835\" src=\"https:\/\/www.ringier.com\/wp-content\/uploads\/2021\/09\/Schweizer-Auto-des-Jahres_Christina-Surer2014.jpg\" alt=\"\" decoding=\"async\" style=\"object-fit: cover; object-position: 50% 50%;\"  data-title=\"Schweizer-Auto-des-Jahres_Christina-Surer2014\" srcset=\"https:\/\/www.ringier.com\/wp-content\/uploads\/2021\/09\/Schweizer-Auto-des-Jahres_Christina-Surer2014.jpg 600w, https:\/\/www.ringier.com\/wp-content\/uploads\/2021\/09\/Schweizer-Auto-des-Jahres_Christina-Surer2014-300x200.jpg 300w\" sizes=\"auto, (max-width: 600px) 100vw, 600px\" \/><div class=\"eedee-background-div__overlay\" style=\"opacity:1;\"><\/div><\/div><div class=\"slide-content\">\n\n<p class=\"has-text-align-center gutenslider-content-initial has-larger-font-size\"><\/p>\n\n<\/div><\/div>\n\n<div class=\"swiper-slide wp-block-eedee-block-gutenslide is-position-center-center ed-bg-image\" style=\"--ed-vw:300;--ed-vh:200;\" data-hash=\"\"><div class=\"eedee-background-div bg-image\"><img loading=\"lazy\" width=\"600\" height=\"399\" class=\"wp-image-3838\" src=\"https:\/\/www.ringier.com\/wp-content\/uploads\/2021\/09\/Schweizer-Auto-des-Jahres_Marc-Walder_2014.jpg\" alt=\"\" decoding=\"async\" style=\"object-fit: cover; object-position: 50% 50%;\"  data-title=\"Schweizer-Auto-des-Jahres_Marc-Walder_2014\" srcset=\"https:\/\/www.ringier.com\/wp-content\/uploads\/2021\/09\/Schweizer-Auto-des-Jahres_Marc-Walder_2014.jpg 600w, https:\/\/www.ringier.com\/wp-content\/uploads\/2021\/09\/Schweizer-Auto-des-Jahres_Marc-Walder_2014-300x200.jpg 300w\" sizes=\"auto, (max-width: 600px) 100vw, 600px\" \/><div class=\"eedee-background-div__overlay\" style=\"opacity:1;\"><\/div><\/div><div class=\"slide-content\">\n\n<p class=\"has-text-align-center gutenslider-content-initial has-larger-font-size\"><\/p>\n\n<\/div><\/div>\n\n<div class=\"swiper-slide wp-block-eedee-block-gutenslide is-position-center-center ed-bg-image\" style=\"--ed-vw:300;--ed-vh:200;\" data-hash=\"\"><div class=\"eedee-background-div bg-image\"><img loading=\"lazy\" width=\"600\" height=\"399\" class=\"wp-image-3841\" src=\"https:\/\/www.ringier.com\/wp-content\/uploads\/2021\/09\/Schweizer-Auto-des-Jahres_Reto-Hug_2014.jpg\" alt=\"\" decoding=\"async\" style=\"object-fit: cover; object-position: 50% 50%;\"  data-title=\"Schweizer-Auto-des-Jahres_Reto-Hug_2014\" srcset=\"https:\/\/www.ringier.com\/wp-content\/uploads\/2021\/09\/Schweizer-Auto-des-Jahres_Reto-Hug_2014.jpg 600w, https:\/\/www.ringier.com\/wp-content\/uploads\/2021\/09\/Schweizer-Auto-des-Jahres_Reto-Hug_2014-300x200.jpg 300w\" sizes=\"auto, (max-width: 600px) 100vw, 600px\" \/><div class=\"eedee-background-div__overlay\" style=\"opacity:1;\"><\/div><\/div><div class=\"slide-content\">\n\n<p class=\"has-text-align-center gutenslider-content-initial has-larger-font-size\"><\/p>\n\n<\/div><\/div>\n\n<div class=\"swiper-slide wp-block-eedee-block-gutenslide is-position-center-center ed-bg-image\" style=\"--ed-vw:300;--ed-vh:200;\" data-hash=\"\"><div class=\"eedee-background-div bg-image\"><img loading=\"lazy\" width=\"600\" height=\"399\" class=\"wp-image-3844\" src=\"https:\/\/www.ringier.com\/wp-content\/uploads\/2021\/09\/Schweizer-Auto-des-Jahres_2014.jpg\" alt=\"\" decoding=\"async\" style=\"object-fit: cover; object-position: 50% 50%;\"  data-title=\"Schweizer-Auto-des-Jahres_2014\" srcset=\"https:\/\/www.ringier.com\/wp-content\/uploads\/2021\/09\/Schweizer-Auto-des-Jahres_2014.jpg 600w, https:\/\/www.ringier.com\/wp-content\/uploads\/2021\/09\/Schweizer-Auto-des-Jahres_2014-300x200.jpg 300w\" sizes=\"auto, (max-width: 600px) 100vw, 600px\" \/><div class=\"eedee-background-div__overlay\" style=\"opacity:1;\"><\/div><\/div><div class=\"slide-content\">\n\n<p class=\"has-text-align-center gutenslider-content-initial has-larger-font-size\"><\/p>\n\n<\/div><\/div>\n\n<div class=\"swiper-slide wp-block-eedee-block-gutenslide is-position-center-center ed-bg-image\" style=\"--ed-vw:300;--ed-vh:200;\" data-hash=\"\"><div class=\"eedee-background-div bg-image\"><img loading=\"lazy\" width=\"600\" height=\"399\" class=\"wp-image-3850\" src=\"https:\/\/www.ringier.com\/wp-content\/uploads\/2021\/09\/Schweizer-Auto-des-Jahres_Rainer-Maria_Salzgebber_2014.jpg\" alt=\"\" decoding=\"async\" style=\"object-fit: cover; object-position: 50% 50%;\"  data-title=\"Schweizer-Auto-des-Jahres_Rainer-Maria_Salzgebber_2014\" srcset=\"https:\/\/www.ringier.com\/wp-content\/uploads\/2021\/09\/Schweizer-Auto-des-Jahres_Rainer-Maria_Salzgebber_2014.jpg 600w, https:\/\/www.ringier.com\/wp-content\/uploads\/2021\/09\/Schweizer-Auto-des-Jahres_Rainer-Maria_Salzgebber_2014-300x200.jpg 300w\" sizes=\"auto, (max-width: 600px) 100vw, 600px\" \/><div class=\"eedee-background-div__overlay\" style=\"opacity:1;\"><\/div><\/div><div class=\"slide-content\">\n\n<p class=\"has-text-align-center gutenslider-content-initial has-larger-font-size\"><\/p>\n\n<\/div><\/div>\n\n<div class=\"swiper-slide wp-block-eedee-block-gutenslide is-position-center-center ed-bg-image\" style=\"--ed-vw:300;--ed-vh:200;\" data-hash=\"\"><div class=\"eedee-background-div bg-image\"><img loading=\"lazy\" width=\"600\" height=\"399\" class=\"wp-image-3853\" src=\"https:\/\/www.ringier.com\/wp-content\/uploads\/2021\/09\/BMW-i3_Schweizer-Auto-des-Jahres_2014.jpg\" alt=\"\" decoding=\"async\" style=\"object-fit: cover; object-position: 50% 50%;\"  data-title=\"BMW-i3_Schweizer-Auto-des-Jahres_2014\" srcset=\"https:\/\/www.ringier.com\/wp-content\/uploads\/2021\/09\/BMW-i3_Schweizer-Auto-des-Jahres_2014.jpg 600w, https:\/\/www.ringier.com\/wp-content\/uploads\/2021\/09\/BMW-i3_Schweizer-Auto-des-Jahres_2014-300x200.jpg 300w\" sizes=\"auto, (max-width: 600px) 100vw, 600px\" \/><div class=\"eedee-background-div__overlay\" style=\"opacity:1;\"><\/div><\/div><div class=\"slide-content\">\n\n<p class=\"has-text-align-center gutenslider-content-initial has-larger-font-size\"><\/p>\n\n<\/div><\/div>\n\n<div class=\"swiper-slide wp-block-eedee-block-gutenslide is-position-center-center ed-bg-image\" style=\"--ed-vw:300;--ed-vh:200;\" data-hash=\"\"><div class=\"eedee-background-div bg-image\"><img loading=\"lazy\" width=\"600\" height=\"399\" class=\"wp-image-3790\" src=\"https:\/\/www.ringier.com\/wp-content\/uploads\/2021\/09\/Schweizer-Auto-des-Jahres_Philippe-Dehennin_2014.jpg\" alt=\"\" decoding=\"async\" style=\"object-fit: cover; object-position: 50% 50%;\"  data-title=\"Schweizer-Auto-des-Jahres_Philippe-Dehennin_2014\" srcset=\"https:\/\/www.ringier.com\/wp-content\/uploads\/2021\/09\/Schweizer-Auto-des-Jahres_Philippe-Dehennin_2014.jpg 600w, https:\/\/www.ringier.com\/wp-content\/uploads\/2021\/09\/Schweizer-Auto-des-Jahres_Philippe-Dehennin_2014-300x200.jpg 300w\" sizes=\"auto, (max-width: 600px) 100vw, 600px\" \/><div class=\"eedee-background-div__overlay\" style=\"opacity:1;\"><\/div><\/div><div class=\"slide-content\">\n\n<p class=\"has-text-align-center gutenslider-content-initial has-larger-font-size\"><\/p>\n\n<\/div><\/div>\n\n<div class=\"swiper-slide wp-block-eedee-block-gutenslide is-position-center-center ed-bg-image\" style=\"--ed-vw:300;--ed-vh:200;\" data-hash=\"\"><div class=\"eedee-background-div bg-image\"><img loading=\"lazy\" width=\"600\" height=\"399\" class=\"wp-image-3847\" src=\"https:\/\/www.ringier.com\/wp-content\/uploads\/2021\/09\/Schweizer-Auto-des-Jahres_5_2014.jpg\" alt=\"\" decoding=\"async\" style=\"object-fit: cover; object-position: 50% 50%;\"  data-title=\"Schweizer-Auto-des-Jahres_5_2014\" srcset=\"https:\/\/www.ringier.com\/wp-content\/uploads\/2021\/09\/Schweizer-Auto-des-Jahres_5_2014.jpg 600w, https:\/\/www.ringier.com\/wp-content\/uploads\/2021\/09\/Schweizer-Auto-des-Jahres_5_2014-300x200.jpg 300w\" sizes=\"auto, (max-width: 600px) 100vw, 600px\" \/><div class=\"eedee-background-div__overlay\" style=\"opacity:1;\"><\/div><\/div><div class=\"slide-content\">\n\n<p class=\"has-text-align-center gutenslider-content-initial has-larger-font-size\"><\/p>\n\n<\/div><\/div>\n\n<div class=\"swiper-slide wp-block-eedee-block-gutenslide is-position-center-center ed-bg-image\" style=\"--ed-vw:300;--ed-vh:200;\" data-hash=\"\"><div class=\"eedee-background-div bg-image\"><img loading=\"lazy\" width=\"600\" height=\"399\" class=\"wp-image-3793\" src=\"https:\/\/www.ringier.com\/wp-content\/uploads\/2021\/09\/Schweizer-Auto-des-Jahres_Rainer-Maria_Salzgebber_Jochen-Rudat_2014.jpg\" alt=\"\" decoding=\"async\" style=\"object-fit: cover; object-position: 50% 50%;\"  data-title=\"Schweizer-Auto-des-Jahres_Rainer-Maria_Salzgebber_Jochen-Rudat_2014\" srcset=\"https:\/\/www.ringier.com\/wp-content\/uploads\/2021\/09\/Schweizer-Auto-des-Jahres_Rainer-Maria_Salzgebber_Jochen-Rudat_2014.jpg 600w, https:\/\/www.ringier.com\/wp-content\/uploads\/2021\/09\/Schweizer-Auto-des-Jahres_Rainer-Maria_Salzgebber_Jochen-Rudat_2014-300x200.jpg 300w\" sizes=\"auto, (max-width: 600px) 100vw, 600px\" \/><div class=\"eedee-background-div__overlay\" style=\"opacity:1;\"><\/div><\/div><div class=\"slide-content\">\n\n<p class=\"has-text-align-center gutenslider-content-initial has-larger-font-size\"><\/p>\n\n<\/div><\/div>\n\n<div class=\"swiper-slide wp-block-eedee-block-gutenslide is-position-center-center ed-bg-image\" style=\"--ed-vw:300;--ed-vh:200;\" data-hash=\"\"><div class=\"eedee-background-div bg-image\"><img loading=\"lazy\" width=\"600\" height=\"399\" class=\"wp-image-3796\" src=\"https:\/\/www.ringier.com\/wp-content\/uploads\/2021\/09\/Schweizer-Auto-des-Jahres_Rainer_Jochen-Rudat_2014.jpg\" alt=\"\" decoding=\"async\" style=\"object-fit: cover; object-position: 50% 50%;\"  data-title=\"Schweizer-Auto-des-Jahres_Rainer_Jochen-Rudat_2014\" srcset=\"https:\/\/www.ringier.com\/wp-content\/uploads\/2021\/09\/Schweizer-Auto-des-Jahres_Rainer_Jochen-Rudat_2014.jpg 600w, https:\/\/www.ringier.com\/wp-content\/uploads\/2021\/09\/Schweizer-Auto-des-Jahres_Rainer_Jochen-Rudat_2014-300x200.jpg 300w\" sizes=\"auto, (max-width: 600px) 100vw, 600px\" \/><div class=\"eedee-background-div__overlay\" style=\"opacity:1;\"><\/div><\/div><div class=\"slide-content\">\n\n<p class=\"has-text-align-center gutenslider-content-initial has-larger-font-size\"><\/p>\n\n<\/div><\/div>\n\n<div class=\"swiper-slide wp-block-eedee-block-gutenslide is-position-center-center ed-bg-image\" style=\"--ed-vw:300;--ed-vh:200;\" data-hash=\"\"><div class=\"eedee-background-div bg-image\"><img loading=\"lazy\" width=\"600\" height=\"399\" class=\"wp-image-3799\" src=\"https:\/\/www.ringier.com\/wp-content\/uploads\/2021\/09\/Schweizer-Auto-des-Jahres_Oliver-Rihs_2014.jpg\" alt=\"\" decoding=\"async\" style=\"object-fit: cover; object-position: 50% 50%;\"  data-title=\"Schweizer-Auto-des-Jahres_Oliver-Rihs_2014\" srcset=\"https:\/\/www.ringier.com\/wp-content\/uploads\/2021\/09\/Schweizer-Auto-des-Jahres_Oliver-Rihs_2014.jpg 600w, https:\/\/www.ringier.com\/wp-content\/uploads\/2021\/09\/Schweizer-Auto-des-Jahres_Oliver-Rihs_2014-300x200.jpg 300w\" sizes=\"auto, (max-width: 600px) 100vw, 600px\" \/><div class=\"eedee-background-div__overlay\" style=\"opacity:1;\"><\/div><\/div><div class=\"slide-content\">\n\n<p class=\"has-text-align-center gutenslider-content-initial has-larger-font-size\"><\/p>\n\n<\/div><\/div>\n\n<div class=\"swiper-slide wp-block-eedee-block-gutenslide is-position-center-center ed-bg-image\" style=\"--ed-vw:300;--ed-vh:200;\" data-hash=\"\"><div class=\"eedee-background-div bg-image\"><img loading=\"lazy\" width=\"600\" height=\"399\" class=\"wp-image-3802\" src=\"https:\/\/www.ringier.com\/wp-content\/uploads\/2021\/09\/BMW4_Schweizer-Auto-des-Jahres_2014.jpg\" alt=\"\" decoding=\"async\" style=\"object-fit: cover; object-position: 50% 50%;\"  data-title=\"BMW4_Schweizer-Auto-des-Jahres_2014\" srcset=\"https:\/\/www.ringier.com\/wp-content\/uploads\/2021\/09\/BMW4_Schweizer-Auto-des-Jahres_2014.jpg 600w, https:\/\/www.ringier.com\/wp-content\/uploads\/2021\/09\/BMW4_Schweizer-Auto-des-Jahres_2014-300x200.jpg 300w\" sizes=\"auto, (max-width: 600px) 100vw, 600px\" \/><div class=\"eedee-background-div__overlay\" style=\"opacity:1;\"><\/div><\/div><div class=\"slide-content\">\n\n<p class=\"has-text-align-center gutenslider-content-initial has-larger-font-size\"><\/p>\n\n<\/div><\/div>\n\n<div class=\"swiper-slide wp-block-eedee-block-gutenslide is-position-center-center ed-bg-image\" style=\"--ed-vw:300;--ed-vh:200;\" data-hash=\"\"><div class=\"eedee-background-div bg-image\"><img loading=\"lazy\" width=\"600\" height=\"399\" class=\"wp-image-3805\" src=\"https:\/\/www.ringier.com\/wp-content\/uploads\/2021\/09\/Schweizer-Auto-des-Jahres_Rainer-Maria_Salzgebber_2_2014.jpg\" alt=\"\" decoding=\"async\" style=\"object-fit: cover; object-position: 50% 50%;\"  data-title=\"Schweizer-Auto-des-Jahres_Rainer-Maria_Salzgebber_2_2014\" srcset=\"https:\/\/www.ringier.com\/wp-content\/uploads\/2021\/09\/Schweizer-Auto-des-Jahres_Rainer-Maria_Salzgebber_2_2014.jpg 600w, https:\/\/www.ringier.com\/wp-content\/uploads\/2021\/09\/Schweizer-Auto-des-Jahres_Rainer-Maria_Salzgebber_2_2014-300x200.jpg 300w\" sizes=\"auto, (max-width: 600px) 100vw, 600px\" \/><div class=\"eedee-background-div__overlay\" style=\"opacity:1;\"><\/div><\/div><div class=\"slide-content\">\n\n<p class=\"has-text-align-center gutenslider-content-initial has-larger-font-size\"><\/p>\n\n<\/div><\/div>\n\n<div class=\"swiper-slide wp-block-eedee-block-gutenslide is-position-center-center ed-bg-image\" style=\"--ed-vw:300;--ed-vh:200;\" data-hash=\"\"><div class=\"eedee-background-div bg-image\"><img loading=\"lazy\" width=\"600\" height=\"399\" class=\"wp-image-3808\" src=\"https:\/\/www.ringier.com\/wp-content\/uploads\/2021\/09\/Schweizer-Auto-des-Jahres_2_2014.jpg\" alt=\"\" decoding=\"async\" style=\"object-fit: cover; object-position: 50% 50%;\"  data-title=\"Schweizer-Auto-des-Jahres_2_2014\" srcset=\"https:\/\/www.ringier.com\/wp-content\/uploads\/2021\/09\/Schweizer-Auto-des-Jahres_2_2014.jpg 600w, https:\/\/www.ringier.com\/wp-content\/uploads\/2021\/09\/Schweizer-Auto-des-Jahres_2_2014-300x200.jpg 300w\" sizes=\"auto, (max-width: 600px) 100vw, 600px\" \/><div class=\"eedee-background-div__overlay\" style=\"opacity:1;\"><\/div><\/div><div class=\"slide-content\">\n\n<p class=\"has-text-align-center gutenslider-content-initial has-larger-font-size\"><\/p>\n\n<\/div><\/div>\n\n<div class=\"swiper-slide wp-block-eedee-block-gutenslide is-position-center-center ed-bg-image\" style=\"--ed-vw:300;--ed-vh:200;\" data-hash=\"\"><div class=\"eedee-background-div bg-image\"><img loading=\"lazy\" width=\"600\" height=\"399\" class=\"wp-image-3811\" src=\"https:\/\/www.ringier.com\/wp-content\/uploads\/2021\/09\/Schweizer-Auto-des-Jahres_3_2014.jpg\" alt=\"\" decoding=\"async\" style=\"object-fit: cover; object-position: 50% 50%;\"  data-title=\"Schweizer-Auto-des-Jahres_3_2014\" srcset=\"https:\/\/www.ringier.com\/wp-content\/uploads\/2021\/09\/Schweizer-Auto-des-Jahres_3_2014.jpg 600w, https:\/\/www.ringier.com\/wp-content\/uploads\/2021\/09\/Schweizer-Auto-des-Jahres_3_2014-300x200.jpg 300w\" sizes=\"auto, (max-width: 600px) 100vw, 600px\" \/><div class=\"eedee-background-div__overlay\" style=\"opacity:1;\"><\/div><\/div><div class=\"slide-content\">\n\n<p class=\"has-text-align-center gutenslider-content-initial has-larger-font-size\"><\/p>\n\n<\/div><\/div>\n\n<div class=\"swiper-slide wp-block-eedee-block-gutenslide is-position-center-center ed-bg-image\" style=\"--ed-vw:300;--ed-vh:200;\" data-hash=\"\"><div class=\"eedee-background-div bg-image\"><img loading=\"lazy\" width=\"600\" height=\"399\" class=\"wp-image-3814\" src=\"https:\/\/www.ringier.com\/wp-content\/uploads\/2021\/09\/Pegeuot-308_Schweizer-Auto-des-Jahres_2014.jpg\" alt=\"\" decoding=\"async\" style=\"object-fit: cover; object-position: 50% 50%;\"  data-title=\"Pegeuot-308_Schweizer-Auto-des-Jahres_2014\" srcset=\"https:\/\/www.ringier.com\/wp-content\/uploads\/2021\/09\/Pegeuot-308_Schweizer-Auto-des-Jahres_2014.jpg 600w, https:\/\/www.ringier.com\/wp-content\/uploads\/2021\/09\/Pegeuot-308_Schweizer-Auto-des-Jahres_2014-300x200.jpg 300w\" sizes=\"auto, (max-width: 600px) 100vw, 600px\" \/><div class=\"eedee-background-div__overlay\" style=\"opacity:1;\"><\/div><\/div><div class=\"slide-content\">\n\n<p class=\"has-text-align-center gutenslider-content-initial has-larger-font-size\"><\/p>\n\n<\/div><\/div>\n\n<div class=\"swiper-slide wp-block-eedee-block-gutenslide is-position-center-center ed-bg-image\" style=\"--ed-vw:300;--ed-vh:200;\" data-hash=\"\"><div class=\"eedee-background-div bg-image\"><img loading=\"lazy\" width=\"600\" height=\"399\" class=\"wp-image-3817\" src=\"https:\/\/www.ringier.com\/wp-content\/uploads\/2021\/09\/Schweizer-Auto-des-Jahres_Oliver-Thiererr_2014.jpg\" alt=\"\" decoding=\"async\" style=\"object-fit: cover; object-position: 50% 50%;\"  data-title=\"Schweizer-Auto-des-Jahres_Oliver-Thiererr_2014\" srcset=\"https:\/\/www.ringier.com\/wp-content\/uploads\/2021\/09\/Schweizer-Auto-des-Jahres_Oliver-Thiererr_2014.jpg 600w, https:\/\/www.ringier.com\/wp-content\/uploads\/2021\/09\/Schweizer-Auto-des-Jahres_Oliver-Thiererr_2014-300x200.jpg 300w\" sizes=\"auto, (max-width: 600px) 100vw, 600px\" \/><div class=\"eedee-background-div__overlay\" style=\"opacity:1;\"><\/div><\/div><div class=\"slide-content\">\n\n<p class=\"has-text-align-center gutenslider-content-initial has-larger-font-size\"><\/p>\n\n<\/div><\/div>\n\n<div class=\"swiper-slide wp-block-eedee-block-gutenslide is-position-center-center ed-bg-image\" style=\"--ed-vw:300;--ed-vh:200;\" data-hash=\"\"><div class=\"eedee-background-div bg-image\"><img loading=\"lazy\" width=\"600\" height=\"399\" class=\"wp-image-3820\" src=\"https:\/\/www.ringier.com\/wp-content\/uploads\/2021\/09\/Schweizer-Auto-des-Jahres_Rainer_Oliver-Thierrer-Peugeot_2014.jpg\" alt=\"\" decoding=\"async\" style=\"object-fit: cover; object-position: 50% 50%;\"  data-title=\"Schweizer-Auto-des-Jahres_Rainer_Oliver-Thierrer-Peugeot_2014\" srcset=\"https:\/\/www.ringier.com\/wp-content\/uploads\/2021\/09\/Schweizer-Auto-des-Jahres_Rainer_Oliver-Thierrer-Peugeot_2014.jpg 600w, https:\/\/www.ringier.com\/wp-content\/uploads\/2021\/09\/Schweizer-Auto-des-Jahres_Rainer_Oliver-Thierrer-Peugeot_2014-300x200.jpg 300w\" sizes=\"auto, (max-width: 600px) 100vw, 600px\" \/><div class=\"eedee-background-div__overlay\" style=\"opacity:1;\"><\/div><\/div><div class=\"slide-content\">\n\n<p class=\"has-text-align-center gutenslider-content-initial has-larger-font-size\"><\/p>\n\n<\/div><\/div>\n<\/div><\/div><button class=\"eedee-gutenslider-nav eedee-gutenslider-prev\"><svg xmlns=\"http:\/\/www.w3.org\/2000\/svg\" viewBox=\"0 0 24 24\" width=\"24\" height=\"24\"><circle class=\"bg\" cx=\"13\" cy=\"12\" r=\"11\" \/><path fill=\"none\" d=\"M0 0h24v24H0z\"\/><path class=\"arrow\" d=\"M10.828 12l4.95 4.95-1.414 1.414L8 12l6.364-6.364 1.414 1.414z\"\/><\/svg><\/button><button class=\"eedee-gutenslider-nav eedee-gutenslider-next\"><svg xmlns=\"http:\/\/www.w3.org\/2000\/svg\" viewBox=\"0 0 24 24\" width=\"24\" height=\"24\"><circle class=\"bg\" cx=\"11\" cy=\"12\" r=\"11\" \/><path fill=\"none\" d=\"M0 0h24v24H0z\"\/><path class=\"arrow\" d=\"M13.172 12l-4.95-4.95 1.414-1.414L16 12l-6.364 6.364-1.414-1.414z\"\/><\/svg><\/button><div class=\"eedee-gutenslider-pagination\"><\/div><div class=\"gutenslider-divider-bottom \" style=\"color:#fff;\"><\/div><\/div><\/div>","protected":false},"excerpt":{"rendered":"<p>Der neue franz\u00f6sische Kompaktwagen Peugeot 308 wurde von der vierzehnk\u00f6pfigen Fachjury zum \u00abSchweizer Auto des Jahres\u00bb gew\u00e4hlt. Bei der grossen, repr\u00e4sentativen Publikumswahl der Schweizer Illustrierten und ihrer Partner setzte sich nach insgesamt 69&#8217;824 abgegebenen Stimmen das BMW 4er Coup\u00e9 als \u00abDas Lieblingsauto der Schweizer\u00bb klar durch.<\/p>\n","protected":false},"author":23,"featured_media":3829,"comment_status":"closed","ping_status":"open","sticky":false,"template":"","format":"standard","meta":{"inline_featured_image":false,"footnotes":""},"categories":[376,371,361],"tags":[],"class_list":["post-3789","post","type-post","status-publish","format-standard","has-post-thumbnail","hentry","category-marketplaces-de","category-media-de","category-ringier-medien-schweiz"],"yoast_head":"<!-- This site is optimized with the Yoast SEO Premium plugin v27.0 (Yoast SEO v27.0) - https:\/\/yoast.com\/product\/yoast-seo-premium-wordpress\/ -->\n<title>\u00abDas Schweizer Auto des Jahres 2014\u00bb: Der Peugeot 308 setzt sich durch - Ringier<\/title>\n<meta name=\"robots\" content=\"index, follow, max-snippet:-1, max-image-preview:large, max-video-preview:-1\" \/>\n<link rel=\"canonical\" href=\"https:\/\/www.ringier.com\/de\/das-schweizer-auto-des-jahres-2014-der-peugeot-308-setzt-sich-durch\/\" \/>\n<meta property=\"og:locale\" content=\"de_DE\" \/>\n<meta property=\"og:type\" content=\"article\" \/>\n<meta property=\"og:title\" content=\"\u00abDas Schweizer Auto des Jahres 2014\u00bb: Der Peugeot 308 setzt sich durch\" \/>\n<meta property=\"og:description\" content=\"Der neue franz\u00f6sische Kompaktwagen Peugeot 308 wurde von der vierzehnk\u00f6pfigen Fachjury zum \u00abSchweizer Auto des Jahres\u00bb gew\u00e4hlt. Bei der grossen, repr\u00e4sentativen Publikumswahl der Schweizer Illustrierten und ihrer Partner setzte sich nach insgesamt 69&#039;824 abgegebenen Stimmen das BMW 4er Coup\u00e9 als \u00abDas Lieblingsauto der Schweizer\u00bb klar durch.\" \/>\n<meta property=\"og:url\" content=\"https:\/\/www.ringier.com\/de\/das-schweizer-auto-des-jahres-2014-der-peugeot-308-setzt-sich-durch\/\" \/>\n<meta property=\"og:site_name\" content=\"Ringier\" \/>\n<meta property=\"article:publisher\" content=\"https:\/\/www.facebook.com\/ringierag\/\" \/>\n<meta property=\"article:published_time\" content=\"2013-12-04T17:25:00+00:00\" \/>\n<meta property=\"article:modified_time\" content=\"2024-11-27T11:25:58+00:00\" \/>\n<meta property=\"og:image\" content=\"https:\/\/www.ringier.com\/wp-content\/uploads\/2021\/09\/Peugeot_308_schweizer_auto_des_jahres_1._platz-scaled.jpg\" \/>\n\t<meta property=\"og:image:width\" content=\"2560\" \/>\n\t<meta property=\"og:image:height\" content=\"1707\" \/>\n\t<meta property=\"og:image:type\" content=\"image\/jpeg\" \/>\n<meta name=\"author\" content=\"Ringier Corporate Communications\" \/>\n<meta name=\"twitter:card\" content=\"summary_large_image\" \/>\n<meta name=\"twitter:creator\" content=\"@ringier_ag\" \/>\n<meta name=\"twitter:site\" content=\"@ringier_ag\" \/>\n<meta name=\"twitter:label1\" content=\"Verfasst von\" \/>\n\t<meta name=\"twitter:data1\" content=\"Ringier Corporate Communications\" \/>\n\t<meta name=\"twitter:label2\" content=\"Gesch\u00e4tzte Lesezeit\" \/>\n\t<meta name=\"twitter:data2\" content=\"5 Minuten\" \/>\n<script type=\"application\/ld+json\" class=\"yoast-schema-graph\">{\"@context\":\"https:\/\/schema.org\",\"@graph\":[{\"@type\":\"Article\",\"@id\":\"https:\/\/www.ringier.com\/de\/das-schweizer-auto-des-jahres-2014-der-peugeot-308-setzt-sich-durch\/#article\",\"isPartOf\":{\"@id\":\"https:\/\/www.ringier.com\/de\/das-schweizer-auto-des-jahres-2014-der-peugeot-308-setzt-sich-durch\/\"},\"author\":{\"name\":\"Ringier Corporate Communications\",\"@id\":\"https:\/\/www.ringier.com\/de\/#\/schema\/person\/4cf76a308dc4b2bb5121bd1e7b752e52\"},\"headline\":\"\u00abDas Schweizer Auto des Jahres 2014\u00bb: Der Peugeot 308 setzt sich durch\",\"datePublished\":\"2013-12-04T17:25:00+00:00\",\"dateModified\":\"2024-11-27T11:25:58+00:00\",\"mainEntityOfPage\":{\"@id\":\"https:\/\/www.ringier.com\/de\/das-schweizer-auto-des-jahres-2014-der-peugeot-308-setzt-sich-durch\/\"},\"wordCount\":784,\"publisher\":{\"@id\":\"https:\/\/www.ringier.com\/de\/#organization\"},\"image\":{\"@id\":\"https:\/\/www.ringier.com\/de\/das-schweizer-auto-des-jahres-2014-der-peugeot-308-setzt-sich-durch\/#primaryimage\"},\"thumbnailUrl\":\"https:\/\/www.ringier.com\/wp-content\/uploads\/2021\/09\/Peugeot_308_schweizer_auto_des_jahres_1._platz-scaled.jpg\",\"articleSection\":[\"Marketplaces\",\"Media\",\"Ringier Medien Schweiz\"],\"inLanguage\":\"de-DE\"},{\"@type\":\"WebPage\",\"@id\":\"https:\/\/www.ringier.com\/de\/das-schweizer-auto-des-jahres-2014-der-peugeot-308-setzt-sich-durch\/\",\"url\":\"https:\/\/www.ringier.com\/de\/das-schweizer-auto-des-jahres-2014-der-peugeot-308-setzt-sich-durch\/\",\"name\":\"\u00abDas Schweizer Auto des Jahres 2014\u00bb: Der Peugeot 308 setzt sich durch - Ringier\",\"isPartOf\":{\"@id\":\"https:\/\/www.ringier.com\/de\/#website\"},\"primaryImageOfPage\":{\"@id\":\"https:\/\/www.ringier.com\/de\/das-schweizer-auto-des-jahres-2014-der-peugeot-308-setzt-sich-durch\/#primaryimage\"},\"image\":{\"@id\":\"https:\/\/www.ringier.com\/de\/das-schweizer-auto-des-jahres-2014-der-peugeot-308-setzt-sich-durch\/#primaryimage\"},\"thumbnailUrl\":\"https:\/\/www.ringier.com\/wp-content\/uploads\/2021\/09\/Peugeot_308_schweizer_auto_des_jahres_1._platz-scaled.jpg\",\"datePublished\":\"2013-12-04T17:25:00+00:00\",\"dateModified\":\"2024-11-27T11:25:58+00:00\",\"breadcrumb\":{\"@id\":\"https:\/\/www.ringier.com\/de\/das-schweizer-auto-des-jahres-2014-der-peugeot-308-setzt-sich-durch\/#breadcrumb\"},\"inLanguage\":\"de-DE\",\"potentialAction\":[{\"@type\":\"ReadAction\",\"target\":[\"https:\/\/www.ringier.com\/de\/das-schweizer-auto-des-jahres-2014-der-peugeot-308-setzt-sich-durch\/\"]}]},{\"@type\":\"ImageObject\",\"inLanguage\":\"de-DE\",\"@id\":\"https:\/\/www.ringier.com\/de\/das-schweizer-auto-des-jahres-2014-der-peugeot-308-setzt-sich-durch\/#primaryimage\",\"url\":\"https:\/\/www.ringier.com\/wp-content\/uploads\/2021\/09\/Peugeot_308_schweizer_auto_des_jahres_1._platz-scaled.jpg\",\"contentUrl\":\"https:\/\/www.ringier.com\/wp-content\/uploads\/2021\/09\/Peugeot_308_schweizer_auto_des_jahres_1._platz-scaled.jpg\",\"width\":2560,\"height\":1707,\"caption\":\"Peugeot 308. Silber, F, 2. Generation 2013. Praesi, Sochaux, F, 20.09.2013. Foto: Werk. Tags: Baertschi Media, Auto.\"},{\"@type\":\"BreadcrumbList\",\"@id\":\"https:\/\/www.ringier.com\/de\/das-schweizer-auto-des-jahres-2014-der-peugeot-308-setzt-sich-durch\/#breadcrumb\",\"itemListElement\":[{\"@type\":\"ListItem\",\"position\":1,\"name\":\"Home\",\"item\":\"https:\/\/www.ringier.com\/de\/\"},{\"@type\":\"ListItem\",\"position\":2,\"name\":\"\u00abDas Schweizer Auto des Jahres 2014\u00bb: Der Peugeot 308 setzt sich durch\"}]},{\"@type\":\"WebSite\",\"@id\":\"https:\/\/www.ringier.com\/de\/#website\",\"url\":\"https:\/\/www.ringier.com\/de\/\",\"name\":\"Ringier\",\"description\":\"We inform. We entertain. We connect\",\"publisher\":{\"@id\":\"https:\/\/www.ringier.com\/de\/#organization\"},\"potentialAction\":[{\"@type\":\"SearchAction\",\"target\":{\"@type\":\"EntryPoint\",\"urlTemplate\":\"https:\/\/www.ringier.com\/de\/?s={search_term_string}\"},\"query-input\":{\"@type\":\"PropertyValueSpecification\",\"valueRequired\":true,\"valueName\":\"search_term_string\"}}],\"inLanguage\":\"de-DE\"},{\"@type\":\"Organization\",\"@id\":\"https:\/\/www.ringier.com\/de\/#organization\",\"name\":\"Ringier\",\"url\":\"https:\/\/www.ringier.com\/de\/\",\"logo\":{\"@type\":\"ImageObject\",\"inLanguage\":\"de-DE\",\"@id\":\"https:\/\/www.ringier.com\/de\/#\/schema\/logo\/image\/\",\"url\":\"https:\/\/www.ringier.com\/wp-content\/uploads\/2021\/10\/ringier_logo_2.jpg\",\"contentUrl\":\"https:\/\/www.ringier.com\/wp-content\/uploads\/2021\/10\/ringier_logo_2.jpg\",\"width\":750,\"height\":550,\"caption\":\"Ringier\"},\"image\":{\"@id\":\"https:\/\/www.ringier.com\/de\/#\/schema\/logo\/image\/\"},\"sameAs\":[\"https:\/\/www.facebook.com\/ringierag\/\",\"https:\/\/x.com\/ringier_ag\",\"https:\/\/www.instagram.com\/ringier_ag\/\",\"https:\/\/www.linkedin.com\/company\/ringier\/\",\"https:\/\/www.youtube.com\/user\/RingierComm\",\"https:\/\/en.wikipedia.org\/wiki\/Ringier\",\"https:\/\/de.wikipedia.org\/wiki\/Ringier\",\"https:\/\/fr.wikipedia.org\/wiki\/Ringier\",\"https:\/\/www.crunchbase.com\/organization\/ringier-ag\"]},{\"@type\":\"Person\",\"@id\":\"https:\/\/www.ringier.com\/de\/#\/schema\/person\/4cf76a308dc4b2bb5121bd1e7b752e52\",\"name\":\"Ringier Corporate Communications\",\"image\":{\"@type\":\"ImageObject\",\"inLanguage\":\"de-DE\",\"@id\":\"https:\/\/www.ringier.com\/de\/#\/schema\/person\/image\/\",\"url\":\"https:\/\/secure.gravatar.com\/avatar\/9391e20481368d5df4fe3e1e476c13b27786347489822ec1ed07e532bb41f587?s=96&d=mm&r=g\",\"contentUrl\":\"https:\/\/secure.gravatar.com\/avatar\/9391e20481368d5df4fe3e1e476c13b27786347489822ec1ed07e532bb41f587?s=96&d=mm&r=g\",\"caption\":\"Ringier Corporate Communications\"},\"sameAs\":[\"https:\/\/www.ringier.com\"]}]}<\/script>\n<!-- \/ Yoast SEO Premium plugin. -->","yoast_head_json":{"title":"\u00abDas Schweizer Auto des Jahres 2014\u00bb: Der Peugeot 308 setzt sich durch - Ringier","robots":{"index":"index","follow":"follow","max-snippet":"max-snippet:-1","max-image-preview":"max-image-preview:large","max-video-preview":"max-video-preview:-1"},"canonical":"https:\/\/www.ringier.com\/de\/das-schweizer-auto-des-jahres-2014-der-peugeot-308-setzt-sich-durch\/","og_locale":"de_DE","og_type":"article","og_title":"\u00abDas Schweizer Auto des Jahres 2014\u00bb: Der Peugeot 308 setzt sich durch","og_description":"Der neue franz\u00f6sische Kompaktwagen Peugeot 308 wurde von der vierzehnk\u00f6pfigen Fachjury zum \u00abSchweizer Auto des Jahres\u00bb gew\u00e4hlt. Bei der grossen, repr\u00e4sentativen Publikumswahl der Schweizer Illustrierten und ihrer Partner setzte sich nach insgesamt 69'824 abgegebenen Stimmen das BMW 4er Coup\u00e9 als \u00abDas Lieblingsauto der Schweizer\u00bb klar durch.","og_url":"https:\/\/www.ringier.com\/de\/das-schweizer-auto-des-jahres-2014-der-peugeot-308-setzt-sich-durch\/","og_site_name":"Ringier","article_publisher":"https:\/\/www.facebook.com\/ringierag\/","article_published_time":"2013-12-04T17:25:00+00:00","article_modified_time":"2024-11-27T11:25:58+00:00","og_image":[{"width":2560,"height":1707,"url":"https:\/\/www.ringier.com\/wp-content\/uploads\/2021\/09\/Peugeot_308_schweizer_auto_des_jahres_1._platz-scaled.jpg","type":"image\/jpeg"}],"author":"Ringier Corporate Communications","twitter_card":"summary_large_image","twitter_creator":"@ringier_ag","twitter_site":"@ringier_ag","twitter_misc":{"Verfasst von":"Ringier Corporate Communications","Gesch\u00e4tzte Lesezeit":"5 Minuten"},"schema":{"@context":"https:\/\/schema.org","@graph":[{"@type":"Article","@id":"https:\/\/www.ringier.com\/de\/das-schweizer-auto-des-jahres-2014-der-peugeot-308-setzt-sich-durch\/#article","isPartOf":{"@id":"https:\/\/www.ringier.com\/de\/das-schweizer-auto-des-jahres-2014-der-peugeot-308-setzt-sich-durch\/"},"author":{"name":"Ringier Corporate Communications","@id":"https:\/\/www.ringier.com\/de\/#\/schema\/person\/4cf76a308dc4b2bb5121bd1e7b752e52"},"headline":"\u00abDas Schweizer Auto des Jahres 2014\u00bb: Der Peugeot 308 setzt sich durch","datePublished":"2013-12-04T17:25:00+00:00","dateModified":"2024-11-27T11:25:58+00:00","mainEntityOfPage":{"@id":"https:\/\/www.ringier.com\/de\/das-schweizer-auto-des-jahres-2014-der-peugeot-308-setzt-sich-durch\/"},"wordCount":784,"publisher":{"@id":"https:\/\/www.ringier.com\/de\/#organization"},"image":{"@id":"https:\/\/www.ringier.com\/de\/das-schweizer-auto-des-jahres-2014-der-peugeot-308-setzt-sich-durch\/#primaryimage"},"thumbnailUrl":"https:\/\/www.ringier.com\/wp-content\/uploads\/2021\/09\/Peugeot_308_schweizer_auto_des_jahres_1._platz-scaled.jpg","articleSection":["Marketplaces","Media","Ringier Medien Schweiz"],"inLanguage":"de-DE"},{"@type":"WebPage","@id":"https:\/\/www.ringier.com\/de\/das-schweizer-auto-des-jahres-2014-der-peugeot-308-setzt-sich-durch\/","url":"https:\/\/www.ringier.com\/de\/das-schweizer-auto-des-jahres-2014-der-peugeot-308-setzt-sich-durch\/","name":"\u00abDas Schweizer Auto des Jahres 2014\u00bb: Der Peugeot 308 setzt sich durch - Ringier","isPartOf":{"@id":"https:\/\/www.ringier.com\/de\/#website"},"primaryImageOfPage":{"@id":"https:\/\/www.ringier.com\/de\/das-schweizer-auto-des-jahres-2014-der-peugeot-308-setzt-sich-durch\/#primaryimage"},"image":{"@id":"https:\/\/www.ringier.com\/de\/das-schweizer-auto-des-jahres-2014-der-peugeot-308-setzt-sich-durch\/#primaryimage"},"thumbnailUrl":"https:\/\/www.ringier.com\/wp-content\/uploads\/2021\/09\/Peugeot_308_schweizer_auto_des_jahres_1._platz-scaled.jpg","datePublished":"2013-12-04T17:25:00+00:00","dateModified":"2024-11-27T11:25:58+00:00","breadcrumb":{"@id":"https:\/\/www.ringier.com\/de\/das-schweizer-auto-des-jahres-2014-der-peugeot-308-setzt-sich-durch\/#breadcrumb"},"inLanguage":"de-DE","potentialAction":[{"@type":"ReadAction","target":["https:\/\/www.ringier.com\/de\/das-schweizer-auto-des-jahres-2014-der-peugeot-308-setzt-sich-durch\/"]}]},{"@type":"ImageObject","inLanguage":"de-DE","@id":"https:\/\/www.ringier.com\/de\/das-schweizer-auto-des-jahres-2014-der-peugeot-308-setzt-sich-durch\/#primaryimage","url":"https:\/\/www.ringier.com\/wp-content\/uploads\/2021\/09\/Peugeot_308_schweizer_auto_des_jahres_1._platz-scaled.jpg","contentUrl":"https:\/\/www.ringier.com\/wp-content\/uploads\/2021\/09\/Peugeot_308_schweizer_auto_des_jahres_1._platz-scaled.jpg","width":2560,"height":1707,"caption":"Peugeot 308. Silber, F, 2. Generation 2013. Praesi, Sochaux, F, 20.09.2013. Foto: Werk. Tags: Baertschi Media, Auto."},{"@type":"BreadcrumbList","@id":"https:\/\/www.ringier.com\/de\/das-schweizer-auto-des-jahres-2014-der-peugeot-308-setzt-sich-durch\/#breadcrumb","itemListElement":[{"@type":"ListItem","position":1,"name":"Home","item":"https:\/\/www.ringier.com\/de\/"},{"@type":"ListItem","position":2,"name":"\u00abDas Schweizer Auto des Jahres 2014\u00bb: Der Peugeot 308 setzt sich durch"}]},{"@type":"WebSite","@id":"https:\/\/www.ringier.com\/de\/#website","url":"https:\/\/www.ringier.com\/de\/","name":"Ringier","description":"We inform. We entertain. We connect","publisher":{"@id":"https:\/\/www.ringier.com\/de\/#organization"},"potentialAction":[{"@type":"SearchAction","target":{"@type":"EntryPoint","urlTemplate":"https:\/\/www.ringier.com\/de\/?s={search_term_string}"},"query-input":{"@type":"PropertyValueSpecification","valueRequired":true,"valueName":"search_term_string"}}],"inLanguage":"de-DE"},{"@type":"Organization","@id":"https:\/\/www.ringier.com\/de\/#organization","name":"Ringier","url":"https:\/\/www.ringier.com\/de\/","logo":{"@type":"ImageObject","inLanguage":"de-DE","@id":"https:\/\/www.ringier.com\/de\/#\/schema\/logo\/image\/","url":"https:\/\/www.ringier.com\/wp-content\/uploads\/2021\/10\/ringier_logo_2.jpg","contentUrl":"https:\/\/www.ringier.com\/wp-content\/uploads\/2021\/10\/ringier_logo_2.jpg","width":750,"height":550,"caption":"Ringier"},"image":{"@id":"https:\/\/www.ringier.com\/de\/#\/schema\/logo\/image\/"},"sameAs":["https:\/\/www.facebook.com\/ringierag\/","https:\/\/x.com\/ringier_ag","https:\/\/www.instagram.com\/ringier_ag\/","https:\/\/www.linkedin.com\/company\/ringier\/","https:\/\/www.youtube.com\/user\/RingierComm","https:\/\/en.wikipedia.org\/wiki\/Ringier","https:\/\/de.wikipedia.org\/wiki\/Ringier","https:\/\/fr.wikipedia.org\/wiki\/Ringier","https:\/\/www.crunchbase.com\/organization\/ringier-ag"]},{"@type":"Person","@id":"https:\/\/www.ringier.com\/de\/#\/schema\/person\/4cf76a308dc4b2bb5121bd1e7b752e52","name":"Ringier Corporate Communications","image":{"@type":"ImageObject","inLanguage":"de-DE","@id":"https:\/\/www.ringier.com\/de\/#\/schema\/person\/image\/","url":"https:\/\/secure.gravatar.com\/avatar\/9391e20481368d5df4fe3e1e476c13b27786347489822ec1ed07e532bb41f587?s=96&d=mm&r=g","contentUrl":"https:\/\/secure.gravatar.com\/avatar\/9391e20481368d5df4fe3e1e476c13b27786347489822ec1ed07e532bb41f587?s=96&d=mm&r=g","caption":"Ringier Corporate Communications"},"sameAs":["https:\/\/www.ringier.com"]}]}},"_links":{"self":[{"href":"https:\/\/www.ringier.com\/de\/wp-json\/wp\/v2\/posts\/3789","targetHints":{"allow":["GET"]}}],"collection":[{"href":"https:\/\/www.ringier.com\/de\/wp-json\/wp\/v2\/posts"}],"about":[{"href":"https:\/\/www.ringier.com\/de\/wp-json\/wp\/v2\/types\/post"}],"author":[{"embeddable":true,"href":"https:\/\/www.ringier.com\/de\/wp-json\/wp\/v2\/users\/23"}],"replies":[{"embeddable":true,"href":"https:\/\/www.ringier.com\/de\/wp-json\/wp\/v2\/comments?post=3789"}],"version-history":[{"count":0,"href":"https:\/\/www.ringier.com\/de\/wp-json\/wp\/v2\/posts\/3789\/revisions"}],"wp:featuredmedia":[{"embeddable":true,"href":"https:\/\/www.ringier.com\/de\/wp-json\/wp\/v2\/media\/3829"}],"wp:attachment":[{"href":"https:\/\/www.ringier.com\/de\/wp-json\/wp\/v2\/media?parent=3789"}],"wp:term":[{"taxonomy":"category","embeddable":true,"href":"https:\/\/www.ringier.com\/de\/wp-json\/wp\/v2\/categories?post=3789"},{"taxonomy":"post_tag","embeddable":true,"href":"https:\/\/www.ringier.com\/de\/wp-json\/wp\/v2\/tags?post=3789"}],"curies":[{"name":"wp","href":"https:\/\/api.w.org\/{rel}","templated":true}]}}