{"id":3729,"date":"2014-01-03T17:46:00","date_gmt":"2014-01-03T16:46:00","guid":{"rendered":"https:\/\/www.ringier.com\/?p=3729"},"modified":"2024-11-27T12:24:04","modified_gmt":"2024-11-27T11:24:04","slug":"neue-personalien-im-newsroom-der-blick-gruppe","status":"publish","type":"post","link":"https:\/\/www.ringier.com\/de\/neue-personalien-im-newsroom-der-blick-gruppe\/","title":{"rendered":"Neue Personalien im Newsroom der Blick-Gruppe"},"content":{"rendered":"\n<p>Wie Ende August angek\u00fcndigt, ist Ren\u00e9 L\u00fcchinger (55) per 1. Januar 2014 als neuer Chefredaktor des&nbsp;<em>Blick<\/em>&nbsp;gestartet. Zeitgleich als Stellvertretender Chefredaktor&nbsp;<em>Blick<\/em>&nbsp;hat auch Andreas Dietrich (49) seine neue Stelle im Newsroom angetreten.<\/p>\n\n\n\n<p>Als Leiter des Ressorts Sport im Newsroom der&nbsp;<em>Blick<\/em>-Gruppe wurde Felix Bingesser (50) per 1. Januar 2014 in den Rang eines Chefredaktors bef\u00f6rdert.<\/p>\n\n\n\n<p>Dirk Ruschmann (42), bislang Mitglied der Chefredaktion und interimistischer Leiter des&nbsp;<em>Magazin<\/em>&nbsp;des&nbsp;<em>SonntagsBlick<\/em>, ist neu Stellvertretender Chefredaktor&nbsp;<em>SonntagsBlick<\/em>&nbsp;an der Seite von Chefredaktorin Christine Maier. Zum Leitungsteam geh\u00f6rt &#8211; ebenfalls als Stellvertretender Chefredaktor &#8211; bereits Philippe Pfister (50). Die Teamleitung des&nbsp;<em>Magazin<\/em>&nbsp;wird interimistisch neu von Frank Hubrath (49) \u00fcbernommen.<\/p>\n\n\n\n<p>Das Ressort Politik im Newsroom der&nbsp;<em>Blick<\/em>-Gruppe bekommt per 1. April 2014 neu eine Co-Leitung: So konnten Jo\u00ebl Widmer (37) und Matthias Halbeis (41) als Nachfolger des als Chefredaktor zum&nbsp;<em>Bote der Urschweiz<\/em>&nbsp;wechselnden, bisherigen Ressortleiters J\u00fcrg Auf der Maur gewonnen werden. Matthias Halbeis studierte Geografie und Politikwissenschaft an den Universit\u00e4ten Bern und Aarhus in D\u00e4nemark. Er begann seinen journalistischen Werdegang beim&nbsp;<em>Langenthaler Tagblatt<\/em>, ist seit 2006 bei der&nbsp;<em>SonntagsZeitung<\/em>&nbsp;t\u00e4tig und leitete die vergangenen zwei Jahre das Nachrichtenressort.<\/p>\n\n\n\n<p>Jo\u00ebl Widmer studierte neue Schweizer Geschichte, Medien- und Politikwissenschaft an den Universit\u00e4ten Bern, Stockholm und Z\u00fcrich und war bereits von 2008 bis 2010 als Bundeshaus-Redaktor beim&nbsp;<em>SonntagsBlick<\/em>&nbsp;t\u00e4tig, bevor er 2010 zur&nbsp;<em>SonntagsZeitung<\/em>&nbsp;wechselte und bald darauf Stellvertretender Politikchef wurde.<\/p>\n\n\n\n<p>Halbeis und Widmer werden das Ressort Politik in der Co-Verantwortung von den beiden Standorten in Z\u00fcrich und in Bern aus f\u00fchren.<\/p>\n\n\n\n<p>Der Autorenpool der&nbsp;<em>Blick<\/em>-Gruppe unter der Leitung von Peter Hossli wurde zu Jahresbeginn um ein weiteres Mitglied erg\u00e4nzt: Neu gestartet ist Adrian Meyer (27), der als Absolvent des MAZ, der Schweizer Journalistenschule in Luzern, als freier Autor bereits f\u00fcr die&nbsp;<em>Zeit<\/em>, das&nbsp;<em>Greenpeace Magazin<\/em>, die Tageszeitung&nbsp;<em>taz<\/em>&nbsp;in Deutschland sowie weitere Publikationen mehr gearbeitet hat.<\/p>\n\n\n\n<p>Kommunikation Ringier Schweiz<\/p>\n\n\n<div id=\"gutenslider-b6neqfgvn\" class=\"wp-block-eedee-block-gutenslider gs-frontend content-change alignnone arrow-style-1 arrow-position-sides arrow-mb-none arrows-lg arrows-md arrows-sm dot-style-1 dots-lg dots-md dots-sm dot-position-bottom is-position-center-center mb-none wrap-auto-height\" data-parallax-direction=\"down\" data-parallax-amount=\"1.3\" data-lg-transition=\"lg-slide\" data-hash=\"\" ><div class=\"eedee-swiper-outer\" style=\"--gutenslider-min-height: 50vh;--gutenslider-arrow-size: 30px;--gutenslider-dot-size: 25px;--gutenslider-arrow-color: #ffffff;--gutenslider-dot-color: #ffffff;--gutenslider-padding-y-mobile: 40px;--gutenslider-padding-x-mobile: 40px;--gutenslider-padding-y-tablet: 40px;--gutenslider-padding-x-tablet: 40px;--gutenslider-padding-y-desktop: 40px;--gutenslider-padding-x-desktop: 40px;--gutenslider-bg-image: url();--gutenslider-min-height-md: 50vh;--gutenslider-min-height-sm: 50vh;--gutenslider-padding-x: 40px;--gutenslider-padding-x-md: 40px;--gutenslider-padding-x-sm: 20px;--gutenslider-padding-y: 40px;--gutenslider-padding-y-md: 40px;--gutenslider-padding-y-sm: 20px;--gutenslider-arrow-size-md: 30px;--gutenslider-arrow-size-sm: 30px;--gutenslider-dot-size-md: 25px;--gutenslider-dot-size-sm: 25px;--gutenslider-arrow-bg-color: transparent;--gutenslider-arrow-hover-color: #eeeeee;--gutenslider-arrow-bg-hover-color: transparent;--gutenslider-arrow-x-offset: 10px;--gutenslider-arrow-x-offset-md: 10px;--gutenslider-arrow-x-offset-sm: 10px;--gutenslider-arrow-y-offset: 0px;--gutenslider-arrow-y-offset-md: 0px;--gutenslider-arrow-y-offset-sm: 0px;--gutenslider-arrow-x-spacing: 0px;--gutenslider-dot-y-offset: 10px;--gutenslider-dot-y-offset-md: 10px;--gutenslider-dot-y-offset-sm: 10px;--gutenslider-margin-x: 0px;--gutenslider-margin-x-md: 0px;--gutenslider-margin-x-sm: 0px;--gutenslider-margin-y: 0px;--gutenslider-margin-y-md: 0px;--gutenslider-margin-y-sm: 0px;--gutenslider-divider-top: 60px;--gutenslider-divider-bottom: 60px;--gutenslider-lightgallery-bg: #ffffff;--gutenslider-lightgallery-font: #000000;--gs-first-pos: 50% 50%;--gs-gap-vertical: var( --wp--style--gallery-gap-default, var( --gallery-block--gutter-size, var( --wp--style--block-gap, 0.5em ) ) );--gs-gap-horizontal: var( --wp--style--gallery-gap-default, var( --gallery-block--gutter-size, var( --wp--style--block-gap, 0.5em ) ) );\"><div class=\"gutenslider-divider-top\" style=\"color:#fff;\"><\/div><div class=\"swiper\" data-settings='{\"autoplay\":{\"delay\":3000,\"pauseOnMouseEnter\":true,\"disableOnInteraction\":false},\"speed\":700,\"direction\":\"horizontal\",\"autoHeight\":\"\",\"loop\":true,\"centeredSlides\":true,\"spaceBetween\":0,\"slidesPerView\":1,\"slidesPerGroup\":1,\"effect\":\"slide\",\"coverflowEffect\":{\"rotate\":30,\"slideShadows\":false,\"depth\":100,\"stretch\":50,\"modifier\":1},\"fadeEffect\":{\"crossFade\":true},\"zoom\":\"\",\"navigation\":{\"nextEl\":\"#gutenslider-b6neqfgvn .eedee-gutenslider-next\",\"prevEl\":\"#gutenslider-b6neqfgvn .eedee-gutenslider-prev\"},\"pagination\":{\"type\":\"bullets\",\"clickable\":true,\"dynamicBullets\":false,\"el\":\"#gutenslider-b6neqfgvn .eedee-gutenslider-pagination\"},\"pauseOnHover\":\"1\",\"watchSlidesProgress\":true,\"watchSlidesVisibility\":true,\"settingsMd\":{\"autoHeight\":\"\",\"slidesPerView\":1,\"slidesPerGroup\":1,\"spaceBetween\":0,\"loop\":true},\"settingsLg\":{\"autoHeight\":\"\",\"slidesPerView\":1,\"slidesPerGroup\":1,\"spaceBetween\":0,\"loop\":true},\"hasLg\":false,\"hasLgCounter\":true,\"isFullScreen\":false,\"arrowsFollowMouse\":false,\"lgTitle\":\"none\",\"lgCaption\":\"none\",\"lgThumbnails\":true,\"lgZoomEnabled\":false,\"keyboard\":{\"keyboard\":{\"enabled\":true,\"onlyInViewport\":true}},\"hashNavigation\":false,\"dividers\":false}'><div class=\"swiper-wrapper\">\n<div class=\"swiper-slide wp-block-eedee-block-gutenslide is-position-center-center ed-bg-image\" style=\"--ed-vw:300;--ed-vh:190;\" data-hash=\"\"><div class=\"eedee-background-div bg-image\"><img loading=\"lazy\" width=\"706\" height=\"446\" class=\"wp-image-3736\" src=\"https:\/\/www.ringier.com\/wp-content\/uploads\/2021\/09\/Felix-Bingesser.jpg\" alt=\"\" decoding=\"async\" style=\"object-fit: cover; object-position: 50% 50%;\"  data-caption=\"Felix Bingesser, 26. September 2006, Baden\" data-title=\"Felix Bingesser, 26. September 2006, Baden\" srcset=\"https:\/\/www.ringier.com\/wp-content\/uploads\/2021\/09\/Felix-Bingesser.jpg 706w, https:\/\/www.ringier.com\/wp-content\/uploads\/2021\/09\/Felix-Bingesser-300x190.jpg 300w\" sizes=\"auto, (max-width: 706px) 100vw, 706px\" \/><div class=\"eedee-background-div__overlay\" style=\"opacity:1;\"><\/div><\/div><div class=\"slide-content\">\n\n<p class=\"has-text-align-center gutenslider-content-initial has-larger-font-size\"><\/p>\n\n<\/div><\/div>\n\n<div class=\"swiper-slide wp-block-eedee-block-gutenslide is-position-center-center ed-bg-image\" style=\"--ed-vw:300;--ed-vh:190;\" data-hash=\"\"><div class=\"eedee-background-div bg-image\"><img loading=\"lazy\" width=\"706\" height=\"446\" class=\"wp-image-3739\" src=\"https:\/\/www.ringier.com\/wp-content\/uploads\/2021\/09\/Dirk-Ruschmann.jpg\" alt=\"\" decoding=\"async\" style=\"object-fit: cover; object-position: 50% 50%;\"  data-title=\"Dirk-Ruschmann\" srcset=\"https:\/\/www.ringier.com\/wp-content\/uploads\/2021\/09\/Dirk-Ruschmann.jpg 706w, https:\/\/www.ringier.com\/wp-content\/uploads\/2021\/09\/Dirk-Ruschmann-300x190.jpg 300w\" sizes=\"auto, (max-width: 706px) 100vw, 706px\" \/><div class=\"eedee-background-div__overlay\" style=\"opacity:1;\"><\/div><\/div><div class=\"slide-content\">\n\n<p class=\"has-text-align-center gutenslider-content-initial has-larger-font-size\"><\/p>\n\n<\/div><\/div>\n\n<div class=\"swiper-slide wp-block-eedee-block-gutenslide is-position-center-center ed-bg-image\" style=\"--ed-vw:300;--ed-vh:190;\" data-hash=\"\"><div class=\"eedee-background-div bg-image\"><img loading=\"lazy\" width=\"706\" height=\"446\" class=\"wp-image-3742\" src=\"https:\/\/www.ringier.com\/wp-content\/uploads\/2021\/09\/Joel-Widmer.jpg\" alt=\"\" decoding=\"async\" style=\"object-fit: cover; object-position: 50% 50%;\"  data-caption=\"Mitarbeiter Sonntagszeitung\nBundeshaus Bern\nKolumne\n\n Joel Widmer ,Bern , M\u00e4rz 2013\n\nEsther Michel\" data-title=\"Joel-Widmer\" srcset=\"https:\/\/www.ringier.com\/wp-content\/uploads\/2021\/09\/Joel-Widmer.jpg 706w, https:\/\/www.ringier.com\/wp-content\/uploads\/2021\/09\/Joel-Widmer-300x190.jpg 300w\" sizes=\"auto, (max-width: 706px) 100vw, 706px\" \/><div class=\"eedee-background-div__overlay\" style=\"opacity:1;\"><\/div><\/div><div class=\"slide-content\">\n\n<p class=\"has-text-align-center gutenslider-content-initial has-larger-font-size\"><\/p>\n\n<\/div><\/div>\n\n<div class=\"swiper-slide wp-block-eedee-block-gutenslide is-position-center-center ed-bg-image\" style=\"--ed-vw:300;--ed-vh:190;\" data-hash=\"\"><div class=\"eedee-background-div bg-image\"><img loading=\"lazy\" width=\"706\" height=\"446\" class=\"wp-image-3745\" src=\"https:\/\/www.ringier.com\/wp-content\/uploads\/2021\/09\/Matthias-Halbeis.jpg\" alt=\"\" decoding=\"async\" style=\"object-fit: cover; object-position: 50% 50%;\"  data-caption=\"Matthias Halbeis\nMitarbeiter Sonntagszeitung\nJournalist\nOktober 2013\n\n\n\nEsther Michel\" data-title=\"Halbeis Matthias\" srcset=\"https:\/\/www.ringier.com\/wp-content\/uploads\/2021\/09\/Matthias-Halbeis.jpg 706w, https:\/\/www.ringier.com\/wp-content\/uploads\/2021\/09\/Matthias-Halbeis-300x190.jpg 300w\" sizes=\"auto, (max-width: 706px) 100vw, 706px\" \/><div class=\"eedee-background-div__overlay\" style=\"opacity:1;\"><\/div><\/div><div class=\"slide-content\">\n\n<p class=\"has-text-align-center gutenslider-content-initial has-larger-font-size\"><\/p>\n\n<\/div><\/div>\n\n<div class=\"swiper-slide wp-block-eedee-block-gutenslide is-position-center-center ed-bg-image\" style=\"--ed-vw:300;--ed-vh:190;\" data-hash=\"\"><div class=\"eedee-background-div bg-image\"><img loading=\"lazy\" width=\"706\" height=\"446\" class=\"wp-image-3733\" src=\"https:\/\/www.ringier.com\/wp-content\/uploads\/2021\/09\/Adrian-Meyer.jpg\" alt=\"\" decoding=\"async\" style=\"object-fit: cover; object-position: 50% 50%;\"  data-title=\"Adrian-Meyer\" srcset=\"https:\/\/www.ringier.com\/wp-content\/uploads\/2021\/09\/Adrian-Meyer.jpg 706w, https:\/\/www.ringier.com\/wp-content\/uploads\/2021\/09\/Adrian-Meyer-300x190.jpg 300w\" sizes=\"auto, (max-width: 706px) 100vw, 706px\" \/><div class=\"eedee-background-div__overlay\" style=\"opacity:1;\"><\/div><\/div><div class=\"slide-content\">\n\n<p class=\"has-text-align-center gutenslider-content-initial has-larger-font-size\"><\/p>\n\n<\/div><\/div>\n<\/div><\/div><button class=\"eedee-gutenslider-nav eedee-gutenslider-prev\"><svg xmlns=\"http:\/\/www.w3.org\/2000\/svg\" viewBox=\"0 0 24 24\" width=\"24\" height=\"24\"><circle class=\"bg\" cx=\"13\" cy=\"12\" r=\"11\" \/><path fill=\"none\" d=\"M0 0h24v24H0z\"\/><path class=\"arrow\" d=\"M10.828 12l4.95 4.95-1.414 1.414L8 12l6.364-6.364 1.414 1.414z\"\/><\/svg><\/button><button class=\"eedee-gutenslider-nav eedee-gutenslider-next\"><svg xmlns=\"http:\/\/www.w3.org\/2000\/svg\" viewBox=\"0 0 24 24\" width=\"24\" height=\"24\"><circle class=\"bg\" cx=\"11\" cy=\"12\" r=\"11\" \/><path fill=\"none\" d=\"M0 0h24v24H0z\"\/><path class=\"arrow\" d=\"M13.172 12l-4.95-4.95 1.414-1.414L16 12l-6.364 6.364-1.414-1.414z\"\/><\/svg><\/button><div class=\"eedee-gutenslider-pagination\"><\/div><div class=\"gutenslider-divider-bottom \" style=\"color:#fff;\"><\/div><\/div><\/div>","protected":false},"excerpt":{"rendered":"<p>Mit dem Beginn des neuen Jahres kommt es im Newsroom der Blick-Gruppe zu einigen personellen Anpassungen: Ren\u00e9 L\u00fcchinger ist als neuer Chefredaktor des Blick gestartet, das Ressort Politik bekommt neu eine Co-Leitung, der Autoren-Pool der Blick-Gruppe wird weiter ausgebaut, das Leitungsteam des SonntagsBlick wird erg\u00e4nzt und der Leiter des Sport-Ressorts wurde in den Rang eines Chefredaktors bef\u00f6rdert.<\/p>\n","protected":false},"author":23,"featured_media":3730,"comment_status":"closed","ping_status":"open","sticky":false,"template":"","format":"standard","meta":{"inline_featured_image":false,"footnotes":""},"categories":[371,361],"tags":[],"class_list":["post-3729","post","type-post","status-publish","format-standard","has-post-thumbnail","hentry","category-media-de","category-ringier-medien-schweiz"],"yoast_head":"<!-- This site is optimized with the Yoast SEO Premium plugin v27.0 (Yoast SEO v27.0) - https:\/\/yoast.com\/product\/yoast-seo-premium-wordpress\/ -->\n<title>Neue Personalien im Newsroom der Blick-Gruppe - Ringier<\/title>\n<meta name=\"robots\" content=\"index, follow, max-snippet:-1, max-image-preview:large, max-video-preview:-1\" \/>\n<link rel=\"canonical\" href=\"https:\/\/www.ringier.com\/de\/neue-personalien-im-newsroom-der-blick-gruppe\/\" \/>\n<meta property=\"og:locale\" content=\"de_DE\" \/>\n<meta property=\"og:type\" content=\"article\" \/>\n<meta property=\"og:title\" content=\"Neue Personalien im Newsroom der Blick-Gruppe\" \/>\n<meta property=\"og:description\" content=\"Mit dem Beginn des neuen Jahres kommt es im Newsroom der Blick-Gruppe zu einigen personellen Anpassungen: Ren\u00e9 L\u00fcchinger ist als neuer Chefredaktor des Blick gestartet, das Ressort Politik bekommt neu eine Co-Leitung, der Autoren-Pool der Blick-Gruppe wird weiter ausgebaut, das Leitungsteam des SonntagsBlick wird erg\u00e4nzt und der Leiter des Sport-Ressorts wurde in den Rang eines Chefredaktors bef\u00f6rdert.\" \/>\n<meta property=\"og:url\" content=\"https:\/\/www.ringier.com\/de\/neue-personalien-im-newsroom-der-blick-gruppe\/\" \/>\n<meta property=\"og:site_name\" content=\"Ringier\" \/>\n<meta property=\"article:publisher\" content=\"https:\/\/www.facebook.com\/ringierag\/\" \/>\n<meta property=\"article:published_time\" content=\"2014-01-03T16:46:00+00:00\" \/>\n<meta property=\"article:modified_time\" content=\"2024-11-27T11:24:04+00:00\" \/>\n<meta property=\"og:image\" content=\"https:\/\/www.ringier.com\/wp-content\/uploads\/2021\/09\/Blick-Brands_2014.jpg\" \/>\n\t<meta property=\"og:image:width\" content=\"550\" \/>\n\t<meta property=\"og:image:height\" content=\"260\" \/>\n\t<meta property=\"og:image:type\" content=\"image\/jpeg\" \/>\n<meta name=\"author\" content=\"Ringier Corporate Communications\" \/>\n<meta name=\"twitter:card\" content=\"summary_large_image\" \/>\n<meta name=\"twitter:creator\" content=\"@ringier_ag\" \/>\n<meta name=\"twitter:site\" content=\"@ringier_ag\" \/>\n<meta name=\"twitter:label1\" content=\"Verfasst von\" \/>\n\t<meta name=\"twitter:data1\" content=\"Ringier Corporate Communications\" \/>\n\t<meta name=\"twitter:label2\" content=\"Gesch\u00e4tzte Lesezeit\" \/>\n\t<meta name=\"twitter:data2\" content=\"2 Minuten\" \/>\n<script type=\"application\/ld+json\" class=\"yoast-schema-graph\">{\"@context\":\"https:\/\/schema.org\",\"@graph\":[{\"@type\":\"Article\",\"@id\":\"https:\/\/www.ringier.com\/de\/neue-personalien-im-newsroom-der-blick-gruppe\/#article\",\"isPartOf\":{\"@id\":\"https:\/\/www.ringier.com\/de\/neue-personalien-im-newsroom-der-blick-gruppe\/\"},\"author\":{\"name\":\"Ringier Corporate Communications\",\"@id\":\"https:\/\/www.ringier.com\/de\/#\/schema\/person\/4cf76a308dc4b2bb5121bd1e7b752e52\"},\"headline\":\"Neue Personalien im Newsroom der Blick-Gruppe\",\"datePublished\":\"2014-01-03T16:46:00+00:00\",\"dateModified\":\"2024-11-27T11:24:04+00:00\",\"mainEntityOfPage\":{\"@id\":\"https:\/\/www.ringier.com\/de\/neue-personalien-im-newsroom-der-blick-gruppe\/\"},\"wordCount\":337,\"publisher\":{\"@id\":\"https:\/\/www.ringier.com\/de\/#organization\"},\"image\":{\"@id\":\"https:\/\/www.ringier.com\/de\/neue-personalien-im-newsroom-der-blick-gruppe\/#primaryimage\"},\"thumbnailUrl\":\"https:\/\/www.ringier.com\/wp-content\/uploads\/2021\/09\/Blick-Brands_2014.jpg\",\"articleSection\":[\"Media\",\"Ringier Medien Schweiz\"],\"inLanguage\":\"de-DE\"},{\"@type\":\"WebPage\",\"@id\":\"https:\/\/www.ringier.com\/de\/neue-personalien-im-newsroom-der-blick-gruppe\/\",\"url\":\"https:\/\/www.ringier.com\/de\/neue-personalien-im-newsroom-der-blick-gruppe\/\",\"name\":\"Neue Personalien im Newsroom der Blick-Gruppe - Ringier\",\"isPartOf\":{\"@id\":\"https:\/\/www.ringier.com\/de\/#website\"},\"primaryImageOfPage\":{\"@id\":\"https:\/\/www.ringier.com\/de\/neue-personalien-im-newsroom-der-blick-gruppe\/#primaryimage\"},\"image\":{\"@id\":\"https:\/\/www.ringier.com\/de\/neue-personalien-im-newsroom-der-blick-gruppe\/#primaryimage\"},\"thumbnailUrl\":\"https:\/\/www.ringier.com\/wp-content\/uploads\/2021\/09\/Blick-Brands_2014.jpg\",\"datePublished\":\"2014-01-03T16:46:00+00:00\",\"dateModified\":\"2024-11-27T11:24:04+00:00\",\"breadcrumb\":{\"@id\":\"https:\/\/www.ringier.com\/de\/neue-personalien-im-newsroom-der-blick-gruppe\/#breadcrumb\"},\"inLanguage\":\"de-DE\",\"potentialAction\":[{\"@type\":\"ReadAction\",\"target\":[\"https:\/\/www.ringier.com\/de\/neue-personalien-im-newsroom-der-blick-gruppe\/\"]}]},{\"@type\":\"ImageObject\",\"inLanguage\":\"de-DE\",\"@id\":\"https:\/\/www.ringier.com\/de\/neue-personalien-im-newsroom-der-blick-gruppe\/#primaryimage\",\"url\":\"https:\/\/www.ringier.com\/wp-content\/uploads\/2021\/09\/Blick-Brands_2014.jpg\",\"contentUrl\":\"https:\/\/www.ringier.com\/wp-content\/uploads\/2021\/09\/Blick-Brands_2014.jpg\",\"width\":550,\"height\":260},{\"@type\":\"BreadcrumbList\",\"@id\":\"https:\/\/www.ringier.com\/de\/neue-personalien-im-newsroom-der-blick-gruppe\/#breadcrumb\",\"itemListElement\":[{\"@type\":\"ListItem\",\"position\":1,\"name\":\"Home\",\"item\":\"https:\/\/www.ringier.com\/de\/\"},{\"@type\":\"ListItem\",\"position\":2,\"name\":\"Neue Personalien im Newsroom der Blick-Gruppe\"}]},{\"@type\":\"WebSite\",\"@id\":\"https:\/\/www.ringier.com\/de\/#website\",\"url\":\"https:\/\/www.ringier.com\/de\/\",\"name\":\"Ringier\",\"description\":\"We inform. We entertain. We connect\",\"publisher\":{\"@id\":\"https:\/\/www.ringier.com\/de\/#organization\"},\"potentialAction\":[{\"@type\":\"SearchAction\",\"target\":{\"@type\":\"EntryPoint\",\"urlTemplate\":\"https:\/\/www.ringier.com\/de\/?s={search_term_string}\"},\"query-input\":{\"@type\":\"PropertyValueSpecification\",\"valueRequired\":true,\"valueName\":\"search_term_string\"}}],\"inLanguage\":\"de-DE\"},{\"@type\":\"Organization\",\"@id\":\"https:\/\/www.ringier.com\/de\/#organization\",\"name\":\"Ringier\",\"url\":\"https:\/\/www.ringier.com\/de\/\",\"logo\":{\"@type\":\"ImageObject\",\"inLanguage\":\"de-DE\",\"@id\":\"https:\/\/www.ringier.com\/de\/#\/schema\/logo\/image\/\",\"url\":\"https:\/\/www.ringier.com\/wp-content\/uploads\/2021\/10\/ringier_logo_2.jpg\",\"contentUrl\":\"https:\/\/www.ringier.com\/wp-content\/uploads\/2021\/10\/ringier_logo_2.jpg\",\"width\":750,\"height\":550,\"caption\":\"Ringier\"},\"image\":{\"@id\":\"https:\/\/www.ringier.com\/de\/#\/schema\/logo\/image\/\"},\"sameAs\":[\"https:\/\/www.facebook.com\/ringierag\/\",\"https:\/\/x.com\/ringier_ag\",\"https:\/\/www.instagram.com\/ringier_ag\/\",\"https:\/\/www.linkedin.com\/company\/ringier\/\",\"https:\/\/www.youtube.com\/user\/RingierComm\",\"https:\/\/en.wikipedia.org\/wiki\/Ringier\",\"https:\/\/de.wikipedia.org\/wiki\/Ringier\",\"https:\/\/fr.wikipedia.org\/wiki\/Ringier\",\"https:\/\/www.crunchbase.com\/organization\/ringier-ag\"]},{\"@type\":\"Person\",\"@id\":\"https:\/\/www.ringier.com\/de\/#\/schema\/person\/4cf76a308dc4b2bb5121bd1e7b752e52\",\"name\":\"Ringier Corporate Communications\",\"image\":{\"@type\":\"ImageObject\",\"inLanguage\":\"de-DE\",\"@id\":\"https:\/\/www.ringier.com\/de\/#\/schema\/person\/image\/\",\"url\":\"https:\/\/secure.gravatar.com\/avatar\/9391e20481368d5df4fe3e1e476c13b27786347489822ec1ed07e532bb41f587?s=96&d=mm&r=g\",\"contentUrl\":\"https:\/\/secure.gravatar.com\/avatar\/9391e20481368d5df4fe3e1e476c13b27786347489822ec1ed07e532bb41f587?s=96&d=mm&r=g\",\"caption\":\"Ringier Corporate Communications\"},\"sameAs\":[\"https:\/\/www.ringier.com\"]}]}<\/script>\n<!-- \/ Yoast SEO Premium plugin. -->","yoast_head_json":{"title":"Neue Personalien im Newsroom der Blick-Gruppe - Ringier","robots":{"index":"index","follow":"follow","max-snippet":"max-snippet:-1","max-image-preview":"max-image-preview:large","max-video-preview":"max-video-preview:-1"},"canonical":"https:\/\/www.ringier.com\/de\/neue-personalien-im-newsroom-der-blick-gruppe\/","og_locale":"de_DE","og_type":"article","og_title":"Neue Personalien im Newsroom der Blick-Gruppe","og_description":"Mit dem Beginn des neuen Jahres kommt es im Newsroom der Blick-Gruppe zu einigen personellen Anpassungen: Ren\u00e9 L\u00fcchinger ist als neuer Chefredaktor des Blick gestartet, das Ressort Politik bekommt neu eine Co-Leitung, der Autoren-Pool der Blick-Gruppe wird weiter ausgebaut, das Leitungsteam des SonntagsBlick wird erg\u00e4nzt und der Leiter des Sport-Ressorts wurde in den Rang eines Chefredaktors bef\u00f6rdert.","og_url":"https:\/\/www.ringier.com\/de\/neue-personalien-im-newsroom-der-blick-gruppe\/","og_site_name":"Ringier","article_publisher":"https:\/\/www.facebook.com\/ringierag\/","article_published_time":"2014-01-03T16:46:00+00:00","article_modified_time":"2024-11-27T11:24:04+00:00","og_image":[{"width":550,"height":260,"url":"https:\/\/www.ringier.com\/wp-content\/uploads\/2021\/09\/Blick-Brands_2014.jpg","type":"image\/jpeg"}],"author":"Ringier Corporate Communications","twitter_card":"summary_large_image","twitter_creator":"@ringier_ag","twitter_site":"@ringier_ag","twitter_misc":{"Verfasst von":"Ringier Corporate Communications","Gesch\u00e4tzte Lesezeit":"2 Minuten"},"schema":{"@context":"https:\/\/schema.org","@graph":[{"@type":"Article","@id":"https:\/\/www.ringier.com\/de\/neue-personalien-im-newsroom-der-blick-gruppe\/#article","isPartOf":{"@id":"https:\/\/www.ringier.com\/de\/neue-personalien-im-newsroom-der-blick-gruppe\/"},"author":{"name":"Ringier Corporate Communications","@id":"https:\/\/www.ringier.com\/de\/#\/schema\/person\/4cf76a308dc4b2bb5121bd1e7b752e52"},"headline":"Neue Personalien im Newsroom der Blick-Gruppe","datePublished":"2014-01-03T16:46:00+00:00","dateModified":"2024-11-27T11:24:04+00:00","mainEntityOfPage":{"@id":"https:\/\/www.ringier.com\/de\/neue-personalien-im-newsroom-der-blick-gruppe\/"},"wordCount":337,"publisher":{"@id":"https:\/\/www.ringier.com\/de\/#organization"},"image":{"@id":"https:\/\/www.ringier.com\/de\/neue-personalien-im-newsroom-der-blick-gruppe\/#primaryimage"},"thumbnailUrl":"https:\/\/www.ringier.com\/wp-content\/uploads\/2021\/09\/Blick-Brands_2014.jpg","articleSection":["Media","Ringier Medien Schweiz"],"inLanguage":"de-DE"},{"@type":"WebPage","@id":"https:\/\/www.ringier.com\/de\/neue-personalien-im-newsroom-der-blick-gruppe\/","url":"https:\/\/www.ringier.com\/de\/neue-personalien-im-newsroom-der-blick-gruppe\/","name":"Neue Personalien im Newsroom der Blick-Gruppe - Ringier","isPartOf":{"@id":"https:\/\/www.ringier.com\/de\/#website"},"primaryImageOfPage":{"@id":"https:\/\/www.ringier.com\/de\/neue-personalien-im-newsroom-der-blick-gruppe\/#primaryimage"},"image":{"@id":"https:\/\/www.ringier.com\/de\/neue-personalien-im-newsroom-der-blick-gruppe\/#primaryimage"},"thumbnailUrl":"https:\/\/www.ringier.com\/wp-content\/uploads\/2021\/09\/Blick-Brands_2014.jpg","datePublished":"2014-01-03T16:46:00+00:00","dateModified":"2024-11-27T11:24:04+00:00","breadcrumb":{"@id":"https:\/\/www.ringier.com\/de\/neue-personalien-im-newsroom-der-blick-gruppe\/#breadcrumb"},"inLanguage":"de-DE","potentialAction":[{"@type":"ReadAction","target":["https:\/\/www.ringier.com\/de\/neue-personalien-im-newsroom-der-blick-gruppe\/"]}]},{"@type":"ImageObject","inLanguage":"de-DE","@id":"https:\/\/www.ringier.com\/de\/neue-personalien-im-newsroom-der-blick-gruppe\/#primaryimage","url":"https:\/\/www.ringier.com\/wp-content\/uploads\/2021\/09\/Blick-Brands_2014.jpg","contentUrl":"https:\/\/www.ringier.com\/wp-content\/uploads\/2021\/09\/Blick-Brands_2014.jpg","width":550,"height":260},{"@type":"BreadcrumbList","@id":"https:\/\/www.ringier.com\/de\/neue-personalien-im-newsroom-der-blick-gruppe\/#breadcrumb","itemListElement":[{"@type":"ListItem","position":1,"name":"Home","item":"https:\/\/www.ringier.com\/de\/"},{"@type":"ListItem","position":2,"name":"Neue Personalien im Newsroom der Blick-Gruppe"}]},{"@type":"WebSite","@id":"https:\/\/www.ringier.com\/de\/#website","url":"https:\/\/www.ringier.com\/de\/","name":"Ringier","description":"We inform. We entertain. We connect","publisher":{"@id":"https:\/\/www.ringier.com\/de\/#organization"},"potentialAction":[{"@type":"SearchAction","target":{"@type":"EntryPoint","urlTemplate":"https:\/\/www.ringier.com\/de\/?s={search_term_string}"},"query-input":{"@type":"PropertyValueSpecification","valueRequired":true,"valueName":"search_term_string"}}],"inLanguage":"de-DE"},{"@type":"Organization","@id":"https:\/\/www.ringier.com\/de\/#organization","name":"Ringier","url":"https:\/\/www.ringier.com\/de\/","logo":{"@type":"ImageObject","inLanguage":"de-DE","@id":"https:\/\/www.ringier.com\/de\/#\/schema\/logo\/image\/","url":"https:\/\/www.ringier.com\/wp-content\/uploads\/2021\/10\/ringier_logo_2.jpg","contentUrl":"https:\/\/www.ringier.com\/wp-content\/uploads\/2021\/10\/ringier_logo_2.jpg","width":750,"height":550,"caption":"Ringier"},"image":{"@id":"https:\/\/www.ringier.com\/de\/#\/schema\/logo\/image\/"},"sameAs":["https:\/\/www.facebook.com\/ringierag\/","https:\/\/x.com\/ringier_ag","https:\/\/www.instagram.com\/ringier_ag\/","https:\/\/www.linkedin.com\/company\/ringier\/","https:\/\/www.youtube.com\/user\/RingierComm","https:\/\/en.wikipedia.org\/wiki\/Ringier","https:\/\/de.wikipedia.org\/wiki\/Ringier","https:\/\/fr.wikipedia.org\/wiki\/Ringier","https:\/\/www.crunchbase.com\/organization\/ringier-ag"]},{"@type":"Person","@id":"https:\/\/www.ringier.com\/de\/#\/schema\/person\/4cf76a308dc4b2bb5121bd1e7b752e52","name":"Ringier Corporate Communications","image":{"@type":"ImageObject","inLanguage":"de-DE","@id":"https:\/\/www.ringier.com\/de\/#\/schema\/person\/image\/","url":"https:\/\/secure.gravatar.com\/avatar\/9391e20481368d5df4fe3e1e476c13b27786347489822ec1ed07e532bb41f587?s=96&d=mm&r=g","contentUrl":"https:\/\/secure.gravatar.com\/avatar\/9391e20481368d5df4fe3e1e476c13b27786347489822ec1ed07e532bb41f587?s=96&d=mm&r=g","caption":"Ringier Corporate Communications"},"sameAs":["https:\/\/www.ringier.com"]}]}},"_links":{"self":[{"href":"https:\/\/www.ringier.com\/de\/wp-json\/wp\/v2\/posts\/3729","targetHints":{"allow":["GET"]}}],"collection":[{"href":"https:\/\/www.ringier.com\/de\/wp-json\/wp\/v2\/posts"}],"about":[{"href":"https:\/\/www.ringier.com\/de\/wp-json\/wp\/v2\/types\/post"}],"author":[{"embeddable":true,"href":"https:\/\/www.ringier.com\/de\/wp-json\/wp\/v2\/users\/23"}],"replies":[{"embeddable":true,"href":"https:\/\/www.ringier.com\/de\/wp-json\/wp\/v2\/comments?post=3729"}],"version-history":[{"count":0,"href":"https:\/\/www.ringier.com\/de\/wp-json\/wp\/v2\/posts\/3729\/revisions"}],"wp:featuredmedia":[{"embeddable":true,"href":"https:\/\/www.ringier.com\/de\/wp-json\/wp\/v2\/media\/3730"}],"wp:attachment":[{"href":"https:\/\/www.ringier.com\/de\/wp-json\/wp\/v2\/media?parent=3729"}],"wp:term":[{"taxonomy":"category","embeddable":true,"href":"https:\/\/www.ringier.com\/de\/wp-json\/wp\/v2\/categories?post=3729"},{"taxonomy":"post_tag","embeddable":true,"href":"https:\/\/www.ringier.com\/de\/wp-json\/wp\/v2\/tags?post=3729"}],"curies":[{"name":"wp","href":"https:\/\/api.w.org\/{rel}","templated":true}]}}