{"id":350,"date":"2019-11-11T15:09:00","date_gmt":"2019-11-11T14:09:00","guid":{"rendered":"https:\/\/www.ringier.com\/?p=350"},"modified":"2024-11-19T14:17:17","modified_gmt":"2024-11-19T13:17:17","slug":"thetalkthestudio-von-helvetia-versicherungen-und-ringier-lea-von-bidder-man-muss-fest-an-seine-ideen-glauben","status":"publish","type":"post","link":"https:\/\/www.ringier.com\/de\/thetalkthestudio-von-helvetia-versicherungen-und-ringier-lea-von-bidder-man-muss-fest-an-seine-ideen-glauben\/","title":{"rendered":"TheTalk@TheStudio von Helvetia Versicherungen und Ringier | Lea von Bidder: \u00abMan muss fest an seine Ideen glauben.\u00bb"},"content":{"rendered":"\n<p>Lea von Bidder kommt aus Z\u00fcrich und studierte an verschie\u00addenen Universit\u00e4ten, unter anderem in St. Gallen, China und den USA. Bereits in jungen Jahren schnupperte sie Unternehmerinnenluft und gr\u00fcndete mit 22 Jahren ihr erstes Start-up: eine Schokoladenmanufaktur im indischen Bangalore. 2014 baute sie zusammen mit drei anderen Jungunternehmern die Firma Ava auf, die 2016 ein Fruchtbarkeits-Tracking Armband f\u00fcr Frauen mit Kinderwunsch lancierte. Aktuell ist Lea von Bidder bei Ava Marketingchefin und leitet in San Francisco das US-Gesch\u00e4ft. Per 1. Januar 2020 wird sie als CEO das Unternehmen vom Z\u00fcrcher Hauptsitz aus f\u00fchren. Lea von Bidder geh\u00f6rt zu den bekanntesten Start-up-Gr\u00fcnderinnen in der Schweiz und hat f\u00fcr ihre Arbeit in den letzten Jahren viele Auszeichnungen und Preise erhalten. Beispielsweise setzte 2017 das US-Wirtschaftsmagazin \u00abForbes\u00bb Lea von Bidder auf die Liste der wichtigsten 30 Jungunternehmer unter 30.<\/p>\n\n\n\n<p>Im Gespr\u00e4ch mit Christine Maier erz\u00e4hlt Lea von Bidder, was es braucht, um als junge Frau in der Start-up-Szene erfolgreich zu sein, was sie von Frauenquoten h\u00e4lt und was sie antreibt.<\/p>\n\n\n\n<p>Die Teilnahme an der Veranstaltung erfolgt auf pers\u00f6nliche Einladung. Verfolgen Sie ab 19.15 Uhr den Livestream des Gespr\u00e4chs&nbsp;<a href=\"https:\/\/players.brightcove.net\/4772533039001\/1yspMozf6_default\/index.html?videoId=6086680836001\">hier<\/a>&nbsp;oder auf unseren Social-Media-Kan\u00e4len:<\/p>\n\n\n\n<p>Helvetia:<\/p>\n\n\n\n<p><a href=\"https:\/\/www.facebook.com\/helvetia.versicherungen.schweiz\/\">Facebook<\/a><\/p>\n\n\n\n<p><a href=\"https:\/\/twitter.com\/helvetia\">Twitter<\/a><\/p>\n\n\n\n<p><a href=\"https:\/\/www.instagram.com\/helvetia.schweiz\/\">Instagram<\/a><\/p>\n\n\n\n<p><a href=\"https:\/\/ch.linkedin.com\/company\/helvetia-versicherungen-schweiz\">Linkedin<\/a><\/p>\n\n\n\n<p><a href=\"https:\/\/www.helvetia.com\/ch\/web\/de\/ueber-uns\/blog-und-news\/stories\/neuste-stories.html?rid=stories\">Helvetia Stories<\/a><\/p>\n\n\n\n<p>Ringier:<\/p>\n\n\n\n<p><a href=\"http:\/\/www.blick.ch\/\"><em>Blick.ch<\/em><\/a><\/p>\n\n\n\n<p><a href=\"https:\/\/es-la.facebook.com\/pg\/blick\/posts\/?ref=page_internal\">Facebook<\/a><\/p>\n\n\n\n<p>Lea von Bidder ist der sechste und letzte Gast der Reihe \u00abTheTalk@TheStudio\u00bb im Jahr 2019. Das Format wird von Helvetia und Ringier organisiert und findet im gleichnamigen Caf\u00e9 \u00abThe Studio\u00bb im Ringier Pressehaus in Z\u00fcrich statt.<\/p>\n\n\n\n<p>Ringier AG, Corporate Communications<\/p>\n","protected":false},"excerpt":{"rendered":"<p>Heute Abend ist Lea von Bidder Gast bei der Gespr\u00e4chsreihe \u00abTheTalk@TheStudio\u00bb von Helvetia Versicherungen und Ringier. In diesem Jahr findet das Format sechsmal statt und l\u00e4dt hochkar\u00e4tige Gastreferenten ins Caf\u00e9 \u00abThe Studio\u00bb im Ringier Pressehaus. Auf Blick.ch wird der Talk live \u00fcbertragen. <\/p>\n","protected":false},"author":23,"featured_media":351,"comment_status":"closed","ping_status":"open","sticky":false,"template":"","format":"standard","meta":{"inline_featured_image":false,"footnotes":""},"categories":[44,361],"tags":[],"class_list":["post-350","post","type-post","status-publish","format-standard","has-post-thumbnail","hentry","category-corporate-de","category-ringier-medien-schweiz"],"yoast_head":"<!-- This site is optimized with the Yoast SEO Premium plugin v27.0 (Yoast SEO v27.0) - https:\/\/yoast.com\/product\/yoast-seo-premium-wordpress\/ -->\n<title>TheTalk@TheStudio von Helvetia Versicherungen und Ringier | Lea von Bidder: \u00abMan muss fest an seine Ideen glauben.\u00bb - Ringier<\/title>\n<meta name=\"robots\" content=\"index, follow, max-snippet:-1, max-image-preview:large, max-video-preview:-1\" \/>\n<link rel=\"canonical\" href=\"https:\/\/www.ringier.com\/de\/thetalkthestudio-von-helvetia-versicherungen-und-ringier-lea-von-bidder-man-muss-fest-an-seine-ideen-glauben\/\" \/>\n<meta property=\"og:locale\" content=\"de_DE\" \/>\n<meta property=\"og:type\" content=\"article\" \/>\n<meta property=\"og:title\" content=\"TheTalk@TheStudio von Helvetia Versicherungen und Ringier | Lea von Bidder: \u00abMan muss fest an seine Ideen glauben.\u00bb\" \/>\n<meta property=\"og:description\" content=\"Heute Abend ist Lea von Bidder Gast bei der Gespr\u00e4chsreihe \u00abTheTalk@TheStudio\u00bb von Helvetia Versicherungen und Ringier. In diesem Jahr findet das Format sechsmal statt und l\u00e4dt hochkar\u00e4tige Gastreferenten ins Caf\u00e9 \u00abThe Studio\u00bb im Ringier Pressehaus. Auf Blick.ch wird der Talk live \u00fcbertragen.\" \/>\n<meta property=\"og:url\" content=\"https:\/\/www.ringier.com\/de\/thetalkthestudio-von-helvetia-versicherungen-und-ringier-lea-von-bidder-man-muss-fest-an-seine-ideen-glauben\/\" \/>\n<meta property=\"og:site_name\" content=\"Ringier\" \/>\n<meta property=\"article:publisher\" content=\"https:\/\/www.facebook.com\/ringierag\/\" \/>\n<meta property=\"article:published_time\" content=\"2019-11-11T14:09:00+00:00\" \/>\n<meta property=\"article:modified_time\" content=\"2024-11-19T13:17:17+00:00\" \/>\n<meta property=\"og:image\" content=\"https:\/\/www.ringier.com\/wp-content\/uploads\/2021\/08\/Portrat-Lea-Von-Bidder.jpg\" \/>\n\t<meta property=\"og:image:width\" content=\"2000\" \/>\n\t<meta property=\"og:image:height\" content=\"1333\" \/>\n\t<meta property=\"og:image:type\" content=\"image\/jpeg\" \/>\n<meta name=\"author\" content=\"Ringier Corporate Communications\" \/>\n<meta name=\"twitter:card\" content=\"summary_large_image\" \/>\n<meta name=\"twitter:creator\" content=\"@ringier_ag\" \/>\n<meta name=\"twitter:site\" content=\"@ringier_ag\" \/>\n<meta name=\"twitter:label1\" content=\"Verfasst von\" \/>\n\t<meta name=\"twitter:data1\" content=\"Ringier Corporate Communications\" \/>\n\t<meta name=\"twitter:label2\" content=\"Gesch\u00e4tzte Lesezeit\" \/>\n\t<meta name=\"twitter:data2\" content=\"2 Minuten\" \/>\n<script type=\"application\/ld+json\" class=\"yoast-schema-graph\">{\"@context\":\"https:\/\/schema.org\",\"@graph\":[{\"@type\":\"Article\",\"@id\":\"https:\/\/www.ringier.com\/de\/thetalkthestudio-von-helvetia-versicherungen-und-ringier-lea-von-bidder-man-muss-fest-an-seine-ideen-glauben\/#article\",\"isPartOf\":{\"@id\":\"https:\/\/www.ringier.com\/de\/thetalkthestudio-von-helvetia-versicherungen-und-ringier-lea-von-bidder-man-muss-fest-an-seine-ideen-glauben\/\"},\"author\":{\"name\":\"Ringier Corporate Communications\",\"@id\":\"https:\/\/www.ringier.com\/de\/#\/schema\/person\/4cf76a308dc4b2bb5121bd1e7b752e52\"},\"headline\":\"TheTalk@TheStudio von Helvetia Versicherungen und Ringier | Lea von Bidder: \u00abMan muss fest an seine Ideen glauben.\u00bb\",\"datePublished\":\"2019-11-11T14:09:00+00:00\",\"dateModified\":\"2024-11-19T13:17:17+00:00\",\"mainEntityOfPage\":{\"@id\":\"https:\/\/www.ringier.com\/de\/thetalkthestudio-von-helvetia-versicherungen-und-ringier-lea-von-bidder-man-muss-fest-an-seine-ideen-glauben\/\"},\"wordCount\":268,\"publisher\":{\"@id\":\"https:\/\/www.ringier.com\/de\/#organization\"},\"image\":{\"@id\":\"https:\/\/www.ringier.com\/de\/thetalkthestudio-von-helvetia-versicherungen-und-ringier-lea-von-bidder-man-muss-fest-an-seine-ideen-glauben\/#primaryimage\"},\"thumbnailUrl\":\"https:\/\/www.ringier.com\/wp-content\/uploads\/2021\/08\/Portrat-Lea-Von-Bidder.jpg\",\"articleSection\":[\"Corporate\",\"Ringier Medien Schweiz\"],\"inLanguage\":\"de-DE\"},{\"@type\":\"WebPage\",\"@id\":\"https:\/\/www.ringier.com\/de\/thetalkthestudio-von-helvetia-versicherungen-und-ringier-lea-von-bidder-man-muss-fest-an-seine-ideen-glauben\/\",\"url\":\"https:\/\/www.ringier.com\/de\/thetalkthestudio-von-helvetia-versicherungen-und-ringier-lea-von-bidder-man-muss-fest-an-seine-ideen-glauben\/\",\"name\":\"TheTalk@TheStudio von Helvetia Versicherungen und Ringier | Lea von Bidder: \u00abMan muss fest an seine Ideen glauben.\u00bb - Ringier\",\"isPartOf\":{\"@id\":\"https:\/\/www.ringier.com\/de\/#website\"},\"primaryImageOfPage\":{\"@id\":\"https:\/\/www.ringier.com\/de\/thetalkthestudio-von-helvetia-versicherungen-und-ringier-lea-von-bidder-man-muss-fest-an-seine-ideen-glauben\/#primaryimage\"},\"image\":{\"@id\":\"https:\/\/www.ringier.com\/de\/thetalkthestudio-von-helvetia-versicherungen-und-ringier-lea-von-bidder-man-muss-fest-an-seine-ideen-glauben\/#primaryimage\"},\"thumbnailUrl\":\"https:\/\/www.ringier.com\/wp-content\/uploads\/2021\/08\/Portrat-Lea-Von-Bidder.jpg\",\"datePublished\":\"2019-11-11T14:09:00+00:00\",\"dateModified\":\"2024-11-19T13:17:17+00:00\",\"breadcrumb\":{\"@id\":\"https:\/\/www.ringier.com\/de\/thetalkthestudio-von-helvetia-versicherungen-und-ringier-lea-von-bidder-man-muss-fest-an-seine-ideen-glauben\/#breadcrumb\"},\"inLanguage\":\"de-DE\",\"potentialAction\":[{\"@type\":\"ReadAction\",\"target\":[\"https:\/\/www.ringier.com\/de\/thetalkthestudio-von-helvetia-versicherungen-und-ringier-lea-von-bidder-man-muss-fest-an-seine-ideen-glauben\/\"]}]},{\"@type\":\"ImageObject\",\"inLanguage\":\"de-DE\",\"@id\":\"https:\/\/www.ringier.com\/de\/thetalkthestudio-von-helvetia-versicherungen-und-ringier-lea-von-bidder-man-muss-fest-an-seine-ideen-glauben\/#primaryimage\",\"url\":\"https:\/\/www.ringier.com\/wp-content\/uploads\/2021\/08\/Portrat-Lea-Von-Bidder.jpg\",\"contentUrl\":\"https:\/\/www.ringier.com\/wp-content\/uploads\/2021\/08\/Portrat-Lea-Von-Bidder.jpg\",\"width\":2000,\"height\":1333,\"caption\":\"Wearing the new design of the Ava Women bracelet. which helps to conceive with the most advanced fertility and ovulation tracker.\"},{\"@type\":\"BreadcrumbList\",\"@id\":\"https:\/\/www.ringier.com\/de\/thetalkthestudio-von-helvetia-versicherungen-und-ringier-lea-von-bidder-man-muss-fest-an-seine-ideen-glauben\/#breadcrumb\",\"itemListElement\":[{\"@type\":\"ListItem\",\"position\":1,\"name\":\"Home\",\"item\":\"https:\/\/www.ringier.com\/de\/\"},{\"@type\":\"ListItem\",\"position\":2,\"name\":\"TheTalk@TheStudio von Helvetia Versicherungen und Ringier | Lea von Bidder: \u00abMan muss fest an seine Ideen glauben.\u00bb\"}]},{\"@type\":\"WebSite\",\"@id\":\"https:\/\/www.ringier.com\/de\/#website\",\"url\":\"https:\/\/www.ringier.com\/de\/\",\"name\":\"Ringier\",\"description\":\"We inform. We entertain. We connect\",\"publisher\":{\"@id\":\"https:\/\/www.ringier.com\/de\/#organization\"},\"potentialAction\":[{\"@type\":\"SearchAction\",\"target\":{\"@type\":\"EntryPoint\",\"urlTemplate\":\"https:\/\/www.ringier.com\/de\/?s={search_term_string}\"},\"query-input\":{\"@type\":\"PropertyValueSpecification\",\"valueRequired\":true,\"valueName\":\"search_term_string\"}}],\"inLanguage\":\"de-DE\"},{\"@type\":\"Organization\",\"@id\":\"https:\/\/www.ringier.com\/de\/#organization\",\"name\":\"Ringier\",\"url\":\"https:\/\/www.ringier.com\/de\/\",\"logo\":{\"@type\":\"ImageObject\",\"inLanguage\":\"de-DE\",\"@id\":\"https:\/\/www.ringier.com\/de\/#\/schema\/logo\/image\/\",\"url\":\"https:\/\/www.ringier.com\/wp-content\/uploads\/2021\/10\/ringier_logo_2.jpg\",\"contentUrl\":\"https:\/\/www.ringier.com\/wp-content\/uploads\/2021\/10\/ringier_logo_2.jpg\",\"width\":750,\"height\":550,\"caption\":\"Ringier\"},\"image\":{\"@id\":\"https:\/\/www.ringier.com\/de\/#\/schema\/logo\/image\/\"},\"sameAs\":[\"https:\/\/www.facebook.com\/ringierag\/\",\"https:\/\/x.com\/ringier_ag\",\"https:\/\/www.instagram.com\/ringier_ag\/\",\"https:\/\/www.linkedin.com\/company\/ringier\/\",\"https:\/\/www.youtube.com\/user\/RingierComm\",\"https:\/\/en.wikipedia.org\/wiki\/Ringier\",\"https:\/\/de.wikipedia.org\/wiki\/Ringier\",\"https:\/\/fr.wikipedia.org\/wiki\/Ringier\",\"https:\/\/www.crunchbase.com\/organization\/ringier-ag\"]},{\"@type\":\"Person\",\"@id\":\"https:\/\/www.ringier.com\/de\/#\/schema\/person\/4cf76a308dc4b2bb5121bd1e7b752e52\",\"name\":\"Ringier Corporate Communications\",\"image\":{\"@type\":\"ImageObject\",\"inLanguage\":\"de-DE\",\"@id\":\"https:\/\/www.ringier.com\/de\/#\/schema\/person\/image\/\",\"url\":\"https:\/\/secure.gravatar.com\/avatar\/9391e20481368d5df4fe3e1e476c13b27786347489822ec1ed07e532bb41f587?s=96&d=mm&r=g\",\"contentUrl\":\"https:\/\/secure.gravatar.com\/avatar\/9391e20481368d5df4fe3e1e476c13b27786347489822ec1ed07e532bb41f587?s=96&d=mm&r=g\",\"caption\":\"Ringier Corporate Communications\"},\"sameAs\":[\"https:\/\/www.ringier.com\"]}]}<\/script>\n<!-- \/ Yoast SEO Premium plugin. -->","yoast_head_json":{"title":"TheTalk@TheStudio von Helvetia Versicherungen und Ringier | Lea von Bidder: \u00abMan muss fest an seine Ideen glauben.\u00bb - Ringier","robots":{"index":"index","follow":"follow","max-snippet":"max-snippet:-1","max-image-preview":"max-image-preview:large","max-video-preview":"max-video-preview:-1"},"canonical":"https:\/\/www.ringier.com\/de\/thetalkthestudio-von-helvetia-versicherungen-und-ringier-lea-von-bidder-man-muss-fest-an-seine-ideen-glauben\/","og_locale":"de_DE","og_type":"article","og_title":"TheTalk@TheStudio von Helvetia Versicherungen und Ringier | Lea von Bidder: \u00abMan muss fest an seine Ideen glauben.\u00bb","og_description":"Heute Abend ist Lea von Bidder Gast bei der Gespr\u00e4chsreihe \u00abTheTalk@TheStudio\u00bb von Helvetia Versicherungen und Ringier. In diesem Jahr findet das Format sechsmal statt und l\u00e4dt hochkar\u00e4tige Gastreferenten ins Caf\u00e9 \u00abThe Studio\u00bb im Ringier Pressehaus. Auf Blick.ch wird der Talk live \u00fcbertragen.","og_url":"https:\/\/www.ringier.com\/de\/thetalkthestudio-von-helvetia-versicherungen-und-ringier-lea-von-bidder-man-muss-fest-an-seine-ideen-glauben\/","og_site_name":"Ringier","article_publisher":"https:\/\/www.facebook.com\/ringierag\/","article_published_time":"2019-11-11T14:09:00+00:00","article_modified_time":"2024-11-19T13:17:17+00:00","og_image":[{"width":2000,"height":1333,"url":"https:\/\/www.ringier.com\/wp-content\/uploads\/2021\/08\/Portrat-Lea-Von-Bidder.jpg","type":"image\/jpeg"}],"author":"Ringier Corporate Communications","twitter_card":"summary_large_image","twitter_creator":"@ringier_ag","twitter_site":"@ringier_ag","twitter_misc":{"Verfasst von":"Ringier Corporate Communications","Gesch\u00e4tzte Lesezeit":"2 Minuten"},"schema":{"@context":"https:\/\/schema.org","@graph":[{"@type":"Article","@id":"https:\/\/www.ringier.com\/de\/thetalkthestudio-von-helvetia-versicherungen-und-ringier-lea-von-bidder-man-muss-fest-an-seine-ideen-glauben\/#article","isPartOf":{"@id":"https:\/\/www.ringier.com\/de\/thetalkthestudio-von-helvetia-versicherungen-und-ringier-lea-von-bidder-man-muss-fest-an-seine-ideen-glauben\/"},"author":{"name":"Ringier Corporate Communications","@id":"https:\/\/www.ringier.com\/de\/#\/schema\/person\/4cf76a308dc4b2bb5121bd1e7b752e52"},"headline":"TheTalk@TheStudio von Helvetia Versicherungen und Ringier | Lea von Bidder: \u00abMan muss fest an seine Ideen glauben.\u00bb","datePublished":"2019-11-11T14:09:00+00:00","dateModified":"2024-11-19T13:17:17+00:00","mainEntityOfPage":{"@id":"https:\/\/www.ringier.com\/de\/thetalkthestudio-von-helvetia-versicherungen-und-ringier-lea-von-bidder-man-muss-fest-an-seine-ideen-glauben\/"},"wordCount":268,"publisher":{"@id":"https:\/\/www.ringier.com\/de\/#organization"},"image":{"@id":"https:\/\/www.ringier.com\/de\/thetalkthestudio-von-helvetia-versicherungen-und-ringier-lea-von-bidder-man-muss-fest-an-seine-ideen-glauben\/#primaryimage"},"thumbnailUrl":"https:\/\/www.ringier.com\/wp-content\/uploads\/2021\/08\/Portrat-Lea-Von-Bidder.jpg","articleSection":["Corporate","Ringier Medien Schweiz"],"inLanguage":"de-DE"},{"@type":"WebPage","@id":"https:\/\/www.ringier.com\/de\/thetalkthestudio-von-helvetia-versicherungen-und-ringier-lea-von-bidder-man-muss-fest-an-seine-ideen-glauben\/","url":"https:\/\/www.ringier.com\/de\/thetalkthestudio-von-helvetia-versicherungen-und-ringier-lea-von-bidder-man-muss-fest-an-seine-ideen-glauben\/","name":"TheTalk@TheStudio von Helvetia Versicherungen und Ringier | Lea von Bidder: \u00abMan muss fest an seine Ideen glauben.\u00bb - Ringier","isPartOf":{"@id":"https:\/\/www.ringier.com\/de\/#website"},"primaryImageOfPage":{"@id":"https:\/\/www.ringier.com\/de\/thetalkthestudio-von-helvetia-versicherungen-und-ringier-lea-von-bidder-man-muss-fest-an-seine-ideen-glauben\/#primaryimage"},"image":{"@id":"https:\/\/www.ringier.com\/de\/thetalkthestudio-von-helvetia-versicherungen-und-ringier-lea-von-bidder-man-muss-fest-an-seine-ideen-glauben\/#primaryimage"},"thumbnailUrl":"https:\/\/www.ringier.com\/wp-content\/uploads\/2021\/08\/Portrat-Lea-Von-Bidder.jpg","datePublished":"2019-11-11T14:09:00+00:00","dateModified":"2024-11-19T13:17:17+00:00","breadcrumb":{"@id":"https:\/\/www.ringier.com\/de\/thetalkthestudio-von-helvetia-versicherungen-und-ringier-lea-von-bidder-man-muss-fest-an-seine-ideen-glauben\/#breadcrumb"},"inLanguage":"de-DE","potentialAction":[{"@type":"ReadAction","target":["https:\/\/www.ringier.com\/de\/thetalkthestudio-von-helvetia-versicherungen-und-ringier-lea-von-bidder-man-muss-fest-an-seine-ideen-glauben\/"]}]},{"@type":"ImageObject","inLanguage":"de-DE","@id":"https:\/\/www.ringier.com\/de\/thetalkthestudio-von-helvetia-versicherungen-und-ringier-lea-von-bidder-man-muss-fest-an-seine-ideen-glauben\/#primaryimage","url":"https:\/\/www.ringier.com\/wp-content\/uploads\/2021\/08\/Portrat-Lea-Von-Bidder.jpg","contentUrl":"https:\/\/www.ringier.com\/wp-content\/uploads\/2021\/08\/Portrat-Lea-Von-Bidder.jpg","width":2000,"height":1333,"caption":"Wearing the new design of the Ava Women bracelet. which helps to conceive with the most advanced fertility and ovulation tracker."},{"@type":"BreadcrumbList","@id":"https:\/\/www.ringier.com\/de\/thetalkthestudio-von-helvetia-versicherungen-und-ringier-lea-von-bidder-man-muss-fest-an-seine-ideen-glauben\/#breadcrumb","itemListElement":[{"@type":"ListItem","position":1,"name":"Home","item":"https:\/\/www.ringier.com\/de\/"},{"@type":"ListItem","position":2,"name":"TheTalk@TheStudio von Helvetia Versicherungen und Ringier | Lea von Bidder: \u00abMan muss fest an seine Ideen glauben.\u00bb"}]},{"@type":"WebSite","@id":"https:\/\/www.ringier.com\/de\/#website","url":"https:\/\/www.ringier.com\/de\/","name":"Ringier","description":"We inform. We entertain. We connect","publisher":{"@id":"https:\/\/www.ringier.com\/de\/#organization"},"potentialAction":[{"@type":"SearchAction","target":{"@type":"EntryPoint","urlTemplate":"https:\/\/www.ringier.com\/de\/?s={search_term_string}"},"query-input":{"@type":"PropertyValueSpecification","valueRequired":true,"valueName":"search_term_string"}}],"inLanguage":"de-DE"},{"@type":"Organization","@id":"https:\/\/www.ringier.com\/de\/#organization","name":"Ringier","url":"https:\/\/www.ringier.com\/de\/","logo":{"@type":"ImageObject","inLanguage":"de-DE","@id":"https:\/\/www.ringier.com\/de\/#\/schema\/logo\/image\/","url":"https:\/\/www.ringier.com\/wp-content\/uploads\/2021\/10\/ringier_logo_2.jpg","contentUrl":"https:\/\/www.ringier.com\/wp-content\/uploads\/2021\/10\/ringier_logo_2.jpg","width":750,"height":550,"caption":"Ringier"},"image":{"@id":"https:\/\/www.ringier.com\/de\/#\/schema\/logo\/image\/"},"sameAs":["https:\/\/www.facebook.com\/ringierag\/","https:\/\/x.com\/ringier_ag","https:\/\/www.instagram.com\/ringier_ag\/","https:\/\/www.linkedin.com\/company\/ringier\/","https:\/\/www.youtube.com\/user\/RingierComm","https:\/\/en.wikipedia.org\/wiki\/Ringier","https:\/\/de.wikipedia.org\/wiki\/Ringier","https:\/\/fr.wikipedia.org\/wiki\/Ringier","https:\/\/www.crunchbase.com\/organization\/ringier-ag"]},{"@type":"Person","@id":"https:\/\/www.ringier.com\/de\/#\/schema\/person\/4cf76a308dc4b2bb5121bd1e7b752e52","name":"Ringier Corporate Communications","image":{"@type":"ImageObject","inLanguage":"de-DE","@id":"https:\/\/www.ringier.com\/de\/#\/schema\/person\/image\/","url":"https:\/\/secure.gravatar.com\/avatar\/9391e20481368d5df4fe3e1e476c13b27786347489822ec1ed07e532bb41f587?s=96&d=mm&r=g","contentUrl":"https:\/\/secure.gravatar.com\/avatar\/9391e20481368d5df4fe3e1e476c13b27786347489822ec1ed07e532bb41f587?s=96&d=mm&r=g","caption":"Ringier Corporate Communications"},"sameAs":["https:\/\/www.ringier.com"]}]}},"_links":{"self":[{"href":"https:\/\/www.ringier.com\/de\/wp-json\/wp\/v2\/posts\/350","targetHints":{"allow":["GET"]}}],"collection":[{"href":"https:\/\/www.ringier.com\/de\/wp-json\/wp\/v2\/posts"}],"about":[{"href":"https:\/\/www.ringier.com\/de\/wp-json\/wp\/v2\/types\/post"}],"author":[{"embeddable":true,"href":"https:\/\/www.ringier.com\/de\/wp-json\/wp\/v2\/users\/23"}],"replies":[{"embeddable":true,"href":"https:\/\/www.ringier.com\/de\/wp-json\/wp\/v2\/comments?post=350"}],"version-history":[{"count":0,"href":"https:\/\/www.ringier.com\/de\/wp-json\/wp\/v2\/posts\/350\/revisions"}],"wp:featuredmedia":[{"embeddable":true,"href":"https:\/\/www.ringier.com\/de\/wp-json\/wp\/v2\/media\/351"}],"wp:attachment":[{"href":"https:\/\/www.ringier.com\/de\/wp-json\/wp\/v2\/media?parent=350"}],"wp:term":[{"taxonomy":"category","embeddable":true,"href":"https:\/\/www.ringier.com\/de\/wp-json\/wp\/v2\/categories?post=350"},{"taxonomy":"post_tag","embeddable":true,"href":"https:\/\/www.ringier.com\/de\/wp-json\/wp\/v2\/tags?post=350"}],"curies":[{"name":"wp","href":"https:\/\/api.w.org\/{rel}","templated":true}]}}