{"id":3399,"date":"2016-09-30T15:35:00","date_gmt":"2016-09-30T13:35:00","guid":{"rendered":"https:\/\/www.ringier.com\/?p=3399"},"modified":"2024-11-22T14:03:37","modified_gmt":"2024-11-22T13:03:37","slug":"roelof-konterman-neu-im-verwaltungsrat-der-scout24-schweiz-ag","status":"publish","type":"post","link":"https:\/\/www.ringier.com\/de\/roelof-konterman-neu-im-verwaltungsrat-der-scout24-schweiz-ag\/","title":{"rendered":"Roelof Konterman neu im Verwaltungsrat der Scout24 Schweiz AG"},"content":{"rendered":"\n<p>Roelof Konterman ist ein ausgewiesener Experte im Versicherungsgesch\u00e4ft. Er arbeitet seit \u00fcber dreissig Jahren in verschiedenen Positionen f\u00fcr die in Holland ans\u00e4ssige international t\u00e4tige Versicherungsgesellschaft Achmea. Seit April 2015 als stellvertretender Pr\u00e4sident des Executive Board. Er amtet zus\u00e4tzlich in diversen Vorst\u00e4nden in der Versicherungsbranche. Unter anderem als Chairman von Eureko Sigorta, eine auf &#8222;non-life&#8220; Versicherungen spezialisierte Tochtergesellschaft von Achmea.<br>&nbsp;<br>Die Scout24 Schweiz AG ist das f\u00fchrende Netzwerk von Online-Marktpl\u00e4tzen f\u00fcr Fahrzeuge, Immobilien und Kleinanzeigen. Das Unternehmen mit Sitz in Flamatt befindet sich im Besitz der Ringier Digital AG (50%) und der Schweizer Versicherungsgesellschaft Die Mobiliar (50%).<\/p>\n\n\n\n<p>Corporate Communications, Ringier AG<\/p>\n","protected":false},"excerpt":{"rendered":"<p>An der Verwaltungsratssitzung vom September 2016 wurde Roelof Konterman zum Mitglied des Verwaltungsrates der Scout24 Schweiz AG ernannt. Der Verwaltungsrat wird wie bisher von Marc Walder, CEO Ringier AG, pr\u00e4sidiert. Weiterhin im Gremium bleiben Markus Hongler, CEO der Mobiliar, Thomas Kaiser, CEO Ringier Digital, Daniel Grossen, Mitbegr\u00fcnder Scout24 Schweiz AG, und Michel Gicot, Leiter Unternehmensentwicklung der Mobiliar. Mit der Besetzung der sechsten VR-Position durch Roelof Konterman ist der Verwaltungsrat nun komplett. <\/p>\n","protected":false},"author":23,"featured_media":3400,"comment_status":"closed","ping_status":"open","sticky":false,"template":"","format":"standard","meta":{"inline_featured_image":false,"footnotes":""},"categories":[376],"tags":[],"class_list":["post-3399","post","type-post","status-publish","format-standard","has-post-thumbnail","hentry","category-marketplaces-de"],"yoast_head":"<!-- This site is optimized with the Yoast SEO Premium plugin v27.0 (Yoast SEO v27.0) - https:\/\/yoast.com\/product\/yoast-seo-premium-wordpress\/ -->\n<title>Roelof Konterman neu im Verwaltungsrat der Scout24 Schweiz AG - Ringier<\/title>\n<meta name=\"robots\" content=\"index, follow, max-snippet:-1, max-image-preview:large, max-video-preview:-1\" \/>\n<link rel=\"canonical\" href=\"https:\/\/www.ringier.com\/de\/roelof-konterman-neu-im-verwaltungsrat-der-scout24-schweiz-ag\/\" \/>\n<meta property=\"og:locale\" content=\"de_DE\" \/>\n<meta property=\"og:type\" content=\"article\" \/>\n<meta property=\"og:title\" content=\"Roelof Konterman neu im Verwaltungsrat der Scout24 Schweiz AG\" \/>\n<meta property=\"og:description\" content=\"An der Verwaltungsratssitzung vom September 2016 wurde Roelof Konterman zum Mitglied des Verwaltungsrates der Scout24 Schweiz AG ernannt. Der Verwaltungsrat wird wie bisher von Marc Walder, CEO Ringier AG, pr\u00e4sidiert. Weiterhin im Gremium bleiben Markus Hongler, CEO der Mobiliar, Thomas Kaiser, CEO Ringier Digital, Daniel Grossen, Mitbegr\u00fcnder Scout24 Schweiz AG, und Michel Gicot, Leiter Unternehmensentwicklung der Mobiliar. Mit der Besetzung der sechsten VR-Position durch Roelof Konterman ist der Verwaltungsrat nun komplett.\" \/>\n<meta property=\"og:url\" content=\"https:\/\/www.ringier.com\/de\/roelof-konterman-neu-im-verwaltungsrat-der-scout24-schweiz-ag\/\" \/>\n<meta property=\"og:site_name\" content=\"Ringier\" \/>\n<meta property=\"article:publisher\" content=\"https:\/\/www.facebook.com\/ringierag\/\" \/>\n<meta property=\"article:published_time\" content=\"2016-09-30T13:35:00+00:00\" \/>\n<meta property=\"article:modified_time\" content=\"2024-11-22T13:03:37+00:00\" \/>\n<meta property=\"og:image\" content=\"https:\/\/www.ringier.com\/wp-content\/uploads\/2021\/09\/roeloffuerrd-scaled.jpg\" \/>\n\t<meta property=\"og:image:width\" content=\"1707\" \/>\n\t<meta property=\"og:image:height\" content=\"2560\" \/>\n\t<meta property=\"og:image:type\" content=\"image\/jpeg\" \/>\n<meta name=\"author\" content=\"Ringier Corporate Communications\" \/>\n<meta name=\"twitter:card\" content=\"summary_large_image\" \/>\n<meta name=\"twitter:creator\" content=\"@ringier_ag\" \/>\n<meta name=\"twitter:site\" content=\"@ringier_ag\" \/>\n<meta name=\"twitter:label1\" content=\"Verfasst von\" \/>\n\t<meta name=\"twitter:data1\" content=\"Ringier Corporate Communications\" \/>\n\t<meta name=\"twitter:label2\" content=\"Gesch\u00e4tzte Lesezeit\" \/>\n\t<meta name=\"twitter:data2\" content=\"1 Minute\" \/>\n<script type=\"application\/ld+json\" class=\"yoast-schema-graph\">{\"@context\":\"https:\/\/schema.org\",\"@graph\":[{\"@type\":\"Article\",\"@id\":\"https:\/\/www.ringier.com\/de\/roelof-konterman-neu-im-verwaltungsrat-der-scout24-schweiz-ag\/#article\",\"isPartOf\":{\"@id\":\"https:\/\/www.ringier.com\/de\/roelof-konterman-neu-im-verwaltungsrat-der-scout24-schweiz-ag\/\"},\"author\":{\"name\":\"Ringier Corporate Communications\",\"@id\":\"https:\/\/www.ringier.com\/de\/#\/schema\/person\/4cf76a308dc4b2bb5121bd1e7b752e52\"},\"headline\":\"Roelof Konterman neu im Verwaltungsrat der Scout24 Schweiz AG\",\"datePublished\":\"2016-09-30T13:35:00+00:00\",\"dateModified\":\"2024-11-22T13:03:37+00:00\",\"mainEntityOfPage\":{\"@id\":\"https:\/\/www.ringier.com\/de\/roelof-konterman-neu-im-verwaltungsrat-der-scout24-schweiz-ag\/\"},\"wordCount\":117,\"publisher\":{\"@id\":\"https:\/\/www.ringier.com\/de\/#organization\"},\"image\":{\"@id\":\"https:\/\/www.ringier.com\/de\/roelof-konterman-neu-im-verwaltungsrat-der-scout24-schweiz-ag\/#primaryimage\"},\"thumbnailUrl\":\"https:\/\/www.ringier.com\/wp-content\/uploads\/2021\/09\/roeloffuerrd-scaled.jpg\",\"articleSection\":[\"Marketplaces\"],\"inLanguage\":\"de-DE\"},{\"@type\":\"WebPage\",\"@id\":\"https:\/\/www.ringier.com\/de\/roelof-konterman-neu-im-verwaltungsrat-der-scout24-schweiz-ag\/\",\"url\":\"https:\/\/www.ringier.com\/de\/roelof-konterman-neu-im-verwaltungsrat-der-scout24-schweiz-ag\/\",\"name\":\"Roelof Konterman neu im Verwaltungsrat der Scout24 Schweiz AG - Ringier\",\"isPartOf\":{\"@id\":\"https:\/\/www.ringier.com\/de\/#website\"},\"primaryImageOfPage\":{\"@id\":\"https:\/\/www.ringier.com\/de\/roelof-konterman-neu-im-verwaltungsrat-der-scout24-schweiz-ag\/#primaryimage\"},\"image\":{\"@id\":\"https:\/\/www.ringier.com\/de\/roelof-konterman-neu-im-verwaltungsrat-der-scout24-schweiz-ag\/#primaryimage\"},\"thumbnailUrl\":\"https:\/\/www.ringier.com\/wp-content\/uploads\/2021\/09\/roeloffuerrd-scaled.jpg\",\"datePublished\":\"2016-09-30T13:35:00+00:00\",\"dateModified\":\"2024-11-22T13:03:37+00:00\",\"breadcrumb\":{\"@id\":\"https:\/\/www.ringier.com\/de\/roelof-konterman-neu-im-verwaltungsrat-der-scout24-schweiz-ag\/#breadcrumb\"},\"inLanguage\":\"de-DE\",\"potentialAction\":[{\"@type\":\"ReadAction\",\"target\":[\"https:\/\/www.ringier.com\/de\/roelof-konterman-neu-im-verwaltungsrat-der-scout24-schweiz-ag\/\"]}]},{\"@type\":\"ImageObject\",\"inLanguage\":\"de-DE\",\"@id\":\"https:\/\/www.ringier.com\/de\/roelof-konterman-neu-im-verwaltungsrat-der-scout24-schweiz-ag\/#primaryimage\",\"url\":\"https:\/\/www.ringier.com\/wp-content\/uploads\/2021\/09\/roeloffuerrd-scaled.jpg\",\"contentUrl\":\"https:\/\/www.ringier.com\/wp-content\/uploads\/2021\/09\/roeloffuerrd-scaled.jpg\",\"width\":1707,\"height\":2560},{\"@type\":\"BreadcrumbList\",\"@id\":\"https:\/\/www.ringier.com\/de\/roelof-konterman-neu-im-verwaltungsrat-der-scout24-schweiz-ag\/#breadcrumb\",\"itemListElement\":[{\"@type\":\"ListItem\",\"position\":1,\"name\":\"Home\",\"item\":\"https:\/\/www.ringier.com\/de\/\"},{\"@type\":\"ListItem\",\"position\":2,\"name\":\"Roelof Konterman neu im Verwaltungsrat der Scout24 Schweiz AG\"}]},{\"@type\":\"WebSite\",\"@id\":\"https:\/\/www.ringier.com\/de\/#website\",\"url\":\"https:\/\/www.ringier.com\/de\/\",\"name\":\"Ringier\",\"description\":\"We inform. We entertain. We connect\",\"publisher\":{\"@id\":\"https:\/\/www.ringier.com\/de\/#organization\"},\"potentialAction\":[{\"@type\":\"SearchAction\",\"target\":{\"@type\":\"EntryPoint\",\"urlTemplate\":\"https:\/\/www.ringier.com\/de\/?s={search_term_string}\"},\"query-input\":{\"@type\":\"PropertyValueSpecification\",\"valueRequired\":true,\"valueName\":\"search_term_string\"}}],\"inLanguage\":\"de-DE\"},{\"@type\":\"Organization\",\"@id\":\"https:\/\/www.ringier.com\/de\/#organization\",\"name\":\"Ringier\",\"url\":\"https:\/\/www.ringier.com\/de\/\",\"logo\":{\"@type\":\"ImageObject\",\"inLanguage\":\"de-DE\",\"@id\":\"https:\/\/www.ringier.com\/de\/#\/schema\/logo\/image\/\",\"url\":\"https:\/\/www.ringier.com\/wp-content\/uploads\/2021\/10\/ringier_logo_2.jpg\",\"contentUrl\":\"https:\/\/www.ringier.com\/wp-content\/uploads\/2021\/10\/ringier_logo_2.jpg\",\"width\":750,\"height\":550,\"caption\":\"Ringier\"},\"image\":{\"@id\":\"https:\/\/www.ringier.com\/de\/#\/schema\/logo\/image\/\"},\"sameAs\":[\"https:\/\/www.facebook.com\/ringierag\/\",\"https:\/\/x.com\/ringier_ag\",\"https:\/\/www.instagram.com\/ringier_ag\/\",\"https:\/\/www.linkedin.com\/company\/ringier\/\",\"https:\/\/www.youtube.com\/user\/RingierComm\",\"https:\/\/en.wikipedia.org\/wiki\/Ringier\",\"https:\/\/de.wikipedia.org\/wiki\/Ringier\",\"https:\/\/fr.wikipedia.org\/wiki\/Ringier\",\"https:\/\/www.crunchbase.com\/organization\/ringier-ag\"]},{\"@type\":\"Person\",\"@id\":\"https:\/\/www.ringier.com\/de\/#\/schema\/person\/4cf76a308dc4b2bb5121bd1e7b752e52\",\"name\":\"Ringier Corporate Communications\",\"image\":{\"@type\":\"ImageObject\",\"inLanguage\":\"de-DE\",\"@id\":\"https:\/\/www.ringier.com\/de\/#\/schema\/person\/image\/\",\"url\":\"https:\/\/secure.gravatar.com\/avatar\/9391e20481368d5df4fe3e1e476c13b27786347489822ec1ed07e532bb41f587?s=96&d=mm&r=g\",\"contentUrl\":\"https:\/\/secure.gravatar.com\/avatar\/9391e20481368d5df4fe3e1e476c13b27786347489822ec1ed07e532bb41f587?s=96&d=mm&r=g\",\"caption\":\"Ringier Corporate Communications\"},\"sameAs\":[\"https:\/\/www.ringier.com\"]}]}<\/script>\n<!-- \/ Yoast SEO Premium plugin. -->","yoast_head_json":{"title":"Roelof Konterman neu im Verwaltungsrat der Scout24 Schweiz AG - Ringier","robots":{"index":"index","follow":"follow","max-snippet":"max-snippet:-1","max-image-preview":"max-image-preview:large","max-video-preview":"max-video-preview:-1"},"canonical":"https:\/\/www.ringier.com\/de\/roelof-konterman-neu-im-verwaltungsrat-der-scout24-schweiz-ag\/","og_locale":"de_DE","og_type":"article","og_title":"Roelof Konterman neu im Verwaltungsrat der Scout24 Schweiz AG","og_description":"An der Verwaltungsratssitzung vom September 2016 wurde Roelof Konterman zum Mitglied des Verwaltungsrates der Scout24 Schweiz AG ernannt. Der Verwaltungsrat wird wie bisher von Marc Walder, CEO Ringier AG, pr\u00e4sidiert. Weiterhin im Gremium bleiben Markus Hongler, CEO der Mobiliar, Thomas Kaiser, CEO Ringier Digital, Daniel Grossen, Mitbegr\u00fcnder Scout24 Schweiz AG, und Michel Gicot, Leiter Unternehmensentwicklung der Mobiliar. Mit der Besetzung der sechsten VR-Position durch Roelof Konterman ist der Verwaltungsrat nun komplett.","og_url":"https:\/\/www.ringier.com\/de\/roelof-konterman-neu-im-verwaltungsrat-der-scout24-schweiz-ag\/","og_site_name":"Ringier","article_publisher":"https:\/\/www.facebook.com\/ringierag\/","article_published_time":"2016-09-30T13:35:00+00:00","article_modified_time":"2024-11-22T13:03:37+00:00","og_image":[{"width":1707,"height":2560,"url":"https:\/\/www.ringier.com\/wp-content\/uploads\/2021\/09\/roeloffuerrd-scaled.jpg","type":"image\/jpeg"}],"author":"Ringier Corporate Communications","twitter_card":"summary_large_image","twitter_creator":"@ringier_ag","twitter_site":"@ringier_ag","twitter_misc":{"Verfasst von":"Ringier Corporate Communications","Gesch\u00e4tzte Lesezeit":"1 Minute"},"schema":{"@context":"https:\/\/schema.org","@graph":[{"@type":"Article","@id":"https:\/\/www.ringier.com\/de\/roelof-konterman-neu-im-verwaltungsrat-der-scout24-schweiz-ag\/#article","isPartOf":{"@id":"https:\/\/www.ringier.com\/de\/roelof-konterman-neu-im-verwaltungsrat-der-scout24-schweiz-ag\/"},"author":{"name":"Ringier Corporate Communications","@id":"https:\/\/www.ringier.com\/de\/#\/schema\/person\/4cf76a308dc4b2bb5121bd1e7b752e52"},"headline":"Roelof Konterman neu im Verwaltungsrat der Scout24 Schweiz AG","datePublished":"2016-09-30T13:35:00+00:00","dateModified":"2024-11-22T13:03:37+00:00","mainEntityOfPage":{"@id":"https:\/\/www.ringier.com\/de\/roelof-konterman-neu-im-verwaltungsrat-der-scout24-schweiz-ag\/"},"wordCount":117,"publisher":{"@id":"https:\/\/www.ringier.com\/de\/#organization"},"image":{"@id":"https:\/\/www.ringier.com\/de\/roelof-konterman-neu-im-verwaltungsrat-der-scout24-schweiz-ag\/#primaryimage"},"thumbnailUrl":"https:\/\/www.ringier.com\/wp-content\/uploads\/2021\/09\/roeloffuerrd-scaled.jpg","articleSection":["Marketplaces"],"inLanguage":"de-DE"},{"@type":"WebPage","@id":"https:\/\/www.ringier.com\/de\/roelof-konterman-neu-im-verwaltungsrat-der-scout24-schweiz-ag\/","url":"https:\/\/www.ringier.com\/de\/roelof-konterman-neu-im-verwaltungsrat-der-scout24-schweiz-ag\/","name":"Roelof Konterman neu im Verwaltungsrat der Scout24 Schweiz AG - Ringier","isPartOf":{"@id":"https:\/\/www.ringier.com\/de\/#website"},"primaryImageOfPage":{"@id":"https:\/\/www.ringier.com\/de\/roelof-konterman-neu-im-verwaltungsrat-der-scout24-schweiz-ag\/#primaryimage"},"image":{"@id":"https:\/\/www.ringier.com\/de\/roelof-konterman-neu-im-verwaltungsrat-der-scout24-schweiz-ag\/#primaryimage"},"thumbnailUrl":"https:\/\/www.ringier.com\/wp-content\/uploads\/2021\/09\/roeloffuerrd-scaled.jpg","datePublished":"2016-09-30T13:35:00+00:00","dateModified":"2024-11-22T13:03:37+00:00","breadcrumb":{"@id":"https:\/\/www.ringier.com\/de\/roelof-konterman-neu-im-verwaltungsrat-der-scout24-schweiz-ag\/#breadcrumb"},"inLanguage":"de-DE","potentialAction":[{"@type":"ReadAction","target":["https:\/\/www.ringier.com\/de\/roelof-konterman-neu-im-verwaltungsrat-der-scout24-schweiz-ag\/"]}]},{"@type":"ImageObject","inLanguage":"de-DE","@id":"https:\/\/www.ringier.com\/de\/roelof-konterman-neu-im-verwaltungsrat-der-scout24-schweiz-ag\/#primaryimage","url":"https:\/\/www.ringier.com\/wp-content\/uploads\/2021\/09\/roeloffuerrd-scaled.jpg","contentUrl":"https:\/\/www.ringier.com\/wp-content\/uploads\/2021\/09\/roeloffuerrd-scaled.jpg","width":1707,"height":2560},{"@type":"BreadcrumbList","@id":"https:\/\/www.ringier.com\/de\/roelof-konterman-neu-im-verwaltungsrat-der-scout24-schweiz-ag\/#breadcrumb","itemListElement":[{"@type":"ListItem","position":1,"name":"Home","item":"https:\/\/www.ringier.com\/de\/"},{"@type":"ListItem","position":2,"name":"Roelof Konterman neu im Verwaltungsrat der Scout24 Schweiz AG"}]},{"@type":"WebSite","@id":"https:\/\/www.ringier.com\/de\/#website","url":"https:\/\/www.ringier.com\/de\/","name":"Ringier","description":"We inform. We entertain. We connect","publisher":{"@id":"https:\/\/www.ringier.com\/de\/#organization"},"potentialAction":[{"@type":"SearchAction","target":{"@type":"EntryPoint","urlTemplate":"https:\/\/www.ringier.com\/de\/?s={search_term_string}"},"query-input":{"@type":"PropertyValueSpecification","valueRequired":true,"valueName":"search_term_string"}}],"inLanguage":"de-DE"},{"@type":"Organization","@id":"https:\/\/www.ringier.com\/de\/#organization","name":"Ringier","url":"https:\/\/www.ringier.com\/de\/","logo":{"@type":"ImageObject","inLanguage":"de-DE","@id":"https:\/\/www.ringier.com\/de\/#\/schema\/logo\/image\/","url":"https:\/\/www.ringier.com\/wp-content\/uploads\/2021\/10\/ringier_logo_2.jpg","contentUrl":"https:\/\/www.ringier.com\/wp-content\/uploads\/2021\/10\/ringier_logo_2.jpg","width":750,"height":550,"caption":"Ringier"},"image":{"@id":"https:\/\/www.ringier.com\/de\/#\/schema\/logo\/image\/"},"sameAs":["https:\/\/www.facebook.com\/ringierag\/","https:\/\/x.com\/ringier_ag","https:\/\/www.instagram.com\/ringier_ag\/","https:\/\/www.linkedin.com\/company\/ringier\/","https:\/\/www.youtube.com\/user\/RingierComm","https:\/\/en.wikipedia.org\/wiki\/Ringier","https:\/\/de.wikipedia.org\/wiki\/Ringier","https:\/\/fr.wikipedia.org\/wiki\/Ringier","https:\/\/www.crunchbase.com\/organization\/ringier-ag"]},{"@type":"Person","@id":"https:\/\/www.ringier.com\/de\/#\/schema\/person\/4cf76a308dc4b2bb5121bd1e7b752e52","name":"Ringier Corporate Communications","image":{"@type":"ImageObject","inLanguage":"de-DE","@id":"https:\/\/www.ringier.com\/de\/#\/schema\/person\/image\/","url":"https:\/\/secure.gravatar.com\/avatar\/9391e20481368d5df4fe3e1e476c13b27786347489822ec1ed07e532bb41f587?s=96&d=mm&r=g","contentUrl":"https:\/\/secure.gravatar.com\/avatar\/9391e20481368d5df4fe3e1e476c13b27786347489822ec1ed07e532bb41f587?s=96&d=mm&r=g","caption":"Ringier Corporate Communications"},"sameAs":["https:\/\/www.ringier.com"]}]}},"_links":{"self":[{"href":"https:\/\/www.ringier.com\/de\/wp-json\/wp\/v2\/posts\/3399","targetHints":{"allow":["GET"]}}],"collection":[{"href":"https:\/\/www.ringier.com\/de\/wp-json\/wp\/v2\/posts"}],"about":[{"href":"https:\/\/www.ringier.com\/de\/wp-json\/wp\/v2\/types\/post"}],"author":[{"embeddable":true,"href":"https:\/\/www.ringier.com\/de\/wp-json\/wp\/v2\/users\/23"}],"replies":[{"embeddable":true,"href":"https:\/\/www.ringier.com\/de\/wp-json\/wp\/v2\/comments?post=3399"}],"version-history":[{"count":0,"href":"https:\/\/www.ringier.com\/de\/wp-json\/wp\/v2\/posts\/3399\/revisions"}],"wp:featuredmedia":[{"embeddable":true,"href":"https:\/\/www.ringier.com\/de\/wp-json\/wp\/v2\/media\/3400"}],"wp:attachment":[{"href":"https:\/\/www.ringier.com\/de\/wp-json\/wp\/v2\/media?parent=3399"}],"wp:term":[{"taxonomy":"category","embeddable":true,"href":"https:\/\/www.ringier.com\/de\/wp-json\/wp\/v2\/categories?post=3399"},{"taxonomy":"post_tag","embeddable":true,"href":"https:\/\/www.ringier.com\/de\/wp-json\/wp\/v2\/tags?post=3399"}],"curies":[{"name":"wp","href":"https:\/\/api.w.org\/{rel}","templated":true}]}}