{"id":3361,"date":"2016-10-07T14:15:00","date_gmt":"2016-10-07T12:15:00","guid":{"rendered":"https:\/\/www.ringier.com\/?p=3361"},"modified":"2024-01-29T11:57:48","modified_gmt":"2024-01-29T10:57:48","slug":"rico-zandonella-ist-koch-des-jahres-franck-giovannini-verteidigt-die-19-punkte","status":"publish","type":"post","link":"https:\/\/www.ringier.com\/de\/rico-zandonella-ist-koch-des-jahres-franck-giovannini-verteidigt-die-19-punkte\/","title":{"rendered":"Rico Zandonella ist \u00abKoch des Jahres\u00bb \u2212 Franck Giovannini verteidigt die 19 Punkte"},"content":{"rendered":"\n<p>Schauplatz K\u00fcsnacht (ZH). Horst Petermann hat hier jahrzehntelang Z\u00fcrcher K\u00fcchengeschichte geschrieben und 2011 seinen Freund Rico Zandonella zum Nachfolger bestimmt. Fast sechs Jahre sp\u00e4ter steht der fr\u00f6hliche Tessiner ganz oben: Der&nbsp;<em>GaultMillau<\/em>&nbsp;ehrt ihn als \u00abKoch des Jahres 2017\u00bb (18 Punkte).&nbsp;<em>GaultMillau<\/em>-Chef Urs Heller: \u00abRico hat uns alle verbl\u00fcfft. Er hat die Karte umgekrempelt, die G\u00e4stestruktur verj\u00fcngt, die Preise gesenkt. Von Gourmet-Tempel keine Spur. Sein Restaurant ist Lifestyle pur. Unver\u00e4ndert ist nur der Anspruch der kleinen Brigade: Gekocht wird frech, aber mit einem H\u00f6chstmass an Fleiss und Pr\u00e4zision. Rico Zandonella hat die Zeichen der Zeit erkannt.\u00bb<\/p>\n\n\n\n<p>Schauplatz Crissier (VD). Die unter Gourmets meistgestellte Frage in den letzten Monaten: Wie gut kocht Franck Giovannini? Ist er nach Fr\u00e9dy Girardet, Philippe Rochat und Ben\u00f4it Violier tats\u00e4chlich der vierte grosse Chef in diesem weltber\u00fchmten Restaurant?&nbsp;<em>GaultMillau<\/em>-Chef Urs Heller: \u00abGiovannini ist hervorragend. Wir haben ihn immer wieder und in verschiedenen Jahreszeiten besucht. Wir haben nicht den geringsten Zweifel und \u00fcberreichen die H\u00f6chstnote 19.\u00bb In aller Stille allerdings. Das gebietet der Respekt vor seinem Freund und Vorg\u00e4nger Beno\u00eet Violier, der im Januar aus dem Leben geschieden ist.<\/p>\n\n\n\n<p><strong>Ein \u00abSixpack\u00bb mit 19 Punkten<\/strong><br>Sechs Schweizer K\u00f6che bilden mit 19 Punkten die \u00abChampions League\u00ab der Schweizer K\u00fcche: Andreas Caminada (\u00abSchauenstein\u00bb, F\u00fcrstenau (GR)), Peter Knogl (\u00abLes Trois Rois\u00bb, Basel), Bernard Ravet (\u00abL\u2019Ermitage de Bernard Ravet\u00bb, Vufflens-le-Ch\u00e2teau), Philippe Chevrier (\u00abDomaine de Ch\u00e2teauvieux\u00bb, Satigny (GE)), Didier de Courten (\u00abTerminus\u00bb, Sierre) und Franck Giovannini (\u00abH\u00f4tel de Ville\u00bb, Crissier). Sie kochen hervorragend, haben ihr Rating souver\u00e4n verteidigt, sind erstklassige Ausbildner.<\/p>\n\n\n\n<p><strong>Eperon, Suter, Bertarini, B\u00e4chler: Die Aufsteiger des Jahres<\/strong><br>In der Deutschschweiz ehrt der&nbsp;<em>GaultMillau<\/em>&nbsp;gleich zwei K\u00fcchenchefs als \u00abAufsteiger des Jahres\u00ab und zeichnet sie mit 18 Punkten aus: Der Waadtl\u00e4nder Laurent Eperon ist so etwas wie der \u00abgrosse Unbekannte\u00bb in Z\u00fcrich, dr\u00e4ngt nie ins Scheinwerferlicht, sorgt aber im \u00abBaur au Lac\u00bb f\u00fcr eine klassische und dennoch freche K\u00fcche. Er hat sich in den letzten Jahren kontinuierlich gesteigert und erntet jetzt daf\u00fcr den verdienten Applaus. Felix Suter zeigt im \u00abSchl\u00fcssel\u00bb in Oberwil (BL), dass man es auch ohne Sponsor, mit kleiner Brigade und gar ohne Speisekarte (!) an die Spitze schaffen kann. Suter wird f\u00fcr seinen Mut belohnt: Er hat nach erfolgreichen Jahrzehnten in Fl\u00fch (SO) den Standort gewechselt und ist jetzt vor den Toren Basels nochmals durchgestartet. In der Romandie steigt einmal mehr ein Koch aus Fribourg-Bourguillon aufs Podest: 18 Punkte f\u00fcr Aufsteiger Alain B\u00e4chler (\u00abDes Trois Tours\u00bb). Im Tessin zeichnet der&nbsp;<em>GaultMillau<\/em>&nbsp;Andrea Bertarini von der \u00abConca Bella\u00bb in Vacallo als \u00abAufsteiger des Jahres\u00bb und mit 17 Punkten aus. Auch er ein Mann der leisen T\u00f6ne, aber mit viel Talent. Apropos Tessin: Othmar Schlegel (\u00abCastello del Sole\u00bb, Ascona), der Beste im Kanton, meldet sich altershalber ab. Er ist&nbsp;<em>GaultMillaus<\/em>&nbsp;\u00abAussteiger des Jahres\u00bb.<\/p>\n\n\n\n<p>Die \u00abEntdeckungen des Jahres\u00bb? Der Luzerner Silvio Germann f\u00fchrt Andreas Caminadas Filiale \u00abIgniv\u00bb im Grand Resort Bad Ragaz. Seine Performance ist beeindruckend, er steigt mit der hohen Note 16 ein. Die \u00ab16\u00bb erh\u00e4lt auch unsere \u00abEntdeckung in der Romandie\u00bb: Romain Paillereau, der neue Chef in der idyllisch gelegenen \u00abPinte des Mossettes\u00bb in Cerniat (FR).<\/p>\n\n\n\n<p><strong>Eine starke Frau und 100 Schweizer Winzer<\/strong><br>Auch die&nbsp;<em>GaultMillau<\/em>-Weinjury war intensiv am Testen. Das Ergebnis: Adriana Novotn\u00e1 vom \u00abGrand Hotel Kronenhof\u00bb in Pontresina ist \u00abSommelier des Jahres\u00bb. Die beeindruckenden Walliser Winzer Axel und Jean-Fran\u00e7ois Maye werden f\u00fcr ihr Lebenswerk als \u00abIkonen\u00bb ausgezeichnet. Die beste Schweizer Weinkarte schreibt Stephan Nitzsche im 17-Punkte-Restaurant \u00abEinstein\u00bb in St. Gallen. Und: Zum vierten Mal listet der&nbsp;<em>GaultMillau<\/em>&nbsp;die \u00ab100 besten Schweizer Winzer\u00bb.<\/p>\n\n\n\n<p>Wohin zieht es die Genussraucher? Beispielsweise nach Basel ins elegante \u00abLes Trois Rois\u00bb. Dort ist die K\u00fcche hervorragend und die \u00abSmoker\u2019s Lounge\u00bb von ausgesuchter Eleganz. Der&nbsp;<em>GaultMillau<\/em>&nbsp;und Davidoff w\u00e4hlen 19-Punkte-Chef Peter Knogl zum \u00abCigarMan of the Year\u00bb.<\/p>\n\n\n\n<p><strong>Zwei grosse Namen: \u00abThe Chedi\u00bb und \u00abVilla Feltrinelli\u00bb<\/strong><br>Der&nbsp;<em>GaultMillau<\/em>&nbsp;fand sein \u00abHotel des Jahres 2017\u00bb in den Bergen: \u00abThe Chedi Andermatt\u00bb! Samih Sawiris hat viel Geld und Herzblut in dieses Projekt investiert und kann jetzt die erste Ernte einfahren: Das Resort vibriert, die Architektur fasziniert, die K\u00fcche (mit starkem asiatischem Touch) verbl\u00fcfft. F\u00fcr viele Reisende gilt die \u00abVilla Feltrinelli\u00bb am Gardasee als Europas sch\u00f6nstes Resort: Viel Geschichte, viel Luxus, erstklassige K\u00fcche. Der Luzerner Markus Odermatt ist in der \u00abVilla\u00bb seit 14 Jahren der Boss. Der&nbsp;<em>GaultMillau<\/em>&nbsp;ehrt ihn als \u00abStar im Ausland\u00bb.<\/p>\n\n\n\n<p><strong>1000 Testbesuche f\u00fcr 818 starke Adressen<\/strong><br>Der&nbsp;<em>GaultMillau<\/em>&nbsp;empfiehlt seinen Lesern und Usern dieses Jahr 818 Adressen. 63 Restaurants sind neu dazugekommen. 101 Chefs haben zugelegt, 33 wurden zur\u00fcckgestuft. \u00dcber 1000 Restaurantbesuche waren n\u00f6tig, um f\u00fcr den Guide und die stark nachgefragte&nbsp;<em>GaultMillau<\/em>-App (erscheint mit letzten Updates im Dezember) die richtige Auswahl zu treffen.<\/p>\n\n\n\n<p>Ringier Axel Springer Schweiz AG<br>Corporate Communications<\/p>\n\n\n\n<p>Vollst\u00e4ndige Medienmitteilung steht unter \u00abDownloads\u00bb zur Verf\u00fcgung.<\/p>\n","protected":false},"excerpt":{"rendered":"<p>Die zwei wichtigsten News von GaultMillau: Rico Zandonella vom \u00abRico\u2019s\u00bb in K\u00fcsnacht (ZH) ist \u00abKoch des Jahres 2017\u00bb. Und: Franck Giovannini vom H\u00f4tel de Ville in Crissier (VD) erh\u00e4lt auf Anhieb die H\u00f6chstnote 19.<\/p>\n","protected":false},"author":23,"featured_media":3362,"comment_status":"closed","ping_status":"open","sticky":false,"template":"","format":"standard","meta":{"inline_featured_image":false,"footnotes":""},"categories":[361,3],"tags":[],"class_list":["post-3361","post","type-post","status-publish","format-standard","has-post-thumbnail","hentry","category-ringier-medien-schweiz","category-unkategorisiert"],"yoast_head":"<!-- This site is optimized with the Yoast SEO Premium plugin v27.0 (Yoast SEO v27.0) - https:\/\/yoast.com\/product\/yoast-seo-premium-wordpress\/ -->\n<title>Rico Zandonella ist \u00abKoch des Jahres\u00bb \u2212 Franck Giovannini verteidigt die 19 Punkte - Ringier<\/title>\n<meta name=\"robots\" content=\"index, follow, max-snippet:-1, max-image-preview:large, max-video-preview:-1\" \/>\n<link rel=\"canonical\" href=\"https:\/\/www.ringier.com\/de\/rico-zandonella-ist-koch-des-jahres-franck-giovannini-verteidigt-die-19-punkte\/\" \/>\n<meta property=\"og:locale\" content=\"de_DE\" \/>\n<meta property=\"og:type\" content=\"article\" \/>\n<meta property=\"og:title\" content=\"Rico Zandonella ist \u00abKoch des Jahres\u00bb \u2212 Franck Giovannini verteidigt die 19 Punkte\" \/>\n<meta property=\"og:description\" content=\"Die zwei wichtigsten News von GaultMillau: Rico Zandonella vom \u00abRico\u2019s\u00bb in K\u00fcsnacht (ZH) ist \u00abKoch des Jahres 2017\u00bb. Und: Franck Giovannini vom H\u00f4tel de Ville in Crissier (VD) erh\u00e4lt auf Anhieb die H\u00f6chstnote 19.\" \/>\n<meta property=\"og:url\" content=\"https:\/\/www.ringier.com\/de\/rico-zandonella-ist-koch-des-jahres-franck-giovannini-verteidigt-die-19-punkte\/\" \/>\n<meta property=\"og:site_name\" content=\"Ringier\" \/>\n<meta property=\"article:publisher\" content=\"https:\/\/www.facebook.com\/ringierag\/\" \/>\n<meta property=\"article:published_time\" content=\"2016-10-07T12:15:00+00:00\" \/>\n<meta property=\"article:modified_time\" content=\"2024-01-29T10:57:48+00:00\" \/>\n<meta property=\"og:image\" content=\"https:\/\/www.ringier.com\/wp-content\/uploads\/2021\/09\/rico_zandonella_koch_des_jahres.jpg\" \/>\n\t<meta property=\"og:image:width\" content=\"600\" \/>\n\t<meta property=\"og:image:height\" content=\"400\" \/>\n\t<meta property=\"og:image:type\" content=\"image\/jpeg\" \/>\n<meta name=\"author\" content=\"Ringier Corporate Communications\" \/>\n<meta name=\"twitter:card\" content=\"summary_large_image\" \/>\n<meta name=\"twitter:creator\" content=\"@ringier_ag\" \/>\n<meta name=\"twitter:site\" content=\"@ringier_ag\" \/>\n<meta name=\"twitter:label1\" content=\"Verfasst von\" \/>\n\t<meta name=\"twitter:data1\" content=\"Ringier Corporate Communications\" \/>\n\t<meta name=\"twitter:label2\" content=\"Gesch\u00e4tzte Lesezeit\" \/>\n\t<meta name=\"twitter:data2\" content=\"4 Minuten\" \/>\n<script type=\"application\/ld+json\" class=\"yoast-schema-graph\">{\"@context\":\"https:\/\/schema.org\",\"@graph\":[{\"@type\":\"Article\",\"@id\":\"https:\/\/www.ringier.com\/de\/rico-zandonella-ist-koch-des-jahres-franck-giovannini-verteidigt-die-19-punkte\/#article\",\"isPartOf\":{\"@id\":\"https:\/\/www.ringier.com\/de\/rico-zandonella-ist-koch-des-jahres-franck-giovannini-verteidigt-die-19-punkte\/\"},\"author\":{\"name\":\"Ringier Corporate Communications\",\"@id\":\"https:\/\/www.ringier.com\/de\/#\/schema\/person\/4cf76a308dc4b2bb5121bd1e7b752e52\"},\"headline\":\"Rico Zandonella ist \u00abKoch des Jahres\u00bb \u2212 Franck Giovannini verteidigt die 19 Punkte\",\"datePublished\":\"2016-10-07T12:15:00+00:00\",\"dateModified\":\"2024-01-29T10:57:48+00:00\",\"mainEntityOfPage\":{\"@id\":\"https:\/\/www.ringier.com\/de\/rico-zandonella-ist-koch-des-jahres-franck-giovannini-verteidigt-die-19-punkte\/\"},\"wordCount\":839,\"publisher\":{\"@id\":\"https:\/\/www.ringier.com\/de\/#organization\"},\"image\":{\"@id\":\"https:\/\/www.ringier.com\/de\/rico-zandonella-ist-koch-des-jahres-franck-giovannini-verteidigt-die-19-punkte\/#primaryimage\"},\"thumbnailUrl\":\"https:\/\/www.ringier.com\/wp-content\/uploads\/2021\/09\/rico_zandonella_koch_des_jahres.jpg\",\"articleSection\":[\"Ringier Medien Schweiz\",\"Unkategorisiert\"],\"inLanguage\":\"de-DE\"},{\"@type\":\"WebPage\",\"@id\":\"https:\/\/www.ringier.com\/de\/rico-zandonella-ist-koch-des-jahres-franck-giovannini-verteidigt-die-19-punkte\/\",\"url\":\"https:\/\/www.ringier.com\/de\/rico-zandonella-ist-koch-des-jahres-franck-giovannini-verteidigt-die-19-punkte\/\",\"name\":\"Rico Zandonella ist \u00abKoch des Jahres\u00bb \u2212 Franck Giovannini verteidigt die 19 Punkte - Ringier\",\"isPartOf\":{\"@id\":\"https:\/\/www.ringier.com\/de\/#website\"},\"primaryImageOfPage\":{\"@id\":\"https:\/\/www.ringier.com\/de\/rico-zandonella-ist-koch-des-jahres-franck-giovannini-verteidigt-die-19-punkte\/#primaryimage\"},\"image\":{\"@id\":\"https:\/\/www.ringier.com\/de\/rico-zandonella-ist-koch-des-jahres-franck-giovannini-verteidigt-die-19-punkte\/#primaryimage\"},\"thumbnailUrl\":\"https:\/\/www.ringier.com\/wp-content\/uploads\/2021\/09\/rico_zandonella_koch_des_jahres.jpg\",\"datePublished\":\"2016-10-07T12:15:00+00:00\",\"dateModified\":\"2024-01-29T10:57:48+00:00\",\"breadcrumb\":{\"@id\":\"https:\/\/www.ringier.com\/de\/rico-zandonella-ist-koch-des-jahres-franck-giovannini-verteidigt-die-19-punkte\/#breadcrumb\"},\"inLanguage\":\"de-DE\",\"potentialAction\":[{\"@type\":\"ReadAction\",\"target\":[\"https:\/\/www.ringier.com\/de\/rico-zandonella-ist-koch-des-jahres-franck-giovannini-verteidigt-die-19-punkte\/\"]}]},{\"@type\":\"ImageObject\",\"inLanguage\":\"de-DE\",\"@id\":\"https:\/\/www.ringier.com\/de\/rico-zandonella-ist-koch-des-jahres-franck-giovannini-verteidigt-die-19-punkte\/#primaryimage\",\"url\":\"https:\/\/www.ringier.com\/wp-content\/uploads\/2021\/09\/rico_zandonella_koch_des_jahres.jpg\",\"contentUrl\":\"https:\/\/www.ringier.com\/wp-content\/uploads\/2021\/09\/rico_zandonella_koch_des_jahres.jpg\",\"width\":600,\"height\":400,\"caption\":\"Rico Zandonella\"},{\"@type\":\"BreadcrumbList\",\"@id\":\"https:\/\/www.ringier.com\/de\/rico-zandonella-ist-koch-des-jahres-franck-giovannini-verteidigt-die-19-punkte\/#breadcrumb\",\"itemListElement\":[{\"@type\":\"ListItem\",\"position\":1,\"name\":\"Home\",\"item\":\"https:\/\/www.ringier.com\/de\/\"},{\"@type\":\"ListItem\",\"position\":2,\"name\":\"Rico Zandonella ist \u00abKoch des Jahres\u00bb \u2212 Franck Giovannini verteidigt die 19 Punkte\"}]},{\"@type\":\"WebSite\",\"@id\":\"https:\/\/www.ringier.com\/de\/#website\",\"url\":\"https:\/\/www.ringier.com\/de\/\",\"name\":\"Ringier\",\"description\":\"We inform. We entertain. We connect\",\"publisher\":{\"@id\":\"https:\/\/www.ringier.com\/de\/#organization\"},\"potentialAction\":[{\"@type\":\"SearchAction\",\"target\":{\"@type\":\"EntryPoint\",\"urlTemplate\":\"https:\/\/www.ringier.com\/de\/?s={search_term_string}\"},\"query-input\":{\"@type\":\"PropertyValueSpecification\",\"valueRequired\":true,\"valueName\":\"search_term_string\"}}],\"inLanguage\":\"de-DE\"},{\"@type\":\"Organization\",\"@id\":\"https:\/\/www.ringier.com\/de\/#organization\",\"name\":\"Ringier\",\"url\":\"https:\/\/www.ringier.com\/de\/\",\"logo\":{\"@type\":\"ImageObject\",\"inLanguage\":\"de-DE\",\"@id\":\"https:\/\/www.ringier.com\/de\/#\/schema\/logo\/image\/\",\"url\":\"https:\/\/www.ringier.com\/wp-content\/uploads\/2021\/10\/ringier_logo_2.jpg\",\"contentUrl\":\"https:\/\/www.ringier.com\/wp-content\/uploads\/2021\/10\/ringier_logo_2.jpg\",\"width\":750,\"height\":550,\"caption\":\"Ringier\"},\"image\":{\"@id\":\"https:\/\/www.ringier.com\/de\/#\/schema\/logo\/image\/\"},\"sameAs\":[\"https:\/\/www.facebook.com\/ringierag\/\",\"https:\/\/x.com\/ringier_ag\",\"https:\/\/www.instagram.com\/ringier_ag\/\",\"https:\/\/www.linkedin.com\/company\/ringier\/\",\"https:\/\/www.youtube.com\/user\/RingierComm\",\"https:\/\/en.wikipedia.org\/wiki\/Ringier\",\"https:\/\/de.wikipedia.org\/wiki\/Ringier\",\"https:\/\/fr.wikipedia.org\/wiki\/Ringier\",\"https:\/\/www.crunchbase.com\/organization\/ringier-ag\"]},{\"@type\":\"Person\",\"@id\":\"https:\/\/www.ringier.com\/de\/#\/schema\/person\/4cf76a308dc4b2bb5121bd1e7b752e52\",\"name\":\"Ringier Corporate Communications\",\"image\":{\"@type\":\"ImageObject\",\"inLanguage\":\"de-DE\",\"@id\":\"https:\/\/www.ringier.com\/de\/#\/schema\/person\/image\/\",\"url\":\"https:\/\/secure.gravatar.com\/avatar\/9391e20481368d5df4fe3e1e476c13b27786347489822ec1ed07e532bb41f587?s=96&d=mm&r=g\",\"contentUrl\":\"https:\/\/secure.gravatar.com\/avatar\/9391e20481368d5df4fe3e1e476c13b27786347489822ec1ed07e532bb41f587?s=96&d=mm&r=g\",\"caption\":\"Ringier Corporate Communications\"},\"sameAs\":[\"https:\/\/www.ringier.com\"]}]}<\/script>\n<!-- \/ Yoast SEO Premium plugin. -->","yoast_head_json":{"title":"Rico Zandonella ist \u00abKoch des Jahres\u00bb \u2212 Franck Giovannini verteidigt die 19 Punkte - Ringier","robots":{"index":"index","follow":"follow","max-snippet":"max-snippet:-1","max-image-preview":"max-image-preview:large","max-video-preview":"max-video-preview:-1"},"canonical":"https:\/\/www.ringier.com\/de\/rico-zandonella-ist-koch-des-jahres-franck-giovannini-verteidigt-die-19-punkte\/","og_locale":"de_DE","og_type":"article","og_title":"Rico Zandonella ist \u00abKoch des Jahres\u00bb \u2212 Franck Giovannini verteidigt die 19 Punkte","og_description":"Die zwei wichtigsten News von GaultMillau: Rico Zandonella vom \u00abRico\u2019s\u00bb in K\u00fcsnacht (ZH) ist \u00abKoch des Jahres 2017\u00bb. Und: Franck Giovannini vom H\u00f4tel de Ville in Crissier (VD) erh\u00e4lt auf Anhieb die H\u00f6chstnote 19.","og_url":"https:\/\/www.ringier.com\/de\/rico-zandonella-ist-koch-des-jahres-franck-giovannini-verteidigt-die-19-punkte\/","og_site_name":"Ringier","article_publisher":"https:\/\/www.facebook.com\/ringierag\/","article_published_time":"2016-10-07T12:15:00+00:00","article_modified_time":"2024-01-29T10:57:48+00:00","og_image":[{"width":600,"height":400,"url":"https:\/\/www.ringier.com\/wp-content\/uploads\/2021\/09\/rico_zandonella_koch_des_jahres.jpg","type":"image\/jpeg"}],"author":"Ringier Corporate Communications","twitter_card":"summary_large_image","twitter_creator":"@ringier_ag","twitter_site":"@ringier_ag","twitter_misc":{"Verfasst von":"Ringier Corporate Communications","Gesch\u00e4tzte Lesezeit":"4 Minuten"},"schema":{"@context":"https:\/\/schema.org","@graph":[{"@type":"Article","@id":"https:\/\/www.ringier.com\/de\/rico-zandonella-ist-koch-des-jahres-franck-giovannini-verteidigt-die-19-punkte\/#article","isPartOf":{"@id":"https:\/\/www.ringier.com\/de\/rico-zandonella-ist-koch-des-jahres-franck-giovannini-verteidigt-die-19-punkte\/"},"author":{"name":"Ringier Corporate Communications","@id":"https:\/\/www.ringier.com\/de\/#\/schema\/person\/4cf76a308dc4b2bb5121bd1e7b752e52"},"headline":"Rico Zandonella ist \u00abKoch des Jahres\u00bb \u2212 Franck Giovannini verteidigt die 19 Punkte","datePublished":"2016-10-07T12:15:00+00:00","dateModified":"2024-01-29T10:57:48+00:00","mainEntityOfPage":{"@id":"https:\/\/www.ringier.com\/de\/rico-zandonella-ist-koch-des-jahres-franck-giovannini-verteidigt-die-19-punkte\/"},"wordCount":839,"publisher":{"@id":"https:\/\/www.ringier.com\/de\/#organization"},"image":{"@id":"https:\/\/www.ringier.com\/de\/rico-zandonella-ist-koch-des-jahres-franck-giovannini-verteidigt-die-19-punkte\/#primaryimage"},"thumbnailUrl":"https:\/\/www.ringier.com\/wp-content\/uploads\/2021\/09\/rico_zandonella_koch_des_jahres.jpg","articleSection":["Ringier Medien Schweiz","Unkategorisiert"],"inLanguage":"de-DE"},{"@type":"WebPage","@id":"https:\/\/www.ringier.com\/de\/rico-zandonella-ist-koch-des-jahres-franck-giovannini-verteidigt-die-19-punkte\/","url":"https:\/\/www.ringier.com\/de\/rico-zandonella-ist-koch-des-jahres-franck-giovannini-verteidigt-die-19-punkte\/","name":"Rico Zandonella ist \u00abKoch des Jahres\u00bb \u2212 Franck Giovannini verteidigt die 19 Punkte - Ringier","isPartOf":{"@id":"https:\/\/www.ringier.com\/de\/#website"},"primaryImageOfPage":{"@id":"https:\/\/www.ringier.com\/de\/rico-zandonella-ist-koch-des-jahres-franck-giovannini-verteidigt-die-19-punkte\/#primaryimage"},"image":{"@id":"https:\/\/www.ringier.com\/de\/rico-zandonella-ist-koch-des-jahres-franck-giovannini-verteidigt-die-19-punkte\/#primaryimage"},"thumbnailUrl":"https:\/\/www.ringier.com\/wp-content\/uploads\/2021\/09\/rico_zandonella_koch_des_jahres.jpg","datePublished":"2016-10-07T12:15:00+00:00","dateModified":"2024-01-29T10:57:48+00:00","breadcrumb":{"@id":"https:\/\/www.ringier.com\/de\/rico-zandonella-ist-koch-des-jahres-franck-giovannini-verteidigt-die-19-punkte\/#breadcrumb"},"inLanguage":"de-DE","potentialAction":[{"@type":"ReadAction","target":["https:\/\/www.ringier.com\/de\/rico-zandonella-ist-koch-des-jahres-franck-giovannini-verteidigt-die-19-punkte\/"]}]},{"@type":"ImageObject","inLanguage":"de-DE","@id":"https:\/\/www.ringier.com\/de\/rico-zandonella-ist-koch-des-jahres-franck-giovannini-verteidigt-die-19-punkte\/#primaryimage","url":"https:\/\/www.ringier.com\/wp-content\/uploads\/2021\/09\/rico_zandonella_koch_des_jahres.jpg","contentUrl":"https:\/\/www.ringier.com\/wp-content\/uploads\/2021\/09\/rico_zandonella_koch_des_jahres.jpg","width":600,"height":400,"caption":"Rico Zandonella"},{"@type":"BreadcrumbList","@id":"https:\/\/www.ringier.com\/de\/rico-zandonella-ist-koch-des-jahres-franck-giovannini-verteidigt-die-19-punkte\/#breadcrumb","itemListElement":[{"@type":"ListItem","position":1,"name":"Home","item":"https:\/\/www.ringier.com\/de\/"},{"@type":"ListItem","position":2,"name":"Rico Zandonella ist \u00abKoch des Jahres\u00bb \u2212 Franck Giovannini verteidigt die 19 Punkte"}]},{"@type":"WebSite","@id":"https:\/\/www.ringier.com\/de\/#website","url":"https:\/\/www.ringier.com\/de\/","name":"Ringier","description":"We inform. We entertain. We connect","publisher":{"@id":"https:\/\/www.ringier.com\/de\/#organization"},"potentialAction":[{"@type":"SearchAction","target":{"@type":"EntryPoint","urlTemplate":"https:\/\/www.ringier.com\/de\/?s={search_term_string}"},"query-input":{"@type":"PropertyValueSpecification","valueRequired":true,"valueName":"search_term_string"}}],"inLanguage":"de-DE"},{"@type":"Organization","@id":"https:\/\/www.ringier.com\/de\/#organization","name":"Ringier","url":"https:\/\/www.ringier.com\/de\/","logo":{"@type":"ImageObject","inLanguage":"de-DE","@id":"https:\/\/www.ringier.com\/de\/#\/schema\/logo\/image\/","url":"https:\/\/www.ringier.com\/wp-content\/uploads\/2021\/10\/ringier_logo_2.jpg","contentUrl":"https:\/\/www.ringier.com\/wp-content\/uploads\/2021\/10\/ringier_logo_2.jpg","width":750,"height":550,"caption":"Ringier"},"image":{"@id":"https:\/\/www.ringier.com\/de\/#\/schema\/logo\/image\/"},"sameAs":["https:\/\/www.facebook.com\/ringierag\/","https:\/\/x.com\/ringier_ag","https:\/\/www.instagram.com\/ringier_ag\/","https:\/\/www.linkedin.com\/company\/ringier\/","https:\/\/www.youtube.com\/user\/RingierComm","https:\/\/en.wikipedia.org\/wiki\/Ringier","https:\/\/de.wikipedia.org\/wiki\/Ringier","https:\/\/fr.wikipedia.org\/wiki\/Ringier","https:\/\/www.crunchbase.com\/organization\/ringier-ag"]},{"@type":"Person","@id":"https:\/\/www.ringier.com\/de\/#\/schema\/person\/4cf76a308dc4b2bb5121bd1e7b752e52","name":"Ringier Corporate Communications","image":{"@type":"ImageObject","inLanguage":"de-DE","@id":"https:\/\/www.ringier.com\/de\/#\/schema\/person\/image\/","url":"https:\/\/secure.gravatar.com\/avatar\/9391e20481368d5df4fe3e1e476c13b27786347489822ec1ed07e532bb41f587?s=96&d=mm&r=g","contentUrl":"https:\/\/secure.gravatar.com\/avatar\/9391e20481368d5df4fe3e1e476c13b27786347489822ec1ed07e532bb41f587?s=96&d=mm&r=g","caption":"Ringier Corporate Communications"},"sameAs":["https:\/\/www.ringier.com"]}]}},"_links":{"self":[{"href":"https:\/\/www.ringier.com\/de\/wp-json\/wp\/v2\/posts\/3361","targetHints":{"allow":["GET"]}}],"collection":[{"href":"https:\/\/www.ringier.com\/de\/wp-json\/wp\/v2\/posts"}],"about":[{"href":"https:\/\/www.ringier.com\/de\/wp-json\/wp\/v2\/types\/post"}],"author":[{"embeddable":true,"href":"https:\/\/www.ringier.com\/de\/wp-json\/wp\/v2\/users\/23"}],"replies":[{"embeddable":true,"href":"https:\/\/www.ringier.com\/de\/wp-json\/wp\/v2\/comments?post=3361"}],"version-history":[{"count":0,"href":"https:\/\/www.ringier.com\/de\/wp-json\/wp\/v2\/posts\/3361\/revisions"}],"wp:featuredmedia":[{"embeddable":true,"href":"https:\/\/www.ringier.com\/de\/wp-json\/wp\/v2\/media\/3362"}],"wp:attachment":[{"href":"https:\/\/www.ringier.com\/de\/wp-json\/wp\/v2\/media?parent=3361"}],"wp:term":[{"taxonomy":"category","embeddable":true,"href":"https:\/\/www.ringier.com\/de\/wp-json\/wp\/v2\/categories?post=3361"},{"taxonomy":"post_tag","embeddable":true,"href":"https:\/\/www.ringier.com\/de\/wp-json\/wp\/v2\/tags?post=3361"}],"curies":[{"name":"wp","href":"https:\/\/api.w.org\/{rel}","templated":true}]}}