{"id":3321,"date":"2016-06-24T16:14:00","date_gmt":"2016-06-24T14:14:00","guid":{"rendered":"https:\/\/www.ringier.com\/?p=3321"},"modified":"2024-11-22T14:14:27","modified_gmt":"2024-11-22T13:14:27","slug":"neue-zusammensetzung-des-verwaltungsrates-der-deindeal-ag","status":"publish","type":"post","link":"https:\/\/www.ringier.com\/de\/neue-zusammensetzung-des-verwaltungsrates-der-deindeal-ag\/","title":{"rendered":"Neue Zusammensetzung des Verwaltungsrates der DeinDeal AG"},"content":{"rendered":"\n<p>Per 17. Juni wurde die angek\u00fcndigte Fusion der DeinDeal AG mit der eCommerce-Plattform&nbsp;<em><a href=\"http:\/\/www.my-store.ch\/\">My-Store<\/a><\/em>&nbsp;vollzogen. Die ehemals eigenst\u00e4ndigen Gesellschaften operieren seither als eine Firma.<br>Nun wurde anl\u00e4sslich der Generalversammlung auch der Verwaltungsrat der DeinDeal AG den neuen Begebenheiten angepasst. Neu gew\u00e4hlt wurden Maurizio Pierazzi, vormals Mitglied des&nbsp;<em><a href=\"http:\/\/www.my-store.ch\/\">My-Store<\/a><\/em>-Verwaltungsrats, Robin Lingg, CEO Ringier Africa &amp; Asia, sowie Xiaoqun Clever, Chief Technology and Data Officer der Ringier Gruppe. Weiterhin im Gremium bleiben Thomas Kaiser, CEO Ringier Digital, und Kilian K\u00e4mpfen, Chief Business Development Officer Ringier Digital. Zur\u00fcckgetreten sind Ringier CEO Marc Walder sowie Amir Suissa, Mitbegr\u00fcnder von&nbsp;<em><a href=\"http:\/\/www.deindeal.ch\/\">DeinDeal<\/a><\/em>.&nbsp;<br><br>Ringier AG, Corporate Communications<\/p>\n\n\n\n<p>Marc Walder, CEO Ringier AG: \u00ab<em><a href=\"http:\/\/www.deindeal.ch\/\">DeinDeal<\/a><\/em>\u00a0ist von einem im Jahre 2010 gegr\u00fcndeten Start-up zu einem Top-10-Player im Schweizer eCommerce-Markt aufgestiegen. Diese Entwicklung konnten wir mit den Gr\u00fcndern Amir Suissa und Adrian Locher nach der \u00dcbernahme durch Ringier im Jahre 2011 partnerschaftlich und dynamisch gestalten. Ich m\u00f6chte den Gr\u00fcndern insbesondere f\u00fcr die professionelle \u00dcbergabe der Verantwortung an das neue Managementteam unter der Leitung von Benoit Henry herzlich danken, die mit dem R\u00fccktritt aus dem Verwaltungsrat nun abgeschlossen ist. Amir Suissa und Adrian Locher w\u00fcnsche ich viel Erfolg bei deren weiteren unternehmerischen Projekten.\u00bb<\/p>\n","protected":false},"excerpt":{"rendered":"<p>Die DeinDeal AG hat im Rahmen des Vollzugs der angek\u00fcndigten Fusion mit der eCommerce-Plattform My-Store den Verwaltungsrat neu konstituiert: Einsitz nehmen neu Maurizio Pierazzi, Robin Lingg und Xiaoqun Clever \u2013 Ringier CEO Marc Walder sowie DeinDeal-Gr\u00fcnder Amir Suissa haben ihr Mandat abgegeben. Der Verwaltungsrat wird wie bisher von Thomas Kaiser, CEO Ringier Digital, pr\u00e4sidiert.<\/p>\n","protected":false},"author":23,"featured_media":3322,"comment_status":"closed","ping_status":"open","sticky":false,"template":"","format":"standard","meta":{"inline_featured_image":false,"footnotes":""},"categories":[44,376],"tags":[],"class_list":["post-3321","post","type-post","status-publish","format-standard","has-post-thumbnail","hentry","category-corporate-de","category-marketplaces-de"],"yoast_head":"<!-- This site is optimized with the Yoast SEO Premium plugin v27.0 (Yoast SEO v27.0) - https:\/\/yoast.com\/product\/yoast-seo-premium-wordpress\/ -->\n<title>Neue Zusammensetzung des Verwaltungsrates der DeinDeal AG - Ringier<\/title>\n<meta name=\"robots\" content=\"index, follow, max-snippet:-1, max-image-preview:large, max-video-preview:-1\" \/>\n<link rel=\"canonical\" href=\"https:\/\/www.ringier.com\/de\/neue-zusammensetzung-des-verwaltungsrates-der-deindeal-ag\/\" \/>\n<meta property=\"og:locale\" content=\"de_DE\" \/>\n<meta property=\"og:type\" content=\"article\" \/>\n<meta property=\"og:title\" content=\"Neue Zusammensetzung des Verwaltungsrates der DeinDeal AG\" \/>\n<meta property=\"og:description\" content=\"Die DeinDeal AG hat im Rahmen des Vollzugs der angek\u00fcndigten Fusion mit der eCommerce-Plattform My-Store den Verwaltungsrat neu konstituiert: Einsitz nehmen neu Maurizio Pierazzi, Robin Lingg und Xiaoqun Clever \u2013 Ringier CEO Marc Walder sowie DeinDeal-Gr\u00fcnder Amir Suissa haben ihr Mandat abgegeben. Der Verwaltungsrat wird wie bisher von Thomas Kaiser, CEO Ringier Digital, pr\u00e4sidiert.\" \/>\n<meta property=\"og:url\" content=\"https:\/\/www.ringier.com\/de\/neue-zusammensetzung-des-verwaltungsrates-der-deindeal-ag\/\" \/>\n<meta property=\"og:site_name\" content=\"Ringier\" \/>\n<meta property=\"article:publisher\" content=\"https:\/\/www.facebook.com\/ringierag\/\" \/>\n<meta property=\"article:published_time\" content=\"2016-06-24T14:14:00+00:00\" \/>\n<meta property=\"article:modified_time\" content=\"2024-11-22T13:14:27+00:00\" \/>\n<meta property=\"og:image\" content=\"https:\/\/www.ringier.com\/wp-content\/uploads\/2021\/09\/logo-deindeal-1.jpg\" \/>\n\t<meta property=\"og:image:width\" content=\"767\" \/>\n\t<meta property=\"og:image:height\" content=\"396\" \/>\n\t<meta property=\"og:image:type\" content=\"image\/jpeg\" \/>\n<meta name=\"author\" content=\"Ringier Corporate Communications\" \/>\n<meta name=\"twitter:card\" content=\"summary_large_image\" \/>\n<meta name=\"twitter:creator\" content=\"@ringier_ag\" \/>\n<meta name=\"twitter:site\" content=\"@ringier_ag\" \/>\n<meta name=\"twitter:label1\" content=\"Verfasst von\" \/>\n\t<meta name=\"twitter:data1\" content=\"Ringier Corporate Communications\" \/>\n\t<meta name=\"twitter:label2\" content=\"Gesch\u00e4tzte Lesezeit\" \/>\n\t<meta name=\"twitter:data2\" content=\"2 Minuten\" \/>\n<script type=\"application\/ld+json\" class=\"yoast-schema-graph\">{\"@context\":\"https:\/\/schema.org\",\"@graph\":[{\"@type\":\"Article\",\"@id\":\"https:\/\/www.ringier.com\/de\/neue-zusammensetzung-des-verwaltungsrates-der-deindeal-ag\/#article\",\"isPartOf\":{\"@id\":\"https:\/\/www.ringier.com\/de\/neue-zusammensetzung-des-verwaltungsrates-der-deindeal-ag\/\"},\"author\":{\"name\":\"Ringier Corporate Communications\",\"@id\":\"https:\/\/www.ringier.com\/de\/#\/schema\/person\/4cf76a308dc4b2bb5121bd1e7b752e52\"},\"headline\":\"Neue Zusammensetzung des Verwaltungsrates der DeinDeal AG\",\"datePublished\":\"2016-06-24T14:14:00+00:00\",\"dateModified\":\"2024-11-22T13:14:27+00:00\",\"mainEntityOfPage\":{\"@id\":\"https:\/\/www.ringier.com\/de\/neue-zusammensetzung-des-verwaltungsrates-der-deindeal-ag\/\"},\"wordCount\":217,\"publisher\":{\"@id\":\"https:\/\/www.ringier.com\/de\/#organization\"},\"image\":{\"@id\":\"https:\/\/www.ringier.com\/de\/neue-zusammensetzung-des-verwaltungsrates-der-deindeal-ag\/#primaryimage\"},\"thumbnailUrl\":\"https:\/\/www.ringier.com\/wp-content\/uploads\/2021\/09\/logo-deindeal-1.jpg\",\"articleSection\":[\"Corporate\",\"Marketplaces\"],\"inLanguage\":\"de-DE\"},{\"@type\":\"WebPage\",\"@id\":\"https:\/\/www.ringier.com\/de\/neue-zusammensetzung-des-verwaltungsrates-der-deindeal-ag\/\",\"url\":\"https:\/\/www.ringier.com\/de\/neue-zusammensetzung-des-verwaltungsrates-der-deindeal-ag\/\",\"name\":\"Neue Zusammensetzung des Verwaltungsrates der DeinDeal AG - Ringier\",\"isPartOf\":{\"@id\":\"https:\/\/www.ringier.com\/de\/#website\"},\"primaryImageOfPage\":{\"@id\":\"https:\/\/www.ringier.com\/de\/neue-zusammensetzung-des-verwaltungsrates-der-deindeal-ag\/#primaryimage\"},\"image\":{\"@id\":\"https:\/\/www.ringier.com\/de\/neue-zusammensetzung-des-verwaltungsrates-der-deindeal-ag\/#primaryimage\"},\"thumbnailUrl\":\"https:\/\/www.ringier.com\/wp-content\/uploads\/2021\/09\/logo-deindeal-1.jpg\",\"datePublished\":\"2016-06-24T14:14:00+00:00\",\"dateModified\":\"2024-11-22T13:14:27+00:00\",\"breadcrumb\":{\"@id\":\"https:\/\/www.ringier.com\/de\/neue-zusammensetzung-des-verwaltungsrates-der-deindeal-ag\/#breadcrumb\"},\"inLanguage\":\"de-DE\",\"potentialAction\":[{\"@type\":\"ReadAction\",\"target\":[\"https:\/\/www.ringier.com\/de\/neue-zusammensetzung-des-verwaltungsrates-der-deindeal-ag\/\"]}]},{\"@type\":\"ImageObject\",\"inLanguage\":\"de-DE\",\"@id\":\"https:\/\/www.ringier.com\/de\/neue-zusammensetzung-des-verwaltungsrates-der-deindeal-ag\/#primaryimage\",\"url\":\"https:\/\/www.ringier.com\/wp-content\/uploads\/2021\/09\/logo-deindeal-1.jpg\",\"contentUrl\":\"https:\/\/www.ringier.com\/wp-content\/uploads\/2021\/09\/logo-deindeal-1.jpg\",\"width\":767,\"height\":396},{\"@type\":\"BreadcrumbList\",\"@id\":\"https:\/\/www.ringier.com\/de\/neue-zusammensetzung-des-verwaltungsrates-der-deindeal-ag\/#breadcrumb\",\"itemListElement\":[{\"@type\":\"ListItem\",\"position\":1,\"name\":\"Home\",\"item\":\"https:\/\/www.ringier.com\/de\/\"},{\"@type\":\"ListItem\",\"position\":2,\"name\":\"Neue Zusammensetzung des Verwaltungsrates der DeinDeal AG\"}]},{\"@type\":\"WebSite\",\"@id\":\"https:\/\/www.ringier.com\/de\/#website\",\"url\":\"https:\/\/www.ringier.com\/de\/\",\"name\":\"Ringier\",\"description\":\"We inform. We entertain. We connect\",\"publisher\":{\"@id\":\"https:\/\/www.ringier.com\/de\/#organization\"},\"potentialAction\":[{\"@type\":\"SearchAction\",\"target\":{\"@type\":\"EntryPoint\",\"urlTemplate\":\"https:\/\/www.ringier.com\/de\/?s={search_term_string}\"},\"query-input\":{\"@type\":\"PropertyValueSpecification\",\"valueRequired\":true,\"valueName\":\"search_term_string\"}}],\"inLanguage\":\"de-DE\"},{\"@type\":\"Organization\",\"@id\":\"https:\/\/www.ringier.com\/de\/#organization\",\"name\":\"Ringier\",\"url\":\"https:\/\/www.ringier.com\/de\/\",\"logo\":{\"@type\":\"ImageObject\",\"inLanguage\":\"de-DE\",\"@id\":\"https:\/\/www.ringier.com\/de\/#\/schema\/logo\/image\/\",\"url\":\"https:\/\/www.ringier.com\/wp-content\/uploads\/2021\/10\/ringier_logo_2.jpg\",\"contentUrl\":\"https:\/\/www.ringier.com\/wp-content\/uploads\/2021\/10\/ringier_logo_2.jpg\",\"width\":750,\"height\":550,\"caption\":\"Ringier\"},\"image\":{\"@id\":\"https:\/\/www.ringier.com\/de\/#\/schema\/logo\/image\/\"},\"sameAs\":[\"https:\/\/www.facebook.com\/ringierag\/\",\"https:\/\/x.com\/ringier_ag\",\"https:\/\/www.instagram.com\/ringier_ag\/\",\"https:\/\/www.linkedin.com\/company\/ringier\/\",\"https:\/\/www.youtube.com\/user\/RingierComm\",\"https:\/\/en.wikipedia.org\/wiki\/Ringier\",\"https:\/\/de.wikipedia.org\/wiki\/Ringier\",\"https:\/\/fr.wikipedia.org\/wiki\/Ringier\",\"https:\/\/www.crunchbase.com\/organization\/ringier-ag\"]},{\"@type\":\"Person\",\"@id\":\"https:\/\/www.ringier.com\/de\/#\/schema\/person\/4cf76a308dc4b2bb5121bd1e7b752e52\",\"name\":\"Ringier Corporate Communications\",\"image\":{\"@type\":\"ImageObject\",\"inLanguage\":\"de-DE\",\"@id\":\"https:\/\/www.ringier.com\/de\/#\/schema\/person\/image\/\",\"url\":\"https:\/\/secure.gravatar.com\/avatar\/9391e20481368d5df4fe3e1e476c13b27786347489822ec1ed07e532bb41f587?s=96&d=mm&r=g\",\"contentUrl\":\"https:\/\/secure.gravatar.com\/avatar\/9391e20481368d5df4fe3e1e476c13b27786347489822ec1ed07e532bb41f587?s=96&d=mm&r=g\",\"caption\":\"Ringier Corporate Communications\"},\"sameAs\":[\"https:\/\/www.ringier.com\"]}]}<\/script>\n<!-- \/ Yoast SEO Premium plugin. -->","yoast_head_json":{"title":"Neue Zusammensetzung des Verwaltungsrates der DeinDeal AG - Ringier","robots":{"index":"index","follow":"follow","max-snippet":"max-snippet:-1","max-image-preview":"max-image-preview:large","max-video-preview":"max-video-preview:-1"},"canonical":"https:\/\/www.ringier.com\/de\/neue-zusammensetzung-des-verwaltungsrates-der-deindeal-ag\/","og_locale":"de_DE","og_type":"article","og_title":"Neue Zusammensetzung des Verwaltungsrates der DeinDeal AG","og_description":"Die DeinDeal AG hat im Rahmen des Vollzugs der angek\u00fcndigten Fusion mit der eCommerce-Plattform My-Store den Verwaltungsrat neu konstituiert: Einsitz nehmen neu Maurizio Pierazzi, Robin Lingg und Xiaoqun Clever \u2013 Ringier CEO Marc Walder sowie DeinDeal-Gr\u00fcnder Amir Suissa haben ihr Mandat abgegeben. Der Verwaltungsrat wird wie bisher von Thomas Kaiser, CEO Ringier Digital, pr\u00e4sidiert.","og_url":"https:\/\/www.ringier.com\/de\/neue-zusammensetzung-des-verwaltungsrates-der-deindeal-ag\/","og_site_name":"Ringier","article_publisher":"https:\/\/www.facebook.com\/ringierag\/","article_published_time":"2016-06-24T14:14:00+00:00","article_modified_time":"2024-11-22T13:14:27+00:00","og_image":[{"width":767,"height":396,"url":"https:\/\/www.ringier.com\/wp-content\/uploads\/2021\/09\/logo-deindeal-1.jpg","type":"image\/jpeg"}],"author":"Ringier Corporate Communications","twitter_card":"summary_large_image","twitter_creator":"@ringier_ag","twitter_site":"@ringier_ag","twitter_misc":{"Verfasst von":"Ringier Corporate Communications","Gesch\u00e4tzte Lesezeit":"2 Minuten"},"schema":{"@context":"https:\/\/schema.org","@graph":[{"@type":"Article","@id":"https:\/\/www.ringier.com\/de\/neue-zusammensetzung-des-verwaltungsrates-der-deindeal-ag\/#article","isPartOf":{"@id":"https:\/\/www.ringier.com\/de\/neue-zusammensetzung-des-verwaltungsrates-der-deindeal-ag\/"},"author":{"name":"Ringier Corporate Communications","@id":"https:\/\/www.ringier.com\/de\/#\/schema\/person\/4cf76a308dc4b2bb5121bd1e7b752e52"},"headline":"Neue Zusammensetzung des Verwaltungsrates der DeinDeal AG","datePublished":"2016-06-24T14:14:00+00:00","dateModified":"2024-11-22T13:14:27+00:00","mainEntityOfPage":{"@id":"https:\/\/www.ringier.com\/de\/neue-zusammensetzung-des-verwaltungsrates-der-deindeal-ag\/"},"wordCount":217,"publisher":{"@id":"https:\/\/www.ringier.com\/de\/#organization"},"image":{"@id":"https:\/\/www.ringier.com\/de\/neue-zusammensetzung-des-verwaltungsrates-der-deindeal-ag\/#primaryimage"},"thumbnailUrl":"https:\/\/www.ringier.com\/wp-content\/uploads\/2021\/09\/logo-deindeal-1.jpg","articleSection":["Corporate","Marketplaces"],"inLanguage":"de-DE"},{"@type":"WebPage","@id":"https:\/\/www.ringier.com\/de\/neue-zusammensetzung-des-verwaltungsrates-der-deindeal-ag\/","url":"https:\/\/www.ringier.com\/de\/neue-zusammensetzung-des-verwaltungsrates-der-deindeal-ag\/","name":"Neue Zusammensetzung des Verwaltungsrates der DeinDeal AG - Ringier","isPartOf":{"@id":"https:\/\/www.ringier.com\/de\/#website"},"primaryImageOfPage":{"@id":"https:\/\/www.ringier.com\/de\/neue-zusammensetzung-des-verwaltungsrates-der-deindeal-ag\/#primaryimage"},"image":{"@id":"https:\/\/www.ringier.com\/de\/neue-zusammensetzung-des-verwaltungsrates-der-deindeal-ag\/#primaryimage"},"thumbnailUrl":"https:\/\/www.ringier.com\/wp-content\/uploads\/2021\/09\/logo-deindeal-1.jpg","datePublished":"2016-06-24T14:14:00+00:00","dateModified":"2024-11-22T13:14:27+00:00","breadcrumb":{"@id":"https:\/\/www.ringier.com\/de\/neue-zusammensetzung-des-verwaltungsrates-der-deindeal-ag\/#breadcrumb"},"inLanguage":"de-DE","potentialAction":[{"@type":"ReadAction","target":["https:\/\/www.ringier.com\/de\/neue-zusammensetzung-des-verwaltungsrates-der-deindeal-ag\/"]}]},{"@type":"ImageObject","inLanguage":"de-DE","@id":"https:\/\/www.ringier.com\/de\/neue-zusammensetzung-des-verwaltungsrates-der-deindeal-ag\/#primaryimage","url":"https:\/\/www.ringier.com\/wp-content\/uploads\/2021\/09\/logo-deindeal-1.jpg","contentUrl":"https:\/\/www.ringier.com\/wp-content\/uploads\/2021\/09\/logo-deindeal-1.jpg","width":767,"height":396},{"@type":"BreadcrumbList","@id":"https:\/\/www.ringier.com\/de\/neue-zusammensetzung-des-verwaltungsrates-der-deindeal-ag\/#breadcrumb","itemListElement":[{"@type":"ListItem","position":1,"name":"Home","item":"https:\/\/www.ringier.com\/de\/"},{"@type":"ListItem","position":2,"name":"Neue Zusammensetzung des Verwaltungsrates der DeinDeal AG"}]},{"@type":"WebSite","@id":"https:\/\/www.ringier.com\/de\/#website","url":"https:\/\/www.ringier.com\/de\/","name":"Ringier","description":"We inform. We entertain. We connect","publisher":{"@id":"https:\/\/www.ringier.com\/de\/#organization"},"potentialAction":[{"@type":"SearchAction","target":{"@type":"EntryPoint","urlTemplate":"https:\/\/www.ringier.com\/de\/?s={search_term_string}"},"query-input":{"@type":"PropertyValueSpecification","valueRequired":true,"valueName":"search_term_string"}}],"inLanguage":"de-DE"},{"@type":"Organization","@id":"https:\/\/www.ringier.com\/de\/#organization","name":"Ringier","url":"https:\/\/www.ringier.com\/de\/","logo":{"@type":"ImageObject","inLanguage":"de-DE","@id":"https:\/\/www.ringier.com\/de\/#\/schema\/logo\/image\/","url":"https:\/\/www.ringier.com\/wp-content\/uploads\/2021\/10\/ringier_logo_2.jpg","contentUrl":"https:\/\/www.ringier.com\/wp-content\/uploads\/2021\/10\/ringier_logo_2.jpg","width":750,"height":550,"caption":"Ringier"},"image":{"@id":"https:\/\/www.ringier.com\/de\/#\/schema\/logo\/image\/"},"sameAs":["https:\/\/www.facebook.com\/ringierag\/","https:\/\/x.com\/ringier_ag","https:\/\/www.instagram.com\/ringier_ag\/","https:\/\/www.linkedin.com\/company\/ringier\/","https:\/\/www.youtube.com\/user\/RingierComm","https:\/\/en.wikipedia.org\/wiki\/Ringier","https:\/\/de.wikipedia.org\/wiki\/Ringier","https:\/\/fr.wikipedia.org\/wiki\/Ringier","https:\/\/www.crunchbase.com\/organization\/ringier-ag"]},{"@type":"Person","@id":"https:\/\/www.ringier.com\/de\/#\/schema\/person\/4cf76a308dc4b2bb5121bd1e7b752e52","name":"Ringier Corporate Communications","image":{"@type":"ImageObject","inLanguage":"de-DE","@id":"https:\/\/www.ringier.com\/de\/#\/schema\/person\/image\/","url":"https:\/\/secure.gravatar.com\/avatar\/9391e20481368d5df4fe3e1e476c13b27786347489822ec1ed07e532bb41f587?s=96&d=mm&r=g","contentUrl":"https:\/\/secure.gravatar.com\/avatar\/9391e20481368d5df4fe3e1e476c13b27786347489822ec1ed07e532bb41f587?s=96&d=mm&r=g","caption":"Ringier Corporate Communications"},"sameAs":["https:\/\/www.ringier.com"]}]}},"_links":{"self":[{"href":"https:\/\/www.ringier.com\/de\/wp-json\/wp\/v2\/posts\/3321","targetHints":{"allow":["GET"]}}],"collection":[{"href":"https:\/\/www.ringier.com\/de\/wp-json\/wp\/v2\/posts"}],"about":[{"href":"https:\/\/www.ringier.com\/de\/wp-json\/wp\/v2\/types\/post"}],"author":[{"embeddable":true,"href":"https:\/\/www.ringier.com\/de\/wp-json\/wp\/v2\/users\/23"}],"replies":[{"embeddable":true,"href":"https:\/\/www.ringier.com\/de\/wp-json\/wp\/v2\/comments?post=3321"}],"version-history":[{"count":0,"href":"https:\/\/www.ringier.com\/de\/wp-json\/wp\/v2\/posts\/3321\/revisions"}],"wp:featuredmedia":[{"embeddable":true,"href":"https:\/\/www.ringier.com\/de\/wp-json\/wp\/v2\/media\/3322"}],"wp:attachment":[{"href":"https:\/\/www.ringier.com\/de\/wp-json\/wp\/v2\/media?parent=3321"}],"wp:term":[{"taxonomy":"category","embeddable":true,"href":"https:\/\/www.ringier.com\/de\/wp-json\/wp\/v2\/categories?post=3321"},{"taxonomy":"post_tag","embeddable":true,"href":"https:\/\/www.ringier.com\/de\/wp-json\/wp\/v2\/tags?post=3321"}],"curies":[{"name":"wp","href":"https:\/\/api.w.org\/{rel}","templated":true}]}}