{"id":328,"date":"2021-06-10T09:25:00","date_gmt":"2021-06-10T07:25:00","guid":{"rendered":"https:\/\/www.ringier.com\/swiss-digital-alliance-appoints-silvano-oeschger-as-managing-director-of-its-onelog-joint-venture-for-sso-operations\/"},"modified":"2024-11-14T14:07:47","modified_gmt":"2024-11-14T13:07:47","slug":"schweizer-digital-allianz-ernennt-silvano-oeschger-zum-geschaeftsfuehrer-ihres-joint-ventures-onelog-zum-sso-betrieb","status":"publish","type":"post","link":"https:\/\/www.ringier.com\/de\/schweizer-digital-allianz-ernennt-silvano-oeschger-zum-geschaeftsfuehrer-ihres-joint-ventures-onelog-zum-sso-betrieb\/","title":{"rendered":"Schweizer Digital-Allianz ernennt Silvano Oeschger zum Gesch\u00e4ftsf\u00fchrer ihres Joint Ventures \u00abOneLog\u00bb zum SSO-Betrieb"},"content":{"rendered":"\n<p>Silvano Oeschger \u00fcbernimmt ab Juni 2021 die Gesch\u00e4ftsf\u00fchrung des Unternehmens OneLog, welches die Einf\u00fchrung einer gemeinsamen Log-in-Technologie f\u00fcr Medienunternehmen in der Schweiz zum Ziel hat. Der 31-J\u00e4hrige ist derzeit als Senior Product Manager Technology bei der TX Group t\u00e4tig und arbeitete zuvor w\u00e4hrend vierzehn Jahren in verschiedenen Funktionen bei Ringier, zuletzt als Senior Projekt Manager Data Services. Der diplomierte Wirtschaftsinformatiker HF verf\u00fcgt \u00fcber profunde Kenntnisse in den Bereichen Publishing und Content Management und ist ein Experte der digitalen Transformation. In seiner neuen Funktion wird Silvano Oeschger von Marcus Dauck, Head Publishing Technology &amp; Services der Ringier AG, unterst\u00fctzt, der das Joint Venture OneLog als Senior Adviser begleiten wird. Marcus Dauck verf\u00fcgt \u00fcber eine dreissigj\u00e4hrige Karriere im IT-Bereich und \u00fcber einer breitgef\u00e4cherten Expertise der digitalen Publizistik.<\/p>\n\n\n\n<p>\u00abDas gemeinsame Ziel der Schweizer Digital-Allianz ist, dass sich m\u00f6glichst viele Nutzer\/-innen einloggen. OneLog ist eine riesige Chance f\u00fcr die Schweizer Medienindustrie und ich freue mich darauf, das mitgestalten zu d\u00fcrfen\u00bb, sagt Silvano Oeschger.<\/p>\n\n\n\n<p>Abdi Scheybani, der die Schweizer Digital-Allianz von Beginn an als externer Gesamtprojektleiter gef\u00fchrt und aufgrund seiner profunden Fachkenntnisse und seines hervorragenden Projektmanagements die bisherigen Projektphasen der Digital-Allianz entscheidend gepr\u00e4gt hat, \u00fcbergibt mit der Gr\u00fcndung des OneLog Joint Ventures seine Rolle an Silvano Oeschger und Marcus Dauck.<\/p>\n\n\n\n<p>Der Verwaltungsrat von OneLog wurde mit der Ernennung von Marco di Bernardo (CTO Pendlermedien, 20 Minuten), Christoph Zimmer (CPO Tamedia Digital Product) sowie von Seiten Ringier mit Kilian K\u00e4mpfen (Chief Technology &amp; Data Officer) zbd Patrick Rademacher (Head of Strategy &amp; Intelligence der Global Media Unit) komplettiert. Bereits im M\u00e4rz 2021 wurden Marc Walder (CEO Ringier AG) als Verwaltungsratspr\u00e4sident und Samuel H\u00fcgli (Mitglied der Gesch\u00e4ftsleitung der TX Group) als Vizepr\u00e4sident des Verwaltungsrats von OneLog berufen.<\/p>\n\n\n\n<p>Die formelle Gr\u00fcndung des Unternehmens OneLog, einem Joint Venture zwischen der TX Group und Ringier, ist per Ende Juni geplant. Sobald CH Media und NZZ das gemeinsame Digital-Allianz Login einf\u00fchren, beabsichtigen auch sie, sich an dem OneLog Joint Venture zu beteiligen.<\/p>\n\n\n\n<p>\u00abDie Nutzerinnen und Nutzer von 20 Minuten k\u00f6nnen das neue Login bereits seit M\u00e4rz verwenden. Das war der erste Umsetzungsschritt auf dem Weg zu einem gemeinsamen Login f\u00fcr die Medien in den Schweiz, einem Projekt, das auch international auf grosses Interesse st\u00f6sst. Mit der Gr\u00fcndung des Gemeinschaftsunternehmens OneLog und der Ernennung des Gesch\u00e4ftsf\u00fchrers z\u00fcnden wir nun die n\u00e4chste Stufe. Ich freue mich sehr, dass wir Silvano Oeschger einen Digitalexperten als Gesch\u00e4ftsf\u00fchrer gewinnen konnten, der die Schweizer Medienlandschaft bestens kennt\u00bb, sagt Samuel H\u00fcgli, Mitglied der Gesch\u00e4ftsleitung TX Group.<\/p>\n\n\n\n<p>OneLog baut auf der Login-Software von Ringier Connect auf, die in den letzten drei Jahren durch Bernd Volf, CEO Ringier Connect, inhouse entwickelt und als Produkt erfolgreich ausgerollt wurde. \u201eF\u00fcr mich ist es eine Auszeichnung, dass unsere Inhouse-SSO-L\u00f6sung als technische Basis von OneLog ausgew\u00e4hlt wurde und fortan die Schweizer Medienindustrie mit seiner innovativen Technologie unterst\u00fctzt, einen grossen digitalen Schritt vorw\u00e4rts zu gehen\u201c, sagt Bernd Volf.<\/p>\n\n\n\n<p>Marc Walder: \u00abDie Gr\u00fcndung der Dachgesellschaft OneLog, die f\u00fcr das Betreiben des gemeinsamen Allianz-Logins verantwortlich zeichnet, ist ein weiterer wichtiger Schritt f\u00fcr den Medienstandort Schweiz. Digitale Dienste k\u00f6nnen Ihre Userinnen und User deutlich besser bedienen, wenn diese eingeloggt sind. Das gilt auch f\u00fcr die Medienindustrie. Die Medienmarken der Allianz-Partner geh\u00f6ren zu den f\u00fchrenden in der Schweiz. Sie brauchen registrierte Nutzer, um diese mit besseren Inhalten und besseren Werbeprodukten zu bedienen. Diese Login-Allianz ist \u00fcberlebenswichtig f\u00fcr die unabh\u00e4ngigen Medien in der Schweiz.\u00bb<\/p>\n\n\n\n<p>Ringier AG, Corporate Communications<\/p>\n","protected":false},"excerpt":{"rendered":"<p>Zur Entwicklung und zum Betrieb einer gemeinsamen Single-Sign-On-Lo\u0308sung der Schweizer Digital-Allianz wird das Gemeinschaftsunternehmen OneLog gegru\u0308ndet. Mit der Besetzung der Gesch\u00e4ftsf\u00fchrung und der Komplettierung ihres Verwaltungsrats nimmt die Gesellschaft OneLog einen wichtigen Schritt.<\/p>\n","protected":false},"author":7,"featured_media":325,"comment_status":"closed","ping_status":"open","sticky":false,"template":"","format":"standard","meta":{"inline_featured_image":false,"footnotes":""},"categories":[44,371,361],"tags":[],"class_list":["post-328","post","type-post","status-publish","format-standard","has-post-thumbnail","hentry","category-corporate-de","category-media-de","category-ringier-medien-schweiz"],"yoast_head":"<!-- This site is optimized with the Yoast SEO Premium plugin v27.0 (Yoast SEO v27.0) - https:\/\/yoast.com\/product\/yoast-seo-premium-wordpress\/ -->\n<title>Schweizer Digital-Allianz ernennt Silvano Oeschger zum Gesch\u00e4ftsf\u00fchrer ihres Joint Ventures \u00abOneLog\u00bb zum SSO-Betrieb - Ringier<\/title>\n<meta name=\"robots\" content=\"index, follow, max-snippet:-1, max-image-preview:large, max-video-preview:-1\" \/>\n<link rel=\"canonical\" href=\"https:\/\/www.ringier.com\/de\/schweizer-digital-allianz-ernennt-silvano-oeschger-zum-geschaeftsfuehrer-ihres-joint-ventures-onelog-zum-sso-betrieb\/\" \/>\n<meta property=\"og:locale\" content=\"de_DE\" \/>\n<meta property=\"og:type\" content=\"article\" \/>\n<meta property=\"og:title\" content=\"Schweizer Digital-Allianz ernennt Silvano Oeschger zum Gesch\u00e4ftsf\u00fchrer ihres Joint Ventures \u00abOneLog\u00bb zum SSO-Betrieb\" \/>\n<meta property=\"og:description\" content=\"Zur Entwicklung und zum Betrieb einer gemeinsamen Single-Sign-On-Lo\u0308sung der Schweizer Digital-Allianz wird das Gemeinschaftsunternehmen OneLog gegru\u0308ndet. Mit der Besetzung der Gesch\u00e4ftsf\u00fchrung und der Komplettierung ihres Verwaltungsrats nimmt die Gesellschaft OneLog einen wichtigen Schritt.\" \/>\n<meta property=\"og:url\" content=\"https:\/\/www.ringier.com\/de\/schweizer-digital-allianz-ernennt-silvano-oeschger-zum-geschaeftsfuehrer-ihres-joint-ventures-onelog-zum-sso-betrieb\/\" \/>\n<meta property=\"og:site_name\" content=\"Ringier\" \/>\n<meta property=\"article:publisher\" content=\"https:\/\/www.facebook.com\/ringierag\/\" \/>\n<meta property=\"article:published_time\" content=\"2021-06-10T07:25:00+00:00\" \/>\n<meta property=\"article:modified_time\" content=\"2024-11-14T13:07:47+00:00\" \/>\n<meta property=\"og:image\" content=\"https:\/\/www.ringier.com\/wp-content\/uploads\/2021\/08\/onelog_logo.jpg\" \/>\n\t<meta property=\"og:image:width\" content=\"1573\" \/>\n\t<meta property=\"og:image:height\" content=\"1049\" \/>\n\t<meta property=\"og:image:type\" content=\"image\/jpeg\" \/>\n<meta name=\"author\" content=\"Marc Liniger\" \/>\n<meta name=\"twitter:card\" content=\"summary_large_image\" \/>\n<meta name=\"twitter:creator\" content=\"@ringier_ag\" \/>\n<meta name=\"twitter:site\" content=\"@ringier_ag\" \/>\n<meta name=\"twitter:label1\" content=\"Verfasst von\" \/>\n\t<meta name=\"twitter:data1\" content=\"Marc Liniger\" \/>\n\t<meta name=\"twitter:label2\" content=\"Gesch\u00e4tzte Lesezeit\" \/>\n\t<meta name=\"twitter:data2\" content=\"4 Minuten\" \/>\n<script type=\"application\/ld+json\" class=\"yoast-schema-graph\">{\"@context\":\"https:\/\/schema.org\",\"@graph\":[{\"@type\":\"Article\",\"@id\":\"https:\/\/www.ringier.com\/de\/schweizer-digital-allianz-ernennt-silvano-oeschger-zum-geschaeftsfuehrer-ihres-joint-ventures-onelog-zum-sso-betrieb\/#article\",\"isPartOf\":{\"@id\":\"https:\/\/www.ringier.com\/de\/schweizer-digital-allianz-ernennt-silvano-oeschger-zum-geschaeftsfuehrer-ihres-joint-ventures-onelog-zum-sso-betrieb\/\"},\"author\":{\"name\":\"Marc Liniger\",\"@id\":\"https:\/\/www.ringier.com\/de\/#\/schema\/person\/1e03be3d98efb061d1ca29fef411db66\"},\"headline\":\"Schweizer Digital-Allianz ernennt Silvano Oeschger zum Gesch\u00e4ftsf\u00fchrer ihres Joint Ventures \u00abOneLog\u00bb zum SSO-Betrieb\",\"datePublished\":\"2021-06-10T07:25:00+00:00\",\"dateModified\":\"2024-11-14T13:07:47+00:00\",\"mainEntityOfPage\":{\"@id\":\"https:\/\/www.ringier.com\/de\/schweizer-digital-allianz-ernennt-silvano-oeschger-zum-geschaeftsfuehrer-ihres-joint-ventures-onelog-zum-sso-betrieb\/\"},\"wordCount\":623,\"publisher\":{\"@id\":\"https:\/\/www.ringier.com\/de\/#organization\"},\"image\":{\"@id\":\"https:\/\/www.ringier.com\/de\/schweizer-digital-allianz-ernennt-silvano-oeschger-zum-geschaeftsfuehrer-ihres-joint-ventures-onelog-zum-sso-betrieb\/#primaryimage\"},\"thumbnailUrl\":\"https:\/\/www.ringier.com\/wp-content\/uploads\/2021\/08\/onelog_logo.jpg\",\"articleSection\":[\"Corporate\",\"Media\",\"Ringier Medien Schweiz\"],\"inLanguage\":\"de-DE\"},{\"@type\":\"WebPage\",\"@id\":\"https:\/\/www.ringier.com\/de\/schweizer-digital-allianz-ernennt-silvano-oeschger-zum-geschaeftsfuehrer-ihres-joint-ventures-onelog-zum-sso-betrieb\/\",\"url\":\"https:\/\/www.ringier.com\/de\/schweizer-digital-allianz-ernennt-silvano-oeschger-zum-geschaeftsfuehrer-ihres-joint-ventures-onelog-zum-sso-betrieb\/\",\"name\":\"Schweizer Digital-Allianz ernennt Silvano Oeschger zum Gesch\u00e4ftsf\u00fchrer ihres Joint Ventures \u00abOneLog\u00bb zum SSO-Betrieb - Ringier\",\"isPartOf\":{\"@id\":\"https:\/\/www.ringier.com\/de\/#website\"},\"primaryImageOfPage\":{\"@id\":\"https:\/\/www.ringier.com\/de\/schweizer-digital-allianz-ernennt-silvano-oeschger-zum-geschaeftsfuehrer-ihres-joint-ventures-onelog-zum-sso-betrieb\/#primaryimage\"},\"image\":{\"@id\":\"https:\/\/www.ringier.com\/de\/schweizer-digital-allianz-ernennt-silvano-oeschger-zum-geschaeftsfuehrer-ihres-joint-ventures-onelog-zum-sso-betrieb\/#primaryimage\"},\"thumbnailUrl\":\"https:\/\/www.ringier.com\/wp-content\/uploads\/2021\/08\/onelog_logo.jpg\",\"datePublished\":\"2021-06-10T07:25:00+00:00\",\"dateModified\":\"2024-11-14T13:07:47+00:00\",\"breadcrumb\":{\"@id\":\"https:\/\/www.ringier.com\/de\/schweizer-digital-allianz-ernennt-silvano-oeschger-zum-geschaeftsfuehrer-ihres-joint-ventures-onelog-zum-sso-betrieb\/#breadcrumb\"},\"inLanguage\":\"de-DE\",\"potentialAction\":[{\"@type\":\"ReadAction\",\"target\":[\"https:\/\/www.ringier.com\/de\/schweizer-digital-allianz-ernennt-silvano-oeschger-zum-geschaeftsfuehrer-ihres-joint-ventures-onelog-zum-sso-betrieb\/\"]}]},{\"@type\":\"ImageObject\",\"inLanguage\":\"de-DE\",\"@id\":\"https:\/\/www.ringier.com\/de\/schweizer-digital-allianz-ernennt-silvano-oeschger-zum-geschaeftsfuehrer-ihres-joint-ventures-onelog-zum-sso-betrieb\/#primaryimage\",\"url\":\"https:\/\/www.ringier.com\/wp-content\/uploads\/2021\/08\/onelog_logo.jpg\",\"contentUrl\":\"https:\/\/www.ringier.com\/wp-content\/uploads\/2021\/08\/onelog_logo.jpg\",\"width\":1573,\"height\":1049},{\"@type\":\"BreadcrumbList\",\"@id\":\"https:\/\/www.ringier.com\/de\/schweizer-digital-allianz-ernennt-silvano-oeschger-zum-geschaeftsfuehrer-ihres-joint-ventures-onelog-zum-sso-betrieb\/#breadcrumb\",\"itemListElement\":[{\"@type\":\"ListItem\",\"position\":1,\"name\":\"Home\",\"item\":\"https:\/\/www.ringier.com\/de\/\"},{\"@type\":\"ListItem\",\"position\":2,\"name\":\"Schweizer Digital-Allianz ernennt Silvano Oeschger zum Gesch\u00e4ftsf\u00fchrer ihres Joint Ventures \u00abOneLog\u00bb zum SSO-Betrieb\"}]},{\"@type\":\"WebSite\",\"@id\":\"https:\/\/www.ringier.com\/de\/#website\",\"url\":\"https:\/\/www.ringier.com\/de\/\",\"name\":\"Ringier\",\"description\":\"We inform. We entertain. We connect\",\"publisher\":{\"@id\":\"https:\/\/www.ringier.com\/de\/#organization\"},\"potentialAction\":[{\"@type\":\"SearchAction\",\"target\":{\"@type\":\"EntryPoint\",\"urlTemplate\":\"https:\/\/www.ringier.com\/de\/?s={search_term_string}\"},\"query-input\":{\"@type\":\"PropertyValueSpecification\",\"valueRequired\":true,\"valueName\":\"search_term_string\"}}],\"inLanguage\":\"de-DE\"},{\"@type\":\"Organization\",\"@id\":\"https:\/\/www.ringier.com\/de\/#organization\",\"name\":\"Ringier\",\"url\":\"https:\/\/www.ringier.com\/de\/\",\"logo\":{\"@type\":\"ImageObject\",\"inLanguage\":\"de-DE\",\"@id\":\"https:\/\/www.ringier.com\/de\/#\/schema\/logo\/image\/\",\"url\":\"https:\/\/www.ringier.com\/wp-content\/uploads\/2021\/10\/ringier_logo_2.jpg\",\"contentUrl\":\"https:\/\/www.ringier.com\/wp-content\/uploads\/2021\/10\/ringier_logo_2.jpg\",\"width\":750,\"height\":550,\"caption\":\"Ringier\"},\"image\":{\"@id\":\"https:\/\/www.ringier.com\/de\/#\/schema\/logo\/image\/\"},\"sameAs\":[\"https:\/\/www.facebook.com\/ringierag\/\",\"https:\/\/x.com\/ringier_ag\",\"https:\/\/www.instagram.com\/ringier_ag\/\",\"https:\/\/www.linkedin.com\/company\/ringier\/\",\"https:\/\/www.youtube.com\/user\/RingierComm\",\"https:\/\/en.wikipedia.org\/wiki\/Ringier\",\"https:\/\/de.wikipedia.org\/wiki\/Ringier\",\"https:\/\/fr.wikipedia.org\/wiki\/Ringier\",\"https:\/\/www.crunchbase.com\/organization\/ringier-ag\"]},{\"@type\":\"Person\",\"@id\":\"https:\/\/www.ringier.com\/de\/#\/schema\/person\/1e03be3d98efb061d1ca29fef411db66\",\"name\":\"Marc Liniger\",\"image\":{\"@type\":\"ImageObject\",\"inLanguage\":\"de-DE\",\"@id\":\"https:\/\/www.ringier.com\/de\/#\/schema\/person\/image\/\",\"url\":\"https:\/\/secure.gravatar.com\/avatar\/8d184da6aa7bdcc4d1a251ecaf713aa707e2a4c24b859c6360b2b31b83c1020e?s=96&d=mm&r=g\",\"contentUrl\":\"https:\/\/secure.gravatar.com\/avatar\/8d184da6aa7bdcc4d1a251ecaf713aa707e2a4c24b859c6360b2b31b83c1020e?s=96&d=mm&r=g\",\"caption\":\"Marc Liniger\"},\"sameAs\":[\"https:\/\/www.ringier.com\"]}]}<\/script>\n<!-- \/ Yoast SEO Premium plugin. -->","yoast_head_json":{"title":"Schweizer Digital-Allianz ernennt Silvano Oeschger zum Gesch\u00e4ftsf\u00fchrer ihres Joint Ventures \u00abOneLog\u00bb zum SSO-Betrieb - Ringier","robots":{"index":"index","follow":"follow","max-snippet":"max-snippet:-1","max-image-preview":"max-image-preview:large","max-video-preview":"max-video-preview:-1"},"canonical":"https:\/\/www.ringier.com\/de\/schweizer-digital-allianz-ernennt-silvano-oeschger-zum-geschaeftsfuehrer-ihres-joint-ventures-onelog-zum-sso-betrieb\/","og_locale":"de_DE","og_type":"article","og_title":"Schweizer Digital-Allianz ernennt Silvano Oeschger zum Gesch\u00e4ftsf\u00fchrer ihres Joint Ventures \u00abOneLog\u00bb zum SSO-Betrieb","og_description":"Zur Entwicklung und zum Betrieb einer gemeinsamen Single-Sign-On-Lo\u0308sung der Schweizer Digital-Allianz wird das Gemeinschaftsunternehmen OneLog gegru\u0308ndet. Mit der Besetzung der Gesch\u00e4ftsf\u00fchrung und der Komplettierung ihres Verwaltungsrats nimmt die Gesellschaft OneLog einen wichtigen Schritt.","og_url":"https:\/\/www.ringier.com\/de\/schweizer-digital-allianz-ernennt-silvano-oeschger-zum-geschaeftsfuehrer-ihres-joint-ventures-onelog-zum-sso-betrieb\/","og_site_name":"Ringier","article_publisher":"https:\/\/www.facebook.com\/ringierag\/","article_published_time":"2021-06-10T07:25:00+00:00","article_modified_time":"2024-11-14T13:07:47+00:00","og_image":[{"width":1573,"height":1049,"url":"https:\/\/www.ringier.com\/wp-content\/uploads\/2021\/08\/onelog_logo.jpg","type":"image\/jpeg"}],"author":"Marc Liniger","twitter_card":"summary_large_image","twitter_creator":"@ringier_ag","twitter_site":"@ringier_ag","twitter_misc":{"Verfasst von":"Marc Liniger","Gesch\u00e4tzte Lesezeit":"4 Minuten"},"schema":{"@context":"https:\/\/schema.org","@graph":[{"@type":"Article","@id":"https:\/\/www.ringier.com\/de\/schweizer-digital-allianz-ernennt-silvano-oeschger-zum-geschaeftsfuehrer-ihres-joint-ventures-onelog-zum-sso-betrieb\/#article","isPartOf":{"@id":"https:\/\/www.ringier.com\/de\/schweizer-digital-allianz-ernennt-silvano-oeschger-zum-geschaeftsfuehrer-ihres-joint-ventures-onelog-zum-sso-betrieb\/"},"author":{"name":"Marc Liniger","@id":"https:\/\/www.ringier.com\/de\/#\/schema\/person\/1e03be3d98efb061d1ca29fef411db66"},"headline":"Schweizer Digital-Allianz ernennt Silvano Oeschger zum Gesch\u00e4ftsf\u00fchrer ihres Joint Ventures \u00abOneLog\u00bb zum SSO-Betrieb","datePublished":"2021-06-10T07:25:00+00:00","dateModified":"2024-11-14T13:07:47+00:00","mainEntityOfPage":{"@id":"https:\/\/www.ringier.com\/de\/schweizer-digital-allianz-ernennt-silvano-oeschger-zum-geschaeftsfuehrer-ihres-joint-ventures-onelog-zum-sso-betrieb\/"},"wordCount":623,"publisher":{"@id":"https:\/\/www.ringier.com\/de\/#organization"},"image":{"@id":"https:\/\/www.ringier.com\/de\/schweizer-digital-allianz-ernennt-silvano-oeschger-zum-geschaeftsfuehrer-ihres-joint-ventures-onelog-zum-sso-betrieb\/#primaryimage"},"thumbnailUrl":"https:\/\/www.ringier.com\/wp-content\/uploads\/2021\/08\/onelog_logo.jpg","articleSection":["Corporate","Media","Ringier Medien Schweiz"],"inLanguage":"de-DE"},{"@type":"WebPage","@id":"https:\/\/www.ringier.com\/de\/schweizer-digital-allianz-ernennt-silvano-oeschger-zum-geschaeftsfuehrer-ihres-joint-ventures-onelog-zum-sso-betrieb\/","url":"https:\/\/www.ringier.com\/de\/schweizer-digital-allianz-ernennt-silvano-oeschger-zum-geschaeftsfuehrer-ihres-joint-ventures-onelog-zum-sso-betrieb\/","name":"Schweizer Digital-Allianz ernennt Silvano Oeschger zum Gesch\u00e4ftsf\u00fchrer ihres Joint Ventures \u00abOneLog\u00bb zum SSO-Betrieb - Ringier","isPartOf":{"@id":"https:\/\/www.ringier.com\/de\/#website"},"primaryImageOfPage":{"@id":"https:\/\/www.ringier.com\/de\/schweizer-digital-allianz-ernennt-silvano-oeschger-zum-geschaeftsfuehrer-ihres-joint-ventures-onelog-zum-sso-betrieb\/#primaryimage"},"image":{"@id":"https:\/\/www.ringier.com\/de\/schweizer-digital-allianz-ernennt-silvano-oeschger-zum-geschaeftsfuehrer-ihres-joint-ventures-onelog-zum-sso-betrieb\/#primaryimage"},"thumbnailUrl":"https:\/\/www.ringier.com\/wp-content\/uploads\/2021\/08\/onelog_logo.jpg","datePublished":"2021-06-10T07:25:00+00:00","dateModified":"2024-11-14T13:07:47+00:00","breadcrumb":{"@id":"https:\/\/www.ringier.com\/de\/schweizer-digital-allianz-ernennt-silvano-oeschger-zum-geschaeftsfuehrer-ihres-joint-ventures-onelog-zum-sso-betrieb\/#breadcrumb"},"inLanguage":"de-DE","potentialAction":[{"@type":"ReadAction","target":["https:\/\/www.ringier.com\/de\/schweizer-digital-allianz-ernennt-silvano-oeschger-zum-geschaeftsfuehrer-ihres-joint-ventures-onelog-zum-sso-betrieb\/"]}]},{"@type":"ImageObject","inLanguage":"de-DE","@id":"https:\/\/www.ringier.com\/de\/schweizer-digital-allianz-ernennt-silvano-oeschger-zum-geschaeftsfuehrer-ihres-joint-ventures-onelog-zum-sso-betrieb\/#primaryimage","url":"https:\/\/www.ringier.com\/wp-content\/uploads\/2021\/08\/onelog_logo.jpg","contentUrl":"https:\/\/www.ringier.com\/wp-content\/uploads\/2021\/08\/onelog_logo.jpg","width":1573,"height":1049},{"@type":"BreadcrumbList","@id":"https:\/\/www.ringier.com\/de\/schweizer-digital-allianz-ernennt-silvano-oeschger-zum-geschaeftsfuehrer-ihres-joint-ventures-onelog-zum-sso-betrieb\/#breadcrumb","itemListElement":[{"@type":"ListItem","position":1,"name":"Home","item":"https:\/\/www.ringier.com\/de\/"},{"@type":"ListItem","position":2,"name":"Schweizer Digital-Allianz ernennt Silvano Oeschger zum Gesch\u00e4ftsf\u00fchrer ihres Joint Ventures \u00abOneLog\u00bb zum SSO-Betrieb"}]},{"@type":"WebSite","@id":"https:\/\/www.ringier.com\/de\/#website","url":"https:\/\/www.ringier.com\/de\/","name":"Ringier","description":"We inform. We entertain. We connect","publisher":{"@id":"https:\/\/www.ringier.com\/de\/#organization"},"potentialAction":[{"@type":"SearchAction","target":{"@type":"EntryPoint","urlTemplate":"https:\/\/www.ringier.com\/de\/?s={search_term_string}"},"query-input":{"@type":"PropertyValueSpecification","valueRequired":true,"valueName":"search_term_string"}}],"inLanguage":"de-DE"},{"@type":"Organization","@id":"https:\/\/www.ringier.com\/de\/#organization","name":"Ringier","url":"https:\/\/www.ringier.com\/de\/","logo":{"@type":"ImageObject","inLanguage":"de-DE","@id":"https:\/\/www.ringier.com\/de\/#\/schema\/logo\/image\/","url":"https:\/\/www.ringier.com\/wp-content\/uploads\/2021\/10\/ringier_logo_2.jpg","contentUrl":"https:\/\/www.ringier.com\/wp-content\/uploads\/2021\/10\/ringier_logo_2.jpg","width":750,"height":550,"caption":"Ringier"},"image":{"@id":"https:\/\/www.ringier.com\/de\/#\/schema\/logo\/image\/"},"sameAs":["https:\/\/www.facebook.com\/ringierag\/","https:\/\/x.com\/ringier_ag","https:\/\/www.instagram.com\/ringier_ag\/","https:\/\/www.linkedin.com\/company\/ringier\/","https:\/\/www.youtube.com\/user\/RingierComm","https:\/\/en.wikipedia.org\/wiki\/Ringier","https:\/\/de.wikipedia.org\/wiki\/Ringier","https:\/\/fr.wikipedia.org\/wiki\/Ringier","https:\/\/www.crunchbase.com\/organization\/ringier-ag"]},{"@type":"Person","@id":"https:\/\/www.ringier.com\/de\/#\/schema\/person\/1e03be3d98efb061d1ca29fef411db66","name":"Marc Liniger","image":{"@type":"ImageObject","inLanguage":"de-DE","@id":"https:\/\/www.ringier.com\/de\/#\/schema\/person\/image\/","url":"https:\/\/secure.gravatar.com\/avatar\/8d184da6aa7bdcc4d1a251ecaf713aa707e2a4c24b859c6360b2b31b83c1020e?s=96&d=mm&r=g","contentUrl":"https:\/\/secure.gravatar.com\/avatar\/8d184da6aa7bdcc4d1a251ecaf713aa707e2a4c24b859c6360b2b31b83c1020e?s=96&d=mm&r=g","caption":"Marc Liniger"},"sameAs":["https:\/\/www.ringier.com"]}]}},"_links":{"self":[{"href":"https:\/\/www.ringier.com\/de\/wp-json\/wp\/v2\/posts\/328","targetHints":{"allow":["GET"]}}],"collection":[{"href":"https:\/\/www.ringier.com\/de\/wp-json\/wp\/v2\/posts"}],"about":[{"href":"https:\/\/www.ringier.com\/de\/wp-json\/wp\/v2\/types\/post"}],"author":[{"embeddable":true,"href":"https:\/\/www.ringier.com\/de\/wp-json\/wp\/v2\/users\/7"}],"replies":[{"embeddable":true,"href":"https:\/\/www.ringier.com\/de\/wp-json\/wp\/v2\/comments?post=328"}],"version-history":[{"count":0,"href":"https:\/\/www.ringier.com\/de\/wp-json\/wp\/v2\/posts\/328\/revisions"}],"wp:featuredmedia":[{"embeddable":true,"href":"https:\/\/www.ringier.com\/de\/wp-json\/wp\/v2\/media\/325"}],"wp:attachment":[{"href":"https:\/\/www.ringier.com\/de\/wp-json\/wp\/v2\/media?parent=328"}],"wp:term":[{"taxonomy":"category","embeddable":true,"href":"https:\/\/www.ringier.com\/de\/wp-json\/wp\/v2\/categories?post=328"},{"taxonomy":"post_tag","embeddable":true,"href":"https:\/\/www.ringier.com\/de\/wp-json\/wp\/v2\/tags?post=328"}],"curies":[{"name":"wp","href":"https:\/\/api.w.org\/{rel}","templated":true}]}}