{"id":3183,"date":"2014-04-09T16:50:00","date_gmt":"2014-04-09T14:50:00","guid":{"rendered":"https:\/\/www.ringier.com\/?p=3183"},"modified":"2024-11-27T12:16:02","modified_gmt":"2024-11-27T11:16:02","slug":"neue-beteiligung-im-stark-wachsenden-recommerce-geschaeft","status":"publish","type":"post","link":"https:\/\/www.ringier.com\/de\/neue-beteiligung-im-stark-wachsenden-recommerce-geschaeft\/","title":{"rendered":"Neue Beteiligung im stark wachsenden Recommerce-Gesch\u00e4ft"},"content":{"rendered":"\n<p>Ringier Digital und die Venture Capital Gesellschaft b-to-v Partners investieren in das Schweizer Online-Startup&nbsp;<a href=\"http:\/\/www.verkaufen.ch\/\" target=\"_blank\" rel=\"noreferrer noopener\">Recommerce AG<\/a>, das die Plattformen verkaufen.ch, vendre.ch und vendere.ch betreibt. Die beiden Gesellschaften halten damit zusammen 20 Prozent der Firmenanteile. Mittels Medialeistungen aus s\u00e4mtlichen Ringier-Gesch\u00e4ftsbereichen engagiert sich Ringier erstmals auch in Form von Medialeistung (sog. Media-for-Equity). Die Recommerce AG profitiert dabei nicht nur von der grossen Medienreichweite, sondern auch von der Expertise erfolgreicher Unternehmer aus dem Ringier- und b-to-v-Netzwerk.<br><br>Gemeinsam mit b-to-v Partners, dem f\u00fchrenden Netzwerk unternehmerischer Privatinvestoren, beteiligt sich Ringier Digital mit 20 Prozent an der innovativen eCommerce-Plattform verkaufen.ch. Nebst einer finanziellen Beteiligung beider Partner erfolgt das Engagement von Ringier Digital auch in Form von Media-for-Equity. Das Prinzip, Werbezeiten und Werbepl\u00e4tze im Tausch gegen Firmenanteile, erm\u00f6glicht jungen Unternehmen einen hohen Werbedruck aufzubauen sowie zielgruppengenaues Marketing und damit einen schnellen Markenaufbau. Thomas Kaiser, Chief Digital Officer Ringier: \u00abRingier Digital engagiert sich in wachstumsstarken Consumer-M\u00e4rkten. Der Verkauf von privaten, gebrauchten Consumer-Produkten hat grosses Potenzial. Hinter der Recommerce AG steht zudem ein engagiertes und erfahrenes Team mit einer cleveren, skalierbaren Gesch\u00e4ftsidee.\u00bb Nebst Medialeistungen stellt Ringier auch sein Fachwissen als gr\u00f6sstes Schweizer Medienunternehmen zur Verf\u00fcgung. Recommerce-COO Peter Oertlin ist erfreut: \u00abDas Engagement zweier so erfahrener Partner ist ein sch\u00f6nes Zeichen, dass wir auf dem richtigen Weg sind. Dank Media-for-Equity k\u00f6nnen wir unsere Dienstleistungen einer breiten Bev\u00f6lkerung vorstellen.\u00bb<br><br><strong>Weitere gemeinsame Beteiligungen geplant<\/strong><br>Als diversifiziertes Medienhaus mit den strategischen Bereichen Publishing, Digital und Entertainment will Ringier auch k\u00fcnftig Innovation beschleunigen und sich zusammen mit b-to-v Partners an ausgesuchten, zukunftsorientierten Schweizer Startups beteiligen. Florian Schweitzer, Partner und Mitgr\u00fcnder von b-to-v zur Zusammenarbeit mit Ringier: \u00abMit unserer geb\u00fcndelten St\u00e4rke aus finanzieller Unterst\u00fctzung, Know-how und Netzwerk k\u00f6nnen wir junge Schweizer Start-ups noch nachhaltiger unterst\u00fctzen.\u00bb<\/p>\n\n\n\n<p><em><strong>Recommerce AG<\/strong><\/em><br><em>Unter&nbsp;<a href=\"http:\/\/www.verkaufen.ch\/\" target=\"_blank\" rel=\"noreferrer noopener\">www.verkaufen.ch<\/a>,&nbsp;<a href=\"http:\/\/www.vendre.ch\/\">www.vendre.ch&nbsp;<\/a>und&nbsp;<a href=\"http:\/\/www.vendere.ch\/\" target=\"_blank\" rel=\"noreferrer noopener\">www.vendere.ch<\/a>&nbsp;betreibt die Recommerce AG Online-Plattformen f\u00fcr den Ankauf und die Reparatur von mobilen Endger\u00e4ten. Das einfach verst\u00e4ndliche Gesch\u00e4ftsmodell f\u00fcr Privat- und Gesch\u00e4ftskunden gewinnt in der Schweiz zunehmend an Aufmerksamkeit. Das Startup kauft und repariert zun\u00e4chst gebrauchte Mobilger\u00e4te. Beim Kauf wird der Ger\u00e4tewert sofort auf der Website ermittelt, das Mobile Device kann kostenlos eingeschickt werden und der Betrag wird innerhalb von 48 Stunden ausbezahlt. Recommerce wurde 2012 gegr\u00fcndet und besch\u00e4ftigt 11 Mitarbeitende am Firmensitz in Rotkreuz.<\/em><\/p>\n\n\n\n<p><strong>Weitere Informationen:<\/strong><br><br>Ringier Digital<br>Cornelia Magnin<br>Corporate Communication Specialist<br>Tel. +41 (0)31 744 12 42&nbsp;&nbsp;&nbsp;<br>&nbsp;<\/p>\n\n\n\n<p>Pressekontakt b-to-v Partners AG<br>Lennart Meyer<br>HOSCHKE &amp; CONSORTEN Public Relations GmbH<br>Tel. +49 (0) 40 36 90 50 32<\/p>\n","protected":false},"excerpt":{"rendered":"<p>Ringier Digital und b-to-v Partners investieren in die Schweizer Online-Plattform verkaufen.ch (vendre.ch, vendere.ch) &#8211; weitere gemeinsame Beteiligungen an Schweizer Jungunternehmen in Planung.<\/p>\n","protected":false},"author":23,"featured_media":3184,"comment_status":"closed","ping_status":"open","sticky":false,"template":"","format":"standard","meta":{"inline_featured_image":false,"footnotes":""},"categories":[44,376],"tags":[],"class_list":["post-3183","post","type-post","status-publish","format-standard","has-post-thumbnail","hentry","category-corporate-de","category-marketplaces-de"],"yoast_head":"<!-- This site is optimized with the Yoast SEO Premium plugin v27.0 (Yoast SEO v27.0) - https:\/\/yoast.com\/product\/yoast-seo-premium-wordpress\/ -->\n<title>Neue Beteiligung im stark wachsenden Recommerce-Gesch\u00e4ft - Ringier<\/title>\n<meta name=\"robots\" content=\"index, follow, max-snippet:-1, max-image-preview:large, max-video-preview:-1\" \/>\n<link rel=\"canonical\" href=\"https:\/\/www.ringier.com\/de\/neue-beteiligung-im-stark-wachsenden-recommerce-geschaeft\/\" \/>\n<meta property=\"og:locale\" content=\"de_DE\" \/>\n<meta property=\"og:type\" content=\"article\" \/>\n<meta property=\"og:title\" content=\"Neue Beteiligung im stark wachsenden Recommerce-Gesch\u00e4ft\" \/>\n<meta property=\"og:description\" content=\"Ringier Digital und b-to-v Partners investieren in die Schweizer Online-Plattform verkaufen.ch (vendre.ch, vendere.ch) - weitere gemeinsame Beteiligungen an Schweizer Jungunternehmen in Planung.\" \/>\n<meta property=\"og:url\" content=\"https:\/\/www.ringier.com\/de\/neue-beteiligung-im-stark-wachsenden-recommerce-geschaeft\/\" \/>\n<meta property=\"og:site_name\" content=\"Ringier\" \/>\n<meta property=\"article:publisher\" content=\"https:\/\/www.facebook.com\/ringierag\/\" \/>\n<meta property=\"article:published_time\" content=\"2014-04-09T14:50:00+00:00\" \/>\n<meta property=\"article:modified_time\" content=\"2024-11-27T11:16:02+00:00\" \/>\n<meta property=\"og:image\" content=\"https:\/\/www.ringier.com\/wp-content\/uploads\/2021\/08\/Verkaufen-ch_Logo.gif\" \/>\n\t<meta property=\"og:image:width\" content=\"700\" \/>\n\t<meta property=\"og:image:height\" content=\"400\" \/>\n\t<meta property=\"og:image:type\" content=\"image\/gif\" \/>\n<meta name=\"author\" content=\"Ringier Corporate Communications\" \/>\n<meta name=\"twitter:card\" content=\"summary_large_image\" \/>\n<meta name=\"twitter:creator\" content=\"@ringier_ag\" \/>\n<meta name=\"twitter:site\" content=\"@ringier_ag\" \/>\n<meta name=\"twitter:label1\" content=\"Verfasst von\" \/>\n\t<meta name=\"twitter:data1\" content=\"Ringier Corporate Communications\" \/>\n\t<meta name=\"twitter:label2\" content=\"Gesch\u00e4tzte Lesezeit\" \/>\n\t<meta name=\"twitter:data2\" content=\"3 Minuten\" \/>\n<script type=\"application\/ld+json\" class=\"yoast-schema-graph\">{\"@context\":\"https:\/\/schema.org\",\"@graph\":[{\"@type\":\"Article\",\"@id\":\"https:\/\/www.ringier.com\/de\/neue-beteiligung-im-stark-wachsenden-recommerce-geschaeft\/#article\",\"isPartOf\":{\"@id\":\"https:\/\/www.ringier.com\/de\/neue-beteiligung-im-stark-wachsenden-recommerce-geschaeft\/\"},\"author\":{\"name\":\"Ringier Corporate Communications\",\"@id\":\"https:\/\/www.ringier.com\/de\/#\/schema\/person\/4cf76a308dc4b2bb5121bd1e7b752e52\"},\"headline\":\"Neue Beteiligung im stark wachsenden Recommerce-Gesch\u00e4ft\",\"datePublished\":\"2014-04-09T14:50:00+00:00\",\"dateModified\":\"2024-11-27T11:16:02+00:00\",\"mainEntityOfPage\":{\"@id\":\"https:\/\/www.ringier.com\/de\/neue-beteiligung-im-stark-wachsenden-recommerce-geschaeft\/\"},\"wordCount\":431,\"publisher\":{\"@id\":\"https:\/\/www.ringier.com\/de\/#organization\"},\"image\":{\"@id\":\"https:\/\/www.ringier.com\/de\/neue-beteiligung-im-stark-wachsenden-recommerce-geschaeft\/#primaryimage\"},\"thumbnailUrl\":\"https:\/\/www.ringier.com\/wp-content\/uploads\/2021\/08\/Verkaufen-ch_Logo.gif\",\"articleSection\":[\"Corporate\",\"Marketplaces\"],\"inLanguage\":\"de-DE\"},{\"@type\":\"WebPage\",\"@id\":\"https:\/\/www.ringier.com\/de\/neue-beteiligung-im-stark-wachsenden-recommerce-geschaeft\/\",\"url\":\"https:\/\/www.ringier.com\/de\/neue-beteiligung-im-stark-wachsenden-recommerce-geschaeft\/\",\"name\":\"Neue Beteiligung im stark wachsenden Recommerce-Gesch\u00e4ft - Ringier\",\"isPartOf\":{\"@id\":\"https:\/\/www.ringier.com\/de\/#website\"},\"primaryImageOfPage\":{\"@id\":\"https:\/\/www.ringier.com\/de\/neue-beteiligung-im-stark-wachsenden-recommerce-geschaeft\/#primaryimage\"},\"image\":{\"@id\":\"https:\/\/www.ringier.com\/de\/neue-beteiligung-im-stark-wachsenden-recommerce-geschaeft\/#primaryimage\"},\"thumbnailUrl\":\"https:\/\/www.ringier.com\/wp-content\/uploads\/2021\/08\/Verkaufen-ch_Logo.gif\",\"datePublished\":\"2014-04-09T14:50:00+00:00\",\"dateModified\":\"2024-11-27T11:16:02+00:00\",\"breadcrumb\":{\"@id\":\"https:\/\/www.ringier.com\/de\/neue-beteiligung-im-stark-wachsenden-recommerce-geschaeft\/#breadcrumb\"},\"inLanguage\":\"de-DE\",\"potentialAction\":[{\"@type\":\"ReadAction\",\"target\":[\"https:\/\/www.ringier.com\/de\/neue-beteiligung-im-stark-wachsenden-recommerce-geschaeft\/\"]}]},{\"@type\":\"ImageObject\",\"inLanguage\":\"de-DE\",\"@id\":\"https:\/\/www.ringier.com\/de\/neue-beteiligung-im-stark-wachsenden-recommerce-geschaeft\/#primaryimage\",\"url\":\"https:\/\/www.ringier.com\/wp-content\/uploads\/2021\/08\/Verkaufen-ch_Logo.gif\",\"contentUrl\":\"https:\/\/www.ringier.com\/wp-content\/uploads\/2021\/08\/Verkaufen-ch_Logo.gif\",\"width\":700,\"height\":400},{\"@type\":\"BreadcrumbList\",\"@id\":\"https:\/\/www.ringier.com\/de\/neue-beteiligung-im-stark-wachsenden-recommerce-geschaeft\/#breadcrumb\",\"itemListElement\":[{\"@type\":\"ListItem\",\"position\":1,\"name\":\"Home\",\"item\":\"https:\/\/www.ringier.com\/de\/\"},{\"@type\":\"ListItem\",\"position\":2,\"name\":\"Neue Beteiligung im stark wachsenden Recommerce-Gesch\u00e4ft\"}]},{\"@type\":\"WebSite\",\"@id\":\"https:\/\/www.ringier.com\/de\/#website\",\"url\":\"https:\/\/www.ringier.com\/de\/\",\"name\":\"Ringier\",\"description\":\"We inform. We entertain. We connect\",\"publisher\":{\"@id\":\"https:\/\/www.ringier.com\/de\/#organization\"},\"potentialAction\":[{\"@type\":\"SearchAction\",\"target\":{\"@type\":\"EntryPoint\",\"urlTemplate\":\"https:\/\/www.ringier.com\/de\/?s={search_term_string}\"},\"query-input\":{\"@type\":\"PropertyValueSpecification\",\"valueRequired\":true,\"valueName\":\"search_term_string\"}}],\"inLanguage\":\"de-DE\"},{\"@type\":\"Organization\",\"@id\":\"https:\/\/www.ringier.com\/de\/#organization\",\"name\":\"Ringier\",\"url\":\"https:\/\/www.ringier.com\/de\/\",\"logo\":{\"@type\":\"ImageObject\",\"inLanguage\":\"de-DE\",\"@id\":\"https:\/\/www.ringier.com\/de\/#\/schema\/logo\/image\/\",\"url\":\"https:\/\/www.ringier.com\/wp-content\/uploads\/2021\/10\/ringier_logo_2.jpg\",\"contentUrl\":\"https:\/\/www.ringier.com\/wp-content\/uploads\/2021\/10\/ringier_logo_2.jpg\",\"width\":750,\"height\":550,\"caption\":\"Ringier\"},\"image\":{\"@id\":\"https:\/\/www.ringier.com\/de\/#\/schema\/logo\/image\/\"},\"sameAs\":[\"https:\/\/www.facebook.com\/ringierag\/\",\"https:\/\/x.com\/ringier_ag\",\"https:\/\/www.instagram.com\/ringier_ag\/\",\"https:\/\/www.linkedin.com\/company\/ringier\/\",\"https:\/\/www.youtube.com\/user\/RingierComm\",\"https:\/\/en.wikipedia.org\/wiki\/Ringier\",\"https:\/\/de.wikipedia.org\/wiki\/Ringier\",\"https:\/\/fr.wikipedia.org\/wiki\/Ringier\",\"https:\/\/www.crunchbase.com\/organization\/ringier-ag\"]},{\"@type\":\"Person\",\"@id\":\"https:\/\/www.ringier.com\/de\/#\/schema\/person\/4cf76a308dc4b2bb5121bd1e7b752e52\",\"name\":\"Ringier Corporate Communications\",\"image\":{\"@type\":\"ImageObject\",\"inLanguage\":\"de-DE\",\"@id\":\"https:\/\/www.ringier.com\/de\/#\/schema\/person\/image\/\",\"url\":\"https:\/\/secure.gravatar.com\/avatar\/9391e20481368d5df4fe3e1e476c13b27786347489822ec1ed07e532bb41f587?s=96&d=mm&r=g\",\"contentUrl\":\"https:\/\/secure.gravatar.com\/avatar\/9391e20481368d5df4fe3e1e476c13b27786347489822ec1ed07e532bb41f587?s=96&d=mm&r=g\",\"caption\":\"Ringier Corporate Communications\"},\"sameAs\":[\"https:\/\/www.ringier.com\"]}]}<\/script>\n<!-- \/ Yoast SEO Premium plugin. -->","yoast_head_json":{"title":"Neue Beteiligung im stark wachsenden Recommerce-Gesch\u00e4ft - Ringier","robots":{"index":"index","follow":"follow","max-snippet":"max-snippet:-1","max-image-preview":"max-image-preview:large","max-video-preview":"max-video-preview:-1"},"canonical":"https:\/\/www.ringier.com\/de\/neue-beteiligung-im-stark-wachsenden-recommerce-geschaeft\/","og_locale":"de_DE","og_type":"article","og_title":"Neue Beteiligung im stark wachsenden Recommerce-Gesch\u00e4ft","og_description":"Ringier Digital und b-to-v Partners investieren in die Schweizer Online-Plattform verkaufen.ch (vendre.ch, vendere.ch) - weitere gemeinsame Beteiligungen an Schweizer Jungunternehmen in Planung.","og_url":"https:\/\/www.ringier.com\/de\/neue-beteiligung-im-stark-wachsenden-recommerce-geschaeft\/","og_site_name":"Ringier","article_publisher":"https:\/\/www.facebook.com\/ringierag\/","article_published_time":"2014-04-09T14:50:00+00:00","article_modified_time":"2024-11-27T11:16:02+00:00","og_image":[{"width":700,"height":400,"url":"https:\/\/www.ringier.com\/wp-content\/uploads\/2021\/08\/Verkaufen-ch_Logo.gif","type":"image\/gif"}],"author":"Ringier Corporate Communications","twitter_card":"summary_large_image","twitter_creator":"@ringier_ag","twitter_site":"@ringier_ag","twitter_misc":{"Verfasst von":"Ringier Corporate Communications","Gesch\u00e4tzte Lesezeit":"3 Minuten"},"schema":{"@context":"https:\/\/schema.org","@graph":[{"@type":"Article","@id":"https:\/\/www.ringier.com\/de\/neue-beteiligung-im-stark-wachsenden-recommerce-geschaeft\/#article","isPartOf":{"@id":"https:\/\/www.ringier.com\/de\/neue-beteiligung-im-stark-wachsenden-recommerce-geschaeft\/"},"author":{"name":"Ringier Corporate Communications","@id":"https:\/\/www.ringier.com\/de\/#\/schema\/person\/4cf76a308dc4b2bb5121bd1e7b752e52"},"headline":"Neue Beteiligung im stark wachsenden Recommerce-Gesch\u00e4ft","datePublished":"2014-04-09T14:50:00+00:00","dateModified":"2024-11-27T11:16:02+00:00","mainEntityOfPage":{"@id":"https:\/\/www.ringier.com\/de\/neue-beteiligung-im-stark-wachsenden-recommerce-geschaeft\/"},"wordCount":431,"publisher":{"@id":"https:\/\/www.ringier.com\/de\/#organization"},"image":{"@id":"https:\/\/www.ringier.com\/de\/neue-beteiligung-im-stark-wachsenden-recommerce-geschaeft\/#primaryimage"},"thumbnailUrl":"https:\/\/www.ringier.com\/wp-content\/uploads\/2021\/08\/Verkaufen-ch_Logo.gif","articleSection":["Corporate","Marketplaces"],"inLanguage":"de-DE"},{"@type":"WebPage","@id":"https:\/\/www.ringier.com\/de\/neue-beteiligung-im-stark-wachsenden-recommerce-geschaeft\/","url":"https:\/\/www.ringier.com\/de\/neue-beteiligung-im-stark-wachsenden-recommerce-geschaeft\/","name":"Neue Beteiligung im stark wachsenden Recommerce-Gesch\u00e4ft - Ringier","isPartOf":{"@id":"https:\/\/www.ringier.com\/de\/#website"},"primaryImageOfPage":{"@id":"https:\/\/www.ringier.com\/de\/neue-beteiligung-im-stark-wachsenden-recommerce-geschaeft\/#primaryimage"},"image":{"@id":"https:\/\/www.ringier.com\/de\/neue-beteiligung-im-stark-wachsenden-recommerce-geschaeft\/#primaryimage"},"thumbnailUrl":"https:\/\/www.ringier.com\/wp-content\/uploads\/2021\/08\/Verkaufen-ch_Logo.gif","datePublished":"2014-04-09T14:50:00+00:00","dateModified":"2024-11-27T11:16:02+00:00","breadcrumb":{"@id":"https:\/\/www.ringier.com\/de\/neue-beteiligung-im-stark-wachsenden-recommerce-geschaeft\/#breadcrumb"},"inLanguage":"de-DE","potentialAction":[{"@type":"ReadAction","target":["https:\/\/www.ringier.com\/de\/neue-beteiligung-im-stark-wachsenden-recommerce-geschaeft\/"]}]},{"@type":"ImageObject","inLanguage":"de-DE","@id":"https:\/\/www.ringier.com\/de\/neue-beteiligung-im-stark-wachsenden-recommerce-geschaeft\/#primaryimage","url":"https:\/\/www.ringier.com\/wp-content\/uploads\/2021\/08\/Verkaufen-ch_Logo.gif","contentUrl":"https:\/\/www.ringier.com\/wp-content\/uploads\/2021\/08\/Verkaufen-ch_Logo.gif","width":700,"height":400},{"@type":"BreadcrumbList","@id":"https:\/\/www.ringier.com\/de\/neue-beteiligung-im-stark-wachsenden-recommerce-geschaeft\/#breadcrumb","itemListElement":[{"@type":"ListItem","position":1,"name":"Home","item":"https:\/\/www.ringier.com\/de\/"},{"@type":"ListItem","position":2,"name":"Neue Beteiligung im stark wachsenden Recommerce-Gesch\u00e4ft"}]},{"@type":"WebSite","@id":"https:\/\/www.ringier.com\/de\/#website","url":"https:\/\/www.ringier.com\/de\/","name":"Ringier","description":"We inform. We entertain. We connect","publisher":{"@id":"https:\/\/www.ringier.com\/de\/#organization"},"potentialAction":[{"@type":"SearchAction","target":{"@type":"EntryPoint","urlTemplate":"https:\/\/www.ringier.com\/de\/?s={search_term_string}"},"query-input":{"@type":"PropertyValueSpecification","valueRequired":true,"valueName":"search_term_string"}}],"inLanguage":"de-DE"},{"@type":"Organization","@id":"https:\/\/www.ringier.com\/de\/#organization","name":"Ringier","url":"https:\/\/www.ringier.com\/de\/","logo":{"@type":"ImageObject","inLanguage":"de-DE","@id":"https:\/\/www.ringier.com\/de\/#\/schema\/logo\/image\/","url":"https:\/\/www.ringier.com\/wp-content\/uploads\/2021\/10\/ringier_logo_2.jpg","contentUrl":"https:\/\/www.ringier.com\/wp-content\/uploads\/2021\/10\/ringier_logo_2.jpg","width":750,"height":550,"caption":"Ringier"},"image":{"@id":"https:\/\/www.ringier.com\/de\/#\/schema\/logo\/image\/"},"sameAs":["https:\/\/www.facebook.com\/ringierag\/","https:\/\/x.com\/ringier_ag","https:\/\/www.instagram.com\/ringier_ag\/","https:\/\/www.linkedin.com\/company\/ringier\/","https:\/\/www.youtube.com\/user\/RingierComm","https:\/\/en.wikipedia.org\/wiki\/Ringier","https:\/\/de.wikipedia.org\/wiki\/Ringier","https:\/\/fr.wikipedia.org\/wiki\/Ringier","https:\/\/www.crunchbase.com\/organization\/ringier-ag"]},{"@type":"Person","@id":"https:\/\/www.ringier.com\/de\/#\/schema\/person\/4cf76a308dc4b2bb5121bd1e7b752e52","name":"Ringier Corporate Communications","image":{"@type":"ImageObject","inLanguage":"de-DE","@id":"https:\/\/www.ringier.com\/de\/#\/schema\/person\/image\/","url":"https:\/\/secure.gravatar.com\/avatar\/9391e20481368d5df4fe3e1e476c13b27786347489822ec1ed07e532bb41f587?s=96&d=mm&r=g","contentUrl":"https:\/\/secure.gravatar.com\/avatar\/9391e20481368d5df4fe3e1e476c13b27786347489822ec1ed07e532bb41f587?s=96&d=mm&r=g","caption":"Ringier Corporate Communications"},"sameAs":["https:\/\/www.ringier.com"]}]}},"_links":{"self":[{"href":"https:\/\/www.ringier.com\/de\/wp-json\/wp\/v2\/posts\/3183","targetHints":{"allow":["GET"]}}],"collection":[{"href":"https:\/\/www.ringier.com\/de\/wp-json\/wp\/v2\/posts"}],"about":[{"href":"https:\/\/www.ringier.com\/de\/wp-json\/wp\/v2\/types\/post"}],"author":[{"embeddable":true,"href":"https:\/\/www.ringier.com\/de\/wp-json\/wp\/v2\/users\/23"}],"replies":[{"embeddable":true,"href":"https:\/\/www.ringier.com\/de\/wp-json\/wp\/v2\/comments?post=3183"}],"version-history":[{"count":0,"href":"https:\/\/www.ringier.com\/de\/wp-json\/wp\/v2\/posts\/3183\/revisions"}],"wp:featuredmedia":[{"embeddable":true,"href":"https:\/\/www.ringier.com\/de\/wp-json\/wp\/v2\/media\/3184"}],"wp:attachment":[{"href":"https:\/\/www.ringier.com\/de\/wp-json\/wp\/v2\/media?parent=3183"}],"wp:term":[{"taxonomy":"category","embeddable":true,"href":"https:\/\/www.ringier.com\/de\/wp-json\/wp\/v2\/categories?post=3183"},{"taxonomy":"post_tag","embeddable":true,"href":"https:\/\/www.ringier.com\/de\/wp-json\/wp\/v2\/tags?post=3183"}],"curies":[{"name":"wp","href":"https:\/\/api.w.org\/{rel}","templated":true}]}}