{"id":3120,"date":"2014-05-23T15:51:00","date_gmt":"2014-05-23T13:51:00","guid":{"rendered":"https:\/\/www.ringier.com\/?p=3120"},"modified":"2024-11-27T12:12:18","modified_gmt":"2024-11-27T11:12:18","slug":"roland-mahler-zum-achten-bundesrat-gewaehlt","status":"publish","type":"post","link":"https:\/\/www.ringier.com\/de\/roland-mahler-zum-achten-bundesrat-gewaehlt\/","title":{"rendered":"Roland Mahler zum achten Bundesrat gew\u00e4hlt"},"content":{"rendered":"\n<p>Der Luzerner aus dem Entlebuch leitet eine Transportfirma und ist Studiengangleiter an der h\u00f6heren Fachschule in Sursee (LU). Roland Mahler ist Familienmensch und Organisationstalent, verbringt seine Zeit am liebsten in der Natur mit seiner Familie. Der zweifache Familienvater lebt den Grundsatz \u00abWer A sagt, muss auch B sagen\u00bb. Getreu diesem Motto \u00fcberzeugte Mahler nicht nur die kritische Jury im Casting, sondern auch die Schweizer B\u00fcrgerinnen und B\u00fcrger in der Vorwahl-Runde und schliesslich im Finale. \u00abDas ist eine super Sache und ich freue mich riesig! Ganz herzlichen Dank an alle, die mich so tatkr\u00e4ftig unterst\u00fctzt haben!\u00bb<\/p>\n\n\n\n<p>Die Vereidigung zum achten Bundesrat findet am Montag, 26. Mai in Z\u00fcrich statt. Mahler bezieht am 1. August 2014 sein Bundesrats-B\u00fcro im Newsroom beim&nbsp;<em>Blick&nbsp;<\/em>in Z\u00fcrich.<\/p>\n\n\n\n<p>Kommunikation Ringier Schweiz<\/p>\n","protected":false},"excerpt":{"rendered":"<p>Roland Mahler hat die Wahl zum achten Bundesrat gewonnen. Der 40-j\u00e4hrige Transportunternehmer aus Sch\u00fcpfheim (LU) hat die Leserinnen und Leser des Blick \u00fcberzeugt und setzte sich mit seinem Wahlslogan \u00abFair im Umgang, konkret in der Sache\u00bb gegen die Konkurrenz durch. Der Luzerner gewinnt die Wahl mit einem Stimmenanteil von 53.7 Prozent. Roland Mahler wird das Amt des achten Bundesrats am 1. August antreten und w\u00e4hrend 45 Tagen dem \u00abDepartement f\u00fcrs Volk\u00bb vorstehen.<\/p>\n","protected":false},"author":23,"featured_media":2953,"comment_status":"closed","ping_status":"open","sticky":false,"template":"","format":"standard","meta":{"inline_featured_image":false,"footnotes":""},"categories":[371,361],"tags":[],"class_list":["post-3120","post","type-post","status-publish","format-standard","has-post-thumbnail","hentry","category-media-de","category-ringier-medien-schweiz"],"yoast_head":"<!-- This site is optimized with the Yoast SEO Premium plugin v27.0 (Yoast SEO v27.0) - https:\/\/yoast.com\/product\/yoast-seo-premium-wordpress\/ -->\n<title>Roland Mahler zum achten Bundesrat gew\u00e4hlt - Ringier<\/title>\n<meta name=\"robots\" content=\"index, follow, max-snippet:-1, max-image-preview:large, max-video-preview:-1\" \/>\n<link rel=\"canonical\" href=\"https:\/\/www.ringier.com\/de\/roland-mahler-zum-achten-bundesrat-gewaehlt\/\" \/>\n<meta property=\"og:locale\" content=\"de_DE\" \/>\n<meta property=\"og:type\" content=\"article\" \/>\n<meta property=\"og:title\" content=\"Roland Mahler zum achten Bundesrat gew\u00e4hlt\" \/>\n<meta property=\"og:description\" content=\"Roland Mahler hat die Wahl zum achten Bundesrat gewonnen. Der 40-j\u00e4hrige Transportunternehmer aus Sch\u00fcpfheim (LU) hat die Leserinnen und Leser des Blick \u00fcberzeugt und setzte sich mit seinem Wahlslogan \u00abFair im Umgang, konkret in der Sache\u00bb gegen die Konkurrenz durch. Der Luzerner gewinnt die Wahl mit einem Stimmenanteil von 53.7 Prozent. Roland Mahler wird das Amt des achten Bundesrats am 1. August antreten und w\u00e4hrend 45 Tagen dem \u00abDepartement f\u00fcrs Volk\u00bb vorstehen.\" \/>\n<meta property=\"og:url\" content=\"https:\/\/www.ringier.com\/de\/roland-mahler-zum-achten-bundesrat-gewaehlt\/\" \/>\n<meta property=\"og:site_name\" content=\"Ringier\" \/>\n<meta property=\"article:publisher\" content=\"https:\/\/www.facebook.com\/ringierag\/\" \/>\n<meta property=\"article:published_time\" content=\"2014-05-23T13:51:00+00:00\" \/>\n<meta property=\"article:modified_time\" content=\"2024-11-27T11:12:18+00:00\" \/>\n<meta property=\"og:image\" content=\"https:\/\/www.ringier.com\/wp-content\/uploads\/2021\/08\/Roland_Mahler_20140830.jpg\" \/>\n\t<meta property=\"og:image:width\" content=\"706\" \/>\n\t<meta property=\"og:image:height\" content=\"446\" \/>\n\t<meta property=\"og:image:type\" content=\"image\/jpeg\" \/>\n<meta name=\"author\" content=\"Ringier Corporate Communications\" \/>\n<meta name=\"twitter:card\" content=\"summary_large_image\" \/>\n<meta name=\"twitter:creator\" content=\"@ringier_ag\" \/>\n<meta name=\"twitter:site\" content=\"@ringier_ag\" \/>\n<meta name=\"twitter:label1\" content=\"Verfasst von\" \/>\n\t<meta name=\"twitter:data1\" content=\"Ringier Corporate Communications\" \/>\n\t<meta name=\"twitter:label2\" content=\"Gesch\u00e4tzte Lesezeit\" \/>\n\t<meta name=\"twitter:data2\" content=\"1 Minute\" \/>\n<script type=\"application\/ld+json\" class=\"yoast-schema-graph\">{\"@context\":\"https:\/\/schema.org\",\"@graph\":[{\"@type\":\"Article\",\"@id\":\"https:\/\/www.ringier.com\/de\/roland-mahler-zum-achten-bundesrat-gewaehlt\/#article\",\"isPartOf\":{\"@id\":\"https:\/\/www.ringier.com\/de\/roland-mahler-zum-achten-bundesrat-gewaehlt\/\"},\"author\":{\"name\":\"Ringier Corporate Communications\",\"@id\":\"https:\/\/www.ringier.com\/de\/#\/schema\/person\/4cf76a308dc4b2bb5121bd1e7b752e52\"},\"headline\":\"Roland Mahler zum achten Bundesrat gew\u00e4hlt\",\"datePublished\":\"2014-05-23T13:51:00+00:00\",\"dateModified\":\"2024-11-27T11:12:18+00:00\",\"mainEntityOfPage\":{\"@id\":\"https:\/\/www.ringier.com\/de\/roland-mahler-zum-achten-bundesrat-gewaehlt\/\"},\"wordCount\":139,\"publisher\":{\"@id\":\"https:\/\/www.ringier.com\/de\/#organization\"},\"image\":{\"@id\":\"https:\/\/www.ringier.com\/de\/roland-mahler-zum-achten-bundesrat-gewaehlt\/#primaryimage\"},\"thumbnailUrl\":\"https:\/\/www.ringier.com\/wp-content\/uploads\/2021\/08\/Roland_Mahler_20140830.jpg\",\"articleSection\":[\"Media\",\"Ringier Medien Schweiz\"],\"inLanguage\":\"de-DE\"},{\"@type\":\"WebPage\",\"@id\":\"https:\/\/www.ringier.com\/de\/roland-mahler-zum-achten-bundesrat-gewaehlt\/\",\"url\":\"https:\/\/www.ringier.com\/de\/roland-mahler-zum-achten-bundesrat-gewaehlt\/\",\"name\":\"Roland Mahler zum achten Bundesrat gew\u00e4hlt - Ringier\",\"isPartOf\":{\"@id\":\"https:\/\/www.ringier.com\/de\/#website\"},\"primaryImageOfPage\":{\"@id\":\"https:\/\/www.ringier.com\/de\/roland-mahler-zum-achten-bundesrat-gewaehlt\/#primaryimage\"},\"image\":{\"@id\":\"https:\/\/www.ringier.com\/de\/roland-mahler-zum-achten-bundesrat-gewaehlt\/#primaryimage\"},\"thumbnailUrl\":\"https:\/\/www.ringier.com\/wp-content\/uploads\/2021\/08\/Roland_Mahler_20140830.jpg\",\"datePublished\":\"2014-05-23T13:51:00+00:00\",\"dateModified\":\"2024-11-27T11:12:18+00:00\",\"breadcrumb\":{\"@id\":\"https:\/\/www.ringier.com\/de\/roland-mahler-zum-achten-bundesrat-gewaehlt\/#breadcrumb\"},\"inLanguage\":\"de-DE\",\"potentialAction\":[{\"@type\":\"ReadAction\",\"target\":[\"https:\/\/www.ringier.com\/de\/roland-mahler-zum-achten-bundesrat-gewaehlt\/\"]}]},{\"@type\":\"ImageObject\",\"inLanguage\":\"de-DE\",\"@id\":\"https:\/\/www.ringier.com\/de\/roland-mahler-zum-achten-bundesrat-gewaehlt\/#primaryimage\",\"url\":\"https:\/\/www.ringier.com\/wp-content\/uploads\/2021\/08\/Roland_Mahler_20140830.jpg\",\"contentUrl\":\"https:\/\/www.ringier.com\/wp-content\/uploads\/2021\/08\/Roland_Mahler_20140830.jpg\",\"width\":706,\"height\":446},{\"@type\":\"BreadcrumbList\",\"@id\":\"https:\/\/www.ringier.com\/de\/roland-mahler-zum-achten-bundesrat-gewaehlt\/#breadcrumb\",\"itemListElement\":[{\"@type\":\"ListItem\",\"position\":1,\"name\":\"Home\",\"item\":\"https:\/\/www.ringier.com\/de\/\"},{\"@type\":\"ListItem\",\"position\":2,\"name\":\"Roland Mahler zum achten Bundesrat gew\u00e4hlt\"}]},{\"@type\":\"WebSite\",\"@id\":\"https:\/\/www.ringier.com\/de\/#website\",\"url\":\"https:\/\/www.ringier.com\/de\/\",\"name\":\"Ringier\",\"description\":\"We inform. We entertain. We connect\",\"publisher\":{\"@id\":\"https:\/\/www.ringier.com\/de\/#organization\"},\"potentialAction\":[{\"@type\":\"SearchAction\",\"target\":{\"@type\":\"EntryPoint\",\"urlTemplate\":\"https:\/\/www.ringier.com\/de\/?s={search_term_string}\"},\"query-input\":{\"@type\":\"PropertyValueSpecification\",\"valueRequired\":true,\"valueName\":\"search_term_string\"}}],\"inLanguage\":\"de-DE\"},{\"@type\":\"Organization\",\"@id\":\"https:\/\/www.ringier.com\/de\/#organization\",\"name\":\"Ringier\",\"url\":\"https:\/\/www.ringier.com\/de\/\",\"logo\":{\"@type\":\"ImageObject\",\"inLanguage\":\"de-DE\",\"@id\":\"https:\/\/www.ringier.com\/de\/#\/schema\/logo\/image\/\",\"url\":\"https:\/\/www.ringier.com\/wp-content\/uploads\/2021\/10\/ringier_logo_2.jpg\",\"contentUrl\":\"https:\/\/www.ringier.com\/wp-content\/uploads\/2021\/10\/ringier_logo_2.jpg\",\"width\":750,\"height\":550,\"caption\":\"Ringier\"},\"image\":{\"@id\":\"https:\/\/www.ringier.com\/de\/#\/schema\/logo\/image\/\"},\"sameAs\":[\"https:\/\/www.facebook.com\/ringierag\/\",\"https:\/\/x.com\/ringier_ag\",\"https:\/\/www.instagram.com\/ringier_ag\/\",\"https:\/\/www.linkedin.com\/company\/ringier\/\",\"https:\/\/www.youtube.com\/user\/RingierComm\",\"https:\/\/en.wikipedia.org\/wiki\/Ringier\",\"https:\/\/de.wikipedia.org\/wiki\/Ringier\",\"https:\/\/fr.wikipedia.org\/wiki\/Ringier\",\"https:\/\/www.crunchbase.com\/organization\/ringier-ag\"]},{\"@type\":\"Person\",\"@id\":\"https:\/\/www.ringier.com\/de\/#\/schema\/person\/4cf76a308dc4b2bb5121bd1e7b752e52\",\"name\":\"Ringier Corporate Communications\",\"image\":{\"@type\":\"ImageObject\",\"inLanguage\":\"de-DE\",\"@id\":\"https:\/\/www.ringier.com\/de\/#\/schema\/person\/image\/\",\"url\":\"https:\/\/secure.gravatar.com\/avatar\/9391e20481368d5df4fe3e1e476c13b27786347489822ec1ed07e532bb41f587?s=96&d=mm&r=g\",\"contentUrl\":\"https:\/\/secure.gravatar.com\/avatar\/9391e20481368d5df4fe3e1e476c13b27786347489822ec1ed07e532bb41f587?s=96&d=mm&r=g\",\"caption\":\"Ringier Corporate Communications\"},\"sameAs\":[\"https:\/\/www.ringier.com\"]}]}<\/script>\n<!-- \/ Yoast SEO Premium plugin. -->","yoast_head_json":{"title":"Roland Mahler zum achten Bundesrat gew\u00e4hlt - Ringier","robots":{"index":"index","follow":"follow","max-snippet":"max-snippet:-1","max-image-preview":"max-image-preview:large","max-video-preview":"max-video-preview:-1"},"canonical":"https:\/\/www.ringier.com\/de\/roland-mahler-zum-achten-bundesrat-gewaehlt\/","og_locale":"de_DE","og_type":"article","og_title":"Roland Mahler zum achten Bundesrat gew\u00e4hlt","og_description":"Roland Mahler hat die Wahl zum achten Bundesrat gewonnen. Der 40-j\u00e4hrige Transportunternehmer aus Sch\u00fcpfheim (LU) hat die Leserinnen und Leser des Blick \u00fcberzeugt und setzte sich mit seinem Wahlslogan \u00abFair im Umgang, konkret in der Sache\u00bb gegen die Konkurrenz durch. Der Luzerner gewinnt die Wahl mit einem Stimmenanteil von 53.7 Prozent. Roland Mahler wird das Amt des achten Bundesrats am 1. August antreten und w\u00e4hrend 45 Tagen dem \u00abDepartement f\u00fcrs Volk\u00bb vorstehen.","og_url":"https:\/\/www.ringier.com\/de\/roland-mahler-zum-achten-bundesrat-gewaehlt\/","og_site_name":"Ringier","article_publisher":"https:\/\/www.facebook.com\/ringierag\/","article_published_time":"2014-05-23T13:51:00+00:00","article_modified_time":"2024-11-27T11:12:18+00:00","og_image":[{"width":706,"height":446,"url":"https:\/\/www.ringier.com\/wp-content\/uploads\/2021\/08\/Roland_Mahler_20140830.jpg","type":"image\/jpeg"}],"author":"Ringier Corporate Communications","twitter_card":"summary_large_image","twitter_creator":"@ringier_ag","twitter_site":"@ringier_ag","twitter_misc":{"Verfasst von":"Ringier Corporate Communications","Gesch\u00e4tzte Lesezeit":"1 Minute"},"schema":{"@context":"https:\/\/schema.org","@graph":[{"@type":"Article","@id":"https:\/\/www.ringier.com\/de\/roland-mahler-zum-achten-bundesrat-gewaehlt\/#article","isPartOf":{"@id":"https:\/\/www.ringier.com\/de\/roland-mahler-zum-achten-bundesrat-gewaehlt\/"},"author":{"name":"Ringier Corporate Communications","@id":"https:\/\/www.ringier.com\/de\/#\/schema\/person\/4cf76a308dc4b2bb5121bd1e7b752e52"},"headline":"Roland Mahler zum achten Bundesrat gew\u00e4hlt","datePublished":"2014-05-23T13:51:00+00:00","dateModified":"2024-11-27T11:12:18+00:00","mainEntityOfPage":{"@id":"https:\/\/www.ringier.com\/de\/roland-mahler-zum-achten-bundesrat-gewaehlt\/"},"wordCount":139,"publisher":{"@id":"https:\/\/www.ringier.com\/de\/#organization"},"image":{"@id":"https:\/\/www.ringier.com\/de\/roland-mahler-zum-achten-bundesrat-gewaehlt\/#primaryimage"},"thumbnailUrl":"https:\/\/www.ringier.com\/wp-content\/uploads\/2021\/08\/Roland_Mahler_20140830.jpg","articleSection":["Media","Ringier Medien Schweiz"],"inLanguage":"de-DE"},{"@type":"WebPage","@id":"https:\/\/www.ringier.com\/de\/roland-mahler-zum-achten-bundesrat-gewaehlt\/","url":"https:\/\/www.ringier.com\/de\/roland-mahler-zum-achten-bundesrat-gewaehlt\/","name":"Roland Mahler zum achten Bundesrat gew\u00e4hlt - Ringier","isPartOf":{"@id":"https:\/\/www.ringier.com\/de\/#website"},"primaryImageOfPage":{"@id":"https:\/\/www.ringier.com\/de\/roland-mahler-zum-achten-bundesrat-gewaehlt\/#primaryimage"},"image":{"@id":"https:\/\/www.ringier.com\/de\/roland-mahler-zum-achten-bundesrat-gewaehlt\/#primaryimage"},"thumbnailUrl":"https:\/\/www.ringier.com\/wp-content\/uploads\/2021\/08\/Roland_Mahler_20140830.jpg","datePublished":"2014-05-23T13:51:00+00:00","dateModified":"2024-11-27T11:12:18+00:00","breadcrumb":{"@id":"https:\/\/www.ringier.com\/de\/roland-mahler-zum-achten-bundesrat-gewaehlt\/#breadcrumb"},"inLanguage":"de-DE","potentialAction":[{"@type":"ReadAction","target":["https:\/\/www.ringier.com\/de\/roland-mahler-zum-achten-bundesrat-gewaehlt\/"]}]},{"@type":"ImageObject","inLanguage":"de-DE","@id":"https:\/\/www.ringier.com\/de\/roland-mahler-zum-achten-bundesrat-gewaehlt\/#primaryimage","url":"https:\/\/www.ringier.com\/wp-content\/uploads\/2021\/08\/Roland_Mahler_20140830.jpg","contentUrl":"https:\/\/www.ringier.com\/wp-content\/uploads\/2021\/08\/Roland_Mahler_20140830.jpg","width":706,"height":446},{"@type":"BreadcrumbList","@id":"https:\/\/www.ringier.com\/de\/roland-mahler-zum-achten-bundesrat-gewaehlt\/#breadcrumb","itemListElement":[{"@type":"ListItem","position":1,"name":"Home","item":"https:\/\/www.ringier.com\/de\/"},{"@type":"ListItem","position":2,"name":"Roland Mahler zum achten Bundesrat gew\u00e4hlt"}]},{"@type":"WebSite","@id":"https:\/\/www.ringier.com\/de\/#website","url":"https:\/\/www.ringier.com\/de\/","name":"Ringier","description":"We inform. We entertain. We connect","publisher":{"@id":"https:\/\/www.ringier.com\/de\/#organization"},"potentialAction":[{"@type":"SearchAction","target":{"@type":"EntryPoint","urlTemplate":"https:\/\/www.ringier.com\/de\/?s={search_term_string}"},"query-input":{"@type":"PropertyValueSpecification","valueRequired":true,"valueName":"search_term_string"}}],"inLanguage":"de-DE"},{"@type":"Organization","@id":"https:\/\/www.ringier.com\/de\/#organization","name":"Ringier","url":"https:\/\/www.ringier.com\/de\/","logo":{"@type":"ImageObject","inLanguage":"de-DE","@id":"https:\/\/www.ringier.com\/de\/#\/schema\/logo\/image\/","url":"https:\/\/www.ringier.com\/wp-content\/uploads\/2021\/10\/ringier_logo_2.jpg","contentUrl":"https:\/\/www.ringier.com\/wp-content\/uploads\/2021\/10\/ringier_logo_2.jpg","width":750,"height":550,"caption":"Ringier"},"image":{"@id":"https:\/\/www.ringier.com\/de\/#\/schema\/logo\/image\/"},"sameAs":["https:\/\/www.facebook.com\/ringierag\/","https:\/\/x.com\/ringier_ag","https:\/\/www.instagram.com\/ringier_ag\/","https:\/\/www.linkedin.com\/company\/ringier\/","https:\/\/www.youtube.com\/user\/RingierComm","https:\/\/en.wikipedia.org\/wiki\/Ringier","https:\/\/de.wikipedia.org\/wiki\/Ringier","https:\/\/fr.wikipedia.org\/wiki\/Ringier","https:\/\/www.crunchbase.com\/organization\/ringier-ag"]},{"@type":"Person","@id":"https:\/\/www.ringier.com\/de\/#\/schema\/person\/4cf76a308dc4b2bb5121bd1e7b752e52","name":"Ringier Corporate Communications","image":{"@type":"ImageObject","inLanguage":"de-DE","@id":"https:\/\/www.ringier.com\/de\/#\/schema\/person\/image\/","url":"https:\/\/secure.gravatar.com\/avatar\/9391e20481368d5df4fe3e1e476c13b27786347489822ec1ed07e532bb41f587?s=96&d=mm&r=g","contentUrl":"https:\/\/secure.gravatar.com\/avatar\/9391e20481368d5df4fe3e1e476c13b27786347489822ec1ed07e532bb41f587?s=96&d=mm&r=g","caption":"Ringier Corporate Communications"},"sameAs":["https:\/\/www.ringier.com"]}]}},"_links":{"self":[{"href":"https:\/\/www.ringier.com\/de\/wp-json\/wp\/v2\/posts\/3120","targetHints":{"allow":["GET"]}}],"collection":[{"href":"https:\/\/www.ringier.com\/de\/wp-json\/wp\/v2\/posts"}],"about":[{"href":"https:\/\/www.ringier.com\/de\/wp-json\/wp\/v2\/types\/post"}],"author":[{"embeddable":true,"href":"https:\/\/www.ringier.com\/de\/wp-json\/wp\/v2\/users\/23"}],"replies":[{"embeddable":true,"href":"https:\/\/www.ringier.com\/de\/wp-json\/wp\/v2\/comments?post=3120"}],"version-history":[{"count":0,"href":"https:\/\/www.ringier.com\/de\/wp-json\/wp\/v2\/posts\/3120\/revisions"}],"wp:featuredmedia":[{"embeddable":true,"href":"https:\/\/www.ringier.com\/de\/wp-json\/wp\/v2\/media\/2953"}],"wp:attachment":[{"href":"https:\/\/www.ringier.com\/de\/wp-json\/wp\/v2\/media?parent=3120"}],"wp:term":[{"taxonomy":"category","embeddable":true,"href":"https:\/\/www.ringier.com\/de\/wp-json\/wp\/v2\/categories?post=3120"},{"taxonomy":"post_tag","embeddable":true,"href":"https:\/\/www.ringier.com\/de\/wp-json\/wp\/v2\/tags?post=3120"}],"curies":[{"name":"wp","href":"https:\/\/api.w.org\/{rel}","templated":true}]}}