{"id":3007,"date":"2014-07-14T18:06:00","date_gmt":"2014-07-14T16:06:00","guid":{"rendered":"https:\/\/www.ringier.com\/ringier-and-kkr-partner-to-invest-in-the-growth-of-ringiers-digital-businesses\/"},"modified":"2021-08-25T18:15:06","modified_gmt":"2021-08-25T16:15:06","slug":"ringier-und-kkr-investieren-gemeinsam-in-das-wachstum-von-ringiers-digitalem-geschaeft","status":"publish","type":"post","link":"https:\/\/www.ringier.com\/de\/ringier-und-kkr-investieren-gemeinsam-in-das-wachstum-von-ringiers-digitalem-geschaeft\/","title":{"rendered":"Ringier und KKR investieren gemeinsam in das Wachstum von Ringiers digitalem Gesch\u00e4ft"},"content":{"rendered":"\n<p>KR \u00fcbernimmt einen Anteil von je 49 Prozent an den Ringier Digital AG Tochterfirmen Scout24 Schweiz AG und Omnimedia AG. Unter dem Dach der Scout24 Schweiz AG sind die Online-Marktpl\u00e4tze aus den Bereichen Fahrzeuge (<a href=\"http:\/\/www.autoscout24.ch\/\"><em>autoscout24.ch<\/em><\/a>,&nbsp;<a href=\"http:\/\/www.motoscout24.ch\/\"><em>motoscout24.ch<\/em><\/a>) und Immobilien (<a href=\"http:\/\/www.immoscout24.ch\/\"><em>immoscout24.ch<\/em><\/a>) sowie die Kleinanzeigenplattform&nbsp;<a href=\"http:\/\/www.anibis.ch\/\"><em>anibis.ch<\/em><\/a>&nbsp;vereint.<\/p>\n\n\n\n<p><em>AutoScout24<\/em>&nbsp;ist die Nummer eins unter den Schweizer Onlineportalen f\u00fcr Neu- und Gebrauchtwagen,&nbsp;<em>ImmoScout24<\/em>&nbsp;die f\u00fchrende Schweizer Online-Immobilienplattform und&nbsp;<a href=\"http:\/\/www.anibis.ch\/\"><em>anibis.ch<\/em><\/a>&nbsp;die gr\u00f6sste Kleinanzeigenplattform in der Schweiz. Insgesamt bildet die&nbsp;<em>Scout24<\/em>-Gruppe das umfassendste Schweizer Netzwerk von Online-Marktpl\u00e4tzen. Monatlich verzeichnen die Plattformen rund 21 Millionen Visits. Omnimedia AG ist eine der f\u00fchrenden Online-Vermarkterinnen der Schweiz. Sie bietet nationalen und regionalen Kunden zielgruppengenaue Online-Werbekonzepte an und vermarktet exklusiv die Schweizer&nbsp;<em>Scout24<\/em>-Plattformen.<\/p>\n\n\n\n<p>Marc Walder, Chief Executive Officer Ringier AG: \u00abAls Familienunternehmen suchen wir unsere Partner mit grosser Sorgfalt aus. Wir sind stolz darauf, gemeinsam mit KKR, einem der weltweit f\u00fchrenden Investmentunternehmen mit grosser Erfahrung in den Bereichen Medien und Technologie, die Entwicklung unseres digitalen Gesch\u00e4fts weiter voranzutreiben. Ringier erzielt damit heute bereits 30 Prozent seines Umsatzes. Ziel ist, in drei bis vier Jahren 50 Prozent digitalen Umsatz zu erreichen.\u00bb Walder wird Verwaltungsratspr\u00e4sident der Scout24 Schweiz AG.<\/p>\n\n\n\n<p>Philipp Freise, Partner und Leiter des europ\u00e4ischen Medien- &amp; Digital-Investmentteams bei KKR: \u00abBei dieser Investition geht es insbesondere darum, unser unternehmerisches Kapital in die Partnerschaft mit Ringier einzubringen. Wir sehen erhebliches Potenzial in Scout24 Schweiz und Omnimedia. Beide verf\u00fcgen \u00fcber eine starke nationale Position im attraktiven Schweizer Markt. Wir freuen uns darauf, das Potenzial dieser hochwertigen Unternehmen gemeinsam mit Ringier voll auszusch\u00f6pfen. Dabei k\u00f6nnen die Unternehmen auf KKRs globales Netzwerk von Beratern und auf Technologie spezialisierte Investmentexperten zugreifen.\u00bb<\/p>\n\n\n\n<p>KKR verf\u00fcgt \u00fcber umfassende Erfahrung im Bereich der digitalen Medien. Zu den j\u00fcngsten Investitionen auf diesem Gebiet z\u00e4hlen BMG Rights Management (Joint Venture mit Bertelsmann), Fotolia, ProSiebenSat.1, GoDaddy, InternetBrands und Mitchell International.<\/p>\n\n\n\n<p>Der eigent\u00fcmergef\u00fchrte Investor hat bereits vielfach erfolgreich mit f\u00fchrenden Familienunternehmen zusammengearbeitet, sowohl in Minderheits- als auch Mehrheitsbeteiligungen. Dabei unterst\u00fctzt KKR seine Partner mithilfe seines internationalen Netzwerks und seiner Finanzexpertise bei strategischen und operativen Themen. Die Mittel f\u00fcr die Investition in Scout24 Schweiz und Omnimedia stammen aus dem dritten europ\u00e4ischen Private-Equity-Fonds von KKR.<\/p>\n\n\n\n<p>Die Zusammenarbeit zielt darauf ab, die bereits sehr gute Marktposition der beiden Unternehmen in den n\u00e4chsten Jahren weiter auszubauen. Im internationalen Vergleich weist der Schweizer Onlinesektor ein erhebliches Wachstumspotenzial auf. W\u00e4hrend der Anteil der Online-Werbung im Gesamtwerbemix sehr niedrig ist, werden Breitband- und mobiles Internet intensiv genutzt. Gleichzeitig verf\u00fcgt die Schweiz \u00fcber eine kaufkr\u00e4ftige und innovationsorientierte Wirtschaft. Die Kombination aus diesen Faktoren bildet das Fundament f\u00fcr Ringiers Wachstumsstrategie im digitalen Bereich.<\/p>\n\n\n\n<p>Thomas Kaiser, Chief Digital Officer Ringier AG, verantwortlich f\u00fcr den Gesch\u00e4ftsbereich Ringier Digital und Verwaltungsratsmitglied der Scout24 Schweiz AG: \u00abDie Partnerschaft mit KKR ist eine grosse Chance f\u00fcr unsere Teams, gemeinsam mit f\u00fchrenden Experten das Wachstum der Online-Marktpl\u00e4tze zu beschleunigen und die f\u00fchrende Stellung im Schweizer Classifieds-Markt weiter auszubauen. Wir werden diese Gelegenheit gemeinsam mit dem bestehenden, erfolgreichen Managementteam ergreifen.\u00bb<\/p>\n\n\n\n<p>Bob Bellack, Mitbegr\u00fcnder von&nbsp;<a href=\"http:\/\/www.cars.com\/\"><em>Cars.com<\/em><\/a>&nbsp;und k\u00fcnftiges Verwaltungsratsmitglied der Scout24 Schweiz AG: \u00abDas Potenzial, das der Schweizer Classifieds-Markt bietet, ist faszinierend. Ich freue mich darauf, gemeinsam mit dem Managementteam f\u00fchrende Classifieds-Expertise aus dem U.S.-Markt bei Scout24 Schweiz und Omnimedia einzubringen. Auf diese Weise k\u00f6nnen die Unternehmen den Mehrwert, den sie ihren Kunden und Nutzern bieten, weiter steigern.\u00bb<\/p>\n\n\n\n<p>Die Transaktion steht unter dem Vorbehalt der \u00fcblichen regulatorischen Zustimmungen. Die finanziellen Details werden nicht kommuniziert.<\/p>\n\n\n\n<p>Ringier AG, Corporate Communications<\/p>\n\n\n\n<p><\/p>\n\n\n<div id=\"gutenslider-flfhdsq2l\" class=\"wp-block-eedee-block-gutenslider gs-frontend content-change alignnone arrow-style-1 arrow-position-sides arrow-mb-none arrows-lg arrows-md arrows-sm dot-style-1 dots-lg dots-md dots-sm dot-position-bottom is-position-center-center mb-none wrap-auto-height\" data-parallax-direction=\"down\" data-parallax-amount=\"1.3\" data-lg-transition=\"lg-slide\" data-hash=\"\" ><div class=\"eedee-swiper-outer\" style=\"--gutenslider-min-height: 50vh;--gutenslider-arrow-size: 30px;--gutenslider-dot-size: 25px;--gutenslider-arrow-color: #ffffff;--gutenslider-dot-color: #ffffff;--gutenslider-padding-y-mobile: 40px;--gutenslider-padding-x-mobile: 40px;--gutenslider-padding-y-tablet: 40px;--gutenslider-padding-x-tablet: 40px;--gutenslider-padding-y-desktop: 40px;--gutenslider-padding-x-desktop: 40px;--gutenslider-bg-image: url();--gutenslider-min-height-md: 50vh;--gutenslider-min-height-sm: 50vh;--gutenslider-padding-x: 40px;--gutenslider-padding-x-md: 40px;--gutenslider-padding-x-sm: 20px;--gutenslider-padding-y: 40px;--gutenslider-padding-y-md: 40px;--gutenslider-padding-y-sm: 20px;--gutenslider-arrow-size-md: 30px;--gutenslider-arrow-size-sm: 30px;--gutenslider-dot-size-md: 25px;--gutenslider-dot-size-sm: 25px;--gutenslider-arrow-bg-color: transparent;--gutenslider-arrow-hover-color: #eeeeee;--gutenslider-arrow-bg-hover-color: transparent;--gutenslider-arrow-x-offset: 10px;--gutenslider-arrow-x-offset-md: 10px;--gutenslider-arrow-x-offset-sm: 10px;--gutenslider-arrow-y-offset: 0px;--gutenslider-arrow-y-offset-md: 0px;--gutenslider-arrow-y-offset-sm: 0px;--gutenslider-arrow-x-spacing: 0px;--gutenslider-dot-y-offset: 10px;--gutenslider-dot-y-offset-md: 10px;--gutenslider-dot-y-offset-sm: 10px;--gutenslider-margin-x: 0px;--gutenslider-margin-x-md: 0px;--gutenslider-margin-x-sm: 0px;--gutenslider-margin-y: 0px;--gutenslider-margin-y-md: 0px;--gutenslider-margin-y-sm: 0px;--gutenslider-divider-top: 60px;--gutenslider-divider-bottom: 60px;--gutenslider-lightgallery-bg: #ffffff;--gutenslider-lightgallery-font: #000000;--gs-first-pos: 50% 50%;--gs-gap-vertical: var( --wp--style--gallery-gap-default, var( --gallery-block--gutter-size, var( --wp--style--block-gap, 0.5em ) ) );--gs-gap-horizontal: var( --wp--style--gallery-gap-default, var( --gallery-block--gutter-size, var( --wp--style--block-gap, 0.5em ) ) );\"><div class=\"gutenslider-divider-top\" style=\"color:#fff;\"><\/div><div class=\"swiper\" data-settings='{\"autoplay\":{\"delay\":3000,\"pauseOnMouseEnter\":true,\"disableOnInteraction\":false},\"speed\":700,\"direction\":\"horizontal\",\"autoHeight\":\"\",\"loop\":true,\"centeredSlides\":true,\"spaceBetween\":0,\"slidesPerView\":1,\"slidesPerGroup\":1,\"effect\":\"slide\",\"coverflowEffect\":{\"rotate\":30,\"slideShadows\":false,\"depth\":100,\"stretch\":50,\"modifier\":1},\"fadeEffect\":{\"crossFade\":true},\"zoom\":\"\",\"navigation\":{\"nextEl\":\"#gutenslider-flfhdsq2l .eedee-gutenslider-next\",\"prevEl\":\"#gutenslider-flfhdsq2l .eedee-gutenslider-prev\"},\"pagination\":{\"type\":\"bullets\",\"clickable\":true,\"dynamicBullets\":false,\"el\":\"#gutenslider-flfhdsq2l .eedee-gutenslider-pagination\"},\"pauseOnHover\":\"1\",\"watchSlidesProgress\":true,\"watchSlidesVisibility\":true,\"settingsMd\":{\"autoHeight\":\"\",\"slidesPerView\":1,\"slidesPerGroup\":1,\"spaceBetween\":0,\"loop\":true},\"settingsLg\":{\"autoHeight\":\"\",\"slidesPerView\":1,\"slidesPerGroup\":1,\"spaceBetween\":0,\"loop\":true},\"hasLg\":false,\"hasLgCounter\":true,\"isFullScreen\":false,\"arrowsFollowMouse\":false,\"lgTitle\":\"none\",\"lgCaption\":\"none\",\"lgThumbnails\":true,\"lgZoomEnabled\":false,\"keyboard\":{\"keyboard\":{\"enabled\":true,\"onlyInViewport\":true}},\"hashNavigation\":false,\"dividers\":false}'><div class=\"swiper-wrapper\">\n<div class=\"swiper-slide wp-block-eedee-block-gutenslide is-position-center-center ed-bg-image\" style=\"--ed-vw:300;--ed-vh:190;\" data-hash=\"\"><div class=\"eedee-background-div bg-image\"><img loading=\"lazy\" width=\"706\" height=\"446\" class=\"wp-image-2611\" src=\"https:\/\/www.ringier.com\/wp-content\/uploads\/2021\/08\/Marc-Walder_Horizont_20160815.jpg\" alt=\"\" decoding=\"async\" style=\"object-fit: cover; object-position: 50% 50%;\"  data-title=\"Marc-Walder_Horizont_20160815\" srcset=\"https:\/\/www.ringier.com\/wp-content\/uploads\/2021\/08\/Marc-Walder_Horizont_20160815.jpg 706w, https:\/\/www.ringier.com\/wp-content\/uploads\/2021\/08\/Marc-Walder_Horizont_20160815-300x190.jpg 300w\" sizes=\"auto, (max-width: 706px) 100vw, 706px\" \/><div class=\"eedee-background-div__overlay\" style=\"opacity:1;\"><\/div><\/div><div class=\"slide-content\">\n\n<p class=\"has-text-align-center gutenslider-content-initial has-larger-font-size\"><\/p>\n\n<\/div><\/div>\n\n<div class=\"swiper-slide wp-block-eedee-block-gutenslide is-position-center-center ed-bg-image\" style=\"--ed-vw:300;--ed-vh:190;\" data-hash=\"\"><div class=\"eedee-background-div bg-image\"><img loading=\"lazy\" width=\"706\" height=\"446\" class=\"wp-image-3001\" src=\"https:\/\/www.ringier.com\/wp-content\/uploads\/2021\/08\/Thomas-Kaiser_201407.jpg\" alt=\"\" decoding=\"async\" style=\"object-fit: cover; object-position: 50% 50%;\"  data-title=\"Thomas-Kaiser_201407\" srcset=\"https:\/\/www.ringier.com\/wp-content\/uploads\/2021\/08\/Thomas-Kaiser_201407.jpg 706w, https:\/\/www.ringier.com\/wp-content\/uploads\/2021\/08\/Thomas-Kaiser_201407-300x190.jpg 300w\" sizes=\"auto, (max-width: 706px) 100vw, 706px\" \/><div class=\"eedee-background-div__overlay\" style=\"opacity:1;\"><\/div><\/div><div class=\"slide-content\">\n\n<p class=\"has-text-align-center gutenslider-content-initial has-larger-font-size\"><\/p>\n\n<\/div><\/div>\n\n<div class=\"swiper-slide wp-block-eedee-block-gutenslide is-position-center-center ed-bg-image\" style=\"--ed-vw:300;--ed-vh:190;\" data-hash=\"\"><div class=\"eedee-background-div bg-image\"><img loading=\"lazy\" width=\"706\" height=\"446\" class=\"wp-image-2998\" src=\"https:\/\/www.ringier.com\/wp-content\/uploads\/2021\/08\/Philipp-Freise_201407.jpg\" alt=\"\" decoding=\"async\" style=\"object-fit: cover; object-position: 50% 50%;\"  data-title=\"Philipp-Freise_201407\" srcset=\"https:\/\/www.ringier.com\/wp-content\/uploads\/2021\/08\/Philipp-Freise_201407.jpg 706w, https:\/\/www.ringier.com\/wp-content\/uploads\/2021\/08\/Philipp-Freise_201407-300x190.jpg 300w\" sizes=\"auto, (max-width: 706px) 100vw, 706px\" \/><div class=\"eedee-background-div__overlay\" style=\"opacity:1;\"><\/div><\/div><div class=\"slide-content\">\n\n<p class=\"has-text-align-center gutenslider-content-initial has-larger-font-size\"><\/p>\n\n<\/div><\/div>\n\n<div class=\"swiper-slide wp-block-eedee-block-gutenslide is-position-center-center ed-bg-image\" style=\"--ed-vw:300;--ed-vh:190;\" data-hash=\"\"><div class=\"eedee-background-div bg-image\"><img loading=\"lazy\" width=\"706\" height=\"446\" class=\"wp-image-3004\" src=\"https:\/\/www.ringier.com\/wp-content\/uploads\/2021\/08\/Bob_Bellack_201407.jpg\" alt=\"\" decoding=\"async\" style=\"object-fit: cover; object-position: 50% 50%;\"  data-title=\"Bob_Bellack_201407\" srcset=\"https:\/\/www.ringier.com\/wp-content\/uploads\/2021\/08\/Bob_Bellack_201407.jpg 706w, https:\/\/www.ringier.com\/wp-content\/uploads\/2021\/08\/Bob_Bellack_201407-300x190.jpg 300w\" sizes=\"auto, (max-width: 706px) 100vw, 706px\" \/><div class=\"eedee-background-div__overlay\" style=\"opacity:1;\"><\/div><\/div><div class=\"slide-content\">\n\n<p class=\"has-text-align-center gutenslider-content-initial has-larger-font-size\"><\/p>\n\n<\/div><\/div>\n<\/div><\/div><button class=\"eedee-gutenslider-nav eedee-gutenslider-prev\"><svg xmlns=\"http:\/\/www.w3.org\/2000\/svg\" viewBox=\"0 0 24 24\" width=\"24\" height=\"24\"><circle class=\"bg\" cx=\"13\" cy=\"12\" r=\"11\" \/><path fill=\"none\" d=\"M0 0h24v24H0z\"\/><path class=\"arrow\" d=\"M10.828 12l4.95 4.95-1.414 1.414L8 12l6.364-6.364 1.414 1.414z\"\/><\/svg><\/button><button class=\"eedee-gutenslider-nav eedee-gutenslider-next\"><svg xmlns=\"http:\/\/www.w3.org\/2000\/svg\" viewBox=\"0 0 24 24\" width=\"24\" height=\"24\"><circle class=\"bg\" cx=\"11\" cy=\"12\" r=\"11\" \/><path fill=\"none\" d=\"M0 0h24v24H0z\"\/><path class=\"arrow\" d=\"M13.172 12l-4.95-4.95 1.414-1.414L16 12l-6.364 6.364-1.414-1.414z\"\/><\/svg><\/button><div class=\"eedee-gutenslider-pagination\"><\/div><div class=\"gutenslider-divider-bottom \" style=\"color:#fff;\"><\/div><\/div><\/div>","protected":false},"excerpt":{"rendered":"<p>Ringier, das f\u00fchrende internationale Medienunternehmen der Schweiz, hat mit KKR, einem weltweit f\u00fchrenden Investor, eine langfristige Zusammenarbeit vereinbart. Die digitalen Schweizer Gesch\u00e4fte im Classifieds- und Vermarktungsbereich werden k\u00fcnftig gemeinsam weiterentwickelt.<\/p>\n","protected":false},"author":23,"featured_media":1539,"comment_status":"closed","ping_status":"open","sticky":false,"template":"","format":"standard","meta":{"inline_featured_image":false,"footnotes":""},"categories":[376],"tags":[],"class_list":["post-3007","post","type-post","status-publish","format-standard","has-post-thumbnail","hentry","category-marketplaces-de"],"yoast_head":"<!-- This site is optimized with the Yoast SEO Premium plugin v27.0 (Yoast SEO v27.0) - https:\/\/yoast.com\/product\/yoast-seo-premium-wordpress\/ -->\n<title>Ringier und KKR investieren gemeinsam in das Wachstum von Ringiers digitalem Gesch\u00e4ft - Ringier<\/title>\n<meta name=\"robots\" content=\"index, follow, max-snippet:-1, max-image-preview:large, max-video-preview:-1\" \/>\n<link rel=\"canonical\" href=\"https:\/\/www.ringier.com\/de\/ringier-und-kkr-investieren-gemeinsam-in-das-wachstum-von-ringiers-digitalem-geschaeft\/\" \/>\n<meta property=\"og:locale\" content=\"de_DE\" \/>\n<meta property=\"og:type\" content=\"article\" \/>\n<meta property=\"og:title\" content=\"Ringier und KKR investieren gemeinsam in das Wachstum von Ringiers digitalem Gesch\u00e4ft\" \/>\n<meta property=\"og:description\" content=\"Ringier, das f\u00fchrende internationale Medienunternehmen der Schweiz, hat mit KKR, einem weltweit f\u00fchrenden Investor, eine langfristige Zusammenarbeit vereinbart. Die digitalen Schweizer Gesch\u00e4fte im Classifieds- und Vermarktungsbereich werden k\u00fcnftig gemeinsam weiterentwickelt.\" \/>\n<meta property=\"og:url\" content=\"https:\/\/www.ringier.com\/de\/ringier-und-kkr-investieren-gemeinsam-in-das-wachstum-von-ringiers-digitalem-geschaeft\/\" \/>\n<meta property=\"og:site_name\" content=\"Ringier\" \/>\n<meta property=\"article:publisher\" content=\"https:\/\/www.facebook.com\/ringierag\/\" \/>\n<meta property=\"article:published_time\" content=\"2014-07-14T16:06:00+00:00\" \/>\n<meta property=\"article:modified_time\" content=\"2021-08-25T16:15:06+00:00\" \/>\n<meta property=\"og:image\" content=\"https:\/\/www.ringier.com\/wp-content\/uploads\/2021\/08\/ringier_logo_web_2-1.jpg\" \/>\n\t<meta property=\"og:image:width\" content=\"706\" \/>\n\t<meta property=\"og:image:height\" content=\"446\" \/>\n\t<meta property=\"og:image:type\" content=\"image\/jpeg\" \/>\n<meta name=\"author\" content=\"Ringier Corporate Communications\" \/>\n<meta name=\"twitter:card\" content=\"summary_large_image\" \/>\n<meta name=\"twitter:creator\" content=\"@ringier_ag\" \/>\n<meta name=\"twitter:site\" content=\"@ringier_ag\" \/>\n<meta name=\"twitter:label1\" content=\"Verfasst von\" \/>\n\t<meta name=\"twitter:data1\" content=\"Ringier Corporate Communications\" \/>\n\t<meta name=\"twitter:label2\" content=\"Gesch\u00e4tzte Lesezeit\" \/>\n\t<meta name=\"twitter:data2\" content=\"3 Minuten\" \/>\n<script type=\"application\/ld+json\" class=\"yoast-schema-graph\">{\"@context\":\"https:\/\/schema.org\",\"@graph\":[{\"@type\":\"Article\",\"@id\":\"https:\/\/www.ringier.com\/de\/ringier-und-kkr-investieren-gemeinsam-in-das-wachstum-von-ringiers-digitalem-geschaeft\/#article\",\"isPartOf\":{\"@id\":\"https:\/\/www.ringier.com\/de\/ringier-und-kkr-investieren-gemeinsam-in-das-wachstum-von-ringiers-digitalem-geschaeft\/\"},\"author\":{\"name\":\"Ringier Corporate Communications\",\"@id\":\"https:\/\/www.ringier.com\/de\/#\/schema\/person\/4cf76a308dc4b2bb5121bd1e7b752e52\"},\"headline\":\"Ringier und KKR investieren gemeinsam in das Wachstum von Ringiers digitalem Gesch\u00e4ft\",\"datePublished\":\"2014-07-14T16:06:00+00:00\",\"dateModified\":\"2021-08-25T16:15:06+00:00\",\"mainEntityOfPage\":{\"@id\":\"https:\/\/www.ringier.com\/de\/ringier-und-kkr-investieren-gemeinsam-in-das-wachstum-von-ringiers-digitalem-geschaeft\/\"},\"wordCount\":624,\"publisher\":{\"@id\":\"https:\/\/www.ringier.com\/de\/#organization\"},\"image\":{\"@id\":\"https:\/\/www.ringier.com\/de\/ringier-und-kkr-investieren-gemeinsam-in-das-wachstum-von-ringiers-digitalem-geschaeft\/#primaryimage\"},\"thumbnailUrl\":\"https:\/\/www.ringier.com\/wp-content\/uploads\/2021\/08\/ringier_logo_web_2-1.jpg\",\"articleSection\":[\"Marketplaces\"],\"inLanguage\":\"de-DE\"},{\"@type\":\"WebPage\",\"@id\":\"https:\/\/www.ringier.com\/de\/ringier-und-kkr-investieren-gemeinsam-in-das-wachstum-von-ringiers-digitalem-geschaeft\/\",\"url\":\"https:\/\/www.ringier.com\/de\/ringier-und-kkr-investieren-gemeinsam-in-das-wachstum-von-ringiers-digitalem-geschaeft\/\",\"name\":\"Ringier und KKR investieren gemeinsam in das Wachstum von Ringiers digitalem Gesch\u00e4ft - Ringier\",\"isPartOf\":{\"@id\":\"https:\/\/www.ringier.com\/de\/#website\"},\"primaryImageOfPage\":{\"@id\":\"https:\/\/www.ringier.com\/de\/ringier-und-kkr-investieren-gemeinsam-in-das-wachstum-von-ringiers-digitalem-geschaeft\/#primaryimage\"},\"image\":{\"@id\":\"https:\/\/www.ringier.com\/de\/ringier-und-kkr-investieren-gemeinsam-in-das-wachstum-von-ringiers-digitalem-geschaeft\/#primaryimage\"},\"thumbnailUrl\":\"https:\/\/www.ringier.com\/wp-content\/uploads\/2021\/08\/ringier_logo_web_2-1.jpg\",\"datePublished\":\"2014-07-14T16:06:00+00:00\",\"dateModified\":\"2021-08-25T16:15:06+00:00\",\"breadcrumb\":{\"@id\":\"https:\/\/www.ringier.com\/de\/ringier-und-kkr-investieren-gemeinsam-in-das-wachstum-von-ringiers-digitalem-geschaeft\/#breadcrumb\"},\"inLanguage\":\"de-DE\",\"potentialAction\":[{\"@type\":\"ReadAction\",\"target\":[\"https:\/\/www.ringier.com\/de\/ringier-und-kkr-investieren-gemeinsam-in-das-wachstum-von-ringiers-digitalem-geschaeft\/\"]}]},{\"@type\":\"ImageObject\",\"inLanguage\":\"de-DE\",\"@id\":\"https:\/\/www.ringier.com\/de\/ringier-und-kkr-investieren-gemeinsam-in-das-wachstum-von-ringiers-digitalem-geschaeft\/#primaryimage\",\"url\":\"https:\/\/www.ringier.com\/wp-content\/uploads\/2021\/08\/ringier_logo_web_2-1.jpg\",\"contentUrl\":\"https:\/\/www.ringier.com\/wp-content\/uploads\/2021\/08\/ringier_logo_web_2-1.jpg\",\"width\":706,\"height\":446},{\"@type\":\"BreadcrumbList\",\"@id\":\"https:\/\/www.ringier.com\/de\/ringier-und-kkr-investieren-gemeinsam-in-das-wachstum-von-ringiers-digitalem-geschaeft\/#breadcrumb\",\"itemListElement\":[{\"@type\":\"ListItem\",\"position\":1,\"name\":\"Home\",\"item\":\"https:\/\/www.ringier.com\/de\/\"},{\"@type\":\"ListItem\",\"position\":2,\"name\":\"Ringier und KKR investieren gemeinsam in das Wachstum von Ringiers digitalem Gesch\u00e4ft\"}]},{\"@type\":\"WebSite\",\"@id\":\"https:\/\/www.ringier.com\/de\/#website\",\"url\":\"https:\/\/www.ringier.com\/de\/\",\"name\":\"Ringier\",\"description\":\"We inform. We entertain. We connect\",\"publisher\":{\"@id\":\"https:\/\/www.ringier.com\/de\/#organization\"},\"potentialAction\":[{\"@type\":\"SearchAction\",\"target\":{\"@type\":\"EntryPoint\",\"urlTemplate\":\"https:\/\/www.ringier.com\/de\/?s={search_term_string}\"},\"query-input\":{\"@type\":\"PropertyValueSpecification\",\"valueRequired\":true,\"valueName\":\"search_term_string\"}}],\"inLanguage\":\"de-DE\"},{\"@type\":\"Organization\",\"@id\":\"https:\/\/www.ringier.com\/de\/#organization\",\"name\":\"Ringier\",\"url\":\"https:\/\/www.ringier.com\/de\/\",\"logo\":{\"@type\":\"ImageObject\",\"inLanguage\":\"de-DE\",\"@id\":\"https:\/\/www.ringier.com\/de\/#\/schema\/logo\/image\/\",\"url\":\"https:\/\/www.ringier.com\/wp-content\/uploads\/2021\/10\/ringier_logo_2.jpg\",\"contentUrl\":\"https:\/\/www.ringier.com\/wp-content\/uploads\/2021\/10\/ringier_logo_2.jpg\",\"width\":750,\"height\":550,\"caption\":\"Ringier\"},\"image\":{\"@id\":\"https:\/\/www.ringier.com\/de\/#\/schema\/logo\/image\/\"},\"sameAs\":[\"https:\/\/www.facebook.com\/ringierag\/\",\"https:\/\/x.com\/ringier_ag\",\"https:\/\/www.instagram.com\/ringier_ag\/\",\"https:\/\/www.linkedin.com\/company\/ringier\/\",\"https:\/\/www.youtube.com\/user\/RingierComm\",\"https:\/\/en.wikipedia.org\/wiki\/Ringier\",\"https:\/\/de.wikipedia.org\/wiki\/Ringier\",\"https:\/\/fr.wikipedia.org\/wiki\/Ringier\",\"https:\/\/www.crunchbase.com\/organization\/ringier-ag\"]},{\"@type\":\"Person\",\"@id\":\"https:\/\/www.ringier.com\/de\/#\/schema\/person\/4cf76a308dc4b2bb5121bd1e7b752e52\",\"name\":\"Ringier Corporate Communications\",\"image\":{\"@type\":\"ImageObject\",\"inLanguage\":\"de-DE\",\"@id\":\"https:\/\/www.ringier.com\/de\/#\/schema\/person\/image\/\",\"url\":\"https:\/\/secure.gravatar.com\/avatar\/9391e20481368d5df4fe3e1e476c13b27786347489822ec1ed07e532bb41f587?s=96&d=mm&r=g\",\"contentUrl\":\"https:\/\/secure.gravatar.com\/avatar\/9391e20481368d5df4fe3e1e476c13b27786347489822ec1ed07e532bb41f587?s=96&d=mm&r=g\",\"caption\":\"Ringier Corporate Communications\"},\"sameAs\":[\"https:\/\/www.ringier.com\"]}]}<\/script>\n<!-- \/ Yoast SEO Premium plugin. -->","yoast_head_json":{"title":"Ringier und KKR investieren gemeinsam in das Wachstum von Ringiers digitalem Gesch\u00e4ft - Ringier","robots":{"index":"index","follow":"follow","max-snippet":"max-snippet:-1","max-image-preview":"max-image-preview:large","max-video-preview":"max-video-preview:-1"},"canonical":"https:\/\/www.ringier.com\/de\/ringier-und-kkr-investieren-gemeinsam-in-das-wachstum-von-ringiers-digitalem-geschaeft\/","og_locale":"de_DE","og_type":"article","og_title":"Ringier und KKR investieren gemeinsam in das Wachstum von Ringiers digitalem Gesch\u00e4ft","og_description":"Ringier, das f\u00fchrende internationale Medienunternehmen der Schweiz, hat mit KKR, einem weltweit f\u00fchrenden Investor, eine langfristige Zusammenarbeit vereinbart. Die digitalen Schweizer Gesch\u00e4fte im Classifieds- und Vermarktungsbereich werden k\u00fcnftig gemeinsam weiterentwickelt.","og_url":"https:\/\/www.ringier.com\/de\/ringier-und-kkr-investieren-gemeinsam-in-das-wachstum-von-ringiers-digitalem-geschaeft\/","og_site_name":"Ringier","article_publisher":"https:\/\/www.facebook.com\/ringierag\/","article_published_time":"2014-07-14T16:06:00+00:00","article_modified_time":"2021-08-25T16:15:06+00:00","og_image":[{"width":706,"height":446,"url":"https:\/\/www.ringier.com\/wp-content\/uploads\/2021\/08\/ringier_logo_web_2-1.jpg","type":"image\/jpeg"}],"author":"Ringier Corporate Communications","twitter_card":"summary_large_image","twitter_creator":"@ringier_ag","twitter_site":"@ringier_ag","twitter_misc":{"Verfasst von":"Ringier Corporate Communications","Gesch\u00e4tzte Lesezeit":"3 Minuten"},"schema":{"@context":"https:\/\/schema.org","@graph":[{"@type":"Article","@id":"https:\/\/www.ringier.com\/de\/ringier-und-kkr-investieren-gemeinsam-in-das-wachstum-von-ringiers-digitalem-geschaeft\/#article","isPartOf":{"@id":"https:\/\/www.ringier.com\/de\/ringier-und-kkr-investieren-gemeinsam-in-das-wachstum-von-ringiers-digitalem-geschaeft\/"},"author":{"name":"Ringier Corporate Communications","@id":"https:\/\/www.ringier.com\/de\/#\/schema\/person\/4cf76a308dc4b2bb5121bd1e7b752e52"},"headline":"Ringier und KKR investieren gemeinsam in das Wachstum von Ringiers digitalem Gesch\u00e4ft","datePublished":"2014-07-14T16:06:00+00:00","dateModified":"2021-08-25T16:15:06+00:00","mainEntityOfPage":{"@id":"https:\/\/www.ringier.com\/de\/ringier-und-kkr-investieren-gemeinsam-in-das-wachstum-von-ringiers-digitalem-geschaeft\/"},"wordCount":624,"publisher":{"@id":"https:\/\/www.ringier.com\/de\/#organization"},"image":{"@id":"https:\/\/www.ringier.com\/de\/ringier-und-kkr-investieren-gemeinsam-in-das-wachstum-von-ringiers-digitalem-geschaeft\/#primaryimage"},"thumbnailUrl":"https:\/\/www.ringier.com\/wp-content\/uploads\/2021\/08\/ringier_logo_web_2-1.jpg","articleSection":["Marketplaces"],"inLanguage":"de-DE"},{"@type":"WebPage","@id":"https:\/\/www.ringier.com\/de\/ringier-und-kkr-investieren-gemeinsam-in-das-wachstum-von-ringiers-digitalem-geschaeft\/","url":"https:\/\/www.ringier.com\/de\/ringier-und-kkr-investieren-gemeinsam-in-das-wachstum-von-ringiers-digitalem-geschaeft\/","name":"Ringier und KKR investieren gemeinsam in das Wachstum von Ringiers digitalem Gesch\u00e4ft - Ringier","isPartOf":{"@id":"https:\/\/www.ringier.com\/de\/#website"},"primaryImageOfPage":{"@id":"https:\/\/www.ringier.com\/de\/ringier-und-kkr-investieren-gemeinsam-in-das-wachstum-von-ringiers-digitalem-geschaeft\/#primaryimage"},"image":{"@id":"https:\/\/www.ringier.com\/de\/ringier-und-kkr-investieren-gemeinsam-in-das-wachstum-von-ringiers-digitalem-geschaeft\/#primaryimage"},"thumbnailUrl":"https:\/\/www.ringier.com\/wp-content\/uploads\/2021\/08\/ringier_logo_web_2-1.jpg","datePublished":"2014-07-14T16:06:00+00:00","dateModified":"2021-08-25T16:15:06+00:00","breadcrumb":{"@id":"https:\/\/www.ringier.com\/de\/ringier-und-kkr-investieren-gemeinsam-in-das-wachstum-von-ringiers-digitalem-geschaeft\/#breadcrumb"},"inLanguage":"de-DE","potentialAction":[{"@type":"ReadAction","target":["https:\/\/www.ringier.com\/de\/ringier-und-kkr-investieren-gemeinsam-in-das-wachstum-von-ringiers-digitalem-geschaeft\/"]}]},{"@type":"ImageObject","inLanguage":"de-DE","@id":"https:\/\/www.ringier.com\/de\/ringier-und-kkr-investieren-gemeinsam-in-das-wachstum-von-ringiers-digitalem-geschaeft\/#primaryimage","url":"https:\/\/www.ringier.com\/wp-content\/uploads\/2021\/08\/ringier_logo_web_2-1.jpg","contentUrl":"https:\/\/www.ringier.com\/wp-content\/uploads\/2021\/08\/ringier_logo_web_2-1.jpg","width":706,"height":446},{"@type":"BreadcrumbList","@id":"https:\/\/www.ringier.com\/de\/ringier-und-kkr-investieren-gemeinsam-in-das-wachstum-von-ringiers-digitalem-geschaeft\/#breadcrumb","itemListElement":[{"@type":"ListItem","position":1,"name":"Home","item":"https:\/\/www.ringier.com\/de\/"},{"@type":"ListItem","position":2,"name":"Ringier und KKR investieren gemeinsam in das Wachstum von Ringiers digitalem Gesch\u00e4ft"}]},{"@type":"WebSite","@id":"https:\/\/www.ringier.com\/de\/#website","url":"https:\/\/www.ringier.com\/de\/","name":"Ringier","description":"We inform. We entertain. We connect","publisher":{"@id":"https:\/\/www.ringier.com\/de\/#organization"},"potentialAction":[{"@type":"SearchAction","target":{"@type":"EntryPoint","urlTemplate":"https:\/\/www.ringier.com\/de\/?s={search_term_string}"},"query-input":{"@type":"PropertyValueSpecification","valueRequired":true,"valueName":"search_term_string"}}],"inLanguage":"de-DE"},{"@type":"Organization","@id":"https:\/\/www.ringier.com\/de\/#organization","name":"Ringier","url":"https:\/\/www.ringier.com\/de\/","logo":{"@type":"ImageObject","inLanguage":"de-DE","@id":"https:\/\/www.ringier.com\/de\/#\/schema\/logo\/image\/","url":"https:\/\/www.ringier.com\/wp-content\/uploads\/2021\/10\/ringier_logo_2.jpg","contentUrl":"https:\/\/www.ringier.com\/wp-content\/uploads\/2021\/10\/ringier_logo_2.jpg","width":750,"height":550,"caption":"Ringier"},"image":{"@id":"https:\/\/www.ringier.com\/de\/#\/schema\/logo\/image\/"},"sameAs":["https:\/\/www.facebook.com\/ringierag\/","https:\/\/x.com\/ringier_ag","https:\/\/www.instagram.com\/ringier_ag\/","https:\/\/www.linkedin.com\/company\/ringier\/","https:\/\/www.youtube.com\/user\/RingierComm","https:\/\/en.wikipedia.org\/wiki\/Ringier","https:\/\/de.wikipedia.org\/wiki\/Ringier","https:\/\/fr.wikipedia.org\/wiki\/Ringier","https:\/\/www.crunchbase.com\/organization\/ringier-ag"]},{"@type":"Person","@id":"https:\/\/www.ringier.com\/de\/#\/schema\/person\/4cf76a308dc4b2bb5121bd1e7b752e52","name":"Ringier Corporate Communications","image":{"@type":"ImageObject","inLanguage":"de-DE","@id":"https:\/\/www.ringier.com\/de\/#\/schema\/person\/image\/","url":"https:\/\/secure.gravatar.com\/avatar\/9391e20481368d5df4fe3e1e476c13b27786347489822ec1ed07e532bb41f587?s=96&d=mm&r=g","contentUrl":"https:\/\/secure.gravatar.com\/avatar\/9391e20481368d5df4fe3e1e476c13b27786347489822ec1ed07e532bb41f587?s=96&d=mm&r=g","caption":"Ringier Corporate Communications"},"sameAs":["https:\/\/www.ringier.com"]}]}},"_links":{"self":[{"href":"https:\/\/www.ringier.com\/de\/wp-json\/wp\/v2\/posts\/3007","targetHints":{"allow":["GET"]}}],"collection":[{"href":"https:\/\/www.ringier.com\/de\/wp-json\/wp\/v2\/posts"}],"about":[{"href":"https:\/\/www.ringier.com\/de\/wp-json\/wp\/v2\/types\/post"}],"author":[{"embeddable":true,"href":"https:\/\/www.ringier.com\/de\/wp-json\/wp\/v2\/users\/23"}],"replies":[{"embeddable":true,"href":"https:\/\/www.ringier.com\/de\/wp-json\/wp\/v2\/comments?post=3007"}],"version-history":[{"count":0,"href":"https:\/\/www.ringier.com\/de\/wp-json\/wp\/v2\/posts\/3007\/revisions"}],"wp:featuredmedia":[{"embeddable":true,"href":"https:\/\/www.ringier.com\/de\/wp-json\/wp\/v2\/media\/1539"}],"wp:attachment":[{"href":"https:\/\/www.ringier.com\/de\/wp-json\/wp\/v2\/media?parent=3007"}],"wp:term":[{"taxonomy":"category","embeddable":true,"href":"https:\/\/www.ringier.com\/de\/wp-json\/wp\/v2\/categories?post=3007"},{"taxonomy":"post_tag","embeddable":true,"href":"https:\/\/www.ringier.com\/de\/wp-json\/wp\/v2\/tags?post=3007"}],"curies":[{"name":"wp","href":"https:\/\/api.w.org\/{rel}","templated":true}]}}