{"id":2927,"date":"2014-08-11T17:05:00","date_gmt":"2014-08-11T15:05:00","guid":{"rendered":"https:\/\/www.ringier.com\/?p=2927"},"modified":"2024-11-27T12:08:24","modified_gmt":"2024-11-27T11:08:24","slug":"100-illustrierte-schweizer-eine-ausstellung-der-schweizer-illustrierten","status":"publish","type":"post","link":"https:\/\/www.ringier.com\/de\/100-illustrierte-schweizer-eine-ausstellung-der-schweizer-illustrierten\/","title":{"rendered":"\u00ab100 illustrierte Schweizer\u00bb \u2013 eine Ausstellung der Schweizer Illustrierten"},"content":{"rendered":"\n<p>Pers\u00f6nliche N\u00e4he, Emotionen und Sinnlichkeit \u2013 das will die&nbsp;<em>Schweizer Illustrierte<\/em>&nbsp;<em>(SI)<\/em>&nbsp;mit ihren Bildern seit je her vermitteln. Dass sich die Fotografie der gr\u00f6ssten Illustrierten der Schweiz ver\u00e4ndert und weiterentwickelt hat, zeigt die Ausstellung in der Z\u00fcrcher Photobastei. Neben renommierten Fotografen und K\u00fcnstlern pr\u00e4sentiert dort die SI bis Ende August ihre besten, intimsten, witzigsten 100 Bilder seit 2010.<\/p>\n\n\n\n<p>Stefan Regez, Chefredaktor der&nbsp;<em>Schweizer Illustrierten<\/em>: \u00abWo hochkar\u00e4tige Fotografen ihre Werke ausstellen, darf auch die&nbsp;<em>Schweizer Illustrierte<\/em>&nbsp;nicht fehlen. Denn das grosse Engagement f\u00fcr die Fotografie verbindet uns.\u00bb<\/p>\n\n\n\n<p>Die ausgew\u00e4hlten Bilder zeigen nationale und internationale Prominenz. Cate Blanchett ist genauso vertreten wie Christa Rigozzi; Ewan McGregor genauso wie K\u00f6bi Kuhn.<\/p>\n\n\n\n<p>Die Vernissage zur Er\u00f6ffnung der Ausstellung findet am Donnerstag, 14. August 2015 um 18:00 Uhr statt. Dann werden die prominenten Schweizer nicht mehr nur auf den Bildern zu sehen sein.<\/p>\n\n\n\n<p>Der Bildband zur Ausstellung mit dem Namen \u00ab100 illustrierte Schweizer\u00bb ist f\u00fcr CHF 20.- in der Ausstellung, danach bei der&nbsp;<em>Schweizer Illustrierten<\/em>&nbsp;erh\u00e4ltlich.&nbsp;<\/p>\n\n\n<div id=\"gutenslider-0yxkm50fu\" class=\"wp-block-eedee-block-gutenslider gs-frontend content-change alignnone arrow-style-1 arrow-position-sides arrow-mb-none arrows-lg arrows-md arrows-sm dot-style-1 dots-lg dots-md dots-sm dot-position-bottom is-position-center-center mb-none wrap-auto-height\" data-parallax-direction=\"down\" data-parallax-amount=\"1.3\" data-lg-transition=\"lg-slide\" data-hash=\"\" ><div class=\"eedee-swiper-outer\" style=\"--gutenslider-min-height: 56vh;--gutenslider-arrow-size: 30px;--gutenslider-dot-size: 25px;--gutenslider-arrow-color: #ffffff;--gutenslider-dot-color: #ffffff;--gutenslider-padding-y-mobile: 40px;--gutenslider-padding-x-mobile: 40px;--gutenslider-padding-y-tablet: 40px;--gutenslider-padding-x-tablet: 40px;--gutenslider-padding-y-desktop: 40px;--gutenslider-padding-x-desktop: 40px;--gutenslider-bg-image: url();--gutenslider-min-height-md: 50vh;--gutenslider-min-height-sm: 50vh;--gutenslider-padding-x: 40px;--gutenslider-padding-x-md: 40px;--gutenslider-padding-x-sm: 20px;--gutenslider-padding-y: 40px;--gutenslider-padding-y-md: 40px;--gutenslider-padding-y-sm: 20px;--gutenslider-arrow-size-md: 30px;--gutenslider-arrow-size-sm: 30px;--gutenslider-dot-size-md: 25px;--gutenslider-dot-size-sm: 25px;--gutenslider-arrow-bg-color: transparent;--gutenslider-arrow-hover-color: #eeeeee;--gutenslider-arrow-bg-hover-color: transparent;--gutenslider-arrow-x-offset: 10px;--gutenslider-arrow-x-offset-md: 10px;--gutenslider-arrow-x-offset-sm: 10px;--gutenslider-arrow-y-offset: 0px;--gutenslider-arrow-y-offset-md: 0px;--gutenslider-arrow-y-offset-sm: 0px;--gutenslider-arrow-x-spacing: 0px;--gutenslider-dot-y-offset: 10px;--gutenslider-dot-y-offset-md: 10px;--gutenslider-dot-y-offset-sm: 10px;--gutenslider-margin-x: 0px;--gutenslider-margin-x-md: 0px;--gutenslider-margin-x-sm: 0px;--gutenslider-margin-y: 0px;--gutenslider-margin-y-md: 0px;--gutenslider-margin-y-sm: 0px;--gutenslider-divider-top: 60px;--gutenslider-divider-bottom: 60px;--gutenslider-lightgallery-bg: #ffffff;--gutenslider-lightgallery-font: #000000;--gs-first-pos: 50% 50%;--gs-gap-vertical: var( --wp--style--gallery-gap-default, var( --gallery-block--gutter-size, var( --wp--style--block-gap, 0.5em ) ) );--gs-gap-horizontal: var( --wp--style--gallery-gap-default, var( --gallery-block--gutter-size, var( --wp--style--block-gap, 0.5em ) ) );\"><div class=\"gutenslider-divider-top\" style=\"color:#fff;\"><\/div><div class=\"swiper\" data-settings='{\"autoplay\":{\"delay\":3000,\"pauseOnMouseEnter\":true,\"disableOnInteraction\":false},\"speed\":700,\"direction\":\"horizontal\",\"autoHeight\":\"\",\"loop\":true,\"centeredSlides\":true,\"spaceBetween\":0,\"slidesPerView\":1,\"slidesPerGroup\":1,\"effect\":\"slide\",\"coverflowEffect\":{\"rotate\":30,\"slideShadows\":false,\"depth\":100,\"stretch\":50,\"modifier\":1},\"fadeEffect\":{\"crossFade\":true},\"zoom\":\"\",\"navigation\":{\"nextEl\":\"#gutenslider-0yxkm50fu .eedee-gutenslider-next\",\"prevEl\":\"#gutenslider-0yxkm50fu .eedee-gutenslider-prev\"},\"pagination\":{\"type\":\"bullets\",\"clickable\":true,\"dynamicBullets\":false,\"el\":\"#gutenslider-0yxkm50fu .eedee-gutenslider-pagination\"},\"pauseOnHover\":\"1\",\"watchSlidesProgress\":true,\"watchSlidesVisibility\":true,\"settingsMd\":{\"autoHeight\":\"\",\"slidesPerView\":1,\"slidesPerGroup\":1,\"spaceBetween\":0,\"loop\":true},\"settingsLg\":{\"autoHeight\":\"\",\"slidesPerView\":1,\"slidesPerGroup\":1,\"spaceBetween\":0,\"loop\":true},\"hasLg\":false,\"hasLgCounter\":true,\"isFullScreen\":false,\"arrowsFollowMouse\":false,\"lgTitle\":\"none\",\"lgCaption\":\"none\",\"lgThumbnails\":true,\"lgZoomEnabled\":false,\"keyboard\":{\"keyboard\":{\"enabled\":true,\"onlyInViewport\":true}},\"hashNavigation\":false,\"dividers\":false}'><div class=\"swiper-wrapper\">\n<div class=\"swiper-slide wp-block-eedee-block-gutenslide is-position-center-center ed-bg-image\" style=\"--ed-vw:300;--ed-vh:200;\" data-hash=\"\"><div class=\"eedee-background-div bg-image\"><img loading=\"lazy\" width=\"1024\" height=\"683\" class=\"wp-image-2931\" src=\"https:\/\/www.ringier.com\/wp-content\/uploads\/2021\/08\/Schweizer-Illustrierte_Domique-Rinderknecht_20140811-1024x683.jpg\" alt=\"\" decoding=\"async\" style=\"object-fit: cover; object-position: 50% 50%;\"  data-title=\"Dominique Rinderknecht, Miss Schweiz 2013#Dominique Rinderknecht, Miss Switzerland 2013\" srcset=\"https:\/\/www.ringier.com\/wp-content\/uploads\/2021\/08\/Schweizer-Illustrierte_Domique-Rinderknecht_20140811-1024x683.jpg 1024w, https:\/\/www.ringier.com\/wp-content\/uploads\/2021\/08\/Schweizer-Illustrierte_Domique-Rinderknecht_20140811-300x200.jpg 300w, https:\/\/www.ringier.com\/wp-content\/uploads\/2021\/08\/Schweizer-Illustrierte_Domique-Rinderknecht_20140811-768x512.jpg 768w, https:\/\/www.ringier.com\/wp-content\/uploads\/2021\/08\/Schweizer-Illustrierte_Domique-Rinderknecht_20140811-1600x1067.jpg 1600w, https:\/\/www.ringier.com\/wp-content\/uploads\/2021\/08\/Schweizer-Illustrierte_Domique-Rinderknecht_20140811-1536x1024.jpg 1536w, https:\/\/www.ringier.com\/wp-content\/uploads\/2021\/08\/Schweizer-Illustrierte_Domique-Rinderknecht_20140811-2048x1365.jpg 2048w\" sizes=\"auto, (max-width: 1024px) 100vw, 1024px\" \/><div class=\"eedee-background-div__overlay\" style=\"opacity:1;\"><\/div><\/div><div class=\"slide-content\">\n\n<p class=\"has-text-align-center gutenslider-content-initial has-larger-font-size\"><\/p>\n\n<\/div><\/div>\n\n<div class=\"swiper-slide wp-block-eedee-block-gutenslide is-position-center-center ed-bg-image\" style=\"--ed-vw:300;--ed-vh:200;\" data-hash=\"\"><div class=\"eedee-background-div bg-image\"><img loading=\"lazy\" width=\"1024\" height=\"683\" class=\"wp-image-2928\" src=\"https:\/\/www.ringier.com\/wp-content\/uploads\/2021\/08\/Schweizer-Illustrierte_Christoph-Blocker_20140811-1024x683.jpg\" alt=\"\" decoding=\"async\" style=\"object-fit: cover; object-position: 50% 50%;\"  data-title=\"Christoph Blocher, Schweizer Politiker, Herrliberg 2013#Christoph Blocher, Swiss politician, Herrliberg 2013\" srcset=\"https:\/\/www.ringier.com\/wp-content\/uploads\/2021\/08\/Schweizer-Illustrierte_Christoph-Blocker_20140811-1024x683.jpg 1024w, https:\/\/www.ringier.com\/wp-content\/uploads\/2021\/08\/Schweizer-Illustrierte_Christoph-Blocker_20140811-300x200.jpg 300w, https:\/\/www.ringier.com\/wp-content\/uploads\/2021\/08\/Schweizer-Illustrierte_Christoph-Blocker_20140811-768x512.jpg 768w, https:\/\/www.ringier.com\/wp-content\/uploads\/2021\/08\/Schweizer-Illustrierte_Christoph-Blocker_20140811-1600x1067.jpg 1600w, https:\/\/www.ringier.com\/wp-content\/uploads\/2021\/08\/Schweizer-Illustrierte_Christoph-Blocker_20140811-1536x1024.jpg 1536w, https:\/\/www.ringier.com\/wp-content\/uploads\/2021\/08\/Schweizer-Illustrierte_Christoph-Blocker_20140811-2048x1365.jpg 2048w\" sizes=\"auto, (max-width: 1024px) 100vw, 1024px\" \/><div class=\"eedee-background-div__overlay\" style=\"opacity:1;\"><\/div><\/div><div class=\"slide-content\">\n\n<p class=\"has-text-align-center gutenslider-content-initial has-larger-font-size\"><\/p>\n\n<\/div><\/div>\n\n<div class=\"swiper-slide wp-block-eedee-block-gutenslide is-position-center-center ed-bg-image\" style=\"--ed-vw:300;--ed-vh:200;\" data-hash=\"\"><div class=\"eedee-background-div bg-image\"><img loading=\"lazy\" width=\"1024\" height=\"683\" class=\"wp-image-2934\" src=\"https:\/\/www.ringier.com\/wp-content\/uploads\/2021\/08\/Schweizer-Illustrierte_Peter-Bichsel_20140811-1024x683.jpg\" alt=\"\" decoding=\"async\" style=\"object-fit: cover; object-position: 50% 50%;\"  data-title=\"Peter Bichsel, Schrifftsteller in seinem Arbeitszimmer 2010#Peter Bichsel, writer in his study 2010\" srcset=\"https:\/\/www.ringier.com\/wp-content\/uploads\/2021\/08\/Schweizer-Illustrierte_Peter-Bichsel_20140811-1024x683.jpg 1024w, https:\/\/www.ringier.com\/wp-content\/uploads\/2021\/08\/Schweizer-Illustrierte_Peter-Bichsel_20140811-300x200.jpg 300w, https:\/\/www.ringier.com\/wp-content\/uploads\/2021\/08\/Schweizer-Illustrierte_Peter-Bichsel_20140811-768x512.jpg 768w, https:\/\/www.ringier.com\/wp-content\/uploads\/2021\/08\/Schweizer-Illustrierte_Peter-Bichsel_20140811-1600x1067.jpg 1600w, https:\/\/www.ringier.com\/wp-content\/uploads\/2021\/08\/Schweizer-Illustrierte_Peter-Bichsel_20140811-1536x1024.jpg 1536w, https:\/\/www.ringier.com\/wp-content\/uploads\/2021\/08\/Schweizer-Illustrierte_Peter-Bichsel_20140811-2048x1365.jpg 2048w\" sizes=\"auto, (max-width: 1024px) 100vw, 1024px\" \/><div class=\"eedee-background-div__overlay\" style=\"opacity:1;\"><\/div><\/div><div class=\"slide-content\">\n\n<p class=\"has-text-align-center gutenslider-content-initial has-larger-font-size\"><\/p>\n\n<\/div><\/div>\n<\/div><\/div><button class=\"eedee-gutenslider-nav eedee-gutenslider-prev\"><svg xmlns=\"http:\/\/www.w3.org\/2000\/svg\" viewBox=\"0 0 24 24\" width=\"24\" height=\"24\"><circle class=\"bg\" cx=\"13\" cy=\"12\" r=\"11\" \/><path fill=\"none\" d=\"M0 0h24v24H0z\"\/><path class=\"arrow\" d=\"M10.828 12l4.95 4.95-1.414 1.414L8 12l6.364-6.364 1.414 1.414z\"\/><\/svg><\/button><button class=\"eedee-gutenslider-nav eedee-gutenslider-next\"><svg xmlns=\"http:\/\/www.w3.org\/2000\/svg\" viewBox=\"0 0 24 24\" width=\"24\" height=\"24\"><circle class=\"bg\" cx=\"11\" cy=\"12\" r=\"11\" \/><path fill=\"none\" d=\"M0 0h24v24H0z\"\/><path class=\"arrow\" d=\"M13.172 12l-4.95-4.95 1.414-1.414L16 12l-6.364 6.364-1.414-1.414z\"\/><\/svg><\/button><div class=\"eedee-gutenslider-pagination\"><\/div><div class=\"gutenslider-divider-bottom \" style=\"color:#fff;\"><\/div><\/div><\/div>","protected":false},"excerpt":{"rendered":"<p>Vom 14. bis 31. August 2014 sind in der Photobastei in Z\u00fcrich 100 Bilder, die in den letzten vier Jahren in der Schweizer Illustrierten publiziert worden sind, zu sehen. Gleichzeitig erscheint ein Bildband, der das fotografische und journalistische Schaffen der beliebtesten Schweizer Zeitschrift dokumentiert.<\/p>\n","protected":false},"author":23,"featured_media":2931,"comment_status":"closed","ping_status":"open","sticky":false,"template":"","format":"standard","meta":{"inline_featured_image":false,"footnotes":""},"categories":[371,361],"tags":[],"class_list":["post-2927","post","type-post","status-publish","format-standard","has-post-thumbnail","hentry","category-media-de","category-ringier-medien-schweiz"],"yoast_head":"<!-- This site is optimized with the Yoast SEO Premium plugin v27.0 (Yoast SEO v27.0) - https:\/\/yoast.com\/product\/yoast-seo-premium-wordpress\/ -->\n<title>\u00ab100 illustrierte Schweizer\u00bb \u2013 eine Ausstellung der Schweizer Illustrierten - Ringier<\/title>\n<meta name=\"robots\" content=\"index, follow, max-snippet:-1, max-image-preview:large, max-video-preview:-1\" \/>\n<link rel=\"canonical\" href=\"https:\/\/www.ringier.com\/de\/100-illustrierte-schweizer-eine-ausstellung-der-schweizer-illustrierten\/\" \/>\n<meta property=\"og:locale\" content=\"de_DE\" \/>\n<meta property=\"og:type\" content=\"article\" \/>\n<meta property=\"og:title\" content=\"\u00ab100 illustrierte Schweizer\u00bb \u2013 eine Ausstellung der Schweizer Illustrierten\" \/>\n<meta property=\"og:description\" content=\"Vom 14. bis 31. August 2014 sind in der Photobastei in Z\u00fcrich 100 Bilder, die in den letzten vier Jahren in der Schweizer Illustrierten publiziert worden sind, zu sehen. Gleichzeitig erscheint ein Bildband, der das fotografische und journalistische Schaffen der beliebtesten Schweizer Zeitschrift dokumentiert.\" \/>\n<meta property=\"og:url\" content=\"https:\/\/www.ringier.com\/de\/100-illustrierte-schweizer-eine-ausstellung-der-schweizer-illustrierten\/\" \/>\n<meta property=\"og:site_name\" content=\"Ringier\" \/>\n<meta property=\"article:publisher\" content=\"https:\/\/www.facebook.com\/ringierag\/\" \/>\n<meta property=\"article:published_time\" content=\"2014-08-11T15:05:00+00:00\" \/>\n<meta property=\"article:modified_time\" content=\"2024-11-27T11:08:24+00:00\" \/>\n<meta property=\"og:image\" content=\"https:\/\/www.ringier.com\/wp-content\/uploads\/2021\/08\/Schweizer-Illustrierte_Domique-Rinderknecht_20140811-scaled.jpg\" \/>\n\t<meta property=\"og:image:width\" content=\"2560\" \/>\n\t<meta property=\"og:image:height\" content=\"1707\" \/>\n\t<meta property=\"og:image:type\" content=\"image\/jpeg\" \/>\n<meta name=\"author\" content=\"Ringier Corporate Communications\" \/>\n<meta name=\"twitter:card\" content=\"summary_large_image\" \/>\n<meta name=\"twitter:creator\" content=\"@ringier_ag\" \/>\n<meta name=\"twitter:site\" content=\"@ringier_ag\" \/>\n<meta name=\"twitter:label1\" content=\"Verfasst von\" \/>\n\t<meta name=\"twitter:data1\" content=\"Ringier Corporate Communications\" \/>\n\t<meta name=\"twitter:label2\" content=\"Gesch\u00e4tzte Lesezeit\" \/>\n\t<meta name=\"twitter:data2\" content=\"2 Minuten\" \/>\n<script type=\"application\/ld+json\" class=\"yoast-schema-graph\">{\"@context\":\"https:\/\/schema.org\",\"@graph\":[{\"@type\":\"Article\",\"@id\":\"https:\/\/www.ringier.com\/de\/100-illustrierte-schweizer-eine-ausstellung-der-schweizer-illustrierten\/#article\",\"isPartOf\":{\"@id\":\"https:\/\/www.ringier.com\/de\/100-illustrierte-schweizer-eine-ausstellung-der-schweizer-illustrierten\/\"},\"author\":{\"name\":\"Ringier Corporate Communications\",\"@id\":\"https:\/\/www.ringier.com\/de\/#\/schema\/person\/4cf76a308dc4b2bb5121bd1e7b752e52\"},\"headline\":\"\u00ab100 illustrierte Schweizer\u00bb \u2013 eine Ausstellung der Schweizer Illustrierten\",\"datePublished\":\"2014-08-11T15:05:00+00:00\",\"dateModified\":\"2024-11-27T11:08:24+00:00\",\"mainEntityOfPage\":{\"@id\":\"https:\/\/www.ringier.com\/de\/100-illustrierte-schweizer-eine-ausstellung-der-schweizer-illustrierten\/\"},\"wordCount\":185,\"publisher\":{\"@id\":\"https:\/\/www.ringier.com\/de\/#organization\"},\"image\":{\"@id\":\"https:\/\/www.ringier.com\/de\/100-illustrierte-schweizer-eine-ausstellung-der-schweizer-illustrierten\/#primaryimage\"},\"thumbnailUrl\":\"https:\/\/www.ringier.com\/wp-content\/uploads\/2021\/08\/Schweizer-Illustrierte_Domique-Rinderknecht_20140811-scaled.jpg\",\"articleSection\":[\"Media\",\"Ringier Medien Schweiz\"],\"inLanguage\":\"de-DE\"},{\"@type\":\"WebPage\",\"@id\":\"https:\/\/www.ringier.com\/de\/100-illustrierte-schweizer-eine-ausstellung-der-schweizer-illustrierten\/\",\"url\":\"https:\/\/www.ringier.com\/de\/100-illustrierte-schweizer-eine-ausstellung-der-schweizer-illustrierten\/\",\"name\":\"\u00ab100 illustrierte Schweizer\u00bb \u2013 eine Ausstellung der Schweizer Illustrierten - Ringier\",\"isPartOf\":{\"@id\":\"https:\/\/www.ringier.com\/de\/#website\"},\"primaryImageOfPage\":{\"@id\":\"https:\/\/www.ringier.com\/de\/100-illustrierte-schweizer-eine-ausstellung-der-schweizer-illustrierten\/#primaryimage\"},\"image\":{\"@id\":\"https:\/\/www.ringier.com\/de\/100-illustrierte-schweizer-eine-ausstellung-der-schweizer-illustrierten\/#primaryimage\"},\"thumbnailUrl\":\"https:\/\/www.ringier.com\/wp-content\/uploads\/2021\/08\/Schweizer-Illustrierte_Domique-Rinderknecht_20140811-scaled.jpg\",\"datePublished\":\"2014-08-11T15:05:00+00:00\",\"dateModified\":\"2024-11-27T11:08:24+00:00\",\"breadcrumb\":{\"@id\":\"https:\/\/www.ringier.com\/de\/100-illustrierte-schweizer-eine-ausstellung-der-schweizer-illustrierten\/#breadcrumb\"},\"inLanguage\":\"de-DE\",\"potentialAction\":[{\"@type\":\"ReadAction\",\"target\":[\"https:\/\/www.ringier.com\/de\/100-illustrierte-schweizer-eine-ausstellung-der-schweizer-illustrierten\/\"]}]},{\"@type\":\"ImageObject\",\"inLanguage\":\"de-DE\",\"@id\":\"https:\/\/www.ringier.com\/de\/100-illustrierte-schweizer-eine-ausstellung-der-schweizer-illustrierten\/#primaryimage\",\"url\":\"https:\/\/www.ringier.com\/wp-content\/uploads\/2021\/08\/Schweizer-Illustrierte_Domique-Rinderknecht_20140811-scaled.jpg\",\"contentUrl\":\"https:\/\/www.ringier.com\/wp-content\/uploads\/2021\/08\/Schweizer-Illustrierte_Domique-Rinderknecht_20140811-scaled.jpg\",\"width\":2560,\"height\":1707},{\"@type\":\"BreadcrumbList\",\"@id\":\"https:\/\/www.ringier.com\/de\/100-illustrierte-schweizer-eine-ausstellung-der-schweizer-illustrierten\/#breadcrumb\",\"itemListElement\":[{\"@type\":\"ListItem\",\"position\":1,\"name\":\"Home\",\"item\":\"https:\/\/www.ringier.com\/de\/\"},{\"@type\":\"ListItem\",\"position\":2,\"name\":\"\u00ab100 illustrierte Schweizer\u00bb \u2013 eine Ausstellung der Schweizer Illustrierten\"}]},{\"@type\":\"WebSite\",\"@id\":\"https:\/\/www.ringier.com\/de\/#website\",\"url\":\"https:\/\/www.ringier.com\/de\/\",\"name\":\"Ringier\",\"description\":\"We inform. We entertain. We connect\",\"publisher\":{\"@id\":\"https:\/\/www.ringier.com\/de\/#organization\"},\"potentialAction\":[{\"@type\":\"SearchAction\",\"target\":{\"@type\":\"EntryPoint\",\"urlTemplate\":\"https:\/\/www.ringier.com\/de\/?s={search_term_string}\"},\"query-input\":{\"@type\":\"PropertyValueSpecification\",\"valueRequired\":true,\"valueName\":\"search_term_string\"}}],\"inLanguage\":\"de-DE\"},{\"@type\":\"Organization\",\"@id\":\"https:\/\/www.ringier.com\/de\/#organization\",\"name\":\"Ringier\",\"url\":\"https:\/\/www.ringier.com\/de\/\",\"logo\":{\"@type\":\"ImageObject\",\"inLanguage\":\"de-DE\",\"@id\":\"https:\/\/www.ringier.com\/de\/#\/schema\/logo\/image\/\",\"url\":\"https:\/\/www.ringier.com\/wp-content\/uploads\/2021\/10\/ringier_logo_2.jpg\",\"contentUrl\":\"https:\/\/www.ringier.com\/wp-content\/uploads\/2021\/10\/ringier_logo_2.jpg\",\"width\":750,\"height\":550,\"caption\":\"Ringier\"},\"image\":{\"@id\":\"https:\/\/www.ringier.com\/de\/#\/schema\/logo\/image\/\"},\"sameAs\":[\"https:\/\/www.facebook.com\/ringierag\/\",\"https:\/\/x.com\/ringier_ag\",\"https:\/\/www.instagram.com\/ringier_ag\/\",\"https:\/\/www.linkedin.com\/company\/ringier\/\",\"https:\/\/www.youtube.com\/user\/RingierComm\",\"https:\/\/en.wikipedia.org\/wiki\/Ringier\",\"https:\/\/de.wikipedia.org\/wiki\/Ringier\",\"https:\/\/fr.wikipedia.org\/wiki\/Ringier\",\"https:\/\/www.crunchbase.com\/organization\/ringier-ag\"]},{\"@type\":\"Person\",\"@id\":\"https:\/\/www.ringier.com\/de\/#\/schema\/person\/4cf76a308dc4b2bb5121bd1e7b752e52\",\"name\":\"Ringier Corporate Communications\",\"image\":{\"@type\":\"ImageObject\",\"inLanguage\":\"de-DE\",\"@id\":\"https:\/\/www.ringier.com\/de\/#\/schema\/person\/image\/\",\"url\":\"https:\/\/secure.gravatar.com\/avatar\/9391e20481368d5df4fe3e1e476c13b27786347489822ec1ed07e532bb41f587?s=96&d=mm&r=g\",\"contentUrl\":\"https:\/\/secure.gravatar.com\/avatar\/9391e20481368d5df4fe3e1e476c13b27786347489822ec1ed07e532bb41f587?s=96&d=mm&r=g\",\"caption\":\"Ringier Corporate Communications\"},\"sameAs\":[\"https:\/\/www.ringier.com\"]}]}<\/script>\n<!-- \/ Yoast SEO Premium plugin. -->","yoast_head_json":{"title":"\u00ab100 illustrierte Schweizer\u00bb \u2013 eine Ausstellung der Schweizer Illustrierten - Ringier","robots":{"index":"index","follow":"follow","max-snippet":"max-snippet:-1","max-image-preview":"max-image-preview:large","max-video-preview":"max-video-preview:-1"},"canonical":"https:\/\/www.ringier.com\/de\/100-illustrierte-schweizer-eine-ausstellung-der-schweizer-illustrierten\/","og_locale":"de_DE","og_type":"article","og_title":"\u00ab100 illustrierte Schweizer\u00bb \u2013 eine Ausstellung der Schweizer Illustrierten","og_description":"Vom 14. bis 31. August 2014 sind in der Photobastei in Z\u00fcrich 100 Bilder, die in den letzten vier Jahren in der Schweizer Illustrierten publiziert worden sind, zu sehen. Gleichzeitig erscheint ein Bildband, der das fotografische und journalistische Schaffen der beliebtesten Schweizer Zeitschrift dokumentiert.","og_url":"https:\/\/www.ringier.com\/de\/100-illustrierte-schweizer-eine-ausstellung-der-schweizer-illustrierten\/","og_site_name":"Ringier","article_publisher":"https:\/\/www.facebook.com\/ringierag\/","article_published_time":"2014-08-11T15:05:00+00:00","article_modified_time":"2024-11-27T11:08:24+00:00","og_image":[{"width":2560,"height":1707,"url":"https:\/\/www.ringier.com\/wp-content\/uploads\/2021\/08\/Schweizer-Illustrierte_Domique-Rinderknecht_20140811-scaled.jpg","type":"image\/jpeg"}],"author":"Ringier Corporate Communications","twitter_card":"summary_large_image","twitter_creator":"@ringier_ag","twitter_site":"@ringier_ag","twitter_misc":{"Verfasst von":"Ringier Corporate Communications","Gesch\u00e4tzte Lesezeit":"2 Minuten"},"schema":{"@context":"https:\/\/schema.org","@graph":[{"@type":"Article","@id":"https:\/\/www.ringier.com\/de\/100-illustrierte-schweizer-eine-ausstellung-der-schweizer-illustrierten\/#article","isPartOf":{"@id":"https:\/\/www.ringier.com\/de\/100-illustrierte-schweizer-eine-ausstellung-der-schweizer-illustrierten\/"},"author":{"name":"Ringier Corporate Communications","@id":"https:\/\/www.ringier.com\/de\/#\/schema\/person\/4cf76a308dc4b2bb5121bd1e7b752e52"},"headline":"\u00ab100 illustrierte Schweizer\u00bb \u2013 eine Ausstellung der Schweizer Illustrierten","datePublished":"2014-08-11T15:05:00+00:00","dateModified":"2024-11-27T11:08:24+00:00","mainEntityOfPage":{"@id":"https:\/\/www.ringier.com\/de\/100-illustrierte-schweizer-eine-ausstellung-der-schweizer-illustrierten\/"},"wordCount":185,"publisher":{"@id":"https:\/\/www.ringier.com\/de\/#organization"},"image":{"@id":"https:\/\/www.ringier.com\/de\/100-illustrierte-schweizer-eine-ausstellung-der-schweizer-illustrierten\/#primaryimage"},"thumbnailUrl":"https:\/\/www.ringier.com\/wp-content\/uploads\/2021\/08\/Schweizer-Illustrierte_Domique-Rinderknecht_20140811-scaled.jpg","articleSection":["Media","Ringier Medien Schweiz"],"inLanguage":"de-DE"},{"@type":"WebPage","@id":"https:\/\/www.ringier.com\/de\/100-illustrierte-schweizer-eine-ausstellung-der-schweizer-illustrierten\/","url":"https:\/\/www.ringier.com\/de\/100-illustrierte-schweizer-eine-ausstellung-der-schweizer-illustrierten\/","name":"\u00ab100 illustrierte Schweizer\u00bb \u2013 eine Ausstellung der Schweizer Illustrierten - Ringier","isPartOf":{"@id":"https:\/\/www.ringier.com\/de\/#website"},"primaryImageOfPage":{"@id":"https:\/\/www.ringier.com\/de\/100-illustrierte-schweizer-eine-ausstellung-der-schweizer-illustrierten\/#primaryimage"},"image":{"@id":"https:\/\/www.ringier.com\/de\/100-illustrierte-schweizer-eine-ausstellung-der-schweizer-illustrierten\/#primaryimage"},"thumbnailUrl":"https:\/\/www.ringier.com\/wp-content\/uploads\/2021\/08\/Schweizer-Illustrierte_Domique-Rinderknecht_20140811-scaled.jpg","datePublished":"2014-08-11T15:05:00+00:00","dateModified":"2024-11-27T11:08:24+00:00","breadcrumb":{"@id":"https:\/\/www.ringier.com\/de\/100-illustrierte-schweizer-eine-ausstellung-der-schweizer-illustrierten\/#breadcrumb"},"inLanguage":"de-DE","potentialAction":[{"@type":"ReadAction","target":["https:\/\/www.ringier.com\/de\/100-illustrierte-schweizer-eine-ausstellung-der-schweizer-illustrierten\/"]}]},{"@type":"ImageObject","inLanguage":"de-DE","@id":"https:\/\/www.ringier.com\/de\/100-illustrierte-schweizer-eine-ausstellung-der-schweizer-illustrierten\/#primaryimage","url":"https:\/\/www.ringier.com\/wp-content\/uploads\/2021\/08\/Schweizer-Illustrierte_Domique-Rinderknecht_20140811-scaled.jpg","contentUrl":"https:\/\/www.ringier.com\/wp-content\/uploads\/2021\/08\/Schweizer-Illustrierte_Domique-Rinderknecht_20140811-scaled.jpg","width":2560,"height":1707},{"@type":"BreadcrumbList","@id":"https:\/\/www.ringier.com\/de\/100-illustrierte-schweizer-eine-ausstellung-der-schweizer-illustrierten\/#breadcrumb","itemListElement":[{"@type":"ListItem","position":1,"name":"Home","item":"https:\/\/www.ringier.com\/de\/"},{"@type":"ListItem","position":2,"name":"\u00ab100 illustrierte Schweizer\u00bb \u2013 eine Ausstellung der Schweizer Illustrierten"}]},{"@type":"WebSite","@id":"https:\/\/www.ringier.com\/de\/#website","url":"https:\/\/www.ringier.com\/de\/","name":"Ringier","description":"We inform. We entertain. We connect","publisher":{"@id":"https:\/\/www.ringier.com\/de\/#organization"},"potentialAction":[{"@type":"SearchAction","target":{"@type":"EntryPoint","urlTemplate":"https:\/\/www.ringier.com\/de\/?s={search_term_string}"},"query-input":{"@type":"PropertyValueSpecification","valueRequired":true,"valueName":"search_term_string"}}],"inLanguage":"de-DE"},{"@type":"Organization","@id":"https:\/\/www.ringier.com\/de\/#organization","name":"Ringier","url":"https:\/\/www.ringier.com\/de\/","logo":{"@type":"ImageObject","inLanguage":"de-DE","@id":"https:\/\/www.ringier.com\/de\/#\/schema\/logo\/image\/","url":"https:\/\/www.ringier.com\/wp-content\/uploads\/2021\/10\/ringier_logo_2.jpg","contentUrl":"https:\/\/www.ringier.com\/wp-content\/uploads\/2021\/10\/ringier_logo_2.jpg","width":750,"height":550,"caption":"Ringier"},"image":{"@id":"https:\/\/www.ringier.com\/de\/#\/schema\/logo\/image\/"},"sameAs":["https:\/\/www.facebook.com\/ringierag\/","https:\/\/x.com\/ringier_ag","https:\/\/www.instagram.com\/ringier_ag\/","https:\/\/www.linkedin.com\/company\/ringier\/","https:\/\/www.youtube.com\/user\/RingierComm","https:\/\/en.wikipedia.org\/wiki\/Ringier","https:\/\/de.wikipedia.org\/wiki\/Ringier","https:\/\/fr.wikipedia.org\/wiki\/Ringier","https:\/\/www.crunchbase.com\/organization\/ringier-ag"]},{"@type":"Person","@id":"https:\/\/www.ringier.com\/de\/#\/schema\/person\/4cf76a308dc4b2bb5121bd1e7b752e52","name":"Ringier Corporate Communications","image":{"@type":"ImageObject","inLanguage":"de-DE","@id":"https:\/\/www.ringier.com\/de\/#\/schema\/person\/image\/","url":"https:\/\/secure.gravatar.com\/avatar\/9391e20481368d5df4fe3e1e476c13b27786347489822ec1ed07e532bb41f587?s=96&d=mm&r=g","contentUrl":"https:\/\/secure.gravatar.com\/avatar\/9391e20481368d5df4fe3e1e476c13b27786347489822ec1ed07e532bb41f587?s=96&d=mm&r=g","caption":"Ringier Corporate Communications"},"sameAs":["https:\/\/www.ringier.com"]}]}},"_links":{"self":[{"href":"https:\/\/www.ringier.com\/de\/wp-json\/wp\/v2\/posts\/2927","targetHints":{"allow":["GET"]}}],"collection":[{"href":"https:\/\/www.ringier.com\/de\/wp-json\/wp\/v2\/posts"}],"about":[{"href":"https:\/\/www.ringier.com\/de\/wp-json\/wp\/v2\/types\/post"}],"author":[{"embeddable":true,"href":"https:\/\/www.ringier.com\/de\/wp-json\/wp\/v2\/users\/23"}],"replies":[{"embeddable":true,"href":"https:\/\/www.ringier.com\/de\/wp-json\/wp\/v2\/comments?post=2927"}],"version-history":[{"count":0,"href":"https:\/\/www.ringier.com\/de\/wp-json\/wp\/v2\/posts\/2927\/revisions"}],"wp:featuredmedia":[{"embeddable":true,"href":"https:\/\/www.ringier.com\/de\/wp-json\/wp\/v2\/media\/2931"}],"wp:attachment":[{"href":"https:\/\/www.ringier.com\/de\/wp-json\/wp\/v2\/media?parent=2927"}],"wp:term":[{"taxonomy":"category","embeddable":true,"href":"https:\/\/www.ringier.com\/de\/wp-json\/wp\/v2\/categories?post=2927"},{"taxonomy":"post_tag","embeddable":true,"href":"https:\/\/www.ringier.com\/de\/wp-json\/wp\/v2\/tags?post=2927"}],"curies":[{"name":"wp","href":"https:\/\/api.w.org\/{rel}","templated":true}]}}