{"id":2902,"date":"2017-12-14T16:27:00","date_gmt":"2017-12-14T15:27:00","guid":{"rendered":"https:\/\/www.ringier.com\/?p=2902"},"modified":"2025-07-18T10:32:00","modified_gmt":"2025-07-18T08:32:00","slug":"ringier-lanciert-social-media-magazin-izzy","status":"publish","type":"post","link":"https:\/\/www.ringier.com\/de\/ringier-lanciert-social-media-magazin-izzy\/","title":{"rendered":"Ringier lanciert Social-Media-Magazin izzy"},"content":{"rendered":"\n<p>Am 14. Dezember 2017 lanciert Ringier die neue Medienmarke&nbsp;<em>izzy<\/em>&nbsp;offiziell: Die Website&nbsp;<a href=\"http:\/\/izzymag.ch\/\"><em>izzymag.ch<\/em><\/a>&nbsp;geht live. Neu publiziert&nbsp;<em>izzy<\/em>&nbsp;neben Videos und Bildposts auch pointierte Texte \u2013 getreu dem Claim \u00abMut zur Meinung. Echt jetzt.\u00bb. Mit einer Mischung aus intelligent gemachter Unterhaltung und Gesellschaftsthemen, die einen Nerv treffen, spricht die Redaktion ein junges, urbanes und anspruchsvolles Publikum an, das Inhalte vorwiegend direkt auf Social Media konsumiert.<\/p>\n\n\n\n<p>W\u00e4hrend einer knapp dreimonatigen Soft-Launch-Phase hat&nbsp;<em>izzy<\/em>&nbsp;bereits schweizweit auf sich aufmerksam gemacht: Am 19. September 2017 ging die Marke ohne jegliche Ank\u00fcndigung auf Instagram und Facebook live und ver\u00f6ffentlicht seither Videos und Bilder, die bei der Zielgruppe gut ankommen: Bereits mehr als 50&#8217;000 Fans folgen&nbsp;<em>izzy<\/em>&nbsp;auf Social Media \u2013 pro Woche werden rund eine Million Video-Views gez\u00e4hlt. Und die&nbsp;<em>izzy<\/em>-Inhalte wurden bereits von anderen Medienmarken wie&nbsp;<em>10vor10<\/em>,&nbsp;<em>Rundschau<\/em>&nbsp;und&nbsp;<em>Blick<\/em>&nbsp;aufgegriffen.<\/p>\n\n\n\n<p>Ralph B\u00fcchi, COO von Ringier und verantwortlich f\u00fcr die Publishing-Aktivit\u00e4ten des Unternehmens, erkl\u00e4rt: \u00ab<em>izzy<\/em>\u00a0legt zurzeit pro Woche mehrere tausend Follower zu und ist damit die auf Social Media am schnellsten wachsende Medienmarke der Schweiz. Wir freuen uns \u00fcber den Erfolg und sind \u00fcberzeugt, dass\u00a0<em>izzy<\/em>\u00a0auch weiterhin den Content bietet, den sich diese wichtige junge Zielgruppe w\u00fcnscht.\u00bb<\/p>\n\n\n\n<p>Verantwortlich f\u00fcr das neue Angebot ist Bernhard Brechb\u00fchl, Chief Content Officer der Energy Gruppe. Energy verfolgt bereits eine erfolgreiche Social-Content-Strategie und ist mit monatlich rund 1 Mio. User-Interaktionen eine der f\u00fchrenden Schweizer Medienmarken im Social Web.&nbsp;<em>izzy<\/em>&nbsp;erschliesst nun eine weitere attraktive Zielgruppe im Alterssegment der 20- bis 35-J\u00e4hrigen. F\u00fcr die Redaktion konnten profilierte junge Journalistinnen und Journalisten gewonnen werden: Anne-Sophie Keller (zuvor&nbsp;<em>Migros-Magazin<\/em>, Buchautorin), Miriam Suter, Silvia Princigalli (beide zuvor&nbsp;<em>Annabelle<\/em>) und Cedric Schild (zuvor&nbsp;<em>Planet 105<\/em>). F\u00fcr Video und Design ist Jonas Bayona verantwortlich \u2013 er war zuvor Experte f\u00fcr multimediales Storytelling bei SRF. Florian Scholl, zuvor Head of Social Media der&nbsp;<em>Blick<\/em>-Gruppe, leitet das Marketing.<\/p>\n\n\n\n<p>Bei der Vermarktung steht Branded Content im Zentrum: In Zusammenarbeit mit Kunden kreiert und distribuiert&nbsp;<em>izzy<\/em>&nbsp;Social-Videos, die beim jungen Publikum authentisch, transparent und wirksam ankommen. Als Sales-Verantwortlicher stiess Danilo Ciaravolo (zuvor Head of Sales bei&nbsp;<em>Likemag<\/em>) zum Team.<\/p>\n\n\n\n<p>Hier geht es zu&nbsp;<em>izzy<\/em>:<\/p>\n\n\n\n<p>Instagram:&nbsp;https:\/\/www.instagram.com\/izzymagazine<\/p>\n\n\n\n<p>Facebook:&nbsp;https:\/\/www.facebook.com\/izzymagazine<\/p>\n\n\n\n<p>Web:&nbsp;<a href=\"http:\/\/www.izzymag.ch\/\">www.izzymag.ch<\/a><\/p>\n","protected":false},"excerpt":{"rendered":"<p>izzy ist die neue Schweizer Medienmarke von Ringier und richtet sich an ein junges, urbanes und anspruchsvolles Social-Media-Publikum. Nach einer dreimonatigen, erfolgreichen Soft-Launch-Phase wird izzy mit dem Go-Live der Website izzymag.ch offiziell lanciert.<\/p>\n","protected":false},"author":23,"featured_media":2903,"comment_status":"closed","ping_status":"open","sticky":false,"template":"","format":"standard","meta":{"inline_featured_image":false,"footnotes":""},"categories":[371,361],"tags":[],"class_list":["post-2902","post","type-post","status-publish","format-standard","has-post-thumbnail","hentry","category-media-de","category-ringier-medien-schweiz"],"yoast_head":"<!-- This site is optimized with the Yoast SEO Premium plugin v27.0 (Yoast SEO v27.0) - https:\/\/yoast.com\/product\/yoast-seo-premium-wordpress\/ -->\n<title>Ringier lanciert Social-Media-Magazin izzy - Ringier<\/title>\n<meta name=\"robots\" content=\"index, follow, max-snippet:-1, max-image-preview:large, max-video-preview:-1\" \/>\n<link rel=\"canonical\" href=\"https:\/\/www.ringier.com\/de\/ringier-lanciert-social-media-magazin-izzy\/\" \/>\n<meta property=\"og:locale\" content=\"de_DE\" \/>\n<meta property=\"og:type\" content=\"article\" \/>\n<meta property=\"og:title\" content=\"Ringier lanciert Social-Media-Magazin izzy\" \/>\n<meta property=\"og:description\" content=\"izzy ist die neue Schweizer Medienmarke von Ringier und richtet sich an ein junges, urbanes und anspruchsvolles Social-Media-Publikum. Nach einer dreimonatigen, erfolgreichen Soft-Launch-Phase wird izzy mit dem Go-Live der Website izzymag.ch offiziell lanciert.\" \/>\n<meta property=\"og:url\" content=\"https:\/\/www.ringier.com\/de\/ringier-lanciert-social-media-magazin-izzy\/\" \/>\n<meta property=\"og:site_name\" content=\"Ringier\" \/>\n<meta property=\"article:publisher\" content=\"https:\/\/www.facebook.com\/ringierag\/\" \/>\n<meta property=\"article:published_time\" content=\"2017-12-14T15:27:00+00:00\" \/>\n<meta property=\"article:modified_time\" content=\"2025-07-18T08:32:00+00:00\" \/>\n<meta property=\"og:image\" content=\"https:\/\/www.ringier.com\/wp-content\/uploads\/2021\/08\/Izzy.png\" \/>\n\t<meta property=\"og:image:width\" content=\"960\" \/>\n\t<meta property=\"og:image:height\" content=\"960\" \/>\n\t<meta property=\"og:image:type\" content=\"image\/png\" \/>\n<meta name=\"author\" content=\"Ringier Corporate Communications\" \/>\n<meta name=\"twitter:card\" content=\"summary_large_image\" \/>\n<meta name=\"twitter:creator\" content=\"@ringier_ag\" \/>\n<meta name=\"twitter:site\" content=\"@ringier_ag\" \/>\n<meta name=\"twitter:label1\" content=\"Verfasst von\" \/>\n\t<meta name=\"twitter:data1\" content=\"Ringier Corporate Communications\" \/>\n\t<meta name=\"twitter:label2\" content=\"Gesch\u00e4tzte Lesezeit\" \/>\n\t<meta name=\"twitter:data2\" content=\"3 Minuten\" \/>\n<script type=\"application\/ld+json\" class=\"yoast-schema-graph\">{\"@context\":\"https:\/\/schema.org\",\"@graph\":[{\"@type\":\"Article\",\"@id\":\"https:\/\/www.ringier.com\/de\/ringier-lanciert-social-media-magazin-izzy\/#article\",\"isPartOf\":{\"@id\":\"https:\/\/www.ringier.com\/de\/ringier-lanciert-social-media-magazin-izzy\/\"},\"author\":{\"name\":\"Ringier Corporate Communications\",\"@id\":\"https:\/\/www.ringier.com\/de\/#\/schema\/person\/4cf76a308dc4b2bb5121bd1e7b752e52\"},\"headline\":\"Ringier lanciert Social-Media-Magazin izzy\",\"datePublished\":\"2017-12-14T15:27:00+00:00\",\"dateModified\":\"2025-07-18T08:32:00+00:00\",\"mainEntityOfPage\":{\"@id\":\"https:\/\/www.ringier.com\/de\/ringier-lanciert-social-media-magazin-izzy\/\"},\"wordCount\":405,\"publisher\":{\"@id\":\"https:\/\/www.ringier.com\/de\/#organization\"},\"image\":{\"@id\":\"https:\/\/www.ringier.com\/de\/ringier-lanciert-social-media-magazin-izzy\/#primaryimage\"},\"thumbnailUrl\":\"https:\/\/www.ringier.com\/wp-content\/uploads\/2021\/08\/Izzy.png\",\"articleSection\":[\"Media\",\"Ringier Medien Schweiz\"],\"inLanguage\":\"de-DE\"},{\"@type\":\"WebPage\",\"@id\":\"https:\/\/www.ringier.com\/de\/ringier-lanciert-social-media-magazin-izzy\/\",\"url\":\"https:\/\/www.ringier.com\/de\/ringier-lanciert-social-media-magazin-izzy\/\",\"name\":\"Ringier lanciert Social-Media-Magazin izzy - Ringier\",\"isPartOf\":{\"@id\":\"https:\/\/www.ringier.com\/de\/#website\"},\"primaryImageOfPage\":{\"@id\":\"https:\/\/www.ringier.com\/de\/ringier-lanciert-social-media-magazin-izzy\/#primaryimage\"},\"image\":{\"@id\":\"https:\/\/www.ringier.com\/de\/ringier-lanciert-social-media-magazin-izzy\/#primaryimage\"},\"thumbnailUrl\":\"https:\/\/www.ringier.com\/wp-content\/uploads\/2021\/08\/Izzy.png\",\"datePublished\":\"2017-12-14T15:27:00+00:00\",\"dateModified\":\"2025-07-18T08:32:00+00:00\",\"breadcrumb\":{\"@id\":\"https:\/\/www.ringier.com\/de\/ringier-lanciert-social-media-magazin-izzy\/#breadcrumb\"},\"inLanguage\":\"de-DE\",\"potentialAction\":[{\"@type\":\"ReadAction\",\"target\":[\"https:\/\/www.ringier.com\/de\/ringier-lanciert-social-media-magazin-izzy\/\"]}]},{\"@type\":\"ImageObject\",\"inLanguage\":\"de-DE\",\"@id\":\"https:\/\/www.ringier.com\/de\/ringier-lanciert-social-media-magazin-izzy\/#primaryimage\",\"url\":\"https:\/\/www.ringier.com\/wp-content\/uploads\/2021\/08\/Izzy.png\",\"contentUrl\":\"https:\/\/www.ringier.com\/wp-content\/uploads\/2021\/08\/Izzy.png\",\"width\":960,\"height\":960},{\"@type\":\"BreadcrumbList\",\"@id\":\"https:\/\/www.ringier.com\/de\/ringier-lanciert-social-media-magazin-izzy\/#breadcrumb\",\"itemListElement\":[{\"@type\":\"ListItem\",\"position\":1,\"name\":\"Home\",\"item\":\"https:\/\/www.ringier.com\/de\/\"},{\"@type\":\"ListItem\",\"position\":2,\"name\":\"Ringier lanciert Social-Media-Magazin izzy\"}]},{\"@type\":\"WebSite\",\"@id\":\"https:\/\/www.ringier.com\/de\/#website\",\"url\":\"https:\/\/www.ringier.com\/de\/\",\"name\":\"Ringier\",\"description\":\"We inform. We entertain. We connect\",\"publisher\":{\"@id\":\"https:\/\/www.ringier.com\/de\/#organization\"},\"potentialAction\":[{\"@type\":\"SearchAction\",\"target\":{\"@type\":\"EntryPoint\",\"urlTemplate\":\"https:\/\/www.ringier.com\/de\/?s={search_term_string}\"},\"query-input\":{\"@type\":\"PropertyValueSpecification\",\"valueRequired\":true,\"valueName\":\"search_term_string\"}}],\"inLanguage\":\"de-DE\"},{\"@type\":\"Organization\",\"@id\":\"https:\/\/www.ringier.com\/de\/#organization\",\"name\":\"Ringier\",\"url\":\"https:\/\/www.ringier.com\/de\/\",\"logo\":{\"@type\":\"ImageObject\",\"inLanguage\":\"de-DE\",\"@id\":\"https:\/\/www.ringier.com\/de\/#\/schema\/logo\/image\/\",\"url\":\"https:\/\/www.ringier.com\/wp-content\/uploads\/2021\/10\/ringier_logo_2.jpg\",\"contentUrl\":\"https:\/\/www.ringier.com\/wp-content\/uploads\/2021\/10\/ringier_logo_2.jpg\",\"width\":750,\"height\":550,\"caption\":\"Ringier\"},\"image\":{\"@id\":\"https:\/\/www.ringier.com\/de\/#\/schema\/logo\/image\/\"},\"sameAs\":[\"https:\/\/www.facebook.com\/ringierag\/\",\"https:\/\/x.com\/ringier_ag\",\"https:\/\/www.instagram.com\/ringier_ag\/\",\"https:\/\/www.linkedin.com\/company\/ringier\/\",\"https:\/\/www.youtube.com\/user\/RingierComm\",\"https:\/\/en.wikipedia.org\/wiki\/Ringier\",\"https:\/\/de.wikipedia.org\/wiki\/Ringier\",\"https:\/\/fr.wikipedia.org\/wiki\/Ringier\",\"https:\/\/www.crunchbase.com\/organization\/ringier-ag\"]},{\"@type\":\"Person\",\"@id\":\"https:\/\/www.ringier.com\/de\/#\/schema\/person\/4cf76a308dc4b2bb5121bd1e7b752e52\",\"name\":\"Ringier Corporate Communications\",\"image\":{\"@type\":\"ImageObject\",\"inLanguage\":\"de-DE\",\"@id\":\"https:\/\/www.ringier.com\/de\/#\/schema\/person\/image\/\",\"url\":\"https:\/\/secure.gravatar.com\/avatar\/9391e20481368d5df4fe3e1e476c13b27786347489822ec1ed07e532bb41f587?s=96&d=mm&r=g\",\"contentUrl\":\"https:\/\/secure.gravatar.com\/avatar\/9391e20481368d5df4fe3e1e476c13b27786347489822ec1ed07e532bb41f587?s=96&d=mm&r=g\",\"caption\":\"Ringier Corporate Communications\"},\"sameAs\":[\"https:\/\/www.ringier.com\"]}]}<\/script>\n<!-- \/ Yoast SEO Premium plugin. -->","yoast_head_json":{"title":"Ringier lanciert Social-Media-Magazin izzy - Ringier","robots":{"index":"index","follow":"follow","max-snippet":"max-snippet:-1","max-image-preview":"max-image-preview:large","max-video-preview":"max-video-preview:-1"},"canonical":"https:\/\/www.ringier.com\/de\/ringier-lanciert-social-media-magazin-izzy\/","og_locale":"de_DE","og_type":"article","og_title":"Ringier lanciert Social-Media-Magazin izzy","og_description":"izzy ist die neue Schweizer Medienmarke von Ringier und richtet sich an ein junges, urbanes und anspruchsvolles Social-Media-Publikum. Nach einer dreimonatigen, erfolgreichen Soft-Launch-Phase wird izzy mit dem Go-Live der Website izzymag.ch offiziell lanciert.","og_url":"https:\/\/www.ringier.com\/de\/ringier-lanciert-social-media-magazin-izzy\/","og_site_name":"Ringier","article_publisher":"https:\/\/www.facebook.com\/ringierag\/","article_published_time":"2017-12-14T15:27:00+00:00","article_modified_time":"2025-07-18T08:32:00+00:00","og_image":[{"width":960,"height":960,"url":"https:\/\/www.ringier.com\/wp-content\/uploads\/2021\/08\/Izzy.png","type":"image\/png"}],"author":"Ringier Corporate Communications","twitter_card":"summary_large_image","twitter_creator":"@ringier_ag","twitter_site":"@ringier_ag","twitter_misc":{"Verfasst von":"Ringier Corporate Communications","Gesch\u00e4tzte Lesezeit":"3 Minuten"},"schema":{"@context":"https:\/\/schema.org","@graph":[{"@type":"Article","@id":"https:\/\/www.ringier.com\/de\/ringier-lanciert-social-media-magazin-izzy\/#article","isPartOf":{"@id":"https:\/\/www.ringier.com\/de\/ringier-lanciert-social-media-magazin-izzy\/"},"author":{"name":"Ringier Corporate Communications","@id":"https:\/\/www.ringier.com\/de\/#\/schema\/person\/4cf76a308dc4b2bb5121bd1e7b752e52"},"headline":"Ringier lanciert Social-Media-Magazin izzy","datePublished":"2017-12-14T15:27:00+00:00","dateModified":"2025-07-18T08:32:00+00:00","mainEntityOfPage":{"@id":"https:\/\/www.ringier.com\/de\/ringier-lanciert-social-media-magazin-izzy\/"},"wordCount":405,"publisher":{"@id":"https:\/\/www.ringier.com\/de\/#organization"},"image":{"@id":"https:\/\/www.ringier.com\/de\/ringier-lanciert-social-media-magazin-izzy\/#primaryimage"},"thumbnailUrl":"https:\/\/www.ringier.com\/wp-content\/uploads\/2021\/08\/Izzy.png","articleSection":["Media","Ringier Medien Schweiz"],"inLanguage":"de-DE"},{"@type":"WebPage","@id":"https:\/\/www.ringier.com\/de\/ringier-lanciert-social-media-magazin-izzy\/","url":"https:\/\/www.ringier.com\/de\/ringier-lanciert-social-media-magazin-izzy\/","name":"Ringier lanciert Social-Media-Magazin izzy - Ringier","isPartOf":{"@id":"https:\/\/www.ringier.com\/de\/#website"},"primaryImageOfPage":{"@id":"https:\/\/www.ringier.com\/de\/ringier-lanciert-social-media-magazin-izzy\/#primaryimage"},"image":{"@id":"https:\/\/www.ringier.com\/de\/ringier-lanciert-social-media-magazin-izzy\/#primaryimage"},"thumbnailUrl":"https:\/\/www.ringier.com\/wp-content\/uploads\/2021\/08\/Izzy.png","datePublished":"2017-12-14T15:27:00+00:00","dateModified":"2025-07-18T08:32:00+00:00","breadcrumb":{"@id":"https:\/\/www.ringier.com\/de\/ringier-lanciert-social-media-magazin-izzy\/#breadcrumb"},"inLanguage":"de-DE","potentialAction":[{"@type":"ReadAction","target":["https:\/\/www.ringier.com\/de\/ringier-lanciert-social-media-magazin-izzy\/"]}]},{"@type":"ImageObject","inLanguage":"de-DE","@id":"https:\/\/www.ringier.com\/de\/ringier-lanciert-social-media-magazin-izzy\/#primaryimage","url":"https:\/\/www.ringier.com\/wp-content\/uploads\/2021\/08\/Izzy.png","contentUrl":"https:\/\/www.ringier.com\/wp-content\/uploads\/2021\/08\/Izzy.png","width":960,"height":960},{"@type":"BreadcrumbList","@id":"https:\/\/www.ringier.com\/de\/ringier-lanciert-social-media-magazin-izzy\/#breadcrumb","itemListElement":[{"@type":"ListItem","position":1,"name":"Home","item":"https:\/\/www.ringier.com\/de\/"},{"@type":"ListItem","position":2,"name":"Ringier lanciert Social-Media-Magazin izzy"}]},{"@type":"WebSite","@id":"https:\/\/www.ringier.com\/de\/#website","url":"https:\/\/www.ringier.com\/de\/","name":"Ringier","description":"We inform. We entertain. We connect","publisher":{"@id":"https:\/\/www.ringier.com\/de\/#organization"},"potentialAction":[{"@type":"SearchAction","target":{"@type":"EntryPoint","urlTemplate":"https:\/\/www.ringier.com\/de\/?s={search_term_string}"},"query-input":{"@type":"PropertyValueSpecification","valueRequired":true,"valueName":"search_term_string"}}],"inLanguage":"de-DE"},{"@type":"Organization","@id":"https:\/\/www.ringier.com\/de\/#organization","name":"Ringier","url":"https:\/\/www.ringier.com\/de\/","logo":{"@type":"ImageObject","inLanguage":"de-DE","@id":"https:\/\/www.ringier.com\/de\/#\/schema\/logo\/image\/","url":"https:\/\/www.ringier.com\/wp-content\/uploads\/2021\/10\/ringier_logo_2.jpg","contentUrl":"https:\/\/www.ringier.com\/wp-content\/uploads\/2021\/10\/ringier_logo_2.jpg","width":750,"height":550,"caption":"Ringier"},"image":{"@id":"https:\/\/www.ringier.com\/de\/#\/schema\/logo\/image\/"},"sameAs":["https:\/\/www.facebook.com\/ringierag\/","https:\/\/x.com\/ringier_ag","https:\/\/www.instagram.com\/ringier_ag\/","https:\/\/www.linkedin.com\/company\/ringier\/","https:\/\/www.youtube.com\/user\/RingierComm","https:\/\/en.wikipedia.org\/wiki\/Ringier","https:\/\/de.wikipedia.org\/wiki\/Ringier","https:\/\/fr.wikipedia.org\/wiki\/Ringier","https:\/\/www.crunchbase.com\/organization\/ringier-ag"]},{"@type":"Person","@id":"https:\/\/www.ringier.com\/de\/#\/schema\/person\/4cf76a308dc4b2bb5121bd1e7b752e52","name":"Ringier Corporate Communications","image":{"@type":"ImageObject","inLanguage":"de-DE","@id":"https:\/\/www.ringier.com\/de\/#\/schema\/person\/image\/","url":"https:\/\/secure.gravatar.com\/avatar\/9391e20481368d5df4fe3e1e476c13b27786347489822ec1ed07e532bb41f587?s=96&d=mm&r=g","contentUrl":"https:\/\/secure.gravatar.com\/avatar\/9391e20481368d5df4fe3e1e476c13b27786347489822ec1ed07e532bb41f587?s=96&d=mm&r=g","caption":"Ringier Corporate Communications"},"sameAs":["https:\/\/www.ringier.com"]}]}},"_links":{"self":[{"href":"https:\/\/www.ringier.com\/de\/wp-json\/wp\/v2\/posts\/2902","targetHints":{"allow":["GET"]}}],"collection":[{"href":"https:\/\/www.ringier.com\/de\/wp-json\/wp\/v2\/posts"}],"about":[{"href":"https:\/\/www.ringier.com\/de\/wp-json\/wp\/v2\/types\/post"}],"author":[{"embeddable":true,"href":"https:\/\/www.ringier.com\/de\/wp-json\/wp\/v2\/users\/23"}],"replies":[{"embeddable":true,"href":"https:\/\/www.ringier.com\/de\/wp-json\/wp\/v2\/comments?post=2902"}],"version-history":[{"count":0,"href":"https:\/\/www.ringier.com\/de\/wp-json\/wp\/v2\/posts\/2902\/revisions"}],"wp:featuredmedia":[{"embeddable":true,"href":"https:\/\/www.ringier.com\/de\/wp-json\/wp\/v2\/media\/2903"}],"wp:attachment":[{"href":"https:\/\/www.ringier.com\/de\/wp-json\/wp\/v2\/media?parent=2902"}],"wp:term":[{"taxonomy":"category","embeddable":true,"href":"https:\/\/www.ringier.com\/de\/wp-json\/wp\/v2\/categories?post=2902"},{"taxonomy":"post_tag","embeddable":true,"href":"https:\/\/www.ringier.com\/de\/wp-json\/wp\/v2\/tags?post=2902"}],"curies":[{"name":"wp","href":"https:\/\/api.w.org\/{rel}","templated":true}]}}