{"id":2749,"date":"2016-10-17T14:58:00","date_gmt":"2016-10-17T12:58:00","guid":{"rendered":"https:\/\/www.ringier.com\/?p=2749"},"modified":"2024-11-22T13:57:59","modified_gmt":"2024-11-22T12:57:59","slug":"ringier-digital-ventures-und-gruner-jahr-digital-ventures-investieren-in-makerist","status":"publish","type":"post","link":"https:\/\/www.ringier.com\/de\/ringier-digital-ventures-und-gruner-jahr-digital-ventures-investieren-in-makerist\/","title":{"rendered":"Ringier Digital Ventures und Gruner + Jahr Digital Ventures investieren in Makerist"},"content":{"rendered":"\n<p><a href=\"https:\/\/www.makerist.de\/\"><em>Makerist<\/em><\/a>&nbsp;betreibt eine Handarbeits-Plattform f\u00fcr den kreativen Austausch. In den Online-Kursen lernen Anf\u00e4nger sowie Fortgeschrittene mittels Schritt-f\u00fcr-Schritt-Video-Anleitungen alles rund ums N\u00e4hen, Stricken, H\u00e4keln und Torten Dekorieren. Der integrierte Anleitungsmarkt f\u00fcr Ebooks aus dem Kreativbereich und ein Online-Shop f\u00fcr Materialien runden das Angebot ab.<\/p>\n\n\n\n<p>Seit der Gr\u00fcndung im Juni 2013 hat das junge Unternehmen 38 Mitarbeiter und ein Netzwerk von \u00fcber 300 Designern und Kreativen an Bord genommen. 140\u201900 PDF-Anleitungen und \u00fcber 100 Video-Kurse, darunter 1000 einzelne Episoden wurden seither erstellt.<\/p>\n\n\n\n<p>Das in Berlin ans\u00e4ssige Start-up z\u00e4hlt bereits \u00fcber 520\u2019000 Menschen aus Deutschland, der Schweiz und \u00d6sterreich zu seinen Kunden. Die Expansion in weitere europ\u00e4ische L\u00e4nder ist zeitnah geplant.<\/p>\n\n\n\n<p>Ringier Digital Ventures und Gruner + Jahr Digital Ventures beteiligen sich zusammen mit den bereits bestehenden Investoren Hightech-Gr\u00fcnderfonds sowie OZ Verlag an der Series-B-Finanzierungsrunde in H\u00f6he von 5 Millionen Euro.<\/p>\n\n\n\n<p>Anhand der grossen Reichweite der Medienh\u00e4user Ringier, Gruner + Jahr und dem OZ Verlag von \u00fcber 800 Print-, Digital-, Radio- und Fernsehangeboten wird das nationale und internationale Wachstum von&nbsp;<a href=\"https:\/\/www.makerist.de\/\"><em>Makerist<\/em><\/a>&nbsp;vorangetrieben.<\/p>\n\n\n\n<p>David Hug, Managing Director von Ringier Digital Ventures: \u00abDer Do-It-Yourself-Bereich erfreut sich in vielen L\u00e4ndern wachsender Beliebtheit. So auch in der Schweiz. Vor allem tr\u00e4gt der Wissenstransfer durch Bewegtbild einen grossen Teil dazu bei, und&nbsp;<a href=\"https:\/\/www.makerist.de\/\"><em>Makerist<\/em><\/a>&nbsp;ist genau in diesem spannenden Wachstumsfeld sehr innovativ und kompetent. Wir freuen uns, das Angebot und die Reichweite von&nbsp;<a href=\"https:\/\/www.makerist.de\/\"><em>Makerist<\/em><\/a>&nbsp;in der Schweiz weiter auszubauen.\u00bb<\/p>\n\n\n\n<p><a href=\"https:\/\/www.makerist.de\/\"><em>Makerist<\/em><\/a>-Gr\u00fcnder Axel Heinz: \u00abRingier wird ein treibender Motor f\u00fcr unsere Internationalisierung sein. Wir k\u00f6nnen nicht nur vom Investment, sondern auch von der Erfahrung und Sichtbarkeit dieses starken Partners und seiner zahlreichen Medienerzeugnisse profitieren.\u00bb<\/p>\n\n\n\n<p>Beate Koch, Managing Director G+J Digital Ventures: \u00abIm Do-It-Yourself-Umfeld sehen wir grosse Potenziale f\u00fcr Paid-Content-Gesch\u00e4ftsmodelle. Immer mehr Menschen wollen wieder selbst etwas gestalten und wissen h\u00e4ufig nicht, wo sie professionelle Anleitungen und Lernkurse finden k\u00f6nnen. Die klare Fokussierung und das grossartige Team haben uns \u00fcberzeugt, in&nbsp;<a href=\"https:\/\/www.makerist.de\/\"><em>Makerist<\/em><\/a>&nbsp;zu investieren. Wir freuen uns, zusammen mit weiteren starken Investoren die n\u00e4chste Entwicklungsstufe von&nbsp;<a href=\"https:\/\/www.makerist.de\/\"><em>Makerist<\/em><\/a>&nbsp;zu begleiten.\u00bb<\/p>\n\n\n\n<p><a href=\"https:\/\/www.makerist.de\/\"><em>Makerist<\/em><\/a>-Gr\u00fcnderin Amber Riedl: \u00ab18 Millionen Deutsche n\u00e4hen oder stricken aktiv. Die starken Marken von Gruner + Jahr werden uns neben der Kernzielgruppe, die wir durch unsere bisherigen Kan\u00e4le und Kooperationen erreichen, nun auch f\u00fcr einen deutlich gr\u00f6sseren Anteil dieser Bev\u00f6lkerungsgruppe sichtbar machen. Dar\u00fcber hinaus passen die Themen Handarbeit und Selbermachen hervorragend zu den Lesern der Gruner + Jahr-Titel wie Flow oder Brigitte kreativ.\u00bb<\/p>\n\n\n\n<p>Mit dem Investment sollen ausserdem die Kursproduktion, Marketingmassnahmen und ein Werbespot finanziert werden. Alle Unternehmensentscheidungen bleiben nach wie vor bei den Gr\u00fcndern Amber Riedl und Axel Heinz.<\/p>\n\n\n\n<p>Ringier AG, Corporate Communications<\/p>\n\n\n\n<figure class=\"wp-block-gallery has-nested-images columns-default is-cropped wp-block-gallery-1 is-layout-flex wp-block-gallery-is-layout-flex\">\n<figure class=\"wp-block-image size-large\"><img loading=\"lazy\" decoding=\"async\" width=\"1005\" height=\"670\" data-id=\"2750\" src=\"https:\/\/www.ringier.com\/wp-content\/uploads\/2021\/08\/AmberRiedl_AxelHeinz_2.png\" alt=\"\" class=\"wp-image-2750\" srcset=\"https:\/\/www.ringier.com\/wp-content\/uploads\/2021\/08\/AmberRiedl_AxelHeinz_2.png 1005w, https:\/\/www.ringier.com\/wp-content\/uploads\/2021\/08\/AmberRiedl_AxelHeinz_2-300x200.png 300w, https:\/\/www.ringier.com\/wp-content\/uploads\/2021\/08\/AmberRiedl_AxelHeinz_2-768x512.png 768w\" sizes=\"auto, (max-width: 1005px) 100vw, 1005px\" \/><\/figure>\n\n\n\n<figure class=\"wp-block-image size-large\"><img loading=\"lazy\" decoding=\"async\" width=\"1005\" height=\"670\" data-id=\"2753\" src=\"https:\/\/www.ringier.com\/wp-content\/uploads\/2021\/08\/David_Hug_MM.png\" alt=\"\" class=\"wp-image-2753\" srcset=\"https:\/\/www.ringier.com\/wp-content\/uploads\/2021\/08\/David_Hug_MM.png 1005w, https:\/\/www.ringier.com\/wp-content\/uploads\/2021\/08\/David_Hug_MM-300x200.png 300w, https:\/\/www.ringier.com\/wp-content\/uploads\/2021\/08\/David_Hug_MM-768x512.png 768w\" sizes=\"auto, (max-width: 1005px) 100vw, 1005px\" \/><\/figure>\n\n\n\n<figure class=\"wp-block-image size-large\"><img loading=\"lazy\" decoding=\"async\" width=\"1005\" height=\"670\" data-id=\"2762\" src=\"https:\/\/www.ringier.com\/wp-content\/uploads\/2021\/08\/Beate_Koch_MM-1.png\" alt=\"\" class=\"wp-image-2762\" srcset=\"https:\/\/www.ringier.com\/wp-content\/uploads\/2021\/08\/Beate_Koch_MM-1.png 1005w, https:\/\/www.ringier.com\/wp-content\/uploads\/2021\/08\/Beate_Koch_MM-1-300x200.png 300w, https:\/\/www.ringier.com\/wp-content\/uploads\/2021\/08\/Beate_Koch_MM-1-768x512.png 768w\" sizes=\"auto, (max-width: 1005px) 100vw, 1005px\" \/><\/figure>\n<\/figure>\n","protected":false},"excerpt":{"rendered":"<p>Ringier Digital Ventures beteiligt sich am Do-It-Yourself-Start-up Makerist. Die Finanzierungsrunde erfolgt gemeinsam mit den deutschen Investoren Gruner + Jahr Digital Ventures, Hightech-Gr\u00fcnderfonds und OZ Verlag.<\/p>\n","protected":false},"author":23,"featured_media":2759,"comment_status":"closed","ping_status":"open","sticky":false,"template":"","format":"standard","meta":{"inline_featured_image":false,"footnotes":""},"categories":[44],"tags":[],"class_list":["post-2749","post","type-post","status-publish","format-standard","has-post-thumbnail","hentry","category-corporate-de"],"yoast_head":"<!-- This site is optimized with the Yoast SEO Premium plugin v27.0 (Yoast SEO v27.0) - https:\/\/yoast.com\/product\/yoast-seo-premium-wordpress\/ -->\n<title>Ringier Digital Ventures und Gruner + Jahr Digital Ventures investieren in Makerist - Ringier<\/title>\n<meta name=\"robots\" content=\"index, follow, max-snippet:-1, max-image-preview:large, max-video-preview:-1\" \/>\n<link rel=\"canonical\" href=\"https:\/\/www.ringier.com\/de\/ringier-digital-ventures-und-gruner-jahr-digital-ventures-investieren-in-makerist\/\" \/>\n<meta property=\"og:locale\" content=\"de_DE\" \/>\n<meta property=\"og:type\" content=\"article\" \/>\n<meta property=\"og:title\" content=\"Ringier Digital Ventures und Gruner + Jahr Digital Ventures investieren in Makerist\" \/>\n<meta property=\"og:description\" content=\"Ringier Digital Ventures beteiligt sich am Do-It-Yourself-Start-up Makerist. Die Finanzierungsrunde erfolgt gemeinsam mit den deutschen Investoren Gruner + Jahr Digital Ventures, Hightech-Gr\u00fcnderfonds und OZ Verlag.\" \/>\n<meta property=\"og:url\" content=\"https:\/\/www.ringier.com\/de\/ringier-digital-ventures-und-gruner-jahr-digital-ventures-investieren-in-makerist\/\" \/>\n<meta property=\"og:site_name\" content=\"Ringier\" \/>\n<meta property=\"article:publisher\" content=\"https:\/\/www.facebook.com\/ringierag\/\" \/>\n<meta property=\"article:published_time\" content=\"2016-10-17T12:58:00+00:00\" \/>\n<meta property=\"article:modified_time\" content=\"2024-11-22T12:57:59+00:00\" \/>\n<meta property=\"og:image\" content=\"https:\/\/www.ringier.com\/wp-content\/uploads\/2021\/08\/AmberRiedl_AxelHeinz_web-1.jpg\" \/>\n\t<meta property=\"og:image:width\" content=\"600\" \/>\n\t<meta property=\"og:image:height\" content=\"400\" \/>\n\t<meta property=\"og:image:type\" content=\"image\/jpeg\" \/>\n<meta name=\"author\" content=\"Ringier Corporate Communications\" \/>\n<meta name=\"twitter:card\" content=\"summary_large_image\" \/>\n<meta name=\"twitter:creator\" content=\"@ringier_ag\" \/>\n<meta name=\"twitter:site\" content=\"@ringier_ag\" \/>\n<meta name=\"twitter:label1\" content=\"Verfasst von\" \/>\n\t<meta name=\"twitter:data1\" content=\"Ringier Corporate Communications\" \/>\n\t<meta name=\"twitter:label2\" content=\"Gesch\u00e4tzte Lesezeit\" \/>\n\t<meta name=\"twitter:data2\" content=\"4 Minuten\" \/>\n<script type=\"application\/ld+json\" class=\"yoast-schema-graph\">{\"@context\":\"https:\/\/schema.org\",\"@graph\":[{\"@type\":\"Article\",\"@id\":\"https:\/\/www.ringier.com\/de\/ringier-digital-ventures-und-gruner-jahr-digital-ventures-investieren-in-makerist\/#article\",\"isPartOf\":{\"@id\":\"https:\/\/www.ringier.com\/de\/ringier-digital-ventures-und-gruner-jahr-digital-ventures-investieren-in-makerist\/\"},\"author\":{\"name\":\"Ringier Corporate Communications\",\"@id\":\"https:\/\/www.ringier.com\/de\/#\/schema\/person\/4cf76a308dc4b2bb5121bd1e7b752e52\"},\"headline\":\"Ringier Digital Ventures und Gruner + Jahr Digital Ventures investieren in Makerist\",\"datePublished\":\"2016-10-17T12:58:00+00:00\",\"dateModified\":\"2024-11-22T12:57:59+00:00\",\"mainEntityOfPage\":{\"@id\":\"https:\/\/www.ringier.com\/de\/ringier-digital-ventures-und-gruner-jahr-digital-ventures-investieren-in-makerist\/\"},\"wordCount\":465,\"publisher\":{\"@id\":\"https:\/\/www.ringier.com\/de\/#organization\"},\"image\":{\"@id\":\"https:\/\/www.ringier.com\/de\/ringier-digital-ventures-und-gruner-jahr-digital-ventures-investieren-in-makerist\/#primaryimage\"},\"thumbnailUrl\":\"https:\/\/www.ringier.com\/wp-content\/uploads\/2021\/08\/AmberRiedl_AxelHeinz_web-1.jpg\",\"articleSection\":[\"Corporate\"],\"inLanguage\":\"de-DE\"},{\"@type\":\"WebPage\",\"@id\":\"https:\/\/www.ringier.com\/de\/ringier-digital-ventures-und-gruner-jahr-digital-ventures-investieren-in-makerist\/\",\"url\":\"https:\/\/www.ringier.com\/de\/ringier-digital-ventures-und-gruner-jahr-digital-ventures-investieren-in-makerist\/\",\"name\":\"Ringier Digital Ventures und Gruner + Jahr Digital Ventures investieren in Makerist - Ringier\",\"isPartOf\":{\"@id\":\"https:\/\/www.ringier.com\/de\/#website\"},\"primaryImageOfPage\":{\"@id\":\"https:\/\/www.ringier.com\/de\/ringier-digital-ventures-und-gruner-jahr-digital-ventures-investieren-in-makerist\/#primaryimage\"},\"image\":{\"@id\":\"https:\/\/www.ringier.com\/de\/ringier-digital-ventures-und-gruner-jahr-digital-ventures-investieren-in-makerist\/#primaryimage\"},\"thumbnailUrl\":\"https:\/\/www.ringier.com\/wp-content\/uploads\/2021\/08\/AmberRiedl_AxelHeinz_web-1.jpg\",\"datePublished\":\"2016-10-17T12:58:00+00:00\",\"dateModified\":\"2024-11-22T12:57:59+00:00\",\"breadcrumb\":{\"@id\":\"https:\/\/www.ringier.com\/de\/ringier-digital-ventures-und-gruner-jahr-digital-ventures-investieren-in-makerist\/#breadcrumb\"},\"inLanguage\":\"de-DE\",\"potentialAction\":[{\"@type\":\"ReadAction\",\"target\":[\"https:\/\/www.ringier.com\/de\/ringier-digital-ventures-und-gruner-jahr-digital-ventures-investieren-in-makerist\/\"]}]},{\"@type\":\"ImageObject\",\"inLanguage\":\"de-DE\",\"@id\":\"https:\/\/www.ringier.com\/de\/ringier-digital-ventures-und-gruner-jahr-digital-ventures-investieren-in-makerist\/#primaryimage\",\"url\":\"https:\/\/www.ringier.com\/wp-content\/uploads\/2021\/08\/AmberRiedl_AxelHeinz_web-1.jpg\",\"contentUrl\":\"https:\/\/www.ringier.com\/wp-content\/uploads\/2021\/08\/AmberRiedl_AxelHeinz_web-1.jpg\",\"width\":600,\"height\":400,\"caption\":\"Makerist Gr\u00fcnder Amber Riedl &amp; Axel Heinz\"},{\"@type\":\"BreadcrumbList\",\"@id\":\"https:\/\/www.ringier.com\/de\/ringier-digital-ventures-und-gruner-jahr-digital-ventures-investieren-in-makerist\/#breadcrumb\",\"itemListElement\":[{\"@type\":\"ListItem\",\"position\":1,\"name\":\"Home\",\"item\":\"https:\/\/www.ringier.com\/de\/\"},{\"@type\":\"ListItem\",\"position\":2,\"name\":\"Ringier Digital Ventures und Gruner + Jahr Digital Ventures investieren in Makerist\"}]},{\"@type\":\"WebSite\",\"@id\":\"https:\/\/www.ringier.com\/de\/#website\",\"url\":\"https:\/\/www.ringier.com\/de\/\",\"name\":\"Ringier\",\"description\":\"We inform. We entertain. We connect\",\"publisher\":{\"@id\":\"https:\/\/www.ringier.com\/de\/#organization\"},\"potentialAction\":[{\"@type\":\"SearchAction\",\"target\":{\"@type\":\"EntryPoint\",\"urlTemplate\":\"https:\/\/www.ringier.com\/de\/?s={search_term_string}\"},\"query-input\":{\"@type\":\"PropertyValueSpecification\",\"valueRequired\":true,\"valueName\":\"search_term_string\"}}],\"inLanguage\":\"de-DE\"},{\"@type\":\"Organization\",\"@id\":\"https:\/\/www.ringier.com\/de\/#organization\",\"name\":\"Ringier\",\"url\":\"https:\/\/www.ringier.com\/de\/\",\"logo\":{\"@type\":\"ImageObject\",\"inLanguage\":\"de-DE\",\"@id\":\"https:\/\/www.ringier.com\/de\/#\/schema\/logo\/image\/\",\"url\":\"https:\/\/www.ringier.com\/wp-content\/uploads\/2021\/10\/ringier_logo_2.jpg\",\"contentUrl\":\"https:\/\/www.ringier.com\/wp-content\/uploads\/2021\/10\/ringier_logo_2.jpg\",\"width\":750,\"height\":550,\"caption\":\"Ringier\"},\"image\":{\"@id\":\"https:\/\/www.ringier.com\/de\/#\/schema\/logo\/image\/\"},\"sameAs\":[\"https:\/\/www.facebook.com\/ringierag\/\",\"https:\/\/x.com\/ringier_ag\",\"https:\/\/www.instagram.com\/ringier_ag\/\",\"https:\/\/www.linkedin.com\/company\/ringier\/\",\"https:\/\/www.youtube.com\/user\/RingierComm\",\"https:\/\/en.wikipedia.org\/wiki\/Ringier\",\"https:\/\/de.wikipedia.org\/wiki\/Ringier\",\"https:\/\/fr.wikipedia.org\/wiki\/Ringier\",\"https:\/\/www.crunchbase.com\/organization\/ringier-ag\"]},{\"@type\":\"Person\",\"@id\":\"https:\/\/www.ringier.com\/de\/#\/schema\/person\/4cf76a308dc4b2bb5121bd1e7b752e52\",\"name\":\"Ringier Corporate Communications\",\"image\":{\"@type\":\"ImageObject\",\"inLanguage\":\"de-DE\",\"@id\":\"https:\/\/www.ringier.com\/de\/#\/schema\/person\/image\/\",\"url\":\"https:\/\/secure.gravatar.com\/avatar\/9391e20481368d5df4fe3e1e476c13b27786347489822ec1ed07e532bb41f587?s=96&d=mm&r=g\",\"contentUrl\":\"https:\/\/secure.gravatar.com\/avatar\/9391e20481368d5df4fe3e1e476c13b27786347489822ec1ed07e532bb41f587?s=96&d=mm&r=g\",\"caption\":\"Ringier Corporate Communications\"},\"sameAs\":[\"https:\/\/www.ringier.com\"]}]}<\/script>\n<!-- \/ Yoast SEO Premium plugin. -->","yoast_head_json":{"title":"Ringier Digital Ventures und Gruner + Jahr Digital Ventures investieren in Makerist - Ringier","robots":{"index":"index","follow":"follow","max-snippet":"max-snippet:-1","max-image-preview":"max-image-preview:large","max-video-preview":"max-video-preview:-1"},"canonical":"https:\/\/www.ringier.com\/de\/ringier-digital-ventures-und-gruner-jahr-digital-ventures-investieren-in-makerist\/","og_locale":"de_DE","og_type":"article","og_title":"Ringier Digital Ventures und Gruner + Jahr Digital Ventures investieren in Makerist","og_description":"Ringier Digital Ventures beteiligt sich am Do-It-Yourself-Start-up Makerist. Die Finanzierungsrunde erfolgt gemeinsam mit den deutschen Investoren Gruner + Jahr Digital Ventures, Hightech-Gr\u00fcnderfonds und OZ Verlag.","og_url":"https:\/\/www.ringier.com\/de\/ringier-digital-ventures-und-gruner-jahr-digital-ventures-investieren-in-makerist\/","og_site_name":"Ringier","article_publisher":"https:\/\/www.facebook.com\/ringierag\/","article_published_time":"2016-10-17T12:58:00+00:00","article_modified_time":"2024-11-22T12:57:59+00:00","og_image":[{"width":600,"height":400,"url":"https:\/\/www.ringier.com\/wp-content\/uploads\/2021\/08\/AmberRiedl_AxelHeinz_web-1.jpg","type":"image\/jpeg"}],"author":"Ringier Corporate Communications","twitter_card":"summary_large_image","twitter_creator":"@ringier_ag","twitter_site":"@ringier_ag","twitter_misc":{"Verfasst von":"Ringier Corporate Communications","Gesch\u00e4tzte Lesezeit":"4 Minuten"},"schema":{"@context":"https:\/\/schema.org","@graph":[{"@type":"Article","@id":"https:\/\/www.ringier.com\/de\/ringier-digital-ventures-und-gruner-jahr-digital-ventures-investieren-in-makerist\/#article","isPartOf":{"@id":"https:\/\/www.ringier.com\/de\/ringier-digital-ventures-und-gruner-jahr-digital-ventures-investieren-in-makerist\/"},"author":{"name":"Ringier Corporate Communications","@id":"https:\/\/www.ringier.com\/de\/#\/schema\/person\/4cf76a308dc4b2bb5121bd1e7b752e52"},"headline":"Ringier Digital Ventures und Gruner + Jahr Digital Ventures investieren in Makerist","datePublished":"2016-10-17T12:58:00+00:00","dateModified":"2024-11-22T12:57:59+00:00","mainEntityOfPage":{"@id":"https:\/\/www.ringier.com\/de\/ringier-digital-ventures-und-gruner-jahr-digital-ventures-investieren-in-makerist\/"},"wordCount":465,"publisher":{"@id":"https:\/\/www.ringier.com\/de\/#organization"},"image":{"@id":"https:\/\/www.ringier.com\/de\/ringier-digital-ventures-und-gruner-jahr-digital-ventures-investieren-in-makerist\/#primaryimage"},"thumbnailUrl":"https:\/\/www.ringier.com\/wp-content\/uploads\/2021\/08\/AmberRiedl_AxelHeinz_web-1.jpg","articleSection":["Corporate"],"inLanguage":"de-DE"},{"@type":"WebPage","@id":"https:\/\/www.ringier.com\/de\/ringier-digital-ventures-und-gruner-jahr-digital-ventures-investieren-in-makerist\/","url":"https:\/\/www.ringier.com\/de\/ringier-digital-ventures-und-gruner-jahr-digital-ventures-investieren-in-makerist\/","name":"Ringier Digital Ventures und Gruner + Jahr Digital Ventures investieren in Makerist - Ringier","isPartOf":{"@id":"https:\/\/www.ringier.com\/de\/#website"},"primaryImageOfPage":{"@id":"https:\/\/www.ringier.com\/de\/ringier-digital-ventures-und-gruner-jahr-digital-ventures-investieren-in-makerist\/#primaryimage"},"image":{"@id":"https:\/\/www.ringier.com\/de\/ringier-digital-ventures-und-gruner-jahr-digital-ventures-investieren-in-makerist\/#primaryimage"},"thumbnailUrl":"https:\/\/www.ringier.com\/wp-content\/uploads\/2021\/08\/AmberRiedl_AxelHeinz_web-1.jpg","datePublished":"2016-10-17T12:58:00+00:00","dateModified":"2024-11-22T12:57:59+00:00","breadcrumb":{"@id":"https:\/\/www.ringier.com\/de\/ringier-digital-ventures-und-gruner-jahr-digital-ventures-investieren-in-makerist\/#breadcrumb"},"inLanguage":"de-DE","potentialAction":[{"@type":"ReadAction","target":["https:\/\/www.ringier.com\/de\/ringier-digital-ventures-und-gruner-jahr-digital-ventures-investieren-in-makerist\/"]}]},{"@type":"ImageObject","inLanguage":"de-DE","@id":"https:\/\/www.ringier.com\/de\/ringier-digital-ventures-und-gruner-jahr-digital-ventures-investieren-in-makerist\/#primaryimage","url":"https:\/\/www.ringier.com\/wp-content\/uploads\/2021\/08\/AmberRiedl_AxelHeinz_web-1.jpg","contentUrl":"https:\/\/www.ringier.com\/wp-content\/uploads\/2021\/08\/AmberRiedl_AxelHeinz_web-1.jpg","width":600,"height":400,"caption":"Makerist Gr\u00fcnder Amber Riedl &amp; Axel Heinz"},{"@type":"BreadcrumbList","@id":"https:\/\/www.ringier.com\/de\/ringier-digital-ventures-und-gruner-jahr-digital-ventures-investieren-in-makerist\/#breadcrumb","itemListElement":[{"@type":"ListItem","position":1,"name":"Home","item":"https:\/\/www.ringier.com\/de\/"},{"@type":"ListItem","position":2,"name":"Ringier Digital Ventures und Gruner + Jahr Digital Ventures investieren in Makerist"}]},{"@type":"WebSite","@id":"https:\/\/www.ringier.com\/de\/#website","url":"https:\/\/www.ringier.com\/de\/","name":"Ringier","description":"We inform. We entertain. We connect","publisher":{"@id":"https:\/\/www.ringier.com\/de\/#organization"},"potentialAction":[{"@type":"SearchAction","target":{"@type":"EntryPoint","urlTemplate":"https:\/\/www.ringier.com\/de\/?s={search_term_string}"},"query-input":{"@type":"PropertyValueSpecification","valueRequired":true,"valueName":"search_term_string"}}],"inLanguage":"de-DE"},{"@type":"Organization","@id":"https:\/\/www.ringier.com\/de\/#organization","name":"Ringier","url":"https:\/\/www.ringier.com\/de\/","logo":{"@type":"ImageObject","inLanguage":"de-DE","@id":"https:\/\/www.ringier.com\/de\/#\/schema\/logo\/image\/","url":"https:\/\/www.ringier.com\/wp-content\/uploads\/2021\/10\/ringier_logo_2.jpg","contentUrl":"https:\/\/www.ringier.com\/wp-content\/uploads\/2021\/10\/ringier_logo_2.jpg","width":750,"height":550,"caption":"Ringier"},"image":{"@id":"https:\/\/www.ringier.com\/de\/#\/schema\/logo\/image\/"},"sameAs":["https:\/\/www.facebook.com\/ringierag\/","https:\/\/x.com\/ringier_ag","https:\/\/www.instagram.com\/ringier_ag\/","https:\/\/www.linkedin.com\/company\/ringier\/","https:\/\/www.youtube.com\/user\/RingierComm","https:\/\/en.wikipedia.org\/wiki\/Ringier","https:\/\/de.wikipedia.org\/wiki\/Ringier","https:\/\/fr.wikipedia.org\/wiki\/Ringier","https:\/\/www.crunchbase.com\/organization\/ringier-ag"]},{"@type":"Person","@id":"https:\/\/www.ringier.com\/de\/#\/schema\/person\/4cf76a308dc4b2bb5121bd1e7b752e52","name":"Ringier Corporate Communications","image":{"@type":"ImageObject","inLanguage":"de-DE","@id":"https:\/\/www.ringier.com\/de\/#\/schema\/person\/image\/","url":"https:\/\/secure.gravatar.com\/avatar\/9391e20481368d5df4fe3e1e476c13b27786347489822ec1ed07e532bb41f587?s=96&d=mm&r=g","contentUrl":"https:\/\/secure.gravatar.com\/avatar\/9391e20481368d5df4fe3e1e476c13b27786347489822ec1ed07e532bb41f587?s=96&d=mm&r=g","caption":"Ringier Corporate Communications"},"sameAs":["https:\/\/www.ringier.com"]}]}},"_links":{"self":[{"href":"https:\/\/www.ringier.com\/de\/wp-json\/wp\/v2\/posts\/2749","targetHints":{"allow":["GET"]}}],"collection":[{"href":"https:\/\/www.ringier.com\/de\/wp-json\/wp\/v2\/posts"}],"about":[{"href":"https:\/\/www.ringier.com\/de\/wp-json\/wp\/v2\/types\/post"}],"author":[{"embeddable":true,"href":"https:\/\/www.ringier.com\/de\/wp-json\/wp\/v2\/users\/23"}],"replies":[{"embeddable":true,"href":"https:\/\/www.ringier.com\/de\/wp-json\/wp\/v2\/comments?post=2749"}],"version-history":[{"count":0,"href":"https:\/\/www.ringier.com\/de\/wp-json\/wp\/v2\/posts\/2749\/revisions"}],"wp:featuredmedia":[{"embeddable":true,"href":"https:\/\/www.ringier.com\/de\/wp-json\/wp\/v2\/media\/2759"}],"wp:attachment":[{"href":"https:\/\/www.ringier.com\/de\/wp-json\/wp\/v2\/media?parent=2749"}],"wp:term":[{"taxonomy":"category","embeddable":true,"href":"https:\/\/www.ringier.com\/de\/wp-json\/wp\/v2\/categories?post=2749"},{"taxonomy":"post_tag","embeddable":true,"href":"https:\/\/www.ringier.com\/de\/wp-json\/wp\/v2\/tags?post=2749"}],"curies":[{"name":"wp","href":"https:\/\/api.w.org\/{rel}","templated":true}]}}