{"id":2516,"date":"2016-06-06T16:13:00","date_gmt":"2016-06-06T14:13:00","guid":{"rendered":"https:\/\/www.ringier.com\/?p=2516"},"modified":"2024-11-22T14:17:12","modified_gmt":"2024-11-22T13:17:12","slug":"ringier-swisscom-und-srf-lancieren-gemeinsam-den-webvideopreis-schweiz","status":"publish","type":"post","link":"https:\/\/www.ringier.com\/de\/ringier-swisscom-und-srf-lancieren-gemeinsam-den-webvideopreis-schweiz\/","title":{"rendered":"Ringier, Swisscom und SRF lancieren gemeinsam den Webvideopreis Schweiz"},"content":{"rendered":"\n<p>Vor sechs Jahren vergab die European Webvideo Academy (EWVA) in Deutschland erstmals den Webvideopreis in diversen Kategorien. Anfangs noch eine eher kleinere Veranstaltung, war der Preis bald schon in aller Munde. \u00dcber die Jahre hinweg wurde der Webvideopreis immer gr\u00f6sser und popul\u00e4rer, ohne jedoch seinen origin\u00e4ren Charme einzub\u00fcssen.<\/p>\n\n\n\n<p><br>Dieses Jahr wurde der Preis nun am vergangenen Samstag in D\u00fcsseldorf vergeben. Insgesamt verfolgten \u00fcber 2000 G\u00e4ste die Gala vor Ort, hunderttausende Zuschauer waren live via YouTube, Twitch und Facebook dabei.<br><br>Der Webvideopreis Deutschland wartete mit einer \u00dcberraschung auf: Auch in der Schweiz sollen erstmalig Webvideopreise vergeben werden. Und dies bereits 2016. In die Schweiz geholt haben den Preis die drei\u00a0<em>Admeira<\/em>-Partner Ringier, Swisscom und SRF.<br><br>In einer ersten Phase werden nun die auszuzeichnenden Kategorien festgelegt, eine Nominierungs-Jury sowie das Voting-Prozedere definiert. Bereits im Dezember dieses Jahres soll dann die erste Verleihung stattfinden.<br><br>Markus H\u00fcndgen und Dr. Dimitrios Argirakos, Gr\u00fcnder des Webvideopreises und Gesch\u00e4ftsf\u00fchrer der European Web Video Academy: \u00abWir freuen uns, mit Ringier, Swisscom und SRF drei zuverl\u00e4ssige Partner an unserer Seite zu haben, die die gleiche Leidenschaft f\u00fcr den digitalen Wandel aufbringen wie wir \u2013 und deshalb sind wir uns sicher, dass der Award auch in der Schweiz eine Erfolgsstory wird.\u00bb<\/p>\n\n\n\n<p>Marc Walder, CEO Ringier: \u00abDie Bedeutung von Webvideo-Inhalten hat in den vergangenen Jahren massiv zugenommen. Auf den Ringier-Plattformen wie beispielsweise jenen der\u00a0<em>Blick<\/em>-Gruppe hat sich der Videokonsum seit vergangenem Jahr mehr als vervierfacht und wir verzeichnen heute monatlich bis zu 50 Millionen Abrufe. Gemeinsam mit unseren\u00a0<em>Admeira<\/em>-Partnern m\u00f6chten wir die grosse Bedeutung von Webvideos mit diesem Preis unterstreichen.\u00bb<\/p>\n\n\n\n<p>Ruedi Matter, Direktor Schweizer Radio und Fernsehen SRF: \u00abWebvideos werden im Alltag immer wichtiger und sind insbesondere beim jungen Publikum sehr beliebt. Wir freuen uns deshalb sehr, dass wir den renommierten Webvideopreis gemeinsam mit unseren Partnern erstmals auch in der Schweiz durchf\u00fchren k\u00f6nnen.\u00bb<br><br>Ringier AG, Corporate Communications<br>SRF, Media Relations<br>Swisscom AG, Media Relations<\/p>\n","protected":false},"excerpt":{"rendered":"<p>Die Admeira-Partner Ringier, Swisscom und SRF lancieren 2016 gemeinsam den ersten Webvideopreis Schweiz. In Deutschland seit sechs Jahren bereits ein immer st\u00e4rkerer Publikums-Magnet und mittlerweile eine renommierte Veranstaltung der \u00abGeneration YouTube\u00bb, soll der Preis nun auch in der Schweiz das vielf\u00e4ltige Webvideo-Schaffen auszeichnen.<\/p>\n","protected":false},"author":23,"featured_media":2517,"comment_status":"closed","ping_status":"open","sticky":false,"template":"","format":"standard","meta":{"inline_featured_image":false,"footnotes":""},"categories":[44],"tags":[],"class_list":["post-2516","post","type-post","status-publish","format-standard","has-post-thumbnail","hentry","category-corporate-de"],"yoast_head":"<!-- This site is optimized with the Yoast SEO Premium plugin v27.0 (Yoast SEO v27.0) - https:\/\/yoast.com\/product\/yoast-seo-premium-wordpress\/ -->\n<title>Ringier, Swisscom und SRF lancieren gemeinsam den Webvideopreis Schweiz - Ringier<\/title>\n<meta name=\"robots\" content=\"index, follow, max-snippet:-1, max-image-preview:large, max-video-preview:-1\" \/>\n<link rel=\"canonical\" href=\"https:\/\/www.ringier.com\/de\/ringier-swisscom-und-srf-lancieren-gemeinsam-den-webvideopreis-schweiz\/\" \/>\n<meta property=\"og:locale\" content=\"de_DE\" \/>\n<meta property=\"og:type\" content=\"article\" \/>\n<meta property=\"og:title\" content=\"Ringier, Swisscom und SRF lancieren gemeinsam den Webvideopreis Schweiz\" \/>\n<meta property=\"og:description\" content=\"Die Admeira-Partner Ringier, Swisscom und SRF lancieren 2016 gemeinsam den ersten Webvideopreis Schweiz. In Deutschland seit sechs Jahren bereits ein immer st\u00e4rkerer Publikums-Magnet und mittlerweile eine renommierte Veranstaltung der \u00abGeneration YouTube\u00bb, soll der Preis nun auch in der Schweiz das vielf\u00e4ltige Webvideo-Schaffen auszeichnen.\" \/>\n<meta property=\"og:url\" content=\"https:\/\/www.ringier.com\/de\/ringier-swisscom-und-srf-lancieren-gemeinsam-den-webvideopreis-schweiz\/\" \/>\n<meta property=\"og:site_name\" content=\"Ringier\" \/>\n<meta property=\"article:publisher\" content=\"https:\/\/www.facebook.com\/ringierag\/\" \/>\n<meta property=\"article:published_time\" content=\"2016-06-06T14:13:00+00:00\" \/>\n<meta property=\"article:modified_time\" content=\"2024-11-22T13:17:12+00:00\" \/>\n<meta property=\"og:image\" content=\"https:\/\/www.ringier.com\/wp-content\/uploads\/2021\/08\/dreilogogs-2.jpg\" \/>\n\t<meta property=\"og:image:width\" content=\"572\" \/>\n\t<meta property=\"og:image:height\" content=\"65\" \/>\n\t<meta property=\"og:image:type\" content=\"image\/jpeg\" \/>\n<meta name=\"author\" content=\"Ringier Corporate Communications\" \/>\n<meta name=\"twitter:card\" content=\"summary_large_image\" \/>\n<meta name=\"twitter:creator\" content=\"@ringier_ag\" \/>\n<meta name=\"twitter:site\" content=\"@ringier_ag\" \/>\n<meta name=\"twitter:label1\" content=\"Verfasst von\" \/>\n\t<meta name=\"twitter:data1\" content=\"Ringier Corporate Communications\" \/>\n\t<meta name=\"twitter:label2\" content=\"Gesch\u00e4tzte Lesezeit\" \/>\n\t<meta name=\"twitter:data2\" content=\"2 Minuten\" \/>\n<script type=\"application\/ld+json\" class=\"yoast-schema-graph\">{\"@context\":\"https:\/\/schema.org\",\"@graph\":[{\"@type\":\"Article\",\"@id\":\"https:\/\/www.ringier.com\/de\/ringier-swisscom-und-srf-lancieren-gemeinsam-den-webvideopreis-schweiz\/#article\",\"isPartOf\":{\"@id\":\"https:\/\/www.ringier.com\/de\/ringier-swisscom-und-srf-lancieren-gemeinsam-den-webvideopreis-schweiz\/\"},\"author\":{\"name\":\"Ringier Corporate Communications\",\"@id\":\"https:\/\/www.ringier.com\/de\/#\/schema\/person\/4cf76a308dc4b2bb5121bd1e7b752e52\"},\"headline\":\"Ringier, Swisscom und SRF lancieren gemeinsam den Webvideopreis Schweiz\",\"datePublished\":\"2016-06-06T14:13:00+00:00\",\"dateModified\":\"2024-11-22T13:17:12+00:00\",\"mainEntityOfPage\":{\"@id\":\"https:\/\/www.ringier.com\/de\/ringier-swisscom-und-srf-lancieren-gemeinsam-den-webvideopreis-schweiz\/\"},\"wordCount\":331,\"publisher\":{\"@id\":\"https:\/\/www.ringier.com\/de\/#organization\"},\"image\":{\"@id\":\"https:\/\/www.ringier.com\/de\/ringier-swisscom-und-srf-lancieren-gemeinsam-den-webvideopreis-schweiz\/#primaryimage\"},\"thumbnailUrl\":\"https:\/\/www.ringier.com\/wp-content\/uploads\/2021\/08\/dreilogogs-2.jpg\",\"articleSection\":[\"Corporate\"],\"inLanguage\":\"de-DE\"},{\"@type\":\"WebPage\",\"@id\":\"https:\/\/www.ringier.com\/de\/ringier-swisscom-und-srf-lancieren-gemeinsam-den-webvideopreis-schweiz\/\",\"url\":\"https:\/\/www.ringier.com\/de\/ringier-swisscom-und-srf-lancieren-gemeinsam-den-webvideopreis-schweiz\/\",\"name\":\"Ringier, Swisscom und SRF lancieren gemeinsam den Webvideopreis Schweiz - Ringier\",\"isPartOf\":{\"@id\":\"https:\/\/www.ringier.com\/de\/#website\"},\"primaryImageOfPage\":{\"@id\":\"https:\/\/www.ringier.com\/de\/ringier-swisscom-und-srf-lancieren-gemeinsam-den-webvideopreis-schweiz\/#primaryimage\"},\"image\":{\"@id\":\"https:\/\/www.ringier.com\/de\/ringier-swisscom-und-srf-lancieren-gemeinsam-den-webvideopreis-schweiz\/#primaryimage\"},\"thumbnailUrl\":\"https:\/\/www.ringier.com\/wp-content\/uploads\/2021\/08\/dreilogogs-2.jpg\",\"datePublished\":\"2016-06-06T14:13:00+00:00\",\"dateModified\":\"2024-11-22T13:17:12+00:00\",\"breadcrumb\":{\"@id\":\"https:\/\/www.ringier.com\/de\/ringier-swisscom-und-srf-lancieren-gemeinsam-den-webvideopreis-schweiz\/#breadcrumb\"},\"inLanguage\":\"de-DE\",\"potentialAction\":[{\"@type\":\"ReadAction\",\"target\":[\"https:\/\/www.ringier.com\/de\/ringier-swisscom-und-srf-lancieren-gemeinsam-den-webvideopreis-schweiz\/\"]}]},{\"@type\":\"ImageObject\",\"inLanguage\":\"de-DE\",\"@id\":\"https:\/\/www.ringier.com\/de\/ringier-swisscom-und-srf-lancieren-gemeinsam-den-webvideopreis-schweiz\/#primaryimage\",\"url\":\"https:\/\/www.ringier.com\/wp-content\/uploads\/2021\/08\/dreilogogs-2.jpg\",\"contentUrl\":\"https:\/\/www.ringier.com\/wp-content\/uploads\/2021\/08\/dreilogogs-2.jpg\",\"width\":572,\"height\":65},{\"@type\":\"BreadcrumbList\",\"@id\":\"https:\/\/www.ringier.com\/de\/ringier-swisscom-und-srf-lancieren-gemeinsam-den-webvideopreis-schweiz\/#breadcrumb\",\"itemListElement\":[{\"@type\":\"ListItem\",\"position\":1,\"name\":\"Home\",\"item\":\"https:\/\/www.ringier.com\/de\/\"},{\"@type\":\"ListItem\",\"position\":2,\"name\":\"Ringier, Swisscom und SRF lancieren gemeinsam den Webvideopreis Schweiz\"}]},{\"@type\":\"WebSite\",\"@id\":\"https:\/\/www.ringier.com\/de\/#website\",\"url\":\"https:\/\/www.ringier.com\/de\/\",\"name\":\"Ringier\",\"description\":\"We inform. We entertain. We connect\",\"publisher\":{\"@id\":\"https:\/\/www.ringier.com\/de\/#organization\"},\"potentialAction\":[{\"@type\":\"SearchAction\",\"target\":{\"@type\":\"EntryPoint\",\"urlTemplate\":\"https:\/\/www.ringier.com\/de\/?s={search_term_string}\"},\"query-input\":{\"@type\":\"PropertyValueSpecification\",\"valueRequired\":true,\"valueName\":\"search_term_string\"}}],\"inLanguage\":\"de-DE\"},{\"@type\":\"Organization\",\"@id\":\"https:\/\/www.ringier.com\/de\/#organization\",\"name\":\"Ringier\",\"url\":\"https:\/\/www.ringier.com\/de\/\",\"logo\":{\"@type\":\"ImageObject\",\"inLanguage\":\"de-DE\",\"@id\":\"https:\/\/www.ringier.com\/de\/#\/schema\/logo\/image\/\",\"url\":\"https:\/\/www.ringier.com\/wp-content\/uploads\/2021\/10\/ringier_logo_2.jpg\",\"contentUrl\":\"https:\/\/www.ringier.com\/wp-content\/uploads\/2021\/10\/ringier_logo_2.jpg\",\"width\":750,\"height\":550,\"caption\":\"Ringier\"},\"image\":{\"@id\":\"https:\/\/www.ringier.com\/de\/#\/schema\/logo\/image\/\"},\"sameAs\":[\"https:\/\/www.facebook.com\/ringierag\/\",\"https:\/\/x.com\/ringier_ag\",\"https:\/\/www.instagram.com\/ringier_ag\/\",\"https:\/\/www.linkedin.com\/company\/ringier\/\",\"https:\/\/www.youtube.com\/user\/RingierComm\",\"https:\/\/en.wikipedia.org\/wiki\/Ringier\",\"https:\/\/de.wikipedia.org\/wiki\/Ringier\",\"https:\/\/fr.wikipedia.org\/wiki\/Ringier\",\"https:\/\/www.crunchbase.com\/organization\/ringier-ag\"]},{\"@type\":\"Person\",\"@id\":\"https:\/\/www.ringier.com\/de\/#\/schema\/person\/4cf76a308dc4b2bb5121bd1e7b752e52\",\"name\":\"Ringier Corporate Communications\",\"image\":{\"@type\":\"ImageObject\",\"inLanguage\":\"de-DE\",\"@id\":\"https:\/\/www.ringier.com\/de\/#\/schema\/person\/image\/\",\"url\":\"https:\/\/secure.gravatar.com\/avatar\/9391e20481368d5df4fe3e1e476c13b27786347489822ec1ed07e532bb41f587?s=96&d=mm&r=g\",\"contentUrl\":\"https:\/\/secure.gravatar.com\/avatar\/9391e20481368d5df4fe3e1e476c13b27786347489822ec1ed07e532bb41f587?s=96&d=mm&r=g\",\"caption\":\"Ringier Corporate Communications\"},\"sameAs\":[\"https:\/\/www.ringier.com\"]}]}<\/script>\n<!-- \/ Yoast SEO Premium plugin. -->","yoast_head_json":{"title":"Ringier, Swisscom und SRF lancieren gemeinsam den Webvideopreis Schweiz - Ringier","robots":{"index":"index","follow":"follow","max-snippet":"max-snippet:-1","max-image-preview":"max-image-preview:large","max-video-preview":"max-video-preview:-1"},"canonical":"https:\/\/www.ringier.com\/de\/ringier-swisscom-und-srf-lancieren-gemeinsam-den-webvideopreis-schweiz\/","og_locale":"de_DE","og_type":"article","og_title":"Ringier, Swisscom und SRF lancieren gemeinsam den Webvideopreis Schweiz","og_description":"Die Admeira-Partner Ringier, Swisscom und SRF lancieren 2016 gemeinsam den ersten Webvideopreis Schweiz. In Deutschland seit sechs Jahren bereits ein immer st\u00e4rkerer Publikums-Magnet und mittlerweile eine renommierte Veranstaltung der \u00abGeneration YouTube\u00bb, soll der Preis nun auch in der Schweiz das vielf\u00e4ltige Webvideo-Schaffen auszeichnen.","og_url":"https:\/\/www.ringier.com\/de\/ringier-swisscom-und-srf-lancieren-gemeinsam-den-webvideopreis-schweiz\/","og_site_name":"Ringier","article_publisher":"https:\/\/www.facebook.com\/ringierag\/","article_published_time":"2016-06-06T14:13:00+00:00","article_modified_time":"2024-11-22T13:17:12+00:00","og_image":[{"width":572,"height":65,"url":"https:\/\/www.ringier.com\/wp-content\/uploads\/2021\/08\/dreilogogs-2.jpg","type":"image\/jpeg"}],"author":"Ringier Corporate Communications","twitter_card":"summary_large_image","twitter_creator":"@ringier_ag","twitter_site":"@ringier_ag","twitter_misc":{"Verfasst von":"Ringier Corporate Communications","Gesch\u00e4tzte Lesezeit":"2 Minuten"},"schema":{"@context":"https:\/\/schema.org","@graph":[{"@type":"Article","@id":"https:\/\/www.ringier.com\/de\/ringier-swisscom-und-srf-lancieren-gemeinsam-den-webvideopreis-schweiz\/#article","isPartOf":{"@id":"https:\/\/www.ringier.com\/de\/ringier-swisscom-und-srf-lancieren-gemeinsam-den-webvideopreis-schweiz\/"},"author":{"name":"Ringier Corporate Communications","@id":"https:\/\/www.ringier.com\/de\/#\/schema\/person\/4cf76a308dc4b2bb5121bd1e7b752e52"},"headline":"Ringier, Swisscom und SRF lancieren gemeinsam den Webvideopreis Schweiz","datePublished":"2016-06-06T14:13:00+00:00","dateModified":"2024-11-22T13:17:12+00:00","mainEntityOfPage":{"@id":"https:\/\/www.ringier.com\/de\/ringier-swisscom-und-srf-lancieren-gemeinsam-den-webvideopreis-schweiz\/"},"wordCount":331,"publisher":{"@id":"https:\/\/www.ringier.com\/de\/#organization"},"image":{"@id":"https:\/\/www.ringier.com\/de\/ringier-swisscom-und-srf-lancieren-gemeinsam-den-webvideopreis-schweiz\/#primaryimage"},"thumbnailUrl":"https:\/\/www.ringier.com\/wp-content\/uploads\/2021\/08\/dreilogogs-2.jpg","articleSection":["Corporate"],"inLanguage":"de-DE"},{"@type":"WebPage","@id":"https:\/\/www.ringier.com\/de\/ringier-swisscom-und-srf-lancieren-gemeinsam-den-webvideopreis-schweiz\/","url":"https:\/\/www.ringier.com\/de\/ringier-swisscom-und-srf-lancieren-gemeinsam-den-webvideopreis-schweiz\/","name":"Ringier, Swisscom und SRF lancieren gemeinsam den Webvideopreis Schweiz - Ringier","isPartOf":{"@id":"https:\/\/www.ringier.com\/de\/#website"},"primaryImageOfPage":{"@id":"https:\/\/www.ringier.com\/de\/ringier-swisscom-und-srf-lancieren-gemeinsam-den-webvideopreis-schweiz\/#primaryimage"},"image":{"@id":"https:\/\/www.ringier.com\/de\/ringier-swisscom-und-srf-lancieren-gemeinsam-den-webvideopreis-schweiz\/#primaryimage"},"thumbnailUrl":"https:\/\/www.ringier.com\/wp-content\/uploads\/2021\/08\/dreilogogs-2.jpg","datePublished":"2016-06-06T14:13:00+00:00","dateModified":"2024-11-22T13:17:12+00:00","breadcrumb":{"@id":"https:\/\/www.ringier.com\/de\/ringier-swisscom-und-srf-lancieren-gemeinsam-den-webvideopreis-schweiz\/#breadcrumb"},"inLanguage":"de-DE","potentialAction":[{"@type":"ReadAction","target":["https:\/\/www.ringier.com\/de\/ringier-swisscom-und-srf-lancieren-gemeinsam-den-webvideopreis-schweiz\/"]}]},{"@type":"ImageObject","inLanguage":"de-DE","@id":"https:\/\/www.ringier.com\/de\/ringier-swisscom-und-srf-lancieren-gemeinsam-den-webvideopreis-schweiz\/#primaryimage","url":"https:\/\/www.ringier.com\/wp-content\/uploads\/2021\/08\/dreilogogs-2.jpg","contentUrl":"https:\/\/www.ringier.com\/wp-content\/uploads\/2021\/08\/dreilogogs-2.jpg","width":572,"height":65},{"@type":"BreadcrumbList","@id":"https:\/\/www.ringier.com\/de\/ringier-swisscom-und-srf-lancieren-gemeinsam-den-webvideopreis-schweiz\/#breadcrumb","itemListElement":[{"@type":"ListItem","position":1,"name":"Home","item":"https:\/\/www.ringier.com\/de\/"},{"@type":"ListItem","position":2,"name":"Ringier, Swisscom und SRF lancieren gemeinsam den Webvideopreis Schweiz"}]},{"@type":"WebSite","@id":"https:\/\/www.ringier.com\/de\/#website","url":"https:\/\/www.ringier.com\/de\/","name":"Ringier","description":"We inform. We entertain. We connect","publisher":{"@id":"https:\/\/www.ringier.com\/de\/#organization"},"potentialAction":[{"@type":"SearchAction","target":{"@type":"EntryPoint","urlTemplate":"https:\/\/www.ringier.com\/de\/?s={search_term_string}"},"query-input":{"@type":"PropertyValueSpecification","valueRequired":true,"valueName":"search_term_string"}}],"inLanguage":"de-DE"},{"@type":"Organization","@id":"https:\/\/www.ringier.com\/de\/#organization","name":"Ringier","url":"https:\/\/www.ringier.com\/de\/","logo":{"@type":"ImageObject","inLanguage":"de-DE","@id":"https:\/\/www.ringier.com\/de\/#\/schema\/logo\/image\/","url":"https:\/\/www.ringier.com\/wp-content\/uploads\/2021\/10\/ringier_logo_2.jpg","contentUrl":"https:\/\/www.ringier.com\/wp-content\/uploads\/2021\/10\/ringier_logo_2.jpg","width":750,"height":550,"caption":"Ringier"},"image":{"@id":"https:\/\/www.ringier.com\/de\/#\/schema\/logo\/image\/"},"sameAs":["https:\/\/www.facebook.com\/ringierag\/","https:\/\/x.com\/ringier_ag","https:\/\/www.instagram.com\/ringier_ag\/","https:\/\/www.linkedin.com\/company\/ringier\/","https:\/\/www.youtube.com\/user\/RingierComm","https:\/\/en.wikipedia.org\/wiki\/Ringier","https:\/\/de.wikipedia.org\/wiki\/Ringier","https:\/\/fr.wikipedia.org\/wiki\/Ringier","https:\/\/www.crunchbase.com\/organization\/ringier-ag"]},{"@type":"Person","@id":"https:\/\/www.ringier.com\/de\/#\/schema\/person\/4cf76a308dc4b2bb5121bd1e7b752e52","name":"Ringier Corporate Communications","image":{"@type":"ImageObject","inLanguage":"de-DE","@id":"https:\/\/www.ringier.com\/de\/#\/schema\/person\/image\/","url":"https:\/\/secure.gravatar.com\/avatar\/9391e20481368d5df4fe3e1e476c13b27786347489822ec1ed07e532bb41f587?s=96&d=mm&r=g","contentUrl":"https:\/\/secure.gravatar.com\/avatar\/9391e20481368d5df4fe3e1e476c13b27786347489822ec1ed07e532bb41f587?s=96&d=mm&r=g","caption":"Ringier Corporate Communications"},"sameAs":["https:\/\/www.ringier.com"]}]}},"_links":{"self":[{"href":"https:\/\/www.ringier.com\/de\/wp-json\/wp\/v2\/posts\/2516","targetHints":{"allow":["GET"]}}],"collection":[{"href":"https:\/\/www.ringier.com\/de\/wp-json\/wp\/v2\/posts"}],"about":[{"href":"https:\/\/www.ringier.com\/de\/wp-json\/wp\/v2\/types\/post"}],"author":[{"embeddable":true,"href":"https:\/\/www.ringier.com\/de\/wp-json\/wp\/v2\/users\/23"}],"replies":[{"embeddable":true,"href":"https:\/\/www.ringier.com\/de\/wp-json\/wp\/v2\/comments?post=2516"}],"version-history":[{"count":0,"href":"https:\/\/www.ringier.com\/de\/wp-json\/wp\/v2\/posts\/2516\/revisions"}],"wp:featuredmedia":[{"embeddable":true,"href":"https:\/\/www.ringier.com\/de\/wp-json\/wp\/v2\/media\/2517"}],"wp:attachment":[{"href":"https:\/\/www.ringier.com\/de\/wp-json\/wp\/v2\/media?parent=2516"}],"wp:term":[{"taxonomy":"category","embeddable":true,"href":"https:\/\/www.ringier.com\/de\/wp-json\/wp\/v2\/categories?post=2516"},{"taxonomy":"post_tag","embeddable":true,"href":"https:\/\/www.ringier.com\/de\/wp-json\/wp\/v2\/tags?post=2516"}],"curies":[{"name":"wp","href":"https:\/\/api.w.org\/{rel}","templated":true}]}}