{"id":2496,"date":"2014-10-01T16:57:00","date_gmt":"2014-10-01T14:57:00","guid":{"rendered":"https:\/\/www.ringier.com\/ringier-axel-springer-media-ag-integrates-hungary-in-its-portfolio\/"},"modified":"2025-07-18T10:40:51","modified_gmt":"2025-07-18T08:40:51","slug":"erweiterung-der-ringier-axel-springer-media-ag-um-ungarisches-laenderportfolio","status":"publish","type":"post","link":"https:\/\/www.ringier.com\/de\/erweiterung-der-ringier-axel-springer-media-ag-um-ungarisches-laenderportfolio\/","title":{"rendered":"Erweiterung der Ringier Axel Springer Media AG um ungarisches L\u00e4nderportfolio"},"content":{"rendered":"\n<p>Ende August hatte die Ringier Axel Springer Media AG in Ungarn bereits eine Vereinbarung \u00fcber den Erwerb des f\u00fchrenden Jobportals profession.hu geschlossen. Der Vollzug der Transaktion von profession.hu steht noch unter dem Vorbehalt der Freigabe durch die ungarische Kartellbeh\u00f6rde.<\/p>\n\n\n\n<p>Mark Dekan, CEO Ringier Axel Springer Media AG: \u201eDie Einbringung der starken Boulevardmarke Blikk sowie wichtiger Magazine und Lizenztitel in das Joint Venture gibt uns die M\u00f6glichkeit diese weiter zu entwickeln und die Digitalisierung des ungarischen Portfolios weiter voran zu treiben. Nach Vollzug der Transaktion des f\u00fchrenden Jobportals Profession.hu wird unser digitales Portfolio in Ungarn rund 20 Prozent zum Umsatz beitragen. Wir m\u00f6chten dieses weiter ausbauen und aktiv an der Gestaltung der Zukunft des digitalen Journalismus mitwirken. Wir freuen uns auf die Zusammenarbeit mit einem so erfahrenen Medienmanager wie Dr. J\u00f3zsef Bayer.\u201d<br>&nbsp;<\/p>\n\n\n\n<p><strong>\u00dcber die Ringier Axel Springer Media AG<\/strong><\/p>\n\n\n\n<p>Die Ringier Axel Springer Media AG wurde 2010 vom Schweizer Unternehmen Ringier und der deutschen Axel Springer SE gegr\u00fcndet und b\u00fcndelt die Aktivit\u00e4ten beider Anteilseigner in Mittel- und Osteuropa. Das Unternehmen ist in den Wachstumsm\u00e4rkten Polen, Serbien und der Slowakei mit einem breiten Medienangebot vertreten, zu dem mehr als 100 digitale und gedruckte Angebote geh\u00f6ren. Der Sitz des Unternehmens ist in Z\u00fcrich und es besch\u00e4ftigt insgesamt rund 2300 Mitarbeiter.<\/p>\n\n\n\n<figure class=\"wp-block-image size-full is-resized\"><img loading=\"lazy\" decoding=\"async\" width=\"750\" height=\"500\" src=\"https:\/\/www.ringier.com\/wp-content\/uploads\/2021\/08\/Bayer_Jozsef.jpg\" alt=\"\" class=\"wp-image-2489\" style=\"width:607px;height:405px\" srcset=\"https:\/\/www.ringier.com\/wp-content\/uploads\/2021\/08\/Bayer_Jozsef.jpg 750w, https:\/\/www.ringier.com\/wp-content\/uploads\/2021\/08\/Bayer_Jozsef-300x200.jpg 300w\" sizes=\"auto, (max-width: 750px) 100vw, 750px\" \/><\/figure>\n\n\n\n<hr class=\"wp-block-separator has-css-opacity\"\/>\n\n\n\n<p><strong>Downloads<\/strong><\/p>\n\n\n\n<p><a href=\"https:\/\/www.ringier.com\/wp-content\/uploads\/2021\/08\/Press_Release_Ringier-Axel-Springer_Hungary-Integration_201409_DE.pdf\" target=\"_blank\" rel=\"noreferrer noopener\">Medienmitteilung Ringier Axel Springer Media AG &#8211; Ungarn (PDF)<\/a><\/p>\n","protected":false},"excerpt":{"rendered":"<p>Nach Freigabe durch die ungarischen Kartell- und Medienbeh\u00f6rden und nach erfolgreichem Teilverkauf des Ungarn-Portfolios von Ringier und Axel Springer SE, wird nun die Einbringung des ungarischen Portfolios in die Ringier Axel Springer Media AG erfolgen. CEO des neuen Unternehmens Ringier Axel Springer Hungary mit Sitz in Budapest wird Dr. J\u00f3zsef Bayer, derzeitiger CEO von Axel Springer in Ungarn. Das Portfolio besteht aus der f\u00fchrenden Boulevardmarke Blikk, erfolgreichen Frauenmagazinen und Lizenztiteln wie Auto Bild, Glamour oder Geo.<\/p>\n","protected":false},"author":23,"featured_media":2489,"comment_status":"closed","ping_status":"open","sticky":false,"template":"","format":"standard","meta":{"inline_featured_image":false,"footnotes":""},"categories":[371],"tags":[],"class_list":["post-2496","post","type-post","status-publish","format-standard","has-post-thumbnail","hentry","category-media-de"],"yoast_head":"<!-- This site is optimized with the Yoast SEO Premium plugin v27.0 (Yoast SEO v27.0) - https:\/\/yoast.com\/product\/yoast-seo-premium-wordpress\/ -->\n<title>Erweiterung der Ringier Axel Springer Media AG um ungarisches L\u00e4nderportfolio - Ringier<\/title>\n<meta name=\"robots\" content=\"index, follow, max-snippet:-1, max-image-preview:large, max-video-preview:-1\" \/>\n<link rel=\"canonical\" href=\"https:\/\/www.ringier.com\/de\/erweiterung-der-ringier-axel-springer-media-ag-um-ungarisches-laenderportfolio\/\" \/>\n<meta property=\"og:locale\" content=\"de_DE\" \/>\n<meta property=\"og:type\" content=\"article\" \/>\n<meta property=\"og:title\" content=\"Erweiterung der Ringier Axel Springer Media AG um ungarisches L\u00e4nderportfolio\" \/>\n<meta property=\"og:description\" content=\"Nach Freigabe durch die ungarischen Kartell- und Medienbeh\u00f6rden und nach erfolgreichem Teilverkauf des Ungarn-Portfolios von Ringier und Axel Springer SE, wird nun die Einbringung des ungarischen Portfolios in die Ringier Axel Springer Media AG erfolgen. CEO des neuen Unternehmens Ringier Axel Springer Hungary mit Sitz in Budapest wird Dr. J\u00f3zsef Bayer, derzeitiger CEO von Axel Springer in Ungarn. Das Portfolio besteht aus der f\u00fchrenden Boulevardmarke Blikk, erfolgreichen Frauenmagazinen und Lizenztiteln wie Auto Bild, Glamour oder Geo.\" \/>\n<meta property=\"og:url\" content=\"https:\/\/www.ringier.com\/de\/erweiterung-der-ringier-axel-springer-media-ag-um-ungarisches-laenderportfolio\/\" \/>\n<meta property=\"og:site_name\" content=\"Ringier\" \/>\n<meta property=\"article:publisher\" content=\"https:\/\/www.facebook.com\/ringierag\/\" \/>\n<meta property=\"article:published_time\" content=\"2014-10-01T14:57:00+00:00\" \/>\n<meta property=\"article:modified_time\" content=\"2025-07-18T08:40:51+00:00\" \/>\n<meta property=\"og:image\" content=\"https:\/\/www.ringier.com\/wp-content\/uploads\/2021\/08\/Bayer_Jozsef.jpg\" \/>\n\t<meta property=\"og:image:width\" content=\"750\" \/>\n\t<meta property=\"og:image:height\" content=\"500\" \/>\n\t<meta property=\"og:image:type\" content=\"image\/jpeg\" \/>\n<meta name=\"author\" content=\"Ringier Corporate Communications\" \/>\n<meta name=\"twitter:card\" content=\"summary_large_image\" \/>\n<meta name=\"twitter:creator\" content=\"@ringier_ag\" \/>\n<meta name=\"twitter:site\" content=\"@ringier_ag\" \/>\n<meta name=\"twitter:label1\" content=\"Verfasst von\" \/>\n\t<meta name=\"twitter:data1\" content=\"Ringier Corporate Communications\" \/>\n\t<meta name=\"twitter:label2\" content=\"Gesch\u00e4tzte Lesezeit\" \/>\n\t<meta name=\"twitter:data2\" content=\"2 Minuten\" \/>\n<script type=\"application\/ld+json\" class=\"yoast-schema-graph\">{\"@context\":\"https:\/\/schema.org\",\"@graph\":[{\"@type\":\"Article\",\"@id\":\"https:\/\/www.ringier.com\/de\/erweiterung-der-ringier-axel-springer-media-ag-um-ungarisches-laenderportfolio\/#article\",\"isPartOf\":{\"@id\":\"https:\/\/www.ringier.com\/de\/erweiterung-der-ringier-axel-springer-media-ag-um-ungarisches-laenderportfolio\/\"},\"author\":{\"name\":\"Ringier Corporate Communications\",\"@id\":\"https:\/\/www.ringier.com\/de\/#\/schema\/person\/4cf76a308dc4b2bb5121bd1e7b752e52\"},\"headline\":\"Erweiterung der Ringier Axel Springer Media AG um ungarisches L\u00e4nderportfolio\",\"datePublished\":\"2014-10-01T14:57:00+00:00\",\"dateModified\":\"2025-07-18T08:40:51+00:00\",\"mainEntityOfPage\":{\"@id\":\"https:\/\/www.ringier.com\/de\/erweiterung-der-ringier-axel-springer-media-ag-um-ungarisches-laenderportfolio\/\"},\"wordCount\":241,\"publisher\":{\"@id\":\"https:\/\/www.ringier.com\/de\/#organization\"},\"image\":{\"@id\":\"https:\/\/www.ringier.com\/de\/erweiterung-der-ringier-axel-springer-media-ag-um-ungarisches-laenderportfolio\/#primaryimage\"},\"thumbnailUrl\":\"https:\/\/www.ringier.com\/wp-content\/uploads\/2021\/08\/Bayer_Jozsef.jpg\",\"articleSection\":[\"Media\"],\"inLanguage\":\"de-DE\"},{\"@type\":\"WebPage\",\"@id\":\"https:\/\/www.ringier.com\/de\/erweiterung-der-ringier-axel-springer-media-ag-um-ungarisches-laenderportfolio\/\",\"url\":\"https:\/\/www.ringier.com\/de\/erweiterung-der-ringier-axel-springer-media-ag-um-ungarisches-laenderportfolio\/\",\"name\":\"Erweiterung der Ringier Axel Springer Media AG um ungarisches L\u00e4nderportfolio - Ringier\",\"isPartOf\":{\"@id\":\"https:\/\/www.ringier.com\/de\/#website\"},\"primaryImageOfPage\":{\"@id\":\"https:\/\/www.ringier.com\/de\/erweiterung-der-ringier-axel-springer-media-ag-um-ungarisches-laenderportfolio\/#primaryimage\"},\"image\":{\"@id\":\"https:\/\/www.ringier.com\/de\/erweiterung-der-ringier-axel-springer-media-ag-um-ungarisches-laenderportfolio\/#primaryimage\"},\"thumbnailUrl\":\"https:\/\/www.ringier.com\/wp-content\/uploads\/2021\/08\/Bayer_Jozsef.jpg\",\"datePublished\":\"2014-10-01T14:57:00+00:00\",\"dateModified\":\"2025-07-18T08:40:51+00:00\",\"breadcrumb\":{\"@id\":\"https:\/\/www.ringier.com\/de\/erweiterung-der-ringier-axel-springer-media-ag-um-ungarisches-laenderportfolio\/#breadcrumb\"},\"inLanguage\":\"de-DE\",\"potentialAction\":[{\"@type\":\"ReadAction\",\"target\":[\"https:\/\/www.ringier.com\/de\/erweiterung-der-ringier-axel-springer-media-ag-um-ungarisches-laenderportfolio\/\"]}]},{\"@type\":\"ImageObject\",\"inLanguage\":\"de-DE\",\"@id\":\"https:\/\/www.ringier.com\/de\/erweiterung-der-ringier-axel-springer-media-ag-um-ungarisches-laenderportfolio\/#primaryimage\",\"url\":\"https:\/\/www.ringier.com\/wp-content\/uploads\/2021\/08\/Bayer_Jozsef.jpg\",\"contentUrl\":\"https:\/\/www.ringier.com\/wp-content\/uploads\/2021\/08\/Bayer_Jozsef.jpg\",\"width\":750,\"height\":500},{\"@type\":\"BreadcrumbList\",\"@id\":\"https:\/\/www.ringier.com\/de\/erweiterung-der-ringier-axel-springer-media-ag-um-ungarisches-laenderportfolio\/#breadcrumb\",\"itemListElement\":[{\"@type\":\"ListItem\",\"position\":1,\"name\":\"Home\",\"item\":\"https:\/\/www.ringier.com\/de\/\"},{\"@type\":\"ListItem\",\"position\":2,\"name\":\"Erweiterung der Ringier Axel Springer Media AG um ungarisches L\u00e4nderportfolio\"}]},{\"@type\":\"WebSite\",\"@id\":\"https:\/\/www.ringier.com\/de\/#website\",\"url\":\"https:\/\/www.ringier.com\/de\/\",\"name\":\"Ringier\",\"description\":\"We inform. We entertain. We connect\",\"publisher\":{\"@id\":\"https:\/\/www.ringier.com\/de\/#organization\"},\"potentialAction\":[{\"@type\":\"SearchAction\",\"target\":{\"@type\":\"EntryPoint\",\"urlTemplate\":\"https:\/\/www.ringier.com\/de\/?s={search_term_string}\"},\"query-input\":{\"@type\":\"PropertyValueSpecification\",\"valueRequired\":true,\"valueName\":\"search_term_string\"}}],\"inLanguage\":\"de-DE\"},{\"@type\":\"Organization\",\"@id\":\"https:\/\/www.ringier.com\/de\/#organization\",\"name\":\"Ringier\",\"url\":\"https:\/\/www.ringier.com\/de\/\",\"logo\":{\"@type\":\"ImageObject\",\"inLanguage\":\"de-DE\",\"@id\":\"https:\/\/www.ringier.com\/de\/#\/schema\/logo\/image\/\",\"url\":\"https:\/\/www.ringier.com\/wp-content\/uploads\/2021\/10\/ringier_logo_2.jpg\",\"contentUrl\":\"https:\/\/www.ringier.com\/wp-content\/uploads\/2021\/10\/ringier_logo_2.jpg\",\"width\":750,\"height\":550,\"caption\":\"Ringier\"},\"image\":{\"@id\":\"https:\/\/www.ringier.com\/de\/#\/schema\/logo\/image\/\"},\"sameAs\":[\"https:\/\/www.facebook.com\/ringierag\/\",\"https:\/\/x.com\/ringier_ag\",\"https:\/\/www.instagram.com\/ringier_ag\/\",\"https:\/\/www.linkedin.com\/company\/ringier\/\",\"https:\/\/www.youtube.com\/user\/RingierComm\",\"https:\/\/en.wikipedia.org\/wiki\/Ringier\",\"https:\/\/de.wikipedia.org\/wiki\/Ringier\",\"https:\/\/fr.wikipedia.org\/wiki\/Ringier\",\"https:\/\/www.crunchbase.com\/organization\/ringier-ag\"]},{\"@type\":\"Person\",\"@id\":\"https:\/\/www.ringier.com\/de\/#\/schema\/person\/4cf76a308dc4b2bb5121bd1e7b752e52\",\"name\":\"Ringier Corporate Communications\",\"image\":{\"@type\":\"ImageObject\",\"inLanguage\":\"de-DE\",\"@id\":\"https:\/\/www.ringier.com\/de\/#\/schema\/person\/image\/\",\"url\":\"https:\/\/secure.gravatar.com\/avatar\/9391e20481368d5df4fe3e1e476c13b27786347489822ec1ed07e532bb41f587?s=96&d=mm&r=g\",\"contentUrl\":\"https:\/\/secure.gravatar.com\/avatar\/9391e20481368d5df4fe3e1e476c13b27786347489822ec1ed07e532bb41f587?s=96&d=mm&r=g\",\"caption\":\"Ringier Corporate Communications\"},\"sameAs\":[\"https:\/\/www.ringier.com\"]}]}<\/script>\n<!-- \/ Yoast SEO Premium plugin. -->","yoast_head_json":{"title":"Erweiterung der Ringier Axel Springer Media AG um ungarisches L\u00e4nderportfolio - Ringier","robots":{"index":"index","follow":"follow","max-snippet":"max-snippet:-1","max-image-preview":"max-image-preview:large","max-video-preview":"max-video-preview:-1"},"canonical":"https:\/\/www.ringier.com\/de\/erweiterung-der-ringier-axel-springer-media-ag-um-ungarisches-laenderportfolio\/","og_locale":"de_DE","og_type":"article","og_title":"Erweiterung der Ringier Axel Springer Media AG um ungarisches L\u00e4nderportfolio","og_description":"Nach Freigabe durch die ungarischen Kartell- und Medienbeh\u00f6rden und nach erfolgreichem Teilverkauf des Ungarn-Portfolios von Ringier und Axel Springer SE, wird nun die Einbringung des ungarischen Portfolios in die Ringier Axel Springer Media AG erfolgen. CEO des neuen Unternehmens Ringier Axel Springer Hungary mit Sitz in Budapest wird Dr. J\u00f3zsef Bayer, derzeitiger CEO von Axel Springer in Ungarn. Das Portfolio besteht aus der f\u00fchrenden Boulevardmarke Blikk, erfolgreichen Frauenmagazinen und Lizenztiteln wie Auto Bild, Glamour oder Geo.","og_url":"https:\/\/www.ringier.com\/de\/erweiterung-der-ringier-axel-springer-media-ag-um-ungarisches-laenderportfolio\/","og_site_name":"Ringier","article_publisher":"https:\/\/www.facebook.com\/ringierag\/","article_published_time":"2014-10-01T14:57:00+00:00","article_modified_time":"2025-07-18T08:40:51+00:00","og_image":[{"width":750,"height":500,"url":"https:\/\/www.ringier.com\/wp-content\/uploads\/2021\/08\/Bayer_Jozsef.jpg","type":"image\/jpeg"}],"author":"Ringier Corporate Communications","twitter_card":"summary_large_image","twitter_creator":"@ringier_ag","twitter_site":"@ringier_ag","twitter_misc":{"Verfasst von":"Ringier Corporate Communications","Gesch\u00e4tzte Lesezeit":"2 Minuten"},"schema":{"@context":"https:\/\/schema.org","@graph":[{"@type":"Article","@id":"https:\/\/www.ringier.com\/de\/erweiterung-der-ringier-axel-springer-media-ag-um-ungarisches-laenderportfolio\/#article","isPartOf":{"@id":"https:\/\/www.ringier.com\/de\/erweiterung-der-ringier-axel-springer-media-ag-um-ungarisches-laenderportfolio\/"},"author":{"name":"Ringier Corporate Communications","@id":"https:\/\/www.ringier.com\/de\/#\/schema\/person\/4cf76a308dc4b2bb5121bd1e7b752e52"},"headline":"Erweiterung der Ringier Axel Springer Media AG um ungarisches L\u00e4nderportfolio","datePublished":"2014-10-01T14:57:00+00:00","dateModified":"2025-07-18T08:40:51+00:00","mainEntityOfPage":{"@id":"https:\/\/www.ringier.com\/de\/erweiterung-der-ringier-axel-springer-media-ag-um-ungarisches-laenderportfolio\/"},"wordCount":241,"publisher":{"@id":"https:\/\/www.ringier.com\/de\/#organization"},"image":{"@id":"https:\/\/www.ringier.com\/de\/erweiterung-der-ringier-axel-springer-media-ag-um-ungarisches-laenderportfolio\/#primaryimage"},"thumbnailUrl":"https:\/\/www.ringier.com\/wp-content\/uploads\/2021\/08\/Bayer_Jozsef.jpg","articleSection":["Media"],"inLanguage":"de-DE"},{"@type":"WebPage","@id":"https:\/\/www.ringier.com\/de\/erweiterung-der-ringier-axel-springer-media-ag-um-ungarisches-laenderportfolio\/","url":"https:\/\/www.ringier.com\/de\/erweiterung-der-ringier-axel-springer-media-ag-um-ungarisches-laenderportfolio\/","name":"Erweiterung der Ringier Axel Springer Media AG um ungarisches L\u00e4nderportfolio - Ringier","isPartOf":{"@id":"https:\/\/www.ringier.com\/de\/#website"},"primaryImageOfPage":{"@id":"https:\/\/www.ringier.com\/de\/erweiterung-der-ringier-axel-springer-media-ag-um-ungarisches-laenderportfolio\/#primaryimage"},"image":{"@id":"https:\/\/www.ringier.com\/de\/erweiterung-der-ringier-axel-springer-media-ag-um-ungarisches-laenderportfolio\/#primaryimage"},"thumbnailUrl":"https:\/\/www.ringier.com\/wp-content\/uploads\/2021\/08\/Bayer_Jozsef.jpg","datePublished":"2014-10-01T14:57:00+00:00","dateModified":"2025-07-18T08:40:51+00:00","breadcrumb":{"@id":"https:\/\/www.ringier.com\/de\/erweiterung-der-ringier-axel-springer-media-ag-um-ungarisches-laenderportfolio\/#breadcrumb"},"inLanguage":"de-DE","potentialAction":[{"@type":"ReadAction","target":["https:\/\/www.ringier.com\/de\/erweiterung-der-ringier-axel-springer-media-ag-um-ungarisches-laenderportfolio\/"]}]},{"@type":"ImageObject","inLanguage":"de-DE","@id":"https:\/\/www.ringier.com\/de\/erweiterung-der-ringier-axel-springer-media-ag-um-ungarisches-laenderportfolio\/#primaryimage","url":"https:\/\/www.ringier.com\/wp-content\/uploads\/2021\/08\/Bayer_Jozsef.jpg","contentUrl":"https:\/\/www.ringier.com\/wp-content\/uploads\/2021\/08\/Bayer_Jozsef.jpg","width":750,"height":500},{"@type":"BreadcrumbList","@id":"https:\/\/www.ringier.com\/de\/erweiterung-der-ringier-axel-springer-media-ag-um-ungarisches-laenderportfolio\/#breadcrumb","itemListElement":[{"@type":"ListItem","position":1,"name":"Home","item":"https:\/\/www.ringier.com\/de\/"},{"@type":"ListItem","position":2,"name":"Erweiterung der Ringier Axel Springer Media AG um ungarisches L\u00e4nderportfolio"}]},{"@type":"WebSite","@id":"https:\/\/www.ringier.com\/de\/#website","url":"https:\/\/www.ringier.com\/de\/","name":"Ringier","description":"We inform. We entertain. We connect","publisher":{"@id":"https:\/\/www.ringier.com\/de\/#organization"},"potentialAction":[{"@type":"SearchAction","target":{"@type":"EntryPoint","urlTemplate":"https:\/\/www.ringier.com\/de\/?s={search_term_string}"},"query-input":{"@type":"PropertyValueSpecification","valueRequired":true,"valueName":"search_term_string"}}],"inLanguage":"de-DE"},{"@type":"Organization","@id":"https:\/\/www.ringier.com\/de\/#organization","name":"Ringier","url":"https:\/\/www.ringier.com\/de\/","logo":{"@type":"ImageObject","inLanguage":"de-DE","@id":"https:\/\/www.ringier.com\/de\/#\/schema\/logo\/image\/","url":"https:\/\/www.ringier.com\/wp-content\/uploads\/2021\/10\/ringier_logo_2.jpg","contentUrl":"https:\/\/www.ringier.com\/wp-content\/uploads\/2021\/10\/ringier_logo_2.jpg","width":750,"height":550,"caption":"Ringier"},"image":{"@id":"https:\/\/www.ringier.com\/de\/#\/schema\/logo\/image\/"},"sameAs":["https:\/\/www.facebook.com\/ringierag\/","https:\/\/x.com\/ringier_ag","https:\/\/www.instagram.com\/ringier_ag\/","https:\/\/www.linkedin.com\/company\/ringier\/","https:\/\/www.youtube.com\/user\/RingierComm","https:\/\/en.wikipedia.org\/wiki\/Ringier","https:\/\/de.wikipedia.org\/wiki\/Ringier","https:\/\/fr.wikipedia.org\/wiki\/Ringier","https:\/\/www.crunchbase.com\/organization\/ringier-ag"]},{"@type":"Person","@id":"https:\/\/www.ringier.com\/de\/#\/schema\/person\/4cf76a308dc4b2bb5121bd1e7b752e52","name":"Ringier Corporate Communications","image":{"@type":"ImageObject","inLanguage":"de-DE","@id":"https:\/\/www.ringier.com\/de\/#\/schema\/person\/image\/","url":"https:\/\/secure.gravatar.com\/avatar\/9391e20481368d5df4fe3e1e476c13b27786347489822ec1ed07e532bb41f587?s=96&d=mm&r=g","contentUrl":"https:\/\/secure.gravatar.com\/avatar\/9391e20481368d5df4fe3e1e476c13b27786347489822ec1ed07e532bb41f587?s=96&d=mm&r=g","caption":"Ringier Corporate Communications"},"sameAs":["https:\/\/www.ringier.com"]}]}},"_links":{"self":[{"href":"https:\/\/www.ringier.com\/de\/wp-json\/wp\/v2\/posts\/2496","targetHints":{"allow":["GET"]}}],"collection":[{"href":"https:\/\/www.ringier.com\/de\/wp-json\/wp\/v2\/posts"}],"about":[{"href":"https:\/\/www.ringier.com\/de\/wp-json\/wp\/v2\/types\/post"}],"author":[{"embeddable":true,"href":"https:\/\/www.ringier.com\/de\/wp-json\/wp\/v2\/users\/23"}],"replies":[{"embeddable":true,"href":"https:\/\/www.ringier.com\/de\/wp-json\/wp\/v2\/comments?post=2496"}],"version-history":[{"count":0,"href":"https:\/\/www.ringier.com\/de\/wp-json\/wp\/v2\/posts\/2496\/revisions"}],"wp:featuredmedia":[{"embeddable":true,"href":"https:\/\/www.ringier.com\/de\/wp-json\/wp\/v2\/media\/2489"}],"wp:attachment":[{"href":"https:\/\/www.ringier.com\/de\/wp-json\/wp\/v2\/media?parent=2496"}],"wp:term":[{"taxonomy":"category","embeddable":true,"href":"https:\/\/www.ringier.com\/de\/wp-json\/wp\/v2\/categories?post=2496"},{"taxonomy":"post_tag","embeddable":true,"href":"https:\/\/www.ringier.com\/de\/wp-json\/wp\/v2\/tags?post=2496"}],"curies":[{"name":"wp","href":"https:\/\/api.w.org\/{rel}","templated":true}]}}