{"id":2448,"date":"2014-10-13T16:00:00","date_gmt":"2014-10-13T14:00:00","guid":{"rendered":"https:\/\/www.ringier.com\/?p=2448"},"modified":"2024-11-27T12:06:12","modified_gmt":"2024-11-27T11:06:12","slug":"ringier-deutschland-erhaelt-co-geschaeftsfuehrung","status":"publish","type":"post","link":"https:\/\/www.ringier.com\/de\/ringier-deutschland-erhaelt-co-geschaeftsfuehrung\/","title":{"rendered":"Ringier Deutschland erh\u00e4lt Co-Gesch\u00e4ftsf\u00fchrung"},"content":{"rendered":"\n<p>Anne Sasse, fr\u00fchere Anzeigenleiterin des&nbsp;<em>S\u00fcddeutsche Zeitung Magazin<\/em>&nbsp;war mehrere Jahre f\u00fcr alle Supplements, Magazine und Kiosktitel der&nbsp;<em>S\u00fcddeutsche Zeitung&nbsp;<\/em>verantwortlich, bevor sie im Juni 2012 in die Anzeigenleitung zu Ringier Deutschland wechselte. Dort baute sie federf\u00fchrend die gesamte Vermarktungsorganisation des Verlages im In- und Ausland auf.<\/p>\n\n\n\n<p>Michael Voss, CEO Ringier Publishing und bislang alleiniger Gesch\u00e4ftsf\u00fchrer Ringier Deutschland: \u00abIch freue mich sehr, mit Anne Sasse eine hoch qualifizierte und sehr engagierte Kollegin an meiner Seite in der Gesch\u00e4ftsf\u00fchrung von Ringier Deutschland zu wissen. Insbesondere die neuen Produkte rund um&nbsp;<em>Cicero<\/em>&nbsp;und<em>&nbsp;Monopol<\/em>&nbsp;sind ein klares Signal zur Verst\u00e4rkung der Aktivit\u00e4ten im Werbemarkt. Anne Sasse hat diese wichtigen Initiativen massgeblich in den letzten Wochen voran getrieben.\u00bb<\/p>\n\n\n\n<p>Die Ringier Publishing GmbH ist Herausgeberin des&nbsp;<em>Cicero<\/em>&nbsp;&#8211; dem Magazin f\u00fcr politische Kultur und die Juno Kunstverlag GmbH von&nbsp;<em>Monopol<\/em>, dem Magazin f\u00fcr Kunst und Leben.<\/p>\n\n\n\n<p>Ringier AG, Corporate Communications<\/p>\n\n\n\n<figure class=\"wp-block-image size-full is-resized\"><img loading=\"lazy\" decoding=\"async\" src=\"https:\/\/www.ringier.com\/wp-content\/uploads\/2021\/08\/Anne_Sasse.jpg\" alt=\"\" class=\"wp-image-2452\" width=\"543\" height=\"362\" srcset=\"https:\/\/www.ringier.com\/wp-content\/uploads\/2021\/08\/Anne_Sasse.jpg 750w, https:\/\/www.ringier.com\/wp-content\/uploads\/2021\/08\/Anne_Sasse-300x200.jpg 300w\" sizes=\"auto, (max-width: 543px) 100vw, 543px\" \/><\/figure>\n\n\n\n<figure class=\"wp-block-image size-full is-resized\"><img loading=\"lazy\" decoding=\"async\" src=\"https:\/\/www.ringier.com\/wp-content\/uploads\/2021\/08\/Michael_Voss_.jpg\" alt=\"\" class=\"wp-image-2449\" width=\"543\" height=\"362\" srcset=\"https:\/\/www.ringier.com\/wp-content\/uploads\/2021\/08\/Michael_Voss_.jpg 750w, https:\/\/www.ringier.com\/wp-content\/uploads\/2021\/08\/Michael_Voss_-300x200.jpg 300w\" sizes=\"auto, (max-width: 543px) 100vw, 543px\" \/><\/figure>\n","protected":false},"excerpt":{"rendered":"<p>Zur St\u00e4rkung des Ringier-Portfolios in Deutschland stellt sich die Gesch\u00e4ftsleitung neu auf und hat Anne Sasse per sofort zur Co-Gesch\u00e4ftsf\u00fchrerin der Ringier Publishing GmbH und der Juno Kunstverlag GmbH ernannt.<\/p>\n","protected":false},"author":23,"featured_media":2452,"comment_status":"closed","ping_status":"open","sticky":false,"template":"","format":"standard","meta":{"inline_featured_image":false,"footnotes":""},"categories":[371],"tags":[],"class_list":["post-2448","post","type-post","status-publish","format-standard","has-post-thumbnail","hentry","category-media-de"],"yoast_head":"<!-- This site is optimized with the Yoast SEO Premium plugin v27.0 (Yoast SEO v27.0) - https:\/\/yoast.com\/product\/yoast-seo-premium-wordpress\/ -->\n<title>Ringier Deutschland erh\u00e4lt Co-Gesch\u00e4ftsf\u00fchrung - Ringier<\/title>\n<meta name=\"robots\" content=\"index, follow, max-snippet:-1, max-image-preview:large, max-video-preview:-1\" \/>\n<link rel=\"canonical\" href=\"https:\/\/www.ringier.com\/de\/ringier-deutschland-erhaelt-co-geschaeftsfuehrung\/\" \/>\n<meta property=\"og:locale\" content=\"de_DE\" \/>\n<meta property=\"og:type\" content=\"article\" \/>\n<meta property=\"og:title\" content=\"Ringier Deutschland erh\u00e4lt Co-Gesch\u00e4ftsf\u00fchrung\" \/>\n<meta property=\"og:description\" content=\"Zur St\u00e4rkung des Ringier-Portfolios in Deutschland stellt sich die Gesch\u00e4ftsleitung neu auf und hat Anne Sasse per sofort zur Co-Gesch\u00e4ftsf\u00fchrerin der Ringier Publishing GmbH und der Juno Kunstverlag GmbH ernannt.\" \/>\n<meta property=\"og:url\" content=\"https:\/\/www.ringier.com\/de\/ringier-deutschland-erhaelt-co-geschaeftsfuehrung\/\" \/>\n<meta property=\"og:site_name\" content=\"Ringier\" \/>\n<meta property=\"article:publisher\" content=\"https:\/\/www.facebook.com\/ringierag\/\" \/>\n<meta property=\"article:published_time\" content=\"2014-10-13T14:00:00+00:00\" \/>\n<meta property=\"article:modified_time\" content=\"2024-11-27T11:06:12+00:00\" \/>\n<meta property=\"og:image\" content=\"https:\/\/www.ringier.com\/wp-content\/uploads\/2021\/08\/Anne_Sasse.jpg\" \/>\n\t<meta property=\"og:image:width\" content=\"750\" \/>\n\t<meta property=\"og:image:height\" content=\"500\" \/>\n\t<meta property=\"og:image:type\" content=\"image\/jpeg\" \/>\n<meta name=\"author\" content=\"Ringier Corporate Communications\" \/>\n<meta name=\"twitter:card\" content=\"summary_large_image\" \/>\n<meta name=\"twitter:creator\" content=\"@ringier_ag\" \/>\n<meta name=\"twitter:site\" content=\"@ringier_ag\" \/>\n<meta name=\"twitter:label1\" content=\"Verfasst von\" \/>\n\t<meta name=\"twitter:data1\" content=\"Ringier Corporate Communications\" \/>\n\t<meta name=\"twitter:label2\" content=\"Gesch\u00e4tzte Lesezeit\" \/>\n\t<meta name=\"twitter:data2\" content=\"2 Minuten\" \/>\n<script type=\"application\/ld+json\" class=\"yoast-schema-graph\">{\"@context\":\"https:\/\/schema.org\",\"@graph\":[{\"@type\":\"Article\",\"@id\":\"https:\/\/www.ringier.com\/de\/ringier-deutschland-erhaelt-co-geschaeftsfuehrung\/#article\",\"isPartOf\":{\"@id\":\"https:\/\/www.ringier.com\/de\/ringier-deutschland-erhaelt-co-geschaeftsfuehrung\/\"},\"author\":{\"name\":\"Ringier Corporate Communications\",\"@id\":\"https:\/\/www.ringier.com\/de\/#\/schema\/person\/4cf76a308dc4b2bb5121bd1e7b752e52\"},\"headline\":\"Ringier Deutschland erh\u00e4lt Co-Gesch\u00e4ftsf\u00fchrung\",\"datePublished\":\"2014-10-13T14:00:00+00:00\",\"dateModified\":\"2024-11-27T11:06:12+00:00\",\"mainEntityOfPage\":{\"@id\":\"https:\/\/www.ringier.com\/de\/ringier-deutschland-erhaelt-co-geschaeftsfuehrung\/\"},\"wordCount\":176,\"publisher\":{\"@id\":\"https:\/\/www.ringier.com\/de\/#organization\"},\"image\":{\"@id\":\"https:\/\/www.ringier.com\/de\/ringier-deutschland-erhaelt-co-geschaeftsfuehrung\/#primaryimage\"},\"thumbnailUrl\":\"https:\/\/www.ringier.com\/wp-content\/uploads\/2021\/08\/Anne_Sasse.jpg\",\"articleSection\":[\"Media\"],\"inLanguage\":\"de-DE\"},{\"@type\":\"WebPage\",\"@id\":\"https:\/\/www.ringier.com\/de\/ringier-deutschland-erhaelt-co-geschaeftsfuehrung\/\",\"url\":\"https:\/\/www.ringier.com\/de\/ringier-deutschland-erhaelt-co-geschaeftsfuehrung\/\",\"name\":\"Ringier Deutschland erh\u00e4lt Co-Gesch\u00e4ftsf\u00fchrung - Ringier\",\"isPartOf\":{\"@id\":\"https:\/\/www.ringier.com\/de\/#website\"},\"primaryImageOfPage\":{\"@id\":\"https:\/\/www.ringier.com\/de\/ringier-deutschland-erhaelt-co-geschaeftsfuehrung\/#primaryimage\"},\"image\":{\"@id\":\"https:\/\/www.ringier.com\/de\/ringier-deutschland-erhaelt-co-geschaeftsfuehrung\/#primaryimage\"},\"thumbnailUrl\":\"https:\/\/www.ringier.com\/wp-content\/uploads\/2021\/08\/Anne_Sasse.jpg\",\"datePublished\":\"2014-10-13T14:00:00+00:00\",\"dateModified\":\"2024-11-27T11:06:12+00:00\",\"breadcrumb\":{\"@id\":\"https:\/\/www.ringier.com\/de\/ringier-deutschland-erhaelt-co-geschaeftsfuehrung\/#breadcrumb\"},\"inLanguage\":\"de-DE\",\"potentialAction\":[{\"@type\":\"ReadAction\",\"target\":[\"https:\/\/www.ringier.com\/de\/ringier-deutschland-erhaelt-co-geschaeftsfuehrung\/\"]}]},{\"@type\":\"ImageObject\",\"inLanguage\":\"de-DE\",\"@id\":\"https:\/\/www.ringier.com\/de\/ringier-deutschland-erhaelt-co-geschaeftsfuehrung\/#primaryimage\",\"url\":\"https:\/\/www.ringier.com\/wp-content\/uploads\/2021\/08\/Anne_Sasse.jpg\",\"contentUrl\":\"https:\/\/www.ringier.com\/wp-content\/uploads\/2021\/08\/Anne_Sasse.jpg\",\"width\":750,\"height\":500},{\"@type\":\"BreadcrumbList\",\"@id\":\"https:\/\/www.ringier.com\/de\/ringier-deutschland-erhaelt-co-geschaeftsfuehrung\/#breadcrumb\",\"itemListElement\":[{\"@type\":\"ListItem\",\"position\":1,\"name\":\"Home\",\"item\":\"https:\/\/www.ringier.com\/de\/\"},{\"@type\":\"ListItem\",\"position\":2,\"name\":\"Ringier Deutschland erh\u00e4lt Co-Gesch\u00e4ftsf\u00fchrung\"}]},{\"@type\":\"WebSite\",\"@id\":\"https:\/\/www.ringier.com\/de\/#website\",\"url\":\"https:\/\/www.ringier.com\/de\/\",\"name\":\"Ringier\",\"description\":\"We inform. We entertain. We connect\",\"publisher\":{\"@id\":\"https:\/\/www.ringier.com\/de\/#organization\"},\"potentialAction\":[{\"@type\":\"SearchAction\",\"target\":{\"@type\":\"EntryPoint\",\"urlTemplate\":\"https:\/\/www.ringier.com\/de\/?s={search_term_string}\"},\"query-input\":{\"@type\":\"PropertyValueSpecification\",\"valueRequired\":true,\"valueName\":\"search_term_string\"}}],\"inLanguage\":\"de-DE\"},{\"@type\":\"Organization\",\"@id\":\"https:\/\/www.ringier.com\/de\/#organization\",\"name\":\"Ringier\",\"url\":\"https:\/\/www.ringier.com\/de\/\",\"logo\":{\"@type\":\"ImageObject\",\"inLanguage\":\"de-DE\",\"@id\":\"https:\/\/www.ringier.com\/de\/#\/schema\/logo\/image\/\",\"url\":\"https:\/\/www.ringier.com\/wp-content\/uploads\/2021\/10\/ringier_logo_2.jpg\",\"contentUrl\":\"https:\/\/www.ringier.com\/wp-content\/uploads\/2021\/10\/ringier_logo_2.jpg\",\"width\":750,\"height\":550,\"caption\":\"Ringier\"},\"image\":{\"@id\":\"https:\/\/www.ringier.com\/de\/#\/schema\/logo\/image\/\"},\"sameAs\":[\"https:\/\/www.facebook.com\/ringierag\/\",\"https:\/\/x.com\/ringier_ag\",\"https:\/\/www.instagram.com\/ringier_ag\/\",\"https:\/\/www.linkedin.com\/company\/ringier\/\",\"https:\/\/www.youtube.com\/user\/RingierComm\",\"https:\/\/en.wikipedia.org\/wiki\/Ringier\",\"https:\/\/de.wikipedia.org\/wiki\/Ringier\",\"https:\/\/fr.wikipedia.org\/wiki\/Ringier\",\"https:\/\/www.crunchbase.com\/organization\/ringier-ag\"]},{\"@type\":\"Person\",\"@id\":\"https:\/\/www.ringier.com\/de\/#\/schema\/person\/4cf76a308dc4b2bb5121bd1e7b752e52\",\"name\":\"Ringier Corporate Communications\",\"image\":{\"@type\":\"ImageObject\",\"inLanguage\":\"de-DE\",\"@id\":\"https:\/\/www.ringier.com\/de\/#\/schema\/person\/image\/\",\"url\":\"https:\/\/secure.gravatar.com\/avatar\/9391e20481368d5df4fe3e1e476c13b27786347489822ec1ed07e532bb41f587?s=96&d=mm&r=g\",\"contentUrl\":\"https:\/\/secure.gravatar.com\/avatar\/9391e20481368d5df4fe3e1e476c13b27786347489822ec1ed07e532bb41f587?s=96&d=mm&r=g\",\"caption\":\"Ringier Corporate Communications\"},\"sameAs\":[\"https:\/\/www.ringier.com\"]}]}<\/script>\n<!-- \/ Yoast SEO Premium plugin. -->","yoast_head_json":{"title":"Ringier Deutschland erh\u00e4lt Co-Gesch\u00e4ftsf\u00fchrung - Ringier","robots":{"index":"index","follow":"follow","max-snippet":"max-snippet:-1","max-image-preview":"max-image-preview:large","max-video-preview":"max-video-preview:-1"},"canonical":"https:\/\/www.ringier.com\/de\/ringier-deutschland-erhaelt-co-geschaeftsfuehrung\/","og_locale":"de_DE","og_type":"article","og_title":"Ringier Deutschland erh\u00e4lt Co-Gesch\u00e4ftsf\u00fchrung","og_description":"Zur St\u00e4rkung des Ringier-Portfolios in Deutschland stellt sich die Gesch\u00e4ftsleitung neu auf und hat Anne Sasse per sofort zur Co-Gesch\u00e4ftsf\u00fchrerin der Ringier Publishing GmbH und der Juno Kunstverlag GmbH ernannt.","og_url":"https:\/\/www.ringier.com\/de\/ringier-deutschland-erhaelt-co-geschaeftsfuehrung\/","og_site_name":"Ringier","article_publisher":"https:\/\/www.facebook.com\/ringierag\/","article_published_time":"2014-10-13T14:00:00+00:00","article_modified_time":"2024-11-27T11:06:12+00:00","og_image":[{"width":750,"height":500,"url":"https:\/\/www.ringier.com\/wp-content\/uploads\/2021\/08\/Anne_Sasse.jpg","type":"image\/jpeg"}],"author":"Ringier Corporate Communications","twitter_card":"summary_large_image","twitter_creator":"@ringier_ag","twitter_site":"@ringier_ag","twitter_misc":{"Verfasst von":"Ringier Corporate Communications","Gesch\u00e4tzte Lesezeit":"2 Minuten"},"schema":{"@context":"https:\/\/schema.org","@graph":[{"@type":"Article","@id":"https:\/\/www.ringier.com\/de\/ringier-deutschland-erhaelt-co-geschaeftsfuehrung\/#article","isPartOf":{"@id":"https:\/\/www.ringier.com\/de\/ringier-deutschland-erhaelt-co-geschaeftsfuehrung\/"},"author":{"name":"Ringier Corporate Communications","@id":"https:\/\/www.ringier.com\/de\/#\/schema\/person\/4cf76a308dc4b2bb5121bd1e7b752e52"},"headline":"Ringier Deutschland erh\u00e4lt Co-Gesch\u00e4ftsf\u00fchrung","datePublished":"2014-10-13T14:00:00+00:00","dateModified":"2024-11-27T11:06:12+00:00","mainEntityOfPage":{"@id":"https:\/\/www.ringier.com\/de\/ringier-deutschland-erhaelt-co-geschaeftsfuehrung\/"},"wordCount":176,"publisher":{"@id":"https:\/\/www.ringier.com\/de\/#organization"},"image":{"@id":"https:\/\/www.ringier.com\/de\/ringier-deutschland-erhaelt-co-geschaeftsfuehrung\/#primaryimage"},"thumbnailUrl":"https:\/\/www.ringier.com\/wp-content\/uploads\/2021\/08\/Anne_Sasse.jpg","articleSection":["Media"],"inLanguage":"de-DE"},{"@type":"WebPage","@id":"https:\/\/www.ringier.com\/de\/ringier-deutschland-erhaelt-co-geschaeftsfuehrung\/","url":"https:\/\/www.ringier.com\/de\/ringier-deutschland-erhaelt-co-geschaeftsfuehrung\/","name":"Ringier Deutschland erh\u00e4lt Co-Gesch\u00e4ftsf\u00fchrung - Ringier","isPartOf":{"@id":"https:\/\/www.ringier.com\/de\/#website"},"primaryImageOfPage":{"@id":"https:\/\/www.ringier.com\/de\/ringier-deutschland-erhaelt-co-geschaeftsfuehrung\/#primaryimage"},"image":{"@id":"https:\/\/www.ringier.com\/de\/ringier-deutschland-erhaelt-co-geschaeftsfuehrung\/#primaryimage"},"thumbnailUrl":"https:\/\/www.ringier.com\/wp-content\/uploads\/2021\/08\/Anne_Sasse.jpg","datePublished":"2014-10-13T14:00:00+00:00","dateModified":"2024-11-27T11:06:12+00:00","breadcrumb":{"@id":"https:\/\/www.ringier.com\/de\/ringier-deutschland-erhaelt-co-geschaeftsfuehrung\/#breadcrumb"},"inLanguage":"de-DE","potentialAction":[{"@type":"ReadAction","target":["https:\/\/www.ringier.com\/de\/ringier-deutschland-erhaelt-co-geschaeftsfuehrung\/"]}]},{"@type":"ImageObject","inLanguage":"de-DE","@id":"https:\/\/www.ringier.com\/de\/ringier-deutschland-erhaelt-co-geschaeftsfuehrung\/#primaryimage","url":"https:\/\/www.ringier.com\/wp-content\/uploads\/2021\/08\/Anne_Sasse.jpg","contentUrl":"https:\/\/www.ringier.com\/wp-content\/uploads\/2021\/08\/Anne_Sasse.jpg","width":750,"height":500},{"@type":"BreadcrumbList","@id":"https:\/\/www.ringier.com\/de\/ringier-deutschland-erhaelt-co-geschaeftsfuehrung\/#breadcrumb","itemListElement":[{"@type":"ListItem","position":1,"name":"Home","item":"https:\/\/www.ringier.com\/de\/"},{"@type":"ListItem","position":2,"name":"Ringier Deutschland erh\u00e4lt Co-Gesch\u00e4ftsf\u00fchrung"}]},{"@type":"WebSite","@id":"https:\/\/www.ringier.com\/de\/#website","url":"https:\/\/www.ringier.com\/de\/","name":"Ringier","description":"We inform. We entertain. We connect","publisher":{"@id":"https:\/\/www.ringier.com\/de\/#organization"},"potentialAction":[{"@type":"SearchAction","target":{"@type":"EntryPoint","urlTemplate":"https:\/\/www.ringier.com\/de\/?s={search_term_string}"},"query-input":{"@type":"PropertyValueSpecification","valueRequired":true,"valueName":"search_term_string"}}],"inLanguage":"de-DE"},{"@type":"Organization","@id":"https:\/\/www.ringier.com\/de\/#organization","name":"Ringier","url":"https:\/\/www.ringier.com\/de\/","logo":{"@type":"ImageObject","inLanguage":"de-DE","@id":"https:\/\/www.ringier.com\/de\/#\/schema\/logo\/image\/","url":"https:\/\/www.ringier.com\/wp-content\/uploads\/2021\/10\/ringier_logo_2.jpg","contentUrl":"https:\/\/www.ringier.com\/wp-content\/uploads\/2021\/10\/ringier_logo_2.jpg","width":750,"height":550,"caption":"Ringier"},"image":{"@id":"https:\/\/www.ringier.com\/de\/#\/schema\/logo\/image\/"},"sameAs":["https:\/\/www.facebook.com\/ringierag\/","https:\/\/x.com\/ringier_ag","https:\/\/www.instagram.com\/ringier_ag\/","https:\/\/www.linkedin.com\/company\/ringier\/","https:\/\/www.youtube.com\/user\/RingierComm","https:\/\/en.wikipedia.org\/wiki\/Ringier","https:\/\/de.wikipedia.org\/wiki\/Ringier","https:\/\/fr.wikipedia.org\/wiki\/Ringier","https:\/\/www.crunchbase.com\/organization\/ringier-ag"]},{"@type":"Person","@id":"https:\/\/www.ringier.com\/de\/#\/schema\/person\/4cf76a308dc4b2bb5121bd1e7b752e52","name":"Ringier Corporate Communications","image":{"@type":"ImageObject","inLanguage":"de-DE","@id":"https:\/\/www.ringier.com\/de\/#\/schema\/person\/image\/","url":"https:\/\/secure.gravatar.com\/avatar\/9391e20481368d5df4fe3e1e476c13b27786347489822ec1ed07e532bb41f587?s=96&d=mm&r=g","contentUrl":"https:\/\/secure.gravatar.com\/avatar\/9391e20481368d5df4fe3e1e476c13b27786347489822ec1ed07e532bb41f587?s=96&d=mm&r=g","caption":"Ringier Corporate Communications"},"sameAs":["https:\/\/www.ringier.com"]}]}},"_links":{"self":[{"href":"https:\/\/www.ringier.com\/de\/wp-json\/wp\/v2\/posts\/2448","targetHints":{"allow":["GET"]}}],"collection":[{"href":"https:\/\/www.ringier.com\/de\/wp-json\/wp\/v2\/posts"}],"about":[{"href":"https:\/\/www.ringier.com\/de\/wp-json\/wp\/v2\/types\/post"}],"author":[{"embeddable":true,"href":"https:\/\/www.ringier.com\/de\/wp-json\/wp\/v2\/users\/23"}],"replies":[{"embeddable":true,"href":"https:\/\/www.ringier.com\/de\/wp-json\/wp\/v2\/comments?post=2448"}],"version-history":[{"count":0,"href":"https:\/\/www.ringier.com\/de\/wp-json\/wp\/v2\/posts\/2448\/revisions"}],"wp:featuredmedia":[{"embeddable":true,"href":"https:\/\/www.ringier.com\/de\/wp-json\/wp\/v2\/media\/2452"}],"wp:attachment":[{"href":"https:\/\/www.ringier.com\/de\/wp-json\/wp\/v2\/media?parent=2448"}],"wp:term":[{"taxonomy":"category","embeddable":true,"href":"https:\/\/www.ringier.com\/de\/wp-json\/wp\/v2\/categories?post=2448"},{"taxonomy":"post_tag","embeddable":true,"href":"https:\/\/www.ringier.com\/de\/wp-json\/wp\/v2\/tags?post=2448"}],"curies":[{"name":"wp","href":"https:\/\/api.w.org\/{rel}","templated":true}]}}