{"id":24167,"date":"2026-09-03T09:00:00","date_gmt":"2026-09-03T07:00:00","guid":{"rendered":"https:\/\/www.ringier.com\/?p=24167"},"modified":"2026-09-02T16:31:26","modified_gmt":"2026-09-02T14:31:26","slug":"ladina-heimgartner-uebernimmt-die-operative-leitung-von-equalvoice","status":"publish","type":"post","link":"https:\/\/www.ringier.com\/de\/ladina-heimgartner-uebernimmt-die-operative-leitung-von-equalvoice\/","title":{"rendered":"Stabs\u00fcbergabe: Ladina Heimgartner \u00fcbernimmt die operative Leitung von EqualVoice \u2013 Gr\u00fcnderin Annabella Bassler \u00fcbernimmt den Vorsitz der Advisory Boards"},"content":{"rendered":"\n<p class=\"wp-block-paragraph\">Die Ringier-Initiative EqualVoice schl\u00e4gt ein neues Kapitel auf: Gr\u00fcnderin und Ringier-CFO Annabella Bassler \u00fcbergibt den operativen Lead an Ladina Heimgartner, Head Media und CEO Ringier Medien Schweiz. Grund f\u00fcr den Wechsel ist das stetige Wachstum von EqualVoice in den vergangenen Jahren. Um die Wirkung nachhaltig zu maximieren, wird die Initiative nun direkt im operativen Medienbetrieb und im Kerngesch\u00e4ft verankert.<\/p>\n\n\n\n<p class=\"wp-block-paragraph\">Der \u00dcbergang erfolgt fliessend. Ladina Heimgartner \u00fcbernimmt die F\u00fchrung ab Anfang September 2026. Annabella Bassler bleibt der Initiative eng verbunden und \u00fcbernimmt den Vorsitz des nationalen sowie des internationalen Advisory Boards.<\/p>\n\n\n\n<p class=\"wp-block-paragraph\"><strong>Erfolgsgeschichte wird weitergeschrieben<\/strong><\/p>\n\n\n\n<p class=\"wp-block-paragraph\">Annabella Bassler, CFO von Ringier und Initiatorin von EqualVoice: \u00abEqualVoice hat sich von einer Idee zu einer wirkungsvollen Bewegung entwickelt. Mein herzlicher Dank gilt allen Redaktionen, Teams und Partnern, die diesen Weg bis hierhin mit so viel Herzblut gepr\u00e4gt haben. Mit dem immensen Wachstum der letzten Jahre ist jetzt der perfekte Zeitpunkt gekommen, um die Initiative noch tiefer in den t\u00e4glichen Medienbetrieb einzubetten. Ladina Heimgartner ist die ideale Pers\u00f6nlichkeit, um EqualVoice auf die n\u00e4chste Stufe zu heben. Ich freue mich sehr darauf, die strategische Weiterentwicklung k\u00fcnftig als Vorsitzende der Advisory Boards aktiv zu begleiten.\u00bb<\/p>\n\n\n\n<p class=\"wp-block-paragraph\">Ladina Heimgartner, Head Media und CEO Ringier Medien Schweiz: \u00abAnnabella Bassler hat mit EqualVoice eine Pionierleistung erzielt und das Thema Geschlechtergleichstellung faktenbasiert und pragmatisch in den Medien fest verankert. Es ist mir eine Ehre, den Lead zu \u00fcbernehmen. Unser Ziel ist es, die bestehenden EqualVoice-Initiativen auszubauen, neue inhaltliche Schwerpunkte zu setzen und die Kraft unserer Medienmarken noch gezielter f\u00fcr Gleichstellung und Vielfalt zu nutzen.\u00bb<\/p>\n\n\n\n<p class=\"wp-block-paragraph\"><strong>Technologischer Meilenstein: EqualVoice-Assistant f\u00fcr Unternehmen<\/strong><strong><br><\/strong>Parallel zum F\u00fchrungswechsel startet EqualVoice technologisch durch: Im September 2026 lanciert EqualVoice den EqualVoice-Assistant \u00f6ffentlich. Die KI-L\u00f6sung, die sich in Redaktionen bereits bei \u00fcber 32\u2019000 Artikeln pro Monat bew\u00e4hrt hat, richtet sich neu auch an Unternehmen und Organisationen. Als webbasierte Schreibumgebung erkennt das Tool unbewusste Gender-Biases sowie Stereotypen direkt beim Verfassen von Texten und liefert in Echtzeit Alternativen f\u00fcr eine ausgewogene Kommunikation.<\/p>\n\n\n\n<p class=\"wp-block-paragraph\">Zus\u00e4tzlich baut EqualVoice das Partnernetzwerk EqualVoice United weiter aus und entwickelt gemeinsam mit der Business School IMD eine exklusive Masterclass f\u00fcr F\u00fchrungskr\u00e4fte.<\/p>\n\n\n\n<p class=\"wp-block-paragraph\"><strong>Verst\u00e4rkung im Advisory Board<\/strong><\/p>\n\n\n\n<p class=\"wp-block-paragraph\">Neben dem neuen Vorsitz von Annabella Bassler erh\u00e4lt das nationale EqualVoice Advisory Board hochkar\u00e4tige Verst\u00e4rkung mit Tatjana Haenni und Deniz Kayadelen.<\/p>\n\n\n\n<p class=\"wp-block-paragraph\"><strong>Tatjana Haenni<\/strong> ist eine Pionierin des internationalen Frauenfussballs und blickt auf eine eindr\u00fcckliche Karriere als Schweizer Nationalspielerin sowie als F\u00fchrungskraft bei der UEFA, FIFA und dem SFV zur\u00fcck. Als erste Frau in der Gesch\u00e4ftsleitung des Schweizerischen Fussballverbandes pr\u00e4gte sie die Professionalisierung und Gleichstellung im Sport entscheidend mit. Nach Stationen als Sportliche Direktorin der US-amerikanischen NWSL \u00fcbernahm die pr\u00e4mierte Sportmanagerin Anfang 2026 die Rolle als CEO bei RB Leipzig.<\/p>\n\n\n\n<p class=\"wp-block-paragraph\"><strong>Deniz Kayadelen<\/strong> ist Extremschwimmerin, Wirtschaftspsychologin, Bestsellerautorin und Speakerin. Sie blickt auf 15 Jahre Big-Four-Erfahrung zur\u00fcck, u. a. als Leiterin Talent Management Consulting bei EY Schweiz. Als mehrfache Eisschwimm-Weltmeisterin, Guinness-Weltrekordhalterin und Bezwingerin der Triple Crown schwamm sie 2026 am Nordpol. Als Gr\u00fcnderin von \u00abOut of Comfort Zone\u00bb und Entwicklerin der Peak Flow Method\u00ae unterst\u00fctzt sie F\u00fchrungskr\u00e4fte dabei, \u00c4ngste zu \u00fcberwinden und mentale Resilienz aufzubauen.<\/p>\n\n\n\n<p class=\"wp-block-paragraph\"><strong>Informationen &amp; Zugang zum EqualVoice-Assistant:<\/strong><\/p>\n\n\n\n<p class=\"wp-block-paragraph\">Die webbasierte Schreibumgebung des EqualVoice-Assistant ist ab sofort verf\u00fcgbar unter: <a href=\"https:\/\/www.equalvoice.ch\/equalvoice-assistant\/\" data-type=\"link\" data-id=\"www.equalvoice.ch\/equalvoice-assistant\/\">www.equalvoice.ch\/equalvoice-assistant\/<\/a><\/p>\n\n\n\n<hr class=\"wp-block-separator has-alpha-channel-opacity\"\/>\n\n\n\n<p class=\"has-small-font-size wp-block-paragraph\"><strong>\u00dcber EqualVoice<\/strong><\/p>\n\n\n\n<p class=\"has-small-font-size wp-block-paragraph\">Die EqualVoice-Initiative wurde im November 2019 von Annabella Bassler, CFO der Ringier AG, ins Leben gerufen und steht unter dem Vorsitz von Verleger Michael Ringier und CEO Marc Walder. Ziel der Initiative ist es, die Gleichstellung der Geschlechter zu f\u00f6rdern und die Sichtbarkeit von Frauen in den Medien zu erh\u00f6hen. Herzst\u00fcck ist der EqualVoice Factor, der die Pr\u00e4senz von Frauen und M\u00e4nnern in redaktionellen Inhalten misst. Inzwischen ist EqualVoice in sieben L\u00e4ndern und \u00fcber 32 Medienmarken aktiv und erreicht mehr als 50 Millionen Nutzer:innen. Unterst\u00fctzt wird die Initiative vom Netzwerk EqualVoice United, dem \u00fcber 20 Unternehmen angeh\u00f6ren, die sich f\u00fcr Gleichstellung einsetzen. Weitere Informationen: www.equalvoice.ch<\/p>\n","protected":false},"excerpt":{"rendered":"<p>Ladina Heimgartner, Head Media und CEO Ringier Medien Schweiz, \u00fcbernimmt den operativen Lead der Initiative EqualVoice von Gr\u00fcnderin Annabella Bassler. Damit verankert Ringier die Initiative noch tiefer im Kerngesch\u00e4ft. Gleichzeitig steht der \u00f6ffentliche Launch des KI-basierten EqualVoice-Assistants f\u00fcr Unternehmen bevor. Annabella Bassler \u00fcbernimmt den Vorsitz der Advisory Boards. Zudem verst\u00e4rken Tatjana Haenni und Deniz Kayadelen das nationale Advisory Board der Ringier-Initiative.<\/p>\n","protected":false},"author":35,"featured_media":24168,"comment_status":"closed","ping_status":"open","sticky":false,"template":"","format":"standard","meta":{"inline_featured_image":false,"footnotes":""},"categories":[381],"tags":[],"class_list":["post-24167","post","type-post","status-publish","format-standard","has-post-thumbnail","hentry","category-equalvoice-de"],"yoast_head":"<!-- This site is optimized with the Yoast SEO Premium plugin v27.5 (Yoast SEO v28.3) - https:\/\/yoast.com\/product\/yoast-seo-premium-wordpress\/ -->\n<title>Stabs\u00fcbergabe: Ladina Heimgartner \u00fcbernimmt die operative Leitung von EqualVoice \u2013 Gr\u00fcnderin Annabella Bassler \u00fcbernimmt den Vorsitz der Advisory Boards - Ringier<\/title>\n<meta name=\"robots\" content=\"index, follow, max-snippet:-1, max-image-preview:large, max-video-preview:-1\" \/>\n<link rel=\"canonical\" href=\"https:\/\/www.ringier.com\/de\/ladina-heimgartner-uebernimmt-die-operative-leitung-von-equalvoice\/\" \/>\n<meta property=\"og:locale\" content=\"de_DE\" \/>\n<meta property=\"og:type\" content=\"article\" \/>\n<meta property=\"og:title\" content=\"Stabs\u00fcbergabe: Ladina Heimgartner \u00fcbernimmt die operative Leitung von EqualVoice \u2013 Gr\u00fcnderin Annabella Bassler \u00fcbernimmt den Vorsitz der Advisory Boards\" \/>\n<meta property=\"og:description\" content=\"Ladina Heimgartner, Head Media und CEO Ringier Medien Schweiz, \u00fcbernimmt den operativen Lead der Initiative EqualVoice von Gr\u00fcnderin Annabella Bassler. Damit verankert Ringier die Initiative noch tiefer im Kerngesch\u00e4ft. Gleichzeitig steht der \u00f6ffentliche Launch des KI-basierten EqualVoice-Assistants f\u00fcr Unternehmen bevor. Annabella Bassler \u00fcbernimmt den Vorsitz der Advisory Boards. Zudem verst\u00e4rken Tatjana Haenni und Deniz Kayadelen das nationale Advisory Board der Ringier-Initiative.\" \/>\n<meta property=\"og:url\" content=\"https:\/\/www.ringier.com\/de\/ladina-heimgartner-uebernimmt-die-operative-leitung-von-equalvoice\/\" \/>\n<meta property=\"og:site_name\" content=\"Ringier\" \/>\n<meta property=\"article:publisher\" content=\"https:\/\/www.facebook.com\/ringierag\/\" \/>\n<meta property=\"article:published_time\" content=\"2026-09-03T07:00:00+00:00\" \/>\n<meta property=\"og:image\" content=\"https:\/\/www.ringier.com\/wp-content\/uploads\/2026\/09\/MM_EV-Stabsuebergabe.jpg\" \/>\n\t<meta property=\"og:image:width\" content=\"1200\" \/>\n\t<meta property=\"og:image:height\" content=\"630\" \/>\n\t<meta property=\"og:image:type\" content=\"image\/jpeg\" \/>\n<meta name=\"author\" content=\"Maria Faessler\" \/>\n<meta name=\"twitter:card\" content=\"summary_large_image\" \/>\n<meta name=\"twitter:creator\" content=\"@ringier_ag\" \/>\n<meta name=\"twitter:site\" content=\"@ringier_ag\" \/>\n<meta name=\"twitter:label1\" content=\"Verfasst von\" \/>\n\t<meta name=\"twitter:data1\" content=\"Maria Faessler\" \/>\n\t<meta name=\"twitter:label2\" content=\"Gesch\u00e4tzte Lesezeit\" \/>\n\t<meta name=\"twitter:data2\" content=\"3 Minuten\" \/>\n<script type=\"application\/ld+json\" class=\"yoast-schema-graph\">{\"@context\":\"https:\\\/\\\/schema.org\",\"@graph\":[{\"@type\":\"Article\",\"@id\":\"https:\\\/\\\/www.ringier.com\\\/de\\\/ladina-heimgartner-uebernimmt-die-operative-leitung-von-equalvoice\\\/#article\",\"isPartOf\":{\"@id\":\"https:\\\/\\\/www.ringier.com\\\/de\\\/ladina-heimgartner-uebernimmt-die-operative-leitung-von-equalvoice\\\/\"},\"author\":{\"name\":\"Maria Faessler\",\"@id\":\"https:\\\/\\\/www.ringier.com\\\/de\\\/#\\\/schema\\\/person\\\/3b9b5629ef22bc81a07ec50281cc01d3\"},\"headline\":\"Stabs\u00fcbergabe: Ladina Heimgartner \u00fcbernimmt die operative Leitung von EqualVoice \u2013 Gr\u00fcnderin Annabella Bassler \u00fcbernimmt den Vorsitz der Advisory Boards\",\"datePublished\":\"2026-09-03T07:00:00+00:00\",\"mainEntityOfPage\":{\"@id\":\"https:\\\/\\\/www.ringier.com\\\/de\\\/ladina-heimgartner-uebernimmt-die-operative-leitung-von-equalvoice\\\/\"},\"wordCount\":680,\"publisher\":{\"@id\":\"https:\\\/\\\/www.ringier.com\\\/de\\\/#organization\"},\"image\":{\"@id\":\"https:\\\/\\\/www.ringier.com\\\/de\\\/ladina-heimgartner-uebernimmt-die-operative-leitung-von-equalvoice\\\/#primaryimage\"},\"thumbnailUrl\":\"https:\\\/\\\/www.ringier.com\\\/wp-content\\\/uploads\\\/2026\\\/09\\\/MM_EV-Stabsuebergabe.jpg\",\"articleSection\":[\"EqualVoice\"],\"inLanguage\":\"de-DE\"},{\"@type\":\"WebPage\",\"@id\":\"https:\\\/\\\/www.ringier.com\\\/de\\\/ladina-heimgartner-uebernimmt-die-operative-leitung-von-equalvoice\\\/\",\"url\":\"https:\\\/\\\/www.ringier.com\\\/de\\\/ladina-heimgartner-uebernimmt-die-operative-leitung-von-equalvoice\\\/\",\"name\":\"Stabs\u00fcbergabe: Ladina Heimgartner \u00fcbernimmt die operative Leitung von EqualVoice \u2013 Gr\u00fcnderin Annabella Bassler \u00fcbernimmt den Vorsitz der Advisory Boards - Ringier\",\"isPartOf\":{\"@id\":\"https:\\\/\\\/www.ringier.com\\\/de\\\/#website\"},\"primaryImageOfPage\":{\"@id\":\"https:\\\/\\\/www.ringier.com\\\/de\\\/ladina-heimgartner-uebernimmt-die-operative-leitung-von-equalvoice\\\/#primaryimage\"},\"image\":{\"@id\":\"https:\\\/\\\/www.ringier.com\\\/de\\\/ladina-heimgartner-uebernimmt-die-operative-leitung-von-equalvoice\\\/#primaryimage\"},\"thumbnailUrl\":\"https:\\\/\\\/www.ringier.com\\\/wp-content\\\/uploads\\\/2026\\\/09\\\/MM_EV-Stabsuebergabe.jpg\",\"datePublished\":\"2026-09-03T07:00:00+00:00\",\"breadcrumb\":{\"@id\":\"https:\\\/\\\/www.ringier.com\\\/de\\\/ladina-heimgartner-uebernimmt-die-operative-leitung-von-equalvoice\\\/#breadcrumb\"},\"inLanguage\":\"de-DE\",\"potentialAction\":[{\"@type\":\"ReadAction\",\"target\":[\"https:\\\/\\\/www.ringier.com\\\/de\\\/ladina-heimgartner-uebernimmt-die-operative-leitung-von-equalvoice\\\/\"]}]},{\"@type\":\"ImageObject\",\"inLanguage\":\"de-DE\",\"@id\":\"https:\\\/\\\/www.ringier.com\\\/de\\\/ladina-heimgartner-uebernimmt-die-operative-leitung-von-equalvoice\\\/#primaryimage\",\"url\":\"https:\\\/\\\/www.ringier.com\\\/wp-content\\\/uploads\\\/2026\\\/09\\\/MM_EV-Stabsuebergabe.jpg\",\"contentUrl\":\"https:\\\/\\\/www.ringier.com\\\/wp-content\\\/uploads\\\/2026\\\/09\\\/MM_EV-Stabsuebergabe.jpg\",\"width\":1200,\"height\":630},{\"@type\":\"BreadcrumbList\",\"@id\":\"https:\\\/\\\/www.ringier.com\\\/de\\\/ladina-heimgartner-uebernimmt-die-operative-leitung-von-equalvoice\\\/#breadcrumb\",\"itemListElement\":[{\"@type\":\"ListItem\",\"position\":1,\"name\":\"Home\",\"item\":\"https:\\\/\\\/www.ringier.com\\\/de\\\/\"},{\"@type\":\"ListItem\",\"position\":2,\"name\":\"Stabs\u00fcbergabe: Ladina Heimgartner \u00fcbernimmt die operative Leitung von EqualVoice \u2013 Gr\u00fcnderin Annabella Bassler \u00fcbernimmt den Vorsitz der Advisory Boards\"}]},{\"@type\":\"WebSite\",\"@id\":\"https:\\\/\\\/www.ringier.com\\\/de\\\/#website\",\"url\":\"https:\\\/\\\/www.ringier.com\\\/de\\\/\",\"name\":\"Ringier\",\"description\":\"We inform. We entertain. We connect\",\"publisher\":{\"@id\":\"https:\\\/\\\/www.ringier.com\\\/de\\\/#organization\"},\"potentialAction\":[{\"@type\":\"SearchAction\",\"target\":{\"@type\":\"EntryPoint\",\"urlTemplate\":\"https:\\\/\\\/www.ringier.com\\\/de\\\/?s={search_term_string}\"},\"query-input\":{\"@type\":\"PropertyValueSpecification\",\"valueRequired\":true,\"valueName\":\"search_term_string\"}}],\"inLanguage\":\"de-DE\"},{\"@type\":\"Organization\",\"@id\":\"https:\\\/\\\/www.ringier.com\\\/de\\\/#organization\",\"name\":\"Ringier\",\"url\":\"https:\\\/\\\/www.ringier.com\\\/de\\\/\",\"logo\":{\"@type\":\"ImageObject\",\"inLanguage\":\"de-DE\",\"@id\":\"https:\\\/\\\/www.ringier.com\\\/de\\\/#\\\/schema\\\/logo\\\/image\\\/\",\"url\":\"https:\\\/\\\/www.ringier.com\\\/wp-content\\\/uploads\\\/2021\\\/10\\\/ringier_logo_2.jpg\",\"contentUrl\":\"https:\\\/\\\/www.ringier.com\\\/wp-content\\\/uploads\\\/2021\\\/10\\\/ringier_logo_2.jpg\",\"width\":750,\"height\":550,\"caption\":\"Ringier\"},\"image\":{\"@id\":\"https:\\\/\\\/www.ringier.com\\\/de\\\/#\\\/schema\\\/logo\\\/image\\\/\"},\"sameAs\":[\"https:\\\/\\\/www.facebook.com\\\/ringierag\\\/\",\"https:\\\/\\\/x.com\\\/ringier_ag\",\"https:\\\/\\\/www.instagram.com\\\/ringier_ag\\\/\",\"https:\\\/\\\/www.linkedin.com\\\/company\\\/ringier\\\/\",\"https:\\\/\\\/www.youtube.com\\\/user\\\/RingierComm\",\"https:\\\/\\\/en.wikipedia.org\\\/wiki\\\/Ringier\",\"https:\\\/\\\/de.wikipedia.org\\\/wiki\\\/Ringier\",\"https:\\\/\\\/fr.wikipedia.org\\\/wiki\\\/Ringier\",\"https:\\\/\\\/www.crunchbase.com\\\/organization\\\/ringier-ag\"]},{\"@type\":\"Person\",\"@id\":\"https:\\\/\\\/www.ringier.com\\\/de\\\/#\\\/schema\\\/person\\\/3b9b5629ef22bc81a07ec50281cc01d3\",\"name\":\"Maria Faessler\",\"image\":{\"@type\":\"ImageObject\",\"inLanguage\":\"de-DE\",\"@id\":\"https:\\\/\\\/secure.gravatar.com\\\/avatar\\\/c647814a317915ed9f429594bf9164cf1ebb047b1fa4972b0748b565e0974d56?s=96&d=mm&r=g\",\"url\":\"https:\\\/\\\/secure.gravatar.com\\\/avatar\\\/c647814a317915ed9f429594bf9164cf1ebb047b1fa4972b0748b565e0974d56?s=96&d=mm&r=g\",\"contentUrl\":\"https:\\\/\\\/secure.gravatar.com\\\/avatar\\\/c647814a317915ed9f429594bf9164cf1ebb047b1fa4972b0748b565e0974d56?s=96&d=mm&r=g\",\"caption\":\"Maria Faessler\"}}]}<\/script>\n<!-- \/ Yoast SEO Premium plugin. -->","yoast_head_json":{"title":"Stabs\u00fcbergabe: Ladina Heimgartner \u00fcbernimmt die operative Leitung von EqualVoice \u2013 Gr\u00fcnderin Annabella Bassler \u00fcbernimmt den Vorsitz der Advisory Boards - Ringier","robots":{"index":"index","follow":"follow","max-snippet":"max-snippet:-1","max-image-preview":"max-image-preview:large","max-video-preview":"max-video-preview:-1"},"canonical":"https:\/\/www.ringier.com\/de\/ladina-heimgartner-uebernimmt-die-operative-leitung-von-equalvoice\/","og_locale":"de_DE","og_type":"article","og_title":"Stabs\u00fcbergabe: Ladina Heimgartner \u00fcbernimmt die operative Leitung von EqualVoice \u2013 Gr\u00fcnderin Annabella Bassler \u00fcbernimmt den Vorsitz der Advisory Boards","og_description":"Ladina Heimgartner, Head Media und CEO Ringier Medien Schweiz, \u00fcbernimmt den operativen Lead der Initiative EqualVoice von Gr\u00fcnderin Annabella Bassler. Damit verankert Ringier die Initiative noch tiefer im Kerngesch\u00e4ft. Gleichzeitig steht der \u00f6ffentliche Launch des KI-basierten EqualVoice-Assistants f\u00fcr Unternehmen bevor. Annabella Bassler \u00fcbernimmt den Vorsitz der Advisory Boards. Zudem verst\u00e4rken Tatjana Haenni und Deniz Kayadelen das nationale Advisory Board der Ringier-Initiative.","og_url":"https:\/\/www.ringier.com\/de\/ladina-heimgartner-uebernimmt-die-operative-leitung-von-equalvoice\/","og_site_name":"Ringier","article_publisher":"https:\/\/www.facebook.com\/ringierag\/","article_published_time":"2026-09-03T07:00:00+00:00","og_image":[{"width":1200,"height":630,"url":"https:\/\/www.ringier.com\/wp-content\/uploads\/2026\/09\/MM_EV-Stabsuebergabe.jpg","type":"image\/jpeg"}],"author":"Maria Faessler","twitter_card":"summary_large_image","twitter_creator":"@ringier_ag","twitter_site":"@ringier_ag","twitter_misc":{"Verfasst von":"Maria Faessler","Gesch\u00e4tzte Lesezeit":"3 Minuten"},"schema":{"@context":"https:\/\/schema.org","@graph":[{"@type":"Article","@id":"https:\/\/www.ringier.com\/de\/ladina-heimgartner-uebernimmt-die-operative-leitung-von-equalvoice\/#article","isPartOf":{"@id":"https:\/\/www.ringier.com\/de\/ladina-heimgartner-uebernimmt-die-operative-leitung-von-equalvoice\/"},"author":{"name":"Maria Faessler","@id":"https:\/\/www.ringier.com\/de\/#\/schema\/person\/3b9b5629ef22bc81a07ec50281cc01d3"},"headline":"Stabs\u00fcbergabe: Ladina Heimgartner \u00fcbernimmt die operative Leitung von EqualVoice \u2013 Gr\u00fcnderin Annabella Bassler \u00fcbernimmt den Vorsitz der Advisory Boards","datePublished":"2026-09-03T07:00:00+00:00","mainEntityOfPage":{"@id":"https:\/\/www.ringier.com\/de\/ladina-heimgartner-uebernimmt-die-operative-leitung-von-equalvoice\/"},"wordCount":680,"publisher":{"@id":"https:\/\/www.ringier.com\/de\/#organization"},"image":{"@id":"https:\/\/www.ringier.com\/de\/ladina-heimgartner-uebernimmt-die-operative-leitung-von-equalvoice\/#primaryimage"},"thumbnailUrl":"https:\/\/www.ringier.com\/wp-content\/uploads\/2026\/09\/MM_EV-Stabsuebergabe.jpg","articleSection":["EqualVoice"],"inLanguage":"de-DE"},{"@type":"WebPage","@id":"https:\/\/www.ringier.com\/de\/ladina-heimgartner-uebernimmt-die-operative-leitung-von-equalvoice\/","url":"https:\/\/www.ringier.com\/de\/ladina-heimgartner-uebernimmt-die-operative-leitung-von-equalvoice\/","name":"Stabs\u00fcbergabe: Ladina Heimgartner \u00fcbernimmt die operative Leitung von EqualVoice \u2013 Gr\u00fcnderin Annabella Bassler \u00fcbernimmt den Vorsitz der Advisory Boards - Ringier","isPartOf":{"@id":"https:\/\/www.ringier.com\/de\/#website"},"primaryImageOfPage":{"@id":"https:\/\/www.ringier.com\/de\/ladina-heimgartner-uebernimmt-die-operative-leitung-von-equalvoice\/#primaryimage"},"image":{"@id":"https:\/\/www.ringier.com\/de\/ladina-heimgartner-uebernimmt-die-operative-leitung-von-equalvoice\/#primaryimage"},"thumbnailUrl":"https:\/\/www.ringier.com\/wp-content\/uploads\/2026\/09\/MM_EV-Stabsuebergabe.jpg","datePublished":"2026-09-03T07:00:00+00:00","breadcrumb":{"@id":"https:\/\/www.ringier.com\/de\/ladina-heimgartner-uebernimmt-die-operative-leitung-von-equalvoice\/#breadcrumb"},"inLanguage":"de-DE","potentialAction":[{"@type":"ReadAction","target":["https:\/\/www.ringier.com\/de\/ladina-heimgartner-uebernimmt-die-operative-leitung-von-equalvoice\/"]}]},{"@type":"ImageObject","inLanguage":"de-DE","@id":"https:\/\/www.ringier.com\/de\/ladina-heimgartner-uebernimmt-die-operative-leitung-von-equalvoice\/#primaryimage","url":"https:\/\/www.ringier.com\/wp-content\/uploads\/2026\/09\/MM_EV-Stabsuebergabe.jpg","contentUrl":"https:\/\/www.ringier.com\/wp-content\/uploads\/2026\/09\/MM_EV-Stabsuebergabe.jpg","width":1200,"height":630},{"@type":"BreadcrumbList","@id":"https:\/\/www.ringier.com\/de\/ladina-heimgartner-uebernimmt-die-operative-leitung-von-equalvoice\/#breadcrumb","itemListElement":[{"@type":"ListItem","position":1,"name":"Home","item":"https:\/\/www.ringier.com\/de\/"},{"@type":"ListItem","position":2,"name":"Stabs\u00fcbergabe: Ladina Heimgartner \u00fcbernimmt die operative Leitung von EqualVoice \u2013 Gr\u00fcnderin Annabella Bassler \u00fcbernimmt den Vorsitz der Advisory Boards"}]},{"@type":"WebSite","@id":"https:\/\/www.ringier.com\/de\/#website","url":"https:\/\/www.ringier.com\/de\/","name":"Ringier","description":"We inform. We entertain. We connect","publisher":{"@id":"https:\/\/www.ringier.com\/de\/#organization"},"potentialAction":[{"@type":"SearchAction","target":{"@type":"EntryPoint","urlTemplate":"https:\/\/www.ringier.com\/de\/?s={search_term_string}"},"query-input":{"@type":"PropertyValueSpecification","valueRequired":true,"valueName":"search_term_string"}}],"inLanguage":"de-DE"},{"@type":"Organization","@id":"https:\/\/www.ringier.com\/de\/#organization","name":"Ringier","url":"https:\/\/www.ringier.com\/de\/","logo":{"@type":"ImageObject","inLanguage":"de-DE","@id":"https:\/\/www.ringier.com\/de\/#\/schema\/logo\/image\/","url":"https:\/\/www.ringier.com\/wp-content\/uploads\/2021\/10\/ringier_logo_2.jpg","contentUrl":"https:\/\/www.ringier.com\/wp-content\/uploads\/2021\/10\/ringier_logo_2.jpg","width":750,"height":550,"caption":"Ringier"},"image":{"@id":"https:\/\/www.ringier.com\/de\/#\/schema\/logo\/image\/"},"sameAs":["https:\/\/www.facebook.com\/ringierag\/","https:\/\/x.com\/ringier_ag","https:\/\/www.instagram.com\/ringier_ag\/","https:\/\/www.linkedin.com\/company\/ringier\/","https:\/\/www.youtube.com\/user\/RingierComm","https:\/\/en.wikipedia.org\/wiki\/Ringier","https:\/\/de.wikipedia.org\/wiki\/Ringier","https:\/\/fr.wikipedia.org\/wiki\/Ringier","https:\/\/www.crunchbase.com\/organization\/ringier-ag"]},{"@type":"Person","@id":"https:\/\/www.ringier.com\/de\/#\/schema\/person\/3b9b5629ef22bc81a07ec50281cc01d3","name":"Maria Faessler","image":{"@type":"ImageObject","inLanguage":"de-DE","@id":"https:\/\/secure.gravatar.com\/avatar\/c647814a317915ed9f429594bf9164cf1ebb047b1fa4972b0748b565e0974d56?s=96&d=mm&r=g","url":"https:\/\/secure.gravatar.com\/avatar\/c647814a317915ed9f429594bf9164cf1ebb047b1fa4972b0748b565e0974d56?s=96&d=mm&r=g","contentUrl":"https:\/\/secure.gravatar.com\/avatar\/c647814a317915ed9f429594bf9164cf1ebb047b1fa4972b0748b565e0974d56?s=96&d=mm&r=g","caption":"Maria Faessler"}}]}},"_links":{"self":[{"href":"https:\/\/www.ringier.com\/de\/wp-json\/wp\/v2\/posts\/24167","targetHints":{"allow":["GET"]}}],"collection":[{"href":"https:\/\/www.ringier.com\/de\/wp-json\/wp\/v2\/posts"}],"about":[{"href":"https:\/\/www.ringier.com\/de\/wp-json\/wp\/v2\/types\/post"}],"author":[{"embeddable":true,"href":"https:\/\/www.ringier.com\/de\/wp-json\/wp\/v2\/users\/35"}],"replies":[{"embeddable":true,"href":"https:\/\/www.ringier.com\/de\/wp-json\/wp\/v2\/comments?post=24167"}],"version-history":[{"count":2,"href":"https:\/\/www.ringier.com\/de\/wp-json\/wp\/v2\/posts\/24167\/revisions"}],"predecessor-version":[{"id":24184,"href":"https:\/\/www.ringier.com\/de\/wp-json\/wp\/v2\/posts\/24167\/revisions\/24184"}],"wp:featuredmedia":[{"embeddable":true,"href":"https:\/\/www.ringier.com\/de\/wp-json\/wp\/v2\/media\/24168"}],"wp:attachment":[{"href":"https:\/\/www.ringier.com\/de\/wp-json\/wp\/v2\/media?parent=24167"}],"wp:term":[{"taxonomy":"category","embeddable":true,"href":"https:\/\/www.ringier.com\/de\/wp-json\/wp\/v2\/categories?post=24167"},{"taxonomy":"post_tag","embeddable":true,"href":"https:\/\/www.ringier.com\/de\/wp-json\/wp\/v2\/tags?post=24167"}],"curies":[{"name":"wp","href":"https:\/\/api.w.org\/{rel}","templated":true}]}}