{"id":24137,"date":"2026-09-02T11:41:48","date_gmt":"2026-09-02T09:41:48","guid":{"rendered":"https:\/\/www.ringier.com\/?p=24137"},"modified":"2026-09-02T11:41:49","modified_gmt":"2026-09-02T09:41:49","slug":"energy-zuerich-moderatorin-anja-schaeublin-laeuft-von-zuerich-nach-luzern","status":"publish","type":"post","link":"https:\/\/www.ringier.com\/de\/energy-zuerich-moderatorin-anja-schaeublin-laeuft-von-zuerich-nach-luzern\/","title":{"rendered":"Energy Z\u00fcrich Moderatorin Anja Sch\u00e4ublin l\u00e4uft 50 Kilometer von Z\u00fcrich nach Luzern \u2013 mit prominenter Unterst\u00fctzung"},"content":{"rendered":"\n<p class=\"wp-block-paragraph\">Der Marsch startet fr\u00fchmorgens zu Beginn von \u00abEnergy Mein Morgen\u00bb um 05:00 Uhr in Z\u00fcrich. Auf der rund 50 Kilometer langen Strecke erh\u00e4lt Anja immer wieder prominente Unterst\u00fctzung: der ehemalige Armeechef Thomas S\u00fcssli, Sportinfluencer Peter Bolliger sowie die Schweizer Musiker Bligg und Mimiks werden sie auf verschiedenen Etappen begleiten und f\u00fcr zus\u00e4tzliche Motivation sorgen.<\/p>\n\n\n\n<p class=\"wp-block-paragraph\"><strong>Der ganze Marsch live auf Social Media<\/strong><br>Die aussergew\u00f6hnliche Challenge k\u00f6nnen Energy-H\u00f6rer und die Community hautnah mitverfolgen. Anja wird den gesamten Marsch live auf Instagram begleiten und regelm\u00e4ssig Updates aus dem Lauf liefern. Zus\u00e4tzlich k\u00f6nnen Interessierte auf der Energy-Website Anjas aktuellen Standort live verfolgen und sehen, wie viele Kilometer bereits geschafft sind.<\/p>\n\n\n\n<p class=\"wp-block-paragraph\"><strong>Energy-Air-Tickets im Gep\u00e4ck<\/strong><br>Ganz alleine muss Anja die 50 Kilometer allerdings nicht bew\u00e4ltigen. Wer sie unterwegs entdeckt und ein St\u00fcck begleiten m\u00f6chte, kann sich ihr anschliessen und sie auf ihrer Challenge unterst\u00fctzen. Und es lohnt sich: Anja hat Energy-Air-Tickets im Gep\u00e4ck und wird diese unterwegs an H\u00f6rerinnen und H\u00f6rer verschenken.<br>Damit wird aus dem 50-Kilometer-Marsch nicht nur eine pers\u00f6nliche Herausforderung, sondern eine gemeinsame Energy-Aktion: Wer Anja auf der Strecke begegnet, kann Teil des Marsches werden \u2013 und mit etwas Gl\u00fcck direkt ein Ticket f\u00fcr das Energy Air gewinnen.<\/p>\n\n\n\n<hr class=\"wp-block-separator has-alpha-channel-opacity\"\/>\n\n\n\n<p class=\"has-small-font-size wp-block-paragraph\"><strong>\u00dcber Energy Air<\/strong><br>Das Energy Air findet am 5. September 2026 auf der Allmend in Luzern statt und bringt zahlreiche nationale und internationale Acts auf die B\u00fchne. F\u00fcr Anja Sch\u00e4ublin beginnt das Energy-Air-Erlebnis dieses Jahr bereits 50 Kilometer vor dem Festivalgel\u00e4nde.<\/p>\n\n\n\n<p class=\"has-small-font-size wp-block-paragraph\"><strong>Kontakt<\/strong><br>Pascal Aminzadeh | Chief Audio Officer Energy Gruppe | +41 44 250 90 90<\/p>\n\n\n\n<p class=\"has-small-font-size wp-block-paragraph\"><strong>Die Energy Gruppe als Unternehmen.<\/strong><br>Energy ist ein f\u00fchrendes Schweizer Entertainment-Unternehmen mit Aktivit\u00e4ten in den Bereichen Radio, Events und Digital. Mit t\u00e4glich 701\u2019000 H\u00f6rerinnen und H\u00f6rern z\u00e4hlt Energy zu den reichweitenst\u00e4rksten Radio-Netzwerken der Schweiz und ist gleichzeitig eine der f\u00fchrenden Schweizer Medienmarken auf Social Media. Das Eventportfolio umfasst Veranstaltungen wie das Energy Air, die Energy Star Night und die Energy Live Sessions. Energy hat Standorte in Basel, Bern und Z\u00fcrich.<\/p>\n","protected":false},"excerpt":{"rendered":"<p>50 Kilometer zu Fuss, von Z\u00fcrich bis auf die Allmend in Luzern: Energy Z\u00fcrich Moderatorin Anja Sch\u00e4ublin stellt sich einer besonderen Herausforderung. Mit Blick auf das grosse Energy Air am 5. September in Luzern macht sie sich bereits am 1. September zu Fuss auf den Weg und will noch am selben Abend ihr Ziel erreichen.<\/p>\n","protected":false},"author":35,"featured_media":24177,"comment_status":"closed","ping_status":"open","sticky":false,"template":"","format":"standard","meta":{"inline_featured_image":false,"footnotes":""},"categories":[361],"tags":[],"class_list":["post-24137","post","type-post","status-publish","format-standard","has-post-thumbnail","hentry","category-ringier-medien-schweiz"],"yoast_head":"<!-- This site is optimized with the Yoast SEO Premium plugin v27.5 (Yoast SEO v28.3) - https:\/\/yoast.com\/product\/yoast-seo-premium-wordpress\/ -->\n<title>Energy Z\u00fcrich Moderatorin Anja Sch\u00e4ublin l\u00e4uft 50 Kilometer von Z\u00fcrich nach Luzern \u2013 mit prominenter Unterst\u00fctzung - Ringier<\/title>\n<meta name=\"description\" content=\"50 Kilometer zu Fuss, von Z\u00fcrich bis auf die Allmend in Luzern: Energy Z\u00fcrich Moderatorin Anja Sch\u00e4ublin stellt sich einer besonderen Herausforderung. Mit Blick auf das grosse Energy Air am 5. September in Luzern macht sie sich bereits am 1. September zu Fuss auf den Weg und will noch am selben Abend ihr Ziel erreichen.\" \/>\n<meta name=\"robots\" content=\"index, follow, max-snippet:-1, max-image-preview:large, max-video-preview:-1\" \/>\n<link rel=\"canonical\" href=\"https:\/\/www.ringier.com\/de\/energy-zuerich-moderatorin-anja-schaeublin-laeuft-von-zuerich-nach-luzern\/\" \/>\n<meta property=\"og:locale\" content=\"de_DE\" \/>\n<meta property=\"og:type\" content=\"article\" \/>\n<meta property=\"og:title\" content=\"Energy Z\u00fcrich Moderatorin Anja Sch\u00e4ublin l\u00e4uft 50 Kilometer von Z\u00fcrich nach Luzern \u2013 mit prominenter Unterst\u00fctzung\" \/>\n<meta property=\"og:description\" content=\"50 Kilometer zu Fuss, von Z\u00fcrich bis auf die Allmend in Luzern: Energy Z\u00fcrich Moderatorin Anja Sch\u00e4ublin stellt sich einer besonderen Herausforderung. Mit Blick auf das grosse Energy Air am 5. September in Luzern macht sie sich bereits am 1. September zu Fuss auf den Weg und will noch am selben Abend ihr Ziel erreichen.\" \/>\n<meta property=\"og:url\" content=\"https:\/\/www.ringier.com\/de\/energy-zuerich-moderatorin-anja-schaeublin-laeuft-von-zuerich-nach-luzern\/\" \/>\n<meta property=\"og:site_name\" content=\"Ringier\" \/>\n<meta property=\"article:publisher\" content=\"https:\/\/www.facebook.com\/ringierag\/\" \/>\n<meta property=\"article:published_time\" content=\"2026-09-02T09:41:48+00:00\" \/>\n<meta property=\"article:modified_time\" content=\"2026-09-02T09:41:49+00:00\" \/>\n<meta property=\"og:image\" content=\"https:\/\/www.ringier.com\/wp-content\/uploads\/2026\/08\/Energy_Anja_lauft_zum_Energy_Air_MM.png\" \/>\n\t<meta property=\"og:image:width\" content=\"1200\" \/>\n\t<meta property=\"og:image:height\" content=\"630\" \/>\n\t<meta property=\"og:image:type\" content=\"image\/png\" \/>\n<meta name=\"author\" content=\"Maria Faessler\" \/>\n<meta name=\"twitter:card\" content=\"summary_large_image\" \/>\n<meta name=\"twitter:creator\" content=\"@ringier_ag\" \/>\n<meta name=\"twitter:site\" content=\"@ringier_ag\" \/>\n<meta name=\"twitter:label1\" content=\"Verfasst von\" \/>\n\t<meta name=\"twitter:data1\" content=\"Maria Faessler\" \/>\n\t<meta name=\"twitter:label2\" content=\"Gesch\u00e4tzte Lesezeit\" \/>\n\t<meta name=\"twitter:data2\" content=\"2 Minuten\" \/>\n<script type=\"application\/ld+json\" class=\"yoast-schema-graph\">{\"@context\":\"https:\\\/\\\/schema.org\",\"@graph\":[{\"@type\":\"Article\",\"@id\":\"https:\\\/\\\/www.ringier.com\\\/de\\\/energy-zuerich-moderatorin-anja-schaeublin-laeuft-von-zuerich-nach-luzern\\\/#article\",\"isPartOf\":{\"@id\":\"https:\\\/\\\/www.ringier.com\\\/de\\\/energy-zuerich-moderatorin-anja-schaeublin-laeuft-von-zuerich-nach-luzern\\\/\"},\"author\":{\"name\":\"Maria Faessler\",\"@id\":\"https:\\\/\\\/www.ringier.com\\\/de\\\/#\\\/schema\\\/person\\\/3b9b5629ef22bc81a07ec50281cc01d3\"},\"headline\":\"Energy Z\u00fcrich Moderatorin Anja Sch\u00e4ublin l\u00e4uft 50 Kilometer von Z\u00fcrich nach Luzern \u2013 mit prominenter Unterst\u00fctzung\",\"datePublished\":\"2026-09-02T09:41:48+00:00\",\"dateModified\":\"2026-09-02T09:41:49+00:00\",\"mainEntityOfPage\":{\"@id\":\"https:\\\/\\\/www.ringier.com\\\/de\\\/energy-zuerich-moderatorin-anja-schaeublin-laeuft-von-zuerich-nach-luzern\\\/\"},\"wordCount\":361,\"publisher\":{\"@id\":\"https:\\\/\\\/www.ringier.com\\\/de\\\/#organization\"},\"image\":{\"@id\":\"https:\\\/\\\/www.ringier.com\\\/de\\\/energy-zuerich-moderatorin-anja-schaeublin-laeuft-von-zuerich-nach-luzern\\\/#primaryimage\"},\"thumbnailUrl\":\"https:\\\/\\\/www.ringier.com\\\/wp-content\\\/uploads\\\/2026\\\/08\\\/Energy_Anja_lauft_zum_Energy_Air_MM.png\",\"articleSection\":[\"Ringier Medien Schweiz\"],\"inLanguage\":\"de-DE\"},{\"@type\":\"WebPage\",\"@id\":\"https:\\\/\\\/www.ringier.com\\\/de\\\/energy-zuerich-moderatorin-anja-schaeublin-laeuft-von-zuerich-nach-luzern\\\/\",\"url\":\"https:\\\/\\\/www.ringier.com\\\/de\\\/energy-zuerich-moderatorin-anja-schaeublin-laeuft-von-zuerich-nach-luzern\\\/\",\"name\":\"Energy Z\u00fcrich Moderatorin Anja Sch\u00e4ublin l\u00e4uft 50 Kilometer von Z\u00fcrich nach Luzern \u2013 mit prominenter Unterst\u00fctzung - Ringier\",\"isPartOf\":{\"@id\":\"https:\\\/\\\/www.ringier.com\\\/de\\\/#website\"},\"primaryImageOfPage\":{\"@id\":\"https:\\\/\\\/www.ringier.com\\\/de\\\/energy-zuerich-moderatorin-anja-schaeublin-laeuft-von-zuerich-nach-luzern\\\/#primaryimage\"},\"image\":{\"@id\":\"https:\\\/\\\/www.ringier.com\\\/de\\\/energy-zuerich-moderatorin-anja-schaeublin-laeuft-von-zuerich-nach-luzern\\\/#primaryimage\"},\"thumbnailUrl\":\"https:\\\/\\\/www.ringier.com\\\/wp-content\\\/uploads\\\/2026\\\/08\\\/Energy_Anja_lauft_zum_Energy_Air_MM.png\",\"datePublished\":\"2026-09-02T09:41:48+00:00\",\"dateModified\":\"2026-09-02T09:41:49+00:00\",\"description\":\"50 Kilometer zu Fuss, von Z\u00fcrich bis auf die Allmend in Luzern: Energy Z\u00fcrich Moderatorin Anja Sch\u00e4ublin stellt sich einer besonderen Herausforderung. Mit Blick auf das grosse Energy Air am 5. September in Luzern macht sie sich bereits am 1. September zu Fuss auf den Weg und will noch am selben Abend ihr Ziel erreichen.\",\"breadcrumb\":{\"@id\":\"https:\\\/\\\/www.ringier.com\\\/de\\\/energy-zuerich-moderatorin-anja-schaeublin-laeuft-von-zuerich-nach-luzern\\\/#breadcrumb\"},\"inLanguage\":\"de-DE\",\"potentialAction\":[{\"@type\":\"ReadAction\",\"target\":[\"https:\\\/\\\/www.ringier.com\\\/de\\\/energy-zuerich-moderatorin-anja-schaeublin-laeuft-von-zuerich-nach-luzern\\\/\"]}]},{\"@type\":\"ImageObject\",\"inLanguage\":\"de-DE\",\"@id\":\"https:\\\/\\\/www.ringier.com\\\/de\\\/energy-zuerich-moderatorin-anja-schaeublin-laeuft-von-zuerich-nach-luzern\\\/#primaryimage\",\"url\":\"https:\\\/\\\/www.ringier.com\\\/wp-content\\\/uploads\\\/2026\\\/08\\\/Energy_Anja_lauft_zum_Energy_Air_MM.png\",\"contentUrl\":\"https:\\\/\\\/www.ringier.com\\\/wp-content\\\/uploads\\\/2026\\\/08\\\/Energy_Anja_lauft_zum_Energy_Air_MM.png\",\"width\":1200,\"height\":630},{\"@type\":\"BreadcrumbList\",\"@id\":\"https:\\\/\\\/www.ringier.com\\\/de\\\/energy-zuerich-moderatorin-anja-schaeublin-laeuft-von-zuerich-nach-luzern\\\/#breadcrumb\",\"itemListElement\":[{\"@type\":\"ListItem\",\"position\":1,\"name\":\"Home\",\"item\":\"https:\\\/\\\/www.ringier.com\\\/de\\\/\"},{\"@type\":\"ListItem\",\"position\":2,\"name\":\"Energy Z\u00fcrich Moderatorin Anja Sch\u00e4ublin l\u00e4uft 50 Kilometer von Z\u00fcrich nach Luzern \u2013 mit prominenter Unterst\u00fctzung\"}]},{\"@type\":\"WebSite\",\"@id\":\"https:\\\/\\\/www.ringier.com\\\/de\\\/#website\",\"url\":\"https:\\\/\\\/www.ringier.com\\\/de\\\/\",\"name\":\"Ringier\",\"description\":\"We inform. We entertain. We connect\",\"publisher\":{\"@id\":\"https:\\\/\\\/www.ringier.com\\\/de\\\/#organization\"},\"potentialAction\":[{\"@type\":\"SearchAction\",\"target\":{\"@type\":\"EntryPoint\",\"urlTemplate\":\"https:\\\/\\\/www.ringier.com\\\/de\\\/?s={search_term_string}\"},\"query-input\":{\"@type\":\"PropertyValueSpecification\",\"valueRequired\":true,\"valueName\":\"search_term_string\"}}],\"inLanguage\":\"de-DE\"},{\"@type\":\"Organization\",\"@id\":\"https:\\\/\\\/www.ringier.com\\\/de\\\/#organization\",\"name\":\"Ringier\",\"url\":\"https:\\\/\\\/www.ringier.com\\\/de\\\/\",\"logo\":{\"@type\":\"ImageObject\",\"inLanguage\":\"de-DE\",\"@id\":\"https:\\\/\\\/www.ringier.com\\\/de\\\/#\\\/schema\\\/logo\\\/image\\\/\",\"url\":\"https:\\\/\\\/www.ringier.com\\\/wp-content\\\/uploads\\\/2021\\\/10\\\/ringier_logo_2.jpg\",\"contentUrl\":\"https:\\\/\\\/www.ringier.com\\\/wp-content\\\/uploads\\\/2021\\\/10\\\/ringier_logo_2.jpg\",\"width\":750,\"height\":550,\"caption\":\"Ringier\"},\"image\":{\"@id\":\"https:\\\/\\\/www.ringier.com\\\/de\\\/#\\\/schema\\\/logo\\\/image\\\/\"},\"sameAs\":[\"https:\\\/\\\/www.facebook.com\\\/ringierag\\\/\",\"https:\\\/\\\/x.com\\\/ringier_ag\",\"https:\\\/\\\/www.instagram.com\\\/ringier_ag\\\/\",\"https:\\\/\\\/www.linkedin.com\\\/company\\\/ringier\\\/\",\"https:\\\/\\\/www.youtube.com\\\/user\\\/RingierComm\",\"https:\\\/\\\/en.wikipedia.org\\\/wiki\\\/Ringier\",\"https:\\\/\\\/de.wikipedia.org\\\/wiki\\\/Ringier\",\"https:\\\/\\\/fr.wikipedia.org\\\/wiki\\\/Ringier\",\"https:\\\/\\\/www.crunchbase.com\\\/organization\\\/ringier-ag\"]},{\"@type\":\"Person\",\"@id\":\"https:\\\/\\\/www.ringier.com\\\/de\\\/#\\\/schema\\\/person\\\/3b9b5629ef22bc81a07ec50281cc01d3\",\"name\":\"Maria Faessler\",\"image\":{\"@type\":\"ImageObject\",\"inLanguage\":\"de-DE\",\"@id\":\"https:\\\/\\\/secure.gravatar.com\\\/avatar\\\/c647814a317915ed9f429594bf9164cf1ebb047b1fa4972b0748b565e0974d56?s=96&d=mm&r=g\",\"url\":\"https:\\\/\\\/secure.gravatar.com\\\/avatar\\\/c647814a317915ed9f429594bf9164cf1ebb047b1fa4972b0748b565e0974d56?s=96&d=mm&r=g\",\"contentUrl\":\"https:\\\/\\\/secure.gravatar.com\\\/avatar\\\/c647814a317915ed9f429594bf9164cf1ebb047b1fa4972b0748b565e0974d56?s=96&d=mm&r=g\",\"caption\":\"Maria Faessler\"}}]}<\/script>\n<!-- \/ Yoast SEO Premium plugin. -->","yoast_head_json":{"title":"Energy Z\u00fcrich Moderatorin Anja Sch\u00e4ublin l\u00e4uft 50 Kilometer von Z\u00fcrich nach Luzern \u2013 mit prominenter Unterst\u00fctzung - Ringier","description":"50 Kilometer zu Fuss, von Z\u00fcrich bis auf die Allmend in Luzern: Energy Z\u00fcrich Moderatorin Anja Sch\u00e4ublin stellt sich einer besonderen Herausforderung. Mit Blick auf das grosse Energy Air am 5. September in Luzern macht sie sich bereits am 1. September zu Fuss auf den Weg und will noch am selben Abend ihr Ziel erreichen.","robots":{"index":"index","follow":"follow","max-snippet":"max-snippet:-1","max-image-preview":"max-image-preview:large","max-video-preview":"max-video-preview:-1"},"canonical":"https:\/\/www.ringier.com\/de\/energy-zuerich-moderatorin-anja-schaeublin-laeuft-von-zuerich-nach-luzern\/","og_locale":"de_DE","og_type":"article","og_title":"Energy Z\u00fcrich Moderatorin Anja Sch\u00e4ublin l\u00e4uft 50 Kilometer von Z\u00fcrich nach Luzern \u2013 mit prominenter Unterst\u00fctzung","og_description":"50 Kilometer zu Fuss, von Z\u00fcrich bis auf die Allmend in Luzern: Energy Z\u00fcrich Moderatorin Anja Sch\u00e4ublin stellt sich einer besonderen Herausforderung. Mit Blick auf das grosse Energy Air am 5. September in Luzern macht sie sich bereits am 1. September zu Fuss auf den Weg und will noch am selben Abend ihr Ziel erreichen.","og_url":"https:\/\/www.ringier.com\/de\/energy-zuerich-moderatorin-anja-schaeublin-laeuft-von-zuerich-nach-luzern\/","og_site_name":"Ringier","article_publisher":"https:\/\/www.facebook.com\/ringierag\/","article_published_time":"2026-09-02T09:41:48+00:00","article_modified_time":"2026-09-02T09:41:49+00:00","og_image":[{"width":1200,"height":630,"url":"https:\/\/www.ringier.com\/wp-content\/uploads\/2026\/08\/Energy_Anja_lauft_zum_Energy_Air_MM.png","type":"image\/png"}],"author":"Maria Faessler","twitter_card":"summary_large_image","twitter_creator":"@ringier_ag","twitter_site":"@ringier_ag","twitter_misc":{"Verfasst von":"Maria Faessler","Gesch\u00e4tzte Lesezeit":"2 Minuten"},"schema":{"@context":"https:\/\/schema.org","@graph":[{"@type":"Article","@id":"https:\/\/www.ringier.com\/de\/energy-zuerich-moderatorin-anja-schaeublin-laeuft-von-zuerich-nach-luzern\/#article","isPartOf":{"@id":"https:\/\/www.ringier.com\/de\/energy-zuerich-moderatorin-anja-schaeublin-laeuft-von-zuerich-nach-luzern\/"},"author":{"name":"Maria Faessler","@id":"https:\/\/www.ringier.com\/de\/#\/schema\/person\/3b9b5629ef22bc81a07ec50281cc01d3"},"headline":"Energy Z\u00fcrich Moderatorin Anja Sch\u00e4ublin l\u00e4uft 50 Kilometer von Z\u00fcrich nach Luzern \u2013 mit prominenter Unterst\u00fctzung","datePublished":"2026-09-02T09:41:48+00:00","dateModified":"2026-09-02T09:41:49+00:00","mainEntityOfPage":{"@id":"https:\/\/www.ringier.com\/de\/energy-zuerich-moderatorin-anja-schaeublin-laeuft-von-zuerich-nach-luzern\/"},"wordCount":361,"publisher":{"@id":"https:\/\/www.ringier.com\/de\/#organization"},"image":{"@id":"https:\/\/www.ringier.com\/de\/energy-zuerich-moderatorin-anja-schaeublin-laeuft-von-zuerich-nach-luzern\/#primaryimage"},"thumbnailUrl":"https:\/\/www.ringier.com\/wp-content\/uploads\/2026\/08\/Energy_Anja_lauft_zum_Energy_Air_MM.png","articleSection":["Ringier Medien Schweiz"],"inLanguage":"de-DE"},{"@type":"WebPage","@id":"https:\/\/www.ringier.com\/de\/energy-zuerich-moderatorin-anja-schaeublin-laeuft-von-zuerich-nach-luzern\/","url":"https:\/\/www.ringier.com\/de\/energy-zuerich-moderatorin-anja-schaeublin-laeuft-von-zuerich-nach-luzern\/","name":"Energy Z\u00fcrich Moderatorin Anja Sch\u00e4ublin l\u00e4uft 50 Kilometer von Z\u00fcrich nach Luzern \u2013 mit prominenter Unterst\u00fctzung - Ringier","isPartOf":{"@id":"https:\/\/www.ringier.com\/de\/#website"},"primaryImageOfPage":{"@id":"https:\/\/www.ringier.com\/de\/energy-zuerich-moderatorin-anja-schaeublin-laeuft-von-zuerich-nach-luzern\/#primaryimage"},"image":{"@id":"https:\/\/www.ringier.com\/de\/energy-zuerich-moderatorin-anja-schaeublin-laeuft-von-zuerich-nach-luzern\/#primaryimage"},"thumbnailUrl":"https:\/\/www.ringier.com\/wp-content\/uploads\/2026\/08\/Energy_Anja_lauft_zum_Energy_Air_MM.png","datePublished":"2026-09-02T09:41:48+00:00","dateModified":"2026-09-02T09:41:49+00:00","description":"50 Kilometer zu Fuss, von Z\u00fcrich bis auf die Allmend in Luzern: Energy Z\u00fcrich Moderatorin Anja Sch\u00e4ublin stellt sich einer besonderen Herausforderung. Mit Blick auf das grosse Energy Air am 5. September in Luzern macht sie sich bereits am 1. September zu Fuss auf den Weg und will noch am selben Abend ihr Ziel erreichen.","breadcrumb":{"@id":"https:\/\/www.ringier.com\/de\/energy-zuerich-moderatorin-anja-schaeublin-laeuft-von-zuerich-nach-luzern\/#breadcrumb"},"inLanguage":"de-DE","potentialAction":[{"@type":"ReadAction","target":["https:\/\/www.ringier.com\/de\/energy-zuerich-moderatorin-anja-schaeublin-laeuft-von-zuerich-nach-luzern\/"]}]},{"@type":"ImageObject","inLanguage":"de-DE","@id":"https:\/\/www.ringier.com\/de\/energy-zuerich-moderatorin-anja-schaeublin-laeuft-von-zuerich-nach-luzern\/#primaryimage","url":"https:\/\/www.ringier.com\/wp-content\/uploads\/2026\/08\/Energy_Anja_lauft_zum_Energy_Air_MM.png","contentUrl":"https:\/\/www.ringier.com\/wp-content\/uploads\/2026\/08\/Energy_Anja_lauft_zum_Energy_Air_MM.png","width":1200,"height":630},{"@type":"BreadcrumbList","@id":"https:\/\/www.ringier.com\/de\/energy-zuerich-moderatorin-anja-schaeublin-laeuft-von-zuerich-nach-luzern\/#breadcrumb","itemListElement":[{"@type":"ListItem","position":1,"name":"Home","item":"https:\/\/www.ringier.com\/de\/"},{"@type":"ListItem","position":2,"name":"Energy Z\u00fcrich Moderatorin Anja Sch\u00e4ublin l\u00e4uft 50 Kilometer von Z\u00fcrich nach Luzern \u2013 mit prominenter Unterst\u00fctzung"}]},{"@type":"WebSite","@id":"https:\/\/www.ringier.com\/de\/#website","url":"https:\/\/www.ringier.com\/de\/","name":"Ringier","description":"We inform. We entertain. We connect","publisher":{"@id":"https:\/\/www.ringier.com\/de\/#organization"},"potentialAction":[{"@type":"SearchAction","target":{"@type":"EntryPoint","urlTemplate":"https:\/\/www.ringier.com\/de\/?s={search_term_string}"},"query-input":{"@type":"PropertyValueSpecification","valueRequired":true,"valueName":"search_term_string"}}],"inLanguage":"de-DE"},{"@type":"Organization","@id":"https:\/\/www.ringier.com\/de\/#organization","name":"Ringier","url":"https:\/\/www.ringier.com\/de\/","logo":{"@type":"ImageObject","inLanguage":"de-DE","@id":"https:\/\/www.ringier.com\/de\/#\/schema\/logo\/image\/","url":"https:\/\/www.ringier.com\/wp-content\/uploads\/2021\/10\/ringier_logo_2.jpg","contentUrl":"https:\/\/www.ringier.com\/wp-content\/uploads\/2021\/10\/ringier_logo_2.jpg","width":750,"height":550,"caption":"Ringier"},"image":{"@id":"https:\/\/www.ringier.com\/de\/#\/schema\/logo\/image\/"},"sameAs":["https:\/\/www.facebook.com\/ringierag\/","https:\/\/x.com\/ringier_ag","https:\/\/www.instagram.com\/ringier_ag\/","https:\/\/www.linkedin.com\/company\/ringier\/","https:\/\/www.youtube.com\/user\/RingierComm","https:\/\/en.wikipedia.org\/wiki\/Ringier","https:\/\/de.wikipedia.org\/wiki\/Ringier","https:\/\/fr.wikipedia.org\/wiki\/Ringier","https:\/\/www.crunchbase.com\/organization\/ringier-ag"]},{"@type":"Person","@id":"https:\/\/www.ringier.com\/de\/#\/schema\/person\/3b9b5629ef22bc81a07ec50281cc01d3","name":"Maria Faessler","image":{"@type":"ImageObject","inLanguage":"de-DE","@id":"https:\/\/secure.gravatar.com\/avatar\/c647814a317915ed9f429594bf9164cf1ebb047b1fa4972b0748b565e0974d56?s=96&d=mm&r=g","url":"https:\/\/secure.gravatar.com\/avatar\/c647814a317915ed9f429594bf9164cf1ebb047b1fa4972b0748b565e0974d56?s=96&d=mm&r=g","contentUrl":"https:\/\/secure.gravatar.com\/avatar\/c647814a317915ed9f429594bf9164cf1ebb047b1fa4972b0748b565e0974d56?s=96&d=mm&r=g","caption":"Maria Faessler"}}]}},"_links":{"self":[{"href":"https:\/\/www.ringier.com\/de\/wp-json\/wp\/v2\/posts\/24137","targetHints":{"allow":["GET"]}}],"collection":[{"href":"https:\/\/www.ringier.com\/de\/wp-json\/wp\/v2\/posts"}],"about":[{"href":"https:\/\/www.ringier.com\/de\/wp-json\/wp\/v2\/types\/post"}],"author":[{"embeddable":true,"href":"https:\/\/www.ringier.com\/de\/wp-json\/wp\/v2\/users\/35"}],"replies":[{"embeddable":true,"href":"https:\/\/www.ringier.com\/de\/wp-json\/wp\/v2\/comments?post=24137"}],"version-history":[{"count":1,"href":"https:\/\/www.ringier.com\/de\/wp-json\/wp\/v2\/posts\/24137\/revisions"}],"predecessor-version":[{"id":24138,"href":"https:\/\/www.ringier.com\/de\/wp-json\/wp\/v2\/posts\/24137\/revisions\/24138"}],"wp:featuredmedia":[{"embeddable":true,"href":"https:\/\/www.ringier.com\/de\/wp-json\/wp\/v2\/media\/24177"}],"wp:attachment":[{"href":"https:\/\/www.ringier.com\/de\/wp-json\/wp\/v2\/media?parent=24137"}],"wp:term":[{"taxonomy":"category","embeddable":true,"href":"https:\/\/www.ringier.com\/de\/wp-json\/wp\/v2\/categories?post=24137"},{"taxonomy":"post_tag","embeddable":true,"href":"https:\/\/www.ringier.com\/de\/wp-json\/wp\/v2\/tags?post=24137"}],"curies":[{"name":"wp","href":"https:\/\/api.w.org\/{rel}","templated":true}]}}