{"id":23650,"date":"2026-04-22T14:00:00","date_gmt":"2026-04-22T12:00:00","guid":{"rendered":"https:\/\/www.ringier.com\/?p=23650"},"modified":"2026-04-22T11:39:20","modified_gmt":"2026-04-22T09:39:20","slug":"stark-vereint-ringier-medien-schweiz-bringt-wirtschafts-und-people-journalismus-auf-seine-top-plattformen","status":"publish","type":"post","link":"https:\/\/www.ringier.com\/de\/stark-vereint-ringier-medien-schweiz-bringt-wirtschafts-und-people-journalismus-auf-seine-top-plattformen\/","title":{"rendered":"Stark vereint: Ringier Medien Schweiz bringt Wirtschafts- und People-Journalismus auf seine Top-Plattformen"},"content":{"rendered":"\n<p>Im Zuge der B\u00fcndelung der digitalen Wirtschaftsberichterstattung wechselt der bisherige Online-Auftritt von <a href=\"https:\/\/www.handelszeitung.ch\/\" type=\"link\" id=\"https:\/\/www.handelszeitung.ch\/\">handelszeitung.ch<\/a> ab heute auf <a href=\"https:\/\/www.bilanz.ch\/\" type=\"link\" id=\"https:\/\/www.bilanz.ch\/\">bilanz.ch<\/a>. Die Userinnen und User profitieren durch den Umzug nicht nur weiter in der gewohnten Tiefe von Berichten und Analysen \u00fcber die Schweizer Wirtschaft, sondern k\u00f6nnen auch exklusive Recherchen der BILANZ und dank einer Kooperation zudem Inhalte des \u00abWall Street Journal\u00bb nutzen. Das Digital-Abonnement bietet zudem Zugriff auf die E-Paper-Ausgaben von BILANZ und der Handelszeitung.<\/p>\n\n\n\n<p>Die redaktionelle Eigenst\u00e4ndigkeit der Titel bleibt auch unter dem neuen digitalen Auftritt vollumf\u00e4nglich gewahrt. Das Team der Handelszeitung berichtet weiterhin in gewohnter Tiefe \u00fcber die Schweizer Wirtschaft und ihre M\u00e4rkte. Die gedruckte Ausgabe erscheint unver\u00e4ndert im zweiw\u00f6chentlichen Rhythmus.<\/p>\n\n\n\n<p>Nach dem gleichen Prinzip wurde der Digital-Auftritt der Schweizer Illustrierten neu ausgerichtet. Die aktuelle Berichterstattung aus der Welt der Stars und Prominenten findet neu auf <a href=\"https:\/\/www.blick.ch\/\">blick.ch<\/a> statt, wo sie von der hohen Reichweite des Portals profitiert. Parallel dazu konzentriert die Schweizer Illustrierte ihre digitalen Eigenaktivit\u00e4ten auf Social Media und Newsletter, um ihre Community direkt in deren bevorzugten Kan\u00e4len anzusprechen.<\/p>\n\n\n\n<p><strong>Ladina Heimgartner, CEO Ringier Medien Schweiz:<\/strong> \u00abWir haben starke Plattformen, und wir haben starke Titel. Die Frage war: Wie bringen wir beides konsequent zusammen, statt parallel nebeneinander zu fahren? Ich will ehrlich sein: Es ist sehr teuer, bei Wirtschaft und bei People jeweils zwei Websites parallel zu betreiben \u2013 an Technik, an Vermarktung, an Aufmerksamkeit. Diese Ressourcen investieren wir lieber dort, wo unsere Marken unmittelbar wirken: in Journalismus, Newsletter, Podcasts und Events. Die Handelszeitung auf bilanz.ch erreicht mehr Menschen, ohne ihre Tiefe zu verlieren. Dasselbe gilt f\u00fcr die Schweizer Illustrierte auf blick.ch. Die Redaktionen arbeiten weiter wie bisher, nur das Schaufenster wird gr\u00f6sser. Das ist ein Vorteil, den nicht jedes Medienhaus hat, und wir nutzen ihn jetzt.\u00bb<\/p>\n","protected":false},"excerpt":{"rendered":"<p>Ringier Medien Schweiz b\u00fcndelt seine digitalen Aktivit\u00e4ten und integriert die Wirtschaftsberichterstattung von handelszeitung.ch auf der gemeinsamen Plattform bilanz.ch. Dort finden sich ab heute alle Analysen, Berichte und tagesaktuellen Wirtschafts-Inhalte der Handelszeitung. Auch der Digital-Auftritt der Schweizer Illustrierten wird neu ausgerichtet, aktuelle People-Inhalte finden sich ab sofort auf blick.ch.    <\/p>\n","protected":false},"author":35,"featured_media":23651,"comment_status":"closed","ping_status":"open","sticky":false,"template":"","format":"standard","meta":{"inline_featured_image":false,"footnotes":""},"categories":[3],"tags":[],"class_list":["post-23650","post","type-post","status-publish","format-standard","has-post-thumbnail","hentry","category-unkategorisiert"],"yoast_head":"<!-- This site is optimized with the Yoast SEO Premium plugin v27.0 (Yoast SEO v27.0) - https:\/\/yoast.com\/product\/yoast-seo-premium-wordpress\/ -->\n<title>Stark vereint: Ringier Medien Schweiz bringt Wirtschafts- und People-Journalismus auf seine Top-Plattformen - Ringier<\/title>\n<meta name=\"description\" content=\"Ringier Medien Schweiz b\u00fcndelt seine digitalen Aktivit\u00e4ten und integriert die Wirtschaftsberichterstattung von handelszeitung.ch auf der gemeinsamen Plattform bilanz.ch. Dort finden sich ab heute alle Analysen, Berichte und tagesaktuellen Wirtschafts-Inhalte der Handelszeitung. Auch der Digital-Auftritt der Schweizer Illustrierten wird neu ausgerichtet, aktuelle People-Inhalte finden sich ab sofort auf blick.ch.\" \/>\n<meta name=\"robots\" content=\"index, follow, max-snippet:-1, max-image-preview:large, max-video-preview:-1\" \/>\n<link rel=\"canonical\" href=\"https:\/\/www.ringier.com\/de\/stark-vereint-ringier-medien-schweiz-bringt-wirtschafts-und-people-journalismus-auf-seine-top-plattformen\/\" \/>\n<meta property=\"og:locale\" content=\"de_DE\" \/>\n<meta property=\"og:type\" content=\"article\" \/>\n<meta property=\"og:title\" content=\"Stark vereint: Ringier Medien Schweiz bringt Wirtschafts- und People-Journalismus auf seine Top-Plattformen\" \/>\n<meta property=\"og:description\" content=\"Ringier Medien Schweiz b\u00fcndelt seine digitalen Aktivit\u00e4ten und integriert die Wirtschaftsberichterstattung von handelszeitung.ch auf der gemeinsamen Plattform bilanz.ch. Dort finden sich ab heute alle Analysen, Berichte und tagesaktuellen Wirtschafts-Inhalte der Handelszeitung. Auch der Digital-Auftritt der Schweizer Illustrierten wird neu ausgerichtet, aktuelle People-Inhalte finden sich ab sofort auf blick.ch.\" \/>\n<meta property=\"og:url\" content=\"https:\/\/www.ringier.com\/de\/stark-vereint-ringier-medien-schweiz-bringt-wirtschafts-und-people-journalismus-auf-seine-top-plattformen\/\" \/>\n<meta property=\"og:site_name\" content=\"Ringier\" \/>\n<meta property=\"article:publisher\" content=\"https:\/\/www.facebook.com\/ringierag\/\" \/>\n<meta property=\"article:published_time\" content=\"2026-04-22T12:00:00+00:00\" \/>\n<meta property=\"og:image\" content=\"https:\/\/www.ringier.com\/wp-content\/uploads\/2026\/04\/MM_Integration.jpg\" \/>\n\t<meta property=\"og:image:width\" content=\"1200\" \/>\n\t<meta property=\"og:image:height\" content=\"630\" \/>\n\t<meta property=\"og:image:type\" content=\"image\/jpeg\" \/>\n<meta name=\"author\" content=\"Maria Faessler\" \/>\n<meta name=\"twitter:card\" content=\"summary_large_image\" \/>\n<meta name=\"twitter:creator\" content=\"@ringier_ag\" \/>\n<meta name=\"twitter:site\" content=\"@ringier_ag\" \/>\n<meta name=\"twitter:label1\" content=\"Verfasst von\" \/>\n\t<meta name=\"twitter:data1\" content=\"Maria Faessler\" \/>\n\t<meta name=\"twitter:label2\" content=\"Gesch\u00e4tzte Lesezeit\" \/>\n\t<meta name=\"twitter:data2\" content=\"2 Minuten\" \/>\n<script type=\"application\/ld+json\" class=\"yoast-schema-graph\">{\"@context\":\"https:\/\/schema.org\",\"@graph\":[{\"@type\":\"Article\",\"@id\":\"https:\/\/www.ringier.com\/de\/stark-vereint-ringier-medien-schweiz-bringt-wirtschafts-und-people-journalismus-auf-seine-top-plattformen\/#article\",\"isPartOf\":{\"@id\":\"https:\/\/www.ringier.com\/de\/stark-vereint-ringier-medien-schweiz-bringt-wirtschafts-und-people-journalismus-auf-seine-top-plattformen\/\"},\"author\":{\"name\":\"Maria Faessler\",\"@id\":\"https:\/\/www.ringier.com\/de\/#\/schema\/person\/3b9b5629ef22bc81a07ec50281cc01d3\"},\"headline\":\"Stark vereint: Ringier Medien Schweiz bringt Wirtschafts- und People-Journalismus auf seine Top-Plattformen\",\"datePublished\":\"2026-04-22T12:00:00+00:00\",\"mainEntityOfPage\":{\"@id\":\"https:\/\/www.ringier.com\/de\/stark-vereint-ringier-medien-schweiz-bringt-wirtschafts-und-people-journalismus-auf-seine-top-plattformen\/\"},\"wordCount\":312,\"publisher\":{\"@id\":\"https:\/\/www.ringier.com\/de\/#organization\"},\"image\":{\"@id\":\"https:\/\/www.ringier.com\/de\/stark-vereint-ringier-medien-schweiz-bringt-wirtschafts-und-people-journalismus-auf-seine-top-plattformen\/#primaryimage\"},\"thumbnailUrl\":\"https:\/\/www.ringier.com\/wp-content\/uploads\/2026\/04\/MM_Integration.jpg\",\"articleSection\":[\"Unkategorisiert\"],\"inLanguage\":\"de-DE\"},{\"@type\":\"WebPage\",\"@id\":\"https:\/\/www.ringier.com\/de\/stark-vereint-ringier-medien-schweiz-bringt-wirtschafts-und-people-journalismus-auf-seine-top-plattformen\/\",\"url\":\"https:\/\/www.ringier.com\/de\/stark-vereint-ringier-medien-schweiz-bringt-wirtschafts-und-people-journalismus-auf-seine-top-plattformen\/\",\"name\":\"Stark vereint: Ringier Medien Schweiz bringt Wirtschafts- und People-Journalismus auf seine Top-Plattformen - Ringier\",\"isPartOf\":{\"@id\":\"https:\/\/www.ringier.com\/de\/#website\"},\"primaryImageOfPage\":{\"@id\":\"https:\/\/www.ringier.com\/de\/stark-vereint-ringier-medien-schweiz-bringt-wirtschafts-und-people-journalismus-auf-seine-top-plattformen\/#primaryimage\"},\"image\":{\"@id\":\"https:\/\/www.ringier.com\/de\/stark-vereint-ringier-medien-schweiz-bringt-wirtschafts-und-people-journalismus-auf-seine-top-plattformen\/#primaryimage\"},\"thumbnailUrl\":\"https:\/\/www.ringier.com\/wp-content\/uploads\/2026\/04\/MM_Integration.jpg\",\"datePublished\":\"2026-04-22T12:00:00+00:00\",\"description\":\"Ringier Medien Schweiz b\u00fcndelt seine digitalen Aktivit\u00e4ten und integriert die Wirtschaftsberichterstattung von handelszeitung.ch auf der gemeinsamen Plattform bilanz.ch. Dort finden sich ab heute alle Analysen, Berichte und tagesaktuellen Wirtschafts-Inhalte der Handelszeitung. Auch der Digital-Auftritt der Schweizer Illustrierten wird neu ausgerichtet, aktuelle People-Inhalte finden sich ab sofort auf blick.ch.\",\"breadcrumb\":{\"@id\":\"https:\/\/www.ringier.com\/de\/stark-vereint-ringier-medien-schweiz-bringt-wirtschafts-und-people-journalismus-auf-seine-top-plattformen\/#breadcrumb\"},\"inLanguage\":\"de-DE\",\"potentialAction\":[{\"@type\":\"ReadAction\",\"target\":[\"https:\/\/www.ringier.com\/de\/stark-vereint-ringier-medien-schweiz-bringt-wirtschafts-und-people-journalismus-auf-seine-top-plattformen\/\"]}]},{\"@type\":\"ImageObject\",\"inLanguage\":\"de-DE\",\"@id\":\"https:\/\/www.ringier.com\/de\/stark-vereint-ringier-medien-schweiz-bringt-wirtschafts-und-people-journalismus-auf-seine-top-plattformen\/#primaryimage\",\"url\":\"https:\/\/www.ringier.com\/wp-content\/uploads\/2026\/04\/MM_Integration.jpg\",\"contentUrl\":\"https:\/\/www.ringier.com\/wp-content\/uploads\/2026\/04\/MM_Integration.jpg\",\"width\":1200,\"height\":630},{\"@type\":\"BreadcrumbList\",\"@id\":\"https:\/\/www.ringier.com\/de\/stark-vereint-ringier-medien-schweiz-bringt-wirtschafts-und-people-journalismus-auf-seine-top-plattformen\/#breadcrumb\",\"itemListElement\":[{\"@type\":\"ListItem\",\"position\":1,\"name\":\"Home\",\"item\":\"https:\/\/www.ringier.com\/de\/\"},{\"@type\":\"ListItem\",\"position\":2,\"name\":\"Stark vereint: Ringier Medien Schweiz bringt Wirtschafts- und People-Journalismus auf seine Top-Plattformen\"}]},{\"@type\":\"WebSite\",\"@id\":\"https:\/\/www.ringier.com\/de\/#website\",\"url\":\"https:\/\/www.ringier.com\/de\/\",\"name\":\"Ringier\",\"description\":\"We inform. We entertain. We connect\",\"publisher\":{\"@id\":\"https:\/\/www.ringier.com\/de\/#organization\"},\"potentialAction\":[{\"@type\":\"SearchAction\",\"target\":{\"@type\":\"EntryPoint\",\"urlTemplate\":\"https:\/\/www.ringier.com\/de\/?s={search_term_string}\"},\"query-input\":{\"@type\":\"PropertyValueSpecification\",\"valueRequired\":true,\"valueName\":\"search_term_string\"}}],\"inLanguage\":\"de-DE\"},{\"@type\":\"Organization\",\"@id\":\"https:\/\/www.ringier.com\/de\/#organization\",\"name\":\"Ringier\",\"url\":\"https:\/\/www.ringier.com\/de\/\",\"logo\":{\"@type\":\"ImageObject\",\"inLanguage\":\"de-DE\",\"@id\":\"https:\/\/www.ringier.com\/de\/#\/schema\/logo\/image\/\",\"url\":\"https:\/\/www.ringier.com\/wp-content\/uploads\/2021\/10\/ringier_logo_2.jpg\",\"contentUrl\":\"https:\/\/www.ringier.com\/wp-content\/uploads\/2021\/10\/ringier_logo_2.jpg\",\"width\":750,\"height\":550,\"caption\":\"Ringier\"},\"image\":{\"@id\":\"https:\/\/www.ringier.com\/de\/#\/schema\/logo\/image\/\"},\"sameAs\":[\"https:\/\/www.facebook.com\/ringierag\/\",\"https:\/\/x.com\/ringier_ag\",\"https:\/\/www.instagram.com\/ringier_ag\/\",\"https:\/\/www.linkedin.com\/company\/ringier\/\",\"https:\/\/www.youtube.com\/user\/RingierComm\",\"https:\/\/en.wikipedia.org\/wiki\/Ringier\",\"https:\/\/de.wikipedia.org\/wiki\/Ringier\",\"https:\/\/fr.wikipedia.org\/wiki\/Ringier\",\"https:\/\/www.crunchbase.com\/organization\/ringier-ag\"]},{\"@type\":\"Person\",\"@id\":\"https:\/\/www.ringier.com\/de\/#\/schema\/person\/3b9b5629ef22bc81a07ec50281cc01d3\",\"name\":\"Maria Faessler\",\"image\":{\"@type\":\"ImageObject\",\"inLanguage\":\"de-DE\",\"@id\":\"https:\/\/www.ringier.com\/de\/#\/schema\/person\/image\/\",\"url\":\"https:\/\/secure.gravatar.com\/avatar\/c647814a317915ed9f429594bf9164cf1ebb047b1fa4972b0748b565e0974d56?s=96&d=mm&r=g\",\"contentUrl\":\"https:\/\/secure.gravatar.com\/avatar\/c647814a317915ed9f429594bf9164cf1ebb047b1fa4972b0748b565e0974d56?s=96&d=mm&r=g\",\"caption\":\"Maria Faessler\"}}]}<\/script>\n<!-- \/ Yoast SEO Premium plugin. -->","yoast_head_json":{"title":"Stark vereint: Ringier Medien Schweiz bringt Wirtschafts- und People-Journalismus auf seine Top-Plattformen - Ringier","description":"Ringier Medien Schweiz b\u00fcndelt seine digitalen Aktivit\u00e4ten und integriert die Wirtschaftsberichterstattung von handelszeitung.ch auf der gemeinsamen Plattform bilanz.ch. Dort finden sich ab heute alle Analysen, Berichte und tagesaktuellen Wirtschafts-Inhalte der Handelszeitung. Auch der Digital-Auftritt der Schweizer Illustrierten wird neu ausgerichtet, aktuelle People-Inhalte finden sich ab sofort auf blick.ch.","robots":{"index":"index","follow":"follow","max-snippet":"max-snippet:-1","max-image-preview":"max-image-preview:large","max-video-preview":"max-video-preview:-1"},"canonical":"https:\/\/www.ringier.com\/de\/stark-vereint-ringier-medien-schweiz-bringt-wirtschafts-und-people-journalismus-auf-seine-top-plattformen\/","og_locale":"de_DE","og_type":"article","og_title":"Stark vereint: Ringier Medien Schweiz bringt Wirtschafts- und People-Journalismus auf seine Top-Plattformen","og_description":"Ringier Medien Schweiz b\u00fcndelt seine digitalen Aktivit\u00e4ten und integriert die Wirtschaftsberichterstattung von handelszeitung.ch auf der gemeinsamen Plattform bilanz.ch. Dort finden sich ab heute alle Analysen, Berichte und tagesaktuellen Wirtschafts-Inhalte der Handelszeitung. Auch der Digital-Auftritt der Schweizer Illustrierten wird neu ausgerichtet, aktuelle People-Inhalte finden sich ab sofort auf blick.ch.","og_url":"https:\/\/www.ringier.com\/de\/stark-vereint-ringier-medien-schweiz-bringt-wirtschafts-und-people-journalismus-auf-seine-top-plattformen\/","og_site_name":"Ringier","article_publisher":"https:\/\/www.facebook.com\/ringierag\/","article_published_time":"2026-04-22T12:00:00+00:00","og_image":[{"width":1200,"height":630,"url":"https:\/\/www.ringier.com\/wp-content\/uploads\/2026\/04\/MM_Integration.jpg","type":"image\/jpeg"}],"author":"Maria Faessler","twitter_card":"summary_large_image","twitter_creator":"@ringier_ag","twitter_site":"@ringier_ag","twitter_misc":{"Verfasst von":"Maria Faessler","Gesch\u00e4tzte Lesezeit":"2 Minuten"},"schema":{"@context":"https:\/\/schema.org","@graph":[{"@type":"Article","@id":"https:\/\/www.ringier.com\/de\/stark-vereint-ringier-medien-schweiz-bringt-wirtschafts-und-people-journalismus-auf-seine-top-plattformen\/#article","isPartOf":{"@id":"https:\/\/www.ringier.com\/de\/stark-vereint-ringier-medien-schweiz-bringt-wirtschafts-und-people-journalismus-auf-seine-top-plattformen\/"},"author":{"name":"Maria Faessler","@id":"https:\/\/www.ringier.com\/de\/#\/schema\/person\/3b9b5629ef22bc81a07ec50281cc01d3"},"headline":"Stark vereint: Ringier Medien Schweiz bringt Wirtschafts- und People-Journalismus auf seine Top-Plattformen","datePublished":"2026-04-22T12:00:00+00:00","mainEntityOfPage":{"@id":"https:\/\/www.ringier.com\/de\/stark-vereint-ringier-medien-schweiz-bringt-wirtschafts-und-people-journalismus-auf-seine-top-plattformen\/"},"wordCount":312,"publisher":{"@id":"https:\/\/www.ringier.com\/de\/#organization"},"image":{"@id":"https:\/\/www.ringier.com\/de\/stark-vereint-ringier-medien-schweiz-bringt-wirtschafts-und-people-journalismus-auf-seine-top-plattformen\/#primaryimage"},"thumbnailUrl":"https:\/\/www.ringier.com\/wp-content\/uploads\/2026\/04\/MM_Integration.jpg","articleSection":["Unkategorisiert"],"inLanguage":"de-DE"},{"@type":"WebPage","@id":"https:\/\/www.ringier.com\/de\/stark-vereint-ringier-medien-schweiz-bringt-wirtschafts-und-people-journalismus-auf-seine-top-plattformen\/","url":"https:\/\/www.ringier.com\/de\/stark-vereint-ringier-medien-schweiz-bringt-wirtschafts-und-people-journalismus-auf-seine-top-plattformen\/","name":"Stark vereint: Ringier Medien Schweiz bringt Wirtschafts- und People-Journalismus auf seine Top-Plattformen - Ringier","isPartOf":{"@id":"https:\/\/www.ringier.com\/de\/#website"},"primaryImageOfPage":{"@id":"https:\/\/www.ringier.com\/de\/stark-vereint-ringier-medien-schweiz-bringt-wirtschafts-und-people-journalismus-auf-seine-top-plattformen\/#primaryimage"},"image":{"@id":"https:\/\/www.ringier.com\/de\/stark-vereint-ringier-medien-schweiz-bringt-wirtschafts-und-people-journalismus-auf-seine-top-plattformen\/#primaryimage"},"thumbnailUrl":"https:\/\/www.ringier.com\/wp-content\/uploads\/2026\/04\/MM_Integration.jpg","datePublished":"2026-04-22T12:00:00+00:00","description":"Ringier Medien Schweiz b\u00fcndelt seine digitalen Aktivit\u00e4ten und integriert die Wirtschaftsberichterstattung von handelszeitung.ch auf der gemeinsamen Plattform bilanz.ch. Dort finden sich ab heute alle Analysen, Berichte und tagesaktuellen Wirtschafts-Inhalte der Handelszeitung. Auch der Digital-Auftritt der Schweizer Illustrierten wird neu ausgerichtet, aktuelle People-Inhalte finden sich ab sofort auf blick.ch.","breadcrumb":{"@id":"https:\/\/www.ringier.com\/de\/stark-vereint-ringier-medien-schweiz-bringt-wirtschafts-und-people-journalismus-auf-seine-top-plattformen\/#breadcrumb"},"inLanguage":"de-DE","potentialAction":[{"@type":"ReadAction","target":["https:\/\/www.ringier.com\/de\/stark-vereint-ringier-medien-schweiz-bringt-wirtschafts-und-people-journalismus-auf-seine-top-plattformen\/"]}]},{"@type":"ImageObject","inLanguage":"de-DE","@id":"https:\/\/www.ringier.com\/de\/stark-vereint-ringier-medien-schweiz-bringt-wirtschafts-und-people-journalismus-auf-seine-top-plattformen\/#primaryimage","url":"https:\/\/www.ringier.com\/wp-content\/uploads\/2026\/04\/MM_Integration.jpg","contentUrl":"https:\/\/www.ringier.com\/wp-content\/uploads\/2026\/04\/MM_Integration.jpg","width":1200,"height":630},{"@type":"BreadcrumbList","@id":"https:\/\/www.ringier.com\/de\/stark-vereint-ringier-medien-schweiz-bringt-wirtschafts-und-people-journalismus-auf-seine-top-plattformen\/#breadcrumb","itemListElement":[{"@type":"ListItem","position":1,"name":"Home","item":"https:\/\/www.ringier.com\/de\/"},{"@type":"ListItem","position":2,"name":"Stark vereint: Ringier Medien Schweiz bringt Wirtschafts- und People-Journalismus auf seine Top-Plattformen"}]},{"@type":"WebSite","@id":"https:\/\/www.ringier.com\/de\/#website","url":"https:\/\/www.ringier.com\/de\/","name":"Ringier","description":"We inform. We entertain. We connect","publisher":{"@id":"https:\/\/www.ringier.com\/de\/#organization"},"potentialAction":[{"@type":"SearchAction","target":{"@type":"EntryPoint","urlTemplate":"https:\/\/www.ringier.com\/de\/?s={search_term_string}"},"query-input":{"@type":"PropertyValueSpecification","valueRequired":true,"valueName":"search_term_string"}}],"inLanguage":"de-DE"},{"@type":"Organization","@id":"https:\/\/www.ringier.com\/de\/#organization","name":"Ringier","url":"https:\/\/www.ringier.com\/de\/","logo":{"@type":"ImageObject","inLanguage":"de-DE","@id":"https:\/\/www.ringier.com\/de\/#\/schema\/logo\/image\/","url":"https:\/\/www.ringier.com\/wp-content\/uploads\/2021\/10\/ringier_logo_2.jpg","contentUrl":"https:\/\/www.ringier.com\/wp-content\/uploads\/2021\/10\/ringier_logo_2.jpg","width":750,"height":550,"caption":"Ringier"},"image":{"@id":"https:\/\/www.ringier.com\/de\/#\/schema\/logo\/image\/"},"sameAs":["https:\/\/www.facebook.com\/ringierag\/","https:\/\/x.com\/ringier_ag","https:\/\/www.instagram.com\/ringier_ag\/","https:\/\/www.linkedin.com\/company\/ringier\/","https:\/\/www.youtube.com\/user\/RingierComm","https:\/\/en.wikipedia.org\/wiki\/Ringier","https:\/\/de.wikipedia.org\/wiki\/Ringier","https:\/\/fr.wikipedia.org\/wiki\/Ringier","https:\/\/www.crunchbase.com\/organization\/ringier-ag"]},{"@type":"Person","@id":"https:\/\/www.ringier.com\/de\/#\/schema\/person\/3b9b5629ef22bc81a07ec50281cc01d3","name":"Maria Faessler","image":{"@type":"ImageObject","inLanguage":"de-DE","@id":"https:\/\/www.ringier.com\/de\/#\/schema\/person\/image\/","url":"https:\/\/secure.gravatar.com\/avatar\/c647814a317915ed9f429594bf9164cf1ebb047b1fa4972b0748b565e0974d56?s=96&d=mm&r=g","contentUrl":"https:\/\/secure.gravatar.com\/avatar\/c647814a317915ed9f429594bf9164cf1ebb047b1fa4972b0748b565e0974d56?s=96&d=mm&r=g","caption":"Maria Faessler"}}]}},"_links":{"self":[{"href":"https:\/\/www.ringier.com\/de\/wp-json\/wp\/v2\/posts\/23650","targetHints":{"allow":["GET"]}}],"collection":[{"href":"https:\/\/www.ringier.com\/de\/wp-json\/wp\/v2\/posts"}],"about":[{"href":"https:\/\/www.ringier.com\/de\/wp-json\/wp\/v2\/types\/post"}],"author":[{"embeddable":true,"href":"https:\/\/www.ringier.com\/de\/wp-json\/wp\/v2\/users\/35"}],"replies":[{"embeddable":true,"href":"https:\/\/www.ringier.com\/de\/wp-json\/wp\/v2\/comments?post=23650"}],"version-history":[{"count":0,"href":"https:\/\/www.ringier.com\/de\/wp-json\/wp\/v2\/posts\/23650\/revisions"}],"wp:featuredmedia":[{"embeddable":true,"href":"https:\/\/www.ringier.com\/de\/wp-json\/wp\/v2\/media\/23651"}],"wp:attachment":[{"href":"https:\/\/www.ringier.com\/de\/wp-json\/wp\/v2\/media?parent=23650"}],"wp:term":[{"taxonomy":"category","embeddable":true,"href":"https:\/\/www.ringier.com\/de\/wp-json\/wp\/v2\/categories?post=23650"},{"taxonomy":"post_tag","embeddable":true,"href":"https:\/\/www.ringier.com\/de\/wp-json\/wp\/v2\/tags?post=23650"}],"curies":[{"name":"wp","href":"https:\/\/api.w.org\/{rel}","templated":true}]}}