{"id":23600,"date":"2026-04-09T09:00:00","date_gmt":"2026-04-09T07:00:00","guid":{"rendered":"https:\/\/www.ringier.com\/?p=23600"},"modified":"2026-04-07T13:56:04","modified_gmt":"2026-04-07T11:56:04","slug":"schweizer-illustrierte-und-lillustre-neu-bei-livesystems","status":"publish","type":"post","link":"https:\/\/www.ringier.com\/de\/schweizer-illustrierte-und-lillustre-neu-bei-livesystems\/","title":{"rendered":"Grosse Auftritte f\u00fcr unterwegs: Schweizer Illustrierte und L\u2019illustr\u00e9 neu bei Livesystems"},"content":{"rendered":"\n<p>Vorhang auf! Die Schweizer Illustrierte und L\u2019illustr\u00e9 sind so nah dran an den Pers\u00f6nlichkeiten unseres Landes wie niemand anderes. Nun r\u00fccken diese News dorthin, wo die Schweiz unterwegs ist und sich bewegt. Authentisch, nah und unterhaltsam.<\/p>\n\n\n\n<p>Der Doppel-Launch der beiden People-Titel auf \u00fcber 13\u2019000 Livesystems-Digital-Screens in der Deutsch- und Westschweiz wird von einer mehrstufigen Kampagne begleitet, die den Anspruch des \u00abn\u00e4her dran\u00bb bei Promi-News auch in kurzen Markenfilmen transportiert.<\/p>\n\n\n\n<p>Nach Blick, Beobachter, Schweizer Illustrierte und L\u2019illustr\u00e9 folgen in den kommenden Monaten weitere Marken aus dem Portfolio von Ringier Medien Schweiz, wie cash, BILANZ, Handelszeitung und PME.<\/p>\n","protected":false},"excerpt":{"rendered":"<p>Das Angebot von Livesystems und Ringier Medien Schweiz w\u00e4chst weiter: Im Rahmen der nationalen Content-Partnerschaft zeigen \u00fcber 13\u2019000 Digital-Screens in der Deutsch- und Westschweiz ab sofort auch die aktuellsten Geschichten der Schweizer Illustrierten und von L\u2019illustr\u00e9.<\/p>\n","protected":false},"author":35,"featured_media":23601,"comment_status":"closed","ping_status":"open","sticky":false,"template":"","format":"standard","meta":{"inline_featured_image":false,"footnotes":""},"categories":[361],"tags":[],"class_list":["post-23600","post","type-post","status-publish","format-standard","has-post-thumbnail","hentry","category-ringier-medien-schweiz"],"yoast_head":"<!-- This site is optimized with the Yoast SEO Premium plugin v27.0 (Yoast SEO v27.0) - https:\/\/yoast.com\/product\/yoast-seo-premium-wordpress\/ -->\n<title>Grosse Auftritte f\u00fcr unterwegs: Schweizer Illustrierte und L\u2019illustr\u00e9 neu bei Livesystems - Ringier<\/title>\n<meta name=\"description\" content=\"Das Angebot von Livesystems und Ringier Medien Schweiz w\u00e4chst weiter: Im Rahmen der nationalen Content-Partnerschaft zeigen \u00fcber 13\u2019000 Digital-Screens in der Deutsch- und Westschweiz ab sofort auch die aktuellsten Geschichten der Schweizer Illustrierten und von L\u2019illustr\u00e9.\" \/>\n<meta name=\"robots\" content=\"index, follow, max-snippet:-1, max-image-preview:large, max-video-preview:-1\" \/>\n<link rel=\"canonical\" href=\"https:\/\/www.ringier.com\/de\/schweizer-illustrierte-und-lillustre-neu-bei-livesystems\/\" \/>\n<meta property=\"og:locale\" content=\"de_DE\" \/>\n<meta property=\"og:type\" content=\"article\" \/>\n<meta property=\"og:title\" content=\"Grosse Auftritte f\u00fcr unterwegs: Schweizer Illustrierte und L\u2019illustr\u00e9 neu bei Livesystems\" \/>\n<meta property=\"og:description\" content=\"Das Angebot von Livesystems und Ringier Medien Schweiz w\u00e4chst weiter: Im Rahmen der nationalen Content-Partnerschaft zeigen \u00fcber 13\u2019000 Digital-Screens in der Deutsch- und Westschweiz ab sofort auch die aktuellsten Geschichten der Schweizer Illustrierten und von L\u2019illustr\u00e9.\" \/>\n<meta property=\"og:url\" content=\"https:\/\/www.ringier.com\/de\/schweizer-illustrierte-und-lillustre-neu-bei-livesystems\/\" \/>\n<meta property=\"og:site_name\" content=\"Ringier\" \/>\n<meta property=\"article:publisher\" content=\"https:\/\/www.facebook.com\/ringierag\/\" \/>\n<meta property=\"article:published_time\" content=\"2026-04-09T07:00:00+00:00\" \/>\n<meta property=\"og:image\" content=\"https:\/\/www.ringier.com\/wp-content\/uploads\/2026\/04\/Livesystems_SI_MM_DE.png\" \/>\n\t<meta property=\"og:image:width\" content=\"1200\" \/>\n\t<meta property=\"og:image:height\" content=\"630\" \/>\n\t<meta property=\"og:image:type\" content=\"image\/png\" \/>\n<meta name=\"author\" content=\"Maria Faessler\" \/>\n<meta name=\"twitter:card\" content=\"summary_large_image\" \/>\n<meta name=\"twitter:creator\" content=\"@ringier_ag\" \/>\n<meta name=\"twitter:site\" content=\"@ringier_ag\" \/>\n<meta name=\"twitter:label1\" content=\"Verfasst von\" \/>\n\t<meta name=\"twitter:data1\" content=\"Maria Faessler\" \/>\n\t<meta name=\"twitter:label2\" content=\"Gesch\u00e4tzte Lesezeit\" \/>\n\t<meta name=\"twitter:data2\" content=\"1 Minute\" \/>\n<script type=\"application\/ld+json\" class=\"yoast-schema-graph\">{\"@context\":\"https:\/\/schema.org\",\"@graph\":[{\"@type\":\"Article\",\"@id\":\"https:\/\/www.ringier.com\/de\/schweizer-illustrierte-und-lillustre-neu-bei-livesystems\/#article\",\"isPartOf\":{\"@id\":\"https:\/\/www.ringier.com\/de\/schweizer-illustrierte-und-lillustre-neu-bei-livesystems\/\"},\"author\":{\"name\":\"Maria Faessler\",\"@id\":\"https:\/\/www.ringier.com\/de\/#\/schema\/person\/3b9b5629ef22bc81a07ec50281cc01d3\"},\"headline\":\"Grosse Auftritte f\u00fcr unterwegs: Schweizer Illustrierte und L\u2019illustr\u00e9 neu bei Livesystems\",\"datePublished\":\"2026-04-09T07:00:00+00:00\",\"mainEntityOfPage\":{\"@id\":\"https:\/\/www.ringier.com\/de\/schweizer-illustrierte-und-lillustre-neu-bei-livesystems\/\"},\"wordCount\":113,\"publisher\":{\"@id\":\"https:\/\/www.ringier.com\/de\/#organization\"},\"image\":{\"@id\":\"https:\/\/www.ringier.com\/de\/schweizer-illustrierte-und-lillustre-neu-bei-livesystems\/#primaryimage\"},\"thumbnailUrl\":\"https:\/\/www.ringier.com\/wp-content\/uploads\/2026\/04\/Livesystems_SI_MM_DE.png\",\"articleSection\":[\"Ringier Medien Schweiz\"],\"inLanguage\":\"de-DE\"},{\"@type\":\"WebPage\",\"@id\":\"https:\/\/www.ringier.com\/de\/schweizer-illustrierte-und-lillustre-neu-bei-livesystems\/\",\"url\":\"https:\/\/www.ringier.com\/de\/schweizer-illustrierte-und-lillustre-neu-bei-livesystems\/\",\"name\":\"Grosse Auftritte f\u00fcr unterwegs: Schweizer Illustrierte und L\u2019illustr\u00e9 neu bei Livesystems - Ringier\",\"isPartOf\":{\"@id\":\"https:\/\/www.ringier.com\/de\/#website\"},\"primaryImageOfPage\":{\"@id\":\"https:\/\/www.ringier.com\/de\/schweizer-illustrierte-und-lillustre-neu-bei-livesystems\/#primaryimage\"},\"image\":{\"@id\":\"https:\/\/www.ringier.com\/de\/schweizer-illustrierte-und-lillustre-neu-bei-livesystems\/#primaryimage\"},\"thumbnailUrl\":\"https:\/\/www.ringier.com\/wp-content\/uploads\/2026\/04\/Livesystems_SI_MM_DE.png\",\"datePublished\":\"2026-04-09T07:00:00+00:00\",\"description\":\"Das Angebot von Livesystems und Ringier Medien Schweiz w\u00e4chst weiter: Im Rahmen der nationalen Content-Partnerschaft zeigen \u00fcber 13\u2019000 Digital-Screens in der Deutsch- und Westschweiz ab sofort auch die aktuellsten Geschichten der Schweizer Illustrierten und von L\u2019illustr\u00e9.\",\"breadcrumb\":{\"@id\":\"https:\/\/www.ringier.com\/de\/schweizer-illustrierte-und-lillustre-neu-bei-livesystems\/#breadcrumb\"},\"inLanguage\":\"de-DE\",\"potentialAction\":[{\"@type\":\"ReadAction\",\"target\":[\"https:\/\/www.ringier.com\/de\/schweizer-illustrierte-und-lillustre-neu-bei-livesystems\/\"]}]},{\"@type\":\"ImageObject\",\"inLanguage\":\"de-DE\",\"@id\":\"https:\/\/www.ringier.com\/de\/schweizer-illustrierte-und-lillustre-neu-bei-livesystems\/#primaryimage\",\"url\":\"https:\/\/www.ringier.com\/wp-content\/uploads\/2026\/04\/Livesystems_SI_MM_DE.png\",\"contentUrl\":\"https:\/\/www.ringier.com\/wp-content\/uploads\/2026\/04\/Livesystems_SI_MM_DE.png\",\"width\":1200,\"height\":630},{\"@type\":\"BreadcrumbList\",\"@id\":\"https:\/\/www.ringier.com\/de\/schweizer-illustrierte-und-lillustre-neu-bei-livesystems\/#breadcrumb\",\"itemListElement\":[{\"@type\":\"ListItem\",\"position\":1,\"name\":\"Home\",\"item\":\"https:\/\/www.ringier.com\/de\/\"},{\"@type\":\"ListItem\",\"position\":2,\"name\":\"Grosse Auftritte f\u00fcr unterwegs: Schweizer Illustrierte und L\u2019illustr\u00e9 neu bei Livesystems\"}]},{\"@type\":\"WebSite\",\"@id\":\"https:\/\/www.ringier.com\/de\/#website\",\"url\":\"https:\/\/www.ringier.com\/de\/\",\"name\":\"Ringier\",\"description\":\"We inform. We entertain. We connect\",\"publisher\":{\"@id\":\"https:\/\/www.ringier.com\/de\/#organization\"},\"potentialAction\":[{\"@type\":\"SearchAction\",\"target\":{\"@type\":\"EntryPoint\",\"urlTemplate\":\"https:\/\/www.ringier.com\/de\/?s={search_term_string}\"},\"query-input\":{\"@type\":\"PropertyValueSpecification\",\"valueRequired\":true,\"valueName\":\"search_term_string\"}}],\"inLanguage\":\"de-DE\"},{\"@type\":\"Organization\",\"@id\":\"https:\/\/www.ringier.com\/de\/#organization\",\"name\":\"Ringier\",\"url\":\"https:\/\/www.ringier.com\/de\/\",\"logo\":{\"@type\":\"ImageObject\",\"inLanguage\":\"de-DE\",\"@id\":\"https:\/\/www.ringier.com\/de\/#\/schema\/logo\/image\/\",\"url\":\"https:\/\/www.ringier.com\/wp-content\/uploads\/2021\/10\/ringier_logo_2.jpg\",\"contentUrl\":\"https:\/\/www.ringier.com\/wp-content\/uploads\/2021\/10\/ringier_logo_2.jpg\",\"width\":750,\"height\":550,\"caption\":\"Ringier\"},\"image\":{\"@id\":\"https:\/\/www.ringier.com\/de\/#\/schema\/logo\/image\/\"},\"sameAs\":[\"https:\/\/www.facebook.com\/ringierag\/\",\"https:\/\/x.com\/ringier_ag\",\"https:\/\/www.instagram.com\/ringier_ag\/\",\"https:\/\/www.linkedin.com\/company\/ringier\/\",\"https:\/\/www.youtube.com\/user\/RingierComm\",\"https:\/\/en.wikipedia.org\/wiki\/Ringier\",\"https:\/\/de.wikipedia.org\/wiki\/Ringier\",\"https:\/\/fr.wikipedia.org\/wiki\/Ringier\",\"https:\/\/www.crunchbase.com\/organization\/ringier-ag\"]},{\"@type\":\"Person\",\"@id\":\"https:\/\/www.ringier.com\/de\/#\/schema\/person\/3b9b5629ef22bc81a07ec50281cc01d3\",\"name\":\"Maria Faessler\",\"image\":{\"@type\":\"ImageObject\",\"inLanguage\":\"de-DE\",\"@id\":\"https:\/\/www.ringier.com\/de\/#\/schema\/person\/image\/\",\"url\":\"https:\/\/secure.gravatar.com\/avatar\/c647814a317915ed9f429594bf9164cf1ebb047b1fa4972b0748b565e0974d56?s=96&d=mm&r=g\",\"contentUrl\":\"https:\/\/secure.gravatar.com\/avatar\/c647814a317915ed9f429594bf9164cf1ebb047b1fa4972b0748b565e0974d56?s=96&d=mm&r=g\",\"caption\":\"Maria Faessler\"}}]}<\/script>\n<!-- \/ Yoast SEO Premium plugin. -->","yoast_head_json":{"title":"Grosse Auftritte f\u00fcr unterwegs: Schweizer Illustrierte und L\u2019illustr\u00e9 neu bei Livesystems - Ringier","description":"Das Angebot von Livesystems und Ringier Medien Schweiz w\u00e4chst weiter: Im Rahmen der nationalen Content-Partnerschaft zeigen \u00fcber 13\u2019000 Digital-Screens in der Deutsch- und Westschweiz ab sofort auch die aktuellsten Geschichten der Schweizer Illustrierten und von L\u2019illustr\u00e9.","robots":{"index":"index","follow":"follow","max-snippet":"max-snippet:-1","max-image-preview":"max-image-preview:large","max-video-preview":"max-video-preview:-1"},"canonical":"https:\/\/www.ringier.com\/de\/schweizer-illustrierte-und-lillustre-neu-bei-livesystems\/","og_locale":"de_DE","og_type":"article","og_title":"Grosse Auftritte f\u00fcr unterwegs: Schweizer Illustrierte und L\u2019illustr\u00e9 neu bei Livesystems","og_description":"Das Angebot von Livesystems und Ringier Medien Schweiz w\u00e4chst weiter: Im Rahmen der nationalen Content-Partnerschaft zeigen \u00fcber 13\u2019000 Digital-Screens in der Deutsch- und Westschweiz ab sofort auch die aktuellsten Geschichten der Schweizer Illustrierten und von L\u2019illustr\u00e9.","og_url":"https:\/\/www.ringier.com\/de\/schweizer-illustrierte-und-lillustre-neu-bei-livesystems\/","og_site_name":"Ringier","article_publisher":"https:\/\/www.facebook.com\/ringierag\/","article_published_time":"2026-04-09T07:00:00+00:00","og_image":[{"width":1200,"height":630,"url":"https:\/\/www.ringier.com\/wp-content\/uploads\/2026\/04\/Livesystems_SI_MM_DE.png","type":"image\/png"}],"author":"Maria Faessler","twitter_card":"summary_large_image","twitter_creator":"@ringier_ag","twitter_site":"@ringier_ag","twitter_misc":{"Verfasst von":"Maria Faessler","Gesch\u00e4tzte Lesezeit":"1 Minute"},"schema":{"@context":"https:\/\/schema.org","@graph":[{"@type":"Article","@id":"https:\/\/www.ringier.com\/de\/schweizer-illustrierte-und-lillustre-neu-bei-livesystems\/#article","isPartOf":{"@id":"https:\/\/www.ringier.com\/de\/schweizer-illustrierte-und-lillustre-neu-bei-livesystems\/"},"author":{"name":"Maria Faessler","@id":"https:\/\/www.ringier.com\/de\/#\/schema\/person\/3b9b5629ef22bc81a07ec50281cc01d3"},"headline":"Grosse Auftritte f\u00fcr unterwegs: Schweizer Illustrierte und L\u2019illustr\u00e9 neu bei Livesystems","datePublished":"2026-04-09T07:00:00+00:00","mainEntityOfPage":{"@id":"https:\/\/www.ringier.com\/de\/schweizer-illustrierte-und-lillustre-neu-bei-livesystems\/"},"wordCount":113,"publisher":{"@id":"https:\/\/www.ringier.com\/de\/#organization"},"image":{"@id":"https:\/\/www.ringier.com\/de\/schweizer-illustrierte-und-lillustre-neu-bei-livesystems\/#primaryimage"},"thumbnailUrl":"https:\/\/www.ringier.com\/wp-content\/uploads\/2026\/04\/Livesystems_SI_MM_DE.png","articleSection":["Ringier Medien Schweiz"],"inLanguage":"de-DE"},{"@type":"WebPage","@id":"https:\/\/www.ringier.com\/de\/schweizer-illustrierte-und-lillustre-neu-bei-livesystems\/","url":"https:\/\/www.ringier.com\/de\/schweizer-illustrierte-und-lillustre-neu-bei-livesystems\/","name":"Grosse Auftritte f\u00fcr unterwegs: Schweizer Illustrierte und L\u2019illustr\u00e9 neu bei Livesystems - Ringier","isPartOf":{"@id":"https:\/\/www.ringier.com\/de\/#website"},"primaryImageOfPage":{"@id":"https:\/\/www.ringier.com\/de\/schweizer-illustrierte-und-lillustre-neu-bei-livesystems\/#primaryimage"},"image":{"@id":"https:\/\/www.ringier.com\/de\/schweizer-illustrierte-und-lillustre-neu-bei-livesystems\/#primaryimage"},"thumbnailUrl":"https:\/\/www.ringier.com\/wp-content\/uploads\/2026\/04\/Livesystems_SI_MM_DE.png","datePublished":"2026-04-09T07:00:00+00:00","description":"Das Angebot von Livesystems und Ringier Medien Schweiz w\u00e4chst weiter: Im Rahmen der nationalen Content-Partnerschaft zeigen \u00fcber 13\u2019000 Digital-Screens in der Deutsch- und Westschweiz ab sofort auch die aktuellsten Geschichten der Schweizer Illustrierten und von L\u2019illustr\u00e9.","breadcrumb":{"@id":"https:\/\/www.ringier.com\/de\/schweizer-illustrierte-und-lillustre-neu-bei-livesystems\/#breadcrumb"},"inLanguage":"de-DE","potentialAction":[{"@type":"ReadAction","target":["https:\/\/www.ringier.com\/de\/schweizer-illustrierte-und-lillustre-neu-bei-livesystems\/"]}]},{"@type":"ImageObject","inLanguage":"de-DE","@id":"https:\/\/www.ringier.com\/de\/schweizer-illustrierte-und-lillustre-neu-bei-livesystems\/#primaryimage","url":"https:\/\/www.ringier.com\/wp-content\/uploads\/2026\/04\/Livesystems_SI_MM_DE.png","contentUrl":"https:\/\/www.ringier.com\/wp-content\/uploads\/2026\/04\/Livesystems_SI_MM_DE.png","width":1200,"height":630},{"@type":"BreadcrumbList","@id":"https:\/\/www.ringier.com\/de\/schweizer-illustrierte-und-lillustre-neu-bei-livesystems\/#breadcrumb","itemListElement":[{"@type":"ListItem","position":1,"name":"Home","item":"https:\/\/www.ringier.com\/de\/"},{"@type":"ListItem","position":2,"name":"Grosse Auftritte f\u00fcr unterwegs: Schweizer Illustrierte und L\u2019illustr\u00e9 neu bei Livesystems"}]},{"@type":"WebSite","@id":"https:\/\/www.ringier.com\/de\/#website","url":"https:\/\/www.ringier.com\/de\/","name":"Ringier","description":"We inform. We entertain. We connect","publisher":{"@id":"https:\/\/www.ringier.com\/de\/#organization"},"potentialAction":[{"@type":"SearchAction","target":{"@type":"EntryPoint","urlTemplate":"https:\/\/www.ringier.com\/de\/?s={search_term_string}"},"query-input":{"@type":"PropertyValueSpecification","valueRequired":true,"valueName":"search_term_string"}}],"inLanguage":"de-DE"},{"@type":"Organization","@id":"https:\/\/www.ringier.com\/de\/#organization","name":"Ringier","url":"https:\/\/www.ringier.com\/de\/","logo":{"@type":"ImageObject","inLanguage":"de-DE","@id":"https:\/\/www.ringier.com\/de\/#\/schema\/logo\/image\/","url":"https:\/\/www.ringier.com\/wp-content\/uploads\/2021\/10\/ringier_logo_2.jpg","contentUrl":"https:\/\/www.ringier.com\/wp-content\/uploads\/2021\/10\/ringier_logo_2.jpg","width":750,"height":550,"caption":"Ringier"},"image":{"@id":"https:\/\/www.ringier.com\/de\/#\/schema\/logo\/image\/"},"sameAs":["https:\/\/www.facebook.com\/ringierag\/","https:\/\/x.com\/ringier_ag","https:\/\/www.instagram.com\/ringier_ag\/","https:\/\/www.linkedin.com\/company\/ringier\/","https:\/\/www.youtube.com\/user\/RingierComm","https:\/\/en.wikipedia.org\/wiki\/Ringier","https:\/\/de.wikipedia.org\/wiki\/Ringier","https:\/\/fr.wikipedia.org\/wiki\/Ringier","https:\/\/www.crunchbase.com\/organization\/ringier-ag"]},{"@type":"Person","@id":"https:\/\/www.ringier.com\/de\/#\/schema\/person\/3b9b5629ef22bc81a07ec50281cc01d3","name":"Maria Faessler","image":{"@type":"ImageObject","inLanguage":"de-DE","@id":"https:\/\/www.ringier.com\/de\/#\/schema\/person\/image\/","url":"https:\/\/secure.gravatar.com\/avatar\/c647814a317915ed9f429594bf9164cf1ebb047b1fa4972b0748b565e0974d56?s=96&d=mm&r=g","contentUrl":"https:\/\/secure.gravatar.com\/avatar\/c647814a317915ed9f429594bf9164cf1ebb047b1fa4972b0748b565e0974d56?s=96&d=mm&r=g","caption":"Maria Faessler"}}]}},"_links":{"self":[{"href":"https:\/\/www.ringier.com\/de\/wp-json\/wp\/v2\/posts\/23600","targetHints":{"allow":["GET"]}}],"collection":[{"href":"https:\/\/www.ringier.com\/de\/wp-json\/wp\/v2\/posts"}],"about":[{"href":"https:\/\/www.ringier.com\/de\/wp-json\/wp\/v2\/types\/post"}],"author":[{"embeddable":true,"href":"https:\/\/www.ringier.com\/de\/wp-json\/wp\/v2\/users\/35"}],"replies":[{"embeddable":true,"href":"https:\/\/www.ringier.com\/de\/wp-json\/wp\/v2\/comments?post=23600"}],"version-history":[{"count":0,"href":"https:\/\/www.ringier.com\/de\/wp-json\/wp\/v2\/posts\/23600\/revisions"}],"wp:featuredmedia":[{"embeddable":true,"href":"https:\/\/www.ringier.com\/de\/wp-json\/wp\/v2\/media\/23601"}],"wp:attachment":[{"href":"https:\/\/www.ringier.com\/de\/wp-json\/wp\/v2\/media?parent=23600"}],"wp:term":[{"taxonomy":"category","embeddable":true,"href":"https:\/\/www.ringier.com\/de\/wp-json\/wp\/v2\/categories?post=23600"},{"taxonomy":"post_tag","embeddable":true,"href":"https:\/\/www.ringier.com\/de\/wp-json\/wp\/v2\/tags?post=23600"}],"curies":[{"name":"wp","href":"https:\/\/api.w.org\/{rel}","templated":true}]}}