{"id":23535,"date":"2026-03-24T14:00:00","date_gmt":"2026-03-24T13:00:00","guid":{"rendered":"https:\/\/www.ringier.com\/?p=23535"},"modified":"2026-03-27T13:36:49","modified_gmt":"2026-03-27T12:36:49","slug":"digital-shapers-2026","status":"publish","type":"post","link":"https:\/\/www.ringier.com\/de\/digital-shapers-2026\/","title":{"rendered":"\u00abDigital Shapers 2026\u00bb: Die Schweiz feiert ihre digitalen Vordenkerinnen und Vordenker"},"content":{"rendered":"\n<p>Acht Editionen, zehn Kategorien, achthundert Ausgezeichnete. Was 2016 als Ranking begann, ist heute das massgebliche Referenzformat f\u00fcr digitale Exzellenz in der Schweiz.<\/p>\n\n\n\n<p>Die Schweiz geh\u00f6rt zu den wenigen L\u00e4ndern, die bei K\u00fcnstlicher Intelligenz nicht nur mitdiskutieren, sondern mitgestalten. ETH Z\u00fcrich und EPFL z\u00e4hlen international zur Spitze der KI-Forschung. Ihre Ergebnisse fliessen direkt in Start-ups, die daraus konkrete Anwendungen bauen. Und praktisch alle globalen KI-Schwergewichte, von Google \u00fcber OpenAI bis Palantir und Meta, haben hierzulande substanzielle Entwicklungsabteilungen aufgebaut. Das ist kein Zufall, sondern das Ergebnis jahrelanger Investitionen in Talente, Infrastruktur und Forschung. Gleichzeitig verdichten sich gerade mehrere Technologiewellen: KI, Robotik, Quantencomputing und die Digitalisierung kritischer Infrastrukturen entwickeln sich parallel und beginnen sich gegenseitig zu verst\u00e4rken. Die \u00abDigital Shapers 2026\u00bb bilden genau diese Breite ab.<\/p>\n\n\n\n<p>In diesem Jahr heben BILANZ, Handelszeitung, PME und digitalswitzerland die Auszeichnung gemeinsam mit dem Presenting Partner Huawei auf eine neue Stufe: Erstmals werden die hundert \u00abDigital Shapers 2026\u00bb in einem feierlichen Rahmen heute Abend im Z\u00fcrcher Folium bekanntgegeben.<\/p>\n\n\n\n<p>Auf Einladung von Ringier-CEO Marc Walder feiern rund 200 G\u00e4ste aus Wirtschaft, Politik, Kultur und Gesellschaft die 100 Ausgezeichneten. Begleitet wird der Abend durch Keynotes von Allen Cao, CEO Huawei Switzerland, Christoph Aeschlimann, Group CEO Swisscom, und Bundeskanzler Viktor Rossi.<\/p>\n\n\n\n<p><strong>Marc Walder, CEO Ringier:<\/strong> \u00abAcht Editionen \u00abDigital Shapers\u00bb sind acht Jahre gelebter Beweis, wie viel Innovationskraft in diesem Land steckt. K\u00fcnstliche Intelligenz ver\u00e4ndert jede Industrie und jeden Bereich, den wir in diesem Ranking abbilden: Banken, Telekommunikation, Medien, Medizin, \u00f6ffentliche Verwaltung, Forschung und so weiter. Die Schweiz hat die K\u00f6pfe, Institutionen und Infrastruktur, um diese Transformation erfolgreich zu meistern. Die Pers\u00f6nlichkeiten, die wir heute auszeichnen, beweisen das.\u00bb<\/p>\n\n\n\n<p><strong>Franziska Barmettler, CEO digitalswitzerland:<\/strong> \u00abUm die digitale Transformation in der Schweiz voranzutreiben, braucht es \u00abDigital Shapers\u00bb, die neue Impulse setzen und ihr Umfeld inspirieren. Wenn die besten K\u00f6pfe aus Wissenschaft, Verwaltung und Wirtschaft aus allen Landesteilen gemeinsam an L\u00f6sungen arbeiten, sichern wir die Wettbewerbsf\u00e4higkeit der Schweiz.\u00bb<\/p>\n\n\n\n<p><strong>Allen Cao, CEO Huawei Switzerland:<\/strong> \u00abEs ist ein Privileg f\u00fcr uns, dieses Projekt zu unterst\u00fctzen. Wir k\u00f6nnen die technologischen Grundlagen f\u00fcr die digitale Transformation mit entwickeln, aber es ist die Kreativit\u00e4t der\u00abDigital Shapers\u00bb, der Gr\u00fcnder, Forscher und Vision\u00e4re, die sie in greifbare L\u00f6sungen verwandelt. Sie sind die Kr\u00e4fte, die die Schweizer Wirtschaft und Gesellschaft vorantreiben.\u00bb<\/p>\n\n\n\n<p><strong>Jury mit breiter Abst\u00fctzung aus Wirtschaft, Wissenschaft und Politik<\/strong><br>Die Auswahl der \u00abDigital Shapers 2026\u00bb traf eine 12-k\u00f6pfige Jury unter dem Vorsitz von Marc Kowalsky, stv. Chefredaktor der BILANZ und Projektleiter \u00abDigital Shapers\u00bb. Zu den Jurymitgliedern z\u00e4hlen u.a. Christine Antlanger-Winter (L\u00e4nderchefin Google Schweiz), Andr\u00e9 Kudelski (CEO Kudelski, Pr\u00e4sident Innosuisse) und Roland Siegwart (Professor f\u00fcr Autonome Systeme, ETH Z\u00fcrich). Die vollst\u00e4ndige Jury-Liste findet sich am Ende dieser Mitteilung.<\/p>\n\n\n\n<p>Nach einer Nominierungsphase Ende 2025 w\u00e4hlte die Jury aus allen Einreichungen jeweils zehn Pers\u00f6nlichkeiten in zehn Kategorien aus. Besonders auff\u00e4llig: In der Kategorie AI Acrobats stellen Frauen die Mehrheit. Sechs von zehn Ausgezeichneten treiben die KI-Entwicklung in der Schweiz voran.<\/p>\n\n\n\n<p><strong>Videor\u00fcckblick Digital Shapers 2026:<\/strong><\/p>\n\n\n\n<figure class=\"wp-block-embed is-type-video is-provider-youtube wp-block-embed-youtube wp-embed-aspect-16-9 wp-has-aspect-ratio\"><div class=\"wp-block-embed__wrapper\">\n<iframe loading=\"lazy\" title=\"Digital Shapers 2026 | The Who&#039;s Who of Digital Switzerland\" width=\"640\" height=\"360\" src=\"https:\/\/www.youtube.com\/embed\/jff4QCKpy8M?feature=oembed\" frameborder=\"0\" allow=\"accelerometer; autoplay; clipboard-write; encrypted-media; gyroscope; picture-in-picture; web-share\" referrerpolicy=\"strict-origin-when-cross-origin\" allowfullscreen><\/iframe>\n<\/div><\/figure>\n\n\n\n<p><strong>Die \u00abDigital Shapers 2026\u00bb \u2013 Das Who is Who der digitalen Schweiz<\/strong><br><br><strong>The AI Acrobats: Sie machen die Schweiz fit f\u00fcr das Zeitalter der K\u00fcnstlichen Intelligenz.<\/strong><br>Benjamin B. Bargetzi, Gr\u00fcnder &amp; CEO, MindGuard | Chris Beyeler, Gesch\u00e4ftsf\u00fchrer, BEYONDER AG | Cindy Candrian, Co-Founder, Delta Labs | Andy Fitze, Co-Founder, SwissCognitive | Vanessa Foser, Co-Founder &amp; CCO, AI Business School | Sabrina Schenardi, Co-Founder, BLP Digital | Dalith Steiger, CEO, SwissCognitive | Michael Wegm\u00fcller, Co-Founder, Artifact | Sabine Wildemann, Co-Initiator, Swiss {ai} Weeks | Katrin J. Yuan, CEO, Swiss Future Institute.<br><br><strong>The Androids: Sie arbeiten an der Vormachtstellung der Schweiz bei Robotern und Drohnen.<\/strong><br>Ulrich Amberg, CEO, Swissdrones | Marko Bjelonic, Co-Gr\u00fcnder &amp; CEO, Rivr | Raffaello D&#8217;Andrea, Gr\u00fcnder, Verity \/ ETH-Professor | P\u00e9ter Fankhauser, CEO, ANYbotics | Florian Gutzwiler, CEO, Voliro | Marco Hutter, ETH-Professor und Seriengr\u00fcnder | Ryan Luke Johns, CEO &amp; Co-Founder, Gravis Robotics | Dominique Megret, CEO, Ecorobotix | Elvis Nava, Founder, Mimic Robotics | Roger W\u00fcthrich-Hasenb\u00f6hler, VR- und Advisory Board diverser Roboter-Startups.<br><br><strong>The Cloudriders: Sie liefern Anwendungen und Infrastruktur f\u00fcr das Cloud-Zeitalter.<\/strong><br>Luca Callegari, Managing Director, Google Cloud DACH | Serge Gansner, CEO, Luware AG | Markus Gebert, Co-Founder &amp; CEO Hostpoint | Elmar Grasser, CTO, Sunrise | Chris Keller, Managing Director Europe Central + ACH, AWS | Jos\u00e9 Lopez, Group CEO, CONVOTIS | Mohamad Ali Mahfouz, Leading Services Sales, Microsoft Switzerland | Roger Suess, CEO, Green.ch | Andreas Waber, CEO, Swiss Fibre Net | Eric Wolff, CTIO, Salt.<br><br><strong>The Defenders: Sie sorgen f\u00fcr die Sicherheit von Hardware, Software und Daten.<\/strong><br>Christoph Aeschlimann, CEO, Swisscom | Samir Aliyev, CEO, Swiss Cyber Institute | Christian Cachin, Professor f\u00fcr Informatik, Universit\u00e4t Bern | David Haber, CEO, Lakera \/ VP AI Security Checkpoint | Kristof Hertig, Senior Program Manager, digitalswitzerland | Thomas Holderegger, Security Lead, Accenture Switzerland | Antti Partanen, CISO Sunrise| Daniel Seiler, Leiter Platform Services, BACS | Beatrice Smit, COO, Axpo Systems AG | Andy Yen, CEO, Proton.<br><br><strong>The Energizer: Sie machen Gewinnung, Speicherung und Nutzung von Energie durch Digitalisierung effizienter.<\/strong><br>Liliane Ableitner, Co-Gr\u00fcnderin &amp; CEO, Exnaton | Pierre Bi, CEO, enshift AG | Felix B\u00fcnning, Co-Gr\u00fcnder &amp; CEO, Viboo | S\u00e9bastien Cajot, CEO, urbio | Martin Everts, Managing Director Energy &amp; Mobility, AMAG Group | Giampiero Frisio, Leiter Sparte Elektrifizierung, ABB | Hagen Lihl, Co-Gr\u00fcnder &amp; CEO, Upgrid | Robert Piconi, VR-Pr\u00e4sident &amp; CEO, Energy Vault | David Taylor, CEO, Unbound Potential | Yves Zischek, Managing Director, Digital Realty.<br><br><strong>The Fintechies: Sie bringen die Finanzindustrie auf die n\u00e4chste digitale Stufe.<\/strong><br>Kathrin Braunwarth, CIO, AXA Schweiz | Pascale Bruderer, Gr\u00fcnderin, Swiss Stablecoin AG | Riccardo Conti, Co-Gr\u00fcnder Fume | Johs H\u00f6hener, Unabh\u00e4ngiger Verwaltungsrat | Igor Izraylevych, CEO &amp; Gr\u00fcnder, S-PRO AG | Lidia Kurt, CEO, BX Digital &amp; Seturion | Adriano Lucatelli, Gr\u00fcnder &amp; CEO, Descartes Finance | David Riegelnig, CEO &amp; Mitgr\u00fcnder, RULEMATCH AG | Michael Stemmle, Gr\u00fcnder, Additiv AG | Hans Peter Wolf, CTO, FNZ.<br><br><strong>The Frameworkers: Sie setzen die Leitplanken der Digitalisierung in Politik, Verwaltung und Verb\u00e4nden.<\/strong><br>Gerhard Andrey, Nationalrat \/ VR Liip | Judith Bellaiche, Pr\u00e4sidentin, ASUT | Martin B\u00fcrki, Pr\u00e4sident, ComCom | Jon Fanzun, CEO, SWICO | Richard P. Hess, Head of Digital Finance, Schweizerische Bankiervereinigung | Marcel Meyer, Gesch\u00e4ftsf\u00fchrer, GRdigital und Leiter Fachstelle Tourismus Graub\u00fcnden, Conters im Pr\u00e4ttigau| Lennig Pedron, CEO, Trust Valley | Viktor Rossi, Bundeskanzler | Joanne Sieber, CEO, Deep Tech Nation Switzerland | Karin Taheny, Chief Digital + Technology Officer S-GE.<br><br><strong>The Health Techies: Sie digitalisieren Medizin und Gesundheitswesen.<\/strong><br>Lucas M. Bachmann, medignition AG | Verena Barthelmes, Product Manager IoT and Digital Platforms | Romain Boichat, Partner, Rhome | Pascal Chatelain, CCO, Zur Rose Suisse AG | Guillaume DuPasquier, Co-Gr\u00fcnder &amp; CEO, Domo.Health | Yalak Garif, Direktor Digitale Innovation, Cisco Schweiz | Lara Gervaise, CEO &amp; Mitgr\u00fcnderin, Virtuosis AI | Gregory Inauen, CEO, Grape Insurance | Christine Jacob, Dozentin Health-Tech, Hochschule f\u00fcr Wirtschaft FHNW | Peter Ohnemus, Gr\u00fcnder &amp; CEO Dacadoo.<br><br><strong>The Quantum Leapers: Sie arbeiten an der n\u00e4chsten IT-Revolution: Quantencomputing.<\/strong><br>Alexandra Beckstein, CEO, QAI Ventures | Daniel Brau, CEO, Miraex SA | Klaus Ensslin, Professor f\u00fcr Experimentalphysik, ETH Z\u00fcrich | Jonathan Home, Professor, ETH Z\u00fcrich | Thomas Landolt, CEO, QuantumBasel | Markus Pflitsch, CEO &amp; Gr\u00fcnder, Terraquantum | Heike Riel, IBM Fellow &amp; Chefwissenschaftlerin, IBM R\u00fcschlikon | Andreas Wallraff, Team Lead Superconducting Circuits, ETHZ\/PSI | Hugo Zbinden, Prof. Honoraire, Universit\u00e9 de Gen\u00e8ve | Dominik Zumb\u00fchl, Director NCCR SPIN, Universit\u00e4t Basel.<br><br><strong>The Mentors: Sie geben ihre Digital-Erfahrung weiter als Berater, Fortbilder, VC oder Evangelisten.<\/strong><br>Andreea Cretu, Head, BioMed Entrepreneurship Programs | Sunnie J. Groeneveld, Managing Partner, Inspire 925 | Arnold Hermann, Mitgr\u00fcnder 42hacks \/ aktiver Investor | Amit Joshi, Professor AI &amp; Marketing Strategy, IMD Lausanne | Pascal Mathis, Partner, Founderful | Max Meister, Koyo Capital AG | Marc K. Peter, Professor f\u00fcr digitale Transformation, HES-SO Valais\/Wallis | Romano Roth, Global Chief of Cybernetic Transformation, Z\u00fchlke Group | Philipp Stauffer, Managing Partner &amp; Co-Founder, Fyrfly Venture Partners | Stefan Steiner, Co-CEO, Venturelab.<br><br><strong>Sonderheft und Berichterstattung<\/strong><br>Das Sonderheft \u00abDigital Shapers 2026\u00bb erscheint im Anschluss an die heutige Abendveranstaltung. Das 108-seitige Magazin mit Portr\u00e4ts der Ausgezeichneten, ihrer Arbeit und Motivation liegt den Print-Ausgaben von BILANZ, Handelszeitung und PME bei.<\/p>\n\n\n\n<p><a href=\"https:\/\/www.bilanz.ch\/digital-shapers\/digital-shapers-2026-eine-neue-ara-der-digitalisierung\/v952zld\" type=\"link\" id=\"https:\/\/www.bilanz.ch\/digital-shapers\/digital-shapers-2026-eine-neue-ara-der-digitalisierung\/v952zld\" target=\"_blank\" rel=\"noreferrer noopener\"><strong>Link zu Bilanz.ch<\/strong><\/a><\/p>\n\n\n\n<p><a href=\"https:\/\/photos.google.com\/share\/AF1QipPWjO8Guh9tU7of2eTyxSa_xeu0z-T9-WJownqIguNzSIIAOm4pIuN9xIPKpVO0QA?key=SU90dXAxNlE5aERwcWtwOWUxVUFtSDFWaU8yOW5B\" type=\"link\" id=\"https:\/\/photos.google.com\/share\/AF1QipPWjO8Guh9tU7of2eTyxSa_xeu0z-T9-WJownqIguNzSIIAOm4pIuN9xIPKpVO0QA?key=SU90dXAxNlE5aERwcWtwOWUxVUFtSDFWaU8yOW5B\" target=\"_blank\" rel=\"noreferrer noopener\"><strong>Link zur Bildergalerie<\/strong><\/a><\/p>\n\n\n\n<hr class=\"wp-block-separator has-alpha-channel-opacity\"\/>\n\n\n\n<p class=\"has-small-font-size\"><strong>\u00dcber die Jury<\/strong><br>Christine Antlanger-Winter, L\u00e4nderchefin Google Schweiz | Franziska Barmettler, CEO digitalswitzerland | Francisco Fernandez, Unternehmer und Multi-Startup-VR | Franz Gr\u00fcter, Nationalrat und langj\u00e4hriger VR-Pr\u00e4sident Green.ch | Ivo Jungo, Sales Director Huawei Technologies Switzerland | Marc Kowalsky, Stv. Chefredaktor BILANZ, Vorsitz | Andr\u00e9 Kudelski, CEO Kudelski \/ Pr\u00e4sident Innosuisse | Peter Niederhauser, Co-Gr\u00fcnder Miracle und Redalpine | Claudia Pletscher, Unternehmerin und Verwaltungsr\u00e4tin | Roland Siegwart, Professor f\u00fcr Autonome Systeme, ETH Z\u00fcrich | Anna Valente, Leiterin Labor f\u00fcr Automation, Robotik und Maschinen, SUPSI | Thierry Vial, Chefredaktor PME.<\/p>\n","protected":false},"excerpt":{"rendered":"<p>Zum achten Mal zeichnen BILANZ, Handelszeitung, PME und digitalswitzerland hundert Pers\u00f6nlichkeiten aus, die die digitale Schweiz massgeblich pr\u00e4gen. Heute Abend werden sie erstmals im Rahmen einer grossen Gala als \u00abDigital Shapers 2026\u00bb geehrt.<\/p>\n","protected":false},"author":35,"featured_media":23536,"comment_status":"closed","ping_status":"closed","sticky":false,"template":"","format":"standard","meta":{"inline_featured_image":false,"footnotes":""},"categories":[371,361],"tags":[],"class_list":["post-23535","post","type-post","status-publish","format-standard","has-post-thumbnail","hentry","category-media-de","category-ringier-medien-schweiz"],"yoast_head":"<!-- This site is optimized with the Yoast SEO Premium plugin v27.0 (Yoast SEO v27.0) - https:\/\/yoast.com\/product\/yoast-seo-premium-wordpress\/ -->\n<title>\u00abDigital Shapers 2026\u00bb: Die Schweiz feiert ihre digitalen Vordenkerinnen und Vordenker - Ringier<\/title>\n<meta name=\"description\" content=\"Zum achten Mal zeichnen BILANZ, Handelszeitung, PME und digitalswitzerland hundert Pers\u00f6nlichkeiten aus, die die digitale Schweiz massgeblich pr\u00e4gen. Heute Abend werden sie erstmals im Rahmen einer grossen Gala als \u00abDigital Shapers 2026\u00bb geehrt.\" \/>\n<meta name=\"robots\" content=\"index, follow, max-snippet:-1, max-image-preview:large, max-video-preview:-1\" \/>\n<link rel=\"canonical\" href=\"https:\/\/www.ringier.com\/de\/digital-shapers-2026\/\" \/>\n<meta property=\"og:locale\" content=\"de_DE\" \/>\n<meta property=\"og:type\" content=\"article\" \/>\n<meta property=\"og:title\" content=\"\u00abDigital Shapers 2026\u00bb: Die Schweiz feiert ihre digitalen Vordenkerinnen und Vordenker\" \/>\n<meta property=\"og:description\" content=\"Zum achten Mal zeichnen BILANZ, Handelszeitung, PME und digitalswitzerland hundert Pers\u00f6nlichkeiten aus, die die digitale Schweiz massgeblich pr\u00e4gen. Heute Abend werden sie erstmals im Rahmen einer grossen Gala als \u00abDigital Shapers 2026\u00bb geehrt.\" \/>\n<meta property=\"og:url\" content=\"https:\/\/www.ringier.com\/de\/digital-shapers-2026\/\" \/>\n<meta property=\"og:site_name\" content=\"Ringier\" \/>\n<meta property=\"article:publisher\" content=\"https:\/\/www.facebook.com\/ringierag\/\" \/>\n<meta property=\"article:published_time\" content=\"2026-03-24T13:00:00+00:00\" \/>\n<meta property=\"article:modified_time\" content=\"2026-03-27T12:36:49+00:00\" \/>\n<meta property=\"og:image\" content=\"https:\/\/www.ringier.com\/wp-content\/uploads\/2026\/03\/1200x630-Digital-Shapers_MM-1024x538.png\" \/>\n\t<meta property=\"og:image:width\" content=\"1024\" \/>\n\t<meta property=\"og:image:height\" content=\"538\" \/>\n\t<meta property=\"og:image:type\" content=\"image\/png\" \/>\n<meta name=\"author\" content=\"Maria Faessler\" \/>\n<meta name=\"twitter:card\" content=\"summary_large_image\" \/>\n<meta name=\"twitter:creator\" content=\"@ringier_ag\" \/>\n<meta name=\"twitter:site\" content=\"@ringier_ag\" \/>\n<meta name=\"twitter:label1\" content=\"Verfasst von\" \/>\n\t<meta name=\"twitter:data1\" content=\"Maria Faessler\" \/>\n\t<meta name=\"twitter:label2\" content=\"Gesch\u00e4tzte Lesezeit\" \/>\n\t<meta name=\"twitter:data2\" content=\"7 Minuten\" \/>\n<script type=\"application\/ld+json\" class=\"yoast-schema-graph\">{\"@context\":\"https:\/\/schema.org\",\"@graph\":[{\"@type\":\"Article\",\"@id\":\"https:\/\/www.ringier.com\/de\/digital-shapers-2026\/#article\",\"isPartOf\":{\"@id\":\"https:\/\/www.ringier.com\/de\/digital-shapers-2026\/\"},\"author\":{\"name\":\"Maria Faessler\",\"@id\":\"https:\/\/www.ringier.com\/de\/#\/schema\/person\/3b9b5629ef22bc81a07ec50281cc01d3\"},\"headline\":\"\u00abDigital Shapers 2026\u00bb: Die Schweiz feiert ihre digitalen Vordenkerinnen und Vordenker\",\"datePublished\":\"2026-03-24T13:00:00+00:00\",\"dateModified\":\"2026-03-27T12:36:49+00:00\",\"mainEntityOfPage\":{\"@id\":\"https:\/\/www.ringier.com\/de\/digital-shapers-2026\/\"},\"wordCount\":1435,\"publisher\":{\"@id\":\"https:\/\/www.ringier.com\/de\/#organization\"},\"image\":{\"@id\":\"https:\/\/www.ringier.com\/de\/digital-shapers-2026\/#primaryimage\"},\"thumbnailUrl\":\"https:\/\/www.ringier.com\/wp-content\/uploads\/2026\/03\/1200x630-Digital-Shapers_MM-scaled.png\",\"articleSection\":[\"Media\",\"Ringier Medien Schweiz\"],\"inLanguage\":\"de-DE\"},{\"@type\":\"WebPage\",\"@id\":\"https:\/\/www.ringier.com\/de\/digital-shapers-2026\/\",\"url\":\"https:\/\/www.ringier.com\/de\/digital-shapers-2026\/\",\"name\":\"\u00abDigital Shapers 2026\u00bb: Die Schweiz feiert ihre digitalen Vordenkerinnen und Vordenker - Ringier\",\"isPartOf\":{\"@id\":\"https:\/\/www.ringier.com\/de\/#website\"},\"primaryImageOfPage\":{\"@id\":\"https:\/\/www.ringier.com\/de\/digital-shapers-2026\/#primaryimage\"},\"image\":{\"@id\":\"https:\/\/www.ringier.com\/de\/digital-shapers-2026\/#primaryimage\"},\"thumbnailUrl\":\"https:\/\/www.ringier.com\/wp-content\/uploads\/2026\/03\/1200x630-Digital-Shapers_MM-scaled.png\",\"datePublished\":\"2026-03-24T13:00:00+00:00\",\"dateModified\":\"2026-03-27T12:36:49+00:00\",\"description\":\"Zum achten Mal zeichnen BILANZ, Handelszeitung, PME und digitalswitzerland hundert Pers\u00f6nlichkeiten aus, die die digitale Schweiz massgeblich pr\u00e4gen. Heute Abend werden sie erstmals im Rahmen einer grossen Gala als \u00abDigital Shapers 2026\u00bb geehrt.\",\"breadcrumb\":{\"@id\":\"https:\/\/www.ringier.com\/de\/digital-shapers-2026\/#breadcrumb\"},\"inLanguage\":\"de-DE\",\"potentialAction\":[{\"@type\":\"ReadAction\",\"target\":[\"https:\/\/www.ringier.com\/de\/digital-shapers-2026\/\"]}]},{\"@type\":\"ImageObject\",\"inLanguage\":\"de-DE\",\"@id\":\"https:\/\/www.ringier.com\/de\/digital-shapers-2026\/#primaryimage\",\"url\":\"https:\/\/www.ringier.com\/wp-content\/uploads\/2026\/03\/1200x630-Digital-Shapers_MM-scaled.png\",\"contentUrl\":\"https:\/\/www.ringier.com\/wp-content\/uploads\/2026\/03\/1200x630-Digital-Shapers_MM-scaled.png\",\"width\":2560,\"height\":1344},{\"@type\":\"BreadcrumbList\",\"@id\":\"https:\/\/www.ringier.com\/de\/digital-shapers-2026\/#breadcrumb\",\"itemListElement\":[{\"@type\":\"ListItem\",\"position\":1,\"name\":\"Home\",\"item\":\"https:\/\/www.ringier.com\/de\/\"},{\"@type\":\"ListItem\",\"position\":2,\"name\":\"\u00abDigital Shapers 2026\u00bb: Die Schweiz feiert ihre digitalen Vordenkerinnen und Vordenker\"}]},{\"@type\":\"WebSite\",\"@id\":\"https:\/\/www.ringier.com\/de\/#website\",\"url\":\"https:\/\/www.ringier.com\/de\/\",\"name\":\"Ringier\",\"description\":\"We inform. We entertain. We connect\",\"publisher\":{\"@id\":\"https:\/\/www.ringier.com\/de\/#organization\"},\"potentialAction\":[{\"@type\":\"SearchAction\",\"target\":{\"@type\":\"EntryPoint\",\"urlTemplate\":\"https:\/\/www.ringier.com\/de\/?s={search_term_string}\"},\"query-input\":{\"@type\":\"PropertyValueSpecification\",\"valueRequired\":true,\"valueName\":\"search_term_string\"}}],\"inLanguage\":\"de-DE\"},{\"@type\":\"Organization\",\"@id\":\"https:\/\/www.ringier.com\/de\/#organization\",\"name\":\"Ringier\",\"url\":\"https:\/\/www.ringier.com\/de\/\",\"logo\":{\"@type\":\"ImageObject\",\"inLanguage\":\"de-DE\",\"@id\":\"https:\/\/www.ringier.com\/de\/#\/schema\/logo\/image\/\",\"url\":\"https:\/\/www.ringier.com\/wp-content\/uploads\/2021\/10\/ringier_logo_2.jpg\",\"contentUrl\":\"https:\/\/www.ringier.com\/wp-content\/uploads\/2021\/10\/ringier_logo_2.jpg\",\"width\":750,\"height\":550,\"caption\":\"Ringier\"},\"image\":{\"@id\":\"https:\/\/www.ringier.com\/de\/#\/schema\/logo\/image\/\"},\"sameAs\":[\"https:\/\/www.facebook.com\/ringierag\/\",\"https:\/\/x.com\/ringier_ag\",\"https:\/\/www.instagram.com\/ringier_ag\/\",\"https:\/\/www.linkedin.com\/company\/ringier\/\",\"https:\/\/www.youtube.com\/user\/RingierComm\",\"https:\/\/en.wikipedia.org\/wiki\/Ringier\",\"https:\/\/de.wikipedia.org\/wiki\/Ringier\",\"https:\/\/fr.wikipedia.org\/wiki\/Ringier\",\"https:\/\/www.crunchbase.com\/organization\/ringier-ag\"]},{\"@type\":\"Person\",\"@id\":\"https:\/\/www.ringier.com\/de\/#\/schema\/person\/3b9b5629ef22bc81a07ec50281cc01d3\",\"name\":\"Maria Faessler\",\"image\":{\"@type\":\"ImageObject\",\"inLanguage\":\"de-DE\",\"@id\":\"https:\/\/www.ringier.com\/de\/#\/schema\/person\/image\/\",\"url\":\"https:\/\/secure.gravatar.com\/avatar\/c647814a317915ed9f429594bf9164cf1ebb047b1fa4972b0748b565e0974d56?s=96&d=mm&r=g\",\"contentUrl\":\"https:\/\/secure.gravatar.com\/avatar\/c647814a317915ed9f429594bf9164cf1ebb047b1fa4972b0748b565e0974d56?s=96&d=mm&r=g\",\"caption\":\"Maria Faessler\"}}]}<\/script>\n<!-- \/ Yoast SEO Premium plugin. -->","yoast_head_json":{"title":"\u00abDigital Shapers 2026\u00bb: Die Schweiz feiert ihre digitalen Vordenkerinnen und Vordenker - Ringier","description":"Zum achten Mal zeichnen BILANZ, Handelszeitung, PME und digitalswitzerland hundert Pers\u00f6nlichkeiten aus, die die digitale Schweiz massgeblich pr\u00e4gen. Heute Abend werden sie erstmals im Rahmen einer grossen Gala als \u00abDigital Shapers 2026\u00bb geehrt.","robots":{"index":"index","follow":"follow","max-snippet":"max-snippet:-1","max-image-preview":"max-image-preview:large","max-video-preview":"max-video-preview:-1"},"canonical":"https:\/\/www.ringier.com\/de\/digital-shapers-2026\/","og_locale":"de_DE","og_type":"article","og_title":"\u00abDigital Shapers 2026\u00bb: Die Schweiz feiert ihre digitalen Vordenkerinnen und Vordenker","og_description":"Zum achten Mal zeichnen BILANZ, Handelszeitung, PME und digitalswitzerland hundert Pers\u00f6nlichkeiten aus, die die digitale Schweiz massgeblich pr\u00e4gen. Heute Abend werden sie erstmals im Rahmen einer grossen Gala als \u00abDigital Shapers 2026\u00bb geehrt.","og_url":"https:\/\/www.ringier.com\/de\/digital-shapers-2026\/","og_site_name":"Ringier","article_publisher":"https:\/\/www.facebook.com\/ringierag\/","article_published_time":"2026-03-24T13:00:00+00:00","article_modified_time":"2026-03-27T12:36:49+00:00","og_image":[{"width":1024,"height":538,"url":"https:\/\/www.ringier.com\/wp-content\/uploads\/2026\/03\/1200x630-Digital-Shapers_MM-1024x538.png","type":"image\/png"}],"author":"Maria Faessler","twitter_card":"summary_large_image","twitter_creator":"@ringier_ag","twitter_site":"@ringier_ag","twitter_misc":{"Verfasst von":"Maria Faessler","Gesch\u00e4tzte Lesezeit":"7 Minuten"},"schema":{"@context":"https:\/\/schema.org","@graph":[{"@type":"Article","@id":"https:\/\/www.ringier.com\/de\/digital-shapers-2026\/#article","isPartOf":{"@id":"https:\/\/www.ringier.com\/de\/digital-shapers-2026\/"},"author":{"name":"Maria Faessler","@id":"https:\/\/www.ringier.com\/de\/#\/schema\/person\/3b9b5629ef22bc81a07ec50281cc01d3"},"headline":"\u00abDigital Shapers 2026\u00bb: Die Schweiz feiert ihre digitalen Vordenkerinnen und Vordenker","datePublished":"2026-03-24T13:00:00+00:00","dateModified":"2026-03-27T12:36:49+00:00","mainEntityOfPage":{"@id":"https:\/\/www.ringier.com\/de\/digital-shapers-2026\/"},"wordCount":1435,"publisher":{"@id":"https:\/\/www.ringier.com\/de\/#organization"},"image":{"@id":"https:\/\/www.ringier.com\/de\/digital-shapers-2026\/#primaryimage"},"thumbnailUrl":"https:\/\/www.ringier.com\/wp-content\/uploads\/2026\/03\/1200x630-Digital-Shapers_MM-scaled.png","articleSection":["Media","Ringier Medien Schweiz"],"inLanguage":"de-DE"},{"@type":"WebPage","@id":"https:\/\/www.ringier.com\/de\/digital-shapers-2026\/","url":"https:\/\/www.ringier.com\/de\/digital-shapers-2026\/","name":"\u00abDigital Shapers 2026\u00bb: Die Schweiz feiert ihre digitalen Vordenkerinnen und Vordenker - Ringier","isPartOf":{"@id":"https:\/\/www.ringier.com\/de\/#website"},"primaryImageOfPage":{"@id":"https:\/\/www.ringier.com\/de\/digital-shapers-2026\/#primaryimage"},"image":{"@id":"https:\/\/www.ringier.com\/de\/digital-shapers-2026\/#primaryimage"},"thumbnailUrl":"https:\/\/www.ringier.com\/wp-content\/uploads\/2026\/03\/1200x630-Digital-Shapers_MM-scaled.png","datePublished":"2026-03-24T13:00:00+00:00","dateModified":"2026-03-27T12:36:49+00:00","description":"Zum achten Mal zeichnen BILANZ, Handelszeitung, PME und digitalswitzerland hundert Pers\u00f6nlichkeiten aus, die die digitale Schweiz massgeblich pr\u00e4gen. Heute Abend werden sie erstmals im Rahmen einer grossen Gala als \u00abDigital Shapers 2026\u00bb geehrt.","breadcrumb":{"@id":"https:\/\/www.ringier.com\/de\/digital-shapers-2026\/#breadcrumb"},"inLanguage":"de-DE","potentialAction":[{"@type":"ReadAction","target":["https:\/\/www.ringier.com\/de\/digital-shapers-2026\/"]}]},{"@type":"ImageObject","inLanguage":"de-DE","@id":"https:\/\/www.ringier.com\/de\/digital-shapers-2026\/#primaryimage","url":"https:\/\/www.ringier.com\/wp-content\/uploads\/2026\/03\/1200x630-Digital-Shapers_MM-scaled.png","contentUrl":"https:\/\/www.ringier.com\/wp-content\/uploads\/2026\/03\/1200x630-Digital-Shapers_MM-scaled.png","width":2560,"height":1344},{"@type":"BreadcrumbList","@id":"https:\/\/www.ringier.com\/de\/digital-shapers-2026\/#breadcrumb","itemListElement":[{"@type":"ListItem","position":1,"name":"Home","item":"https:\/\/www.ringier.com\/de\/"},{"@type":"ListItem","position":2,"name":"\u00abDigital Shapers 2026\u00bb: Die Schweiz feiert ihre digitalen Vordenkerinnen und Vordenker"}]},{"@type":"WebSite","@id":"https:\/\/www.ringier.com\/de\/#website","url":"https:\/\/www.ringier.com\/de\/","name":"Ringier","description":"We inform. We entertain. We connect","publisher":{"@id":"https:\/\/www.ringier.com\/de\/#organization"},"potentialAction":[{"@type":"SearchAction","target":{"@type":"EntryPoint","urlTemplate":"https:\/\/www.ringier.com\/de\/?s={search_term_string}"},"query-input":{"@type":"PropertyValueSpecification","valueRequired":true,"valueName":"search_term_string"}}],"inLanguage":"de-DE"},{"@type":"Organization","@id":"https:\/\/www.ringier.com\/de\/#organization","name":"Ringier","url":"https:\/\/www.ringier.com\/de\/","logo":{"@type":"ImageObject","inLanguage":"de-DE","@id":"https:\/\/www.ringier.com\/de\/#\/schema\/logo\/image\/","url":"https:\/\/www.ringier.com\/wp-content\/uploads\/2021\/10\/ringier_logo_2.jpg","contentUrl":"https:\/\/www.ringier.com\/wp-content\/uploads\/2021\/10\/ringier_logo_2.jpg","width":750,"height":550,"caption":"Ringier"},"image":{"@id":"https:\/\/www.ringier.com\/de\/#\/schema\/logo\/image\/"},"sameAs":["https:\/\/www.facebook.com\/ringierag\/","https:\/\/x.com\/ringier_ag","https:\/\/www.instagram.com\/ringier_ag\/","https:\/\/www.linkedin.com\/company\/ringier\/","https:\/\/www.youtube.com\/user\/RingierComm","https:\/\/en.wikipedia.org\/wiki\/Ringier","https:\/\/de.wikipedia.org\/wiki\/Ringier","https:\/\/fr.wikipedia.org\/wiki\/Ringier","https:\/\/www.crunchbase.com\/organization\/ringier-ag"]},{"@type":"Person","@id":"https:\/\/www.ringier.com\/de\/#\/schema\/person\/3b9b5629ef22bc81a07ec50281cc01d3","name":"Maria Faessler","image":{"@type":"ImageObject","inLanguage":"de-DE","@id":"https:\/\/www.ringier.com\/de\/#\/schema\/person\/image\/","url":"https:\/\/secure.gravatar.com\/avatar\/c647814a317915ed9f429594bf9164cf1ebb047b1fa4972b0748b565e0974d56?s=96&d=mm&r=g","contentUrl":"https:\/\/secure.gravatar.com\/avatar\/c647814a317915ed9f429594bf9164cf1ebb047b1fa4972b0748b565e0974d56?s=96&d=mm&r=g","caption":"Maria Faessler"}}]}},"_links":{"self":[{"href":"https:\/\/www.ringier.com\/de\/wp-json\/wp\/v2\/posts\/23535","targetHints":{"allow":["GET"]}}],"collection":[{"href":"https:\/\/www.ringier.com\/de\/wp-json\/wp\/v2\/posts"}],"about":[{"href":"https:\/\/www.ringier.com\/de\/wp-json\/wp\/v2\/types\/post"}],"author":[{"embeddable":true,"href":"https:\/\/www.ringier.com\/de\/wp-json\/wp\/v2\/users\/35"}],"replies":[{"embeddable":true,"href":"https:\/\/www.ringier.com\/de\/wp-json\/wp\/v2\/comments?post=23535"}],"version-history":[{"count":0,"href":"https:\/\/www.ringier.com\/de\/wp-json\/wp\/v2\/posts\/23535\/revisions"}],"wp:featuredmedia":[{"embeddable":true,"href":"https:\/\/www.ringier.com\/de\/wp-json\/wp\/v2\/media\/23536"}],"wp:attachment":[{"href":"https:\/\/www.ringier.com\/de\/wp-json\/wp\/v2\/media?parent=23535"}],"wp:term":[{"taxonomy":"category","embeddable":true,"href":"https:\/\/www.ringier.com\/de\/wp-json\/wp\/v2\/categories?post=23535"},{"taxonomy":"post_tag","embeddable":true,"href":"https:\/\/www.ringier.com\/de\/wp-json\/wp\/v2\/tags?post=23535"}],"curies":[{"name":"wp","href":"https:\/\/api.w.org\/{rel}","templated":true}]}}