{"id":23365,"date":"2026-02-05T10:00:00","date_gmt":"2026-02-05T09:00:00","guid":{"rendered":"https:\/\/www.ringier.com\/?p=23365"},"modified":"2026-03-16T10:31:41","modified_gmt":"2026-03-16T09:31:41","slug":"ringier-medien-schweiz-uebernimmt-adunit-strategischer-ausbau-der-regionalen-und-digitalen-werbevermarktung-neu-bei-ringier-advertising","status":"publish","type":"post","link":"https:\/\/www.ringier.com\/de\/ringier-medien-schweiz-uebernimmt-adunit-strategischer-ausbau-der-regionalen-und-digitalen-werbevermarktung-neu-bei-ringier-advertising\/","title":{"rendered":"Ringier Medien Schweiz \u00fcbernimmt AdUnit: Strategischer Ausbau der regionalen und digitalen Werbevermarktung bei Ringier Advertising"},"content":{"rendered":"\n<p>Die AdUnit-Softwarel\u00f6sung f\u00fcr Agenturen, Publisher, Vertriebsnetze und KMU ist eine optimale Erg\u00e4nzung f\u00fcr Ringier Advertising: Sie erleichtert den Zugang zu Schweizer Qualit\u00e4ts-Werbeumfeldern und macht insbesondere f\u00fcr KMU die Buchung k\u00fcnftig noch einfacher und intuitiver. Mit der Transaktion wechseln insgesamt 11 Mitarbeitende von AdUnit zu Ringier Advertising, der Vermarktungseinheit von RMS unter der Leitung von Thomas Passen.<\/p>\n\n\n\n<p><strong>Ladina Heimgartner, CEO Ringier Medien Schweiz: <\/strong>\u00abRingier Medien Schweiz und Ringier Advertising waren 2025 gemeinsam mit ihren Werbekunden erfolgreich unterwegs. Dieses Wachstum basiert auf starken publizistischen Marken, hoher Glaubw\u00fcrdigkeit bei den Leserinnen und Lesern sowie einer gemeinsamen Sicht auf den Ausbau klassischer und innovativer Werbeprodukte. Wir wollen unsere St\u00e4rken nutzen und entlang unserer Strategie sukzessive wachsen. Die Aufnahme der AdUnit in unsere RMS-Familie ist ein weiterer Schritt in diese Richtung.\u00bb<\/p>\n\n\n\n<p><strong>Thomas Passen, Gesch\u00e4ftsf\u00fchrer Ringier Advertising:<\/strong> \u00abAdUnit erg\u00e4nzt diese Strategie gezielt mit erprobter Technologie, operativem Know-how und einem etablierten Kundenstamm. Die Plattform erm\u00f6glicht es, regionale Werbung effizient, skalierbar und markensicher auszuspielen. Gleichzeitig l\u00e4sst sie sich gezielt mit bestehenden Initiativen von RMS verkn\u00fcpfen, etwa mit L\u00f6sungen im Bereich Digital Out of Home wie Livesystems. Ziel ist es, Werbewirkung dort zu erzielen, wo sie f\u00fcr Kundinnen und Kunden relevant ist: lokal, pr\u00e4zise und integriert.\u00bb<\/p>\n\n\n\n<p><strong>Kontinuit\u00e4t f\u00fcr Kundinnen und Kunden<\/strong><\/p>\n\n\n\n<p>F\u00fcr bestehende AdUnit-Kundinnen und -Kunden bleibt alles beim Bew\u00e4hrten. Ansprechpartner, Service und laufende Kampagnen \u00e4ndern sich nicht. Ab dem 1. M\u00e4rz 2026 sind Team und Technologie unter dem Dach von RMS vereint und in Ringier Advertising integriert: vom Booking-Tool bis zum Inventar. Entwicklung, Betrieb und Weiterentwicklung erfolgen in der Schweiz.<\/p>\n\n\n\n<h4 class=\"wp-block-heading\" id=\"h-adunit-booking-tool-integriert-bei-ringier-advertising\"><strong>AdUnit Booking Tool \u2013 integriert bei Ringier Advertising<\/strong><\/h4>\n\n\n\n<p>Das AdUnit Booking Tool fungiert als One-Stop-Shop f\u00fcr Werbetreibende und Agenturen im Self-Booking oder als Managed Service. Es bietet Zugang zum gesamten Inventar von RMS sowie zu relevanten externen Digitalkan\u00e4len wie YouTube, TikTok, Meta oder LinkedIn. Erg\u00e4nzt wird das Angebot durch DOOH, Audio und CTV. Ein einheitliches User Interface vereinfacht die Buchung und beschleunigt Prozesse. Vollautomatisiertes Reporting, kanal\u00fcbergreifende Abrechnung (\u00abeine Kampagne, eine Rechnung\u00bb) sowie eine Multi-DSP-Strategie reduzieren den administrativen Aufwand deutlich und erh\u00f6hen die Effizienz auf Kunden- und Vermarkterseite.<\/p>\n\n\n\n<p><strong>RMS setzt klares Signal im digitalen Werbemarkt<\/strong><\/p>\n\n\n\n<p>Mit der \u00dcbernahme der AdUnit setzt RMS&nbsp; ein bewusstes Zeichen: f\u00fcr Integration, f\u00fcr regionale St\u00e4rke im digitalen Werbemarkt und f\u00fcr den gezielten Ausbau der eigenen Wertsch\u00f6pfung entlang der gesamten Vermarktungskette.<\/p>\n","protected":false},"excerpt":{"rendered":"<p>Ringier Medien Schweiz (RMS) \u00fcbernimmt per 1. M\u00e4rz 2026 die AdUnit, bislang eine Tochter der Goldbach Group, die zur TX Group geh\u00f6rt.<\/p>\n","protected":false},"author":33,"featured_media":23366,"comment_status":"closed","ping_status":"open","sticky":false,"template":"","format":"standard","meta":{"inline_featured_image":false,"footnotes":""},"categories":[371,361],"tags":[],"class_list":["post-23365","post","type-post","status-publish","format-standard","has-post-thumbnail","hentry","category-media-de","category-ringier-medien-schweiz"],"yoast_head":"<!-- This site is optimized with the Yoast SEO Premium plugin v27.0 (Yoast SEO v27.0) - https:\/\/yoast.com\/product\/yoast-seo-premium-wordpress\/ -->\n<title>Ringier Medien Schweiz \u00fcbernimmt AdUnit: Strategischer Ausbau der regionalen und digitalen Werbevermarktung bei Ringier Advertising - Ringier<\/title>\n<meta name=\"robots\" content=\"index, follow, max-snippet:-1, max-image-preview:large, max-video-preview:-1\" \/>\n<link rel=\"canonical\" href=\"https:\/\/www.ringier.com\/de\/ringier-medien-schweiz-uebernimmt-adunit-strategischer-ausbau-der-regionalen-und-digitalen-werbevermarktung-neu-bei-ringier-advertising\/\" \/>\n<meta property=\"og:locale\" content=\"de_DE\" \/>\n<meta property=\"og:type\" content=\"article\" \/>\n<meta property=\"og:title\" content=\"Ringier Medien Schweiz \u00fcbernimmt AdUnit: Strategischer Ausbau der regionalen und digitalen Werbevermarktung bei Ringier Advertising\" \/>\n<meta property=\"og:description\" content=\"Ringier Medien Schweiz (RMS) \u00fcbernimmt per 1. M\u00e4rz 2026 die AdUnit, bislang eine Tochter der Goldbach Group, die zur TX Group geh\u00f6rt.\" \/>\n<meta property=\"og:url\" content=\"https:\/\/www.ringier.com\/de\/ringier-medien-schweiz-uebernimmt-adunit-strategischer-ausbau-der-regionalen-und-digitalen-werbevermarktung-neu-bei-ringier-advertising\/\" \/>\n<meta property=\"og:site_name\" content=\"Ringier\" \/>\n<meta property=\"article:publisher\" content=\"https:\/\/www.facebook.com\/ringierag\/\" \/>\n<meta property=\"article:published_time\" content=\"2026-02-05T09:00:00+00:00\" \/>\n<meta property=\"article:modified_time\" content=\"2026-03-16T09:31:41+00:00\" \/>\n<meta property=\"og:image\" content=\"https:\/\/www.ringier.com\/wp-content\/uploads\/2026\/02\/AdUnit-Ringier-Medien-Schweiz-Web-1.png\" \/>\n\t<meta property=\"og:image:width\" content=\"1200\" \/>\n\t<meta property=\"og:image:height\" content=\"630\" \/>\n\t<meta property=\"og:image:type\" content=\"image\/png\" \/>\n<meta name=\"author\" content=\"Daniel Riedel\" \/>\n<meta name=\"twitter:card\" content=\"summary_large_image\" \/>\n<meta name=\"twitter:creator\" content=\"@ringier_ag\" \/>\n<meta name=\"twitter:site\" content=\"@ringier_ag\" \/>\n<meta name=\"twitter:label1\" content=\"Verfasst von\" \/>\n\t<meta name=\"twitter:data1\" content=\"Daniel Riedel\" \/>\n\t<meta name=\"twitter:label2\" content=\"Gesch\u00e4tzte Lesezeit\" \/>\n\t<meta name=\"twitter:data2\" content=\"3 Minuten\" \/>\n<script type=\"application\/ld+json\" class=\"yoast-schema-graph\">{\"@context\":\"https:\/\/schema.org\",\"@graph\":[{\"@type\":\"Article\",\"@id\":\"https:\/\/www.ringier.com\/de\/ringier-medien-schweiz-uebernimmt-adunit-strategischer-ausbau-der-regionalen-und-digitalen-werbevermarktung-neu-bei-ringier-advertising\/#article\",\"isPartOf\":{\"@id\":\"https:\/\/www.ringier.com\/de\/ringier-medien-schweiz-uebernimmt-adunit-strategischer-ausbau-der-regionalen-und-digitalen-werbevermarktung-neu-bei-ringier-advertising\/\"},\"author\":{\"name\":\"Daniel Riedel\",\"@id\":\"https:\/\/www.ringier.com\/de\/#\/schema\/person\/8964baeac69afce83241bba955ead209\"},\"headline\":\"Ringier Medien Schweiz \u00fcbernimmt AdUnit: Strategischer Ausbau der regionalen und digitalen Werbevermarktung bei Ringier Advertising\",\"datePublished\":\"2026-02-05T09:00:00+00:00\",\"dateModified\":\"2026-03-16T09:31:41+00:00\",\"mainEntityOfPage\":{\"@id\":\"https:\/\/www.ringier.com\/de\/ringier-medien-schweiz-uebernimmt-adunit-strategischer-ausbau-der-regionalen-und-digitalen-werbevermarktung-neu-bei-ringier-advertising\/\"},\"wordCount\":420,\"publisher\":{\"@id\":\"https:\/\/www.ringier.com\/de\/#organization\"},\"image\":{\"@id\":\"https:\/\/www.ringier.com\/de\/ringier-medien-schweiz-uebernimmt-adunit-strategischer-ausbau-der-regionalen-und-digitalen-werbevermarktung-neu-bei-ringier-advertising\/#primaryimage\"},\"thumbnailUrl\":\"https:\/\/www.ringier.com\/wp-content\/uploads\/2026\/02\/AdUnit-Ringier-Medien-Schweiz-Web-1.png\",\"articleSection\":[\"Media\",\"Ringier Medien Schweiz\"],\"inLanguage\":\"de-DE\"},{\"@type\":\"WebPage\",\"@id\":\"https:\/\/www.ringier.com\/de\/ringier-medien-schweiz-uebernimmt-adunit-strategischer-ausbau-der-regionalen-und-digitalen-werbevermarktung-neu-bei-ringier-advertising\/\",\"url\":\"https:\/\/www.ringier.com\/de\/ringier-medien-schweiz-uebernimmt-adunit-strategischer-ausbau-der-regionalen-und-digitalen-werbevermarktung-neu-bei-ringier-advertising\/\",\"name\":\"Ringier Medien Schweiz \u00fcbernimmt AdUnit: Strategischer Ausbau der regionalen und digitalen Werbevermarktung bei Ringier Advertising - Ringier\",\"isPartOf\":{\"@id\":\"https:\/\/www.ringier.com\/de\/#website\"},\"primaryImageOfPage\":{\"@id\":\"https:\/\/www.ringier.com\/de\/ringier-medien-schweiz-uebernimmt-adunit-strategischer-ausbau-der-regionalen-und-digitalen-werbevermarktung-neu-bei-ringier-advertising\/#primaryimage\"},\"image\":{\"@id\":\"https:\/\/www.ringier.com\/de\/ringier-medien-schweiz-uebernimmt-adunit-strategischer-ausbau-der-regionalen-und-digitalen-werbevermarktung-neu-bei-ringier-advertising\/#primaryimage\"},\"thumbnailUrl\":\"https:\/\/www.ringier.com\/wp-content\/uploads\/2026\/02\/AdUnit-Ringier-Medien-Schweiz-Web-1.png\",\"datePublished\":\"2026-02-05T09:00:00+00:00\",\"dateModified\":\"2026-03-16T09:31:41+00:00\",\"breadcrumb\":{\"@id\":\"https:\/\/www.ringier.com\/de\/ringier-medien-schweiz-uebernimmt-adunit-strategischer-ausbau-der-regionalen-und-digitalen-werbevermarktung-neu-bei-ringier-advertising\/#breadcrumb\"},\"inLanguage\":\"de-DE\",\"potentialAction\":[{\"@type\":\"ReadAction\",\"target\":[\"https:\/\/www.ringier.com\/de\/ringier-medien-schweiz-uebernimmt-adunit-strategischer-ausbau-der-regionalen-und-digitalen-werbevermarktung-neu-bei-ringier-advertising\/\"]}]},{\"@type\":\"ImageObject\",\"inLanguage\":\"de-DE\",\"@id\":\"https:\/\/www.ringier.com\/de\/ringier-medien-schweiz-uebernimmt-adunit-strategischer-ausbau-der-regionalen-und-digitalen-werbevermarktung-neu-bei-ringier-advertising\/#primaryimage\",\"url\":\"https:\/\/www.ringier.com\/wp-content\/uploads\/2026\/02\/AdUnit-Ringier-Medien-Schweiz-Web-1.png\",\"contentUrl\":\"https:\/\/www.ringier.com\/wp-content\/uploads\/2026\/02\/AdUnit-Ringier-Medien-Schweiz-Web-1.png\",\"width\":1200,\"height\":630},{\"@type\":\"BreadcrumbList\",\"@id\":\"https:\/\/www.ringier.com\/de\/ringier-medien-schweiz-uebernimmt-adunit-strategischer-ausbau-der-regionalen-und-digitalen-werbevermarktung-neu-bei-ringier-advertising\/#breadcrumb\",\"itemListElement\":[{\"@type\":\"ListItem\",\"position\":1,\"name\":\"Home\",\"item\":\"https:\/\/www.ringier.com\/de\/\"},{\"@type\":\"ListItem\",\"position\":2,\"name\":\"Ringier Medien Schweiz \u00fcbernimmt AdUnit: Strategischer Ausbau der regionalen und digitalen Werbevermarktung bei Ringier Advertising\"}]},{\"@type\":\"WebSite\",\"@id\":\"https:\/\/www.ringier.com\/de\/#website\",\"url\":\"https:\/\/www.ringier.com\/de\/\",\"name\":\"Ringier\",\"description\":\"We inform. We entertain. We connect\",\"publisher\":{\"@id\":\"https:\/\/www.ringier.com\/de\/#organization\"},\"potentialAction\":[{\"@type\":\"SearchAction\",\"target\":{\"@type\":\"EntryPoint\",\"urlTemplate\":\"https:\/\/www.ringier.com\/de\/?s={search_term_string}\"},\"query-input\":{\"@type\":\"PropertyValueSpecification\",\"valueRequired\":true,\"valueName\":\"search_term_string\"}}],\"inLanguage\":\"de-DE\"},{\"@type\":\"Organization\",\"@id\":\"https:\/\/www.ringier.com\/de\/#organization\",\"name\":\"Ringier\",\"url\":\"https:\/\/www.ringier.com\/de\/\",\"logo\":{\"@type\":\"ImageObject\",\"inLanguage\":\"de-DE\",\"@id\":\"https:\/\/www.ringier.com\/de\/#\/schema\/logo\/image\/\",\"url\":\"https:\/\/www.ringier.com\/wp-content\/uploads\/2021\/10\/ringier_logo_2.jpg\",\"contentUrl\":\"https:\/\/www.ringier.com\/wp-content\/uploads\/2021\/10\/ringier_logo_2.jpg\",\"width\":750,\"height\":550,\"caption\":\"Ringier\"},\"image\":{\"@id\":\"https:\/\/www.ringier.com\/de\/#\/schema\/logo\/image\/\"},\"sameAs\":[\"https:\/\/www.facebook.com\/ringierag\/\",\"https:\/\/x.com\/ringier_ag\",\"https:\/\/www.instagram.com\/ringier_ag\/\",\"https:\/\/www.linkedin.com\/company\/ringier\/\",\"https:\/\/www.youtube.com\/user\/RingierComm\",\"https:\/\/en.wikipedia.org\/wiki\/Ringier\",\"https:\/\/de.wikipedia.org\/wiki\/Ringier\",\"https:\/\/fr.wikipedia.org\/wiki\/Ringier\",\"https:\/\/www.crunchbase.com\/organization\/ringier-ag\"]},{\"@type\":\"Person\",\"@id\":\"https:\/\/www.ringier.com\/de\/#\/schema\/person\/8964baeac69afce83241bba955ead209\",\"name\":\"Daniel Riedel\",\"image\":{\"@type\":\"ImageObject\",\"inLanguage\":\"de-DE\",\"@id\":\"https:\/\/www.ringier.com\/de\/#\/schema\/person\/image\/\",\"url\":\"https:\/\/secure.gravatar.com\/avatar\/cfc82725753b1d3127115674c6a217a055615a4fd56310535a53bb85fee4ee4d?s=96&d=mm&r=g\",\"contentUrl\":\"https:\/\/secure.gravatar.com\/avatar\/cfc82725753b1d3127115674c6a217a055615a4fd56310535a53bb85fee4ee4d?s=96&d=mm&r=g\",\"caption\":\"Daniel Riedel\"},\"sameAs\":[\"http:\/\/ringier.com\"]}]}<\/script>\n<!-- \/ Yoast SEO Premium plugin. -->","yoast_head_json":{"title":"Ringier Medien Schweiz \u00fcbernimmt AdUnit: Strategischer Ausbau der regionalen und digitalen Werbevermarktung bei Ringier Advertising - Ringier","robots":{"index":"index","follow":"follow","max-snippet":"max-snippet:-1","max-image-preview":"max-image-preview:large","max-video-preview":"max-video-preview:-1"},"canonical":"https:\/\/www.ringier.com\/de\/ringier-medien-schweiz-uebernimmt-adunit-strategischer-ausbau-der-regionalen-und-digitalen-werbevermarktung-neu-bei-ringier-advertising\/","og_locale":"de_DE","og_type":"article","og_title":"Ringier Medien Schweiz \u00fcbernimmt AdUnit: Strategischer Ausbau der regionalen und digitalen Werbevermarktung bei Ringier Advertising","og_description":"Ringier Medien Schweiz (RMS) \u00fcbernimmt per 1. M\u00e4rz 2026 die AdUnit, bislang eine Tochter der Goldbach Group, die zur TX Group geh\u00f6rt.","og_url":"https:\/\/www.ringier.com\/de\/ringier-medien-schweiz-uebernimmt-adunit-strategischer-ausbau-der-regionalen-und-digitalen-werbevermarktung-neu-bei-ringier-advertising\/","og_site_name":"Ringier","article_publisher":"https:\/\/www.facebook.com\/ringierag\/","article_published_time":"2026-02-05T09:00:00+00:00","article_modified_time":"2026-03-16T09:31:41+00:00","og_image":[{"width":1200,"height":630,"url":"https:\/\/www.ringier.com\/wp-content\/uploads\/2026\/02\/AdUnit-Ringier-Medien-Schweiz-Web-1.png","type":"image\/png"}],"author":"Daniel Riedel","twitter_card":"summary_large_image","twitter_creator":"@ringier_ag","twitter_site":"@ringier_ag","twitter_misc":{"Verfasst von":"Daniel Riedel","Gesch\u00e4tzte Lesezeit":"3 Minuten"},"schema":{"@context":"https:\/\/schema.org","@graph":[{"@type":"Article","@id":"https:\/\/www.ringier.com\/de\/ringier-medien-schweiz-uebernimmt-adunit-strategischer-ausbau-der-regionalen-und-digitalen-werbevermarktung-neu-bei-ringier-advertising\/#article","isPartOf":{"@id":"https:\/\/www.ringier.com\/de\/ringier-medien-schweiz-uebernimmt-adunit-strategischer-ausbau-der-regionalen-und-digitalen-werbevermarktung-neu-bei-ringier-advertising\/"},"author":{"name":"Daniel Riedel","@id":"https:\/\/www.ringier.com\/de\/#\/schema\/person\/8964baeac69afce83241bba955ead209"},"headline":"Ringier Medien Schweiz \u00fcbernimmt AdUnit: Strategischer Ausbau der regionalen und digitalen Werbevermarktung bei Ringier Advertising","datePublished":"2026-02-05T09:00:00+00:00","dateModified":"2026-03-16T09:31:41+00:00","mainEntityOfPage":{"@id":"https:\/\/www.ringier.com\/de\/ringier-medien-schweiz-uebernimmt-adunit-strategischer-ausbau-der-regionalen-und-digitalen-werbevermarktung-neu-bei-ringier-advertising\/"},"wordCount":420,"publisher":{"@id":"https:\/\/www.ringier.com\/de\/#organization"},"image":{"@id":"https:\/\/www.ringier.com\/de\/ringier-medien-schweiz-uebernimmt-adunit-strategischer-ausbau-der-regionalen-und-digitalen-werbevermarktung-neu-bei-ringier-advertising\/#primaryimage"},"thumbnailUrl":"https:\/\/www.ringier.com\/wp-content\/uploads\/2026\/02\/AdUnit-Ringier-Medien-Schweiz-Web-1.png","articleSection":["Media","Ringier Medien Schweiz"],"inLanguage":"de-DE"},{"@type":"WebPage","@id":"https:\/\/www.ringier.com\/de\/ringier-medien-schweiz-uebernimmt-adunit-strategischer-ausbau-der-regionalen-und-digitalen-werbevermarktung-neu-bei-ringier-advertising\/","url":"https:\/\/www.ringier.com\/de\/ringier-medien-schweiz-uebernimmt-adunit-strategischer-ausbau-der-regionalen-und-digitalen-werbevermarktung-neu-bei-ringier-advertising\/","name":"Ringier Medien Schweiz \u00fcbernimmt AdUnit: Strategischer Ausbau der regionalen und digitalen Werbevermarktung bei Ringier Advertising - Ringier","isPartOf":{"@id":"https:\/\/www.ringier.com\/de\/#website"},"primaryImageOfPage":{"@id":"https:\/\/www.ringier.com\/de\/ringier-medien-schweiz-uebernimmt-adunit-strategischer-ausbau-der-regionalen-und-digitalen-werbevermarktung-neu-bei-ringier-advertising\/#primaryimage"},"image":{"@id":"https:\/\/www.ringier.com\/de\/ringier-medien-schweiz-uebernimmt-adunit-strategischer-ausbau-der-regionalen-und-digitalen-werbevermarktung-neu-bei-ringier-advertising\/#primaryimage"},"thumbnailUrl":"https:\/\/www.ringier.com\/wp-content\/uploads\/2026\/02\/AdUnit-Ringier-Medien-Schweiz-Web-1.png","datePublished":"2026-02-05T09:00:00+00:00","dateModified":"2026-03-16T09:31:41+00:00","breadcrumb":{"@id":"https:\/\/www.ringier.com\/de\/ringier-medien-schweiz-uebernimmt-adunit-strategischer-ausbau-der-regionalen-und-digitalen-werbevermarktung-neu-bei-ringier-advertising\/#breadcrumb"},"inLanguage":"de-DE","potentialAction":[{"@type":"ReadAction","target":["https:\/\/www.ringier.com\/de\/ringier-medien-schweiz-uebernimmt-adunit-strategischer-ausbau-der-regionalen-und-digitalen-werbevermarktung-neu-bei-ringier-advertising\/"]}]},{"@type":"ImageObject","inLanguage":"de-DE","@id":"https:\/\/www.ringier.com\/de\/ringier-medien-schweiz-uebernimmt-adunit-strategischer-ausbau-der-regionalen-und-digitalen-werbevermarktung-neu-bei-ringier-advertising\/#primaryimage","url":"https:\/\/www.ringier.com\/wp-content\/uploads\/2026\/02\/AdUnit-Ringier-Medien-Schweiz-Web-1.png","contentUrl":"https:\/\/www.ringier.com\/wp-content\/uploads\/2026\/02\/AdUnit-Ringier-Medien-Schweiz-Web-1.png","width":1200,"height":630},{"@type":"BreadcrumbList","@id":"https:\/\/www.ringier.com\/de\/ringier-medien-schweiz-uebernimmt-adunit-strategischer-ausbau-der-regionalen-und-digitalen-werbevermarktung-neu-bei-ringier-advertising\/#breadcrumb","itemListElement":[{"@type":"ListItem","position":1,"name":"Home","item":"https:\/\/www.ringier.com\/de\/"},{"@type":"ListItem","position":2,"name":"Ringier Medien Schweiz \u00fcbernimmt AdUnit: Strategischer Ausbau der regionalen und digitalen Werbevermarktung bei Ringier Advertising"}]},{"@type":"WebSite","@id":"https:\/\/www.ringier.com\/de\/#website","url":"https:\/\/www.ringier.com\/de\/","name":"Ringier","description":"We inform. We entertain. We connect","publisher":{"@id":"https:\/\/www.ringier.com\/de\/#organization"},"potentialAction":[{"@type":"SearchAction","target":{"@type":"EntryPoint","urlTemplate":"https:\/\/www.ringier.com\/de\/?s={search_term_string}"},"query-input":{"@type":"PropertyValueSpecification","valueRequired":true,"valueName":"search_term_string"}}],"inLanguage":"de-DE"},{"@type":"Organization","@id":"https:\/\/www.ringier.com\/de\/#organization","name":"Ringier","url":"https:\/\/www.ringier.com\/de\/","logo":{"@type":"ImageObject","inLanguage":"de-DE","@id":"https:\/\/www.ringier.com\/de\/#\/schema\/logo\/image\/","url":"https:\/\/www.ringier.com\/wp-content\/uploads\/2021\/10\/ringier_logo_2.jpg","contentUrl":"https:\/\/www.ringier.com\/wp-content\/uploads\/2021\/10\/ringier_logo_2.jpg","width":750,"height":550,"caption":"Ringier"},"image":{"@id":"https:\/\/www.ringier.com\/de\/#\/schema\/logo\/image\/"},"sameAs":["https:\/\/www.facebook.com\/ringierag\/","https:\/\/x.com\/ringier_ag","https:\/\/www.instagram.com\/ringier_ag\/","https:\/\/www.linkedin.com\/company\/ringier\/","https:\/\/www.youtube.com\/user\/RingierComm","https:\/\/en.wikipedia.org\/wiki\/Ringier","https:\/\/de.wikipedia.org\/wiki\/Ringier","https:\/\/fr.wikipedia.org\/wiki\/Ringier","https:\/\/www.crunchbase.com\/organization\/ringier-ag"]},{"@type":"Person","@id":"https:\/\/www.ringier.com\/de\/#\/schema\/person\/8964baeac69afce83241bba955ead209","name":"Daniel Riedel","image":{"@type":"ImageObject","inLanguage":"de-DE","@id":"https:\/\/www.ringier.com\/de\/#\/schema\/person\/image\/","url":"https:\/\/secure.gravatar.com\/avatar\/cfc82725753b1d3127115674c6a217a055615a4fd56310535a53bb85fee4ee4d?s=96&d=mm&r=g","contentUrl":"https:\/\/secure.gravatar.com\/avatar\/cfc82725753b1d3127115674c6a217a055615a4fd56310535a53bb85fee4ee4d?s=96&d=mm&r=g","caption":"Daniel Riedel"},"sameAs":["http:\/\/ringier.com"]}]}},"_links":{"self":[{"href":"https:\/\/www.ringier.com\/de\/wp-json\/wp\/v2\/posts\/23365","targetHints":{"allow":["GET"]}}],"collection":[{"href":"https:\/\/www.ringier.com\/de\/wp-json\/wp\/v2\/posts"}],"about":[{"href":"https:\/\/www.ringier.com\/de\/wp-json\/wp\/v2\/types\/post"}],"author":[{"embeddable":true,"href":"https:\/\/www.ringier.com\/de\/wp-json\/wp\/v2\/users\/33"}],"replies":[{"embeddable":true,"href":"https:\/\/www.ringier.com\/de\/wp-json\/wp\/v2\/comments?post=23365"}],"version-history":[{"count":0,"href":"https:\/\/www.ringier.com\/de\/wp-json\/wp\/v2\/posts\/23365\/revisions"}],"wp:featuredmedia":[{"embeddable":true,"href":"https:\/\/www.ringier.com\/de\/wp-json\/wp\/v2\/media\/23366"}],"wp:attachment":[{"href":"https:\/\/www.ringier.com\/de\/wp-json\/wp\/v2\/media?parent=23365"}],"wp:term":[{"taxonomy":"category","embeddable":true,"href":"https:\/\/www.ringier.com\/de\/wp-json\/wp\/v2\/categories?post=23365"},{"taxonomy":"post_tag","embeddable":true,"href":"https:\/\/www.ringier.com\/de\/wp-json\/wp\/v2\/tags?post=23365"}],"curies":[{"name":"wp","href":"https:\/\/api.w.org\/{rel}","templated":true}]}}